{"id":29912,"date":"2025-10-15T17:26:37","date_gmt":"2025-10-15T20:26:37","guid":{"rendered":"https:\/\/agenciainfra.com\/blog\/?p=29912"},"modified":"2025-10-15T20:25:13","modified_gmt":"2025-10-15T23:25:13","slug":"mp-1-304-braga-diz-que-fernando-coelho-filho-sera-correlator","status":"publish","type":"post","link":"https:\/\/agenciainfra.com\/blog\/mp-1-304-braga-diz-que-fernando-coelho-filho-sera-correlator\/","title":{"rendered":"MP 1.304: Braga diz que Fernando Coelho Filho ser\u00e1 &#8220;correlator&#8221;"},"content":{"rendered":"\n<p class=\"has-text-align-right\"><strong>Geraldo Campos Jr. e Lais Carregosa, da Ag\u00eancia iNFRA<\/strong><\/p>\n\n\n\n<p>O relator da MP (Medida Provis\u00f3ria) 1.304, senador Eduardo Braga (MDB-AM), afirmou nesta quarta-feira (15) que o deputado Fernando Coelho Filho (Uni\u00e3o-PE) ser\u00e1 \u201ccorrelator\u201d da proposta. Coelho \u00e9 presidente da comiss\u00e3o mista da MP 1.304. Os dois alternaram pap\u00e9is nas comiss\u00f5es das MPs do setor el\u00e9trico, com o deputado relatando a MP 1.300, da Tarifa Social de Energia.<\/p>\n\n\n\n<p>\u201c\u00c0quela altura assumimos o compromisso de que esse relat\u00f3rio seria feito a muitas m\u00e3os, mas finalizado a quatro m\u00e3os, portanto Fernando Coelho Filho ser\u00e1 correlator\u201d, declarou o senador em discurso durante audi\u00eancia p\u00fablica na comiss\u00e3o mista.<\/p>\n\n\n\n<p>Braga afirmou ainda que \u201cse quisermos salvar o sistema, cada um dos segmentos ter\u00e1 que contribuir com a sua parte\u201d e que essa ser\u00e1 uma busca do seu relat\u00f3rio. \u201cClaro que respeitando os contratos. Ningu\u00e9m vai rasgar contrato. Mas temos sim espa\u00e7o\u201d. O relator ainda afirmou que a solu\u00e7\u00e3o para o problema do excesso de gera\u00e7\u00e3o, que provoca o curtailment, ser\u00e1 sinal de pre\u00e7o e armazenamento.<\/p>\n\n\n\n<p><\/p>\n","protected":false},"excerpt":{"rendered":"<p>Geraldo Campos Jr. e Lais Carregosa, da Ag\u00eancia iNFRA O relator da MP (Medida Provis\u00f3ria) 1.304, senador Eduardo Braga (MDB-AM), afirmou nesta quarta-feira (15) que o deputado Fernando Coelho Filho (Uni\u00e3o-PE) ser\u00e1 \u201ccorrelator\u201d da proposta. Coelho \u00e9 presidente da comiss\u00e3o mista da MP 1.304. Os dois alternaram pap\u00e9is nas comiss\u00f5es das MPs do setor el\u00e9trico, [&hellip;]<\/p>\n","protected":false},"author":1,"featured_media":27128,"comment_status":"closed","ping_status":"closed","sticky":false,"template":"","format":"standard","meta":{"_monsterinsights_skip_tracking":false,"_monsterinsights_sitenote_active":false,"_monsterinsights_sitenote_note":"","_monsterinsights_sitenote_category":0,"footnotes":""},"categories":[1,10],"tags":[305,548,779,11474,1252,282,1254,2803,11624,13132,44,76,13647,15971,7222,4354,54,13059,7142],"class_list":["post-29912","post","type-post","status-publish","format-standard","has-post-thumbnail","hentry","category-geral","category-infraenergia","tag-camara-dos-deputados","tag-comissao-mista","tag-congresso-nacional","tag-curtailment","tag-eduardo-braga","tag-energia-eletrica","tag-fernando-coelho-filho","tag-geracao-de-energia","tag-geraldo-campos-jr-2","tag-lais-carregosa","tag-mdb","tag-medida-provisoria","tag-mp-1300","tag-mp-1304","tag-relatorio","tag-senado-federal","tag-setor-eletrico","tag-tarifa-social-de-energia","tag-uniao-brasil"],"yoast_head":"<!-- This site is optimized with the Yoast SEO Premium plugin v25.4 (Yoast SEO v26.0) - https:\/\/yoast.com\/wordpress\/plugins\/seo\/ -->\n<title>MP 1.304: Braga diz que Fernando Coelho Filho ser\u00e1 &quot;correlator&quot; - Ag\u00eancia iNFRA<\/title>\n<meta name=\"robots\" content=\"index, follow, max-snippet:-1, max-image-preview:large, max-video-preview:-1\" \/>\n<link rel=\"canonical\" href=\"https:\/\/agenciainfra.com\/blog\/mp-1-304-braga-diz-que-fernando-coelho-filho-sera-correlator\/\" \/>\n<meta property=\"og:locale\" content=\"pt_BR\" \/>\n<meta property=\"og:type\" content=\"article\" \/>\n<meta property=\"og:title\" content=\"MP 1.304: Braga diz que Fernando Coelho Filho ser\u00e1 &quot;correlator&quot;\" \/>\n<meta property=\"og:description\" content=\"Geraldo Campos Jr. e Lais Carregosa, da Ag\u00eancia iNFRA O relator da MP (Medida Provis\u00f3ria) 1.304, senador Eduardo Braga (MDB-AM), afirmou nesta quarta-feira (15) que o deputado Fernando Coelho Filho (Uni\u00e3o-PE) ser\u00e1 \u201ccorrelator\u201d da proposta. Coelho \u00e9 presidente da comiss\u00e3o mista da MP 1.304. Os dois alternaram pap\u00e9is nas comiss\u00f5es das MPs do setor el\u00e9trico, [&hellip;]\" \/>\n<meta property=\"og:url\" content=\"https:\/\/agenciainfra.com\/blog\/mp-1-304-braga-diz-que-fernando-coelho-filho-sera-correlator\/\" \/>\n<meta property=\"og:site_name\" content=\"Ag\u00eancia iNFRA\" \/>\n<meta property=\"article:publisher\" content=\"https:\/\/www.facebook.com\/ageninfra\" \/>\n<meta property=\"article:published_time\" content=\"2025-10-15T20:26:37+00:00\" \/>\n<meta property=\"article:modified_time\" content=\"2025-10-15T23:25:13+00:00\" \/>\n<meta property=\"og:image\" content=\"https:\/\/agenciainfra.com\/blog\/wp-content\/uploads\/2025\/09\/fernando-coelho-filho-foto-waldemir-barreto-agencia-senado.jpg\" \/>\n\t<meta property=\"og:image:width\" content=\"1280\" \/>\n\t<meta property=\"og:image:height\" content=\"853\" \/>\n\t<meta property=\"og:image:type\" content=\"image\/jpeg\" \/>\n<meta name=\"author\" content=\"Ag\u00eancia iNFRA\" \/>\n<meta name=\"twitter:card\" content=\"summary_large_image\" \/>\n<meta name=\"twitter:creator\" content=\"@agencia_infra\" \/>\n<meta name=\"twitter:site\" content=\"@agencia_infra\" \/>\n<meta name=\"twitter:label1\" content=\"Escrito por\" \/>\n\t<meta name=\"twitter:data1\" content=\"Ag\u00eancia iNFRA\" \/>\n\t<meta name=\"twitter:label2\" content=\"Est. tempo de leitura\" \/>\n\t<meta name=\"twitter:data2\" content=\"1 minuto\" \/>\n<script type=\"application\/ld+json\" class=\"yoast-schema-graph\">{\"@context\":\"https:\/\/schema.org\",\"@graph\":[{\"@type\":\"Article\",\"@id\":\"https:\/\/agenciainfra.com\/blog\/mp-1-304-braga-diz-que-fernando-coelho-filho-sera-correlator\/#article\",\"isPartOf\":{\"@id\":\"https:\/\/agenciainfra.com\/blog\/mp-1-304-braga-diz-que-fernando-coelho-filho-sera-correlator\/\"},\"author\":{\"name\":\"Ag\u00eancia iNFRA\",\"@id\":\"https:\/\/agenciainfra.com\/blog\/#\/schema\/person\/34af08dff6adea4cb22b06612ba7acfa\"},\"headline\":\"MP 1.304: Braga diz que Fernando Coelho Filho ser\u00e1 &#8220;correlator&#8221;\",\"datePublished\":\"2025-10-15T20:26:37+00:00\",\"dateModified\":\"2025-10-15T23:25:13+00:00\",\"mainEntityOfPage\":{\"@id\":\"https:\/\/agenciainfra.com\/blog\/mp-1-304-braga-diz-que-fernando-coelho-filho-sera-correlator\/\"},\"wordCount\":192,\"publisher\":{\"@id\":\"https:\/\/agenciainfra.com\/blog\/#organization\"},\"image\":{\"@id\":\"https:\/\/agenciainfra.com\/blog\/mp-1-304-braga-diz-que-fernando-coelho-filho-sera-correlator\/#primaryimage\"},\"thumbnailUrl\":\"https:\/\/agenciainfra.com\/blog\/wp-content\/uploads\/2025\/09\/fernando-coelho-filho-foto-waldemir-barreto-agencia-senado.jpg\",\"keywords\":[\"C\u00e2mara dos Deputados\",\"Comiss\u00e3o mista\",\"Congresso Nacional\",\"curtailment\",\"Eduardo Braga\",\"energia el\u00e9trica\",\"Fernando Coelho Filho\",\"gera\u00e7\u00e3o de energia\",\"Geraldo Campos Jr\",\"Lais Carregosa\",\"MDB\",\"Medida Provis\u00f3ria\",\"MP 1300\",\"MP 1304\",\"relat\u00f3rio\",\"Senado Federal\",\"Setor El\u00e9trico\",\"tarifa social de energia\",\"Uni\u00e3o Brasil\"],\"articleSection\":[\"Geral\",\"iNFRAEnergia\"],\"inLanguage\":\"pt-BR\",\"copyrightYear\":\"2025\",\"copyrightHolder\":{\"@id\":\"https:\/\/agenciainfra.com\/blog\/#organization\"}},{\"@type\":\"WebPage\",\"@id\":\"https:\/\/agenciainfra.com\/blog\/mp-1-304-braga-diz-que-fernando-coelho-filho-sera-correlator\/\",\"url\":\"https:\/\/agenciainfra.com\/blog\/mp-1-304-braga-diz-que-fernando-coelho-filho-sera-correlator\/\",\"name\":\"MP 1.304: Braga diz que Fernando Coelho Filho ser\u00e1 \\\"correlator\\\" - Ag\u00eancia iNFRA\",\"isPartOf\":{\"@id\":\"https:\/\/agenciainfra.com\/blog\/#website\"},\"primaryImageOfPage\":{\"@id\":\"https:\/\/agenciainfra.com\/blog\/mp-1-304-braga-diz-que-fernando-coelho-filho-sera-correlator\/#primaryimage\"},\"image\":{\"@id\":\"https:\/\/agenciainfra.com\/blog\/mp-1-304-braga-diz-que-fernando-coelho-filho-sera-correlator\/#primaryimage\"},\"thumbnailUrl\":\"https:\/\/agenciainfra.com\/blog\/wp-content\/uploads\/2025\/09\/fernando-coelho-filho-foto-waldemir-barreto-agencia-senado.jpg\",\"datePublished\":\"2025-10-15T20:26:37+00:00\",\"dateModified\":\"2025-10-15T23:25:13+00:00\",\"breadcrumb\":{\"@id\":\"https:\/\/agenciainfra.com\/blog\/mp-1-304-braga-diz-que-fernando-coelho-filho-sera-correlator\/#breadcrumb\"},\"inLanguage\":\"pt-BR\",\"potentialAction\":[{\"@type\":\"ReadAction\",\"target\":[\"https:\/\/agenciainfra.com\/blog\/mp-1-304-braga-diz-que-fernando-coelho-filho-sera-correlator\/\"]}]},{\"@type\":\"ImageObject\",\"inLanguage\":\"pt-BR\",\"@id\":\"https:\/\/agenciainfra.com\/blog\/mp-1-304-braga-diz-que-fernando-coelho-filho-sera-correlator\/#primaryimage\",\"url\":\"https:\/\/agenciainfra.com\/blog\/wp-content\/uploads\/2025\/09\/fernando-coelho-filho-foto-waldemir-barreto-agencia-senado.jpg\",\"contentUrl\":\"https:\/\/agenciainfra.com\/blog\/wp-content\/uploads\/2025\/09\/fernando-coelho-filho-foto-waldemir-barreto-agencia-senado.jpg\",\"width\":1280,\"height\":853,\"caption\":\"Foto: Waldemir Barreto\/Ag\u00eancia Senado\"},{\"@type\":\"BreadcrumbList\",\"@id\":\"https:\/\/agenciainfra.com\/blog\/mp-1-304-braga-diz-que-fernando-coelho-filho-sera-correlator\/#breadcrumb\",\"itemListElement\":[{\"@type\":\"ListItem\",\"position\":1,\"name\":\"In\u00edcio\",\"item\":\"https:\/\/agenciainfra.com\/blog\/\"},{\"@type\":\"ListItem\",\"position\":2,\"name\":\"MP 1.304: Braga diz que Fernando Coelho Filho ser\u00e1 &#8220;correlator&#8221;\"}]},{\"@type\":\"WebSite\",\"@id\":\"https:\/\/agenciainfra.com\/blog\/#website\",\"url\":\"https:\/\/agenciainfra.com\/blog\/\",\"name\":\"Ag\u00eancia iNFRA\",\"description\":\"Multiplataforma de informa\u00e7\u00e3o jornal\u00edstica refer\u00eancia na \u00e1rea de infraestrutura no Brasil!\",\"publisher\":{\"@id\":\"https:\/\/agenciainfra.com\/blog\/#organization\"},\"potentialAction\":[{\"@type\":\"SearchAction\",\"target\":{\"@type\":\"EntryPoint\",\"urlTemplate\":\"https:\/\/agenciainfra.com\/blog\/?s={search_term_string}\"},\"query-input\":{\"@type\":\"PropertyValueSpecification\",\"valueRequired\":true,\"valueName\":\"search_term_string\"}}],\"inLanguage\":\"pt-BR\"},{\"@type\":\"Organization\",\"@id\":\"https:\/\/agenciainfra.com\/blog\/#organization\",\"name\":\"Ag\u00eancia iNFRA\",\"url\":\"https:\/\/agenciainfra.com\/blog\/\",\"logo\":{\"@type\":\"ImageObject\",\"inLanguage\":\"pt-BR\",\"@id\":\"https:\/\/agenciainfra.com\/blog\/#\/schema\/logo\/image\/\",\"url\":\"https:\/\/agenciainfra.com\/blog\/wp-content\/uploads\/2023\/09\/iNFRA_5-e1761735885940.png\",\"contentUrl\":\"https:\/\/agenciainfra.com\/blog\/wp-content\/uploads\/2023\/09\/iNFRA_5-e1761735885940.png\",\"width\":1672,\"height\":454,\"caption\":\"Ag\u00eancia iNFRA\"},\"image\":{\"@id\":\"https:\/\/agenciainfra.com\/blog\/#\/schema\/logo\/image\/\"},\"sameAs\":[\"https:\/\/www.facebook.com\/ageninfra\",\"https:\/\/x.com\/agencia_infra\",\"https:\/\/www.linkedin.com\/company\/ag\u00eanciainfra\/\",\"https:\/\/www.instagram.com\/agenciainfra\/\"]},{\"@type\":\"Person\",\"@id\":\"https:\/\/agenciainfra.com\/blog\/#\/schema\/person\/34af08dff6adea4cb22b06612ba7acfa\",\"name\":\"Ag\u00eancia iNFRA\",\"image\":{\"@type\":\"ImageObject\",\"inLanguage\":\"pt-BR\",\"@id\":\"https:\/\/agenciainfra.com\/blog\/#\/schema\/person\/image\/\",\"url\":\"https:\/\/secure.gravatar.com\/avatar\/d189e01678f06d8eb84d4e01f08eb848b3fffe3f8443818d3c356c66892f5be8?s=96&d=mm&r=g\",\"contentUrl\":\"https:\/\/secure.gravatar.com\/avatar\/d189e01678f06d8eb84d4e01f08eb848b3fffe3f8443818d3c356c66892f5be8?s=96&d=mm&r=g\",\"caption\":\"Ag\u00eancia iNFRA\"},\"url\":\"https:\/\/agenciainfra.com\/blog\/author\/admin\/\"}]}<\/script>\n<!-- \/ Yoast SEO Premium plugin. -->","yoast_head_json":{"title":"MP 1.304: Braga diz que Fernando Coelho Filho ser\u00e1 \"correlator\" - Ag\u00eancia iNFRA","robots":{"index":"index","follow":"follow","max-snippet":"max-snippet:-1","max-image-preview":"max-image-preview:large","max-video-preview":"max-video-preview:-1"},"canonical":"https:\/\/agenciainfra.com\/blog\/mp-1-304-braga-diz-que-fernando-coelho-filho-sera-correlator\/","og_locale":"pt_BR","og_type":"article","og_title":"MP 1.304: Braga diz que Fernando Coelho Filho ser\u00e1 \"correlator\"","og_description":"Geraldo Campos Jr. e Lais Carregosa, da Ag\u00eancia iNFRA O relator da MP (Medida Provis\u00f3ria) 1.304, senador Eduardo Braga (MDB-AM), afirmou nesta quarta-feira (15) que o deputado Fernando Coelho Filho (Uni\u00e3o-PE) ser\u00e1 \u201ccorrelator\u201d da proposta. Coelho \u00e9 presidente da comiss\u00e3o mista da MP 1.304. Os dois alternaram pap\u00e9is nas comiss\u00f5es das MPs do setor el\u00e9trico, [&hellip;]","og_url":"https:\/\/agenciainfra.com\/blog\/mp-1-304-braga-diz-que-fernando-coelho-filho-sera-correlator\/","og_site_name":"Ag\u00eancia iNFRA","article_publisher":"https:\/\/www.facebook.com\/ageninfra","article_published_time":"2025-10-15T20:26:37+00:00","article_modified_time":"2025-10-15T23:25:13+00:00","og_image":[{"width":1280,"height":853,"url":"https:\/\/agenciainfra.com\/blog\/wp-content\/uploads\/2025\/09\/fernando-coelho-filho-foto-waldemir-barreto-agencia-senado.jpg","type":"image\/jpeg"}],"author":"Ag\u00eancia iNFRA","twitter_card":"summary_large_image","twitter_creator":"@agencia_infra","twitter_site":"@agencia_infra","twitter_misc":{"Escrito por":"Ag\u00eancia iNFRA","Est. tempo de leitura":"1 minuto"},"schema":{"@context":"https:\/\/schema.org","@graph":[{"@type":"Article","@id":"https:\/\/agenciainfra.com\/blog\/mp-1-304-braga-diz-que-fernando-coelho-filho-sera-correlator\/#article","isPartOf":{"@id":"https:\/\/agenciainfra.com\/blog\/mp-1-304-braga-diz-que-fernando-coelho-filho-sera-correlator\/"},"author":{"name":"Ag\u00eancia iNFRA","@id":"https:\/\/agenciainfra.com\/blog\/#\/schema\/person\/34af08dff6adea4cb22b06612ba7acfa"},"headline":"MP 1.304: Braga diz que Fernando Coelho Filho ser\u00e1 &#8220;correlator&#8221;","datePublished":"2025-10-15T20:26:37+00:00","dateModified":"2025-10-15T23:25:13+00:00","mainEntityOfPage":{"@id":"https:\/\/agenciainfra.com\/blog\/mp-1-304-braga-diz-que-fernando-coelho-filho-sera-correlator\/"},"wordCount":192,"publisher":{"@id":"https:\/\/agenciainfra.com\/blog\/#organization"},"image":{"@id":"https:\/\/agenciainfra.com\/blog\/mp-1-304-braga-diz-que-fernando-coelho-filho-sera-correlator\/#primaryimage"},"thumbnailUrl":"https:\/\/agenciainfra.com\/blog\/wp-content\/uploads\/2025\/09\/fernando-coelho-filho-foto-waldemir-barreto-agencia-senado.jpg","keywords":["C\u00e2mara dos Deputados","Comiss\u00e3o mista","Congresso Nacional","curtailment","Eduardo Braga","energia el\u00e9trica","Fernando Coelho Filho","gera\u00e7\u00e3o de energia","Geraldo Campos Jr","Lais Carregosa","MDB","Medida Provis\u00f3ria","MP 1300","MP 1304","relat\u00f3rio","Senado Federal","Setor El\u00e9trico","tarifa social de energia","Uni\u00e3o Brasil"],"articleSection":["Geral","iNFRAEnergia"],"inLanguage":"pt-BR","copyrightYear":"2025","copyrightHolder":{"@id":"https:\/\/agenciainfra.com\/blog\/#organization"}},{"@type":"WebPage","@id":"https:\/\/agenciainfra.com\/blog\/mp-1-304-braga-diz-que-fernando-coelho-filho-sera-correlator\/","url":"https:\/\/agenciainfra.com\/blog\/mp-1-304-braga-diz-que-fernando-coelho-filho-sera-correlator\/","name":"MP 1.304: Braga diz que Fernando Coelho Filho ser\u00e1 \"correlator\" - Ag\u00eancia iNFRA","isPartOf":{"@id":"https:\/\/agenciainfra.com\/blog\/#website"},"primaryImageOfPage":{"@id":"https:\/\/agenciainfra.com\/blog\/mp-1-304-braga-diz-que-fernando-coelho-filho-sera-correlator\/#primaryimage"},"image":{"@id":"https:\/\/agenciainfra.com\/blog\/mp-1-304-braga-diz-que-fernando-coelho-filho-sera-correlator\/#primaryimage"},"thumbnailUrl":"https:\/\/agenciainfra.com\/blog\/wp-content\/uploads\/2025\/09\/fernando-coelho-filho-foto-waldemir-barreto-agencia-senado.jpg","datePublished":"2025-10-15T20:26:37+00:00","dateModified":"2025-10-15T23:25:13+00:00","breadcrumb":{"@id":"https:\/\/agenciainfra.com\/blog\/mp-1-304-braga-diz-que-fernando-coelho-filho-sera-correlator\/#breadcrumb"},"inLanguage":"pt-BR","potentialAction":[{"@type":"ReadAction","target":["https:\/\/agenciainfra.com\/blog\/mp-1-304-braga-diz-que-fernando-coelho-filho-sera-correlator\/"]}]},{"@type":"ImageObject","inLanguage":"pt-BR","@id":"https:\/\/agenciainfra.com\/blog\/mp-1-304-braga-diz-que-fernando-coelho-filho-sera-correlator\/#primaryimage","url":"https:\/\/agenciainfra.com\/blog\/wp-content\/uploads\/2025\/09\/fernando-coelho-filho-foto-waldemir-barreto-agencia-senado.jpg","contentUrl":"https:\/\/agenciainfra.com\/blog\/wp-content\/uploads\/2025\/09\/fernando-coelho-filho-foto-waldemir-barreto-agencia-senado.jpg","width":1280,"height":853,"caption":"Foto: Waldemir Barreto\/Ag\u00eancia Senado"},{"@type":"BreadcrumbList","@id":"https:\/\/agenciainfra.com\/blog\/mp-1-304-braga-diz-que-fernando-coelho-filho-sera-correlator\/#breadcrumb","itemListElement":[{"@type":"ListItem","position":1,"name":"In\u00edcio","item":"https:\/\/agenciainfra.com\/blog\/"},{"@type":"ListItem","position":2,"name":"MP 1.304: Braga diz que Fernando Coelho Filho ser\u00e1 &#8220;correlator&#8221;"}]},{"@type":"WebSite","@id":"https:\/\/agenciainfra.com\/blog\/#website","url":"https:\/\/agenciainfra.com\/blog\/","name":"Ag\u00eancia iNFRA","description":"Multiplataforma de informa\u00e7\u00e3o jornal\u00edstica refer\u00eancia na \u00e1rea de infraestrutura no Brasil!","publisher":{"@id":"https:\/\/agenciainfra.com\/blog\/#organization"},"potentialAction":[{"@type":"SearchAction","target":{"@type":"EntryPoint","urlTemplate":"https:\/\/agenciainfra.com\/blog\/?s={search_term_string}"},"query-input":{"@type":"PropertyValueSpecification","valueRequired":true,"valueName":"search_term_string"}}],"inLanguage":"pt-BR"},{"@type":"Organization","@id":"https:\/\/agenciainfra.com\/blog\/#organization","name":"Ag\u00eancia iNFRA","url":"https:\/\/agenciainfra.com\/blog\/","logo":{"@type":"ImageObject","inLanguage":"pt-BR","@id":"https:\/\/agenciainfra.com\/blog\/#\/schema\/logo\/image\/","url":"https:\/\/agenciainfra.com\/blog\/wp-content\/uploads\/2023\/09\/iNFRA_5-e1761735885940.png","contentUrl":"https:\/\/agenciainfra.com\/blog\/wp-content\/uploads\/2023\/09\/iNFRA_5-e1761735885940.png","width":1672,"height":454,"caption":"Ag\u00eancia iNFRA"},"image":{"@id":"https:\/\/agenciainfra.com\/blog\/#\/schema\/logo\/image\/"},"sameAs":["https:\/\/www.facebook.com\/ageninfra","https:\/\/x.com\/agencia_infra","https:\/\/www.linkedin.com\/company\/ag\u00eanciainfra\/","https:\/\/www.instagram.com\/agenciainfra\/"]},{"@type":"Person","@id":"https:\/\/agenciainfra.com\/blog\/#\/schema\/person\/34af08dff6adea4cb22b06612ba7acfa","name":"Ag\u00eancia iNFRA","image":{"@type":"ImageObject","inLanguage":"pt-BR","@id":"https:\/\/agenciainfra.com\/blog\/#\/schema\/person\/image\/","url":"https:\/\/secure.gravatar.com\/avatar\/d189e01678f06d8eb84d4e01f08eb848b3fffe3f8443818d3c356c66892f5be8?s=96&d=mm&r=g","contentUrl":"https:\/\/secure.gravatar.com\/avatar\/d189e01678f06d8eb84d4e01f08eb848b3fffe3f8443818d3c356c66892f5be8?s=96&d=mm&r=g","caption":"Ag\u00eancia iNFRA"},"url":"https:\/\/agenciainfra.com\/blog\/author\/admin\/"}]}},"_links":{"self":[{"href":"https:\/\/agenciainfra.com\/blog\/wp-json\/wp\/v2\/posts\/29912","targetHints":{"allow":["GET"]}}],"collection":[{"href":"https:\/\/agenciainfra.com\/blog\/wp-json\/wp\/v2\/posts"}],"about":[{"href":"https:\/\/agenciainfra.com\/blog\/wp-json\/wp\/v2\/types\/post"}],"author":[{"embeddable":true,"href":"https:\/\/agenciainfra.com\/blog\/wp-json\/wp\/v2\/users\/1"}],"replies":[{"embeddable":true,"href":"https:\/\/agenciainfra.com\/blog\/wp-json\/wp\/v2\/comments?post=29912"}],"version-history":[{"count":1,"href":"https:\/\/agenciainfra.com\/blog\/wp-json\/wp\/v2\/posts\/29912\/revisions"}],"predecessor-version":[{"id":29913,"href":"https:\/\/agenciainfra.com\/blog\/wp-json\/wp\/v2\/posts\/29912\/revisions\/29913"}],"wp:featuredmedia":[{"embeddable":true,"href":"https:\/\/agenciainfra.com\/blog\/wp-json\/wp\/v2\/media\/27128"}],"wp:attachment":[{"href":"https:\/\/agenciainfra.com\/blog\/wp-json\/wp\/v2\/media?parent=29912"}],"wp:term":[{"taxonomy":"category","embeddable":true,"href":"https:\/\/agenciainfra.com\/blog\/wp-json\/wp\/v2\/categories?post=29912"},{"taxonomy":"post_tag","embeddable":true,"href":"https:\/\/agenciainfra.com\/blog\/wp-json\/wp\/v2\/tags?post=29912"}],"curies":[{"name":"wp","href":"https:\/\/api.w.org\/{rel}","templated":true}]}}