{"id":29940,"date":"2025-10-15T19:06:43","date_gmt":"2025-10-15T22:06:43","guid":{"rendered":"https:\/\/agenciainfra.com\/blog\/?p=29940"},"modified":"2025-10-16T11:27:57","modified_gmt":"2025-10-16T14:27:57","slug":"aneel-abre-consulta-publica-para-regras-de-comercializacao-de-energia","status":"publish","type":"post","link":"https:\/\/agenciainfra.com\/blog\/aneel-abre-consulta-publica-para-regras-de-comercializacao-de-energia\/","title":{"rendered":"ANEEL abre consulta p\u00fablica para regras de comercializa\u00e7\u00e3o de energia"},"content":{"rendered":"\n<p class=\"has-text-align-right\"><strong>da Ag\u00eancia iNFRA<\/strong><\/p>\n\n\n\n<p>A ANEEL (Ag\u00eancia Nacional de Energia El\u00e9trica) abrir\u00e1 na quinta-feira (16) a Consulta P\u00fablica n\u00ba 031\/2025 para receber contribui\u00e7\u00f5es \u00e0 proposta das Regras de Comercializa\u00e7\u00e3o de Energia El\u00e9trica para 2026. As sugest\u00f5es poder\u00e3o ser enviadas at\u00e9 17 de novembro.<\/p>\n\n\n\n<p>A iniciativa, aprovada pela diretoria colegiada da ag\u00eancia em reuni\u00e3o realizada na \u00faltima ter\u00e7a-feira (14), tem como objetivo colher subs\u00eddios e informa\u00e7\u00f5es da sociedade para o aprimoramento do marco regulat\u00f3rio do setor el\u00e9trico.<\/p>\n\n\n\n<p>De acordo com a ANEEL, as altera\u00e7\u00f5es propostas t\u00eam car\u00e1ter regulat\u00f3rio e de aperfei\u00e7oamento t\u00e9cnico, com foco em temas que envolvem contratos e mecanismos do mercado de energia. Entre os principais pontos est\u00e3o ajustes nos CCEARs (Contratos de Comercializa\u00e7\u00e3o de Energia no Ambiente Regulado) firmados no 37\u00ba Leil\u00e3o de Energia Nova, realizado em outubro de 2022 e com in\u00edcio de fornecimento previsto para 1\u00ba de janeiro de 2027.<\/p>\n\n\n\n<p>As novas regras tamb\u00e9m contemplam aprimoramentos relacionados ao 1\u00ba Leil\u00e3o de Reserva de Capacidade e ao Leil\u00e3o de Reserva de Capacidade na forma de Energia, al\u00e9m de atualiza\u00e7\u00f5es sobre transfer\u00eancia de hist\u00f3rico de consumo para c\u00e1lculo do Encargo de Energia de Reserva em Varejistas, participa\u00e7\u00e3o em resposta da demanda no modelo simplificado, suspens\u00e3o de fornecimento por transmissoras e ajustes no MCSD (Mecanismo de Compensa\u00e7\u00e3o de Sobras e D\u00e9ficits).<\/p>\n\n\n\n<p><\/p>\n","protected":false},"excerpt":{"rendered":"<p>da Ag\u00eancia iNFRA A ANEEL (Ag\u00eancia Nacional de Energia El\u00e9trica) abrir\u00e1 na quinta-feira (16) a Consulta P\u00fablica n\u00ba 031\/2025 para receber contribui\u00e7\u00f5es \u00e0 proposta das Regras de Comercializa\u00e7\u00e3o de Energia El\u00e9trica para 2026. As sugest\u00f5es poder\u00e3o ser enviadas at\u00e9 17 de novembro. A iniciativa, aprovada pela diretoria colegiada da ag\u00eancia em reuni\u00e3o realizada na \u00faltima [&hellip;]<\/p>\n","protected":false},"author":1,"featured_media":10310,"comment_status":"closed","ping_status":"closed","sticky":false,"template":"","format":"standard","meta":{"_monsterinsights_skip_tracking":false,"_monsterinsights_sitenote_active":false,"_monsterinsights_sitenote_note":"","_monsterinsights_sitenote_category":0,"footnotes":""},"categories":[1,13576],"tags":[53,13220,4802,16169,14173,282,16158],"class_list":["post-29940","post","type-post","status-publish","format-standard","has-post-thumbnail","hentry","category-geral","category-giro-infra","tag-aneel","tag-ccears","tag-comercializacao","tag-consulta-publica-31-2025","tag-consulta-publica-aneel","tag-energia-eletrica","tag-regras-de-comercializacao"],"yoast_head":"<!-- This site is optimized with the Yoast SEO Premium plugin v25.4 (Yoast SEO v26.0) - https:\/\/yoast.com\/wordpress\/plugins\/seo\/ -->\n<title>ANEEL abre consulta p\u00fablica para regras de comercializa\u00e7\u00e3o de energia - Ag\u00eancia iNFRA<\/title>\n<meta name=\"robots\" content=\"index, follow, max-snippet:-1, max-image-preview:large, max-video-preview:-1\" \/>\n<link rel=\"canonical\" href=\"https:\/\/agenciainfra.com\/blog\/aneel-abre-consulta-publica-para-regras-de-comercializacao-de-energia\/\" \/>\n<meta property=\"og:locale\" content=\"pt_BR\" \/>\n<meta property=\"og:type\" content=\"article\" \/>\n<meta property=\"og:title\" content=\"ANEEL abre consulta p\u00fablica para regras de comercializa\u00e7\u00e3o de energia\" \/>\n<meta property=\"og:description\" content=\"da Ag\u00eancia iNFRA A ANEEL (Ag\u00eancia Nacional de Energia El\u00e9trica) abrir\u00e1 na quinta-feira (16) a Consulta P\u00fablica n\u00ba 031\/2025 para receber contribui\u00e7\u00f5es \u00e0 proposta das Regras de Comercializa\u00e7\u00e3o de Energia El\u00e9trica para 2026. As sugest\u00f5es poder\u00e3o ser enviadas at\u00e9 17 de novembro. A iniciativa, aprovada pela diretoria colegiada da ag\u00eancia em reuni\u00e3o realizada na \u00faltima [&hellip;]\" \/>\n<meta property=\"og:url\" content=\"https:\/\/agenciainfra.com\/blog\/aneel-abre-consulta-publica-para-regras-de-comercializacao-de-energia\/\" \/>\n<meta property=\"og:site_name\" content=\"Ag\u00eancia iNFRA\" \/>\n<meta property=\"article:publisher\" content=\"https:\/\/www.facebook.com\/ageninfra\" \/>\n<meta property=\"article:published_time\" content=\"2025-10-15T22:06:43+00:00\" \/>\n<meta property=\"article:modified_time\" content=\"2025-10-16T14:27:57+00:00\" \/>\n<meta property=\"og:image\" content=\"https:\/\/agenciainfra.com\/blog\/wp-content\/uploads\/2022\/05\/aneel-foto-aneel-e1747939008656.jpg\" \/>\n\t<meta property=\"og:image:width\" content=\"1299\" \/>\n\t<meta property=\"og:image:height\" content=\"764\" \/>\n\t<meta property=\"og:image:type\" content=\"image\/jpeg\" \/>\n<meta name=\"author\" content=\"Ag\u00eancia iNFRA\" \/>\n<meta name=\"twitter:card\" content=\"summary_large_image\" \/>\n<meta name=\"twitter:creator\" content=\"@agencia_infra\" \/>\n<meta name=\"twitter:site\" content=\"@agencia_infra\" \/>\n<meta name=\"twitter:label1\" content=\"Escrito por\" \/>\n\t<meta name=\"twitter:data1\" content=\"Ag\u00eancia iNFRA\" \/>\n\t<meta name=\"twitter:label2\" content=\"Est. tempo de leitura\" \/>\n\t<meta name=\"twitter:data2\" content=\"1 minuto\" \/>\n<script type=\"application\/ld+json\" class=\"yoast-schema-graph\">{\"@context\":\"https:\/\/schema.org\",\"@graph\":[{\"@type\":\"Article\",\"@id\":\"https:\/\/agenciainfra.com\/blog\/aneel-abre-consulta-publica-para-regras-de-comercializacao-de-energia\/#article\",\"isPartOf\":{\"@id\":\"https:\/\/agenciainfra.com\/blog\/aneel-abre-consulta-publica-para-regras-de-comercializacao-de-energia\/\"},\"author\":{\"name\":\"Ag\u00eancia iNFRA\",\"@id\":\"https:\/\/agenciainfra.com\/blog\/#\/schema\/person\/34af08dff6adea4cb22b06612ba7acfa\"},\"headline\":\"ANEEL abre consulta p\u00fablica para regras de comercializa\u00e7\u00e3o de energia\",\"datePublished\":\"2025-10-15T22:06:43+00:00\",\"dateModified\":\"2025-10-16T14:27:57+00:00\",\"mainEntityOfPage\":{\"@id\":\"https:\/\/agenciainfra.com\/blog\/aneel-abre-consulta-publica-para-regras-de-comercializacao-de-energia\/\"},\"wordCount\":250,\"publisher\":{\"@id\":\"https:\/\/agenciainfra.com\/blog\/#organization\"},\"image\":{\"@id\":\"https:\/\/agenciainfra.com\/blog\/aneel-abre-consulta-publica-para-regras-de-comercializacao-de-energia\/#primaryimage\"},\"thumbnailUrl\":\"https:\/\/agenciainfra.com\/blog\/wp-content\/uploads\/2022\/05\/aneel-foto-aneel-e1764788022595.jpg\",\"keywords\":[\"ANEEL\",\"ccears\",\"comercializa\u00e7\u00e3o\",\"Consulta P\u00fablica 31\/2025\",\"consulta p\u00fablica aneel\",\"energia el\u00e9trica\",\"regras de comercializa\u00e7\u00e3o\"],\"articleSection\":[\"Geral\",\"Giro iNFRA\"],\"inLanguage\":\"pt-BR\",\"copyrightYear\":\"2025\",\"copyrightHolder\":{\"@id\":\"https:\/\/agenciainfra.com\/blog\/#organization\"}},{\"@type\":\"WebPage\",\"@id\":\"https:\/\/agenciainfra.com\/blog\/aneel-abre-consulta-publica-para-regras-de-comercializacao-de-energia\/\",\"url\":\"https:\/\/agenciainfra.com\/blog\/aneel-abre-consulta-publica-para-regras-de-comercializacao-de-energia\/\",\"name\":\"ANEEL abre consulta p\u00fablica para regras de comercializa\u00e7\u00e3o de energia - Ag\u00eancia iNFRA\",\"isPartOf\":{\"@id\":\"https:\/\/agenciainfra.com\/blog\/#website\"},\"primaryImageOfPage\":{\"@id\":\"https:\/\/agenciainfra.com\/blog\/aneel-abre-consulta-publica-para-regras-de-comercializacao-de-energia\/#primaryimage\"},\"image\":{\"@id\":\"https:\/\/agenciainfra.com\/blog\/aneel-abre-consulta-publica-para-regras-de-comercializacao-de-energia\/#primaryimage\"},\"thumbnailUrl\":\"https:\/\/agenciainfra.com\/blog\/wp-content\/uploads\/2022\/05\/aneel-foto-aneel-e1764788022595.jpg\",\"datePublished\":\"2025-10-15T22:06:43+00:00\",\"dateModified\":\"2025-10-16T14:27:57+00:00\",\"breadcrumb\":{\"@id\":\"https:\/\/agenciainfra.com\/blog\/aneel-abre-consulta-publica-para-regras-de-comercializacao-de-energia\/#breadcrumb\"},\"inLanguage\":\"pt-BR\",\"potentialAction\":[{\"@type\":\"ReadAction\",\"target\":[\"https:\/\/agenciainfra.com\/blog\/aneel-abre-consulta-publica-para-regras-de-comercializacao-de-energia\/\"]}]},{\"@type\":\"ImageObject\",\"inLanguage\":\"pt-BR\",\"@id\":\"https:\/\/agenciainfra.com\/blog\/aneel-abre-consulta-publica-para-regras-de-comercializacao-de-energia\/#primaryimage\",\"url\":\"https:\/\/agenciainfra.com\/blog\/wp-content\/uploads\/2022\/05\/aneel-foto-aneel-e1764788022595.jpg\",\"contentUrl\":\"https:\/\/agenciainfra.com\/blog\/wp-content\/uploads\/2022\/05\/aneel-foto-aneel-e1764788022595.jpg\",\"width\":1280,\"height\":753,\"caption\":\"Foto: ANEEL\"},{\"@type\":\"BreadcrumbList\",\"@id\":\"https:\/\/agenciainfra.com\/blog\/aneel-abre-consulta-publica-para-regras-de-comercializacao-de-energia\/#breadcrumb\",\"itemListElement\":[{\"@type\":\"ListItem\",\"position\":1,\"name\":\"In\u00edcio\",\"item\":\"https:\/\/agenciainfra.com\/blog\/\"},{\"@type\":\"ListItem\",\"position\":2,\"name\":\"ANEEL abre consulta p\u00fablica para regras de comercializa\u00e7\u00e3o de energia\"}]},{\"@type\":\"WebSite\",\"@id\":\"https:\/\/agenciainfra.com\/blog\/#website\",\"url\":\"https:\/\/agenciainfra.com\/blog\/\",\"name\":\"Ag\u00eancia iNFRA\",\"description\":\"Multiplataforma de informa\u00e7\u00e3o jornal\u00edstica refer\u00eancia na \u00e1rea de infraestrutura no Brasil!\",\"publisher\":{\"@id\":\"https:\/\/agenciainfra.com\/blog\/#organization\"},\"potentialAction\":[{\"@type\":\"SearchAction\",\"target\":{\"@type\":\"EntryPoint\",\"urlTemplate\":\"https:\/\/agenciainfra.com\/blog\/?s={search_term_string}\"},\"query-input\":{\"@type\":\"PropertyValueSpecification\",\"valueRequired\":true,\"valueName\":\"search_term_string\"}}],\"inLanguage\":\"pt-BR\"},{\"@type\":\"Organization\",\"@id\":\"https:\/\/agenciainfra.com\/blog\/#organization\",\"name\":\"Ag\u00eancia iNFRA\",\"url\":\"https:\/\/agenciainfra.com\/blog\/\",\"logo\":{\"@type\":\"ImageObject\",\"inLanguage\":\"pt-BR\",\"@id\":\"https:\/\/agenciainfra.com\/blog\/#\/schema\/logo\/image\/\",\"url\":\"https:\/\/agenciainfra.com\/blog\/wp-content\/uploads\/2023\/09\/iNFRA_5-e1761735885940.png\",\"contentUrl\":\"https:\/\/agenciainfra.com\/blog\/wp-content\/uploads\/2023\/09\/iNFRA_5-e1761735885940.png\",\"width\":1672,\"height\":454,\"caption\":\"Ag\u00eancia iNFRA\"},\"image\":{\"@id\":\"https:\/\/agenciainfra.com\/blog\/#\/schema\/logo\/image\/\"},\"sameAs\":[\"https:\/\/www.facebook.com\/ageninfra\",\"https:\/\/x.com\/agencia_infra\",\"https:\/\/www.linkedin.com\/company\/ag\u00eanciainfra\/\",\"https:\/\/www.instagram.com\/agenciainfra\/\"]},{\"@type\":\"Person\",\"@id\":\"https:\/\/agenciainfra.com\/blog\/#\/schema\/person\/34af08dff6adea4cb22b06612ba7acfa\",\"name\":\"Ag\u00eancia iNFRA\",\"image\":{\"@type\":\"ImageObject\",\"inLanguage\":\"pt-BR\",\"@id\":\"https:\/\/agenciainfra.com\/blog\/#\/schema\/person\/image\/\",\"url\":\"https:\/\/secure.gravatar.com\/avatar\/d189e01678f06d8eb84d4e01f08eb848b3fffe3f8443818d3c356c66892f5be8?s=96&d=mm&r=g\",\"contentUrl\":\"https:\/\/secure.gravatar.com\/avatar\/d189e01678f06d8eb84d4e01f08eb848b3fffe3f8443818d3c356c66892f5be8?s=96&d=mm&r=g\",\"caption\":\"Ag\u00eancia iNFRA\"},\"url\":\"https:\/\/agenciainfra.com\/blog\/author\/admin\/\"}]}<\/script>\n<!-- \/ Yoast SEO Premium plugin. -->","yoast_head_json":{"title":"ANEEL abre consulta p\u00fablica para regras de comercializa\u00e7\u00e3o de energia - Ag\u00eancia iNFRA","robots":{"index":"index","follow":"follow","max-snippet":"max-snippet:-1","max-image-preview":"max-image-preview:large","max-video-preview":"max-video-preview:-1"},"canonical":"https:\/\/agenciainfra.com\/blog\/aneel-abre-consulta-publica-para-regras-de-comercializacao-de-energia\/","og_locale":"pt_BR","og_type":"article","og_title":"ANEEL abre consulta p\u00fablica para regras de comercializa\u00e7\u00e3o de energia","og_description":"da Ag\u00eancia iNFRA A ANEEL (Ag\u00eancia Nacional de Energia El\u00e9trica) abrir\u00e1 na quinta-feira (16) a Consulta P\u00fablica n\u00ba 031\/2025 para receber contribui\u00e7\u00f5es \u00e0 proposta das Regras de Comercializa\u00e7\u00e3o de Energia El\u00e9trica para 2026. As sugest\u00f5es poder\u00e3o ser enviadas at\u00e9 17 de novembro. A iniciativa, aprovada pela diretoria colegiada da ag\u00eancia em reuni\u00e3o realizada na \u00faltima [&hellip;]","og_url":"https:\/\/agenciainfra.com\/blog\/aneel-abre-consulta-publica-para-regras-de-comercializacao-de-energia\/","og_site_name":"Ag\u00eancia iNFRA","article_publisher":"https:\/\/www.facebook.com\/ageninfra","article_published_time":"2025-10-15T22:06:43+00:00","article_modified_time":"2025-10-16T14:27:57+00:00","og_image":[{"width":1299,"height":764,"url":"https:\/\/agenciainfra.com\/blog\/wp-content\/uploads\/2022\/05\/aneel-foto-aneel-e1747939008656.jpg","type":"image\/jpeg"}],"author":"Ag\u00eancia iNFRA","twitter_card":"summary_large_image","twitter_creator":"@agencia_infra","twitter_site":"@agencia_infra","twitter_misc":{"Escrito por":"Ag\u00eancia iNFRA","Est. tempo de leitura":"1 minuto"},"schema":{"@context":"https:\/\/schema.org","@graph":[{"@type":"Article","@id":"https:\/\/agenciainfra.com\/blog\/aneel-abre-consulta-publica-para-regras-de-comercializacao-de-energia\/#article","isPartOf":{"@id":"https:\/\/agenciainfra.com\/blog\/aneel-abre-consulta-publica-para-regras-de-comercializacao-de-energia\/"},"author":{"name":"Ag\u00eancia iNFRA","@id":"https:\/\/agenciainfra.com\/blog\/#\/schema\/person\/34af08dff6adea4cb22b06612ba7acfa"},"headline":"ANEEL abre consulta p\u00fablica para regras de comercializa\u00e7\u00e3o de energia","datePublished":"2025-10-15T22:06:43+00:00","dateModified":"2025-10-16T14:27:57+00:00","mainEntityOfPage":{"@id":"https:\/\/agenciainfra.com\/blog\/aneel-abre-consulta-publica-para-regras-de-comercializacao-de-energia\/"},"wordCount":250,"publisher":{"@id":"https:\/\/agenciainfra.com\/blog\/#organization"},"image":{"@id":"https:\/\/agenciainfra.com\/blog\/aneel-abre-consulta-publica-para-regras-de-comercializacao-de-energia\/#primaryimage"},"thumbnailUrl":"https:\/\/agenciainfra.com\/blog\/wp-content\/uploads\/2022\/05\/aneel-foto-aneel-e1764788022595.jpg","keywords":["ANEEL","ccears","comercializa\u00e7\u00e3o","Consulta P\u00fablica 31\/2025","consulta p\u00fablica aneel","energia el\u00e9trica","regras de comercializa\u00e7\u00e3o"],"articleSection":["Geral","Giro iNFRA"],"inLanguage":"pt-BR","copyrightYear":"2025","copyrightHolder":{"@id":"https:\/\/agenciainfra.com\/blog\/#organization"}},{"@type":"WebPage","@id":"https:\/\/agenciainfra.com\/blog\/aneel-abre-consulta-publica-para-regras-de-comercializacao-de-energia\/","url":"https:\/\/agenciainfra.com\/blog\/aneel-abre-consulta-publica-para-regras-de-comercializacao-de-energia\/","name":"ANEEL abre consulta p\u00fablica para regras de comercializa\u00e7\u00e3o de energia - Ag\u00eancia iNFRA","isPartOf":{"@id":"https:\/\/agenciainfra.com\/blog\/#website"},"primaryImageOfPage":{"@id":"https:\/\/agenciainfra.com\/blog\/aneel-abre-consulta-publica-para-regras-de-comercializacao-de-energia\/#primaryimage"},"image":{"@id":"https:\/\/agenciainfra.com\/blog\/aneel-abre-consulta-publica-para-regras-de-comercializacao-de-energia\/#primaryimage"},"thumbnailUrl":"https:\/\/agenciainfra.com\/blog\/wp-content\/uploads\/2022\/05\/aneel-foto-aneel-e1764788022595.jpg","datePublished":"2025-10-15T22:06:43+00:00","dateModified":"2025-10-16T14:27:57+00:00","breadcrumb":{"@id":"https:\/\/agenciainfra.com\/blog\/aneel-abre-consulta-publica-para-regras-de-comercializacao-de-energia\/#breadcrumb"},"inLanguage":"pt-BR","potentialAction":[{"@type":"ReadAction","target":["https:\/\/agenciainfra.com\/blog\/aneel-abre-consulta-publica-para-regras-de-comercializacao-de-energia\/"]}]},{"@type":"ImageObject","inLanguage":"pt-BR","@id":"https:\/\/agenciainfra.com\/blog\/aneel-abre-consulta-publica-para-regras-de-comercializacao-de-energia\/#primaryimage","url":"https:\/\/agenciainfra.com\/blog\/wp-content\/uploads\/2022\/05\/aneel-foto-aneel-e1764788022595.jpg","contentUrl":"https:\/\/agenciainfra.com\/blog\/wp-content\/uploads\/2022\/05\/aneel-foto-aneel-e1764788022595.jpg","width":1280,"height":753,"caption":"Foto: ANEEL"},{"@type":"BreadcrumbList","@id":"https:\/\/agenciainfra.com\/blog\/aneel-abre-consulta-publica-para-regras-de-comercializacao-de-energia\/#breadcrumb","itemListElement":[{"@type":"ListItem","position":1,"name":"In\u00edcio","item":"https:\/\/agenciainfra.com\/blog\/"},{"@type":"ListItem","position":2,"name":"ANEEL abre consulta p\u00fablica para regras de comercializa\u00e7\u00e3o de energia"}]},{"@type":"WebSite","@id":"https:\/\/agenciainfra.com\/blog\/#website","url":"https:\/\/agenciainfra.com\/blog\/","name":"Ag\u00eancia iNFRA","description":"Multiplataforma de informa\u00e7\u00e3o jornal\u00edstica refer\u00eancia na \u00e1rea de infraestrutura no Brasil!","publisher":{"@id":"https:\/\/agenciainfra.com\/blog\/#organization"},"potentialAction":[{"@type":"SearchAction","target":{"@type":"EntryPoint","urlTemplate":"https:\/\/agenciainfra.com\/blog\/?s={search_term_string}"},"query-input":{"@type":"PropertyValueSpecification","valueRequired":true,"valueName":"search_term_string"}}],"inLanguage":"pt-BR"},{"@type":"Organization","@id":"https:\/\/agenciainfra.com\/blog\/#organization","name":"Ag\u00eancia iNFRA","url":"https:\/\/agenciainfra.com\/blog\/","logo":{"@type":"ImageObject","inLanguage":"pt-BR","@id":"https:\/\/agenciainfra.com\/blog\/#\/schema\/logo\/image\/","url":"https:\/\/agenciainfra.com\/blog\/wp-content\/uploads\/2023\/09\/iNFRA_5-e1761735885940.png","contentUrl":"https:\/\/agenciainfra.com\/blog\/wp-content\/uploads\/2023\/09\/iNFRA_5-e1761735885940.png","width":1672,"height":454,"caption":"Ag\u00eancia iNFRA"},"image":{"@id":"https:\/\/agenciainfra.com\/blog\/#\/schema\/logo\/image\/"},"sameAs":["https:\/\/www.facebook.com\/ageninfra","https:\/\/x.com\/agencia_infra","https:\/\/www.linkedin.com\/company\/ag\u00eanciainfra\/","https:\/\/www.instagram.com\/agenciainfra\/"]},{"@type":"Person","@id":"https:\/\/agenciainfra.com\/blog\/#\/schema\/person\/34af08dff6adea4cb22b06612ba7acfa","name":"Ag\u00eancia iNFRA","image":{"@type":"ImageObject","inLanguage":"pt-BR","@id":"https:\/\/agenciainfra.com\/blog\/#\/schema\/person\/image\/","url":"https:\/\/secure.gravatar.com\/avatar\/d189e01678f06d8eb84d4e01f08eb848b3fffe3f8443818d3c356c66892f5be8?s=96&d=mm&r=g","contentUrl":"https:\/\/secure.gravatar.com\/avatar\/d189e01678f06d8eb84d4e01f08eb848b3fffe3f8443818d3c356c66892f5be8?s=96&d=mm&r=g","caption":"Ag\u00eancia iNFRA"},"url":"https:\/\/agenciainfra.com\/blog\/author\/admin\/"}]}},"_links":{"self":[{"href":"https:\/\/agenciainfra.com\/blog\/wp-json\/wp\/v2\/posts\/29940","targetHints":{"allow":["GET"]}}],"collection":[{"href":"https:\/\/agenciainfra.com\/blog\/wp-json\/wp\/v2\/posts"}],"about":[{"href":"https:\/\/agenciainfra.com\/blog\/wp-json\/wp\/v2\/types\/post"}],"author":[{"embeddable":true,"href":"https:\/\/agenciainfra.com\/blog\/wp-json\/wp\/v2\/users\/1"}],"replies":[{"embeddable":true,"href":"https:\/\/agenciainfra.com\/blog\/wp-json\/wp\/v2\/comments?post=29940"}],"version-history":[{"count":1,"href":"https:\/\/agenciainfra.com\/blog\/wp-json\/wp\/v2\/posts\/29940\/revisions"}],"predecessor-version":[{"id":29941,"href":"https:\/\/agenciainfra.com\/blog\/wp-json\/wp\/v2\/posts\/29940\/revisions\/29941"}],"wp:featuredmedia":[{"embeddable":true,"href":"https:\/\/agenciainfra.com\/blog\/wp-json\/wp\/v2\/media\/10310"}],"wp:attachment":[{"href":"https:\/\/agenciainfra.com\/blog\/wp-json\/wp\/v2\/media?parent=29940"}],"wp:term":[{"taxonomy":"category","embeddable":true,"href":"https:\/\/agenciainfra.com\/blog\/wp-json\/wp\/v2\/categories?post=29940"},{"taxonomy":"post_tag","embeddable":true,"href":"https:\/\/agenciainfra.com\/blog\/wp-json\/wp\/v2\/tags?post=29940"}],"curies":[{"name":"wp","href":"https:\/\/api.w.org\/{rel}","templated":true}]}}