{"id":29957,"date":"2025-10-16T11:19:07","date_gmt":"2025-10-16T14:19:07","guid":{"rendered":"https:\/\/agenciainfra.com\/blog\/?p=29957"},"modified":"2025-10-17T12:04:08","modified_gmt":"2025-10-17T15:04:08","slug":"costa-filho-nega-saida-antecipada-do-mpor-e-diz-que-fica-ate-abril","status":"publish","type":"post","link":"https:\/\/agenciainfra.com\/blog\/costa-filho-nega-saida-antecipada-do-mpor-e-diz-que-fica-ate-abril\/","title":{"rendered":"Costa Filho nega sa\u00edda antecipada do MPor e diz que fica at\u00e9 abril"},"content":{"rendered":"\n<p class=\"has-text-align-right\"><strong>Mar\u00edlia Sena, da Ag\u00eancia iNFRA<\/strong><\/p>\n\n\n\n<p>O ministro de Portos e Aeroportos, Silvio Costa Filho, afirmou nesta quarta-feira (15) que permanecer\u00e1 no cargo at\u00e9 2 de abril de 2026, data-limite para se sair do posto (desincompatibiliza\u00e7\u00e3o) e poder participar do pleito eleitoral do pr\u00f3ximo ano. Nos bastidores, havia especula\u00e7\u00f5es de que o ministro deixaria a pasta at\u00e9 dezembro deste ano para se dedicar \u00e0 campanha ao Senado por Pernambuco.<br><br>A&nbsp;hip\u00f3tese foi negada por ele durante conversa com jornalistas, ap\u00f3s evento em que entregou a empres\u00e1rios do setor portu\u00e1rio certificados de participa\u00e7\u00e3o no programa de Reidi (Regime Especial de Incentivos para o Desenvolvimento da Infraestrutura) e nas deb\u00eantures incentivadas e de infraestrutura, na sede da pasta.<br><br>Antes de sair do minist\u00e9rio, Silvio Costa Filho disse que&nbsp;planeja&nbsp;realizar o primeiro leil\u00e3o de concess\u00e3o hidrovi\u00e1ria do pa\u00eds, do rio Paraguai. O certame, in\u00e9dito para o modal, estava programado para ocorrer ainda este ano. Mas a previs\u00e3o j\u00e1 passou para 2026 e, segundo o ministro, deve ser realizado at\u00e9 30 de mar\u00e7o. O edital ainda depende da an\u00e1lise pelo TCU (Tribunal de Contas da Uni\u00e3o).<br><br>Durante o evento desta quarta, Silvio Costa Filho afirmou que est\u00e1 organizando o minist\u00e9rio para o seu sucessor. Conforme apurado pela&nbsp;<strong>Ag\u00eancia iNFRA<\/strong>, o nome do presidente da APS (Autoridade Portu\u00e1ria de Santos), Anderson Pomini, circula&nbsp;como poss\u00edvel sucessor no comando do MPor.<br><br>Pomini tem estado com frequ\u00eancia em Bras\u00edlia para tratar de assuntos relacionados ao porto de Santos. Dois leil\u00f5es no maior porto da Am\u00e9rica Latina est\u00e3o previstos para ocorrer este ano: o STS08, previsto para novembro, e o Tecon Santos 10, que ainda est\u00e1 sob an\u00e1lise do TCU. Mesmo com prazo incompat\u00edvel com a realiza\u00e7\u00e3o desses leil\u00f5es,&nbsp;o ministro diz que eles devem ser realizados na segunda quinzena de dezembro.<br><br>A interlocutores, o presidente da autoridade portu\u00e1ria tem afirmado que est\u00e1 \u00e0 disposi\u00e7\u00e3o do governo federal. Ele foi indicado para a presid\u00eancia da autoridade portu\u00e1ria pelo ent\u00e3o ministro de Portos e Aeroportos, M\u00e1rcio Fran\u00e7a, em 2023, e teve sua nomea\u00e7\u00e3o endossada pelo vice-presidente da Rep\u00fablica, Geraldo Alckmin. Nos bastidores, Pomini tem dito que a oportunidade de assumir o MPor seria positiva para o curr\u00edculo e que n\u00e3o recusaria um eventual convite.<br><br><strong>Leil\u00f5es<\/strong><br>Os grandes leil\u00f5es que o MPor deve realizar no pr\u00f3ximo ano, \u00faltimo do atual mandato do presidente Lula, inicialmente tinham previs\u00e3o de acontecer ainda em 2025&nbsp;\u2013 como \u00e9 o caso da concess\u00e3o da hidrovia do Paraguai. Com exce\u00e7\u00e3o do Tecon Santos, que o minist\u00e9rio ainda insiste que far\u00e1 a licita\u00e7\u00e3o em dezembro, e do canal de acesso de Paranagu\u00e1 (PR), os demais ativos que foram ou v\u00e3o a leil\u00e3o at\u00e9 o fim do ano tem previs\u00f5es de investimento menos significativas.&nbsp;<br><br>De acordo com Silvio Costa Filho, o edital do leil\u00e3o hidrovi\u00e1rio&nbsp;deve ser publicado ainda este ano \u2013 informa\u00e7\u00e3o j\u00e1 antecipada pelo secret\u00e1rio nacional de Hidrovias, Dino Antunes. (Leia na&nbsp;<a href=\"https:\/\/agenciainfra.us14.list-manage.com\/track\/click?u=d460dd1bcf9ba0ae040e1fc0f&amp;id=2e9a4bae03&amp;e=55b7a27fc9\" target=\"_blank\" rel=\"noreferrer noopener\">reportagem<\/a>). Outros projetos de concess\u00e3o nos moldes do que ser\u00e1 feito no Rio Paraguai&nbsp;tamb\u00e9m est\u00e3o sob an\u00e1lise do Executivo, abrangendo os rios Madeira, Lagoa Mirim, Tocantins e Tapaj\u00f3s.&nbsp;<br><br>&#8220;A orienta\u00e7\u00e3o do presidente Lula \u00e9 que continuemos avan\u00e7ando no trabalho que temos realizado no minist\u00e9rio, contribuindo para a governabilidade. Segundo ele, est\u00e1 muito satisfeito com os ministros da infraestrutura de seu governo, que t\u00eam se dedicado a realizar as entregas que o Brasil precisa. Seguiremos na mesma dire\u00e7\u00e3o, trabalhando intensamente para que, nos pr\u00f3ximos seis meses, possamos concluir as entregas desejadas&#8221;, afirmou o ministro.&nbsp;<br><br><strong>S\u00e3o Sebasti\u00e3o<\/strong><br>Outra expectativa de leil\u00e3o para 2026, segundo&nbsp;Silvio Costa Filho, \u00e9 o certame do terminal de cont\u00eaineres do Porto de S\u00e3o Sebasti\u00e3o, que tamb\u00e9m precisa passar pela an\u00e1lise do TCU. De acordo com ele, a previs\u00e3o \u00e9 que o leil\u00e3o ocorra at\u00e9 30 de abril. Com a proposta de \u201cfazer um porto multiprop\u00f3sito\u201d, o secret\u00e1rio nacional de Portos, Alex \u00c1vila, deve discutir, nos pr\u00f3ximos 30 dias, a melhor formata\u00e7\u00e3o para o&nbsp;<a href=\"https:\/\/agenciainfra.us14.list-manage.com\/track\/click?u=d460dd1bcf9ba0ae040e1fc0f&amp;id=ec00de853c&amp;e=55b7a27fc9\" target=\"_blank\" rel=\"noreferrer noopener\">projeto<\/a>&nbsp;do porto, informou o ministro.<br><br>Na pr\u00f3xima quarta-feira (22), o MPor, em parceria com a ANTAQ (Ag\u00eancia Nacional de Transportes Aquavi\u00e1rios), realizar\u00e1 os leil\u00f5es do canal de acesso ao Porto de Paranagu\u00e1 (PR) \u2013 o primeiro leil\u00e3o de um canal p\u00fablico do pa\u00eds \u2014, do terminal mar\u00edtimo de passageiros de Macei\u00f3 (AL), identificado como TMP Macei\u00f3, al\u00e9m dos terminais RDJ07, no Porto do Rio de Janeiro (RJ), e POA26, no Porto de Porto Alegre (RS). Entre os certames marcados, o maior investimento previsto \u00e9 o do canal de acesso ao Porto de Paranagu\u00e1, estimado em R$ 1,23 bilh\u00e3o ao longo dos 25 anos de contrato.<\/p>\n","protected":false},"excerpt":{"rendered":"<p>Mar\u00edlia Sena, da Ag\u00eancia iNFRA O ministro de Portos e Aeroportos, Silvio Costa Filho, afirmou nesta quarta-feira (15) que permanecer\u00e1 no cargo at\u00e9 2 de abril de 2026, data-limite para se sair do posto (desincompatibiliza\u00e7\u00e3o) e poder participar do pleito eleitoral do pr\u00f3ximo ano. Nos bastidores, havia especula\u00e7\u00f5es de que o ministro deixaria a pasta [&hellip;]<\/p>\n","protected":false},"author":1,"featured_media":18287,"comment_status":"closed","ping_status":"closed","sticky":false,"template":"","format":"standard","meta":{"_monsterinsights_skip_tracking":false,"_monsterinsights_sitenote_active":false,"_monsterinsights_sitenote_note":"","_monsterinsights_sitenote_category":0,"footnotes":""},"categories":[7],"tags":[6855,16167,8908,6257,6919,16168,16166],"class_list":["post-29957","post","type-post","status-publish","format-standard","has-post-thumbnail","hentry","category-infratransporte","tag-anderson-pomini","tag-eleicoes-2026","tag-leiloes-portuarios","tag-ministerio-de-portos-e-aeroportos","tag-mpor","tag-senado-pe","tag-silvio-costa-filho-ministro"],"yoast_head":"<!-- This site is optimized with the Yoast SEO Premium plugin v25.4 (Yoast SEO v26.0) - https:\/\/yoast.com\/wordpress\/plugins\/seo\/ -->\n<title>Costa Filho nega sa\u00edda antecipada do MPor e diz que fica at\u00e9 abril - Ag\u00eancia iNFRA<\/title>\n<meta name=\"robots\" content=\"index, follow, max-snippet:-1, max-image-preview:large, max-video-preview:-1\" \/>\n<link rel=\"canonical\" href=\"https:\/\/agenciainfra.com\/blog\/costa-filho-nega-saida-antecipada-do-mpor-e-diz-que-fica-ate-abril\/\" \/>\n<meta property=\"og:locale\" content=\"pt_BR\" \/>\n<meta property=\"og:type\" content=\"article\" \/>\n<meta property=\"og:title\" content=\"Costa Filho nega sa\u00edda antecipada do MPor e diz que fica at\u00e9 abril\" \/>\n<meta property=\"og:description\" content=\"Mar\u00edlia Sena, da Ag\u00eancia iNFRA O ministro de Portos e Aeroportos, Silvio Costa Filho, afirmou nesta quarta-feira (15) que permanecer\u00e1 no cargo at\u00e9 2 de abril de 2026, data-limite para se sair do posto (desincompatibiliza\u00e7\u00e3o) e poder participar do pleito eleitoral do pr\u00f3ximo ano. Nos bastidores, havia especula\u00e7\u00f5es de que o ministro deixaria a pasta [&hellip;]\" \/>\n<meta property=\"og:url\" content=\"https:\/\/agenciainfra.com\/blog\/costa-filho-nega-saida-antecipada-do-mpor-e-diz-que-fica-ate-abril\/\" \/>\n<meta property=\"og:site_name\" content=\"Ag\u00eancia iNFRA\" \/>\n<meta property=\"article:publisher\" content=\"https:\/\/www.facebook.com\/ageninfra\" \/>\n<meta property=\"article:published_time\" content=\"2025-10-16T14:19:07+00:00\" \/>\n<meta property=\"article:modified_time\" content=\"2025-10-17T15:04:08+00:00\" \/>\n<meta property=\"og:image\" content=\"https:\/\/agenciainfra.com\/blog\/wp-content\/uploads\/2024\/08\/silvio-costa-filho-foto-agencia-brasil-valter-campanato.jpg\" \/>\n\t<meta property=\"og:image:width\" content=\"1202\" \/>\n\t<meta property=\"og:image:height\" content=\"801\" \/>\n\t<meta property=\"og:image:type\" content=\"image\/jpeg\" \/>\n<meta name=\"author\" content=\"Ag\u00eancia iNFRA\" \/>\n<meta name=\"twitter:card\" content=\"summary_large_image\" \/>\n<meta name=\"twitter:creator\" content=\"@agencia_infra\" \/>\n<meta name=\"twitter:site\" content=\"@agencia_infra\" \/>\n<meta name=\"twitter:label1\" content=\"Escrito por\" \/>\n\t<meta name=\"twitter:data1\" content=\"Ag\u00eancia iNFRA\" \/>\n\t<meta name=\"twitter:label2\" content=\"Est. tempo de leitura\" \/>\n\t<meta name=\"twitter:data2\" content=\"4 minutos\" \/>\n<script type=\"application\/ld+json\" class=\"yoast-schema-graph\">{\"@context\":\"https:\/\/schema.org\",\"@graph\":[{\"@type\":\"Article\",\"@id\":\"https:\/\/agenciainfra.com\/blog\/costa-filho-nega-saida-antecipada-do-mpor-e-diz-que-fica-ate-abril\/#article\",\"isPartOf\":{\"@id\":\"https:\/\/agenciainfra.com\/blog\/costa-filho-nega-saida-antecipada-do-mpor-e-diz-que-fica-ate-abril\/\"},\"author\":{\"name\":\"Ag\u00eancia iNFRA\",\"@id\":\"https:\/\/agenciainfra.com\/blog\/#\/schema\/person\/34af08dff6adea4cb22b06612ba7acfa\"},\"headline\":\"Costa Filho nega sa\u00edda antecipada do MPor e diz que fica at\u00e9 abril\",\"datePublished\":\"2025-10-16T14:19:07+00:00\",\"dateModified\":\"2025-10-17T15:04:08+00:00\",\"mainEntityOfPage\":{\"@id\":\"https:\/\/agenciainfra.com\/blog\/costa-filho-nega-saida-antecipada-do-mpor-e-diz-que-fica-ate-abril\/\"},\"wordCount\":850,\"publisher\":{\"@id\":\"https:\/\/agenciainfra.com\/blog\/#organization\"},\"image\":{\"@id\":\"https:\/\/agenciainfra.com\/blog\/costa-filho-nega-saida-antecipada-do-mpor-e-diz-que-fica-ate-abril\/#primaryimage\"},\"thumbnailUrl\":\"https:\/\/agenciainfra.com\/blog\/wp-content\/uploads\/2024\/08\/silvio-costa-filho-foto-agencia-brasil-valter-campanato-e1764083670130.jpg\",\"keywords\":[\"Anderson Pomini\",\"elei\u00e7\u00f5es 2026\",\"Leil\u00f5es portu\u00e1rios\",\"Minist\u00e9rio de Portos e Aeroportos\",\"MPor\",\"Senado PE\",\"Silvio Costa Filho ministro\"],\"articleSection\":[\"iNFRATransporte\"],\"inLanguage\":\"pt-BR\",\"copyrightYear\":\"2025\",\"copyrightHolder\":{\"@id\":\"https:\/\/agenciainfra.com\/blog\/#organization\"}},{\"@type\":\"WebPage\",\"@id\":\"https:\/\/agenciainfra.com\/blog\/costa-filho-nega-saida-antecipada-do-mpor-e-diz-que-fica-ate-abril\/\",\"url\":\"https:\/\/agenciainfra.com\/blog\/costa-filho-nega-saida-antecipada-do-mpor-e-diz-que-fica-ate-abril\/\",\"name\":\"Costa Filho nega sa\u00edda antecipada do MPor e diz que fica at\u00e9 abril - Ag\u00eancia iNFRA\",\"isPartOf\":{\"@id\":\"https:\/\/agenciainfra.com\/blog\/#website\"},\"primaryImageOfPage\":{\"@id\":\"https:\/\/agenciainfra.com\/blog\/costa-filho-nega-saida-antecipada-do-mpor-e-diz-que-fica-ate-abril\/#primaryimage\"},\"image\":{\"@id\":\"https:\/\/agenciainfra.com\/blog\/costa-filho-nega-saida-antecipada-do-mpor-e-diz-que-fica-ate-abril\/#primaryimage\"},\"thumbnailUrl\":\"https:\/\/agenciainfra.com\/blog\/wp-content\/uploads\/2024\/08\/silvio-costa-filho-foto-agencia-brasil-valter-campanato-e1764083670130.jpg\",\"datePublished\":\"2025-10-16T14:19:07+00:00\",\"dateModified\":\"2025-10-17T15:04:08+00:00\",\"breadcrumb\":{\"@id\":\"https:\/\/agenciainfra.com\/blog\/costa-filho-nega-saida-antecipada-do-mpor-e-diz-que-fica-ate-abril\/#breadcrumb\"},\"inLanguage\":\"pt-BR\",\"potentialAction\":[{\"@type\":\"ReadAction\",\"target\":[\"https:\/\/agenciainfra.com\/blog\/costa-filho-nega-saida-antecipada-do-mpor-e-diz-que-fica-ate-abril\/\"]}]},{\"@type\":\"ImageObject\",\"inLanguage\":\"pt-BR\",\"@id\":\"https:\/\/agenciainfra.com\/blog\/costa-filho-nega-saida-antecipada-do-mpor-e-diz-que-fica-ate-abril\/#primaryimage\",\"url\":\"https:\/\/agenciainfra.com\/blog\/wp-content\/uploads\/2024\/08\/silvio-costa-filho-foto-agencia-brasil-valter-campanato-e1764083670130.jpg\",\"contentUrl\":\"https:\/\/agenciainfra.com\/blog\/wp-content\/uploads\/2024\/08\/silvio-costa-filho-foto-agencia-brasil-valter-campanato-e1764083670130.jpg\",\"width\":1202,\"height\":743,\"caption\":\"Foto: Walter Campanato\/Ag\u00eancia Brasil\"},{\"@type\":\"BreadcrumbList\",\"@id\":\"https:\/\/agenciainfra.com\/blog\/costa-filho-nega-saida-antecipada-do-mpor-e-diz-que-fica-ate-abril\/#breadcrumb\",\"itemListElement\":[{\"@type\":\"ListItem\",\"position\":1,\"name\":\"In\u00edcio\",\"item\":\"https:\/\/agenciainfra.com\/blog\/\"},{\"@type\":\"ListItem\",\"position\":2,\"name\":\"Costa Filho nega sa\u00edda antecipada do MPor e diz que fica at\u00e9 abril\"}]},{\"@type\":\"WebSite\",\"@id\":\"https:\/\/agenciainfra.com\/blog\/#website\",\"url\":\"https:\/\/agenciainfra.com\/blog\/\",\"name\":\"Ag\u00eancia iNFRA\",\"description\":\"Multiplataforma de informa\u00e7\u00e3o jornal\u00edstica refer\u00eancia na \u00e1rea de infraestrutura no Brasil!\",\"publisher\":{\"@id\":\"https:\/\/agenciainfra.com\/blog\/#organization\"},\"potentialAction\":[{\"@type\":\"SearchAction\",\"target\":{\"@type\":\"EntryPoint\",\"urlTemplate\":\"https:\/\/agenciainfra.com\/blog\/?s={search_term_string}\"},\"query-input\":{\"@type\":\"PropertyValueSpecification\",\"valueRequired\":true,\"valueName\":\"search_term_string\"}}],\"inLanguage\":\"pt-BR\"},{\"@type\":\"Organization\",\"@id\":\"https:\/\/agenciainfra.com\/blog\/#organization\",\"name\":\"Ag\u00eancia iNFRA\",\"url\":\"https:\/\/agenciainfra.com\/blog\/\",\"logo\":{\"@type\":\"ImageObject\",\"inLanguage\":\"pt-BR\",\"@id\":\"https:\/\/agenciainfra.com\/blog\/#\/schema\/logo\/image\/\",\"url\":\"https:\/\/agenciainfra.com\/blog\/wp-content\/uploads\/2023\/09\/iNFRA_5-e1761735885940.png\",\"contentUrl\":\"https:\/\/agenciainfra.com\/blog\/wp-content\/uploads\/2023\/09\/iNFRA_5-e1761735885940.png\",\"width\":1672,\"height\":454,\"caption\":\"Ag\u00eancia iNFRA\"},\"image\":{\"@id\":\"https:\/\/agenciainfra.com\/blog\/#\/schema\/logo\/image\/\"},\"sameAs\":[\"https:\/\/www.facebook.com\/ageninfra\",\"https:\/\/x.com\/agencia_infra\",\"https:\/\/www.linkedin.com\/company\/ag\u00eanciainfra\/\",\"https:\/\/www.instagram.com\/agenciainfra\/\"]},{\"@type\":\"Person\",\"@id\":\"https:\/\/agenciainfra.com\/blog\/#\/schema\/person\/34af08dff6adea4cb22b06612ba7acfa\",\"name\":\"Ag\u00eancia iNFRA\",\"image\":{\"@type\":\"ImageObject\",\"inLanguage\":\"pt-BR\",\"@id\":\"https:\/\/agenciainfra.com\/blog\/#\/schema\/person\/image\/\",\"url\":\"https:\/\/secure.gravatar.com\/avatar\/d189e01678f06d8eb84d4e01f08eb848b3fffe3f8443818d3c356c66892f5be8?s=96&d=mm&r=g\",\"contentUrl\":\"https:\/\/secure.gravatar.com\/avatar\/d189e01678f06d8eb84d4e01f08eb848b3fffe3f8443818d3c356c66892f5be8?s=96&d=mm&r=g\",\"caption\":\"Ag\u00eancia iNFRA\"},\"url\":\"https:\/\/agenciainfra.com\/blog\/author\/admin\/\"}]}<\/script>\n<!-- \/ Yoast SEO Premium plugin. -->","yoast_head_json":{"title":"Costa Filho nega sa\u00edda antecipada do MPor e diz que fica at\u00e9 abril - Ag\u00eancia iNFRA","robots":{"index":"index","follow":"follow","max-snippet":"max-snippet:-1","max-image-preview":"max-image-preview:large","max-video-preview":"max-video-preview:-1"},"canonical":"https:\/\/agenciainfra.com\/blog\/costa-filho-nega-saida-antecipada-do-mpor-e-diz-que-fica-ate-abril\/","og_locale":"pt_BR","og_type":"article","og_title":"Costa Filho nega sa\u00edda antecipada do MPor e diz que fica at\u00e9 abril","og_description":"Mar\u00edlia Sena, da Ag\u00eancia iNFRA O ministro de Portos e Aeroportos, Silvio Costa Filho, afirmou nesta quarta-feira (15) que permanecer\u00e1 no cargo at\u00e9 2 de abril de 2026, data-limite para se sair do posto (desincompatibiliza\u00e7\u00e3o) e poder participar do pleito eleitoral do pr\u00f3ximo ano. Nos bastidores, havia especula\u00e7\u00f5es de que o ministro deixaria a pasta [&hellip;]","og_url":"https:\/\/agenciainfra.com\/blog\/costa-filho-nega-saida-antecipada-do-mpor-e-diz-que-fica-ate-abril\/","og_site_name":"Ag\u00eancia iNFRA","article_publisher":"https:\/\/www.facebook.com\/ageninfra","article_published_time":"2025-10-16T14:19:07+00:00","article_modified_time":"2025-10-17T15:04:08+00:00","og_image":[{"width":1202,"height":801,"url":"https:\/\/agenciainfra.com\/blog\/wp-content\/uploads\/2024\/08\/silvio-costa-filho-foto-agencia-brasil-valter-campanato.jpg","type":"image\/jpeg"}],"author":"Ag\u00eancia iNFRA","twitter_card":"summary_large_image","twitter_creator":"@agencia_infra","twitter_site":"@agencia_infra","twitter_misc":{"Escrito por":"Ag\u00eancia iNFRA","Est. tempo de leitura":"4 minutos"},"schema":{"@context":"https:\/\/schema.org","@graph":[{"@type":"Article","@id":"https:\/\/agenciainfra.com\/blog\/costa-filho-nega-saida-antecipada-do-mpor-e-diz-que-fica-ate-abril\/#article","isPartOf":{"@id":"https:\/\/agenciainfra.com\/blog\/costa-filho-nega-saida-antecipada-do-mpor-e-diz-que-fica-ate-abril\/"},"author":{"name":"Ag\u00eancia iNFRA","@id":"https:\/\/agenciainfra.com\/blog\/#\/schema\/person\/34af08dff6adea4cb22b06612ba7acfa"},"headline":"Costa Filho nega sa\u00edda antecipada do MPor e diz que fica at\u00e9 abril","datePublished":"2025-10-16T14:19:07+00:00","dateModified":"2025-10-17T15:04:08+00:00","mainEntityOfPage":{"@id":"https:\/\/agenciainfra.com\/blog\/costa-filho-nega-saida-antecipada-do-mpor-e-diz-que-fica-ate-abril\/"},"wordCount":850,"publisher":{"@id":"https:\/\/agenciainfra.com\/blog\/#organization"},"image":{"@id":"https:\/\/agenciainfra.com\/blog\/costa-filho-nega-saida-antecipada-do-mpor-e-diz-que-fica-ate-abril\/#primaryimage"},"thumbnailUrl":"https:\/\/agenciainfra.com\/blog\/wp-content\/uploads\/2024\/08\/silvio-costa-filho-foto-agencia-brasil-valter-campanato-e1764083670130.jpg","keywords":["Anderson Pomini","elei\u00e7\u00f5es 2026","Leil\u00f5es portu\u00e1rios","Minist\u00e9rio de Portos e Aeroportos","MPor","Senado PE","Silvio Costa Filho ministro"],"articleSection":["iNFRATransporte"],"inLanguage":"pt-BR","copyrightYear":"2025","copyrightHolder":{"@id":"https:\/\/agenciainfra.com\/blog\/#organization"}},{"@type":"WebPage","@id":"https:\/\/agenciainfra.com\/blog\/costa-filho-nega-saida-antecipada-do-mpor-e-diz-que-fica-ate-abril\/","url":"https:\/\/agenciainfra.com\/blog\/costa-filho-nega-saida-antecipada-do-mpor-e-diz-que-fica-ate-abril\/","name":"Costa Filho nega sa\u00edda antecipada do MPor e diz que fica at\u00e9 abril - Ag\u00eancia iNFRA","isPartOf":{"@id":"https:\/\/agenciainfra.com\/blog\/#website"},"primaryImageOfPage":{"@id":"https:\/\/agenciainfra.com\/blog\/costa-filho-nega-saida-antecipada-do-mpor-e-diz-que-fica-ate-abril\/#primaryimage"},"image":{"@id":"https:\/\/agenciainfra.com\/blog\/costa-filho-nega-saida-antecipada-do-mpor-e-diz-que-fica-ate-abril\/#primaryimage"},"thumbnailUrl":"https:\/\/agenciainfra.com\/blog\/wp-content\/uploads\/2024\/08\/silvio-costa-filho-foto-agencia-brasil-valter-campanato-e1764083670130.jpg","datePublished":"2025-10-16T14:19:07+00:00","dateModified":"2025-10-17T15:04:08+00:00","breadcrumb":{"@id":"https:\/\/agenciainfra.com\/blog\/costa-filho-nega-saida-antecipada-do-mpor-e-diz-que-fica-ate-abril\/#breadcrumb"},"inLanguage":"pt-BR","potentialAction":[{"@type":"ReadAction","target":["https:\/\/agenciainfra.com\/blog\/costa-filho-nega-saida-antecipada-do-mpor-e-diz-que-fica-ate-abril\/"]}]},{"@type":"ImageObject","inLanguage":"pt-BR","@id":"https:\/\/agenciainfra.com\/blog\/costa-filho-nega-saida-antecipada-do-mpor-e-diz-que-fica-ate-abril\/#primaryimage","url":"https:\/\/agenciainfra.com\/blog\/wp-content\/uploads\/2024\/08\/silvio-costa-filho-foto-agencia-brasil-valter-campanato-e1764083670130.jpg","contentUrl":"https:\/\/agenciainfra.com\/blog\/wp-content\/uploads\/2024\/08\/silvio-costa-filho-foto-agencia-brasil-valter-campanato-e1764083670130.jpg","width":1202,"height":743,"caption":"Foto: Walter Campanato\/Ag\u00eancia Brasil"},{"@type":"BreadcrumbList","@id":"https:\/\/agenciainfra.com\/blog\/costa-filho-nega-saida-antecipada-do-mpor-e-diz-que-fica-ate-abril\/#breadcrumb","itemListElement":[{"@type":"ListItem","position":1,"name":"In\u00edcio","item":"https:\/\/agenciainfra.com\/blog\/"},{"@type":"ListItem","position":2,"name":"Costa Filho nega sa\u00edda antecipada do MPor e diz que fica at\u00e9 abril"}]},{"@type":"WebSite","@id":"https:\/\/agenciainfra.com\/blog\/#website","url":"https:\/\/agenciainfra.com\/blog\/","name":"Ag\u00eancia iNFRA","description":"Multiplataforma de informa\u00e7\u00e3o jornal\u00edstica refer\u00eancia na \u00e1rea de infraestrutura no Brasil!","publisher":{"@id":"https:\/\/agenciainfra.com\/blog\/#organization"},"potentialAction":[{"@type":"SearchAction","target":{"@type":"EntryPoint","urlTemplate":"https:\/\/agenciainfra.com\/blog\/?s={search_term_string}"},"query-input":{"@type":"PropertyValueSpecification","valueRequired":true,"valueName":"search_term_string"}}],"inLanguage":"pt-BR"},{"@type":"Organization","@id":"https:\/\/agenciainfra.com\/blog\/#organization","name":"Ag\u00eancia iNFRA","url":"https:\/\/agenciainfra.com\/blog\/","logo":{"@type":"ImageObject","inLanguage":"pt-BR","@id":"https:\/\/agenciainfra.com\/blog\/#\/schema\/logo\/image\/","url":"https:\/\/agenciainfra.com\/blog\/wp-content\/uploads\/2023\/09\/iNFRA_5-e1761735885940.png","contentUrl":"https:\/\/agenciainfra.com\/blog\/wp-content\/uploads\/2023\/09\/iNFRA_5-e1761735885940.png","width":1672,"height":454,"caption":"Ag\u00eancia iNFRA"},"image":{"@id":"https:\/\/agenciainfra.com\/blog\/#\/schema\/logo\/image\/"},"sameAs":["https:\/\/www.facebook.com\/ageninfra","https:\/\/x.com\/agencia_infra","https:\/\/www.linkedin.com\/company\/ag\u00eanciainfra\/","https:\/\/www.instagram.com\/agenciainfra\/"]},{"@type":"Person","@id":"https:\/\/agenciainfra.com\/blog\/#\/schema\/person\/34af08dff6adea4cb22b06612ba7acfa","name":"Ag\u00eancia iNFRA","image":{"@type":"ImageObject","inLanguage":"pt-BR","@id":"https:\/\/agenciainfra.com\/blog\/#\/schema\/person\/image\/","url":"https:\/\/secure.gravatar.com\/avatar\/d189e01678f06d8eb84d4e01f08eb848b3fffe3f8443818d3c356c66892f5be8?s=96&d=mm&r=g","contentUrl":"https:\/\/secure.gravatar.com\/avatar\/d189e01678f06d8eb84d4e01f08eb848b3fffe3f8443818d3c356c66892f5be8?s=96&d=mm&r=g","caption":"Ag\u00eancia iNFRA"},"url":"https:\/\/agenciainfra.com\/blog\/author\/admin\/"}]}},"_links":{"self":[{"href":"https:\/\/agenciainfra.com\/blog\/wp-json\/wp\/v2\/posts\/29957","targetHints":{"allow":["GET"]}}],"collection":[{"href":"https:\/\/agenciainfra.com\/blog\/wp-json\/wp\/v2\/posts"}],"about":[{"href":"https:\/\/agenciainfra.com\/blog\/wp-json\/wp\/v2\/types\/post"}],"author":[{"embeddable":true,"href":"https:\/\/agenciainfra.com\/blog\/wp-json\/wp\/v2\/users\/1"}],"replies":[{"embeddable":true,"href":"https:\/\/agenciainfra.com\/blog\/wp-json\/wp\/v2\/comments?post=29957"}],"version-history":[{"count":2,"href":"https:\/\/agenciainfra.com\/blog\/wp-json\/wp\/v2\/posts\/29957\/revisions"}],"predecessor-version":[{"id":29978,"href":"https:\/\/agenciainfra.com\/blog\/wp-json\/wp\/v2\/posts\/29957\/revisions\/29978"}],"wp:featuredmedia":[{"embeddable":true,"href":"https:\/\/agenciainfra.com\/blog\/wp-json\/wp\/v2\/media\/18287"}],"wp:attachment":[{"href":"https:\/\/agenciainfra.com\/blog\/wp-json\/wp\/v2\/media?parent=29957"}],"wp:term":[{"taxonomy":"category","embeddable":true,"href":"https:\/\/agenciainfra.com\/blog\/wp-json\/wp\/v2\/categories?post=29957"},{"taxonomy":"post_tag","embeddable":true,"href":"https:\/\/agenciainfra.com\/blog\/wp-json\/wp\/v2\/tags?post=29957"}],"curies":[{"name":"wp","href":"https:\/\/api.w.org\/{rel}","templated":true}]}}