{"id":29963,"date":"2025-10-16T12:35:26","date_gmt":"2025-10-16T15:35:26","guid":{"rendered":"https:\/\/agenciainfra.com\/blog\/?p=29963"},"modified":"2025-10-17T11:54:07","modified_gmt":"2025-10-17T14:54:07","slug":"mp-1-304-relatorio-deve-ser-apresentado-a-comissao-no-dia-28-deste-mes","status":"publish","type":"post","link":"https:\/\/agenciainfra.com\/blog\/mp-1-304-relatorio-deve-ser-apresentado-a-comissao-no-dia-28-deste-mes\/","title":{"rendered":"MP 1.304: Relat\u00f3rio deve ser apresentado \u00e0 comiss\u00e3o no\u00a0dia\u00a028\u00a0deste\u00a0m\u00eas"},"content":{"rendered":"\n<p class=\"has-text-align-right\"><strong>Geraldo Campos Jr. e Lais Carregosa, da Ag\u00eancia iNFRA<\/strong><\/p>\n\n\n\n<p>O relat\u00f3rio da MP (Medida Provis\u00f3ria) 1.304, que vai tratar da reforma do setor el\u00e9trico, deve ser apresentado \u00e0 comiss\u00e3o mista no dia 28 de outubro, afirmou o relator da proposta, senador Eduardo Braga (MDB-AM), em entrevista \u00e0 imprensa nesta quinta-feira (16). A ideia, segundo ele, \u00e9 que a medida seja votada na comiss\u00e3o no mesmo dia. O texto perde a validade no dia 7 de novembro.<\/p>\n\n\n\n<p>\u201c\u00c9 mais prov\u00e1vel fazer a apresenta\u00e7\u00e3o do relat\u00f3rio no dia 28, com vista de poucas horas, e a\u00ed apresentamos talvez de manh\u00e3 e \u00e0 tarde votamos. [\u2026] Vai com o pedido de urg\u00eancia para o plen\u00e1rio da C\u00e2mara e a\u00ed vamos correr na C\u00e2mara para ver como vamos andar\u201d, declarou ap\u00f3s a terceira audi\u00eancia p\u00fablica da MP. Na pr\u00f3xima segunda-feira (20), ele deve fazer uma reuni\u00e3o com o deputado Fernando Coelho Filho (Uni\u00e3o-PE), presidente da comiss\u00e3o, para discutir os pr\u00f3ximos passos.<\/p>\n\n\n\n<p>Braga tamb\u00e9m afirmou que j\u00e1 tem negociado pontos do texto com parlamentares. \u201cQuem me acompanha sabe que eu tenho um lado t\u00e9cnico, mas tenho um lado de articulador pol\u00edtico. Ent\u00e3o, j\u00e1 estou trabalhando muito na articula\u00e7\u00e3o para que a gente possa ir construindo aliados em torno do texto que n\u00f3s estamos pensando em escrever\u201d, disse.<\/p>\n\n\n\n<p><\/p>\n","protected":false},"excerpt":{"rendered":"<p>Geraldo Campos Jr. e Lais Carregosa, da Ag\u00eancia iNFRA O relat\u00f3rio da MP (Medida Provis\u00f3ria) 1.304, que vai tratar da reforma do setor el\u00e9trico, deve ser apresentado \u00e0 comiss\u00e3o mista no dia 28 de outubro, afirmou o relator da proposta, senador Eduardo Braga (MDB-AM), em entrevista \u00e0 imprensa nesta quinta-feira (16). A ideia, segundo ele, [&hellip;]<\/p>\n","protected":false},"author":1,"featured_media":29968,"comment_status":"closed","ping_status":"closed","sticky":false,"template":"","format":"standard","meta":{"_monsterinsights_skip_tracking":false,"_monsterinsights_sitenote_active":false,"_monsterinsights_sitenote_note":"","_monsterinsights_sitenote_category":0,"footnotes":""},"categories":[10],"tags":[5189,16170,13489,1252,25,11594,13132,11465,76,14378,13261,54],"class_list":["post-29963","post","type-post","status-publish","format-standard","has-post-thumbnail","hentry","category-infraenergia","tag-baterias","tag-custo-ao-consumidor","tag-deputado-fernando-coelho-filho","tag-eduardo-braga","tag-energia","tag-geraldo-campos-jr","tag-lais-carregosa","tag-leilao-de-baterias","tag-medida-provisoria","tag-mp-1-304","tag-mp-do-setor-eletrico","tag-setor-eletrico"],"yoast_head":"<!-- This site is optimized with the Yoast SEO Premium plugin v25.4 (Yoast SEO v26.0) - https:\/\/yoast.com\/wordpress\/plugins\/seo\/ -->\n<title>MP 1.304: Relat\u00f3rio deve ser apresentado \u00e0 comiss\u00e3o no\u00a0dia\u00a028\u00a0deste\u00a0m\u00eas - Ag\u00eancia iNFRA<\/title>\n<meta name=\"robots\" content=\"index, follow, max-snippet:-1, max-image-preview:large, max-video-preview:-1\" \/>\n<link rel=\"canonical\" href=\"https:\/\/agenciainfra.com\/blog\/mp-1-304-relatorio-deve-ser-apresentado-a-comissao-no-dia-28-deste-mes\/\" \/>\n<meta property=\"og:locale\" content=\"pt_BR\" \/>\n<meta property=\"og:type\" content=\"article\" \/>\n<meta property=\"og:title\" content=\"MP 1.304: Relat\u00f3rio deve ser apresentado \u00e0 comiss\u00e3o no\u00a0dia\u00a028\u00a0deste\u00a0m\u00eas\" \/>\n<meta property=\"og:description\" content=\"Geraldo Campos Jr. e Lais Carregosa, da Ag\u00eancia iNFRA O relat\u00f3rio da MP (Medida Provis\u00f3ria) 1.304, que vai tratar da reforma do setor el\u00e9trico, deve ser apresentado \u00e0 comiss\u00e3o mista no dia 28 de outubro, afirmou o relator da proposta, senador Eduardo Braga (MDB-AM), em entrevista \u00e0 imprensa nesta quinta-feira (16). A ideia, segundo ele, [&hellip;]\" \/>\n<meta property=\"og:url\" content=\"https:\/\/agenciainfra.com\/blog\/mp-1-304-relatorio-deve-ser-apresentado-a-comissao-no-dia-28-deste-mes\/\" \/>\n<meta property=\"og:site_name\" content=\"Ag\u00eancia iNFRA\" \/>\n<meta property=\"article:publisher\" content=\"https:\/\/www.facebook.com\/ageninfra\" \/>\n<meta property=\"article:published_time\" content=\"2025-10-16T15:35:26+00:00\" \/>\n<meta property=\"article:modified_time\" content=\"2025-10-17T14:54:07+00:00\" \/>\n<meta property=\"og:image\" content=\"https:\/\/agenciainfra.com\/blog\/wp-content\/uploads\/2025\/10\/comissao-mp-1304-foto-saulo-cruz-ag-senado-scaled.jpg\" \/>\n\t<meta property=\"og:image:width\" content=\"2560\" \/>\n\t<meta property=\"og:image:height\" content=\"1707\" \/>\n\t<meta property=\"og:image:type\" content=\"image\/jpeg\" \/>\n<meta name=\"author\" content=\"Ag\u00eancia iNFRA\" \/>\n<meta name=\"twitter:card\" content=\"summary_large_image\" \/>\n<meta name=\"twitter:creator\" content=\"@agencia_infra\" \/>\n<meta name=\"twitter:site\" content=\"@agencia_infra\" \/>\n<meta name=\"twitter:label1\" content=\"Escrito por\" \/>\n\t<meta name=\"twitter:data1\" content=\"Ag\u00eancia iNFRA\" \/>\n\t<meta name=\"twitter:label2\" content=\"Est. tempo de leitura\" \/>\n\t<meta name=\"twitter:data2\" content=\"1 minuto\" \/>\n<script type=\"application\/ld+json\" class=\"yoast-schema-graph\">{\"@context\":\"https:\/\/schema.org\",\"@graph\":[{\"@type\":\"Article\",\"@id\":\"https:\/\/agenciainfra.com\/blog\/mp-1-304-relatorio-deve-ser-apresentado-a-comissao-no-dia-28-deste-mes\/#article\",\"isPartOf\":{\"@id\":\"https:\/\/agenciainfra.com\/blog\/mp-1-304-relatorio-deve-ser-apresentado-a-comissao-no-dia-28-deste-mes\/\"},\"author\":{\"name\":\"Ag\u00eancia iNFRA\",\"@id\":\"https:\/\/agenciainfra.com\/blog\/#\/schema\/person\/34af08dff6adea4cb22b06612ba7acfa\"},\"headline\":\"MP 1.304: Relat\u00f3rio deve ser apresentado \u00e0 comiss\u00e3o no\u00a0dia\u00a028\u00a0deste\u00a0m\u00eas\",\"datePublished\":\"2025-10-16T15:35:26+00:00\",\"dateModified\":\"2025-10-17T14:54:07+00:00\",\"mainEntityOfPage\":{\"@id\":\"https:\/\/agenciainfra.com\/blog\/mp-1-304-relatorio-deve-ser-apresentado-a-comissao-no-dia-28-deste-mes\/\"},\"wordCount\":240,\"publisher\":{\"@id\":\"https:\/\/agenciainfra.com\/blog\/#organization\"},\"image\":{\"@id\":\"https:\/\/agenciainfra.com\/blog\/mp-1-304-relatorio-deve-ser-apresentado-a-comissao-no-dia-28-deste-mes\/#primaryimage\"},\"thumbnailUrl\":\"https:\/\/agenciainfra.com\/blog\/wp-content\/uploads\/2025\/10\/comissao-mp-1304-foto-saulo-cruz-ag-senado-scaled.jpg\",\"keywords\":[\"baterias\",\"custo ao consumidor\",\"deputado fernando coelho filho\",\"Eduardo Braga\",\"energia\",\"Geraldo Campos Jr.\",\"Lais Carregosa\",\"leil\u00e3o de baterias\",\"Medida Provis\u00f3ria\",\"MP 1.304\",\"mp do setor el\u00e9trico\",\"Setor El\u00e9trico\"],\"articleSection\":[\"iNFRAEnergia\"],\"inLanguage\":\"pt-BR\",\"copyrightYear\":\"2025\",\"copyrightHolder\":{\"@id\":\"https:\/\/agenciainfra.com\/blog\/#organization\"}},{\"@type\":\"WebPage\",\"@id\":\"https:\/\/agenciainfra.com\/blog\/mp-1-304-relatorio-deve-ser-apresentado-a-comissao-no-dia-28-deste-mes\/\",\"url\":\"https:\/\/agenciainfra.com\/blog\/mp-1-304-relatorio-deve-ser-apresentado-a-comissao-no-dia-28-deste-mes\/\",\"name\":\"MP 1.304: Relat\u00f3rio deve ser apresentado \u00e0 comiss\u00e3o no\u00a0dia\u00a028\u00a0deste\u00a0m\u00eas - Ag\u00eancia iNFRA\",\"isPartOf\":{\"@id\":\"https:\/\/agenciainfra.com\/blog\/#website\"},\"primaryImageOfPage\":{\"@id\":\"https:\/\/agenciainfra.com\/blog\/mp-1-304-relatorio-deve-ser-apresentado-a-comissao-no-dia-28-deste-mes\/#primaryimage\"},\"image\":{\"@id\":\"https:\/\/agenciainfra.com\/blog\/mp-1-304-relatorio-deve-ser-apresentado-a-comissao-no-dia-28-deste-mes\/#primaryimage\"},\"thumbnailUrl\":\"https:\/\/agenciainfra.com\/blog\/wp-content\/uploads\/2025\/10\/comissao-mp-1304-foto-saulo-cruz-ag-senado-scaled.jpg\",\"datePublished\":\"2025-10-16T15:35:26+00:00\",\"dateModified\":\"2025-10-17T14:54:07+00:00\",\"breadcrumb\":{\"@id\":\"https:\/\/agenciainfra.com\/blog\/mp-1-304-relatorio-deve-ser-apresentado-a-comissao-no-dia-28-deste-mes\/#breadcrumb\"},\"inLanguage\":\"pt-BR\",\"potentialAction\":[{\"@type\":\"ReadAction\",\"target\":[\"https:\/\/agenciainfra.com\/blog\/mp-1-304-relatorio-deve-ser-apresentado-a-comissao-no-dia-28-deste-mes\/\"]}]},{\"@type\":\"ImageObject\",\"inLanguage\":\"pt-BR\",\"@id\":\"https:\/\/agenciainfra.com\/blog\/mp-1-304-relatorio-deve-ser-apresentado-a-comissao-no-dia-28-deste-mes\/#primaryimage\",\"url\":\"https:\/\/agenciainfra.com\/blog\/wp-content\/uploads\/2025\/10\/comissao-mp-1304-foto-saulo-cruz-ag-senado-scaled.jpg\",\"contentUrl\":\"https:\/\/agenciainfra.com\/blog\/wp-content\/uploads\/2025\/10\/comissao-mp-1304-foto-saulo-cruz-ag-senado-scaled.jpg\",\"width\":2560,\"height\":1707,\"caption\":\"Foto: Saulo Cruz\/Ag\u00eancia Senado\"},{\"@type\":\"BreadcrumbList\",\"@id\":\"https:\/\/agenciainfra.com\/blog\/mp-1-304-relatorio-deve-ser-apresentado-a-comissao-no-dia-28-deste-mes\/#breadcrumb\",\"itemListElement\":[{\"@type\":\"ListItem\",\"position\":1,\"name\":\"In\u00edcio\",\"item\":\"https:\/\/agenciainfra.com\/blog\/\"},{\"@type\":\"ListItem\",\"position\":2,\"name\":\"MP 1.304: Relat\u00f3rio deve ser apresentado \u00e0 comiss\u00e3o no\u00a0dia\u00a028\u00a0deste\u00a0m\u00eas\"}]},{\"@type\":\"WebSite\",\"@id\":\"https:\/\/agenciainfra.com\/blog\/#website\",\"url\":\"https:\/\/agenciainfra.com\/blog\/\",\"name\":\"Ag\u00eancia iNFRA\",\"description\":\"Multiplataforma de informa\u00e7\u00e3o jornal\u00edstica refer\u00eancia na \u00e1rea de infraestrutura no Brasil!\",\"publisher\":{\"@id\":\"https:\/\/agenciainfra.com\/blog\/#organization\"},\"potentialAction\":[{\"@type\":\"SearchAction\",\"target\":{\"@type\":\"EntryPoint\",\"urlTemplate\":\"https:\/\/agenciainfra.com\/blog\/?s={search_term_string}\"},\"query-input\":{\"@type\":\"PropertyValueSpecification\",\"valueRequired\":true,\"valueName\":\"search_term_string\"}}],\"inLanguage\":\"pt-BR\"},{\"@type\":\"Organization\",\"@id\":\"https:\/\/agenciainfra.com\/blog\/#organization\",\"name\":\"Ag\u00eancia iNFRA\",\"url\":\"https:\/\/agenciainfra.com\/blog\/\",\"logo\":{\"@type\":\"ImageObject\",\"inLanguage\":\"pt-BR\",\"@id\":\"https:\/\/agenciainfra.com\/blog\/#\/schema\/logo\/image\/\",\"url\":\"https:\/\/agenciainfra.com\/blog\/wp-content\/uploads\/2023\/09\/iNFRA_5-e1761735885940.png\",\"contentUrl\":\"https:\/\/agenciainfra.com\/blog\/wp-content\/uploads\/2023\/09\/iNFRA_5-e1761735885940.png\",\"width\":1672,\"height\":454,\"caption\":\"Ag\u00eancia iNFRA\"},\"image\":{\"@id\":\"https:\/\/agenciainfra.com\/blog\/#\/schema\/logo\/image\/\"},\"sameAs\":[\"https:\/\/www.facebook.com\/ageninfra\",\"https:\/\/x.com\/agencia_infra\",\"https:\/\/www.linkedin.com\/company\/ag\u00eanciainfra\/\",\"https:\/\/www.instagram.com\/agenciainfra\/\"]},{\"@type\":\"Person\",\"@id\":\"https:\/\/agenciainfra.com\/blog\/#\/schema\/person\/34af08dff6adea4cb22b06612ba7acfa\",\"name\":\"Ag\u00eancia iNFRA\",\"image\":{\"@type\":\"ImageObject\",\"inLanguage\":\"pt-BR\",\"@id\":\"https:\/\/agenciainfra.com\/blog\/#\/schema\/person\/image\/\",\"url\":\"https:\/\/secure.gravatar.com\/avatar\/d189e01678f06d8eb84d4e01f08eb848b3fffe3f8443818d3c356c66892f5be8?s=96&d=mm&r=g\",\"contentUrl\":\"https:\/\/secure.gravatar.com\/avatar\/d189e01678f06d8eb84d4e01f08eb848b3fffe3f8443818d3c356c66892f5be8?s=96&d=mm&r=g\",\"caption\":\"Ag\u00eancia iNFRA\"},\"url\":\"https:\/\/agenciainfra.com\/blog\/author\/admin\/\"}]}<\/script>\n<!-- \/ Yoast SEO Premium plugin. -->","yoast_head_json":{"title":"MP 1.304: Relat\u00f3rio deve ser apresentado \u00e0 comiss\u00e3o no\u00a0dia\u00a028\u00a0deste\u00a0m\u00eas - Ag\u00eancia iNFRA","robots":{"index":"index","follow":"follow","max-snippet":"max-snippet:-1","max-image-preview":"max-image-preview:large","max-video-preview":"max-video-preview:-1"},"canonical":"https:\/\/agenciainfra.com\/blog\/mp-1-304-relatorio-deve-ser-apresentado-a-comissao-no-dia-28-deste-mes\/","og_locale":"pt_BR","og_type":"article","og_title":"MP 1.304: Relat\u00f3rio deve ser apresentado \u00e0 comiss\u00e3o no\u00a0dia\u00a028\u00a0deste\u00a0m\u00eas","og_description":"Geraldo Campos Jr. e Lais Carregosa, da Ag\u00eancia iNFRA O relat\u00f3rio da MP (Medida Provis\u00f3ria) 1.304, que vai tratar da reforma do setor el\u00e9trico, deve ser apresentado \u00e0 comiss\u00e3o mista no dia 28 de outubro, afirmou o relator da proposta, senador Eduardo Braga (MDB-AM), em entrevista \u00e0 imprensa nesta quinta-feira (16). A ideia, segundo ele, [&hellip;]","og_url":"https:\/\/agenciainfra.com\/blog\/mp-1-304-relatorio-deve-ser-apresentado-a-comissao-no-dia-28-deste-mes\/","og_site_name":"Ag\u00eancia iNFRA","article_publisher":"https:\/\/www.facebook.com\/ageninfra","article_published_time":"2025-10-16T15:35:26+00:00","article_modified_time":"2025-10-17T14:54:07+00:00","og_image":[{"width":2560,"height":1707,"url":"https:\/\/agenciainfra.com\/blog\/wp-content\/uploads\/2025\/10\/comissao-mp-1304-foto-saulo-cruz-ag-senado-scaled.jpg","type":"image\/jpeg"}],"author":"Ag\u00eancia iNFRA","twitter_card":"summary_large_image","twitter_creator":"@agencia_infra","twitter_site":"@agencia_infra","twitter_misc":{"Escrito por":"Ag\u00eancia iNFRA","Est. tempo de leitura":"1 minuto"},"schema":{"@context":"https:\/\/schema.org","@graph":[{"@type":"Article","@id":"https:\/\/agenciainfra.com\/blog\/mp-1-304-relatorio-deve-ser-apresentado-a-comissao-no-dia-28-deste-mes\/#article","isPartOf":{"@id":"https:\/\/agenciainfra.com\/blog\/mp-1-304-relatorio-deve-ser-apresentado-a-comissao-no-dia-28-deste-mes\/"},"author":{"name":"Ag\u00eancia iNFRA","@id":"https:\/\/agenciainfra.com\/blog\/#\/schema\/person\/34af08dff6adea4cb22b06612ba7acfa"},"headline":"MP 1.304: Relat\u00f3rio deve ser apresentado \u00e0 comiss\u00e3o no\u00a0dia\u00a028\u00a0deste\u00a0m\u00eas","datePublished":"2025-10-16T15:35:26+00:00","dateModified":"2025-10-17T14:54:07+00:00","mainEntityOfPage":{"@id":"https:\/\/agenciainfra.com\/blog\/mp-1-304-relatorio-deve-ser-apresentado-a-comissao-no-dia-28-deste-mes\/"},"wordCount":240,"publisher":{"@id":"https:\/\/agenciainfra.com\/blog\/#organization"},"image":{"@id":"https:\/\/agenciainfra.com\/blog\/mp-1-304-relatorio-deve-ser-apresentado-a-comissao-no-dia-28-deste-mes\/#primaryimage"},"thumbnailUrl":"https:\/\/agenciainfra.com\/blog\/wp-content\/uploads\/2025\/10\/comissao-mp-1304-foto-saulo-cruz-ag-senado-scaled.jpg","keywords":["baterias","custo ao consumidor","deputado fernando coelho filho","Eduardo Braga","energia","Geraldo Campos Jr.","Lais Carregosa","leil\u00e3o de baterias","Medida Provis\u00f3ria","MP 1.304","mp do setor el\u00e9trico","Setor El\u00e9trico"],"articleSection":["iNFRAEnergia"],"inLanguage":"pt-BR","copyrightYear":"2025","copyrightHolder":{"@id":"https:\/\/agenciainfra.com\/blog\/#organization"}},{"@type":"WebPage","@id":"https:\/\/agenciainfra.com\/blog\/mp-1-304-relatorio-deve-ser-apresentado-a-comissao-no-dia-28-deste-mes\/","url":"https:\/\/agenciainfra.com\/blog\/mp-1-304-relatorio-deve-ser-apresentado-a-comissao-no-dia-28-deste-mes\/","name":"MP 1.304: Relat\u00f3rio deve ser apresentado \u00e0 comiss\u00e3o no\u00a0dia\u00a028\u00a0deste\u00a0m\u00eas - Ag\u00eancia iNFRA","isPartOf":{"@id":"https:\/\/agenciainfra.com\/blog\/#website"},"primaryImageOfPage":{"@id":"https:\/\/agenciainfra.com\/blog\/mp-1-304-relatorio-deve-ser-apresentado-a-comissao-no-dia-28-deste-mes\/#primaryimage"},"image":{"@id":"https:\/\/agenciainfra.com\/blog\/mp-1-304-relatorio-deve-ser-apresentado-a-comissao-no-dia-28-deste-mes\/#primaryimage"},"thumbnailUrl":"https:\/\/agenciainfra.com\/blog\/wp-content\/uploads\/2025\/10\/comissao-mp-1304-foto-saulo-cruz-ag-senado-scaled.jpg","datePublished":"2025-10-16T15:35:26+00:00","dateModified":"2025-10-17T14:54:07+00:00","breadcrumb":{"@id":"https:\/\/agenciainfra.com\/blog\/mp-1-304-relatorio-deve-ser-apresentado-a-comissao-no-dia-28-deste-mes\/#breadcrumb"},"inLanguage":"pt-BR","potentialAction":[{"@type":"ReadAction","target":["https:\/\/agenciainfra.com\/blog\/mp-1-304-relatorio-deve-ser-apresentado-a-comissao-no-dia-28-deste-mes\/"]}]},{"@type":"ImageObject","inLanguage":"pt-BR","@id":"https:\/\/agenciainfra.com\/blog\/mp-1-304-relatorio-deve-ser-apresentado-a-comissao-no-dia-28-deste-mes\/#primaryimage","url":"https:\/\/agenciainfra.com\/blog\/wp-content\/uploads\/2025\/10\/comissao-mp-1304-foto-saulo-cruz-ag-senado-scaled.jpg","contentUrl":"https:\/\/agenciainfra.com\/blog\/wp-content\/uploads\/2025\/10\/comissao-mp-1304-foto-saulo-cruz-ag-senado-scaled.jpg","width":2560,"height":1707,"caption":"Foto: Saulo Cruz\/Ag\u00eancia Senado"},{"@type":"BreadcrumbList","@id":"https:\/\/agenciainfra.com\/blog\/mp-1-304-relatorio-deve-ser-apresentado-a-comissao-no-dia-28-deste-mes\/#breadcrumb","itemListElement":[{"@type":"ListItem","position":1,"name":"In\u00edcio","item":"https:\/\/agenciainfra.com\/blog\/"},{"@type":"ListItem","position":2,"name":"MP 1.304: Relat\u00f3rio deve ser apresentado \u00e0 comiss\u00e3o no\u00a0dia\u00a028\u00a0deste\u00a0m\u00eas"}]},{"@type":"WebSite","@id":"https:\/\/agenciainfra.com\/blog\/#website","url":"https:\/\/agenciainfra.com\/blog\/","name":"Ag\u00eancia iNFRA","description":"Multiplataforma de informa\u00e7\u00e3o jornal\u00edstica refer\u00eancia na \u00e1rea de infraestrutura no Brasil!","publisher":{"@id":"https:\/\/agenciainfra.com\/blog\/#organization"},"potentialAction":[{"@type":"SearchAction","target":{"@type":"EntryPoint","urlTemplate":"https:\/\/agenciainfra.com\/blog\/?s={search_term_string}"},"query-input":{"@type":"PropertyValueSpecification","valueRequired":true,"valueName":"search_term_string"}}],"inLanguage":"pt-BR"},{"@type":"Organization","@id":"https:\/\/agenciainfra.com\/blog\/#organization","name":"Ag\u00eancia iNFRA","url":"https:\/\/agenciainfra.com\/blog\/","logo":{"@type":"ImageObject","inLanguage":"pt-BR","@id":"https:\/\/agenciainfra.com\/blog\/#\/schema\/logo\/image\/","url":"https:\/\/agenciainfra.com\/blog\/wp-content\/uploads\/2023\/09\/iNFRA_5-e1761735885940.png","contentUrl":"https:\/\/agenciainfra.com\/blog\/wp-content\/uploads\/2023\/09\/iNFRA_5-e1761735885940.png","width":1672,"height":454,"caption":"Ag\u00eancia iNFRA"},"image":{"@id":"https:\/\/agenciainfra.com\/blog\/#\/schema\/logo\/image\/"},"sameAs":["https:\/\/www.facebook.com\/ageninfra","https:\/\/x.com\/agencia_infra","https:\/\/www.linkedin.com\/company\/ag\u00eanciainfra\/","https:\/\/www.instagram.com\/agenciainfra\/"]},{"@type":"Person","@id":"https:\/\/agenciainfra.com\/blog\/#\/schema\/person\/34af08dff6adea4cb22b06612ba7acfa","name":"Ag\u00eancia iNFRA","image":{"@type":"ImageObject","inLanguage":"pt-BR","@id":"https:\/\/agenciainfra.com\/blog\/#\/schema\/person\/image\/","url":"https:\/\/secure.gravatar.com\/avatar\/d189e01678f06d8eb84d4e01f08eb848b3fffe3f8443818d3c356c66892f5be8?s=96&d=mm&r=g","contentUrl":"https:\/\/secure.gravatar.com\/avatar\/d189e01678f06d8eb84d4e01f08eb848b3fffe3f8443818d3c356c66892f5be8?s=96&d=mm&r=g","caption":"Ag\u00eancia iNFRA"},"url":"https:\/\/agenciainfra.com\/blog\/author\/admin\/"}]}},"_links":{"self":[{"href":"https:\/\/agenciainfra.com\/blog\/wp-json\/wp\/v2\/posts\/29963","targetHints":{"allow":["GET"]}}],"collection":[{"href":"https:\/\/agenciainfra.com\/blog\/wp-json\/wp\/v2\/posts"}],"about":[{"href":"https:\/\/agenciainfra.com\/blog\/wp-json\/wp\/v2\/types\/post"}],"author":[{"embeddable":true,"href":"https:\/\/agenciainfra.com\/blog\/wp-json\/wp\/v2\/users\/1"}],"replies":[{"embeddable":true,"href":"https:\/\/agenciainfra.com\/blog\/wp-json\/wp\/v2\/comments?post=29963"}],"version-history":[{"count":1,"href":"https:\/\/agenciainfra.com\/blog\/wp-json\/wp\/v2\/posts\/29963\/revisions"}],"predecessor-version":[{"id":29970,"href":"https:\/\/agenciainfra.com\/blog\/wp-json\/wp\/v2\/posts\/29963\/revisions\/29970"}],"wp:featuredmedia":[{"embeddable":true,"href":"https:\/\/agenciainfra.com\/blog\/wp-json\/wp\/v2\/media\/29968"}],"wp:attachment":[{"href":"https:\/\/agenciainfra.com\/blog\/wp-json\/wp\/v2\/media?parent=29963"}],"wp:term":[{"taxonomy":"category","embeddable":true,"href":"https:\/\/agenciainfra.com\/blog\/wp-json\/wp\/v2\/categories?post=29963"},{"taxonomy":"post_tag","embeddable":true,"href":"https:\/\/agenciainfra.com\/blog\/wp-json\/wp\/v2\/tags?post=29963"}],"curies":[{"name":"wp","href":"https:\/\/api.w.org\/{rel}","templated":true}]}}