{"id":29977,"date":"2025-10-20T11:00:00","date_gmt":"2025-10-20T14:00:00","guid":{"rendered":"https:\/\/agenciainfra.com\/blog\/?p=29977"},"modified":"2025-10-21T08:06:54","modified_gmt":"2025-10-21T11:06:54","slug":"tcu-recomenda-a-antt-melhorias-na-fiscalizacao-de-ferrovias-concedidas","status":"publish","type":"post","link":"https:\/\/agenciainfra.com\/blog\/tcu-recomenda-a-antt-melhorias-na-fiscalizacao-de-ferrovias-concedidas\/","title":{"rendered":"TCU recomenda \u00e0 ANTT melhorias na fiscaliza\u00e7\u00e3o de ferrovias concedidas"},"content":{"rendered":"\n<p class=\"has-text-align-right\"><strong>Amanda Pupo, da Ag\u00eancia iNFRA<\/strong><\/p>\n\n\n\n<p>O TCU (Tribunal de Contas da Uni\u00e3o) recomendou \u00e0 ANTT (Ag\u00eancia Nacional de Transportes Terrestres) uma s\u00e9rie de a\u00e7\u00f5es para melhorar a fiscaliza\u00e7\u00e3o das concess\u00f5es ferrovi\u00e1rias, partindo do diagn\u00f3stico de que existiriam \u201cdebilidades estruturais\u201d que demandam uma reorienta\u00e7\u00e3o da reguladora diante do novo cen\u00e1rio do setor no pa\u00eds. Alguns dos pontos levantados pela auditoria da corte de contas convergem com as discuss\u00f5es que a ANTT j\u00e1 est\u00e1 fazendo na revis\u00e3o geral do&nbsp;<a href=\"https:\/\/agenciainfra.us14.list-manage.com\/track\/click?u=d460dd1bcf9ba0ae040e1fc0f&amp;id=fa4f9f453e&amp;e=55b7a27fc9\" target=\"_blank\" rel=\"noreferrer noopener\">marco regulat\u00f3rio<\/a>&nbsp;do segmento ferrovi\u00e1rio, que pegou tra\u00e7\u00e3o neste ano e deve ser conclu\u00edda at\u00e9 2028.<br><br>As conclus\u00f5es do TCU podem, inclusive, dar algum tipo de respaldo \u00e0 ag\u00eancia para regulamentar temas mais delicados para o mercado e que podem gerar maior resist\u00eancia das concession\u00e1rias ou dos usu\u00e1rios para avan\u00e7ar. O ac\u00f3rd\u00e3o, julgado na \u00faltima quarta-feira (15), pode ser conferido&nbsp;<a href=\"https:\/\/agenciainfra.us14.list-manage.com\/track\/click?u=d460dd1bcf9ba0ae040e1fc0f&amp;id=aa8c2fec3e&amp;e=55b7a27fc9\" target=\"_blank\" rel=\"noreferrer noopener\">aqui<\/a>. \u00c0 <strong>Ag\u00eancia iNFRA<\/strong>, a ANTT informou que h\u00e1 uma s\u00e9rie de a\u00e7\u00f5es e projetos em andamento na reguladora que est\u00e3o em linha com as recomenda\u00e7\u00f5es da corte de contas. Veja aqui as medidas apontadas pela ag\u00eancia. <br><br>Um dos cinco achados da auditoria realizada AudPortoFerrovia (Unidade de Auditoria Especializada em Infraestrutura Portu\u00e1ria e Ferrovi\u00e1ria) foi sobre o limite de dispers\u00e3o tarif\u00e1ria dos contratos. A regra imp\u00f5e a necessidade de a concession\u00e1ria praticar somente valores de transporte de um determinado intervalo, ainda que seu valor m\u00e1ximo seja inferior ao teto da tarifa. Os t\u00e9cnicos conclu\u00edram, contudo, que a previs\u00e3o n\u00e3o \u00e9 capaz de garantir um tratamento ison\u00f4mico dos usu\u00e1rios, e portanto precisaria ser aprimorada.<br><br>Segundo os auditores, houve uma replica\u00e7\u00e3o da regra de limites de dispers\u00e3o tarif\u00e1ria calculada para uma licita\u00e7\u00e3o espec\u00edfica (a subconcess\u00e3o da Ferrovia Norte-Sul assinada em 2019) em todos os contratos de concess\u00e3o que foram posteriormente renovados \u2013 entre eles a Malha Paulista, a MRS, EFVM (Estrada de Ferro Vit\u00f3ria-Minas) e a EFC (Estrada de Ferro Caraj\u00e1s).&nbsp;<br><br>Com isso, a regra foi inserida nos ativos sem uma an\u00e1lise do perfil de cargas de cada concession\u00e1ria, o que levou ao uso da cl\u00e1usula sem que se atingisse o objetivo de evitar a discrimina\u00e7\u00e3o de usu\u00e1rios pelos pre\u00e7os praticados. A partir disso, de acordo com o TCU, n\u00e3o houve mudan\u00e7a de comportamento das cobran\u00e7as tarif\u00e1rias.&nbsp;<br><br>Um dos pontos percebidos pela auditoria foi de que, em muitos casos, existem cobran\u00e7as significativamente abaixo do teto tarif\u00e1rio, o que acontece pela dist\u00e2ncia entre esse teto e o pre\u00e7o praticado em raz\u00e3o da banda de dispers\u00e3o tarif\u00e1ria. A recomenda\u00e7\u00e3o da Corte, para este achado, \u00e9 que a ANTT avalie a efetividade da cl\u00e1usula e estude modelos alternativos para futuros contratos de concess\u00e3o. Para os auditores, a ag\u00eancia poderia avaliar a cria\u00e7\u00e3o de uma banda que possa ser reduzida pela ANTT para mercadorias espec\u00edficas, por exemplo.&nbsp;<br><br>\u201cUm efeito decorrente do achado [\u2026] \u00e9 tamb\u00e9m a possibilidade de n\u00e3o se atingir o objetivo da regra contratual, relacionada ao impedimento de tratamento discriminat\u00f3rio entre usu\u00e1rios. Isso porque a regra n\u00e3o impede que usu\u00e1rios potenciais sejam afastados numa negocia\u00e7\u00e3o por meio da oferta de pre\u00e7os acima da margem de dispers\u00e3o e abaixo do teto (nos casos em que os pre\u00e7os efetivamente praticados est\u00e3o distantes do teto), pois a fiscaliza\u00e7\u00e3o ocorre de maneira retrospectiva. Assim, existe risco de uso indevido da regulamenta\u00e7\u00e3o contratual, especificamente da margem ampla da dispers\u00e3o tarif\u00e1ria, para privar a utiliza\u00e7\u00e3o da ferrovia por novos usu\u00e1rios\u201d, apontaram os auditores.&nbsp;<br><br>Sobre esse ponto, durante o processo da auditoria, a ANTT lembrou ao TCU que a regra tarif\u00e1ria \u00e9 a mesma para todas as concession\u00e1rias e todas as mercadorias, e que as operadoras podem negociar com os usu\u00e1rios o valor da tarifa de acordo com a natureza do transporte. A reguladora afirmou tamb\u00e9m que, embora o objetivo da ado\u00e7\u00e3o dos limites de dispers\u00e3o tarif\u00e1ria seja uma maior uniformiza\u00e7\u00e3o das cobran\u00e7as de fretes dos usu\u00e1rios, as diferen\u00e7as nos contratos de transportes impactam a defini\u00e7\u00e3o das tarifas.&nbsp;<br><br>Ainda disse ao TCU que os limites de dispers\u00e3o tarif\u00e1ria, isoladamente, n\u00e3o s\u00e3o capazes de impedir o tratamento discriminat\u00f3rio de usu\u00e1rios. Assim, o instrumento deve ser avaliado em conjunto com a pr\u00f3pria fiscaliza\u00e7\u00e3o do teto tarif\u00e1rio e com outros instrumentos de regula\u00e7\u00e3o.&nbsp;<br><br>Como j\u00e1&nbsp;<a href=\"https:\/\/agenciainfra.us14.list-manage.com\/track\/click?u=d460dd1bcf9ba0ae040e1fc0f&amp;id=c49dfab77a&amp;e=55b7a27fc9\" target=\"_blank\" rel=\"noreferrer noopener\">mostrou<\/a>&nbsp;a&nbsp;<strong>Ag\u00eancia iNFRA<\/strong>, na revis\u00e3o do marco regulat\u00f3rio que est\u00e1 em andamento na ag\u00eancia, a ANTT pretende fazer uma discuss\u00e3o sobre tetos tarif\u00e1rios e casos de exce\u00e7\u00e3o. Uma avalia\u00e7\u00e3o feita entre t\u00e9cnicos da reguladora \u00e9 que as tarifas de carga est\u00e1tica precisam ter um teto, sendo poss\u00edvel, por sua vez, discutir o limite tarif\u00e1rio de outras cargas, como as de cont\u00eainer. Esse ponto tende a ter mais simpatia entre as concession\u00e1rias e gerar mais discuss\u00e3o entre os usu\u00e1rios.&nbsp;<\/p>\n\n\n\n<p>\u00c0 reportagem, a ANTT destacou que desenvolveu uma ferramenta pr\u00f3pria em Power BI que otimiza a coleta e an\u00e1lise de dados, identificando tarifas acima do teto ou fora do limite de dispers\u00e3o com maior agilidade e precis\u00e3o. Atualmente, cinco processos de fiscaliza\u00e7\u00e3o abrangem todas as concession\u00e1rias com previs\u00e3o contratual do mecanismo. <\/p>\n\n\n\n<p>\u201cA ag\u00eancia, seguindo a abordagem de regula\u00e7\u00e3o responsiva, estabeleceu um prazo para que as concession\u00e1rias sanem eventuais irregularidades antes de aplicar san\u00e7\u00f5es\u201d, explicou a ANTT, segundo quem, com a nova ferramenta e os processos em andamento, o \u00f3rg\u00e3o est\u00e1 se estruturando para dar publicidade aos resultados apurados em tempo h\u00e1bil.<br><br><strong>Opera\u00e7\u00f5es acess\u00f3rias e faixa de dom\u00ednio<\/strong>\u00a0<br>Outro tema relativo a pre\u00e7os mencionado na auditoria foi o das opera\u00e7\u00f5es acess\u00f3rias. Os auditores do TCU chamaram aten\u00e7\u00e3o para o tempo que a ag\u00eancia levou para regulamentar o assunto com mais clareza, por resolu\u00e7\u00e3o publicada no final de 2023. A avalia\u00e7\u00e3o da AudPortoFerrovia foi de que a aus\u00eancia de regras objetivas por quase uma d\u00e9cada permitiu que concession\u00e1rias utilizassem a cobran\u00e7a por esses servi\u00e7os como forma de contornar os tetos tarif\u00e1rios estabelecidos, em preju\u00edzo dos usu\u00e1rios do transporte ferrovi\u00e1rio.\u00a0<br><br>Apesar da recente regulamenta\u00e7\u00e3o do assunto, as opera\u00e7\u00f5es acess\u00f3rias voltar\u00e3o a ser tratadas no marco regulat\u00f3rio, conforme\u00a0<a href=\"https:\/\/agenciainfra.us14.list-manage.com\/track\/click?u=d460dd1bcf9ba0ae040e1fc0f&amp;id=6c50cc594f&amp;e=55b7a27fc9\" target=\"_blank\" rel=\"noreferrer noopener\">mostrou<\/a>\u00a0a<strong>\u00a0Ag\u00eancia iNFRA\u00a0<\/strong>em reportagem publicada nesta segunda-feira (13), j\u00e1 que a ANTT entende que pode dar mais transpar\u00eancia para essas cobran\u00e7as.<br><br>No campo regulat\u00f3rio, a auditoria do TCU tamb\u00e9m apontou que a ANTT precisa estabelecer um plano de a\u00e7\u00e3o, com indica\u00e7\u00e3o de cronograma e respons\u00e1veis, para obter a delimita\u00e7\u00e3o detalhada e georreferenciada da faixa de dom\u00ednio de toda a malha concedida. Segundo a corte, a normatiza\u00e7\u00e3o do tema \u00e9 fundamental para a prote\u00e7\u00e3o do patrim\u00f4nio p\u00fablico e a seguran\u00e7a das opera\u00e7\u00f5es, e mesmo assim, ap\u00f3s sucessivas posterga\u00e7\u00f5es, o projeto foi retirado da Agenda Regulat\u00f3ria em 2022.\u00a0<br><br><strong>Relat\u00f3rio de Acompanhamento Anual<\/strong><br>A auditoria do TCU tamb\u00e9m indicou no processo haver um subaproveitamento das informa\u00e7\u00f5es geradas pela fiscaliza\u00e7\u00e3o da ANTT sobre o RAA (Relat\u00f3rios de Acompanhamento Anual) \u2013 idealizado para fornecer informa\u00e7\u00f5es relevantes sobre as condi\u00e7\u00f5es da malha ferrovi\u00e1ria (infraestrutura e investimentos obrigat\u00f3rios), al\u00e9m da aplica\u00e7\u00e3o de recursos na ferrovia concedida.<br><br>O primeiro ponto sens\u00edvel, na avalia\u00e7\u00e3o da AudPortoFerrovia, \u00e9 que os RAAs n\u00e3o t\u00eam suas consultas com acesso facilitado para pessoas externas \u00e0 ag\u00eancia. Eles tamb\u00e9m n\u00e3o constam dos processos de fiscaliza\u00e7\u00e3o no SEI ou no SAFF (Sistema de Acompanhamento e Fiscaliza\u00e7\u00e3o do Transporte Ferrovi\u00e1rio) para consulta simult\u00e2nea aos relat\u00f3rios de fiscaliza\u00e7\u00e3o.\u00a0<br><br>Nesse sentido, a recomenda\u00e7\u00e3o aprovada pelo plen\u00e1rio do TCU \u00e9 para que a ANTT estabele\u00e7a procedimentos formais em prol do pleno aproveitamento do relat\u00f3rio. Por exemplo, padronize o formato de recebimento dos dados, de modo a permitir sua consolida\u00e7\u00e3o e a gera\u00e7\u00e3o de informa\u00e7\u00f5es gerenciais sobre a evolu\u00e7\u00e3o da infraestrutura e dos investimentos da malha. Sugeriu tamb\u00e9m que a reguladora implemente solu\u00e7\u00f5es tecnol\u00f3gicas para o registro e a an\u00e1lise digital de informa\u00e7\u00f5es de campo, a exemplo do uso de aplicativos, georreferenciamento, intelig\u00eancia artificial e atualiza\u00e7\u00e3o do SAFF.<br><br>Outro apontamento feito pelos auditores \u00e9 de que a avalia\u00e7\u00e3o da efetividade da fiscaliza\u00e7\u00e3o ferrovi\u00e1ria da ANTT \u00e9 prejudicada pela insufici\u00eancia de indicadores estrat\u00e9gicos e operacionais. Faltariam ainda informa\u00e7\u00f5es estruturadas relacionadas aos resultados obtidos pela fiscaliza\u00e7\u00e3o. A decis\u00e3o indicou\u00a0a necessidade de recomposi\u00e7\u00e3o do quadro de pessoal da ag\u00eancia reguladora.<\/p>\n\n\n\n<p>A ANTT <a href=\"https:\/\/agenciainfra.com\/blog\/ferrovias-antt-prepara-acoes-de-fiscalizacao-e-preve-novidades-no-saff\/\">informou \u00e0 reportagem<\/a> que est\u00e1 desenvolvendo um &#8220;Sistema de Fiscaliza\u00e7\u00e3o Documental Inteligente&#8221;, que visa padronizar e automatizar a an\u00e1lise de relat\u00f3rios, como o RAPI (Relat\u00f3rio de Acompanhamento do Plano de Investimentos) e o RAIF (Relat\u00f3rio de Acompanhamento da Infraestrutura Ferrovi\u00e1ria).<\/p>\n\n\n\n<p>Segundo a reguladora, o sistema vai identificar n\u00e3o conformidades e inconsist\u00eancias, classificando-as por risco e urg\u00eancia, e se integrar\u00e1 diretamente ao SAFF (Sistema de Acompanhamento e Fiscaliza\u00e7\u00e3o do Transporte Ferrovi\u00e1rio), estabelecendo um fluxo de trabalho \u201cformal e eficiente para o tratamento das informa\u00e7\u00f5es prestadas pelas concession\u00e1rias\u201d. Outro foco est\u00e1 em padronizar o envio e o formato dos dados que comp\u00f5em o RAA (Relat\u00f3rios de Acompanhamento Anual), complementou o \u00f3rg\u00e3o.&nbsp;<br><br>A ag\u00eancia afirmou ainda que&nbsp;avaliar\u00e1 as recomenda\u00e7\u00f5es da Corte de Contas para adotar todas as medidas necess\u00e1rias, &#8220;sempre visando o alto padr\u00e3o de qualidade na presta\u00e7\u00e3o dos servi\u00e7os prestados aos usu\u00e1rios, respeitando aspectos legais, regulat\u00f3rios e contratuais.&#8221;<br><br><strong>Valec na Transnordestina<\/strong><br>O TCU tamb\u00e9m julgou nesta quarta-feira&nbsp;um processo que apurava as responsabilidades no \u00e2mbito da antiga Valec (hoje Infra SA) pela decis\u00e3o da estatal de virar acionista na concession\u00e1ria TLSA (Transnordestina Log\u00edstica), respons\u00e1vel pela explora\u00e7\u00e3o de infraestrutura e opera\u00e7\u00e3o da ferrovia Nova Transnordestina. O caso remonta a&nbsp;2017, quando a corte de contas entendeu que a entrada na sociedade ocorreu sem an\u00e1lises t\u00e9cnicas, e com base apenas em pareceres legais de outros \u00f3rg\u00e3os.&nbsp;<br><br>A participa\u00e7\u00e3o da ent\u00e3o Valec na Nova Transnordestina come\u00e7ou em 2011, quando a empresa estatal realizou aporte de capital de R$ 165 milh\u00f5es para adquirir a\u00e7\u00f5es preferenciais. Em 2013, por sua vez, a estatal assinou acordos por meio dos quais obrigou-se a ingressar como acionista minorit\u00e1ria da TLSA e uma das financiadoras das obras de constru\u00e7\u00e3o da ferrovia.&nbsp;<br><br>A auditoria do TCU feita sobre o caso apontou que os respons\u00e1veis da Valec teriam deixado de ponderar os riscos e poss\u00edveis resultados econ\u00f4micos e financeiros que poderiam advir \u00e0 empresa estatal ao decidirem participar do financiamento da nova ferrovia. Por isso, foi aberto um processo espec\u00edfico para apurar a responsabilidade dos&nbsp;gestores que estavam na Valec \u00e0 \u00e9poca.<br><br>Relator, o ministro Walton Alencar chegou a sugerir san\u00e7\u00f5es para sete pessoas envolvidas, mas acabou aderindo ao voto revisor do ministro Jhonatan de Jesus, que apontou&nbsp;ter havido prescri\u00e7\u00e3o punitiva no caso. Com isso, a decis\u00e3o do plen\u00e1rio da corte foi de reconhecer a prescri\u00e7\u00e3o e&nbsp;arquivar o processo (ac\u00f3rd\u00e3o pode ser lido&nbsp;<a href=\"https:\/\/agenciainfra.us14.list-manage.com\/track\/click?u=d460dd1bcf9ba0ae040e1fc0f&amp;id=fde7c1f61e&amp;e=55b7a27fc9\" target=\"_blank\" rel=\"noreferrer noopener\">aqui<\/a>).&nbsp;<\/p>\n","protected":false},"excerpt":{"rendered":"<p>Amanda Pupo, da Ag\u00eancia iNFRA O TCU (Tribunal de Contas da Uni\u00e3o) recomendou \u00e0 ANTT (Ag\u00eancia Nacional de Transportes Terrestres) uma s\u00e9rie de a\u00e7\u00f5es para melhorar a fiscaliza\u00e7\u00e3o das concess\u00f5es ferrovi\u00e1rias, partindo do diagn\u00f3stico de que existiriam \u201cdebilidades estruturais\u201d que demandam uma reorienta\u00e7\u00e3o da reguladora diante do novo cen\u00e1rio do setor no pa\u00eds. Alguns dos [&hellip;]<\/p>\n","protected":false},"author":1,"featured_media":5852,"comment_status":"closed","ping_status":"closed","sticky":false,"template":"","format":"standard","meta":{"_monsterinsights_skip_tracking":false,"_monsterinsights_sitenote_active":false,"_monsterinsights_sitenote_note":"","_monsterinsights_sitenote_category":0,"footnotes":""},"categories":[7250,7],"tags":[13354,19,2689,120,16175,16174,3288,48,18],"class_list":["post-29977","post","type-post","status-publish","format-standard","has-post-thumbnail","hentry","category-destaque-lista","category-infratransporte","tag-amanda-pupo","tag-antt","tag-concessao-ferroviaria","tag-ferrovias","tag-ferrovias-concedidas","tag-fiscalizacao-de-ferrovias","tag-marco-das-ferrovias","tag-regulacao","tag-tcu"],"yoast_head":"<!-- This site is optimized with the Yoast SEO Premium plugin v25.4 (Yoast SEO v26.0) - https:\/\/yoast.com\/wordpress\/plugins\/seo\/ -->\n<title>TCU recomenda \u00e0 ANTT melhorias na fiscaliza\u00e7\u00e3o de ferrovias concedidas - Ag\u00eancia iNFRA<\/title>\n<meta name=\"robots\" content=\"index, follow, max-snippet:-1, max-image-preview:large, max-video-preview:-1\" \/>\n<link rel=\"canonical\" href=\"https:\/\/agenciainfra.com\/blog\/tcu-recomenda-a-antt-melhorias-na-fiscalizacao-de-ferrovias-concedidas\/\" \/>\n<meta property=\"og:locale\" content=\"pt_BR\" \/>\n<meta property=\"og:type\" content=\"article\" \/>\n<meta property=\"og:title\" content=\"TCU recomenda \u00e0 ANTT melhorias na fiscaliza\u00e7\u00e3o de ferrovias concedidas\" \/>\n<meta property=\"og:description\" content=\"Amanda Pupo, da Ag\u00eancia iNFRA O TCU (Tribunal de Contas da Uni\u00e3o) recomendou \u00e0 ANTT (Ag\u00eancia Nacional de Transportes Terrestres) uma s\u00e9rie de a\u00e7\u00f5es para melhorar a fiscaliza\u00e7\u00e3o das concess\u00f5es ferrovi\u00e1rias, partindo do diagn\u00f3stico de que existiriam \u201cdebilidades estruturais\u201d que demandam uma reorienta\u00e7\u00e3o da reguladora diante do novo cen\u00e1rio do setor no pa\u00eds. Alguns dos [&hellip;]\" \/>\n<meta property=\"og:url\" content=\"https:\/\/agenciainfra.com\/blog\/tcu-recomenda-a-antt-melhorias-na-fiscalizacao-de-ferrovias-concedidas\/\" \/>\n<meta property=\"og:site_name\" content=\"Ag\u00eancia iNFRA\" \/>\n<meta property=\"article:publisher\" content=\"https:\/\/www.facebook.com\/ageninfra\" \/>\n<meta property=\"article:published_time\" content=\"2025-10-20T14:00:00+00:00\" \/>\n<meta property=\"article:modified_time\" content=\"2025-10-21T11:06:54+00:00\" \/>\n<meta property=\"og:image\" content=\"https:\/\/agenciainfra.com\/blog\/wp-content\/uploads\/2020\/09\/linha-ferrea-trilho-ferrovia-foto-dominio-publico.jpg\" \/>\n\t<meta property=\"og:image:width\" content=\"1280\" \/>\n\t<meta property=\"og:image:height\" content=\"960\" \/>\n\t<meta property=\"og:image:type\" content=\"image\/jpeg\" \/>\n<meta name=\"author\" content=\"Ag\u00eancia iNFRA\" \/>\n<meta name=\"twitter:card\" content=\"summary_large_image\" \/>\n<meta name=\"twitter:creator\" content=\"@agencia_infra\" \/>\n<meta name=\"twitter:site\" content=\"@agencia_infra\" \/>\n<meta name=\"twitter:label1\" content=\"Escrito por\" \/>\n\t<meta name=\"twitter:data1\" content=\"Ag\u00eancia iNFRA\" \/>\n\t<meta name=\"twitter:label2\" content=\"Est. tempo de leitura\" \/>\n\t<meta name=\"twitter:data2\" content=\"10 minutos\" \/>\n<script type=\"application\/ld+json\" class=\"yoast-schema-graph\">{\"@context\":\"https:\/\/schema.org\",\"@graph\":[{\"@type\":\"Article\",\"@id\":\"https:\/\/agenciainfra.com\/blog\/tcu-recomenda-a-antt-melhorias-na-fiscalizacao-de-ferrovias-concedidas\/#article\",\"isPartOf\":{\"@id\":\"https:\/\/agenciainfra.com\/blog\/tcu-recomenda-a-antt-melhorias-na-fiscalizacao-de-ferrovias-concedidas\/\"},\"author\":{\"name\":\"Ag\u00eancia iNFRA\",\"@id\":\"https:\/\/agenciainfra.com\/blog\/#\/schema\/person\/34af08dff6adea4cb22b06612ba7acfa\"},\"headline\":\"TCU recomenda \u00e0 ANTT melhorias na fiscaliza\u00e7\u00e3o de ferrovias concedidas\",\"datePublished\":\"2025-10-20T14:00:00+00:00\",\"dateModified\":\"2025-10-21T11:06:54+00:00\",\"mainEntityOfPage\":{\"@id\":\"https:\/\/agenciainfra.com\/blog\/tcu-recomenda-a-antt-melhorias-na-fiscalizacao-de-ferrovias-concedidas\/\"},\"wordCount\":1989,\"publisher\":{\"@id\":\"https:\/\/agenciainfra.com\/blog\/#organization\"},\"image\":{\"@id\":\"https:\/\/agenciainfra.com\/blog\/tcu-recomenda-a-antt-melhorias-na-fiscalizacao-de-ferrovias-concedidas\/#primaryimage\"},\"thumbnailUrl\":\"https:\/\/agenciainfra.com\/blog\/wp-content\/uploads\/2020\/09\/linha-ferrea-trilho-ferrovia-foto-dominio-publico.jpg\",\"keywords\":[\"Amanda Pupo\",\"ANTT\",\"concess\u00e3o ferrovi\u00e1ria\",\"Ferrovias\",\"ferrovias concedidas\",\"Fiscaliza\u00e7\u00e3o de ferrovias\",\"Marco das Ferrovias\",\"Regula\u00e7\u00e3o\",\"TCU\"],\"articleSection\":[\"Destaque lista\",\"iNFRATransporte\"],\"inLanguage\":\"pt-BR\",\"copyrightYear\":\"2025\",\"copyrightHolder\":{\"@id\":\"https:\/\/agenciainfra.com\/blog\/#organization\"}},{\"@type\":\"WebPage\",\"@id\":\"https:\/\/agenciainfra.com\/blog\/tcu-recomenda-a-antt-melhorias-na-fiscalizacao-de-ferrovias-concedidas\/\",\"url\":\"https:\/\/agenciainfra.com\/blog\/tcu-recomenda-a-antt-melhorias-na-fiscalizacao-de-ferrovias-concedidas\/\",\"name\":\"TCU recomenda \u00e0 ANTT melhorias na fiscaliza\u00e7\u00e3o de ferrovias concedidas - Ag\u00eancia iNFRA\",\"isPartOf\":{\"@id\":\"https:\/\/agenciainfra.com\/blog\/#website\"},\"primaryImageOfPage\":{\"@id\":\"https:\/\/agenciainfra.com\/blog\/tcu-recomenda-a-antt-melhorias-na-fiscalizacao-de-ferrovias-concedidas\/#primaryimage\"},\"image\":{\"@id\":\"https:\/\/agenciainfra.com\/blog\/tcu-recomenda-a-antt-melhorias-na-fiscalizacao-de-ferrovias-concedidas\/#primaryimage\"},\"thumbnailUrl\":\"https:\/\/agenciainfra.com\/blog\/wp-content\/uploads\/2020\/09\/linha-ferrea-trilho-ferrovia-foto-dominio-publico.jpg\",\"datePublished\":\"2025-10-20T14:00:00+00:00\",\"dateModified\":\"2025-10-21T11:06:54+00:00\",\"breadcrumb\":{\"@id\":\"https:\/\/agenciainfra.com\/blog\/tcu-recomenda-a-antt-melhorias-na-fiscalizacao-de-ferrovias-concedidas\/#breadcrumb\"},\"inLanguage\":\"pt-BR\",\"potentialAction\":[{\"@type\":\"ReadAction\",\"target\":[\"https:\/\/agenciainfra.com\/blog\/tcu-recomenda-a-antt-melhorias-na-fiscalizacao-de-ferrovias-concedidas\/\"]}]},{\"@type\":\"ImageObject\",\"inLanguage\":\"pt-BR\",\"@id\":\"https:\/\/agenciainfra.com\/blog\/tcu-recomenda-a-antt-melhorias-na-fiscalizacao-de-ferrovias-concedidas\/#primaryimage\",\"url\":\"https:\/\/agenciainfra.com\/blog\/wp-content\/uploads\/2020\/09\/linha-ferrea-trilho-ferrovia-foto-dominio-publico.jpg\",\"contentUrl\":\"https:\/\/agenciainfra.com\/blog\/wp-content\/uploads\/2020\/09\/linha-ferrea-trilho-ferrovia-foto-dominio-publico.jpg\",\"width\":1280,\"height\":960,\"caption\":\"Foto: Dom\u00ednio P\u00fablico\"},{\"@type\":\"BreadcrumbList\",\"@id\":\"https:\/\/agenciainfra.com\/blog\/tcu-recomenda-a-antt-melhorias-na-fiscalizacao-de-ferrovias-concedidas\/#breadcrumb\",\"itemListElement\":[{\"@type\":\"ListItem\",\"position\":1,\"name\":\"In\u00edcio\",\"item\":\"https:\/\/agenciainfra.com\/blog\/\"},{\"@type\":\"ListItem\",\"position\":2,\"name\":\"TCU recomenda \u00e0 ANTT melhorias na fiscaliza\u00e7\u00e3o de ferrovias concedidas\"}]},{\"@type\":\"WebSite\",\"@id\":\"https:\/\/agenciainfra.com\/blog\/#website\",\"url\":\"https:\/\/agenciainfra.com\/blog\/\",\"name\":\"Ag\u00eancia iNFRA\",\"description\":\"Multiplataforma de informa\u00e7\u00e3o jornal\u00edstica refer\u00eancia na \u00e1rea de infraestrutura no Brasil!\",\"publisher\":{\"@id\":\"https:\/\/agenciainfra.com\/blog\/#organization\"},\"potentialAction\":[{\"@type\":\"SearchAction\",\"target\":{\"@type\":\"EntryPoint\",\"urlTemplate\":\"https:\/\/agenciainfra.com\/blog\/?s={search_term_string}\"},\"query-input\":{\"@type\":\"PropertyValueSpecification\",\"valueRequired\":true,\"valueName\":\"search_term_string\"}}],\"inLanguage\":\"pt-BR\"},{\"@type\":\"Organization\",\"@id\":\"https:\/\/agenciainfra.com\/blog\/#organization\",\"name\":\"Ag\u00eancia iNFRA\",\"url\":\"https:\/\/agenciainfra.com\/blog\/\",\"logo\":{\"@type\":\"ImageObject\",\"inLanguage\":\"pt-BR\",\"@id\":\"https:\/\/agenciainfra.com\/blog\/#\/schema\/logo\/image\/\",\"url\":\"https:\/\/agenciainfra.com\/blog\/wp-content\/uploads\/2023\/09\/iNFRA_5-e1761735885940.png\",\"contentUrl\":\"https:\/\/agenciainfra.com\/blog\/wp-content\/uploads\/2023\/09\/iNFRA_5-e1761735885940.png\",\"width\":1672,\"height\":454,\"caption\":\"Ag\u00eancia iNFRA\"},\"image\":{\"@id\":\"https:\/\/agenciainfra.com\/blog\/#\/schema\/logo\/image\/\"},\"sameAs\":[\"https:\/\/www.facebook.com\/ageninfra\",\"https:\/\/x.com\/agencia_infra\",\"https:\/\/www.linkedin.com\/company\/ag\u00eanciainfra\/\",\"https:\/\/www.instagram.com\/agenciainfra\/\"]},{\"@type\":\"Person\",\"@id\":\"https:\/\/agenciainfra.com\/blog\/#\/schema\/person\/34af08dff6adea4cb22b06612ba7acfa\",\"name\":\"Ag\u00eancia iNFRA\",\"image\":{\"@type\":\"ImageObject\",\"inLanguage\":\"pt-BR\",\"@id\":\"https:\/\/agenciainfra.com\/blog\/#\/schema\/person\/image\/\",\"url\":\"https:\/\/secure.gravatar.com\/avatar\/d189e01678f06d8eb84d4e01f08eb848b3fffe3f8443818d3c356c66892f5be8?s=96&d=mm&r=g\",\"contentUrl\":\"https:\/\/secure.gravatar.com\/avatar\/d189e01678f06d8eb84d4e01f08eb848b3fffe3f8443818d3c356c66892f5be8?s=96&d=mm&r=g\",\"caption\":\"Ag\u00eancia iNFRA\"},\"url\":\"https:\/\/agenciainfra.com\/blog\/author\/admin\/\"}]}<\/script>\n<!-- \/ Yoast SEO Premium plugin. -->","yoast_head_json":{"title":"TCU recomenda \u00e0 ANTT melhorias na fiscaliza\u00e7\u00e3o de ferrovias concedidas - Ag\u00eancia iNFRA","robots":{"index":"index","follow":"follow","max-snippet":"max-snippet:-1","max-image-preview":"max-image-preview:large","max-video-preview":"max-video-preview:-1"},"canonical":"https:\/\/agenciainfra.com\/blog\/tcu-recomenda-a-antt-melhorias-na-fiscalizacao-de-ferrovias-concedidas\/","og_locale":"pt_BR","og_type":"article","og_title":"TCU recomenda \u00e0 ANTT melhorias na fiscaliza\u00e7\u00e3o de ferrovias concedidas","og_description":"Amanda Pupo, da Ag\u00eancia iNFRA O TCU (Tribunal de Contas da Uni\u00e3o) recomendou \u00e0 ANTT (Ag\u00eancia Nacional de Transportes Terrestres) uma s\u00e9rie de a\u00e7\u00f5es para melhorar a fiscaliza\u00e7\u00e3o das concess\u00f5es ferrovi\u00e1rias, partindo do diagn\u00f3stico de que existiriam \u201cdebilidades estruturais\u201d que demandam uma reorienta\u00e7\u00e3o da reguladora diante do novo cen\u00e1rio do setor no pa\u00eds. Alguns dos [&hellip;]","og_url":"https:\/\/agenciainfra.com\/blog\/tcu-recomenda-a-antt-melhorias-na-fiscalizacao-de-ferrovias-concedidas\/","og_site_name":"Ag\u00eancia iNFRA","article_publisher":"https:\/\/www.facebook.com\/ageninfra","article_published_time":"2025-10-20T14:00:00+00:00","article_modified_time":"2025-10-21T11:06:54+00:00","og_image":[{"width":1280,"height":960,"url":"https:\/\/agenciainfra.com\/blog\/wp-content\/uploads\/2020\/09\/linha-ferrea-trilho-ferrovia-foto-dominio-publico.jpg","type":"image\/jpeg"}],"author":"Ag\u00eancia iNFRA","twitter_card":"summary_large_image","twitter_creator":"@agencia_infra","twitter_site":"@agencia_infra","twitter_misc":{"Escrito por":"Ag\u00eancia iNFRA","Est. tempo de leitura":"10 minutos"},"schema":{"@context":"https:\/\/schema.org","@graph":[{"@type":"Article","@id":"https:\/\/agenciainfra.com\/blog\/tcu-recomenda-a-antt-melhorias-na-fiscalizacao-de-ferrovias-concedidas\/#article","isPartOf":{"@id":"https:\/\/agenciainfra.com\/blog\/tcu-recomenda-a-antt-melhorias-na-fiscalizacao-de-ferrovias-concedidas\/"},"author":{"name":"Ag\u00eancia iNFRA","@id":"https:\/\/agenciainfra.com\/blog\/#\/schema\/person\/34af08dff6adea4cb22b06612ba7acfa"},"headline":"TCU recomenda \u00e0 ANTT melhorias na fiscaliza\u00e7\u00e3o de ferrovias concedidas","datePublished":"2025-10-20T14:00:00+00:00","dateModified":"2025-10-21T11:06:54+00:00","mainEntityOfPage":{"@id":"https:\/\/agenciainfra.com\/blog\/tcu-recomenda-a-antt-melhorias-na-fiscalizacao-de-ferrovias-concedidas\/"},"wordCount":1989,"publisher":{"@id":"https:\/\/agenciainfra.com\/blog\/#organization"},"image":{"@id":"https:\/\/agenciainfra.com\/blog\/tcu-recomenda-a-antt-melhorias-na-fiscalizacao-de-ferrovias-concedidas\/#primaryimage"},"thumbnailUrl":"https:\/\/agenciainfra.com\/blog\/wp-content\/uploads\/2020\/09\/linha-ferrea-trilho-ferrovia-foto-dominio-publico.jpg","keywords":["Amanda Pupo","ANTT","concess\u00e3o ferrovi\u00e1ria","Ferrovias","ferrovias concedidas","Fiscaliza\u00e7\u00e3o de ferrovias","Marco das Ferrovias","Regula\u00e7\u00e3o","TCU"],"articleSection":["Destaque lista","iNFRATransporte"],"inLanguage":"pt-BR","copyrightYear":"2025","copyrightHolder":{"@id":"https:\/\/agenciainfra.com\/blog\/#organization"}},{"@type":"WebPage","@id":"https:\/\/agenciainfra.com\/blog\/tcu-recomenda-a-antt-melhorias-na-fiscalizacao-de-ferrovias-concedidas\/","url":"https:\/\/agenciainfra.com\/blog\/tcu-recomenda-a-antt-melhorias-na-fiscalizacao-de-ferrovias-concedidas\/","name":"TCU recomenda \u00e0 ANTT melhorias na fiscaliza\u00e7\u00e3o de ferrovias concedidas - Ag\u00eancia iNFRA","isPartOf":{"@id":"https:\/\/agenciainfra.com\/blog\/#website"},"primaryImageOfPage":{"@id":"https:\/\/agenciainfra.com\/blog\/tcu-recomenda-a-antt-melhorias-na-fiscalizacao-de-ferrovias-concedidas\/#primaryimage"},"image":{"@id":"https:\/\/agenciainfra.com\/blog\/tcu-recomenda-a-antt-melhorias-na-fiscalizacao-de-ferrovias-concedidas\/#primaryimage"},"thumbnailUrl":"https:\/\/agenciainfra.com\/blog\/wp-content\/uploads\/2020\/09\/linha-ferrea-trilho-ferrovia-foto-dominio-publico.jpg","datePublished":"2025-10-20T14:00:00+00:00","dateModified":"2025-10-21T11:06:54+00:00","breadcrumb":{"@id":"https:\/\/agenciainfra.com\/blog\/tcu-recomenda-a-antt-melhorias-na-fiscalizacao-de-ferrovias-concedidas\/#breadcrumb"},"inLanguage":"pt-BR","potentialAction":[{"@type":"ReadAction","target":["https:\/\/agenciainfra.com\/blog\/tcu-recomenda-a-antt-melhorias-na-fiscalizacao-de-ferrovias-concedidas\/"]}]},{"@type":"ImageObject","inLanguage":"pt-BR","@id":"https:\/\/agenciainfra.com\/blog\/tcu-recomenda-a-antt-melhorias-na-fiscalizacao-de-ferrovias-concedidas\/#primaryimage","url":"https:\/\/agenciainfra.com\/blog\/wp-content\/uploads\/2020\/09\/linha-ferrea-trilho-ferrovia-foto-dominio-publico.jpg","contentUrl":"https:\/\/agenciainfra.com\/blog\/wp-content\/uploads\/2020\/09\/linha-ferrea-trilho-ferrovia-foto-dominio-publico.jpg","width":1280,"height":960,"caption":"Foto: Dom\u00ednio P\u00fablico"},{"@type":"BreadcrumbList","@id":"https:\/\/agenciainfra.com\/blog\/tcu-recomenda-a-antt-melhorias-na-fiscalizacao-de-ferrovias-concedidas\/#breadcrumb","itemListElement":[{"@type":"ListItem","position":1,"name":"In\u00edcio","item":"https:\/\/agenciainfra.com\/blog\/"},{"@type":"ListItem","position":2,"name":"TCU recomenda \u00e0 ANTT melhorias na fiscaliza\u00e7\u00e3o de ferrovias concedidas"}]},{"@type":"WebSite","@id":"https:\/\/agenciainfra.com\/blog\/#website","url":"https:\/\/agenciainfra.com\/blog\/","name":"Ag\u00eancia iNFRA","description":"Multiplataforma de informa\u00e7\u00e3o jornal\u00edstica refer\u00eancia na \u00e1rea de infraestrutura no Brasil!","publisher":{"@id":"https:\/\/agenciainfra.com\/blog\/#organization"},"potentialAction":[{"@type":"SearchAction","target":{"@type":"EntryPoint","urlTemplate":"https:\/\/agenciainfra.com\/blog\/?s={search_term_string}"},"query-input":{"@type":"PropertyValueSpecification","valueRequired":true,"valueName":"search_term_string"}}],"inLanguage":"pt-BR"},{"@type":"Organization","@id":"https:\/\/agenciainfra.com\/blog\/#organization","name":"Ag\u00eancia iNFRA","url":"https:\/\/agenciainfra.com\/blog\/","logo":{"@type":"ImageObject","inLanguage":"pt-BR","@id":"https:\/\/agenciainfra.com\/blog\/#\/schema\/logo\/image\/","url":"https:\/\/agenciainfra.com\/blog\/wp-content\/uploads\/2023\/09\/iNFRA_5-e1761735885940.png","contentUrl":"https:\/\/agenciainfra.com\/blog\/wp-content\/uploads\/2023\/09\/iNFRA_5-e1761735885940.png","width":1672,"height":454,"caption":"Ag\u00eancia iNFRA"},"image":{"@id":"https:\/\/agenciainfra.com\/blog\/#\/schema\/logo\/image\/"},"sameAs":["https:\/\/www.facebook.com\/ageninfra","https:\/\/x.com\/agencia_infra","https:\/\/www.linkedin.com\/company\/ag\u00eanciainfra\/","https:\/\/www.instagram.com\/agenciainfra\/"]},{"@type":"Person","@id":"https:\/\/agenciainfra.com\/blog\/#\/schema\/person\/34af08dff6adea4cb22b06612ba7acfa","name":"Ag\u00eancia iNFRA","image":{"@type":"ImageObject","inLanguage":"pt-BR","@id":"https:\/\/agenciainfra.com\/blog\/#\/schema\/person\/image\/","url":"https:\/\/secure.gravatar.com\/avatar\/d189e01678f06d8eb84d4e01f08eb848b3fffe3f8443818d3c356c66892f5be8?s=96&d=mm&r=g","contentUrl":"https:\/\/secure.gravatar.com\/avatar\/d189e01678f06d8eb84d4e01f08eb848b3fffe3f8443818d3c356c66892f5be8?s=96&d=mm&r=g","caption":"Ag\u00eancia iNFRA"},"url":"https:\/\/agenciainfra.com\/blog\/author\/admin\/"}]}},"_links":{"self":[{"href":"https:\/\/agenciainfra.com\/blog\/wp-json\/wp\/v2\/posts\/29977","targetHints":{"allow":["GET"]}}],"collection":[{"href":"https:\/\/agenciainfra.com\/blog\/wp-json\/wp\/v2\/posts"}],"about":[{"href":"https:\/\/agenciainfra.com\/blog\/wp-json\/wp\/v2\/types\/post"}],"author":[{"embeddable":true,"href":"https:\/\/agenciainfra.com\/blog\/wp-json\/wp\/v2\/users\/1"}],"replies":[{"embeddable":true,"href":"https:\/\/agenciainfra.com\/blog\/wp-json\/wp\/v2\/comments?post=29977"}],"version-history":[{"count":4,"href":"https:\/\/agenciainfra.com\/blog\/wp-json\/wp\/v2\/posts\/29977\/revisions"}],"predecessor-version":[{"id":30098,"href":"https:\/\/agenciainfra.com\/blog\/wp-json\/wp\/v2\/posts\/29977\/revisions\/30098"}],"wp:featuredmedia":[{"embeddable":true,"href":"https:\/\/agenciainfra.com\/blog\/wp-json\/wp\/v2\/media\/5852"}],"wp:attachment":[{"href":"https:\/\/agenciainfra.com\/blog\/wp-json\/wp\/v2\/media?parent=29977"}],"wp:term":[{"taxonomy":"category","embeddable":true,"href":"https:\/\/agenciainfra.com\/blog\/wp-json\/wp\/v2\/categories?post=29977"},{"taxonomy":"post_tag","embeddable":true,"href":"https:\/\/agenciainfra.com\/blog\/wp-json\/wp\/v2\/tags?post=29977"}],"curies":[{"name":"wp","href":"https:\/\/api.w.org\/{rel}","templated":true}]}}