{"id":3001,"date":"2019-03-21T04:00:59","date_gmt":"2019-03-21T07:00:59","guid":{"rendered":"http:\/\/www.agenciainfra.com\/blog\/?p=3001"},"modified":"2019-03-18T09:30:45","modified_gmt":"2019-03-18T12:30:45","slug":"epl-esta-em-etapa-final-para-concluir-mais-tres-estudos-de-rodovias","status":"publish","type":"post","link":"https:\/\/agenciainfra.com\/blog\/epl-esta-em-etapa-final-para-concluir-mais-tres-estudos-de-rodovias\/","title":{"rendered":"EPL est\u00e1 em etapa final para concluir mais tr\u00eas estudos de rodovias"},"content":{"rendered":"<div>\n<h5 style=\"text-align: right;\"><strong>Dimmi Amora,\u00a0da Ag\u00eancia iNFRA<\/strong><\/h5>\n<p>A EPL (Empresa de Planejamento e Log\u00edstica) est\u00e1 finalizando os estudos de viabilidade para a concess\u00e3o de tr\u00eas rodovias, a BR-381-262\/MG-ES, a BR-153\/TO-GO e a BR-163\/MT-PA. A previs\u00e3o \u00e9 que essas an\u00e1lises estejam conclu\u00eddas pela companhia nos pr\u00f3ximos 60 dias e fiquem em poder da ANTT para iniciar a fase de audi\u00eancias p\u00fablicas.<\/p>\n<p>O maior projeto \u00e9 a concess\u00e3o de mais de 600 quil\u00f4metros entre Minas Gerais e Esp\u00edrito Santo, que est\u00e1 em fase final de elabora\u00e7\u00e3o. Os investimentos estimados para a duplica\u00e7\u00e3o total do trecho s\u00e3o da ordem de R$ 10 bilh\u00f5es e os estudos apontam que o trecho \u00e9 vi\u00e1vel economicamente para concess\u00e3o.<\/p>\n<p>O governo tentou em 2012 conceder trecho semelhante, BR-262, mas a licita\u00e7\u00e3o n\u00e3o teve interessados.<\/p>\n<p>As outras duas concess\u00f5es t\u00eam caracter\u00edsticas espec\u00edficas. A BR-153 \u00e9 uma licita\u00e7\u00e3o do mesmo grupo de rodovias licitadas entre 2012 e 2013, cuja concess\u00e3o fracassou e foi retomada pelo governo. J\u00e1 a 163 ser\u00e1 uma concess\u00e3o por tempo curto, 10 anos, at\u00e9 o funcionamento da Ferrogr\u00e3o, que \u00e9 paralela e, quando conclu\u00edda, dever\u00e1 captar a carga desse trecho da rodovia.<\/p>\n<p>Ap\u00f3s a licita\u00e7\u00e3o da RIS (Rodovia de Integra\u00e7\u00e3o do Sul), realizada no fim do ano passado, o governo tenta fazer ainda neste ano pelo menos mais dois leil\u00f5es, o da BR-364-365\/GO-MG e o da BR-101\/SC.<\/p>\n<p><strong>TCU decide BR-364-365<\/strong><br \/>\nO trecho de rodovias do Centro-Oeste j\u00e1 teve a an\u00e1lise pela \u00e1rea t\u00e9cnica do TCU realizada, com sugest\u00f5es de mudan\u00e7as na modelagem, conforme adiantou a\u00a0<strong>Ag\u00eancia iNFRA<\/strong>\u00a0em sua edi\u00e7\u00e3o 469, de 28 de janeiro.<\/p>\n<p>O Minist\u00e9rio P\u00fablico de Contas tamb\u00e9m fez an\u00e1lises sobre o tema e entregou seu relat\u00f3rio\u00a0ao relator do processo, Bruno Dantas, que pautou o processo na pr\u00f3xima sess\u00e3o do \u00f3rg\u00e3o. Caso o modelo j\u00e1 apresentado na RIS seja aprovado e n\u00e3o sofra altera\u00e7\u00f5es significativas, o edital\u00a0dever\u00e1 ser lan\u00e7ado at\u00e9 o fim de abril<\/p>\n<p>No caso da BR-101, a EPL trabalha nos ajustes finais da modelagem ap\u00f3s a audi\u00eancia p\u00fablica, realizada no ano passado, para enviar os estudos \u00e0 ANTT, respons\u00e1vel pelo encaminhamento ao TCU. A expectativa do governo \u00e9 licitar essa rodovia em 2019.<\/p>\n<p>Outros dois grandes grupos de rodovias est\u00e3o em an\u00e1lise para a concess\u00e3o, mas por um prazo mais longo. Um grupo de 5,6 mil quil\u00f4metros de estradas de menor viabilidade, sobre o qual o\u00a0BNDES e a EPL fizeram acordo para apresentar estudos, est\u00e1 neste momento em fase de contrata\u00e7\u00e3o de consultores para elabora\u00e7\u00e3o dos estudos.<\/p>\n<p>J\u00e1 no caso das concess\u00f5es de rodovias federais e estaduais no Paran\u00e1, licitadas na d\u00e9cada de 1990 e cujos contratos vencem em 2021, o governo federal e do estado chegaram a um acordo para que elas sejam licitadas pelo federal, e a EPL e o governo analisam a contrata\u00e7\u00e3o de estudos.<\/p>\n<\/div>\n","protected":false},"excerpt":{"rendered":"<p>Dimmi Amora,\u00a0da Ag\u00eancia iNFRA A EPL (Empresa de Planejamento e Log\u00edstica) est\u00e1 finalizando os estudos de viabilidade para a concess\u00e3o de tr\u00eas rodovias, a BR-381-262\/MG-ES, a BR-153\/TO-GO e a BR-163\/MT-PA. A previs\u00e3o \u00e9 que essas an\u00e1lises estejam conclu\u00eddas pela companhia nos pr\u00f3ximos 60 dias e fiquem em poder da ANTT para iniciar a fase de [&hellip;]<\/p>\n","protected":false},"author":9,"featured_media":3002,"comment_status":"closed","ping_status":"open","sticky":false,"template":"","format":"standard","meta":{"_monsterinsights_skip_tracking":false,"_monsterinsights_sitenote_active":false,"_monsterinsights_sitenote_note":"","_monsterinsights_sitenote_category":0,"footnotes":""},"categories":[7],"tags":[19,745,252,18],"class_list":["post-3001","post","type-post","status-publish","format-standard","has-post-thumbnail","hentry","category-infratransporte","tag-antt","tag-empresa-de-planejamento-e-logistica","tag-epl","tag-tcu"],"yoast_head":"<!-- This site is optimized with the Yoast SEO Premium plugin v25.4 (Yoast SEO v26.0) - https:\/\/yoast.com\/wordpress\/plugins\/seo\/ -->\n<title>EPL est\u00e1 em etapa final para concluir mais tr\u00eas estudos de rodovias - Ag\u00eancia iNFRA<\/title>\n<meta name=\"robots\" content=\"index, follow, max-snippet:-1, max-image-preview:large, max-video-preview:-1\" \/>\n<link rel=\"canonical\" href=\"https:\/\/agenciainfra.com\/blog\/epl-esta-em-etapa-final-para-concluir-mais-tres-estudos-de-rodovias\/\" \/>\n<meta property=\"og:locale\" content=\"pt_BR\" \/>\n<meta property=\"og:type\" content=\"article\" \/>\n<meta property=\"og:title\" content=\"EPL est\u00e1 em etapa final para concluir mais tr\u00eas estudos de rodovias\" \/>\n<meta property=\"og:description\" content=\"Dimmi Amora,\u00a0da Ag\u00eancia iNFRA A EPL (Empresa de Planejamento e Log\u00edstica) est\u00e1 finalizando os estudos de viabilidade para a concess\u00e3o de tr\u00eas rodovias, a BR-381-262\/MG-ES, a BR-153\/TO-GO e a BR-163\/MT-PA. A previs\u00e3o \u00e9 que essas an\u00e1lises estejam conclu\u00eddas pela companhia nos pr\u00f3ximos 60 dias e fiquem em poder da ANTT para iniciar a fase de [&hellip;]\" \/>\n<meta property=\"og:url\" content=\"https:\/\/agenciainfra.com\/blog\/epl-esta-em-etapa-final-para-concluir-mais-tres-estudos-de-rodovias\/\" \/>\n<meta property=\"og:site_name\" content=\"Ag\u00eancia iNFRA\" \/>\n<meta property=\"article:publisher\" content=\"https:\/\/www.facebook.com\/ageninfra\" \/>\n<meta property=\"article:published_time\" content=\"2019-03-21T07:00:59+00:00\" \/>\n<meta property=\"og:image\" content=\"https:\/\/agenciainfra.com\/blog\/wp-content\/uploads\/2019\/03\/BR-153-TO-Samuel-Peixoto-Wikimedia-Commons.jpg\" \/>\n\t<meta property=\"og:image:width\" content=\"1600\" \/>\n\t<meta property=\"og:image:height\" content=\"1200\" \/>\n\t<meta property=\"og:image:type\" content=\"image\/jpeg\" \/>\n<meta name=\"author\" content=\"Rodrigo Zuquim\" \/>\n<meta name=\"twitter:card\" content=\"summary_large_image\" \/>\n<meta name=\"twitter:creator\" content=\"@agencia_infra\" \/>\n<meta name=\"twitter:site\" content=\"@agencia_infra\" \/>\n<meta name=\"twitter:label1\" content=\"Escrito por\" \/>\n\t<meta name=\"twitter:data1\" content=\"Rodrigo Zuquim\" \/>\n\t<meta name=\"twitter:label2\" content=\"Est. tempo de leitura\" \/>\n\t<meta name=\"twitter:data2\" content=\"3 minutos\" \/>\n<script type=\"application\/ld+json\" class=\"yoast-schema-graph\">{\"@context\":\"https:\/\/schema.org\",\"@graph\":[{\"@type\":\"Article\",\"@id\":\"https:\/\/agenciainfra.com\/blog\/epl-esta-em-etapa-final-para-concluir-mais-tres-estudos-de-rodovias\/#article\",\"isPartOf\":{\"@id\":\"https:\/\/agenciainfra.com\/blog\/epl-esta-em-etapa-final-para-concluir-mais-tres-estudos-de-rodovias\/\"},\"author\":{\"name\":\"Rodrigo Zuquim\",\"@id\":\"https:\/\/agenciainfra.com\/blog\/#\/schema\/person\/04dbb79bd6d8951f063da71f3e4c1eb1\"},\"headline\":\"EPL est\u00e1 em etapa final para concluir mais tr\u00eas estudos de rodovias\",\"datePublished\":\"2019-03-21T07:00:59+00:00\",\"mainEntityOfPage\":{\"@id\":\"https:\/\/agenciainfra.com\/blog\/epl-esta-em-etapa-final-para-concluir-mais-tres-estudos-de-rodovias\/\"},\"wordCount\":523,\"publisher\":{\"@id\":\"https:\/\/agenciainfra.com\/blog\/#organization\"},\"image\":{\"@id\":\"https:\/\/agenciainfra.com\/blog\/epl-esta-em-etapa-final-para-concluir-mais-tres-estudos-de-rodovias\/#primaryimage\"},\"thumbnailUrl\":\"https:\/\/agenciainfra.com\/blog\/wp-content\/uploads\/2019\/03\/BR-153-TO-Samuel-Peixoto-Wikimedia-Commons.jpg\",\"keywords\":[\"ANTT\",\"Empresa de Planejamento e Log\u00edstica\",\"EPL\",\"TCU\"],\"articleSection\":[\"iNFRATransporte\"],\"inLanguage\":\"pt-BR\",\"copyrightYear\":\"2019\",\"copyrightHolder\":{\"@id\":\"https:\/\/agenciainfra.com\/blog\/#organization\"}},{\"@type\":\"WebPage\",\"@id\":\"https:\/\/agenciainfra.com\/blog\/epl-esta-em-etapa-final-para-concluir-mais-tres-estudos-de-rodovias\/\",\"url\":\"https:\/\/agenciainfra.com\/blog\/epl-esta-em-etapa-final-para-concluir-mais-tres-estudos-de-rodovias\/\",\"name\":\"EPL est\u00e1 em etapa final para concluir mais tr\u00eas estudos de rodovias - Ag\u00eancia iNFRA\",\"isPartOf\":{\"@id\":\"https:\/\/agenciainfra.com\/blog\/#website\"},\"primaryImageOfPage\":{\"@id\":\"https:\/\/agenciainfra.com\/blog\/epl-esta-em-etapa-final-para-concluir-mais-tres-estudos-de-rodovias\/#primaryimage\"},\"image\":{\"@id\":\"https:\/\/agenciainfra.com\/blog\/epl-esta-em-etapa-final-para-concluir-mais-tres-estudos-de-rodovias\/#primaryimage\"},\"thumbnailUrl\":\"https:\/\/agenciainfra.com\/blog\/wp-content\/uploads\/2019\/03\/BR-153-TO-Samuel-Peixoto-Wikimedia-Commons.jpg\",\"datePublished\":\"2019-03-21T07:00:59+00:00\",\"breadcrumb\":{\"@id\":\"https:\/\/agenciainfra.com\/blog\/epl-esta-em-etapa-final-para-concluir-mais-tres-estudos-de-rodovias\/#breadcrumb\"},\"inLanguage\":\"pt-BR\",\"potentialAction\":[{\"@type\":\"ReadAction\",\"target\":[\"https:\/\/agenciainfra.com\/blog\/epl-esta-em-etapa-final-para-concluir-mais-tres-estudos-de-rodovias\/\"]}]},{\"@type\":\"ImageObject\",\"inLanguage\":\"pt-BR\",\"@id\":\"https:\/\/agenciainfra.com\/blog\/epl-esta-em-etapa-final-para-concluir-mais-tres-estudos-de-rodovias\/#primaryimage\",\"url\":\"https:\/\/agenciainfra.com\/blog\/wp-content\/uploads\/2019\/03\/BR-153-TO-Samuel-Peixoto-Wikimedia-Commons.jpg\",\"contentUrl\":\"https:\/\/agenciainfra.com\/blog\/wp-content\/uploads\/2019\/03\/BR-153-TO-Samuel-Peixoto-Wikimedia-Commons.jpg\",\"width\":1600,\"height\":1200},{\"@type\":\"BreadcrumbList\",\"@id\":\"https:\/\/agenciainfra.com\/blog\/epl-esta-em-etapa-final-para-concluir-mais-tres-estudos-de-rodovias\/#breadcrumb\",\"itemListElement\":[{\"@type\":\"ListItem\",\"position\":1,\"name\":\"In\u00edcio\",\"item\":\"https:\/\/agenciainfra.com\/blog\/\"},{\"@type\":\"ListItem\",\"position\":2,\"name\":\"EPL est\u00e1 em etapa final para concluir mais tr\u00eas estudos de rodovias\"}]},{\"@type\":\"WebSite\",\"@id\":\"https:\/\/agenciainfra.com\/blog\/#website\",\"url\":\"https:\/\/agenciainfra.com\/blog\/\",\"name\":\"Ag\u00eancia iNFRA\",\"description\":\"Multiplataforma de informa\u00e7\u00e3o jornal\u00edstica refer\u00eancia na \u00e1rea de infraestrutura no Brasil!\",\"publisher\":{\"@id\":\"https:\/\/agenciainfra.com\/blog\/#organization\"},\"potentialAction\":[{\"@type\":\"SearchAction\",\"target\":{\"@type\":\"EntryPoint\",\"urlTemplate\":\"https:\/\/agenciainfra.com\/blog\/?s={search_term_string}\"},\"query-input\":{\"@type\":\"PropertyValueSpecification\",\"valueRequired\":true,\"valueName\":\"search_term_string\"}}],\"inLanguage\":\"pt-BR\"},{\"@type\":\"Organization\",\"@id\":\"https:\/\/agenciainfra.com\/blog\/#organization\",\"name\":\"Ag\u00eancia iNFRA\",\"url\":\"https:\/\/agenciainfra.com\/blog\/\",\"logo\":{\"@type\":\"ImageObject\",\"inLanguage\":\"pt-BR\",\"@id\":\"https:\/\/agenciainfra.com\/blog\/#\/schema\/logo\/image\/\",\"url\":\"https:\/\/agenciainfra.com\/blog\/wp-content\/uploads\/2023\/09\/iNFRA_5-e1761735885940.png\",\"contentUrl\":\"https:\/\/agenciainfra.com\/blog\/wp-content\/uploads\/2023\/09\/iNFRA_5-e1761735885940.png\",\"width\":1672,\"height\":454,\"caption\":\"Ag\u00eancia iNFRA\"},\"image\":{\"@id\":\"https:\/\/agenciainfra.com\/blog\/#\/schema\/logo\/image\/\"},\"sameAs\":[\"https:\/\/www.facebook.com\/ageninfra\",\"https:\/\/x.com\/agencia_infra\",\"https:\/\/www.linkedin.com\/company\/ag\u00eanciainfra\/\",\"https:\/\/www.instagram.com\/agenciainfra\/\"]},{\"@type\":\"Person\",\"@id\":\"https:\/\/agenciainfra.com\/blog\/#\/schema\/person\/04dbb79bd6d8951f063da71f3e4c1eb1\",\"name\":\"Rodrigo Zuquim\",\"image\":{\"@type\":\"ImageObject\",\"inLanguage\":\"pt-BR\",\"@id\":\"https:\/\/agenciainfra.com\/blog\/#\/schema\/person\/image\/\",\"url\":\"https:\/\/secure.gravatar.com\/avatar\/594abfe82761d620726242ff34ca472a705a4b97f16c790053a6b4c4035274d0?s=96&d=mm&r=g\",\"contentUrl\":\"https:\/\/secure.gravatar.com\/avatar\/594abfe82761d620726242ff34ca472a705a4b97f16c790053a6b4c4035274d0?s=96&d=mm&r=g\",\"caption\":\"Rodrigo Zuquim\"},\"url\":\"https:\/\/agenciainfra.com\/blog\/author\/rodrigo-zuquim\/\"}]}<\/script>\n<!-- \/ Yoast SEO Premium plugin. -->","yoast_head_json":{"title":"EPL est\u00e1 em etapa final para concluir mais tr\u00eas estudos de rodovias - Ag\u00eancia iNFRA","robots":{"index":"index","follow":"follow","max-snippet":"max-snippet:-1","max-image-preview":"max-image-preview:large","max-video-preview":"max-video-preview:-1"},"canonical":"https:\/\/agenciainfra.com\/blog\/epl-esta-em-etapa-final-para-concluir-mais-tres-estudos-de-rodovias\/","og_locale":"pt_BR","og_type":"article","og_title":"EPL est\u00e1 em etapa final para concluir mais tr\u00eas estudos de rodovias","og_description":"Dimmi Amora,\u00a0da Ag\u00eancia iNFRA A EPL (Empresa de Planejamento e Log\u00edstica) est\u00e1 finalizando os estudos de viabilidade para a concess\u00e3o de tr\u00eas rodovias, a BR-381-262\/MG-ES, a BR-153\/TO-GO e a BR-163\/MT-PA. A previs\u00e3o \u00e9 que essas an\u00e1lises estejam conclu\u00eddas pela companhia nos pr\u00f3ximos 60 dias e fiquem em poder da ANTT para iniciar a fase de [&hellip;]","og_url":"https:\/\/agenciainfra.com\/blog\/epl-esta-em-etapa-final-para-concluir-mais-tres-estudos-de-rodovias\/","og_site_name":"Ag\u00eancia iNFRA","article_publisher":"https:\/\/www.facebook.com\/ageninfra","article_published_time":"2019-03-21T07:00:59+00:00","og_image":[{"width":1600,"height":1200,"url":"https:\/\/agenciainfra.com\/blog\/wp-content\/uploads\/2019\/03\/BR-153-TO-Samuel-Peixoto-Wikimedia-Commons.jpg","type":"image\/jpeg"}],"author":"Rodrigo Zuquim","twitter_card":"summary_large_image","twitter_creator":"@agencia_infra","twitter_site":"@agencia_infra","twitter_misc":{"Escrito por":"Rodrigo Zuquim","Est. tempo de leitura":"3 minutos"},"schema":{"@context":"https:\/\/schema.org","@graph":[{"@type":"Article","@id":"https:\/\/agenciainfra.com\/blog\/epl-esta-em-etapa-final-para-concluir-mais-tres-estudos-de-rodovias\/#article","isPartOf":{"@id":"https:\/\/agenciainfra.com\/blog\/epl-esta-em-etapa-final-para-concluir-mais-tres-estudos-de-rodovias\/"},"author":{"name":"Rodrigo Zuquim","@id":"https:\/\/agenciainfra.com\/blog\/#\/schema\/person\/04dbb79bd6d8951f063da71f3e4c1eb1"},"headline":"EPL est\u00e1 em etapa final para concluir mais tr\u00eas estudos de rodovias","datePublished":"2019-03-21T07:00:59+00:00","mainEntityOfPage":{"@id":"https:\/\/agenciainfra.com\/blog\/epl-esta-em-etapa-final-para-concluir-mais-tres-estudos-de-rodovias\/"},"wordCount":523,"publisher":{"@id":"https:\/\/agenciainfra.com\/blog\/#organization"},"image":{"@id":"https:\/\/agenciainfra.com\/blog\/epl-esta-em-etapa-final-para-concluir-mais-tres-estudos-de-rodovias\/#primaryimage"},"thumbnailUrl":"https:\/\/agenciainfra.com\/blog\/wp-content\/uploads\/2019\/03\/BR-153-TO-Samuel-Peixoto-Wikimedia-Commons.jpg","keywords":["ANTT","Empresa de Planejamento e Log\u00edstica","EPL","TCU"],"articleSection":["iNFRATransporte"],"inLanguage":"pt-BR","copyrightYear":"2019","copyrightHolder":{"@id":"https:\/\/agenciainfra.com\/blog\/#organization"}},{"@type":"WebPage","@id":"https:\/\/agenciainfra.com\/blog\/epl-esta-em-etapa-final-para-concluir-mais-tres-estudos-de-rodovias\/","url":"https:\/\/agenciainfra.com\/blog\/epl-esta-em-etapa-final-para-concluir-mais-tres-estudos-de-rodovias\/","name":"EPL est\u00e1 em etapa final para concluir mais tr\u00eas estudos de rodovias - Ag\u00eancia iNFRA","isPartOf":{"@id":"https:\/\/agenciainfra.com\/blog\/#website"},"primaryImageOfPage":{"@id":"https:\/\/agenciainfra.com\/blog\/epl-esta-em-etapa-final-para-concluir-mais-tres-estudos-de-rodovias\/#primaryimage"},"image":{"@id":"https:\/\/agenciainfra.com\/blog\/epl-esta-em-etapa-final-para-concluir-mais-tres-estudos-de-rodovias\/#primaryimage"},"thumbnailUrl":"https:\/\/agenciainfra.com\/blog\/wp-content\/uploads\/2019\/03\/BR-153-TO-Samuel-Peixoto-Wikimedia-Commons.jpg","datePublished":"2019-03-21T07:00:59+00:00","breadcrumb":{"@id":"https:\/\/agenciainfra.com\/blog\/epl-esta-em-etapa-final-para-concluir-mais-tres-estudos-de-rodovias\/#breadcrumb"},"inLanguage":"pt-BR","potentialAction":[{"@type":"ReadAction","target":["https:\/\/agenciainfra.com\/blog\/epl-esta-em-etapa-final-para-concluir-mais-tres-estudos-de-rodovias\/"]}]},{"@type":"ImageObject","inLanguage":"pt-BR","@id":"https:\/\/agenciainfra.com\/blog\/epl-esta-em-etapa-final-para-concluir-mais-tres-estudos-de-rodovias\/#primaryimage","url":"https:\/\/agenciainfra.com\/blog\/wp-content\/uploads\/2019\/03\/BR-153-TO-Samuel-Peixoto-Wikimedia-Commons.jpg","contentUrl":"https:\/\/agenciainfra.com\/blog\/wp-content\/uploads\/2019\/03\/BR-153-TO-Samuel-Peixoto-Wikimedia-Commons.jpg","width":1600,"height":1200},{"@type":"BreadcrumbList","@id":"https:\/\/agenciainfra.com\/blog\/epl-esta-em-etapa-final-para-concluir-mais-tres-estudos-de-rodovias\/#breadcrumb","itemListElement":[{"@type":"ListItem","position":1,"name":"In\u00edcio","item":"https:\/\/agenciainfra.com\/blog\/"},{"@type":"ListItem","position":2,"name":"EPL est\u00e1 em etapa final para concluir mais tr\u00eas estudos de rodovias"}]},{"@type":"WebSite","@id":"https:\/\/agenciainfra.com\/blog\/#website","url":"https:\/\/agenciainfra.com\/blog\/","name":"Ag\u00eancia iNFRA","description":"Multiplataforma de informa\u00e7\u00e3o jornal\u00edstica refer\u00eancia na \u00e1rea de infraestrutura no Brasil!","publisher":{"@id":"https:\/\/agenciainfra.com\/blog\/#organization"},"potentialAction":[{"@type":"SearchAction","target":{"@type":"EntryPoint","urlTemplate":"https:\/\/agenciainfra.com\/blog\/?s={search_term_string}"},"query-input":{"@type":"PropertyValueSpecification","valueRequired":true,"valueName":"search_term_string"}}],"inLanguage":"pt-BR"},{"@type":"Organization","@id":"https:\/\/agenciainfra.com\/blog\/#organization","name":"Ag\u00eancia iNFRA","url":"https:\/\/agenciainfra.com\/blog\/","logo":{"@type":"ImageObject","inLanguage":"pt-BR","@id":"https:\/\/agenciainfra.com\/blog\/#\/schema\/logo\/image\/","url":"https:\/\/agenciainfra.com\/blog\/wp-content\/uploads\/2023\/09\/iNFRA_5-e1761735885940.png","contentUrl":"https:\/\/agenciainfra.com\/blog\/wp-content\/uploads\/2023\/09\/iNFRA_5-e1761735885940.png","width":1672,"height":454,"caption":"Ag\u00eancia iNFRA"},"image":{"@id":"https:\/\/agenciainfra.com\/blog\/#\/schema\/logo\/image\/"},"sameAs":["https:\/\/www.facebook.com\/ageninfra","https:\/\/x.com\/agencia_infra","https:\/\/www.linkedin.com\/company\/ag\u00eanciainfra\/","https:\/\/www.instagram.com\/agenciainfra\/"]},{"@type":"Person","@id":"https:\/\/agenciainfra.com\/blog\/#\/schema\/person\/04dbb79bd6d8951f063da71f3e4c1eb1","name":"Rodrigo Zuquim","image":{"@type":"ImageObject","inLanguage":"pt-BR","@id":"https:\/\/agenciainfra.com\/blog\/#\/schema\/person\/image\/","url":"https:\/\/secure.gravatar.com\/avatar\/594abfe82761d620726242ff34ca472a705a4b97f16c790053a6b4c4035274d0?s=96&d=mm&r=g","contentUrl":"https:\/\/secure.gravatar.com\/avatar\/594abfe82761d620726242ff34ca472a705a4b97f16c790053a6b4c4035274d0?s=96&d=mm&r=g","caption":"Rodrigo Zuquim"},"url":"https:\/\/agenciainfra.com\/blog\/author\/rodrigo-zuquim\/"}]}},"_links":{"self":[{"href":"https:\/\/agenciainfra.com\/blog\/wp-json\/wp\/v2\/posts\/3001","targetHints":{"allow":["GET"]}}],"collection":[{"href":"https:\/\/agenciainfra.com\/blog\/wp-json\/wp\/v2\/posts"}],"about":[{"href":"https:\/\/agenciainfra.com\/blog\/wp-json\/wp\/v2\/types\/post"}],"author":[{"embeddable":true,"href":"https:\/\/agenciainfra.com\/blog\/wp-json\/wp\/v2\/users\/9"}],"replies":[{"embeddable":true,"href":"https:\/\/agenciainfra.com\/blog\/wp-json\/wp\/v2\/comments?post=3001"}],"version-history":[{"count":0,"href":"https:\/\/agenciainfra.com\/blog\/wp-json\/wp\/v2\/posts\/3001\/revisions"}],"wp:featuredmedia":[{"embeddable":true,"href":"https:\/\/agenciainfra.com\/blog\/wp-json\/wp\/v2\/media\/3002"}],"wp:attachment":[{"href":"https:\/\/agenciainfra.com\/blog\/wp-json\/wp\/v2\/media?parent=3001"}],"wp:term":[{"taxonomy":"category","embeddable":true,"href":"https:\/\/agenciainfra.com\/blog\/wp-json\/wp\/v2\/categories?post=3001"},{"taxonomy":"post_tag","embeddable":true,"href":"https:\/\/agenciainfra.com\/blog\/wp-json\/wp\/v2\/tags?post=3001"}],"curies":[{"name":"wp","href":"https:\/\/api.w.org\/{rel}","templated":true}]}}