{"id":30015,"date":"2025-10-17T09:00:00","date_gmt":"2025-10-17T12:00:00","guid":{"rendered":"https:\/\/agenciainfra.com\/blog\/?p=30015"},"modified":"2025-10-20T11:07:50","modified_gmt":"2025-10-20T14:07:50","slug":"apagoes-proposta-da-aneel-para-compensar-consumidor-desagrada-agentes","status":"publish","type":"post","link":"https:\/\/agenciainfra.com\/blog\/apagoes-proposta-da-aneel-para-compensar-consumidor-desagrada-agentes\/","title":{"rendered":"Apag\u00f5es: Proposta da ANEEL para compensar consumidor desagrada agentes"},"content":{"rendered":"\n<p class=\"has-text-align-right\"><strong>Geraldo Campos Jr., Marisa Wanzeller e Lais Carregosa, da Ag\u00eancia iNFRA<\/strong><\/p>\n\n\n\n<p>A \u00e1rea t\u00e9cnica da ANEEL (Ag\u00eancia Nacional de Energia El\u00e9trica) trouxe uma proposta mais leve para as\u00a0compensa\u00e7\u00f5es aos consumidores pagas pelas\u00a0distribuidoras de energia\u00a0por interrup\u00e7\u00f5es do servi\u00e7o em situa\u00e7\u00f5es de emerg\u00eancia. Apesar disso, o novo desenho ainda desagrada agentes do segmento ouvidos pela\u00a0<strong>Ag\u00eancia iNFRA<\/strong>. O processo est\u00e1\u00a0<a href=\"https:\/\/www2.aneel.gov.br\/aplicacoes_liferay\/noticias_area\/dsp_detalheNoticia.cfm?idNoticia=14656&amp;idAreaNoticia=425\" target=\"_blank\" rel=\"noreferrer noopener\">pautado\u00a0<\/a>para a reuni\u00e3o de diretoria da pr\u00f3xima ter\u00e7a-feira (21).\u00a0<br><br>Publicada na quarta-feira (15), a\u00a0<a href=\"https:\/\/agenciainfra.com\/blog\/wp-content\/uploads\/2025\/10\/nota-tecnica-aneel-CP32-resiliencia.pdf\" target=\"_blank\" rel=\"noreferrer noopener\">nota t\u00e9cnica<\/a>\u00a0de fechamento da CP (Consulta P\u00fablica) 32\/2024, sobre resili\u00eancia das redes, prop\u00f5e a amplia\u00e7\u00e3o de 26 horas para 48 horas do tempo limite de recomposi\u00e7\u00e3o do fornecimento para os clientes de \u00e1reas rurais. O prazo\u00a0maior foi pedido pelos agentes na consulta, que avaliaram o\u00a0anterior muito curto\u00a0para \u00e1reas mais remotas. J\u00e1 o prazo m\u00e1ximo de retorno da energia para os consumidores urbanos foi mantido em 24 horas.\u00a0<br><br>Al\u00e9m disso, o multiplicador para c\u00e1lculo do montante a ser compensado foi reduzido, com a troca dos indicadores de refer\u00eancia. Esse valor, juntamente com a tarifa e o tempo de interrup\u00e7\u00e3o, determina o montante a ser ressarcido aos consumidores. Na proposta anterior, as horas de interrup\u00e7\u00e3o eram multiplicadas por 34 para consumidores em baixa tens\u00e3o e por 40 para m\u00e9dia tens\u00e3o. Agora, ser\u00e3o multiplicadas por 14 e 20, respectivamente.\u00a0<br><br>De acordo com a nota t\u00e9cnica, a nova proposta traz \u201ccoer\u00eancia com a l\u00f3gica regulat\u00f3ria existente e de n\u00e3o eleva\u00e7\u00e3o significativa de custos operacionais e investimentos, contribuindo para a modicidade tarif\u00e1ria\u201d.<br><br>Fontes do segmento avaliam que os pontos alterados representam melhorias, mas ainda t\u00eam cr\u00edticas ao conceito de compensa\u00e7\u00e3o proposto. As queixas v\u00e3o desde o custo que ser\u00e1 repassado nas tarifas ao estabelecimento de uma franquia de horas \u00fanica para todo o pa\u00eds, sem considerar as diferentes realidades de cada concess\u00e3o.\u00a0<br><br><strong>Tipos de eventos clim\u00e1ticos<\/strong><br>Outra preocupa\u00e7\u00e3o dos agentes \u00e9 que a regra n\u00e3o considera a natureza dos eventos, incluindo no novo indicador Dise (Dura\u00e7\u00e3o da Interrup\u00e7\u00e3o Individual em Situa\u00e7\u00e3o de Emerg\u00eancia) diferentes tipos de ocorr\u00eancias, inclusive as mais extremas por for\u00e7a clim\u00e1tica, como as chuvas no Rio Grande do Sul em 2024. H\u00e1 uma avalia\u00e7\u00e3o, por outro lado, de que a nota t\u00e9cnica abre caminho para futuros pleitos de excludente de responsabilidade em casos de eventos mais severos.<br><br>H\u00e1 ainda uma cr\u00edtica quanto \u00e0 avalia\u00e7\u00e3o da \u00e1rea t\u00e9cnica de que n\u00e3o h\u00e1 necessidade de realiza\u00e7\u00e3o de uma AIR (An\u00e1lise de Impacto Regulat\u00f3rio) para criar o Dise e as compensa\u00e7\u00f5es. A nota pondera que a \u201curg\u00eancia do tema e o relevante interesse p\u00fablico associado justificam o tratamento antecipado da mat\u00e9ria\u201d. O documento tamb\u00e9m cita o parecer jur\u00eddico da Procuradoria Federal que avaliou que a institui\u00e7\u00e3o do mecanismo \u201cn\u00e3o contraria as disposi\u00e7\u00f5es do C\u00f3digo Civil relativas \u00e0 responsabilidade civil das distribuidoras\u201d.<br><br><strong>Manejo de \u00e1rvores<\/strong><br>Os agentes tamb\u00e9m consideraram positivas as altera\u00e7\u00f5es quanto ao manejo e poda das \u00e1rvores. Anteriormente a ag\u00eancia propunha que as distribuidoras fizessem de forma preventiva a remo\u00e7\u00e3o e a substitui\u00e7\u00e3o de \u00e1rvores em locais considerados de maior risco \u00e0 rede. Agora, a nota t\u00e9cnica entende que essa responsabilidade cabe aos munic\u00edpios.<br><br>Antes de um incidente, cabe \u00e0s concession\u00e1rias somente a poda preventiva, que j\u00e1 \u00e9 feita. Mas, em caso de quedas de \u00e1rvores sobre as linhas, foi inserida previs\u00e3o de que as distribuidoras devem garantir a r\u00e1pida remo\u00e7\u00e3o de \u00e1rvores e galhos ca\u00eddos sobre a rede, atuando de forma coordenada com as prefeituras. No entanto, em caso de demora, elas ter\u00e3o autonomia para adotarem medidas urgentes sem depender das gest\u00f5es municipais.<br><br>A nova regra prev\u00ea a obriga\u00e7\u00e3o de que as empresas criem um plano de manejo vegetal, que dever\u00e1 ser atualizado anualmente, em coordena\u00e7\u00e3o com as prefeituras.<br><br><strong>Comunica\u00e7\u00e3o<\/strong><br>Na nota, a \u00e1rea t\u00e9cnica da ANEEL mant\u00e9m que os governos devem ser informados imediatamente em caso de interrup\u00e7\u00f5es, com atualiza\u00e7\u00e3o em tempo real se houver crise por apag\u00e3o. Os t\u00e9cnicos tamb\u00e9m mantiveram a exig\u00eancia de atualiza\u00e7\u00e3o frequente, a cada cinco minutos, nos canais digitais das distribuidoras.<br><br>Contudo, houve altera\u00e7\u00e3o da proposta inicial sobre o prazo de comunica\u00e7\u00e3o aos consumidores em caso de interrup\u00e7\u00e3o no fornecimento. Na nova regra, h\u00e1 dois prazos: at\u00e9 15 minutos se a causa for conhecida; e em at\u00e9 uma hora, caso a causa n\u00e3o tenha sido apurada. A comunica\u00e7\u00e3o deve conter as seguintes informa\u00e7\u00f5es: a prov\u00e1vel causa da interrup\u00e7\u00e3o, a \u00e1rea afetada e o tempo previsto para a normaliza\u00e7\u00e3o.<br><br>As distribuidoras ter\u00e3o 90 dias, ap\u00f3s a publica\u00e7\u00e3o da norma, para se adequar ao regulamento e fazer uma revis\u00e3o de planos de conting\u00eancia.\u00a0<\/p>\n","protected":false},"excerpt":{"rendered":"<p>Geraldo Campos Jr., Marisa Wanzeller e Lais Carregosa, da Ag\u00eancia iNFRA A \u00e1rea t\u00e9cnica da ANEEL (Ag\u00eancia Nacional de Energia El\u00e9trica) trouxe uma proposta mais leve para as\u00a0compensa\u00e7\u00f5es aos consumidores pagas pelas\u00a0distribuidoras de energia\u00a0por interrup\u00e7\u00f5es do servi\u00e7o em situa\u00e7\u00f5es de emerg\u00eancia. Apesar disso, o novo desenho ainda desagrada agentes do segmento ouvidos pela\u00a0Ag\u00eancia iNFRA. O [&hellip;]<\/p>\n","protected":false},"author":1,"featured_media":27207,"comment_status":"closed","ping_status":"closed","sticky":false,"template":"","format":"standard","meta":{"_monsterinsights_skip_tracking":false,"_monsterinsights_sitenote_active":false,"_monsterinsights_sitenote_note":"","_monsterinsights_sitenote_category":0,"footnotes":""},"categories":[7250,10],"tags":[16205,53,16204,282,11594,13132,7366,15530,54],"class_list":["post-30015","post","type-post","status-publish","format-standard","has-post-thumbnail","hentry","category-destaque-lista","category-infraenergia","tag-agentes-eletricos","tag-aneel","tag-apagoes","tag-energia-eletrica","tag-geraldo-campos-jr","tag-lais-carregosa","tag-marisa-wanzeller","tag-queda-de-energia","tag-setor-eletrico"],"yoast_head":"<!-- This site is optimized with the Yoast SEO Premium plugin v25.4 (Yoast SEO v26.0) - https:\/\/yoast.com\/wordpress\/plugins\/seo\/ -->\n<title>Apag\u00f5es: Proposta da ANEEL para compensar consumidor desagrada agentes - Ag\u00eancia iNFRA<\/title>\n<meta name=\"robots\" content=\"index, follow, max-snippet:-1, max-image-preview:large, max-video-preview:-1\" \/>\n<link rel=\"canonical\" href=\"https:\/\/agenciainfra.com\/blog\/apagoes-proposta-da-aneel-para-compensar-consumidor-desagrada-agentes\/\" \/>\n<meta property=\"og:locale\" content=\"pt_BR\" \/>\n<meta property=\"og:type\" content=\"article\" \/>\n<meta property=\"og:title\" content=\"Apag\u00f5es: Proposta da ANEEL para compensar consumidor desagrada agentes\" \/>\n<meta property=\"og:description\" content=\"Geraldo Campos Jr., Marisa Wanzeller e Lais Carregosa, da Ag\u00eancia iNFRA A \u00e1rea t\u00e9cnica da ANEEL (Ag\u00eancia Nacional de Energia El\u00e9trica) trouxe uma proposta mais leve para as\u00a0compensa\u00e7\u00f5es aos consumidores pagas pelas\u00a0distribuidoras de energia\u00a0por interrup\u00e7\u00f5es do servi\u00e7o em situa\u00e7\u00f5es de emerg\u00eancia. Apesar disso, o novo desenho ainda desagrada agentes do segmento ouvidos pela\u00a0Ag\u00eancia iNFRA. O [&hellip;]\" \/>\n<meta property=\"og:url\" content=\"https:\/\/agenciainfra.com\/blog\/apagoes-proposta-da-aneel-para-compensar-consumidor-desagrada-agentes\/\" \/>\n<meta property=\"og:site_name\" content=\"Ag\u00eancia iNFRA\" \/>\n<meta property=\"article:publisher\" content=\"https:\/\/www.facebook.com\/ageninfra\" \/>\n<meta property=\"article:published_time\" content=\"2025-10-17T12:00:00+00:00\" \/>\n<meta property=\"article:modified_time\" content=\"2025-10-20T14:07:50+00:00\" \/>\n<meta property=\"og:image\" content=\"https:\/\/agenciainfra.com\/blog\/wp-content\/uploads\/2025\/09\/luz-lampada-foto-marcello-casal-jr-agencia-brasil.png\" \/>\n\t<meta property=\"og:image:width\" content=\"1280\" \/>\n\t<meta property=\"og:image:height\" content=\"765\" \/>\n\t<meta property=\"og:image:type\" content=\"image\/png\" \/>\n<meta name=\"author\" content=\"Ag\u00eancia iNFRA\" \/>\n<meta name=\"twitter:card\" content=\"summary_large_image\" \/>\n<meta name=\"twitter:creator\" content=\"@agencia_infra\" \/>\n<meta name=\"twitter:site\" content=\"@agencia_infra\" \/>\n<meta name=\"twitter:label1\" content=\"Escrito por\" \/>\n\t<meta name=\"twitter:data1\" content=\"Ag\u00eancia iNFRA\" \/>\n\t<meta name=\"twitter:label2\" content=\"Est. tempo de leitura\" \/>\n\t<meta name=\"twitter:data2\" content=\"4 minutos\" \/>\n<script type=\"application\/ld+json\" class=\"yoast-schema-graph\">{\"@context\":\"https:\/\/schema.org\",\"@graph\":[{\"@type\":\"Article\",\"@id\":\"https:\/\/agenciainfra.com\/blog\/apagoes-proposta-da-aneel-para-compensar-consumidor-desagrada-agentes\/#article\",\"isPartOf\":{\"@id\":\"https:\/\/agenciainfra.com\/blog\/apagoes-proposta-da-aneel-para-compensar-consumidor-desagrada-agentes\/\"},\"author\":{\"name\":\"Ag\u00eancia iNFRA\",\"@id\":\"https:\/\/agenciainfra.com\/blog\/#\/schema\/person\/34af08dff6adea4cb22b06612ba7acfa\"},\"headline\":\"Apag\u00f5es: Proposta da ANEEL para compensar consumidor desagrada agentes\",\"datePublished\":\"2025-10-17T12:00:00+00:00\",\"dateModified\":\"2025-10-20T14:07:50+00:00\",\"mainEntityOfPage\":{\"@id\":\"https:\/\/agenciainfra.com\/blog\/apagoes-proposta-da-aneel-para-compensar-consumidor-desagrada-agentes\/\"},\"wordCount\":847,\"publisher\":{\"@id\":\"https:\/\/agenciainfra.com\/blog\/#organization\"},\"image\":{\"@id\":\"https:\/\/agenciainfra.com\/blog\/apagoes-proposta-da-aneel-para-compensar-consumidor-desagrada-agentes\/#primaryimage\"},\"thumbnailUrl\":\"https:\/\/agenciainfra.com\/blog\/wp-content\/uploads\/2025\/09\/luz-lampada-foto-marcello-casal-jr-agencia-brasil.png\",\"keywords\":[\"agentes el\u00e9tricos\",\"ANEEL\",\"apag\u00f5es\",\"energia el\u00e9trica\",\"Geraldo Campos Jr.\",\"Lais Carregosa\",\"Marisa Wanzeller\",\"queda de energia\",\"Setor El\u00e9trico\"],\"articleSection\":[\"Destaque lista\",\"iNFRAEnergia\"],\"inLanguage\":\"pt-BR\",\"copyrightYear\":\"2025\",\"copyrightHolder\":{\"@id\":\"https:\/\/agenciainfra.com\/blog\/#organization\"}},{\"@type\":\"WebPage\",\"@id\":\"https:\/\/agenciainfra.com\/blog\/apagoes-proposta-da-aneel-para-compensar-consumidor-desagrada-agentes\/\",\"url\":\"https:\/\/agenciainfra.com\/blog\/apagoes-proposta-da-aneel-para-compensar-consumidor-desagrada-agentes\/\",\"name\":\"Apag\u00f5es: Proposta da ANEEL para compensar consumidor desagrada agentes - Ag\u00eancia iNFRA\",\"isPartOf\":{\"@id\":\"https:\/\/agenciainfra.com\/blog\/#website\"},\"primaryImageOfPage\":{\"@id\":\"https:\/\/agenciainfra.com\/blog\/apagoes-proposta-da-aneel-para-compensar-consumidor-desagrada-agentes\/#primaryimage\"},\"image\":{\"@id\":\"https:\/\/agenciainfra.com\/blog\/apagoes-proposta-da-aneel-para-compensar-consumidor-desagrada-agentes\/#primaryimage\"},\"thumbnailUrl\":\"https:\/\/agenciainfra.com\/blog\/wp-content\/uploads\/2025\/09\/luz-lampada-foto-marcello-casal-jr-agencia-brasil.png\",\"datePublished\":\"2025-10-17T12:00:00+00:00\",\"dateModified\":\"2025-10-20T14:07:50+00:00\",\"breadcrumb\":{\"@id\":\"https:\/\/agenciainfra.com\/blog\/apagoes-proposta-da-aneel-para-compensar-consumidor-desagrada-agentes\/#breadcrumb\"},\"inLanguage\":\"pt-BR\",\"potentialAction\":[{\"@type\":\"ReadAction\",\"target\":[\"https:\/\/agenciainfra.com\/blog\/apagoes-proposta-da-aneel-para-compensar-consumidor-desagrada-agentes\/\"]}]},{\"@type\":\"ImageObject\",\"inLanguage\":\"pt-BR\",\"@id\":\"https:\/\/agenciainfra.com\/blog\/apagoes-proposta-da-aneel-para-compensar-consumidor-desagrada-agentes\/#primaryimage\",\"url\":\"https:\/\/agenciainfra.com\/blog\/wp-content\/uploads\/2025\/09\/luz-lampada-foto-marcello-casal-jr-agencia-brasil.png\",\"contentUrl\":\"https:\/\/agenciainfra.com\/blog\/wp-content\/uploads\/2025\/09\/luz-lampada-foto-marcello-casal-jr-agencia-brasil.png\",\"width\":1280,\"height\":765,\"caption\":\"Foto: Marcello Casal Jr\/Ag\u00eancia Brasil\"},{\"@type\":\"BreadcrumbList\",\"@id\":\"https:\/\/agenciainfra.com\/blog\/apagoes-proposta-da-aneel-para-compensar-consumidor-desagrada-agentes\/#breadcrumb\",\"itemListElement\":[{\"@type\":\"ListItem\",\"position\":1,\"name\":\"In\u00edcio\",\"item\":\"https:\/\/agenciainfra.com\/blog\/\"},{\"@type\":\"ListItem\",\"position\":2,\"name\":\"Apag\u00f5es: Proposta da ANEEL para compensar consumidor desagrada agentes\"}]},{\"@type\":\"WebSite\",\"@id\":\"https:\/\/agenciainfra.com\/blog\/#website\",\"url\":\"https:\/\/agenciainfra.com\/blog\/\",\"name\":\"Ag\u00eancia iNFRA\",\"description\":\"Multiplataforma de informa\u00e7\u00e3o jornal\u00edstica refer\u00eancia na \u00e1rea de infraestrutura no Brasil!\",\"publisher\":{\"@id\":\"https:\/\/agenciainfra.com\/blog\/#organization\"},\"potentialAction\":[{\"@type\":\"SearchAction\",\"target\":{\"@type\":\"EntryPoint\",\"urlTemplate\":\"https:\/\/agenciainfra.com\/blog\/?s={search_term_string}\"},\"query-input\":{\"@type\":\"PropertyValueSpecification\",\"valueRequired\":true,\"valueName\":\"search_term_string\"}}],\"inLanguage\":\"pt-BR\"},{\"@type\":\"Organization\",\"@id\":\"https:\/\/agenciainfra.com\/blog\/#organization\",\"name\":\"Ag\u00eancia iNFRA\",\"url\":\"https:\/\/agenciainfra.com\/blog\/\",\"logo\":{\"@type\":\"ImageObject\",\"inLanguage\":\"pt-BR\",\"@id\":\"https:\/\/agenciainfra.com\/blog\/#\/schema\/logo\/image\/\",\"url\":\"https:\/\/agenciainfra.com\/blog\/wp-content\/uploads\/2023\/09\/iNFRA_5-e1761735885940.png\",\"contentUrl\":\"https:\/\/agenciainfra.com\/blog\/wp-content\/uploads\/2023\/09\/iNFRA_5-e1761735885940.png\",\"width\":1672,\"height\":454,\"caption\":\"Ag\u00eancia iNFRA\"},\"image\":{\"@id\":\"https:\/\/agenciainfra.com\/blog\/#\/schema\/logo\/image\/\"},\"sameAs\":[\"https:\/\/www.facebook.com\/ageninfra\",\"https:\/\/x.com\/agencia_infra\",\"https:\/\/www.linkedin.com\/company\/ag\u00eanciainfra\/\",\"https:\/\/www.instagram.com\/agenciainfra\/\"]},{\"@type\":\"Person\",\"@id\":\"https:\/\/agenciainfra.com\/blog\/#\/schema\/person\/34af08dff6adea4cb22b06612ba7acfa\",\"name\":\"Ag\u00eancia iNFRA\",\"image\":{\"@type\":\"ImageObject\",\"inLanguage\":\"pt-BR\",\"@id\":\"https:\/\/agenciainfra.com\/blog\/#\/schema\/person\/image\/\",\"url\":\"https:\/\/secure.gravatar.com\/avatar\/d189e01678f06d8eb84d4e01f08eb848b3fffe3f8443818d3c356c66892f5be8?s=96&d=mm&r=g\",\"contentUrl\":\"https:\/\/secure.gravatar.com\/avatar\/d189e01678f06d8eb84d4e01f08eb848b3fffe3f8443818d3c356c66892f5be8?s=96&d=mm&r=g\",\"caption\":\"Ag\u00eancia iNFRA\"},\"url\":\"https:\/\/agenciainfra.com\/blog\/author\/admin\/\"}]}<\/script>\n<!-- \/ Yoast SEO Premium plugin. -->","yoast_head_json":{"title":"Apag\u00f5es: Proposta da ANEEL para compensar consumidor desagrada agentes - Ag\u00eancia iNFRA","robots":{"index":"index","follow":"follow","max-snippet":"max-snippet:-1","max-image-preview":"max-image-preview:large","max-video-preview":"max-video-preview:-1"},"canonical":"https:\/\/agenciainfra.com\/blog\/apagoes-proposta-da-aneel-para-compensar-consumidor-desagrada-agentes\/","og_locale":"pt_BR","og_type":"article","og_title":"Apag\u00f5es: Proposta da ANEEL para compensar consumidor desagrada agentes","og_description":"Geraldo Campos Jr., Marisa Wanzeller e Lais Carregosa, da Ag\u00eancia iNFRA A \u00e1rea t\u00e9cnica da ANEEL (Ag\u00eancia Nacional de Energia El\u00e9trica) trouxe uma proposta mais leve para as\u00a0compensa\u00e7\u00f5es aos consumidores pagas pelas\u00a0distribuidoras de energia\u00a0por interrup\u00e7\u00f5es do servi\u00e7o em situa\u00e7\u00f5es de emerg\u00eancia. Apesar disso, o novo desenho ainda desagrada agentes do segmento ouvidos pela\u00a0Ag\u00eancia iNFRA. O [&hellip;]","og_url":"https:\/\/agenciainfra.com\/blog\/apagoes-proposta-da-aneel-para-compensar-consumidor-desagrada-agentes\/","og_site_name":"Ag\u00eancia iNFRA","article_publisher":"https:\/\/www.facebook.com\/ageninfra","article_published_time":"2025-10-17T12:00:00+00:00","article_modified_time":"2025-10-20T14:07:50+00:00","og_image":[{"width":1280,"height":765,"url":"https:\/\/agenciainfra.com\/blog\/wp-content\/uploads\/2025\/09\/luz-lampada-foto-marcello-casal-jr-agencia-brasil.png","type":"image\/png"}],"author":"Ag\u00eancia iNFRA","twitter_card":"summary_large_image","twitter_creator":"@agencia_infra","twitter_site":"@agencia_infra","twitter_misc":{"Escrito por":"Ag\u00eancia iNFRA","Est. tempo de leitura":"4 minutos"},"schema":{"@context":"https:\/\/schema.org","@graph":[{"@type":"Article","@id":"https:\/\/agenciainfra.com\/blog\/apagoes-proposta-da-aneel-para-compensar-consumidor-desagrada-agentes\/#article","isPartOf":{"@id":"https:\/\/agenciainfra.com\/blog\/apagoes-proposta-da-aneel-para-compensar-consumidor-desagrada-agentes\/"},"author":{"name":"Ag\u00eancia iNFRA","@id":"https:\/\/agenciainfra.com\/blog\/#\/schema\/person\/34af08dff6adea4cb22b06612ba7acfa"},"headline":"Apag\u00f5es: Proposta da ANEEL para compensar consumidor desagrada agentes","datePublished":"2025-10-17T12:00:00+00:00","dateModified":"2025-10-20T14:07:50+00:00","mainEntityOfPage":{"@id":"https:\/\/agenciainfra.com\/blog\/apagoes-proposta-da-aneel-para-compensar-consumidor-desagrada-agentes\/"},"wordCount":847,"publisher":{"@id":"https:\/\/agenciainfra.com\/blog\/#organization"},"image":{"@id":"https:\/\/agenciainfra.com\/blog\/apagoes-proposta-da-aneel-para-compensar-consumidor-desagrada-agentes\/#primaryimage"},"thumbnailUrl":"https:\/\/agenciainfra.com\/blog\/wp-content\/uploads\/2025\/09\/luz-lampada-foto-marcello-casal-jr-agencia-brasil.png","keywords":["agentes el\u00e9tricos","ANEEL","apag\u00f5es","energia el\u00e9trica","Geraldo Campos Jr.","Lais Carregosa","Marisa Wanzeller","queda de energia","Setor El\u00e9trico"],"articleSection":["Destaque lista","iNFRAEnergia"],"inLanguage":"pt-BR","copyrightYear":"2025","copyrightHolder":{"@id":"https:\/\/agenciainfra.com\/blog\/#organization"}},{"@type":"WebPage","@id":"https:\/\/agenciainfra.com\/blog\/apagoes-proposta-da-aneel-para-compensar-consumidor-desagrada-agentes\/","url":"https:\/\/agenciainfra.com\/blog\/apagoes-proposta-da-aneel-para-compensar-consumidor-desagrada-agentes\/","name":"Apag\u00f5es: Proposta da ANEEL para compensar consumidor desagrada agentes - Ag\u00eancia iNFRA","isPartOf":{"@id":"https:\/\/agenciainfra.com\/blog\/#website"},"primaryImageOfPage":{"@id":"https:\/\/agenciainfra.com\/blog\/apagoes-proposta-da-aneel-para-compensar-consumidor-desagrada-agentes\/#primaryimage"},"image":{"@id":"https:\/\/agenciainfra.com\/blog\/apagoes-proposta-da-aneel-para-compensar-consumidor-desagrada-agentes\/#primaryimage"},"thumbnailUrl":"https:\/\/agenciainfra.com\/blog\/wp-content\/uploads\/2025\/09\/luz-lampada-foto-marcello-casal-jr-agencia-brasil.png","datePublished":"2025-10-17T12:00:00+00:00","dateModified":"2025-10-20T14:07:50+00:00","breadcrumb":{"@id":"https:\/\/agenciainfra.com\/blog\/apagoes-proposta-da-aneel-para-compensar-consumidor-desagrada-agentes\/#breadcrumb"},"inLanguage":"pt-BR","potentialAction":[{"@type":"ReadAction","target":["https:\/\/agenciainfra.com\/blog\/apagoes-proposta-da-aneel-para-compensar-consumidor-desagrada-agentes\/"]}]},{"@type":"ImageObject","inLanguage":"pt-BR","@id":"https:\/\/agenciainfra.com\/blog\/apagoes-proposta-da-aneel-para-compensar-consumidor-desagrada-agentes\/#primaryimage","url":"https:\/\/agenciainfra.com\/blog\/wp-content\/uploads\/2025\/09\/luz-lampada-foto-marcello-casal-jr-agencia-brasil.png","contentUrl":"https:\/\/agenciainfra.com\/blog\/wp-content\/uploads\/2025\/09\/luz-lampada-foto-marcello-casal-jr-agencia-brasil.png","width":1280,"height":765,"caption":"Foto: Marcello Casal Jr\/Ag\u00eancia Brasil"},{"@type":"BreadcrumbList","@id":"https:\/\/agenciainfra.com\/blog\/apagoes-proposta-da-aneel-para-compensar-consumidor-desagrada-agentes\/#breadcrumb","itemListElement":[{"@type":"ListItem","position":1,"name":"In\u00edcio","item":"https:\/\/agenciainfra.com\/blog\/"},{"@type":"ListItem","position":2,"name":"Apag\u00f5es: Proposta da ANEEL para compensar consumidor desagrada agentes"}]},{"@type":"WebSite","@id":"https:\/\/agenciainfra.com\/blog\/#website","url":"https:\/\/agenciainfra.com\/blog\/","name":"Ag\u00eancia iNFRA","description":"Multiplataforma de informa\u00e7\u00e3o jornal\u00edstica refer\u00eancia na \u00e1rea de infraestrutura no Brasil!","publisher":{"@id":"https:\/\/agenciainfra.com\/blog\/#organization"},"potentialAction":[{"@type":"SearchAction","target":{"@type":"EntryPoint","urlTemplate":"https:\/\/agenciainfra.com\/blog\/?s={search_term_string}"},"query-input":{"@type":"PropertyValueSpecification","valueRequired":true,"valueName":"search_term_string"}}],"inLanguage":"pt-BR"},{"@type":"Organization","@id":"https:\/\/agenciainfra.com\/blog\/#organization","name":"Ag\u00eancia iNFRA","url":"https:\/\/agenciainfra.com\/blog\/","logo":{"@type":"ImageObject","inLanguage":"pt-BR","@id":"https:\/\/agenciainfra.com\/blog\/#\/schema\/logo\/image\/","url":"https:\/\/agenciainfra.com\/blog\/wp-content\/uploads\/2023\/09\/iNFRA_5-e1761735885940.png","contentUrl":"https:\/\/agenciainfra.com\/blog\/wp-content\/uploads\/2023\/09\/iNFRA_5-e1761735885940.png","width":1672,"height":454,"caption":"Ag\u00eancia iNFRA"},"image":{"@id":"https:\/\/agenciainfra.com\/blog\/#\/schema\/logo\/image\/"},"sameAs":["https:\/\/www.facebook.com\/ageninfra","https:\/\/x.com\/agencia_infra","https:\/\/www.linkedin.com\/company\/ag\u00eanciainfra\/","https:\/\/www.instagram.com\/agenciainfra\/"]},{"@type":"Person","@id":"https:\/\/agenciainfra.com\/blog\/#\/schema\/person\/34af08dff6adea4cb22b06612ba7acfa","name":"Ag\u00eancia iNFRA","image":{"@type":"ImageObject","inLanguage":"pt-BR","@id":"https:\/\/agenciainfra.com\/blog\/#\/schema\/person\/image\/","url":"https:\/\/secure.gravatar.com\/avatar\/d189e01678f06d8eb84d4e01f08eb848b3fffe3f8443818d3c356c66892f5be8?s=96&d=mm&r=g","contentUrl":"https:\/\/secure.gravatar.com\/avatar\/d189e01678f06d8eb84d4e01f08eb848b3fffe3f8443818d3c356c66892f5be8?s=96&d=mm&r=g","caption":"Ag\u00eancia iNFRA"},"url":"https:\/\/agenciainfra.com\/blog\/author\/admin\/"}]}},"_links":{"self":[{"href":"https:\/\/agenciainfra.com\/blog\/wp-json\/wp\/v2\/posts\/30015","targetHints":{"allow":["GET"]}}],"collection":[{"href":"https:\/\/agenciainfra.com\/blog\/wp-json\/wp\/v2\/posts"}],"about":[{"href":"https:\/\/agenciainfra.com\/blog\/wp-json\/wp\/v2\/types\/post"}],"author":[{"embeddable":true,"href":"https:\/\/agenciainfra.com\/blog\/wp-json\/wp\/v2\/users\/1"}],"replies":[{"embeddable":true,"href":"https:\/\/agenciainfra.com\/blog\/wp-json\/wp\/v2\/comments?post=30015"}],"version-history":[{"count":2,"href":"https:\/\/agenciainfra.com\/blog\/wp-json\/wp\/v2\/posts\/30015\/revisions"}],"predecessor-version":[{"id":30044,"href":"https:\/\/agenciainfra.com\/blog\/wp-json\/wp\/v2\/posts\/30015\/revisions\/30044"}],"wp:featuredmedia":[{"embeddable":true,"href":"https:\/\/agenciainfra.com\/blog\/wp-json\/wp\/v2\/media\/27207"}],"wp:attachment":[{"href":"https:\/\/agenciainfra.com\/blog\/wp-json\/wp\/v2\/media?parent=30015"}],"wp:term":[{"taxonomy":"category","embeddable":true,"href":"https:\/\/agenciainfra.com\/blog\/wp-json\/wp\/v2\/categories?post=30015"},{"taxonomy":"post_tag","embeddable":true,"href":"https:\/\/agenciainfra.com\/blog\/wp-json\/wp\/v2\/tags?post=30015"}],"curies":[{"name":"wp","href":"https:\/\/api.w.org\/{rel}","templated":true}]}}