{"id":30070,"date":"2025-10-17T19:07:17","date_gmt":"2025-10-17T22:07:17","guid":{"rendered":"https:\/\/agenciainfra.com\/blog\/?p=30070"},"modified":"2025-10-17T19:07:18","modified_gmt":"2025-10-17T22:07:18","slug":"anp-autoriza-retomada-de-operacoes-da-fpso-peregrino","status":"publish","type":"post","link":"https:\/\/agenciainfra.com\/blog\/anp-autoriza-retomada-de-operacoes-da-fpso-peregrino\/","title":{"rendered":"ANP autoriza retomada de opera\u00e7\u00f5es da FPSO Peregrino"},"content":{"rendered":"\n<p class=\"has-text-align-right\"><strong>da Ag\u00eancia iNFRA<\/strong><\/p>\n\n\n\n<p>A FPSO Peregrino, embarca\u00e7\u00e3o flutuante de processamento, armazenamento e carga, operada pela Equinor, recebeu, nesta sexta-feira (17), autoriza\u00e7\u00e3o da ANP (Ag\u00eancia Nacional do Petr\u00f3leo, G\u00e1s Natural e Biocombust\u00edveis) para retomar as opera\u00e7\u00f5es. O of\u00edcio foi enviado pela Superintend\u00eancia de Seguran\u00e7a Operacional da ANP, segundo <a href=\"https:\/\/www.rad.cvm.gov.br\/ENET\/frmExibirArquivoIPEExterno.aspx?NumeroProtocoloEntrega=1433538\">informou<\/a> a Prio, que, em maio deste ano, adquiriu os campos de Peregrino e Pitangola.<\/p>\n\n\n\n<p>O navio-plataforma <a href=\"https:\/\/agenciainfra.com\/blog\/anp-interdita-producao-no-campo-de-peregrino\/\">foi interditado<\/a> pela ANP em 15 de agosto, indicando a necessidade de melhorias na documenta\u00e7\u00e3o de gest\u00e3o e an\u00e1lise de risco, e adequa\u00e7\u00f5es no sistema de dil\u00favio. Na ocasi\u00e3o, a Prio informou que a Equinor j\u00e1 havia dado in\u00edcio aos ajustes necess\u00e1rios, com previs\u00e3o de conclus\u00e3o de tr\u00eas a seis semanas.<\/p>\n\n\n\n<p>De acordo com o CEO da Prio, Roberto Monteiro, a decis\u00e3o permitir\u00e1 a retomada de plena capacidade da produ\u00e7\u00e3o e a continuidade da gera\u00e7\u00e3o de valor para os acionistas. A conclus\u00e3o da compra dos 60% dos campos que pertenciam a Equinor tem previs\u00e3o de ser conclu\u00edda entre o final deste ano e meados do ano que vem, segundo a companhia. A opera\u00e7\u00e3o ainda precisa passar por aprova\u00e7\u00e3o da ANP e do Cade (Conselho Administrativo de Defesa Econ\u00f4mica).<\/p>\n","protected":false},"excerpt":{"rendered":"<p>da Ag\u00eancia iNFRA A FPSO Peregrino, embarca\u00e7\u00e3o flutuante de processamento, armazenamento e carga, operada pela Equinor, recebeu, nesta sexta-feira (17), autoriza\u00e7\u00e3o da ANP (Ag\u00eancia Nacional do Petr\u00f3leo, G\u00e1s Natural e Biocombust\u00edveis) para retomar as opera\u00e7\u00f5es. O of\u00edcio foi enviado pela Superintend\u00eancia de Seguran\u00e7a Operacional da ANP, segundo informou a Prio, que, em maio deste ano, [&hellip;]<\/p>\n","protected":false},"author":1,"featured_media":23845,"comment_status":"closed","ping_status":"closed","sticky":false,"template":"","format":"standard","meta":{"_monsterinsights_skip_tracking":false,"_monsterinsights_sitenote_active":false,"_monsterinsights_sitenote_note":"","_monsterinsights_sitenote_category":0,"footnotes":""},"categories":[13576],"tags":[1101,13426,14863,13915,13918],"class_list":["post-30070","post","type-post","status-publish","format-standard","has-post-thumbnail","hentry","category-giro-infra","tag-anp","tag-equinor","tag-fpso-peregrino","tag-prio","tag-roberto-monteiro"],"yoast_head":"<!-- This site is optimized with the Yoast SEO Premium plugin v25.4 (Yoast SEO v26.0) - https:\/\/yoast.com\/wordpress\/plugins\/seo\/ -->\n<title>ANP autoriza retomada de opera\u00e7\u00f5es da FPSO Peregrino - Ag\u00eancia iNFRA<\/title>\n<meta name=\"robots\" content=\"index, follow, max-snippet:-1, max-image-preview:large, max-video-preview:-1\" \/>\n<link rel=\"canonical\" href=\"https:\/\/agenciainfra.com\/blog\/anp-autoriza-retomada-de-operacoes-da-fpso-peregrino\/\" \/>\n<meta property=\"og:locale\" content=\"pt_BR\" \/>\n<meta property=\"og:type\" content=\"article\" \/>\n<meta property=\"og:title\" content=\"ANP autoriza retomada de opera\u00e7\u00f5es da FPSO Peregrino\" \/>\n<meta property=\"og:description\" content=\"da Ag\u00eancia iNFRA A FPSO Peregrino, embarca\u00e7\u00e3o flutuante de processamento, armazenamento e carga, operada pela Equinor, recebeu, nesta sexta-feira (17), autoriza\u00e7\u00e3o da ANP (Ag\u00eancia Nacional do Petr\u00f3leo, G\u00e1s Natural e Biocombust\u00edveis) para retomar as opera\u00e7\u00f5es. O of\u00edcio foi enviado pela Superintend\u00eancia de Seguran\u00e7a Operacional da ANP, segundo informou a Prio, que, em maio deste ano, [&hellip;]\" \/>\n<meta property=\"og:url\" content=\"https:\/\/agenciainfra.com\/blog\/anp-autoriza-retomada-de-operacoes-da-fpso-peregrino\/\" \/>\n<meta property=\"og:site_name\" content=\"Ag\u00eancia iNFRA\" \/>\n<meta property=\"article:publisher\" content=\"https:\/\/www.facebook.com\/ageninfra\" \/>\n<meta property=\"article:published_time\" content=\"2025-10-17T22:07:17+00:00\" \/>\n<meta property=\"article:modified_time\" content=\"2025-10-17T22:07:18+00:00\" \/>\n<meta property=\"og:image\" content=\"https:\/\/agenciainfra.com\/blog\/wp-content\/uploads\/2025\/07\/PeregrinoC-Equinor-foto-rodrigo_abreu-equinor.png\" \/>\n\t<meta property=\"og:image:width\" content=\"1200\" \/>\n\t<meta property=\"og:image:height\" content=\"600\" \/>\n\t<meta property=\"og:image:type\" content=\"image\/png\" \/>\n<meta name=\"author\" content=\"Ag\u00eancia iNFRA\" \/>\n<meta name=\"twitter:card\" content=\"summary_large_image\" \/>\n<meta name=\"twitter:creator\" content=\"@agencia_infra\" \/>\n<meta name=\"twitter:site\" content=\"@agencia_infra\" \/>\n<meta name=\"twitter:label1\" content=\"Escrito por\" \/>\n\t<meta name=\"twitter:data1\" content=\"Ag\u00eancia iNFRA\" \/>\n\t<meta name=\"twitter:label2\" content=\"Est. tempo de leitura\" \/>\n\t<meta name=\"twitter:data2\" content=\"1 minuto\" \/>\n<script type=\"application\/ld+json\" class=\"yoast-schema-graph\">{\"@context\":\"https:\/\/schema.org\",\"@graph\":[{\"@type\":\"Article\",\"@id\":\"https:\/\/agenciainfra.com\/blog\/anp-autoriza-retomada-de-operacoes-da-fpso-peregrino\/#article\",\"isPartOf\":{\"@id\":\"https:\/\/agenciainfra.com\/blog\/anp-autoriza-retomada-de-operacoes-da-fpso-peregrino\/\"},\"author\":{\"name\":\"Ag\u00eancia iNFRA\",\"@id\":\"https:\/\/agenciainfra.com\/blog\/#\/schema\/person\/34af08dff6adea4cb22b06612ba7acfa\"},\"headline\":\"ANP autoriza retomada de opera\u00e7\u00f5es da FPSO Peregrino\",\"datePublished\":\"2025-10-17T22:07:17+00:00\",\"dateModified\":\"2025-10-17T22:07:18+00:00\",\"mainEntityOfPage\":{\"@id\":\"https:\/\/agenciainfra.com\/blog\/anp-autoriza-retomada-de-operacoes-da-fpso-peregrino\/\"},\"wordCount\":229,\"publisher\":{\"@id\":\"https:\/\/agenciainfra.com\/blog\/#organization\"},\"image\":{\"@id\":\"https:\/\/agenciainfra.com\/blog\/anp-autoriza-retomada-de-operacoes-da-fpso-peregrino\/#primaryimage\"},\"thumbnailUrl\":\"https:\/\/agenciainfra.com\/blog\/wp-content\/uploads\/2025\/07\/PeregrinoC-Equinor-foto-rodrigo_abreu-equinor.png\",\"keywords\":[\"ANP\",\"Equinor\",\"FPSO Peregrino\",\"Prio\",\"Roberto Monteiro\"],\"articleSection\":[\"Giro iNFRA\"],\"inLanguage\":\"pt-BR\",\"copyrightYear\":\"2025\",\"copyrightHolder\":{\"@id\":\"https:\/\/agenciainfra.com\/blog\/#organization\"}},{\"@type\":\"WebPage\",\"@id\":\"https:\/\/agenciainfra.com\/blog\/anp-autoriza-retomada-de-operacoes-da-fpso-peregrino\/\",\"url\":\"https:\/\/agenciainfra.com\/blog\/anp-autoriza-retomada-de-operacoes-da-fpso-peregrino\/\",\"name\":\"ANP autoriza retomada de opera\u00e7\u00f5es da FPSO Peregrino - Ag\u00eancia iNFRA\",\"isPartOf\":{\"@id\":\"https:\/\/agenciainfra.com\/blog\/#website\"},\"primaryImageOfPage\":{\"@id\":\"https:\/\/agenciainfra.com\/blog\/anp-autoriza-retomada-de-operacoes-da-fpso-peregrino\/#primaryimage\"},\"image\":{\"@id\":\"https:\/\/agenciainfra.com\/blog\/anp-autoriza-retomada-de-operacoes-da-fpso-peregrino\/#primaryimage\"},\"thumbnailUrl\":\"https:\/\/agenciainfra.com\/blog\/wp-content\/uploads\/2025\/07\/PeregrinoC-Equinor-foto-rodrigo_abreu-equinor.png\",\"datePublished\":\"2025-10-17T22:07:17+00:00\",\"dateModified\":\"2025-10-17T22:07:18+00:00\",\"breadcrumb\":{\"@id\":\"https:\/\/agenciainfra.com\/blog\/anp-autoriza-retomada-de-operacoes-da-fpso-peregrino\/#breadcrumb\"},\"inLanguage\":\"pt-BR\",\"potentialAction\":[{\"@type\":\"ReadAction\",\"target\":[\"https:\/\/agenciainfra.com\/blog\/anp-autoriza-retomada-de-operacoes-da-fpso-peregrino\/\"]}]},{\"@type\":\"ImageObject\",\"inLanguage\":\"pt-BR\",\"@id\":\"https:\/\/agenciainfra.com\/blog\/anp-autoriza-retomada-de-operacoes-da-fpso-peregrino\/#primaryimage\",\"url\":\"https:\/\/agenciainfra.com\/blog\/wp-content\/uploads\/2025\/07\/PeregrinoC-Equinor-foto-rodrigo_abreu-equinor.png\",\"contentUrl\":\"https:\/\/agenciainfra.com\/blog\/wp-content\/uploads\/2025\/07\/PeregrinoC-Equinor-foto-rodrigo_abreu-equinor.png\",\"width\":1200,\"height\":600,\"caption\":\"Foto: Rodrigo Abreu\/Equinor\"},{\"@type\":\"BreadcrumbList\",\"@id\":\"https:\/\/agenciainfra.com\/blog\/anp-autoriza-retomada-de-operacoes-da-fpso-peregrino\/#breadcrumb\",\"itemListElement\":[{\"@type\":\"ListItem\",\"position\":1,\"name\":\"In\u00edcio\",\"item\":\"https:\/\/agenciainfra.com\/blog\/\"},{\"@type\":\"ListItem\",\"position\":2,\"name\":\"ANP autoriza retomada de opera\u00e7\u00f5es da FPSO Peregrino\"}]},{\"@type\":\"WebSite\",\"@id\":\"https:\/\/agenciainfra.com\/blog\/#website\",\"url\":\"https:\/\/agenciainfra.com\/blog\/\",\"name\":\"Ag\u00eancia iNFRA\",\"description\":\"Multiplataforma de informa\u00e7\u00e3o jornal\u00edstica refer\u00eancia na \u00e1rea de infraestrutura no Brasil!\",\"publisher\":{\"@id\":\"https:\/\/agenciainfra.com\/blog\/#organization\"},\"potentialAction\":[{\"@type\":\"SearchAction\",\"target\":{\"@type\":\"EntryPoint\",\"urlTemplate\":\"https:\/\/agenciainfra.com\/blog\/?s={search_term_string}\"},\"query-input\":{\"@type\":\"PropertyValueSpecification\",\"valueRequired\":true,\"valueName\":\"search_term_string\"}}],\"inLanguage\":\"pt-BR\"},{\"@type\":\"Organization\",\"@id\":\"https:\/\/agenciainfra.com\/blog\/#organization\",\"name\":\"Ag\u00eancia iNFRA\",\"url\":\"https:\/\/agenciainfra.com\/blog\/\",\"logo\":{\"@type\":\"ImageObject\",\"inLanguage\":\"pt-BR\",\"@id\":\"https:\/\/agenciainfra.com\/blog\/#\/schema\/logo\/image\/\",\"url\":\"https:\/\/agenciainfra.com\/blog\/wp-content\/uploads\/2023\/09\/iNFRA_5-e1761735885940.png\",\"contentUrl\":\"https:\/\/agenciainfra.com\/blog\/wp-content\/uploads\/2023\/09\/iNFRA_5-e1761735885940.png\",\"width\":1672,\"height\":454,\"caption\":\"Ag\u00eancia iNFRA\"},\"image\":{\"@id\":\"https:\/\/agenciainfra.com\/blog\/#\/schema\/logo\/image\/\"},\"sameAs\":[\"https:\/\/www.facebook.com\/ageninfra\",\"https:\/\/x.com\/agencia_infra\",\"https:\/\/www.linkedin.com\/company\/ag\u00eanciainfra\/\",\"https:\/\/www.instagram.com\/agenciainfra\/\"]},{\"@type\":\"Person\",\"@id\":\"https:\/\/agenciainfra.com\/blog\/#\/schema\/person\/34af08dff6adea4cb22b06612ba7acfa\",\"name\":\"Ag\u00eancia iNFRA\",\"image\":{\"@type\":\"ImageObject\",\"inLanguage\":\"pt-BR\",\"@id\":\"https:\/\/agenciainfra.com\/blog\/#\/schema\/person\/image\/\",\"url\":\"https:\/\/secure.gravatar.com\/avatar\/d189e01678f06d8eb84d4e01f08eb848b3fffe3f8443818d3c356c66892f5be8?s=96&d=mm&r=g\",\"contentUrl\":\"https:\/\/secure.gravatar.com\/avatar\/d189e01678f06d8eb84d4e01f08eb848b3fffe3f8443818d3c356c66892f5be8?s=96&d=mm&r=g\",\"caption\":\"Ag\u00eancia iNFRA\"},\"url\":\"https:\/\/agenciainfra.com\/blog\/author\/admin\/\"}]}<\/script>\n<!-- \/ Yoast SEO Premium plugin. -->","yoast_head_json":{"title":"ANP autoriza retomada de opera\u00e7\u00f5es da FPSO Peregrino - Ag\u00eancia iNFRA","robots":{"index":"index","follow":"follow","max-snippet":"max-snippet:-1","max-image-preview":"max-image-preview:large","max-video-preview":"max-video-preview:-1"},"canonical":"https:\/\/agenciainfra.com\/blog\/anp-autoriza-retomada-de-operacoes-da-fpso-peregrino\/","og_locale":"pt_BR","og_type":"article","og_title":"ANP autoriza retomada de opera\u00e7\u00f5es da FPSO Peregrino","og_description":"da Ag\u00eancia iNFRA A FPSO Peregrino, embarca\u00e7\u00e3o flutuante de processamento, armazenamento e carga, operada pela Equinor, recebeu, nesta sexta-feira (17), autoriza\u00e7\u00e3o da ANP (Ag\u00eancia Nacional do Petr\u00f3leo, G\u00e1s Natural e Biocombust\u00edveis) para retomar as opera\u00e7\u00f5es. O of\u00edcio foi enviado pela Superintend\u00eancia de Seguran\u00e7a Operacional da ANP, segundo informou a Prio, que, em maio deste ano, [&hellip;]","og_url":"https:\/\/agenciainfra.com\/blog\/anp-autoriza-retomada-de-operacoes-da-fpso-peregrino\/","og_site_name":"Ag\u00eancia iNFRA","article_publisher":"https:\/\/www.facebook.com\/ageninfra","article_published_time":"2025-10-17T22:07:17+00:00","article_modified_time":"2025-10-17T22:07:18+00:00","og_image":[{"width":1200,"height":600,"url":"https:\/\/agenciainfra.com\/blog\/wp-content\/uploads\/2025\/07\/PeregrinoC-Equinor-foto-rodrigo_abreu-equinor.png","type":"image\/png"}],"author":"Ag\u00eancia iNFRA","twitter_card":"summary_large_image","twitter_creator":"@agencia_infra","twitter_site":"@agencia_infra","twitter_misc":{"Escrito por":"Ag\u00eancia iNFRA","Est. tempo de leitura":"1 minuto"},"schema":{"@context":"https:\/\/schema.org","@graph":[{"@type":"Article","@id":"https:\/\/agenciainfra.com\/blog\/anp-autoriza-retomada-de-operacoes-da-fpso-peregrino\/#article","isPartOf":{"@id":"https:\/\/agenciainfra.com\/blog\/anp-autoriza-retomada-de-operacoes-da-fpso-peregrino\/"},"author":{"name":"Ag\u00eancia iNFRA","@id":"https:\/\/agenciainfra.com\/blog\/#\/schema\/person\/34af08dff6adea4cb22b06612ba7acfa"},"headline":"ANP autoriza retomada de opera\u00e7\u00f5es da FPSO Peregrino","datePublished":"2025-10-17T22:07:17+00:00","dateModified":"2025-10-17T22:07:18+00:00","mainEntityOfPage":{"@id":"https:\/\/agenciainfra.com\/blog\/anp-autoriza-retomada-de-operacoes-da-fpso-peregrino\/"},"wordCount":229,"publisher":{"@id":"https:\/\/agenciainfra.com\/blog\/#organization"},"image":{"@id":"https:\/\/agenciainfra.com\/blog\/anp-autoriza-retomada-de-operacoes-da-fpso-peregrino\/#primaryimage"},"thumbnailUrl":"https:\/\/agenciainfra.com\/blog\/wp-content\/uploads\/2025\/07\/PeregrinoC-Equinor-foto-rodrigo_abreu-equinor.png","keywords":["ANP","Equinor","FPSO Peregrino","Prio","Roberto Monteiro"],"articleSection":["Giro iNFRA"],"inLanguage":"pt-BR","copyrightYear":"2025","copyrightHolder":{"@id":"https:\/\/agenciainfra.com\/blog\/#organization"}},{"@type":"WebPage","@id":"https:\/\/agenciainfra.com\/blog\/anp-autoriza-retomada-de-operacoes-da-fpso-peregrino\/","url":"https:\/\/agenciainfra.com\/blog\/anp-autoriza-retomada-de-operacoes-da-fpso-peregrino\/","name":"ANP autoriza retomada de opera\u00e7\u00f5es da FPSO Peregrino - Ag\u00eancia iNFRA","isPartOf":{"@id":"https:\/\/agenciainfra.com\/blog\/#website"},"primaryImageOfPage":{"@id":"https:\/\/agenciainfra.com\/blog\/anp-autoriza-retomada-de-operacoes-da-fpso-peregrino\/#primaryimage"},"image":{"@id":"https:\/\/agenciainfra.com\/blog\/anp-autoriza-retomada-de-operacoes-da-fpso-peregrino\/#primaryimage"},"thumbnailUrl":"https:\/\/agenciainfra.com\/blog\/wp-content\/uploads\/2025\/07\/PeregrinoC-Equinor-foto-rodrigo_abreu-equinor.png","datePublished":"2025-10-17T22:07:17+00:00","dateModified":"2025-10-17T22:07:18+00:00","breadcrumb":{"@id":"https:\/\/agenciainfra.com\/blog\/anp-autoriza-retomada-de-operacoes-da-fpso-peregrino\/#breadcrumb"},"inLanguage":"pt-BR","potentialAction":[{"@type":"ReadAction","target":["https:\/\/agenciainfra.com\/blog\/anp-autoriza-retomada-de-operacoes-da-fpso-peregrino\/"]}]},{"@type":"ImageObject","inLanguage":"pt-BR","@id":"https:\/\/agenciainfra.com\/blog\/anp-autoriza-retomada-de-operacoes-da-fpso-peregrino\/#primaryimage","url":"https:\/\/agenciainfra.com\/blog\/wp-content\/uploads\/2025\/07\/PeregrinoC-Equinor-foto-rodrigo_abreu-equinor.png","contentUrl":"https:\/\/agenciainfra.com\/blog\/wp-content\/uploads\/2025\/07\/PeregrinoC-Equinor-foto-rodrigo_abreu-equinor.png","width":1200,"height":600,"caption":"Foto: Rodrigo Abreu\/Equinor"},{"@type":"BreadcrumbList","@id":"https:\/\/agenciainfra.com\/blog\/anp-autoriza-retomada-de-operacoes-da-fpso-peregrino\/#breadcrumb","itemListElement":[{"@type":"ListItem","position":1,"name":"In\u00edcio","item":"https:\/\/agenciainfra.com\/blog\/"},{"@type":"ListItem","position":2,"name":"ANP autoriza retomada de opera\u00e7\u00f5es da FPSO Peregrino"}]},{"@type":"WebSite","@id":"https:\/\/agenciainfra.com\/blog\/#website","url":"https:\/\/agenciainfra.com\/blog\/","name":"Ag\u00eancia iNFRA","description":"Multiplataforma de informa\u00e7\u00e3o jornal\u00edstica refer\u00eancia na \u00e1rea de infraestrutura no Brasil!","publisher":{"@id":"https:\/\/agenciainfra.com\/blog\/#organization"},"potentialAction":[{"@type":"SearchAction","target":{"@type":"EntryPoint","urlTemplate":"https:\/\/agenciainfra.com\/blog\/?s={search_term_string}"},"query-input":{"@type":"PropertyValueSpecification","valueRequired":true,"valueName":"search_term_string"}}],"inLanguage":"pt-BR"},{"@type":"Organization","@id":"https:\/\/agenciainfra.com\/blog\/#organization","name":"Ag\u00eancia iNFRA","url":"https:\/\/agenciainfra.com\/blog\/","logo":{"@type":"ImageObject","inLanguage":"pt-BR","@id":"https:\/\/agenciainfra.com\/blog\/#\/schema\/logo\/image\/","url":"https:\/\/agenciainfra.com\/blog\/wp-content\/uploads\/2023\/09\/iNFRA_5-e1761735885940.png","contentUrl":"https:\/\/agenciainfra.com\/blog\/wp-content\/uploads\/2023\/09\/iNFRA_5-e1761735885940.png","width":1672,"height":454,"caption":"Ag\u00eancia iNFRA"},"image":{"@id":"https:\/\/agenciainfra.com\/blog\/#\/schema\/logo\/image\/"},"sameAs":["https:\/\/www.facebook.com\/ageninfra","https:\/\/x.com\/agencia_infra","https:\/\/www.linkedin.com\/company\/ag\u00eanciainfra\/","https:\/\/www.instagram.com\/agenciainfra\/"]},{"@type":"Person","@id":"https:\/\/agenciainfra.com\/blog\/#\/schema\/person\/34af08dff6adea4cb22b06612ba7acfa","name":"Ag\u00eancia iNFRA","image":{"@type":"ImageObject","inLanguage":"pt-BR","@id":"https:\/\/agenciainfra.com\/blog\/#\/schema\/person\/image\/","url":"https:\/\/secure.gravatar.com\/avatar\/d189e01678f06d8eb84d4e01f08eb848b3fffe3f8443818d3c356c66892f5be8?s=96&d=mm&r=g","contentUrl":"https:\/\/secure.gravatar.com\/avatar\/d189e01678f06d8eb84d4e01f08eb848b3fffe3f8443818d3c356c66892f5be8?s=96&d=mm&r=g","caption":"Ag\u00eancia iNFRA"},"url":"https:\/\/agenciainfra.com\/blog\/author\/admin\/"}]}},"_links":{"self":[{"href":"https:\/\/agenciainfra.com\/blog\/wp-json\/wp\/v2\/posts\/30070","targetHints":{"allow":["GET"]}}],"collection":[{"href":"https:\/\/agenciainfra.com\/blog\/wp-json\/wp\/v2\/posts"}],"about":[{"href":"https:\/\/agenciainfra.com\/blog\/wp-json\/wp\/v2\/types\/post"}],"author":[{"embeddable":true,"href":"https:\/\/agenciainfra.com\/blog\/wp-json\/wp\/v2\/users\/1"}],"replies":[{"embeddable":true,"href":"https:\/\/agenciainfra.com\/blog\/wp-json\/wp\/v2\/comments?post=30070"}],"version-history":[{"count":1,"href":"https:\/\/agenciainfra.com\/blog\/wp-json\/wp\/v2\/posts\/30070\/revisions"}],"predecessor-version":[{"id":30074,"href":"https:\/\/agenciainfra.com\/blog\/wp-json\/wp\/v2\/posts\/30070\/revisions\/30074"}],"wp:featuredmedia":[{"embeddable":true,"href":"https:\/\/agenciainfra.com\/blog\/wp-json\/wp\/v2\/media\/23845"}],"wp:attachment":[{"href":"https:\/\/agenciainfra.com\/blog\/wp-json\/wp\/v2\/media?parent=30070"}],"wp:term":[{"taxonomy":"category","embeddable":true,"href":"https:\/\/agenciainfra.com\/blog\/wp-json\/wp\/v2\/categories?post=30070"},{"taxonomy":"post_tag","embeddable":true,"href":"https:\/\/agenciainfra.com\/blog\/wp-json\/wp\/v2\/tags?post=30070"}],"curies":[{"name":"wp","href":"https:\/\/api.w.org\/{rel}","templated":true}]}}