{"id":30093,"date":"2025-10-17T22:30:05","date_gmt":"2025-10-18T01:30:05","guid":{"rendered":"https:\/\/agenciainfra.com\/blog\/?p=30093"},"modified":"2025-10-20T17:07:38","modified_gmt":"2025-10-20T20:07:38","slug":"falha-em-subestacao-da-copel-causou-apagao-de-14-de-outubro-diz-ons","status":"publish","type":"post","link":"https:\/\/agenciainfra.com\/blog\/falha-em-subestacao-da-copel-causou-apagao-de-14-de-outubro-diz-ons\/","title":{"rendered":"Falha em subesta\u00e7\u00e3o da Copel causou apag\u00e3o de 14 de outubro, diz ONS"},"content":{"rendered":"\n<p class=\"has-text-align-right\"><strong>da Ag\u00eancia iNFRA<\/strong><\/p>\n\n\n\n<p>O ONS (Operador Nacional do Sistema El\u00e9trico) concluiu nesta sexta-feira (17) que a causa do apag\u00e3o do dia 14 de outubro foi uma falha na subesta\u00e7\u00e3o Bateias, da Copel. Leia o <a href=\"https:\/\/www.ons.org.br\/paginas\/noticias\/details.aspx?i=11982\">comunicado<\/a> do ONS.<\/p>\n\n\n\n<p>Segundo o operador, ap\u00f3s o inc\u00eandio inicial, em reator da Eletrobras, \u201chouve atua\u00e7\u00e3o correta da prote\u00e7\u00e3o que desligou o referido circuito\u201d. Essa falha deveria ter sido contida pelos sistemas de prote\u00e7\u00e3o, de acordo com o ONS. Como isso n\u00e3o ocorreu, v\u00e1rias linhas de transmiss\u00e3o foram desligadas.<\/p>\n\n\n\n<p>\u201cO desligamento desses dois circuitos, por si s\u00f3, n\u00e3o traria impacto para a opera\u00e7\u00e3o do Sistema Interligado Nacional (SIN)\u201d, diz o texto. \u201cNo entanto, em raz\u00e3o do inc\u00eandio, a falta se estendeu posteriormente ao barramento da Subesta\u00e7\u00e3o Bateias, de propriedade da Copel. A falta deveria ter sido eliminada pela atua\u00e7\u00e3o da prote\u00e7\u00e3o do barramento, sem consequ\u00eancias para opera\u00e7\u00e3o do SIN, uma vez que se tratava de subesta\u00e7\u00e3o com arranjo mais robusto\u201d, completa.<\/p>\n\n\n\n<p>O relat\u00f3rio final ser\u00e1 apresentado em 28 de outubro. Ap\u00f3s a conclus\u00e3o, o documento ser\u00e1 encaminhado \u00e0 ANEEL (Ag\u00eancia Nacional de Energia El\u00e9trica), ao MME (Minist\u00e9rio de Minas e Energia) e aos agentes envolvidos.<\/p>\n\n\n\n<p><\/p>\n","protected":false},"excerpt":{"rendered":"<p>da Ag\u00eancia iNFRA O ONS (Operador Nacional do Sistema El\u00e9trico) concluiu nesta sexta-feira (17) que a causa do apag\u00e3o do dia 14 de outubro foi uma falha na subesta\u00e7\u00e3o Bateias, da Copel. Leia o comunicado do ONS. Segundo o operador, ap\u00f3s o inc\u00eandio inicial, em reator da Eletrobras, \u201chouve atua\u00e7\u00e3o correta da prote\u00e7\u00e3o que desligou [&hellip;]<\/p>\n","protected":false},"author":1,"featured_media":26351,"comment_status":"closed","ping_status":"closed","sticky":false,"template":"","format":"standard","meta":{"_monsterinsights_skip_tracking":false,"_monsterinsights_sitenote_active":false,"_monsterinsights_sitenote_note":"","_monsterinsights_sitenote_category":0,"footnotes":""},"categories":[1,10],"tags":[16266,3002,534,50,216,3360],"class_list":["post-30093","post","type-post","status-publish","format-standard","has-post-thumbnail","hentry","category-geral","category-infraenergia","tag-14-de-outubro","tag-apagao","tag-copel","tag-eletrobras","tag-ons","tag-sin"],"yoast_head":"<!-- This site is optimized with the Yoast SEO Premium plugin v25.4 (Yoast SEO v26.0) - https:\/\/yoast.com\/wordpress\/plugins\/seo\/ -->\n<title>Falha em subesta\u00e7\u00e3o da Copel causou apag\u00e3o de 14 de outubro, diz ONS - Ag\u00eancia iNFRA<\/title>\n<meta name=\"robots\" content=\"index, follow, max-snippet:-1, max-image-preview:large, max-video-preview:-1\" \/>\n<link rel=\"canonical\" href=\"https:\/\/agenciainfra.com\/blog\/falha-em-subestacao-da-copel-causou-apagao-de-14-de-outubro-diz-ons\/\" \/>\n<meta property=\"og:locale\" content=\"pt_BR\" \/>\n<meta property=\"og:type\" content=\"article\" \/>\n<meta property=\"og:title\" content=\"Falha em subesta\u00e7\u00e3o da Copel causou apag\u00e3o de 14 de outubro, diz ONS\" \/>\n<meta property=\"og:description\" content=\"da Ag\u00eancia iNFRA O ONS (Operador Nacional do Sistema El\u00e9trico) concluiu nesta sexta-feira (17) que a causa do apag\u00e3o do dia 14 de outubro foi uma falha na subesta\u00e7\u00e3o Bateias, da Copel. Leia o comunicado do ONS. Segundo o operador, ap\u00f3s o inc\u00eandio inicial, em reator da Eletrobras, \u201chouve atua\u00e7\u00e3o correta da prote\u00e7\u00e3o que desligou [&hellip;]\" \/>\n<meta property=\"og:url\" content=\"https:\/\/agenciainfra.com\/blog\/falha-em-subestacao-da-copel-causou-apagao-de-14-de-outubro-diz-ons\/\" \/>\n<meta property=\"og:site_name\" content=\"Ag\u00eancia iNFRA\" \/>\n<meta property=\"article:publisher\" content=\"https:\/\/www.facebook.com\/ageninfra\" \/>\n<meta property=\"article:published_time\" content=\"2025-10-18T01:30:05+00:00\" \/>\n<meta property=\"article:modified_time\" content=\"2025-10-20T20:07:38+00:00\" \/>\n<meta property=\"og:image\" content=\"https:\/\/agenciainfra.com\/blog\/wp-content\/uploads\/2025\/08\/copel-foto-copel.png\" \/>\n\t<meta property=\"og:image:width\" content=\"1280\" \/>\n\t<meta property=\"og:image:height\" content=\"855\" \/>\n\t<meta property=\"og:image:type\" content=\"image\/png\" \/>\n<meta name=\"author\" content=\"Ag\u00eancia iNFRA\" \/>\n<meta name=\"twitter:card\" content=\"summary_large_image\" \/>\n<meta name=\"twitter:creator\" content=\"@agencia_infra\" \/>\n<meta name=\"twitter:site\" content=\"@agencia_infra\" \/>\n<meta name=\"twitter:label1\" content=\"Escrito por\" \/>\n\t<meta name=\"twitter:data1\" content=\"Ag\u00eancia iNFRA\" \/>\n\t<meta name=\"twitter:label2\" content=\"Est. tempo de leitura\" \/>\n\t<meta name=\"twitter:data2\" content=\"1 minuto\" \/>\n<script type=\"application\/ld+json\" class=\"yoast-schema-graph\">{\"@context\":\"https:\/\/schema.org\",\"@graph\":[{\"@type\":\"Article\",\"@id\":\"https:\/\/agenciainfra.com\/blog\/falha-em-subestacao-da-copel-causou-apagao-de-14-de-outubro-diz-ons\/#article\",\"isPartOf\":{\"@id\":\"https:\/\/agenciainfra.com\/blog\/falha-em-subestacao-da-copel-causou-apagao-de-14-de-outubro-diz-ons\/\"},\"author\":{\"name\":\"Ag\u00eancia iNFRA\",\"@id\":\"https:\/\/agenciainfra.com\/blog\/#\/schema\/person\/34af08dff6adea4cb22b06612ba7acfa\"},\"headline\":\"Falha em subesta\u00e7\u00e3o da Copel causou apag\u00e3o de 14 de outubro, diz ONS\",\"datePublished\":\"2025-10-18T01:30:05+00:00\",\"dateModified\":\"2025-10-20T20:07:38+00:00\",\"mainEntityOfPage\":{\"@id\":\"https:\/\/agenciainfra.com\/blog\/falha-em-subestacao-da-copel-causou-apagao-de-14-de-outubro-diz-ons\/\"},\"wordCount\":227,\"publisher\":{\"@id\":\"https:\/\/agenciainfra.com\/blog\/#organization\"},\"image\":{\"@id\":\"https:\/\/agenciainfra.com\/blog\/falha-em-subestacao-da-copel-causou-apagao-de-14-de-outubro-diz-ons\/#primaryimage\"},\"thumbnailUrl\":\"https:\/\/agenciainfra.com\/blog\/wp-content\/uploads\/2025\/08\/copel-foto-copel.png\",\"keywords\":[\"14 de outubro\",\"apag\u00e3o\",\"Copel\",\"Eletrobras\",\"ONS\",\"SIN\"],\"articleSection\":[\"Geral\",\"iNFRAEnergia\"],\"inLanguage\":\"pt-BR\",\"copyrightYear\":\"2025\",\"copyrightHolder\":{\"@id\":\"https:\/\/agenciainfra.com\/blog\/#organization\"}},{\"@type\":\"WebPage\",\"@id\":\"https:\/\/agenciainfra.com\/blog\/falha-em-subestacao-da-copel-causou-apagao-de-14-de-outubro-diz-ons\/\",\"url\":\"https:\/\/agenciainfra.com\/blog\/falha-em-subestacao-da-copel-causou-apagao-de-14-de-outubro-diz-ons\/\",\"name\":\"Falha em subesta\u00e7\u00e3o da Copel causou apag\u00e3o de 14 de outubro, diz ONS - Ag\u00eancia iNFRA\",\"isPartOf\":{\"@id\":\"https:\/\/agenciainfra.com\/blog\/#website\"},\"primaryImageOfPage\":{\"@id\":\"https:\/\/agenciainfra.com\/blog\/falha-em-subestacao-da-copel-causou-apagao-de-14-de-outubro-diz-ons\/#primaryimage\"},\"image\":{\"@id\":\"https:\/\/agenciainfra.com\/blog\/falha-em-subestacao-da-copel-causou-apagao-de-14-de-outubro-diz-ons\/#primaryimage\"},\"thumbnailUrl\":\"https:\/\/agenciainfra.com\/blog\/wp-content\/uploads\/2025\/08\/copel-foto-copel.png\",\"datePublished\":\"2025-10-18T01:30:05+00:00\",\"dateModified\":\"2025-10-20T20:07:38+00:00\",\"breadcrumb\":{\"@id\":\"https:\/\/agenciainfra.com\/blog\/falha-em-subestacao-da-copel-causou-apagao-de-14-de-outubro-diz-ons\/#breadcrumb\"},\"inLanguage\":\"pt-BR\",\"potentialAction\":[{\"@type\":\"ReadAction\",\"target\":[\"https:\/\/agenciainfra.com\/blog\/falha-em-subestacao-da-copel-causou-apagao-de-14-de-outubro-diz-ons\/\"]}]},{\"@type\":\"ImageObject\",\"inLanguage\":\"pt-BR\",\"@id\":\"https:\/\/agenciainfra.com\/blog\/falha-em-subestacao-da-copel-causou-apagao-de-14-de-outubro-diz-ons\/#primaryimage\",\"url\":\"https:\/\/agenciainfra.com\/blog\/wp-content\/uploads\/2025\/08\/copel-foto-copel.png\",\"contentUrl\":\"https:\/\/agenciainfra.com\/blog\/wp-content\/uploads\/2025\/08\/copel-foto-copel.png\",\"width\":1280,\"height\":855,\"caption\":\"Foto: Divulga\u00e7\u00e3o\/Copel\"},{\"@type\":\"BreadcrumbList\",\"@id\":\"https:\/\/agenciainfra.com\/blog\/falha-em-subestacao-da-copel-causou-apagao-de-14-de-outubro-diz-ons\/#breadcrumb\",\"itemListElement\":[{\"@type\":\"ListItem\",\"position\":1,\"name\":\"In\u00edcio\",\"item\":\"https:\/\/agenciainfra.com\/blog\/\"},{\"@type\":\"ListItem\",\"position\":2,\"name\":\"Falha em subesta\u00e7\u00e3o da Copel causou apag\u00e3o de 14 de outubro, diz ONS\"}]},{\"@type\":\"WebSite\",\"@id\":\"https:\/\/agenciainfra.com\/blog\/#website\",\"url\":\"https:\/\/agenciainfra.com\/blog\/\",\"name\":\"Ag\u00eancia iNFRA\",\"description\":\"Multiplataforma de informa\u00e7\u00e3o jornal\u00edstica refer\u00eancia na \u00e1rea de infraestrutura no Brasil!\",\"publisher\":{\"@id\":\"https:\/\/agenciainfra.com\/blog\/#organization\"},\"potentialAction\":[{\"@type\":\"SearchAction\",\"target\":{\"@type\":\"EntryPoint\",\"urlTemplate\":\"https:\/\/agenciainfra.com\/blog\/?s={search_term_string}\"},\"query-input\":{\"@type\":\"PropertyValueSpecification\",\"valueRequired\":true,\"valueName\":\"search_term_string\"}}],\"inLanguage\":\"pt-BR\"},{\"@type\":\"Organization\",\"@id\":\"https:\/\/agenciainfra.com\/blog\/#organization\",\"name\":\"Ag\u00eancia iNFRA\",\"url\":\"https:\/\/agenciainfra.com\/blog\/\",\"logo\":{\"@type\":\"ImageObject\",\"inLanguage\":\"pt-BR\",\"@id\":\"https:\/\/agenciainfra.com\/blog\/#\/schema\/logo\/image\/\",\"url\":\"https:\/\/agenciainfra.com\/blog\/wp-content\/uploads\/2023\/09\/iNFRA_5-e1761735885940.png\",\"contentUrl\":\"https:\/\/agenciainfra.com\/blog\/wp-content\/uploads\/2023\/09\/iNFRA_5-e1761735885940.png\",\"width\":1672,\"height\":454,\"caption\":\"Ag\u00eancia iNFRA\"},\"image\":{\"@id\":\"https:\/\/agenciainfra.com\/blog\/#\/schema\/logo\/image\/\"},\"sameAs\":[\"https:\/\/www.facebook.com\/ageninfra\",\"https:\/\/x.com\/agencia_infra\",\"https:\/\/www.linkedin.com\/company\/ag\u00eanciainfra\/\",\"https:\/\/www.instagram.com\/agenciainfra\/\"]},{\"@type\":\"Person\",\"@id\":\"https:\/\/agenciainfra.com\/blog\/#\/schema\/person\/34af08dff6adea4cb22b06612ba7acfa\",\"name\":\"Ag\u00eancia iNFRA\",\"image\":{\"@type\":\"ImageObject\",\"inLanguage\":\"pt-BR\",\"@id\":\"https:\/\/agenciainfra.com\/blog\/#\/schema\/person\/image\/\",\"url\":\"https:\/\/secure.gravatar.com\/avatar\/d189e01678f06d8eb84d4e01f08eb848b3fffe3f8443818d3c356c66892f5be8?s=96&d=mm&r=g\",\"contentUrl\":\"https:\/\/secure.gravatar.com\/avatar\/d189e01678f06d8eb84d4e01f08eb848b3fffe3f8443818d3c356c66892f5be8?s=96&d=mm&r=g\",\"caption\":\"Ag\u00eancia iNFRA\"},\"url\":\"https:\/\/agenciainfra.com\/blog\/author\/admin\/\"}]}<\/script>\n<!-- \/ Yoast SEO Premium plugin. -->","yoast_head_json":{"title":"Falha em subesta\u00e7\u00e3o da Copel causou apag\u00e3o de 14 de outubro, diz ONS - Ag\u00eancia iNFRA","robots":{"index":"index","follow":"follow","max-snippet":"max-snippet:-1","max-image-preview":"max-image-preview:large","max-video-preview":"max-video-preview:-1"},"canonical":"https:\/\/agenciainfra.com\/blog\/falha-em-subestacao-da-copel-causou-apagao-de-14-de-outubro-diz-ons\/","og_locale":"pt_BR","og_type":"article","og_title":"Falha em subesta\u00e7\u00e3o da Copel causou apag\u00e3o de 14 de outubro, diz ONS","og_description":"da Ag\u00eancia iNFRA O ONS (Operador Nacional do Sistema El\u00e9trico) concluiu nesta sexta-feira (17) que a causa do apag\u00e3o do dia 14 de outubro foi uma falha na subesta\u00e7\u00e3o Bateias, da Copel. Leia o comunicado do ONS. Segundo o operador, ap\u00f3s o inc\u00eandio inicial, em reator da Eletrobras, \u201chouve atua\u00e7\u00e3o correta da prote\u00e7\u00e3o que desligou [&hellip;]","og_url":"https:\/\/agenciainfra.com\/blog\/falha-em-subestacao-da-copel-causou-apagao-de-14-de-outubro-diz-ons\/","og_site_name":"Ag\u00eancia iNFRA","article_publisher":"https:\/\/www.facebook.com\/ageninfra","article_published_time":"2025-10-18T01:30:05+00:00","article_modified_time":"2025-10-20T20:07:38+00:00","og_image":[{"width":1280,"height":855,"url":"https:\/\/agenciainfra.com\/blog\/wp-content\/uploads\/2025\/08\/copel-foto-copel.png","type":"image\/png"}],"author":"Ag\u00eancia iNFRA","twitter_card":"summary_large_image","twitter_creator":"@agencia_infra","twitter_site":"@agencia_infra","twitter_misc":{"Escrito por":"Ag\u00eancia iNFRA","Est. tempo de leitura":"1 minuto"},"schema":{"@context":"https:\/\/schema.org","@graph":[{"@type":"Article","@id":"https:\/\/agenciainfra.com\/blog\/falha-em-subestacao-da-copel-causou-apagao-de-14-de-outubro-diz-ons\/#article","isPartOf":{"@id":"https:\/\/agenciainfra.com\/blog\/falha-em-subestacao-da-copel-causou-apagao-de-14-de-outubro-diz-ons\/"},"author":{"name":"Ag\u00eancia iNFRA","@id":"https:\/\/agenciainfra.com\/blog\/#\/schema\/person\/34af08dff6adea4cb22b06612ba7acfa"},"headline":"Falha em subesta\u00e7\u00e3o da Copel causou apag\u00e3o de 14 de outubro, diz ONS","datePublished":"2025-10-18T01:30:05+00:00","dateModified":"2025-10-20T20:07:38+00:00","mainEntityOfPage":{"@id":"https:\/\/agenciainfra.com\/blog\/falha-em-subestacao-da-copel-causou-apagao-de-14-de-outubro-diz-ons\/"},"wordCount":227,"publisher":{"@id":"https:\/\/agenciainfra.com\/blog\/#organization"},"image":{"@id":"https:\/\/agenciainfra.com\/blog\/falha-em-subestacao-da-copel-causou-apagao-de-14-de-outubro-diz-ons\/#primaryimage"},"thumbnailUrl":"https:\/\/agenciainfra.com\/blog\/wp-content\/uploads\/2025\/08\/copel-foto-copel.png","keywords":["14 de outubro","apag\u00e3o","Copel","Eletrobras","ONS","SIN"],"articleSection":["Geral","iNFRAEnergia"],"inLanguage":"pt-BR","copyrightYear":"2025","copyrightHolder":{"@id":"https:\/\/agenciainfra.com\/blog\/#organization"}},{"@type":"WebPage","@id":"https:\/\/agenciainfra.com\/blog\/falha-em-subestacao-da-copel-causou-apagao-de-14-de-outubro-diz-ons\/","url":"https:\/\/agenciainfra.com\/blog\/falha-em-subestacao-da-copel-causou-apagao-de-14-de-outubro-diz-ons\/","name":"Falha em subesta\u00e7\u00e3o da Copel causou apag\u00e3o de 14 de outubro, diz ONS - Ag\u00eancia iNFRA","isPartOf":{"@id":"https:\/\/agenciainfra.com\/blog\/#website"},"primaryImageOfPage":{"@id":"https:\/\/agenciainfra.com\/blog\/falha-em-subestacao-da-copel-causou-apagao-de-14-de-outubro-diz-ons\/#primaryimage"},"image":{"@id":"https:\/\/agenciainfra.com\/blog\/falha-em-subestacao-da-copel-causou-apagao-de-14-de-outubro-diz-ons\/#primaryimage"},"thumbnailUrl":"https:\/\/agenciainfra.com\/blog\/wp-content\/uploads\/2025\/08\/copel-foto-copel.png","datePublished":"2025-10-18T01:30:05+00:00","dateModified":"2025-10-20T20:07:38+00:00","breadcrumb":{"@id":"https:\/\/agenciainfra.com\/blog\/falha-em-subestacao-da-copel-causou-apagao-de-14-de-outubro-diz-ons\/#breadcrumb"},"inLanguage":"pt-BR","potentialAction":[{"@type":"ReadAction","target":["https:\/\/agenciainfra.com\/blog\/falha-em-subestacao-da-copel-causou-apagao-de-14-de-outubro-diz-ons\/"]}]},{"@type":"ImageObject","inLanguage":"pt-BR","@id":"https:\/\/agenciainfra.com\/blog\/falha-em-subestacao-da-copel-causou-apagao-de-14-de-outubro-diz-ons\/#primaryimage","url":"https:\/\/agenciainfra.com\/blog\/wp-content\/uploads\/2025\/08\/copel-foto-copel.png","contentUrl":"https:\/\/agenciainfra.com\/blog\/wp-content\/uploads\/2025\/08\/copel-foto-copel.png","width":1280,"height":855,"caption":"Foto: Divulga\u00e7\u00e3o\/Copel"},{"@type":"BreadcrumbList","@id":"https:\/\/agenciainfra.com\/blog\/falha-em-subestacao-da-copel-causou-apagao-de-14-de-outubro-diz-ons\/#breadcrumb","itemListElement":[{"@type":"ListItem","position":1,"name":"In\u00edcio","item":"https:\/\/agenciainfra.com\/blog\/"},{"@type":"ListItem","position":2,"name":"Falha em subesta\u00e7\u00e3o da Copel causou apag\u00e3o de 14 de outubro, diz ONS"}]},{"@type":"WebSite","@id":"https:\/\/agenciainfra.com\/blog\/#website","url":"https:\/\/agenciainfra.com\/blog\/","name":"Ag\u00eancia iNFRA","description":"Multiplataforma de informa\u00e7\u00e3o jornal\u00edstica refer\u00eancia na \u00e1rea de infraestrutura no Brasil!","publisher":{"@id":"https:\/\/agenciainfra.com\/blog\/#organization"},"potentialAction":[{"@type":"SearchAction","target":{"@type":"EntryPoint","urlTemplate":"https:\/\/agenciainfra.com\/blog\/?s={search_term_string}"},"query-input":{"@type":"PropertyValueSpecification","valueRequired":true,"valueName":"search_term_string"}}],"inLanguage":"pt-BR"},{"@type":"Organization","@id":"https:\/\/agenciainfra.com\/blog\/#organization","name":"Ag\u00eancia iNFRA","url":"https:\/\/agenciainfra.com\/blog\/","logo":{"@type":"ImageObject","inLanguage":"pt-BR","@id":"https:\/\/agenciainfra.com\/blog\/#\/schema\/logo\/image\/","url":"https:\/\/agenciainfra.com\/blog\/wp-content\/uploads\/2023\/09\/iNFRA_5-e1761735885940.png","contentUrl":"https:\/\/agenciainfra.com\/blog\/wp-content\/uploads\/2023\/09\/iNFRA_5-e1761735885940.png","width":1672,"height":454,"caption":"Ag\u00eancia iNFRA"},"image":{"@id":"https:\/\/agenciainfra.com\/blog\/#\/schema\/logo\/image\/"},"sameAs":["https:\/\/www.facebook.com\/ageninfra","https:\/\/x.com\/agencia_infra","https:\/\/www.linkedin.com\/company\/ag\u00eanciainfra\/","https:\/\/www.instagram.com\/agenciainfra\/"]},{"@type":"Person","@id":"https:\/\/agenciainfra.com\/blog\/#\/schema\/person\/34af08dff6adea4cb22b06612ba7acfa","name":"Ag\u00eancia iNFRA","image":{"@type":"ImageObject","inLanguage":"pt-BR","@id":"https:\/\/agenciainfra.com\/blog\/#\/schema\/person\/image\/","url":"https:\/\/secure.gravatar.com\/avatar\/d189e01678f06d8eb84d4e01f08eb848b3fffe3f8443818d3c356c66892f5be8?s=96&d=mm&r=g","contentUrl":"https:\/\/secure.gravatar.com\/avatar\/d189e01678f06d8eb84d4e01f08eb848b3fffe3f8443818d3c356c66892f5be8?s=96&d=mm&r=g","caption":"Ag\u00eancia iNFRA"},"url":"https:\/\/agenciainfra.com\/blog\/author\/admin\/"}]}},"_links":{"self":[{"href":"https:\/\/agenciainfra.com\/blog\/wp-json\/wp\/v2\/posts\/30093","targetHints":{"allow":["GET"]}}],"collection":[{"href":"https:\/\/agenciainfra.com\/blog\/wp-json\/wp\/v2\/posts"}],"about":[{"href":"https:\/\/agenciainfra.com\/blog\/wp-json\/wp\/v2\/types\/post"}],"author":[{"embeddable":true,"href":"https:\/\/agenciainfra.com\/blog\/wp-json\/wp\/v2\/users\/1"}],"replies":[{"embeddable":true,"href":"https:\/\/agenciainfra.com\/blog\/wp-json\/wp\/v2\/comments?post=30093"}],"version-history":[{"count":1,"href":"https:\/\/agenciainfra.com\/blog\/wp-json\/wp\/v2\/posts\/30093\/revisions"}],"predecessor-version":[{"id":30094,"href":"https:\/\/agenciainfra.com\/blog\/wp-json\/wp\/v2\/posts\/30093\/revisions\/30094"}],"wp:featuredmedia":[{"embeddable":true,"href":"https:\/\/agenciainfra.com\/blog\/wp-json\/wp\/v2\/media\/26351"}],"wp:attachment":[{"href":"https:\/\/agenciainfra.com\/blog\/wp-json\/wp\/v2\/media?parent=30093"}],"wp:term":[{"taxonomy":"category","embeddable":true,"href":"https:\/\/agenciainfra.com\/blog\/wp-json\/wp\/v2\/categories?post=30093"},{"taxonomy":"post_tag","embeddable":true,"href":"https:\/\/agenciainfra.com\/blog\/wp-json\/wp\/v2\/tags?post=30093"}],"curies":[{"name":"wp","href":"https:\/\/api.w.org\/{rel}","templated":true}]}}