{"id":30120,"date":"2025-10-20T13:04:27","date_gmt":"2025-10-20T16:04:27","guid":{"rendered":"https:\/\/agenciainfra.com\/blog\/?p=30120"},"modified":"2025-10-21T10:38:44","modified_gmt":"2025-10-21T13:38:44","slug":"ibama-emite-licenca-para-petrobras-explorar-margem-equatorial","status":"publish","type":"post","link":"https:\/\/agenciainfra.com\/blog\/ibama-emite-licenca-para-petrobras-explorar-margem-equatorial\/","title":{"rendered":"Ibama emite licen\u00e7a para Petrobras explorar Margem Equatorial"},"content":{"rendered":"\n<p class=\"has-text-align-right\"><strong>da Ag\u00eancia iNFRA<\/strong><\/p>\n\n\n\n<p>O Ibama emitiu nesta segunda-feira (20) a licen\u00e7a ambiental para a Petrobras explorar o bloco de petr\u00f3leo e g\u00e1s natural FZA-M-59, no litoral do Amap\u00e1, regi\u00e3o da Margem Equatorial. Em <a href=\"https:\/\/agencia.petrobras.com.br\/w\/petrobras-obt%C3%A9m-licen%C3%A7a-de-opera%C3%A7%C3%A3o-para-pesquisa-explorat%C3%B3ria-em-%C3%A1guas-profundas-do-amap%C3%A1\">comunicado \u00e0 imprensa<\/a>, a companhia informou que a sonda de perfura\u00e7\u00e3o j\u00e1 se encontra no local para iniciar a atividade de perfura\u00e7\u00e3o, que tem previs\u00e3o de dura\u00e7\u00e3o de cinco meses. <\/p>\n\n\n\n<p>Neste per\u00edodo, o objetivo \u00e9 obter mais<strong>&nbsp;<\/strong>informa\u00e7\u00f5es geol\u00f3gicas&nbsp;e avaliar se h\u00e1 petr\u00f3leo e g\u00e1s na \u00e1rea em escala econ\u00f4mica. Trata-se portanto de uma fase de pesquisa para identificar a viabilidade de produzir comercialmente \u00f3leo na regi\u00e3o. Ou seja, a licen\u00e7a n\u00e3o libera a produ\u00e7\u00e3o de petr\u00f3leo.<\/p>\n\n\n\n<p>&#8220;Vamos operar na Margem Equatorial com seguran\u00e7a, responsabilidade e qualidade t\u00e9cnica. Esperamos obter excelentes resultados nessa pesquisa e comprovar a exist\u00eancia de petr\u00f3leo na por\u00e7\u00e3o brasileira dessa nova fronteira energ\u00e9tica mundial&#8221;, disse Magda Chambriard, presidente da Petrobras, em nota \u00e0 imprensa.<\/p>\n\n\n\n<p>Ap\u00f3s o indeferimento do requerimento de licen\u00e7a em maio de 2023, a estatal entrou com um novo pedido para explora\u00e7\u00e3o do bloco, reformulado. O tema se arrastava desde ent\u00e3o, com solicita\u00e7\u00f5es de estudos e simulados voltados \u00e0 prote\u00e7\u00e3o\u00a0ambiental. Como mostrou a <strong>Ag\u00eancia iNFRA<\/strong>, a companhia <a href=\"https:\/\/agenciainfra.com\/blog\/margem-equatorial-petrobras-espera-obter-licenca-ate-terca-dizem-fontes\/\">aguardava<\/a> a licen\u00e7a no m\u00e1ximo at\u00e9 ter\u00e7a-feira (21), quando expiraria o aluguel da sonda.<\/p>\n\n\n\n<p>O Ibama afirmou que houve &#8220;significativo aprimoramento substancial do projeto&#8221; analisado em 2023, sobretudo no que se refere \u00e0 estrutura de resposta a emerg\u00eancia. &#8220;Dentre os aperfei\u00e7oamentos implementados, destacam-se: a constru\u00e7\u00e3o e operacionaliza\u00e7\u00e3o de mais um Centro de Reabilita\u00e7\u00e3o e Despetroliza\u00e7\u00e3o de grande porte, no munic\u00edpio de Oiapoque (AP), que se soma ao j\u00e1 existente em Bel\u00e9m (PA); inclus\u00e3o de tr\u00eas embarca\u00e7\u00f5es offshore dedicadas ao atendimento de fauna oleada, quatro embarca\u00e7\u00f5es de atendimento nearshore, entre outros recursos de oportunidade&#8221;, disse em nota.<\/p>\n\n\n\n<p>Ainda segundo o \u00f3rg\u00e3o ambiental, a emiss\u00e3o da licen\u00e7a ocorre ap\u00f3s &#8220;rigoroso processo de licenciamento ambiental&#8221;, que contou com elabora\u00e7\u00e3o de Estudo de Impacto Ambiental (EIA\/Rima), realiza\u00e7\u00e3o de tr\u00eas audi\u00eancias p\u00fablicas, 65 reuni\u00f5es t\u00e9cnicas setoriais em mais de 20 munic\u00edpios dos estados do Par\u00e1 e do Amap\u00e1, vistorias em todas as estruturas de resposta \u00e0 emerg\u00eancia e unidade mar\u00edtima de perfura\u00e7\u00e3o, al\u00e9m da realiza\u00e7\u00e3o de uma Avalia\u00e7\u00e3o Pr\u00e9-Operacional, que envolveu mais de 400 pessoas.<\/p>\n\n\n\n<p><strong>Ministro comemora<\/strong><\/p>\n\n\n\n<p>Em nota enviada pelo MME (Minist\u00e9rio de Minas e Energia) ap\u00f3s o an\u00fancio da Petrobras, o ministro Alexandre Silveira enfatiza que fez &#8220;defesa firme e t\u00e9cnica para garantir que a explora\u00e7\u00e3o seja feita com total responsabilidade ambiental, dentro dos mais altos padr\u00f5es internacionais, e com benef\u00edcios concretos para brasileiras e brasileiros&#8221;.<\/p>\n\n\n\n<p>&#8220;O nosso petr\u00f3leo \u00e9 um dos mais sustent\u00e1veis do mundo, com uma das menores pegadas de carbono por barril produzido, assim como a nossa matriz energ\u00e9tica altamente renov\u00e1vel, que \u00e9 exemplo para o mundo\u201d, afirmou Silveira. <br><\/p>\n","protected":false},"excerpt":{"rendered":"<p>da Ag\u00eancia iNFRA O Ibama emitiu nesta segunda-feira (20) a licen\u00e7a ambiental para a Petrobras explorar o bloco de petr\u00f3leo e g\u00e1s natural FZA-M-59, no litoral do Amap\u00e1, regi\u00e3o da Margem Equatorial. Em comunicado \u00e0 imprensa, a companhia informou que a sonda de perfura\u00e7\u00e3o j\u00e1 se encontra no local para iniciar a atividade de perfura\u00e7\u00e3o, [&hellip;]<\/p>\n","protected":false},"author":1,"featured_media":30121,"comment_status":"closed","ping_status":"closed","sticky":false,"template":"","format":"standard","meta":{"_monsterinsights_skip_tracking":false,"_monsterinsights_sitenote_active":false,"_monsterinsights_sitenote_note":"","_monsterinsights_sitenote_category":0,"footnotes":""},"categories":[7250,13271],"tags":[16276,13338,749,696,13269,7366,3191,143,213],"class_list":["post-30120","post","type-post","status-publish","format-standard","has-post-thumbnail","hentry","category-destaque-lista","category-oleo-gas","tag-exploracao-de-blocos","tag-foz-do-amazonas","tag-ibama","tag-licenca-ambiental","tag-margem-equatorial","tag-marisa-wanzeller","tag-oleo-e-gas","tag-petrobras","tag-petroleo"],"yoast_head":"<!-- This site is optimized with the Yoast SEO Premium plugin v25.4 (Yoast SEO v26.0) - https:\/\/yoast.com\/wordpress\/plugins\/seo\/ -->\n<title>Ibama emite licen\u00e7a para Petrobras explorar Margem Equatorial - Ag\u00eancia iNFRA<\/title>\n<meta name=\"description\" content=\"Sonda de perfura\u00e7\u00e3o j\u00e1 se encontra na regi\u00e3o da Margem Equatorial para iniciar a atividade de perfura\u00e7\u00e3o, que tem previs\u00e3o de dura\u00e7\u00e3o de cinco meses\" \/>\n<meta name=\"robots\" content=\"index, follow, max-snippet:-1, max-image-preview:large, max-video-preview:-1\" \/>\n<link rel=\"canonical\" href=\"https:\/\/agenciainfra.com\/blog\/ibama-emite-licenca-para-petrobras-explorar-margem-equatorial\/\" \/>\n<meta property=\"og:locale\" content=\"pt_BR\" \/>\n<meta property=\"og:type\" content=\"article\" \/>\n<meta property=\"og:title\" content=\"Ibama emite licen\u00e7a para Petrobras explorar Margem Equatorial\" \/>\n<meta property=\"og:description\" content=\"Sonda de perfura\u00e7\u00e3o j\u00e1 se encontra na regi\u00e3o da Margem Equatorial para iniciar a atividade de perfura\u00e7\u00e3o, que tem previs\u00e3o de dura\u00e7\u00e3o de cinco meses\" \/>\n<meta property=\"og:url\" content=\"https:\/\/agenciainfra.com\/blog\/ibama-emite-licenca-para-petrobras-explorar-margem-equatorial\/\" \/>\n<meta property=\"og:site_name\" content=\"Ag\u00eancia iNFRA\" \/>\n<meta property=\"article:publisher\" content=\"https:\/\/www.facebook.com\/ageninfra\" \/>\n<meta property=\"article:published_time\" content=\"2025-10-20T16:04:27+00:00\" \/>\n<meta property=\"article:modified_time\" content=\"2025-10-21T13:38:44+00:00\" \/>\n<meta property=\"og:image\" content=\"https:\/\/agenciainfra.com\/blog\/wp-content\/uploads\/2025\/10\/sonda_ns_42-de-perfuracao-foto-foresea-divulgacao-scaled.jpg\" \/>\n\t<meta property=\"og:image:width\" content=\"2560\" \/>\n\t<meta property=\"og:image:height\" content=\"1703\" \/>\n\t<meta property=\"og:image:type\" content=\"image\/jpeg\" \/>\n<meta name=\"author\" content=\"Ag\u00eancia iNFRA\" \/>\n<meta name=\"twitter:card\" content=\"summary_large_image\" \/>\n<meta name=\"twitter:creator\" content=\"@agencia_infra\" \/>\n<meta name=\"twitter:site\" content=\"@agencia_infra\" \/>\n<meta name=\"twitter:label1\" content=\"Escrito por\" \/>\n\t<meta name=\"twitter:data1\" content=\"Ag\u00eancia iNFRA\" \/>\n\t<meta name=\"twitter:label2\" content=\"Est. tempo de leitura\" \/>\n\t<meta name=\"twitter:data2\" content=\"3 minutos\" \/>\n<script type=\"application\/ld+json\" class=\"yoast-schema-graph\">{\"@context\":\"https:\/\/schema.org\",\"@graph\":[{\"@type\":\"Article\",\"@id\":\"https:\/\/agenciainfra.com\/blog\/ibama-emite-licenca-para-petrobras-explorar-margem-equatorial\/#article\",\"isPartOf\":{\"@id\":\"https:\/\/agenciainfra.com\/blog\/ibama-emite-licenca-para-petrobras-explorar-margem-equatorial\/\"},\"author\":{\"name\":\"Ag\u00eancia iNFRA\",\"@id\":\"https:\/\/agenciainfra.com\/blog\/#\/schema\/person\/34af08dff6adea4cb22b06612ba7acfa\"},\"headline\":\"Ibama emite licen\u00e7a para Petrobras explorar Margem Equatorial\",\"datePublished\":\"2025-10-20T16:04:27+00:00\",\"dateModified\":\"2025-10-21T13:38:44+00:00\",\"mainEntityOfPage\":{\"@id\":\"https:\/\/agenciainfra.com\/blog\/ibama-emite-licenca-para-petrobras-explorar-margem-equatorial\/\"},\"wordCount\":532,\"publisher\":{\"@id\":\"https:\/\/agenciainfra.com\/blog\/#organization\"},\"image\":{\"@id\":\"https:\/\/agenciainfra.com\/blog\/ibama-emite-licenca-para-petrobras-explorar-margem-equatorial\/#primaryimage\"},\"thumbnailUrl\":\"https:\/\/agenciainfra.com\/blog\/wp-content\/uploads\/2025\/10\/sonda_ns_42-de-perfuracao-foto-foresea-divulgacao-scaled.jpg\",\"keywords\":[\"explora\u00e7\u00e3o de blocos\",\"foz do amazonas\",\"Ibama\",\"Licen\u00e7a ambiental\",\"margem equatorial\",\"Marisa Wanzeller\",\"\u00f3leo e g\u00e1s\",\"Petrobras\",\"petr\u00f3leo\"],\"articleSection\":[\"Destaque lista\",\"\u00d3leo &amp; G\u00e1s\"],\"inLanguage\":\"pt-BR\",\"copyrightYear\":\"2025\",\"copyrightHolder\":{\"@id\":\"https:\/\/agenciainfra.com\/blog\/#organization\"}},{\"@type\":\"WebPage\",\"@id\":\"https:\/\/agenciainfra.com\/blog\/ibama-emite-licenca-para-petrobras-explorar-margem-equatorial\/\",\"url\":\"https:\/\/agenciainfra.com\/blog\/ibama-emite-licenca-para-petrobras-explorar-margem-equatorial\/\",\"name\":\"Ibama emite licen\u00e7a para Petrobras explorar Margem Equatorial - Ag\u00eancia iNFRA\",\"isPartOf\":{\"@id\":\"https:\/\/agenciainfra.com\/blog\/#website\"},\"primaryImageOfPage\":{\"@id\":\"https:\/\/agenciainfra.com\/blog\/ibama-emite-licenca-para-petrobras-explorar-margem-equatorial\/#primaryimage\"},\"image\":{\"@id\":\"https:\/\/agenciainfra.com\/blog\/ibama-emite-licenca-para-petrobras-explorar-margem-equatorial\/#primaryimage\"},\"thumbnailUrl\":\"https:\/\/agenciainfra.com\/blog\/wp-content\/uploads\/2025\/10\/sonda_ns_42-de-perfuracao-foto-foresea-divulgacao-scaled.jpg\",\"datePublished\":\"2025-10-20T16:04:27+00:00\",\"dateModified\":\"2025-10-21T13:38:44+00:00\",\"description\":\"Sonda de perfura\u00e7\u00e3o j\u00e1 se encontra na regi\u00e3o da Margem Equatorial para iniciar a atividade de perfura\u00e7\u00e3o, que tem previs\u00e3o de dura\u00e7\u00e3o de cinco meses\",\"breadcrumb\":{\"@id\":\"https:\/\/agenciainfra.com\/blog\/ibama-emite-licenca-para-petrobras-explorar-margem-equatorial\/#breadcrumb\"},\"inLanguage\":\"pt-BR\",\"potentialAction\":[{\"@type\":\"ReadAction\",\"target\":[\"https:\/\/agenciainfra.com\/blog\/ibama-emite-licenca-para-petrobras-explorar-margem-equatorial\/\"]}]},{\"@type\":\"ImageObject\",\"inLanguage\":\"pt-BR\",\"@id\":\"https:\/\/agenciainfra.com\/blog\/ibama-emite-licenca-para-petrobras-explorar-margem-equatorial\/#primaryimage\",\"url\":\"https:\/\/agenciainfra.com\/blog\/wp-content\/uploads\/2025\/10\/sonda_ns_42-de-perfuracao-foto-foresea-divulgacao-scaled.jpg\",\"contentUrl\":\"https:\/\/agenciainfra.com\/blog\/wp-content\/uploads\/2025\/10\/sonda_ns_42-de-perfuracao-foto-foresea-divulgacao-scaled.jpg\",\"width\":2560,\"height\":1703,\"caption\":\"Foto: Foresea\"},{\"@type\":\"BreadcrumbList\",\"@id\":\"https:\/\/agenciainfra.com\/blog\/ibama-emite-licenca-para-petrobras-explorar-margem-equatorial\/#breadcrumb\",\"itemListElement\":[{\"@type\":\"ListItem\",\"position\":1,\"name\":\"In\u00edcio\",\"item\":\"https:\/\/agenciainfra.com\/blog\/\"},{\"@type\":\"ListItem\",\"position\":2,\"name\":\"Ibama emite licen\u00e7a para Petrobras explorar Margem Equatorial\"}]},{\"@type\":\"WebSite\",\"@id\":\"https:\/\/agenciainfra.com\/blog\/#website\",\"url\":\"https:\/\/agenciainfra.com\/blog\/\",\"name\":\"Ag\u00eancia iNFRA\",\"description\":\"Multiplataforma de informa\u00e7\u00e3o jornal\u00edstica refer\u00eancia na \u00e1rea de infraestrutura no Brasil!\",\"publisher\":{\"@id\":\"https:\/\/agenciainfra.com\/blog\/#organization\"},\"potentialAction\":[{\"@type\":\"SearchAction\",\"target\":{\"@type\":\"EntryPoint\",\"urlTemplate\":\"https:\/\/agenciainfra.com\/blog\/?s={search_term_string}\"},\"query-input\":{\"@type\":\"PropertyValueSpecification\",\"valueRequired\":true,\"valueName\":\"search_term_string\"}}],\"inLanguage\":\"pt-BR\"},{\"@type\":\"Organization\",\"@id\":\"https:\/\/agenciainfra.com\/blog\/#organization\",\"name\":\"Ag\u00eancia iNFRA\",\"url\":\"https:\/\/agenciainfra.com\/blog\/\",\"logo\":{\"@type\":\"ImageObject\",\"inLanguage\":\"pt-BR\",\"@id\":\"https:\/\/agenciainfra.com\/blog\/#\/schema\/logo\/image\/\",\"url\":\"https:\/\/agenciainfra.com\/blog\/wp-content\/uploads\/2023\/09\/iNFRA_5-e1761735885940.png\",\"contentUrl\":\"https:\/\/agenciainfra.com\/blog\/wp-content\/uploads\/2023\/09\/iNFRA_5-e1761735885940.png\",\"width\":1672,\"height\":454,\"caption\":\"Ag\u00eancia iNFRA\"},\"image\":{\"@id\":\"https:\/\/agenciainfra.com\/blog\/#\/schema\/logo\/image\/\"},\"sameAs\":[\"https:\/\/www.facebook.com\/ageninfra\",\"https:\/\/x.com\/agencia_infra\",\"https:\/\/www.linkedin.com\/company\/ag\u00eanciainfra\/\",\"https:\/\/www.instagram.com\/agenciainfra\/\"]},{\"@type\":\"Person\",\"@id\":\"https:\/\/agenciainfra.com\/blog\/#\/schema\/person\/34af08dff6adea4cb22b06612ba7acfa\",\"name\":\"Ag\u00eancia iNFRA\",\"image\":{\"@type\":\"ImageObject\",\"inLanguage\":\"pt-BR\",\"@id\":\"https:\/\/agenciainfra.com\/blog\/#\/schema\/person\/image\/\",\"url\":\"https:\/\/secure.gravatar.com\/avatar\/d189e01678f06d8eb84d4e01f08eb848b3fffe3f8443818d3c356c66892f5be8?s=96&d=mm&r=g\",\"contentUrl\":\"https:\/\/secure.gravatar.com\/avatar\/d189e01678f06d8eb84d4e01f08eb848b3fffe3f8443818d3c356c66892f5be8?s=96&d=mm&r=g\",\"caption\":\"Ag\u00eancia iNFRA\"},\"url\":\"https:\/\/agenciainfra.com\/blog\/author\/admin\/\"}]}<\/script>\n<!-- \/ Yoast SEO Premium plugin. -->","yoast_head_json":{"title":"Ibama emite licen\u00e7a para Petrobras explorar Margem Equatorial - Ag\u00eancia iNFRA","description":"Sonda de perfura\u00e7\u00e3o j\u00e1 se encontra na regi\u00e3o da Margem Equatorial para iniciar a atividade de perfura\u00e7\u00e3o, que tem previs\u00e3o de dura\u00e7\u00e3o de cinco meses","robots":{"index":"index","follow":"follow","max-snippet":"max-snippet:-1","max-image-preview":"max-image-preview:large","max-video-preview":"max-video-preview:-1"},"canonical":"https:\/\/agenciainfra.com\/blog\/ibama-emite-licenca-para-petrobras-explorar-margem-equatorial\/","og_locale":"pt_BR","og_type":"article","og_title":"Ibama emite licen\u00e7a para Petrobras explorar Margem Equatorial","og_description":"Sonda de perfura\u00e7\u00e3o j\u00e1 se encontra na regi\u00e3o da Margem Equatorial para iniciar a atividade de perfura\u00e7\u00e3o, que tem previs\u00e3o de dura\u00e7\u00e3o de cinco meses","og_url":"https:\/\/agenciainfra.com\/blog\/ibama-emite-licenca-para-petrobras-explorar-margem-equatorial\/","og_site_name":"Ag\u00eancia iNFRA","article_publisher":"https:\/\/www.facebook.com\/ageninfra","article_published_time":"2025-10-20T16:04:27+00:00","article_modified_time":"2025-10-21T13:38:44+00:00","og_image":[{"width":2560,"height":1703,"url":"https:\/\/agenciainfra.com\/blog\/wp-content\/uploads\/2025\/10\/sonda_ns_42-de-perfuracao-foto-foresea-divulgacao-scaled.jpg","type":"image\/jpeg"}],"author":"Ag\u00eancia iNFRA","twitter_card":"summary_large_image","twitter_creator":"@agencia_infra","twitter_site":"@agencia_infra","twitter_misc":{"Escrito por":"Ag\u00eancia iNFRA","Est. tempo de leitura":"3 minutos"},"schema":{"@context":"https:\/\/schema.org","@graph":[{"@type":"Article","@id":"https:\/\/agenciainfra.com\/blog\/ibama-emite-licenca-para-petrobras-explorar-margem-equatorial\/#article","isPartOf":{"@id":"https:\/\/agenciainfra.com\/blog\/ibama-emite-licenca-para-petrobras-explorar-margem-equatorial\/"},"author":{"name":"Ag\u00eancia iNFRA","@id":"https:\/\/agenciainfra.com\/blog\/#\/schema\/person\/34af08dff6adea4cb22b06612ba7acfa"},"headline":"Ibama emite licen\u00e7a para Petrobras explorar Margem Equatorial","datePublished":"2025-10-20T16:04:27+00:00","dateModified":"2025-10-21T13:38:44+00:00","mainEntityOfPage":{"@id":"https:\/\/agenciainfra.com\/blog\/ibama-emite-licenca-para-petrobras-explorar-margem-equatorial\/"},"wordCount":532,"publisher":{"@id":"https:\/\/agenciainfra.com\/blog\/#organization"},"image":{"@id":"https:\/\/agenciainfra.com\/blog\/ibama-emite-licenca-para-petrobras-explorar-margem-equatorial\/#primaryimage"},"thumbnailUrl":"https:\/\/agenciainfra.com\/blog\/wp-content\/uploads\/2025\/10\/sonda_ns_42-de-perfuracao-foto-foresea-divulgacao-scaled.jpg","keywords":["explora\u00e7\u00e3o de blocos","foz do amazonas","Ibama","Licen\u00e7a ambiental","margem equatorial","Marisa Wanzeller","\u00f3leo e g\u00e1s","Petrobras","petr\u00f3leo"],"articleSection":["Destaque lista","\u00d3leo &amp; G\u00e1s"],"inLanguage":"pt-BR","copyrightYear":"2025","copyrightHolder":{"@id":"https:\/\/agenciainfra.com\/blog\/#organization"}},{"@type":"WebPage","@id":"https:\/\/agenciainfra.com\/blog\/ibama-emite-licenca-para-petrobras-explorar-margem-equatorial\/","url":"https:\/\/agenciainfra.com\/blog\/ibama-emite-licenca-para-petrobras-explorar-margem-equatorial\/","name":"Ibama emite licen\u00e7a para Petrobras explorar Margem Equatorial - Ag\u00eancia iNFRA","isPartOf":{"@id":"https:\/\/agenciainfra.com\/blog\/#website"},"primaryImageOfPage":{"@id":"https:\/\/agenciainfra.com\/blog\/ibama-emite-licenca-para-petrobras-explorar-margem-equatorial\/#primaryimage"},"image":{"@id":"https:\/\/agenciainfra.com\/blog\/ibama-emite-licenca-para-petrobras-explorar-margem-equatorial\/#primaryimage"},"thumbnailUrl":"https:\/\/agenciainfra.com\/blog\/wp-content\/uploads\/2025\/10\/sonda_ns_42-de-perfuracao-foto-foresea-divulgacao-scaled.jpg","datePublished":"2025-10-20T16:04:27+00:00","dateModified":"2025-10-21T13:38:44+00:00","description":"Sonda de perfura\u00e7\u00e3o j\u00e1 se encontra na regi\u00e3o da Margem Equatorial para iniciar a atividade de perfura\u00e7\u00e3o, que tem previs\u00e3o de dura\u00e7\u00e3o de cinco meses","breadcrumb":{"@id":"https:\/\/agenciainfra.com\/blog\/ibama-emite-licenca-para-petrobras-explorar-margem-equatorial\/#breadcrumb"},"inLanguage":"pt-BR","potentialAction":[{"@type":"ReadAction","target":["https:\/\/agenciainfra.com\/blog\/ibama-emite-licenca-para-petrobras-explorar-margem-equatorial\/"]}]},{"@type":"ImageObject","inLanguage":"pt-BR","@id":"https:\/\/agenciainfra.com\/blog\/ibama-emite-licenca-para-petrobras-explorar-margem-equatorial\/#primaryimage","url":"https:\/\/agenciainfra.com\/blog\/wp-content\/uploads\/2025\/10\/sonda_ns_42-de-perfuracao-foto-foresea-divulgacao-scaled.jpg","contentUrl":"https:\/\/agenciainfra.com\/blog\/wp-content\/uploads\/2025\/10\/sonda_ns_42-de-perfuracao-foto-foresea-divulgacao-scaled.jpg","width":2560,"height":1703,"caption":"Foto: Foresea"},{"@type":"BreadcrumbList","@id":"https:\/\/agenciainfra.com\/blog\/ibama-emite-licenca-para-petrobras-explorar-margem-equatorial\/#breadcrumb","itemListElement":[{"@type":"ListItem","position":1,"name":"In\u00edcio","item":"https:\/\/agenciainfra.com\/blog\/"},{"@type":"ListItem","position":2,"name":"Ibama emite licen\u00e7a para Petrobras explorar Margem Equatorial"}]},{"@type":"WebSite","@id":"https:\/\/agenciainfra.com\/blog\/#website","url":"https:\/\/agenciainfra.com\/blog\/","name":"Ag\u00eancia iNFRA","description":"Multiplataforma de informa\u00e7\u00e3o jornal\u00edstica refer\u00eancia na \u00e1rea de infraestrutura no Brasil!","publisher":{"@id":"https:\/\/agenciainfra.com\/blog\/#organization"},"potentialAction":[{"@type":"SearchAction","target":{"@type":"EntryPoint","urlTemplate":"https:\/\/agenciainfra.com\/blog\/?s={search_term_string}"},"query-input":{"@type":"PropertyValueSpecification","valueRequired":true,"valueName":"search_term_string"}}],"inLanguage":"pt-BR"},{"@type":"Organization","@id":"https:\/\/agenciainfra.com\/blog\/#organization","name":"Ag\u00eancia iNFRA","url":"https:\/\/agenciainfra.com\/blog\/","logo":{"@type":"ImageObject","inLanguage":"pt-BR","@id":"https:\/\/agenciainfra.com\/blog\/#\/schema\/logo\/image\/","url":"https:\/\/agenciainfra.com\/blog\/wp-content\/uploads\/2023\/09\/iNFRA_5-e1761735885940.png","contentUrl":"https:\/\/agenciainfra.com\/blog\/wp-content\/uploads\/2023\/09\/iNFRA_5-e1761735885940.png","width":1672,"height":454,"caption":"Ag\u00eancia iNFRA"},"image":{"@id":"https:\/\/agenciainfra.com\/blog\/#\/schema\/logo\/image\/"},"sameAs":["https:\/\/www.facebook.com\/ageninfra","https:\/\/x.com\/agencia_infra","https:\/\/www.linkedin.com\/company\/ag\u00eanciainfra\/","https:\/\/www.instagram.com\/agenciainfra\/"]},{"@type":"Person","@id":"https:\/\/agenciainfra.com\/blog\/#\/schema\/person\/34af08dff6adea4cb22b06612ba7acfa","name":"Ag\u00eancia iNFRA","image":{"@type":"ImageObject","inLanguage":"pt-BR","@id":"https:\/\/agenciainfra.com\/blog\/#\/schema\/person\/image\/","url":"https:\/\/secure.gravatar.com\/avatar\/d189e01678f06d8eb84d4e01f08eb848b3fffe3f8443818d3c356c66892f5be8?s=96&d=mm&r=g","contentUrl":"https:\/\/secure.gravatar.com\/avatar\/d189e01678f06d8eb84d4e01f08eb848b3fffe3f8443818d3c356c66892f5be8?s=96&d=mm&r=g","caption":"Ag\u00eancia iNFRA"},"url":"https:\/\/agenciainfra.com\/blog\/author\/admin\/"}]}},"_links":{"self":[{"href":"https:\/\/agenciainfra.com\/blog\/wp-json\/wp\/v2\/posts\/30120","targetHints":{"allow":["GET"]}}],"collection":[{"href":"https:\/\/agenciainfra.com\/blog\/wp-json\/wp\/v2\/posts"}],"about":[{"href":"https:\/\/agenciainfra.com\/blog\/wp-json\/wp\/v2\/types\/post"}],"author":[{"embeddable":true,"href":"https:\/\/agenciainfra.com\/blog\/wp-json\/wp\/v2\/users\/1"}],"replies":[{"embeddable":true,"href":"https:\/\/agenciainfra.com\/blog\/wp-json\/wp\/v2\/comments?post=30120"}],"version-history":[{"count":5,"href":"https:\/\/agenciainfra.com\/blog\/wp-json\/wp\/v2\/posts\/30120\/revisions"}],"predecessor-version":[{"id":30130,"href":"https:\/\/agenciainfra.com\/blog\/wp-json\/wp\/v2\/posts\/30120\/revisions\/30130"}],"wp:featuredmedia":[{"embeddable":true,"href":"https:\/\/agenciainfra.com\/blog\/wp-json\/wp\/v2\/media\/30121"}],"wp:attachment":[{"href":"https:\/\/agenciainfra.com\/blog\/wp-json\/wp\/v2\/media?parent=30120"}],"wp:term":[{"taxonomy":"category","embeddable":true,"href":"https:\/\/agenciainfra.com\/blog\/wp-json\/wp\/v2\/categories?post=30120"},{"taxonomy":"post_tag","embeddable":true,"href":"https:\/\/agenciainfra.com\/blog\/wp-json\/wp\/v2\/tags?post=30120"}],"curies":[{"name":"wp","href":"https:\/\/api.w.org\/{rel}","templated":true}]}}