{"id":30146,"date":"2025-10-20T17:34:16","date_gmt":"2025-10-20T20:34:16","guid":{"rendered":"https:\/\/agenciainfra.com\/blog\/?p=30146"},"modified":"2025-10-21T12:46:50","modified_gmt":"2025-10-21T15:46:50","slug":"enel-rj-pede-na-justica-suspensao-de-processo-sobre-mutuos-na-aneel","status":"publish","type":"post","link":"https:\/\/agenciainfra.com\/blog\/enel-rj-pede-na-justica-suspensao-de-processo-sobre-mutuos-na-aneel\/","title":{"rendered":"Enel RJ pede na Justi\u00e7a suspens\u00e3o de processo sobre m\u00fatuos na ANEEL"},"content":{"rendered":"\n<p class=\"has-text-align-right\"><strong>da Ag\u00eancia iNFRA<\/strong><\/p>\n\n\n\n<p>A Enel Rio de Janeiro entrou com <a href=\"https:\/\/agenciainfra.com\/blog\/wp-content\/uploads\/2025\/10\/peticao-enel-suspensao-aneel.pdf\">pedido de liminar<\/a> na Justi\u00e7a pela retirada de processo sobre os empr\u00e9stimos realizados entre empresas do mesmo grupo (conhecidos no mercado como \u201cm\u00fatuos\u201d) da pauta da reuni\u00e3o de diretoria da ANEEL (Ag\u00eancia Nacional de Energia El\u00e9trica) desta ter\u00e7a-feira (21). O relator, Fernando Mosna, diz em voto que a empresa realizou parte dessas opera\u00e7\u00f5es sem aval da reguladora.<\/p>\n\n\n\n<p>A companhia solicita que a tramita\u00e7\u00e3o do processo seja suspensa at\u00e9 o julgamento de uma a\u00e7\u00e3o movida contra o diretor Mosna na \u00faltima semana, para que ele seja considerado impedido de relatar processos do Grupo Enel por supostamente ter publicizado \u201cinforma\u00e7\u00f5es sigilosas\u201d da companhia. O \u201cvazamento\u201d mencionado teria ocorrido em of\u00edcio no qual Mosna <a href=\"https:\/\/agenciainfra.com\/blog\/enel-rj-fez-emprestimos-sem-aval-que-somam-r-58-bilhoes-diz-aneel\/\">pede esclarecimentos<\/a> sobre a resposta da Enel S\u00e3o Paulo ap\u00f3s temporal no \u00faltimo m\u00eas.<\/p>\n\n\n\n<p>Segundo a companhia, foi apresentada tamb\u00e9m uma quest\u00e3o de ordem \u00e0 ANEEL, mas ainda n\u00e3o houve resposta. \u201cN\u00e3o h\u00e1 mais o que se possa fazer na via administrativa para conter o andamento do processo, justificada a presente impetra\u00e7\u00e3o&#8221;, alega a empresa.<\/p>\n","protected":false},"excerpt":{"rendered":"<p>da Ag\u00eancia iNFRA A Enel Rio de Janeiro entrou com pedido de liminar na Justi\u00e7a pela retirada de processo sobre os empr\u00e9stimos realizados entre empresas do mesmo grupo (conhecidos no mercado como \u201cm\u00fatuos\u201d) da pauta da reuni\u00e3o de diretoria da ANEEL (Ag\u00eancia Nacional de Energia El\u00e9trica) desta ter\u00e7a-feira (21). O relator, Fernando Mosna, diz em [&hellip;]<\/p>\n","protected":false},"author":1,"featured_media":10277,"comment_status":"closed","ping_status":"closed","sticky":false,"template":"","format":"standard","meta":{"_monsterinsights_skip_tracking":false,"_monsterinsights_sitenote_active":false,"_monsterinsights_sitenote_note":"","_monsterinsights_sitenote_category":0,"footnotes":""},"categories":[10],"tags":[53,3575,8475,7014,16067],"class_list":["post-30146","post","type-post","status-publish","format-standard","has-post-thumbnail","hentry","category-infraenergia","tag-aneel","tag-enel-rj","tag-enel-sao-paulo","tag-fernando-mosna","tag-grupo-enel"],"yoast_head":"<!-- This site is optimized with the Yoast SEO Premium plugin v25.4 (Yoast SEO v26.0) - https:\/\/yoast.com\/wordpress\/plugins\/seo\/ -->\n<title>Enel RJ pede na Justi\u00e7a suspens\u00e3o de processo sobre m\u00fatuos na ANEEL - Ag\u00eancia iNFRA<\/title>\n<meta name=\"robots\" content=\"index, follow, max-snippet:-1, max-image-preview:large, max-video-preview:-1\" \/>\n<link rel=\"canonical\" href=\"https:\/\/agenciainfra.com\/blog\/enel-rj-pede-na-justica-suspensao-de-processo-sobre-mutuos-na-aneel\/\" \/>\n<meta property=\"og:locale\" content=\"pt_BR\" \/>\n<meta property=\"og:type\" content=\"article\" \/>\n<meta property=\"og:title\" content=\"Enel RJ pede na Justi\u00e7a suspens\u00e3o de processo sobre m\u00fatuos na ANEEL\" \/>\n<meta property=\"og:description\" content=\"da Ag\u00eancia iNFRA A Enel Rio de Janeiro entrou com pedido de liminar na Justi\u00e7a pela retirada de processo sobre os empr\u00e9stimos realizados entre empresas do mesmo grupo (conhecidos no mercado como \u201cm\u00fatuos\u201d) da pauta da reuni\u00e3o de diretoria da ANEEL (Ag\u00eancia Nacional de Energia El\u00e9trica) desta ter\u00e7a-feira (21). O relator, Fernando Mosna, diz em [&hellip;]\" \/>\n<meta property=\"og:url\" content=\"https:\/\/agenciainfra.com\/blog\/enel-rj-pede-na-justica-suspensao-de-processo-sobre-mutuos-na-aneel\/\" \/>\n<meta property=\"og:site_name\" content=\"Ag\u00eancia iNFRA\" \/>\n<meta property=\"article:publisher\" content=\"https:\/\/www.facebook.com\/ageninfra\" \/>\n<meta property=\"article:published_time\" content=\"2025-10-20T20:34:16+00:00\" \/>\n<meta property=\"article:modified_time\" content=\"2025-10-21T15:46:50+00:00\" \/>\n<meta property=\"og:image\" content=\"https:\/\/agenciainfra.com\/blog\/wp-content\/uploads\/2022\/05\/enel-divulgacao.jpg\" \/>\n\t<meta property=\"og:image:width\" content=\"1300\" \/>\n\t<meta property=\"og:image:height\" content=\"866\" \/>\n\t<meta property=\"og:image:type\" content=\"image\/jpeg\" \/>\n<meta name=\"author\" content=\"Ag\u00eancia iNFRA\" \/>\n<meta name=\"twitter:card\" content=\"summary_large_image\" \/>\n<meta name=\"twitter:creator\" content=\"@agencia_infra\" \/>\n<meta name=\"twitter:site\" content=\"@agencia_infra\" \/>\n<meta name=\"twitter:label1\" content=\"Escrito por\" \/>\n\t<meta name=\"twitter:data1\" content=\"Ag\u00eancia iNFRA\" \/>\n\t<meta name=\"twitter:label2\" content=\"Est. tempo de leitura\" \/>\n\t<meta name=\"twitter:data2\" content=\"1 minuto\" \/>\n<script type=\"application\/ld+json\" class=\"yoast-schema-graph\">{\"@context\":\"https:\/\/schema.org\",\"@graph\":[{\"@type\":\"Article\",\"@id\":\"https:\/\/agenciainfra.com\/blog\/enel-rj-pede-na-justica-suspensao-de-processo-sobre-mutuos-na-aneel\/#article\",\"isPartOf\":{\"@id\":\"https:\/\/agenciainfra.com\/blog\/enel-rj-pede-na-justica-suspensao-de-processo-sobre-mutuos-na-aneel\/\"},\"author\":{\"name\":\"Ag\u00eancia iNFRA\",\"@id\":\"https:\/\/agenciainfra.com\/blog\/#\/schema\/person\/34af08dff6adea4cb22b06612ba7acfa\"},\"headline\":\"Enel RJ pede na Justi\u00e7a suspens\u00e3o de processo sobre m\u00fatuos na ANEEL\",\"datePublished\":\"2025-10-20T20:34:16+00:00\",\"dateModified\":\"2025-10-21T15:46:50+00:00\",\"mainEntityOfPage\":{\"@id\":\"https:\/\/agenciainfra.com\/blog\/enel-rj-pede-na-justica-suspensao-de-processo-sobre-mutuos-na-aneel\/\"},\"wordCount\":210,\"publisher\":{\"@id\":\"https:\/\/agenciainfra.com\/blog\/#organization\"},\"image\":{\"@id\":\"https:\/\/agenciainfra.com\/blog\/enel-rj-pede-na-justica-suspensao-de-processo-sobre-mutuos-na-aneel\/#primaryimage\"},\"thumbnailUrl\":\"https:\/\/agenciainfra.com\/blog\/wp-content\/uploads\/2022\/05\/enel-divulgacao-e1771018989275.jpg\",\"keywords\":[\"ANEEL\",\"Enel RJ\",\"Enel S\u00e3o Paulo\",\"Fernando Mosna\",\"grupo Enel\"],\"articleSection\":[\"iNFRAEnergia\"],\"inLanguage\":\"pt-BR\",\"copyrightYear\":\"2025\",\"copyrightHolder\":{\"@id\":\"https:\/\/agenciainfra.com\/blog\/#organization\"}},{\"@type\":\"WebPage\",\"@id\":\"https:\/\/agenciainfra.com\/blog\/enel-rj-pede-na-justica-suspensao-de-processo-sobre-mutuos-na-aneel\/\",\"url\":\"https:\/\/agenciainfra.com\/blog\/enel-rj-pede-na-justica-suspensao-de-processo-sobre-mutuos-na-aneel\/\",\"name\":\"Enel RJ pede na Justi\u00e7a suspens\u00e3o de processo sobre m\u00fatuos na ANEEL - Ag\u00eancia iNFRA\",\"isPartOf\":{\"@id\":\"https:\/\/agenciainfra.com\/blog\/#website\"},\"primaryImageOfPage\":{\"@id\":\"https:\/\/agenciainfra.com\/blog\/enel-rj-pede-na-justica-suspensao-de-processo-sobre-mutuos-na-aneel\/#primaryimage\"},\"image\":{\"@id\":\"https:\/\/agenciainfra.com\/blog\/enel-rj-pede-na-justica-suspensao-de-processo-sobre-mutuos-na-aneel\/#primaryimage\"},\"thumbnailUrl\":\"https:\/\/agenciainfra.com\/blog\/wp-content\/uploads\/2022\/05\/enel-divulgacao-e1771018989275.jpg\",\"datePublished\":\"2025-10-20T20:34:16+00:00\",\"dateModified\":\"2025-10-21T15:46:50+00:00\",\"breadcrumb\":{\"@id\":\"https:\/\/agenciainfra.com\/blog\/enel-rj-pede-na-justica-suspensao-de-processo-sobre-mutuos-na-aneel\/#breadcrumb\"},\"inLanguage\":\"pt-BR\",\"potentialAction\":[{\"@type\":\"ReadAction\",\"target\":[\"https:\/\/agenciainfra.com\/blog\/enel-rj-pede-na-justica-suspensao-de-processo-sobre-mutuos-na-aneel\/\"]}]},{\"@type\":\"ImageObject\",\"inLanguage\":\"pt-BR\",\"@id\":\"https:\/\/agenciainfra.com\/blog\/enel-rj-pede-na-justica-suspensao-de-processo-sobre-mutuos-na-aneel\/#primaryimage\",\"url\":\"https:\/\/agenciainfra.com\/blog\/wp-content\/uploads\/2022\/05\/enel-divulgacao-e1771018989275.jpg\",\"contentUrl\":\"https:\/\/agenciainfra.com\/blog\/wp-content\/uploads\/2022\/05\/enel-divulgacao-e1771018989275.jpg\",\"width\":1280,\"height\":853,\"caption\":\"Foto: Enel\"},{\"@type\":\"BreadcrumbList\",\"@id\":\"https:\/\/agenciainfra.com\/blog\/enel-rj-pede-na-justica-suspensao-de-processo-sobre-mutuos-na-aneel\/#breadcrumb\",\"itemListElement\":[{\"@type\":\"ListItem\",\"position\":1,\"name\":\"In\u00edcio\",\"item\":\"https:\/\/agenciainfra.com\/blog\/\"},{\"@type\":\"ListItem\",\"position\":2,\"name\":\"Enel RJ pede na Justi\u00e7a suspens\u00e3o de processo sobre m\u00fatuos na ANEEL\"}]},{\"@type\":\"WebSite\",\"@id\":\"https:\/\/agenciainfra.com\/blog\/#website\",\"url\":\"https:\/\/agenciainfra.com\/blog\/\",\"name\":\"Ag\u00eancia iNFRA\",\"description\":\"Multiplataforma de informa\u00e7\u00e3o jornal\u00edstica refer\u00eancia na \u00e1rea de infraestrutura no Brasil!\",\"publisher\":{\"@id\":\"https:\/\/agenciainfra.com\/blog\/#organization\"},\"potentialAction\":[{\"@type\":\"SearchAction\",\"target\":{\"@type\":\"EntryPoint\",\"urlTemplate\":\"https:\/\/agenciainfra.com\/blog\/?s={search_term_string}\"},\"query-input\":{\"@type\":\"PropertyValueSpecification\",\"valueRequired\":true,\"valueName\":\"search_term_string\"}}],\"inLanguage\":\"pt-BR\"},{\"@type\":\"Organization\",\"@id\":\"https:\/\/agenciainfra.com\/blog\/#organization\",\"name\":\"Ag\u00eancia iNFRA\",\"url\":\"https:\/\/agenciainfra.com\/blog\/\",\"logo\":{\"@type\":\"ImageObject\",\"inLanguage\":\"pt-BR\",\"@id\":\"https:\/\/agenciainfra.com\/blog\/#\/schema\/logo\/image\/\",\"url\":\"https:\/\/agenciainfra.com\/blog\/wp-content\/uploads\/2023\/09\/iNFRA_5-e1761735885940.png\",\"contentUrl\":\"https:\/\/agenciainfra.com\/blog\/wp-content\/uploads\/2023\/09\/iNFRA_5-e1761735885940.png\",\"width\":1672,\"height\":454,\"caption\":\"Ag\u00eancia iNFRA\"},\"image\":{\"@id\":\"https:\/\/agenciainfra.com\/blog\/#\/schema\/logo\/image\/\"},\"sameAs\":[\"https:\/\/www.facebook.com\/ageninfra\",\"https:\/\/x.com\/agencia_infra\",\"https:\/\/www.linkedin.com\/company\/ag\u00eanciainfra\/\",\"https:\/\/www.instagram.com\/agenciainfra\/\"]},{\"@type\":\"Person\",\"@id\":\"https:\/\/agenciainfra.com\/blog\/#\/schema\/person\/34af08dff6adea4cb22b06612ba7acfa\",\"name\":\"Ag\u00eancia iNFRA\",\"image\":{\"@type\":\"ImageObject\",\"inLanguage\":\"pt-BR\",\"@id\":\"https:\/\/agenciainfra.com\/blog\/#\/schema\/person\/image\/\",\"url\":\"https:\/\/secure.gravatar.com\/avatar\/d189e01678f06d8eb84d4e01f08eb848b3fffe3f8443818d3c356c66892f5be8?s=96&d=mm&r=g\",\"contentUrl\":\"https:\/\/secure.gravatar.com\/avatar\/d189e01678f06d8eb84d4e01f08eb848b3fffe3f8443818d3c356c66892f5be8?s=96&d=mm&r=g\",\"caption\":\"Ag\u00eancia iNFRA\"},\"url\":\"https:\/\/agenciainfra.com\/blog\/author\/admin\/\"}]}<\/script>\n<!-- \/ Yoast SEO Premium plugin. -->","yoast_head_json":{"title":"Enel RJ pede na Justi\u00e7a suspens\u00e3o de processo sobre m\u00fatuos na ANEEL - Ag\u00eancia iNFRA","robots":{"index":"index","follow":"follow","max-snippet":"max-snippet:-1","max-image-preview":"max-image-preview:large","max-video-preview":"max-video-preview:-1"},"canonical":"https:\/\/agenciainfra.com\/blog\/enel-rj-pede-na-justica-suspensao-de-processo-sobre-mutuos-na-aneel\/","og_locale":"pt_BR","og_type":"article","og_title":"Enel RJ pede na Justi\u00e7a suspens\u00e3o de processo sobre m\u00fatuos na ANEEL","og_description":"da Ag\u00eancia iNFRA A Enel Rio de Janeiro entrou com pedido de liminar na Justi\u00e7a pela retirada de processo sobre os empr\u00e9stimos realizados entre empresas do mesmo grupo (conhecidos no mercado como \u201cm\u00fatuos\u201d) da pauta da reuni\u00e3o de diretoria da ANEEL (Ag\u00eancia Nacional de Energia El\u00e9trica) desta ter\u00e7a-feira (21). O relator, Fernando Mosna, diz em [&hellip;]","og_url":"https:\/\/agenciainfra.com\/blog\/enel-rj-pede-na-justica-suspensao-de-processo-sobre-mutuos-na-aneel\/","og_site_name":"Ag\u00eancia iNFRA","article_publisher":"https:\/\/www.facebook.com\/ageninfra","article_published_time":"2025-10-20T20:34:16+00:00","article_modified_time":"2025-10-21T15:46:50+00:00","og_image":[{"width":1300,"height":866,"url":"https:\/\/agenciainfra.com\/blog\/wp-content\/uploads\/2022\/05\/enel-divulgacao.jpg","type":"image\/jpeg"}],"author":"Ag\u00eancia iNFRA","twitter_card":"summary_large_image","twitter_creator":"@agencia_infra","twitter_site":"@agencia_infra","twitter_misc":{"Escrito por":"Ag\u00eancia iNFRA","Est. tempo de leitura":"1 minuto"},"schema":{"@context":"https:\/\/schema.org","@graph":[{"@type":"Article","@id":"https:\/\/agenciainfra.com\/blog\/enel-rj-pede-na-justica-suspensao-de-processo-sobre-mutuos-na-aneel\/#article","isPartOf":{"@id":"https:\/\/agenciainfra.com\/blog\/enel-rj-pede-na-justica-suspensao-de-processo-sobre-mutuos-na-aneel\/"},"author":{"name":"Ag\u00eancia iNFRA","@id":"https:\/\/agenciainfra.com\/blog\/#\/schema\/person\/34af08dff6adea4cb22b06612ba7acfa"},"headline":"Enel RJ pede na Justi\u00e7a suspens\u00e3o de processo sobre m\u00fatuos na ANEEL","datePublished":"2025-10-20T20:34:16+00:00","dateModified":"2025-10-21T15:46:50+00:00","mainEntityOfPage":{"@id":"https:\/\/agenciainfra.com\/blog\/enel-rj-pede-na-justica-suspensao-de-processo-sobre-mutuos-na-aneel\/"},"wordCount":210,"publisher":{"@id":"https:\/\/agenciainfra.com\/blog\/#organization"},"image":{"@id":"https:\/\/agenciainfra.com\/blog\/enel-rj-pede-na-justica-suspensao-de-processo-sobre-mutuos-na-aneel\/#primaryimage"},"thumbnailUrl":"https:\/\/agenciainfra.com\/blog\/wp-content\/uploads\/2022\/05\/enel-divulgacao-e1771018989275.jpg","keywords":["ANEEL","Enel RJ","Enel S\u00e3o Paulo","Fernando Mosna","grupo Enel"],"articleSection":["iNFRAEnergia"],"inLanguage":"pt-BR","copyrightYear":"2025","copyrightHolder":{"@id":"https:\/\/agenciainfra.com\/blog\/#organization"}},{"@type":"WebPage","@id":"https:\/\/agenciainfra.com\/blog\/enel-rj-pede-na-justica-suspensao-de-processo-sobre-mutuos-na-aneel\/","url":"https:\/\/agenciainfra.com\/blog\/enel-rj-pede-na-justica-suspensao-de-processo-sobre-mutuos-na-aneel\/","name":"Enel RJ pede na Justi\u00e7a suspens\u00e3o de processo sobre m\u00fatuos na ANEEL - Ag\u00eancia iNFRA","isPartOf":{"@id":"https:\/\/agenciainfra.com\/blog\/#website"},"primaryImageOfPage":{"@id":"https:\/\/agenciainfra.com\/blog\/enel-rj-pede-na-justica-suspensao-de-processo-sobre-mutuos-na-aneel\/#primaryimage"},"image":{"@id":"https:\/\/agenciainfra.com\/blog\/enel-rj-pede-na-justica-suspensao-de-processo-sobre-mutuos-na-aneel\/#primaryimage"},"thumbnailUrl":"https:\/\/agenciainfra.com\/blog\/wp-content\/uploads\/2022\/05\/enel-divulgacao-e1771018989275.jpg","datePublished":"2025-10-20T20:34:16+00:00","dateModified":"2025-10-21T15:46:50+00:00","breadcrumb":{"@id":"https:\/\/agenciainfra.com\/blog\/enel-rj-pede-na-justica-suspensao-de-processo-sobre-mutuos-na-aneel\/#breadcrumb"},"inLanguage":"pt-BR","potentialAction":[{"@type":"ReadAction","target":["https:\/\/agenciainfra.com\/blog\/enel-rj-pede-na-justica-suspensao-de-processo-sobre-mutuos-na-aneel\/"]}]},{"@type":"ImageObject","inLanguage":"pt-BR","@id":"https:\/\/agenciainfra.com\/blog\/enel-rj-pede-na-justica-suspensao-de-processo-sobre-mutuos-na-aneel\/#primaryimage","url":"https:\/\/agenciainfra.com\/blog\/wp-content\/uploads\/2022\/05\/enel-divulgacao-e1771018989275.jpg","contentUrl":"https:\/\/agenciainfra.com\/blog\/wp-content\/uploads\/2022\/05\/enel-divulgacao-e1771018989275.jpg","width":1280,"height":853,"caption":"Foto: Enel"},{"@type":"BreadcrumbList","@id":"https:\/\/agenciainfra.com\/blog\/enel-rj-pede-na-justica-suspensao-de-processo-sobre-mutuos-na-aneel\/#breadcrumb","itemListElement":[{"@type":"ListItem","position":1,"name":"In\u00edcio","item":"https:\/\/agenciainfra.com\/blog\/"},{"@type":"ListItem","position":2,"name":"Enel RJ pede na Justi\u00e7a suspens\u00e3o de processo sobre m\u00fatuos na ANEEL"}]},{"@type":"WebSite","@id":"https:\/\/agenciainfra.com\/blog\/#website","url":"https:\/\/agenciainfra.com\/blog\/","name":"Ag\u00eancia iNFRA","description":"Multiplataforma de informa\u00e7\u00e3o jornal\u00edstica refer\u00eancia na \u00e1rea de infraestrutura no Brasil!","publisher":{"@id":"https:\/\/agenciainfra.com\/blog\/#organization"},"potentialAction":[{"@type":"SearchAction","target":{"@type":"EntryPoint","urlTemplate":"https:\/\/agenciainfra.com\/blog\/?s={search_term_string}"},"query-input":{"@type":"PropertyValueSpecification","valueRequired":true,"valueName":"search_term_string"}}],"inLanguage":"pt-BR"},{"@type":"Organization","@id":"https:\/\/agenciainfra.com\/blog\/#organization","name":"Ag\u00eancia iNFRA","url":"https:\/\/agenciainfra.com\/blog\/","logo":{"@type":"ImageObject","inLanguage":"pt-BR","@id":"https:\/\/agenciainfra.com\/blog\/#\/schema\/logo\/image\/","url":"https:\/\/agenciainfra.com\/blog\/wp-content\/uploads\/2023\/09\/iNFRA_5-e1761735885940.png","contentUrl":"https:\/\/agenciainfra.com\/blog\/wp-content\/uploads\/2023\/09\/iNFRA_5-e1761735885940.png","width":1672,"height":454,"caption":"Ag\u00eancia iNFRA"},"image":{"@id":"https:\/\/agenciainfra.com\/blog\/#\/schema\/logo\/image\/"},"sameAs":["https:\/\/www.facebook.com\/ageninfra","https:\/\/x.com\/agencia_infra","https:\/\/www.linkedin.com\/company\/ag\u00eanciainfra\/","https:\/\/www.instagram.com\/agenciainfra\/"]},{"@type":"Person","@id":"https:\/\/agenciainfra.com\/blog\/#\/schema\/person\/34af08dff6adea4cb22b06612ba7acfa","name":"Ag\u00eancia iNFRA","image":{"@type":"ImageObject","inLanguage":"pt-BR","@id":"https:\/\/agenciainfra.com\/blog\/#\/schema\/person\/image\/","url":"https:\/\/secure.gravatar.com\/avatar\/d189e01678f06d8eb84d4e01f08eb848b3fffe3f8443818d3c356c66892f5be8?s=96&d=mm&r=g","contentUrl":"https:\/\/secure.gravatar.com\/avatar\/d189e01678f06d8eb84d4e01f08eb848b3fffe3f8443818d3c356c66892f5be8?s=96&d=mm&r=g","caption":"Ag\u00eancia iNFRA"},"url":"https:\/\/agenciainfra.com\/blog\/author\/admin\/"}]}},"_links":{"self":[{"href":"https:\/\/agenciainfra.com\/blog\/wp-json\/wp\/v2\/posts\/30146","targetHints":{"allow":["GET"]}}],"collection":[{"href":"https:\/\/agenciainfra.com\/blog\/wp-json\/wp\/v2\/posts"}],"about":[{"href":"https:\/\/agenciainfra.com\/blog\/wp-json\/wp\/v2\/types\/post"}],"author":[{"embeddable":true,"href":"https:\/\/agenciainfra.com\/blog\/wp-json\/wp\/v2\/users\/1"}],"replies":[{"embeddable":true,"href":"https:\/\/agenciainfra.com\/blog\/wp-json\/wp\/v2\/comments?post=30146"}],"version-history":[{"count":1,"href":"https:\/\/agenciainfra.com\/blog\/wp-json\/wp\/v2\/posts\/30146\/revisions"}],"predecessor-version":[{"id":30148,"href":"https:\/\/agenciainfra.com\/blog\/wp-json\/wp\/v2\/posts\/30146\/revisions\/30148"}],"wp:featuredmedia":[{"embeddable":true,"href":"https:\/\/agenciainfra.com\/blog\/wp-json\/wp\/v2\/media\/10277"}],"wp:attachment":[{"href":"https:\/\/agenciainfra.com\/blog\/wp-json\/wp\/v2\/media?parent=30146"}],"wp:term":[{"taxonomy":"category","embeddable":true,"href":"https:\/\/agenciainfra.com\/blog\/wp-json\/wp\/v2\/categories?post=30146"},{"taxonomy":"post_tag","embeddable":true,"href":"https:\/\/agenciainfra.com\/blog\/wp-json\/wp\/v2\/tags?post=30146"}],"curies":[{"name":"wp","href":"https:\/\/api.w.org\/{rel}","templated":true}]}}