{"id":30166,"date":"2025-10-20T18:48:16","date_gmt":"2025-10-20T21:48:16","guid":{"rendered":"https:\/\/agenciainfra.com\/blog\/?p=30166"},"modified":"2025-10-21T12:53:00","modified_gmt":"2025-10-21T15:53:00","slug":"amapa-aposta-no-setor-de-oleo-e-gas-como-nova-matriz-economica","status":"publish","type":"post","link":"https:\/\/agenciainfra.com\/blog\/amapa-aposta-no-setor-de-oleo-e-gas-como-nova-matriz-economica\/","title":{"rendered":"Amap\u00e1 aposta no setor de \u00f3leo e g\u00e1s como nova matriz econ\u00f4mica"},"content":{"rendered":"\n<p class=\"has-text-align-right\"><strong>Marisa Wanzeller, da Ag\u00eancia iNFRA<\/strong><\/p>\n\n\n\n<p>A licen\u00e7a ambiental obtida pela Petrobras nesta segunda-feira (20) para pesquisas de explora\u00e7\u00e3o na Margem Equatorial representa o in\u00edcio de uma nova matriz econ\u00f4mica para o Amap\u00e1. A avalia\u00e7\u00e3o \u00e9 do governador Cl\u00e9cio Luis (Solidariedade), que disse \u00e0 <strong>Ag\u00eancia iNFRA<\/strong> mirar na atra\u00e7\u00e3o de mais empresas do setor de \u00f3leo e g\u00e1s para o estado.&nbsp;<\/p>\n\n\n\n<p>Para que a aposta se concretize, o governo tem participado de f\u00f3runs nacionais e internacionais e apresentado benef\u00edcios do Amap\u00e1 para o setor. Segundo o governador, o estado acumula programas de incentivos fiscais que garantem uma redu\u00e7\u00e3o de custos em 40% para empresas do ramo interessadas em se instalar no estado, dentre eles est\u00e3o: Repetro (regime especial aduaneiro), Suframa (Zona Franca de Manaus), corredores especiais de importa\u00e7\u00e3o e regimes especiais de ICMS (Imposto sobre Circula\u00e7\u00e3o de Mercadorias e Servi\u00e7os),&nbsp;<\/p>\n\n\n\n<p>\u201cO Amap\u00e1 ganha uma nova matriz econ\u00f4mica, e n\u00e3o \u00e9 qualquer matriz, \u00e9 uma matriz econ\u00f4mica poderosa, capaz de construir novas receitas, por exemplo, atrav\u00e9s de royalties&#8221;, afirmou Cl\u00e9cio Luis. Ele destaca que esses valores, que s\u00e3o pagos pelas empresas como compensa\u00e7\u00e3o financeira pela explora\u00e7\u00e3o dos recursos, ser\u00e3o destinados para investimentos em infraestrutura e, at\u00e9 mesmo, em prote\u00e7\u00e3o ambiental.<\/p>\n\n\n\n<p>O governador aponta que o aquecimento da economia local j\u00e1 come\u00e7ar\u00e1 com as pesquisas, que ter\u00e3o in\u00edcio imediato com a libera\u00e7\u00e3o do licenciamento ambiental pelo Ibama. \u201cS\u00f3 a\u00ed j\u00e1 movimenta mais empregos e insumos para que essa atividade possa acontecer nos pr\u00f3ximos cinco, seis meses&#8221;, afirmou.<\/p>\n\n\n\n<p>Dentre as medidas tomadas pelo governo estadual, est\u00e1 o fomento de novos cursos de gradua\u00e7\u00e3o nas universidades e institutos estaduais e federais localizadas no estado, voltados \u00e0s atividades de explora\u00e7\u00e3o petrol\u00edfera. As necessidades da ind\u00fastria foram mapeadas e abrangem cursos como Engenharia Qu\u00edmica, Engenharia de Produ\u00e7\u00e3o e Engenharia Mec\u00e2nica.&nbsp;<\/p>\n\n\n\n<p>Segundo Cl\u00e9cio Luis, algumas tratativas tamb\u00e9m foram adiantadas para que a pr\u00f3pria Universidade Petrobras possa realizar conv\u00eanios com as institui\u00e7\u00f5es locais e ajudar no preparo de novos profissionais do ramo. \u201c\u00c9 a Petrobras trazer para c\u00e1 os maiores especialistas do Brasil em \u00f3leo e g\u00e1s para formar os nossos quadros para que daqui a cinco ou oito anos, quando come\u00e7ar efetivamente a produ\u00e7\u00e3o, a gente tenha t\u00e9cnicos aqui tamb\u00e9m&#8221;, disse o governador.&nbsp;<\/p>\n","protected":false},"excerpt":{"rendered":"<p>Marisa Wanzeller, da Ag\u00eancia iNFRA A licen\u00e7a ambiental obtida pela Petrobras nesta segunda-feira (20) para pesquisas de explora\u00e7\u00e3o na Margem Equatorial representa o in\u00edcio de uma nova matriz econ\u00f4mica para o Amap\u00e1. A avalia\u00e7\u00e3o \u00e9 do governador Cl\u00e9cio Luis (Solidariedade), que disse \u00e0 Ag\u00eancia iNFRA mirar na atra\u00e7\u00e3o de mais empresas do setor de \u00f3leo [&hellip;]<\/p>\n","protected":false},"author":1,"featured_media":30169,"comment_status":"closed","ping_status":"closed","sticky":false,"template":"","format":"standard","meta":{"_monsterinsights_skip_tracking":false,"_monsterinsights_sitenote_active":false,"_monsterinsights_sitenote_note":"","_monsterinsights_sitenote_category":0,"footnotes":""},"categories":[13271],"tags":[7796,16296,16295,13269,7366,143],"class_list":["post-30166","post","type-post","status-publish","format-standard","has-post-thumbnail","hentry","category-oleo-gas","tag-clecio-luis","tag-governador-do-amapa","tag-governo-do-amapa","tag-margem-equatorial","tag-marisa-wanzeller","tag-petrobras"],"yoast_head":"<!-- This site is optimized with the Yoast SEO Premium plugin v25.4 (Yoast SEO v26.0) - https:\/\/yoast.com\/wordpress\/plugins\/seo\/ -->\n<title>Amap\u00e1 aposta no setor de \u00f3leo e g\u00e1s como nova matriz econ\u00f4mica - Ag\u00eancia iNFRA<\/title>\n<meta name=\"robots\" content=\"index, follow, max-snippet:-1, max-image-preview:large, max-video-preview:-1\" \/>\n<link rel=\"canonical\" href=\"https:\/\/agenciainfra.com\/blog\/amapa-aposta-no-setor-de-oleo-e-gas-como-nova-matriz-economica\/\" \/>\n<meta property=\"og:locale\" content=\"pt_BR\" \/>\n<meta property=\"og:type\" content=\"article\" \/>\n<meta property=\"og:title\" content=\"Amap\u00e1 aposta no setor de \u00f3leo e g\u00e1s como nova matriz econ\u00f4mica\" \/>\n<meta property=\"og:description\" content=\"Marisa Wanzeller, da Ag\u00eancia iNFRA A licen\u00e7a ambiental obtida pela Petrobras nesta segunda-feira (20) para pesquisas de explora\u00e7\u00e3o na Margem Equatorial representa o in\u00edcio de uma nova matriz econ\u00f4mica para o Amap\u00e1. A avalia\u00e7\u00e3o \u00e9 do governador Cl\u00e9cio Luis (Solidariedade), que disse \u00e0 Ag\u00eancia iNFRA mirar na atra\u00e7\u00e3o de mais empresas do setor de \u00f3leo [&hellip;]\" \/>\n<meta property=\"og:url\" content=\"https:\/\/agenciainfra.com\/blog\/amapa-aposta-no-setor-de-oleo-e-gas-como-nova-matriz-economica\/\" \/>\n<meta property=\"og:site_name\" content=\"Ag\u00eancia iNFRA\" \/>\n<meta property=\"article:publisher\" content=\"https:\/\/www.facebook.com\/ageninfra\" \/>\n<meta property=\"article:published_time\" content=\"2025-10-20T21:48:16+00:00\" \/>\n<meta property=\"article:modified_time\" content=\"2025-10-21T15:53:00+00:00\" \/>\n<meta property=\"og:image\" content=\"https:\/\/agenciainfra.com\/blog\/wp-content\/uploads\/2025\/10\/20250926145730-GF00016555-F00206207-scaled.jpg\" \/>\n\t<meta property=\"og:image:width\" content=\"2560\" \/>\n\t<meta property=\"og:image:height\" content=\"1711\" \/>\n\t<meta property=\"og:image:type\" content=\"image\/jpeg\" \/>\n<meta name=\"author\" content=\"Ag\u00eancia iNFRA\" \/>\n<meta name=\"twitter:card\" content=\"summary_large_image\" \/>\n<meta name=\"twitter:creator\" content=\"@agencia_infra\" \/>\n<meta name=\"twitter:site\" content=\"@agencia_infra\" \/>\n<meta name=\"twitter:label1\" content=\"Escrito por\" \/>\n\t<meta name=\"twitter:data1\" content=\"Ag\u00eancia iNFRA\" \/>\n\t<meta name=\"twitter:label2\" content=\"Est. tempo de leitura\" \/>\n\t<meta name=\"twitter:data2\" content=\"2 minutos\" \/>\n<script type=\"application\/ld+json\" class=\"yoast-schema-graph\">{\"@context\":\"https:\/\/schema.org\",\"@graph\":[{\"@type\":\"Article\",\"@id\":\"https:\/\/agenciainfra.com\/blog\/amapa-aposta-no-setor-de-oleo-e-gas-como-nova-matriz-economica\/#article\",\"isPartOf\":{\"@id\":\"https:\/\/agenciainfra.com\/blog\/amapa-aposta-no-setor-de-oleo-e-gas-como-nova-matriz-economica\/\"},\"author\":{\"name\":\"Ag\u00eancia iNFRA\",\"@id\":\"https:\/\/agenciainfra.com\/blog\/#\/schema\/person\/34af08dff6adea4cb22b06612ba7acfa\"},\"headline\":\"Amap\u00e1 aposta no setor de \u00f3leo e g\u00e1s como nova matriz econ\u00f4mica\",\"datePublished\":\"2025-10-20T21:48:16+00:00\",\"dateModified\":\"2025-10-21T15:53:00+00:00\",\"mainEntityOfPage\":{\"@id\":\"https:\/\/agenciainfra.com\/blog\/amapa-aposta-no-setor-de-oleo-e-gas-como-nova-matriz-economica\/\"},\"wordCount\":425,\"publisher\":{\"@id\":\"https:\/\/agenciainfra.com\/blog\/#organization\"},\"image\":{\"@id\":\"https:\/\/agenciainfra.com\/blog\/amapa-aposta-no-setor-de-oleo-e-gas-como-nova-matriz-economica\/#primaryimage\"},\"thumbnailUrl\":\"https:\/\/agenciainfra.com\/blog\/wp-content\/uploads\/2025\/10\/20250926145730-GF00016555-F00206207-scaled.jpg\",\"keywords\":[\"Cl\u00e9cio Luis\",\"governador do Amap\u00e1\",\"Governo do Amap\u00e1\",\"margem equatorial\",\"Marisa Wanzeller\",\"Petrobras\"],\"articleSection\":[\"\u00d3leo &amp; G\u00e1s\"],\"inLanguage\":\"pt-BR\",\"copyrightYear\":\"2025\",\"copyrightHolder\":{\"@id\":\"https:\/\/agenciainfra.com\/blog\/#organization\"}},{\"@type\":\"WebPage\",\"@id\":\"https:\/\/agenciainfra.com\/blog\/amapa-aposta-no-setor-de-oleo-e-gas-como-nova-matriz-economica\/\",\"url\":\"https:\/\/agenciainfra.com\/blog\/amapa-aposta-no-setor-de-oleo-e-gas-como-nova-matriz-economica\/\",\"name\":\"Amap\u00e1 aposta no setor de \u00f3leo e g\u00e1s como nova matriz econ\u00f4mica - Ag\u00eancia iNFRA\",\"isPartOf\":{\"@id\":\"https:\/\/agenciainfra.com\/blog\/#website\"},\"primaryImageOfPage\":{\"@id\":\"https:\/\/agenciainfra.com\/blog\/amapa-aposta-no-setor-de-oleo-e-gas-como-nova-matriz-economica\/#primaryimage\"},\"image\":{\"@id\":\"https:\/\/agenciainfra.com\/blog\/amapa-aposta-no-setor-de-oleo-e-gas-como-nova-matriz-economica\/#primaryimage\"},\"thumbnailUrl\":\"https:\/\/agenciainfra.com\/blog\/wp-content\/uploads\/2025\/10\/20250926145730-GF00016555-F00206207-scaled.jpg\",\"datePublished\":\"2025-10-20T21:48:16+00:00\",\"dateModified\":\"2025-10-21T15:53:00+00:00\",\"breadcrumb\":{\"@id\":\"https:\/\/agenciainfra.com\/blog\/amapa-aposta-no-setor-de-oleo-e-gas-como-nova-matriz-economica\/#breadcrumb\"},\"inLanguage\":\"pt-BR\",\"potentialAction\":[{\"@type\":\"ReadAction\",\"target\":[\"https:\/\/agenciainfra.com\/blog\/amapa-aposta-no-setor-de-oleo-e-gas-como-nova-matriz-economica\/\"]}]},{\"@type\":\"ImageObject\",\"inLanguage\":\"pt-BR\",\"@id\":\"https:\/\/agenciainfra.com\/blog\/amapa-aposta-no-setor-de-oleo-e-gas-como-nova-matriz-economica\/#primaryimage\",\"url\":\"https:\/\/agenciainfra.com\/blog\/wp-content\/uploads\/2025\/10\/20250926145730-GF00016555-F00206207-scaled.jpg\",\"contentUrl\":\"https:\/\/agenciainfra.com\/blog\/wp-content\/uploads\/2025\/10\/20250926145730-GF00016555-F00206207-scaled.jpg\",\"width\":2560,\"height\":1711,\"caption\":\"Foto: Maksuel Martins\/GEA\"},{\"@type\":\"BreadcrumbList\",\"@id\":\"https:\/\/agenciainfra.com\/blog\/amapa-aposta-no-setor-de-oleo-e-gas-como-nova-matriz-economica\/#breadcrumb\",\"itemListElement\":[{\"@type\":\"ListItem\",\"position\":1,\"name\":\"In\u00edcio\",\"item\":\"https:\/\/agenciainfra.com\/blog\/\"},{\"@type\":\"ListItem\",\"position\":2,\"name\":\"Amap\u00e1 aposta no setor de \u00f3leo e g\u00e1s como nova matriz econ\u00f4mica\"}]},{\"@type\":\"WebSite\",\"@id\":\"https:\/\/agenciainfra.com\/blog\/#website\",\"url\":\"https:\/\/agenciainfra.com\/blog\/\",\"name\":\"Ag\u00eancia iNFRA\",\"description\":\"Multiplataforma de informa\u00e7\u00e3o jornal\u00edstica refer\u00eancia na \u00e1rea de infraestrutura no Brasil!\",\"publisher\":{\"@id\":\"https:\/\/agenciainfra.com\/blog\/#organization\"},\"potentialAction\":[{\"@type\":\"SearchAction\",\"target\":{\"@type\":\"EntryPoint\",\"urlTemplate\":\"https:\/\/agenciainfra.com\/blog\/?s={search_term_string}\"},\"query-input\":{\"@type\":\"PropertyValueSpecification\",\"valueRequired\":true,\"valueName\":\"search_term_string\"}}],\"inLanguage\":\"pt-BR\"},{\"@type\":\"Organization\",\"@id\":\"https:\/\/agenciainfra.com\/blog\/#organization\",\"name\":\"Ag\u00eancia iNFRA\",\"url\":\"https:\/\/agenciainfra.com\/blog\/\",\"logo\":{\"@type\":\"ImageObject\",\"inLanguage\":\"pt-BR\",\"@id\":\"https:\/\/agenciainfra.com\/blog\/#\/schema\/logo\/image\/\",\"url\":\"https:\/\/agenciainfra.com\/blog\/wp-content\/uploads\/2023\/09\/iNFRA_5-e1761735885940.png\",\"contentUrl\":\"https:\/\/agenciainfra.com\/blog\/wp-content\/uploads\/2023\/09\/iNFRA_5-e1761735885940.png\",\"width\":1672,\"height\":454,\"caption\":\"Ag\u00eancia iNFRA\"},\"image\":{\"@id\":\"https:\/\/agenciainfra.com\/blog\/#\/schema\/logo\/image\/\"},\"sameAs\":[\"https:\/\/www.facebook.com\/ageninfra\",\"https:\/\/x.com\/agencia_infra\",\"https:\/\/www.linkedin.com\/company\/ag\u00eanciainfra\/\",\"https:\/\/www.instagram.com\/agenciainfra\/\"]},{\"@type\":\"Person\",\"@id\":\"https:\/\/agenciainfra.com\/blog\/#\/schema\/person\/34af08dff6adea4cb22b06612ba7acfa\",\"name\":\"Ag\u00eancia iNFRA\",\"image\":{\"@type\":\"ImageObject\",\"inLanguage\":\"pt-BR\",\"@id\":\"https:\/\/agenciainfra.com\/blog\/#\/schema\/person\/image\/\",\"url\":\"https:\/\/secure.gravatar.com\/avatar\/d189e01678f06d8eb84d4e01f08eb848b3fffe3f8443818d3c356c66892f5be8?s=96&d=mm&r=g\",\"contentUrl\":\"https:\/\/secure.gravatar.com\/avatar\/d189e01678f06d8eb84d4e01f08eb848b3fffe3f8443818d3c356c66892f5be8?s=96&d=mm&r=g\",\"caption\":\"Ag\u00eancia iNFRA\"},\"url\":\"https:\/\/agenciainfra.com\/blog\/author\/admin\/\"}]}<\/script>\n<!-- \/ Yoast SEO Premium plugin. -->","yoast_head_json":{"title":"Amap\u00e1 aposta no setor de \u00f3leo e g\u00e1s como nova matriz econ\u00f4mica - Ag\u00eancia iNFRA","robots":{"index":"index","follow":"follow","max-snippet":"max-snippet:-1","max-image-preview":"max-image-preview:large","max-video-preview":"max-video-preview:-1"},"canonical":"https:\/\/agenciainfra.com\/blog\/amapa-aposta-no-setor-de-oleo-e-gas-como-nova-matriz-economica\/","og_locale":"pt_BR","og_type":"article","og_title":"Amap\u00e1 aposta no setor de \u00f3leo e g\u00e1s como nova matriz econ\u00f4mica","og_description":"Marisa Wanzeller, da Ag\u00eancia iNFRA A licen\u00e7a ambiental obtida pela Petrobras nesta segunda-feira (20) para pesquisas de explora\u00e7\u00e3o na Margem Equatorial representa o in\u00edcio de uma nova matriz econ\u00f4mica para o Amap\u00e1. A avalia\u00e7\u00e3o \u00e9 do governador Cl\u00e9cio Luis (Solidariedade), que disse \u00e0 Ag\u00eancia iNFRA mirar na atra\u00e7\u00e3o de mais empresas do setor de \u00f3leo [&hellip;]","og_url":"https:\/\/agenciainfra.com\/blog\/amapa-aposta-no-setor-de-oleo-e-gas-como-nova-matriz-economica\/","og_site_name":"Ag\u00eancia iNFRA","article_publisher":"https:\/\/www.facebook.com\/ageninfra","article_published_time":"2025-10-20T21:48:16+00:00","article_modified_time":"2025-10-21T15:53:00+00:00","og_image":[{"width":2560,"height":1711,"url":"https:\/\/agenciainfra.com\/blog\/wp-content\/uploads\/2025\/10\/20250926145730-GF00016555-F00206207-scaled.jpg","type":"image\/jpeg"}],"author":"Ag\u00eancia iNFRA","twitter_card":"summary_large_image","twitter_creator":"@agencia_infra","twitter_site":"@agencia_infra","twitter_misc":{"Escrito por":"Ag\u00eancia iNFRA","Est. tempo de leitura":"2 minutos"},"schema":{"@context":"https:\/\/schema.org","@graph":[{"@type":"Article","@id":"https:\/\/agenciainfra.com\/blog\/amapa-aposta-no-setor-de-oleo-e-gas-como-nova-matriz-economica\/#article","isPartOf":{"@id":"https:\/\/agenciainfra.com\/blog\/amapa-aposta-no-setor-de-oleo-e-gas-como-nova-matriz-economica\/"},"author":{"name":"Ag\u00eancia iNFRA","@id":"https:\/\/agenciainfra.com\/blog\/#\/schema\/person\/34af08dff6adea4cb22b06612ba7acfa"},"headline":"Amap\u00e1 aposta no setor de \u00f3leo e g\u00e1s como nova matriz econ\u00f4mica","datePublished":"2025-10-20T21:48:16+00:00","dateModified":"2025-10-21T15:53:00+00:00","mainEntityOfPage":{"@id":"https:\/\/agenciainfra.com\/blog\/amapa-aposta-no-setor-de-oleo-e-gas-como-nova-matriz-economica\/"},"wordCount":425,"publisher":{"@id":"https:\/\/agenciainfra.com\/blog\/#organization"},"image":{"@id":"https:\/\/agenciainfra.com\/blog\/amapa-aposta-no-setor-de-oleo-e-gas-como-nova-matriz-economica\/#primaryimage"},"thumbnailUrl":"https:\/\/agenciainfra.com\/blog\/wp-content\/uploads\/2025\/10\/20250926145730-GF00016555-F00206207-scaled.jpg","keywords":["Cl\u00e9cio Luis","governador do Amap\u00e1","Governo do Amap\u00e1","margem equatorial","Marisa Wanzeller","Petrobras"],"articleSection":["\u00d3leo &amp; G\u00e1s"],"inLanguage":"pt-BR","copyrightYear":"2025","copyrightHolder":{"@id":"https:\/\/agenciainfra.com\/blog\/#organization"}},{"@type":"WebPage","@id":"https:\/\/agenciainfra.com\/blog\/amapa-aposta-no-setor-de-oleo-e-gas-como-nova-matriz-economica\/","url":"https:\/\/agenciainfra.com\/blog\/amapa-aposta-no-setor-de-oleo-e-gas-como-nova-matriz-economica\/","name":"Amap\u00e1 aposta no setor de \u00f3leo e g\u00e1s como nova matriz econ\u00f4mica - Ag\u00eancia iNFRA","isPartOf":{"@id":"https:\/\/agenciainfra.com\/blog\/#website"},"primaryImageOfPage":{"@id":"https:\/\/agenciainfra.com\/blog\/amapa-aposta-no-setor-de-oleo-e-gas-como-nova-matriz-economica\/#primaryimage"},"image":{"@id":"https:\/\/agenciainfra.com\/blog\/amapa-aposta-no-setor-de-oleo-e-gas-como-nova-matriz-economica\/#primaryimage"},"thumbnailUrl":"https:\/\/agenciainfra.com\/blog\/wp-content\/uploads\/2025\/10\/20250926145730-GF00016555-F00206207-scaled.jpg","datePublished":"2025-10-20T21:48:16+00:00","dateModified":"2025-10-21T15:53:00+00:00","breadcrumb":{"@id":"https:\/\/agenciainfra.com\/blog\/amapa-aposta-no-setor-de-oleo-e-gas-como-nova-matriz-economica\/#breadcrumb"},"inLanguage":"pt-BR","potentialAction":[{"@type":"ReadAction","target":["https:\/\/agenciainfra.com\/blog\/amapa-aposta-no-setor-de-oleo-e-gas-como-nova-matriz-economica\/"]}]},{"@type":"ImageObject","inLanguage":"pt-BR","@id":"https:\/\/agenciainfra.com\/blog\/amapa-aposta-no-setor-de-oleo-e-gas-como-nova-matriz-economica\/#primaryimage","url":"https:\/\/agenciainfra.com\/blog\/wp-content\/uploads\/2025\/10\/20250926145730-GF00016555-F00206207-scaled.jpg","contentUrl":"https:\/\/agenciainfra.com\/blog\/wp-content\/uploads\/2025\/10\/20250926145730-GF00016555-F00206207-scaled.jpg","width":2560,"height":1711,"caption":"Foto: Maksuel Martins\/GEA"},{"@type":"BreadcrumbList","@id":"https:\/\/agenciainfra.com\/blog\/amapa-aposta-no-setor-de-oleo-e-gas-como-nova-matriz-economica\/#breadcrumb","itemListElement":[{"@type":"ListItem","position":1,"name":"In\u00edcio","item":"https:\/\/agenciainfra.com\/blog\/"},{"@type":"ListItem","position":2,"name":"Amap\u00e1 aposta no setor de \u00f3leo e g\u00e1s como nova matriz econ\u00f4mica"}]},{"@type":"WebSite","@id":"https:\/\/agenciainfra.com\/blog\/#website","url":"https:\/\/agenciainfra.com\/blog\/","name":"Ag\u00eancia iNFRA","description":"Multiplataforma de informa\u00e7\u00e3o jornal\u00edstica refer\u00eancia na \u00e1rea de infraestrutura no Brasil!","publisher":{"@id":"https:\/\/agenciainfra.com\/blog\/#organization"},"potentialAction":[{"@type":"SearchAction","target":{"@type":"EntryPoint","urlTemplate":"https:\/\/agenciainfra.com\/blog\/?s={search_term_string}"},"query-input":{"@type":"PropertyValueSpecification","valueRequired":true,"valueName":"search_term_string"}}],"inLanguage":"pt-BR"},{"@type":"Organization","@id":"https:\/\/agenciainfra.com\/blog\/#organization","name":"Ag\u00eancia iNFRA","url":"https:\/\/agenciainfra.com\/blog\/","logo":{"@type":"ImageObject","inLanguage":"pt-BR","@id":"https:\/\/agenciainfra.com\/blog\/#\/schema\/logo\/image\/","url":"https:\/\/agenciainfra.com\/blog\/wp-content\/uploads\/2023\/09\/iNFRA_5-e1761735885940.png","contentUrl":"https:\/\/agenciainfra.com\/blog\/wp-content\/uploads\/2023\/09\/iNFRA_5-e1761735885940.png","width":1672,"height":454,"caption":"Ag\u00eancia iNFRA"},"image":{"@id":"https:\/\/agenciainfra.com\/blog\/#\/schema\/logo\/image\/"},"sameAs":["https:\/\/www.facebook.com\/ageninfra","https:\/\/x.com\/agencia_infra","https:\/\/www.linkedin.com\/company\/ag\u00eanciainfra\/","https:\/\/www.instagram.com\/agenciainfra\/"]},{"@type":"Person","@id":"https:\/\/agenciainfra.com\/blog\/#\/schema\/person\/34af08dff6adea4cb22b06612ba7acfa","name":"Ag\u00eancia iNFRA","image":{"@type":"ImageObject","inLanguage":"pt-BR","@id":"https:\/\/agenciainfra.com\/blog\/#\/schema\/person\/image\/","url":"https:\/\/secure.gravatar.com\/avatar\/d189e01678f06d8eb84d4e01f08eb848b3fffe3f8443818d3c356c66892f5be8?s=96&d=mm&r=g","contentUrl":"https:\/\/secure.gravatar.com\/avatar\/d189e01678f06d8eb84d4e01f08eb848b3fffe3f8443818d3c356c66892f5be8?s=96&d=mm&r=g","caption":"Ag\u00eancia iNFRA"},"url":"https:\/\/agenciainfra.com\/blog\/author\/admin\/"}]}},"_links":{"self":[{"href":"https:\/\/agenciainfra.com\/blog\/wp-json\/wp\/v2\/posts\/30166","targetHints":{"allow":["GET"]}}],"collection":[{"href":"https:\/\/agenciainfra.com\/blog\/wp-json\/wp\/v2\/posts"}],"about":[{"href":"https:\/\/agenciainfra.com\/blog\/wp-json\/wp\/v2\/types\/post"}],"author":[{"embeddable":true,"href":"https:\/\/agenciainfra.com\/blog\/wp-json\/wp\/v2\/users\/1"}],"replies":[{"embeddable":true,"href":"https:\/\/agenciainfra.com\/blog\/wp-json\/wp\/v2\/comments?post=30166"}],"version-history":[{"count":1,"href":"https:\/\/agenciainfra.com\/blog\/wp-json\/wp\/v2\/posts\/30166\/revisions"}],"predecessor-version":[{"id":30170,"href":"https:\/\/agenciainfra.com\/blog\/wp-json\/wp\/v2\/posts\/30166\/revisions\/30170"}],"wp:featuredmedia":[{"embeddable":true,"href":"https:\/\/agenciainfra.com\/blog\/wp-json\/wp\/v2\/media\/30169"}],"wp:attachment":[{"href":"https:\/\/agenciainfra.com\/blog\/wp-json\/wp\/v2\/media?parent=30166"}],"wp:term":[{"taxonomy":"category","embeddable":true,"href":"https:\/\/agenciainfra.com\/blog\/wp-json\/wp\/v2\/categories?post=30166"},{"taxonomy":"post_tag","embeddable":true,"href":"https:\/\/agenciainfra.com\/blog\/wp-json\/wp\/v2\/tags?post=30166"}],"curies":[{"name":"wp","href":"https:\/\/api.w.org\/{rel}","templated":true}]}}