{"id":30172,"date":"2025-10-21T08:19:25","date_gmt":"2025-10-21T11:19:25","guid":{"rendered":"https:\/\/agenciainfra.com\/blog\/?p=30172"},"modified":"2025-10-21T13:05:37","modified_gmt":"2025-10-21T16:05:37","slug":"governo-de-mg-projeta-seis-leiloes-para-o-primeiro-semestre-de-2026","status":"publish","type":"post","link":"https:\/\/agenciainfra.com\/blog\/governo-de-mg-projeta-seis-leiloes-para-o-primeiro-semestre-de-2026\/","title":{"rendered":"Governo de MG projeta seis leil\u00f5es para o primeiro semestre de 2026"},"content":{"rendered":"\n<p class=\"has-text-align-right\"><strong>J\u00falia Schiaffarino, para a Ag\u00eancia iNFRA<\/strong><\/p>\n\n\n\n<p>O governo de Minas Gerais quer realizar seis leil\u00f5es estaduais no primeiro semestre de 2026, envolvendo concess\u00f5es rodovi\u00e1rias, de infraestrutura social e de mobilidade urbana. Quatro projetos ter\u00e3o os editais publicados at\u00e9 dezembro, com os certames no primeiro trimestre de 2026, adiantou o secret\u00e1rio de Infraestrutura, Mobilidade e Parcerias, Pedro Bruno \u00e0&nbsp;<strong>Ag\u00eancia iNFRA<\/strong>. \u201cOs outros dois editais ser\u00e3o publicados no in\u00edcio do ano que vem, com leil\u00f5es no primeiro semestre\u201d, completou.<br><br>Um dos empreendimentos em estrutura\u00e7\u00e3o para o pr\u00f3ximo ano \u00e9 o leil\u00e3o rodovi\u00e1rio do lote 9 Zona da Mata Mineiro. A previs\u00e3o inicial \u00e9 de R$ 8,6 bilh\u00f5es de investimentos (R$ 3,2 bilh\u00f5es de Opex e R$ 5,4 bilh\u00f5es de Capex) para 1,176 mil quil\u00f4metros de rodovias. A concess\u00e3o vai ter impacto sobre 47 munic\u00edpios do sudeste do estado. Entre os trechos de rodovia inclu\u00eddos no projeto est\u00e3o as MGs 167\/350\/457\/353\/280\/285\/162\/447\/133 e as BRs 354 e 267-MG. Esse conjunto de estradas \u00e9 considerado estrat\u00e9gico para escoamento de produ\u00e7\u00e3o agr\u00edcola e industrial.&nbsp;<br><br>J\u00e1 entre os editais que ser\u00e3o lan\u00e7ados ainda neste ano est\u00e1 o da concess\u00e3o do Lote Rodovi\u00e1rio Noroeste, atualmente com consulta p\u00fablica em aberto. O lote possui 767 quil\u00f4metros de estradas (BRs-365\/146\/251-MG; CMG-496 e MGs-408 e 181), com trechos federais cedidos ao estado, e ser\u00e1 repassado \u00e0 iniciativa privada no modelo \u2018puro&#8217;, sem previs\u00e3o de aportes ou contrapresta\u00e7\u00e3o do estado.<br><br>O governo de Minas projeta investimentos de R$ 7,5 bilh\u00f5es para este ativo ao longo de 30 anos. Entre as interven\u00e7\u00f5es a serem feitas pela iniciativa privada est\u00e3o a duplica\u00e7\u00e3o de 79,1 km de estrada e a implanta\u00e7\u00e3o de 70,9 km de acostamentos e 14,6 km de vias marginais. Tamb\u00e9m dever\u00e3o ser pavimentados 110,7 km de trechos atualmente sem asfalto.<br><br>\u201cDentro de uma vis\u00e3o mais ampla de infraestrutura e do foco que o pr\u00f3prio governo federal deu \u00e0s concess\u00f5es federais em Minas Gerais nos \u00faltimos anos, se a gente somar a carteira de investimento das concess\u00f5es rodovi\u00e1rias federais em Minas com a nossa carteira, estamos falando de mais de R$ 100 bilh\u00f5es de reais de investimento em infraestrutura rodovi\u00e1ria em Minas nos pr\u00f3ximos 7 anos\u201d, contabilizou o secret\u00e1rio.&nbsp;<br><br>Para ampliar o portf\u00f3lio de parcerias com a iniciativa privada, o governo ainda aposta em projetos fora do setor rodovi\u00e1rio. Nas contas da Secretaria de Infraestrutura, Mobilidade e Parcerias, os investimentos j\u00e1 contratados ou que ser\u00e3o leiloados ainda somam R$ 14,41 bilh\u00f5es de Capex e R$ 16,77 de Opex, distribu\u00eddos entre os seguintes empreendimentos: balsas de Furnas, concess\u00e3o do Complexo de Sa\u00fade HOpe, terminais metropolitanos, as concess\u00f5es de unidades socioeducativas e servi\u00e7os n\u00e3o pedag\u00f3gicos em escolas estaduais \u2013 al\u00e9m dos lotes rodovi\u00e1rios 7 (Via Liberdade, j\u00e1 leiloado), 8 (Vetor Norte) e 10 (Noroeste), e da ponte de Delfin\u00f3polis. Os valores n\u00e3o incluem a modelagem do lote 9, j\u00e1 que os detalhes ainda est\u00e3o sendo fechados.<br>&nbsp;<br><strong>Ciclo pol\u00edtico<\/strong><br>A meta de realizar seis leil\u00f5es at\u00e9 o primeiro semestre de 2026 reflete a preocupa\u00e7\u00e3o do governo mineiro em fazer com que as concess\u00f5es j\u00e1 estruturadas sejam conclu\u00eddas dentro do atual ciclo pol\u00edtico. Segundo o secret\u00e1rio de Infraestrutura, h\u00e1 um \u201csenso de urg\u00eancia\u201d na condu\u00e7\u00e3o das etapas. \u201cH\u00e1 uma corrida nesta reta final de mandato para entregarmos esses seis leil\u00f5es\u201d, afirmou. Em seu segundo mandato, o atual governador de Minas, Romeu Zema (Novo), lan\u00e7ou em agosto pr\u00e9-candidatura \u00e0 Presid\u00eancia da Rep\u00fablica. Seu vice, Matheus Sim\u00f5es, \u00e9 cotado como poss\u00edvel nome para disputar o cargo no pr\u00f3ximo ano com apoio de Zema.<br><br>Para realizar a previs\u00e3o de certames antes do segundo semestre \u2013 marcado pelo pleito eleitoral \u2013, al\u00e9m da busca por investidores, a orienta\u00e7\u00e3o \u00e0s equipes respons\u00e1veis pelos projetos \u00e9 intensificar o di\u00e1logo pol\u00edtico e institucional em torno das propostas, disse Pedro Bruno.<br><br>\u201cTemos uma vis\u00e3o muito clara: para que uma Parceria P\u00fablico-Privada seja efetiva, \u00e9 preciso di\u00e1logo \u2013 com as lideran\u00e7as pol\u00edticas, com o poder p\u00fablico local e com o setor privado. Colocamos o p\u00e9 na estrada para garantir isso. Esse \u00e9 um dos segredos do sucesso do programa mineiro de concess\u00f5es\u201d, afirmou.<br><br>Atualmente, s\u00e3o sete contratos vigentes de concess\u00e3o rodovi\u00e1ria no \u00e2mbito do governo de Minas, dos quais, cinco foram leil\u00f5es realizados dentro da gest\u00e3o Romeu Zema.&nbsp;<br><br><strong>Ouro Preto-Mariana&nbsp;<\/strong><br>Os leil\u00f5es dos lotes Zona da Mata e Noroeste Mineiro, previstos para o pr\u00f3ximo ano, somam-se ao certame da Ouro Preto-Mariana, conclu\u00eddo em setembro, compondo a terceira rodada do Programa de Concess\u00f5es Rodovi\u00e1rias de Minas Gerais.&nbsp;<br><br>A concess\u00e3o do Lote 7 Ouro Preto-Mariana (Via Liberdade) est\u00e1 em final de habilita\u00e7\u00e3o antes de seguir para homologa\u00e7\u00e3o e assinatura do contrato e, de acordo com&nbsp;Pedro Bruno, o resultado do leil\u00e3o foi \u201csatisfat\u00f3rio\u201d. O projeto conta com um aporte de R$ 2 bilh\u00f5es provenientes do acordo de repara\u00e7\u00e3o da trag\u00e9dia de Mariana e mais&nbsp;R$ 4 bilh\u00f5es de investimentos. Essa concess\u00e3o, em forma de PPP, ser\u00e1 administrada pelo cons\u00f3rcio Rota da Liberdade, liderado pela construtora Metropolitana. &nbsp;<br><br>\u201cDuplicar todo aquele trecho, em uma regi\u00e3o de topografia de serra, n\u00e3o \u00e9 uma obra trivial. Desde o in\u00edcio, sab\u00edamos que seria necess\u00e1ria a participa\u00e7\u00e3o de construtoras com alta expertise em engenharia, e o resultado confirmou isso: o cons\u00f3rcio vencedor re\u00fane seis grandes empresas do setor\u201d, avaliou o secret\u00e1rio. A proposta vencedora apresentou um des\u00e1gio de 13,20%.<br><br>O projeto foi elaborado em parceria com o BID e recebeu o selo internacional FAST-Infra, tornando-se o primeiro do pa\u00eds, na categoria de concess\u00e3o rodovi\u00e1ria, reconhecido por boas pr\u00e1ticas em sa\u00fade e seguran\u00e7a vi\u00e1ria. Do total de investimentos, R$ 1,61 bilh\u00e3o ser\u00e1 para melhorias de seguran\u00e7a com a duplica\u00e7\u00e3o integral da BR-356, ado\u00e7\u00e3o do ped\u00e1gio eletr\u00f4nico free flow, pesagem din\u00e2mica e indicadores baseados na metodologia iRAP.&nbsp;<br><br>Outro aspecto desta concess\u00e3o \u00e9 que ela marcou o in\u00edcio dos trabalhos da Artemig (Ag\u00eancia Reguladora de Transportes de Minas Gerais). Segundo o secret\u00e1rio de Infraestrutura e Mobilidade, parte da modelagem adotada na concess\u00e3o da rodovia Ouro Preto-Mariana dever\u00e1 servir de refer\u00eancia para os pr\u00f3ximos editais, sobretudo no que se refere \u00e0s ferramentas de sustentabilidade, inova\u00e7\u00e3o tecnol\u00f3gica e seguran\u00e7a vi\u00e1ria incorporadas ao contrato.<br><br>\u201cHoje n\u00f3s temos um padr\u00e3o consolidado de modelagem. \u00c9, sem d\u00favida, o estado da arte das concess\u00f5es rodovi\u00e1rias no Brasil. Todos os projetos seguem a l\u00f3gica do free flow, sem pra\u00e7as de ped\u00e1gio tradicionais, e contam com incentivos regulat\u00f3rios, contratos flex\u00edveis e gatilhos para investimentos conforme a demanda. \u00c9 uma modelagem robusta, bem estruturada e alinhada \u00e0s melhores pr\u00e1ticas do setor\u201d, falou.&nbsp;<br><br>Ele tamb\u00e9m citou aspectos de seguran\u00e7a vi\u00e1ria que entram como diferenciais para as estradas mineiras, marcadas pela alta sinuosidade, como ado\u00e7\u00e3o da barreira New Jersey, que s\u00e3o barreiras de concreto armado e com uma alta absor\u00e7\u00e3o de impacto.<br><br>Com a Artemig, completa Pedro Bruno, o governo de Minas quer levar a discuss\u00e3o das concess\u00f5es estaduais a n\u00edvel nacional. Isso inclui intensificar a agenda de conversas com poss\u00edveis investidores para apresenta\u00e7\u00e3o do pipeline. Na \u00faltima semana, o secret\u00e1rio esteve em S\u00e3o Paulo em conversas bilaterais para apresenta\u00e7\u00e3o do projeto do Lote Noroeste. \u201cNosso foco esses dias foi em rodovia. Nas pr\u00f3ximas semanas teremos uma mesma rodada com foco em educa\u00e7\u00e3o.\u201d<br><br><strong>Demais concess\u00f5es<\/strong><br>Tamb\u00e9m neste ano ser\u00e3o publicados os editais para leil\u00f5es de um conjunto de travessias multimodal nos lagos de Furnas e Mascarenhas de Moraes, ao sul do estado.&nbsp;<br><br>O edital de maior aporte vai prev\u00ea a constru\u00e7\u00e3o de uma ponte entre os munic\u00edpios de Delfin\u00f3polis e C\u00e1ssia, na rodovia LMG-856. A estimativa \u00e9 de R$ 145,9 milh\u00f5es em investimentos. Atualmente, a travessia \u00e9 feita por balsas e o fluxo m\u00e9dio registrado \u00e9 de 800 ve\u00edculos por dia.&nbsp;<br><br>Ao lado dele est\u00e1 a concess\u00e3o de balsas do Lago de Furnas, para moderniza\u00e7\u00e3o e opera\u00e7\u00e3o de sete travessias, com investimento estimado em R$ 19,6 milh\u00f5es. Os munic\u00edpios da regi\u00e3o ficaram dependentes desse tipo de transporte depois do alagamento causado pelas obras da usina. A Eletrobras \u00e9 a atual propriet\u00e1ria das balsas e respons\u00e1vel pela manuten\u00e7\u00e3o dos equipamentos. J\u00e1 o servi\u00e7o \u00e9 operado pelas prefeituras, que alegam limita\u00e7\u00f5es financeiras e t\u00e9cnicas para seguir com a opera\u00e7\u00e3o. Ambos os projetos est\u00e3o em fase de consulta p\u00fablica.<br>&nbsp;<br>Ainda nos editais a serem publicados este ano est\u00e1 um PPP para reforma, manuten\u00e7\u00e3o e servi\u00e7os n\u00e3o pedag\u00f3gicos em 95 escolas estaduais na Regi\u00e3o Metropolitana de Belo Horizonte. O projeto foi constru\u00eddo em parceria com o BNDES (Banco Nacional de Desenvolvimento Econ\u00f4mico e Social). Esta PPP ter\u00e1 dura\u00e7\u00e3o de 25 anos com aporte de R$ 1,03 bilh\u00e3o para obras e R$ 3,5 bilh\u00f5es para opera\u00e7\u00e3o de servi\u00e7os.&nbsp;<br><br>No ano que vem, junto ao leil\u00e3o do Lote Zona da Mata, o estado deve apresentar o edital de uma PPP para administra\u00e7\u00e3o de terminais metropolitanos, com foco na mobilidade urbana.<\/p>\n\n\n\n<p><\/p>\n","protected":false},"excerpt":{"rendered":"<p>J\u00falia Schiaffarino, para a Ag\u00eancia iNFRA O governo de Minas Gerais quer realizar seis leil\u00f5es estaduais no primeiro semestre de 2026, envolvendo concess\u00f5es rodovi\u00e1rias, de infraestrutura social e de mobilidade urbana. Quatro projetos ter\u00e3o os editais publicados at\u00e9 dezembro, com os certames no primeiro trimestre de 2026, adiantou o secret\u00e1rio de Infraestrutura, Mobilidade e Parcerias, [&hellip;]<\/p>\n","protected":false},"author":1,"featured_media":30102,"comment_status":"closed","ping_status":"closed","sticky":false,"template":"","format":"standard","meta":{"_monsterinsights_skip_tracking":false,"_monsterinsights_sitenote_active":false,"_monsterinsights_sitenote_note":"","_monsterinsights_sitenote_category":0,"footnotes":""},"categories":[7],"tags":[16273,16274,11712,15812,254,346,1985,16272,16271],"class_list":["post-30172","post","type-post","status-publish","format-standard","has-post-thumbnail","hentry","category-infratransporte","tag-concessoes-de-minas","tag-concessoes-mineiras","tag-governo-de-mg","tag-julia-schiaffarino","tag-leilao","tag-leiloes","tag-minas-gerais","tag-pedro-bruno-mg","tag-zona-da-mata"],"yoast_head":"<!-- This site is optimized with the Yoast SEO Premium plugin v25.4 (Yoast SEO v26.0) - https:\/\/yoast.com\/wordpress\/plugins\/seo\/ -->\n<title>Governo de MG projeta seis leil\u00f5es para o primeiro semestre de 2026 - Ag\u00eancia iNFRA<\/title>\n<meta name=\"robots\" content=\"index, follow, max-snippet:-1, max-image-preview:large, max-video-preview:-1\" \/>\n<link rel=\"canonical\" href=\"https:\/\/agenciainfra.com\/blog\/governo-de-mg-projeta-seis-leiloes-para-o-primeiro-semestre-de-2026\/\" \/>\n<meta property=\"og:locale\" content=\"pt_BR\" \/>\n<meta property=\"og:type\" content=\"article\" \/>\n<meta property=\"og:title\" content=\"Governo de MG projeta seis leil\u00f5es para o primeiro semestre de 2026\" \/>\n<meta property=\"og:description\" content=\"J\u00falia Schiaffarino, para a Ag\u00eancia iNFRA O governo de Minas Gerais quer realizar seis leil\u00f5es estaduais no primeiro semestre de 2026, envolvendo concess\u00f5es rodovi\u00e1rias, de infraestrutura social e de mobilidade urbana. Quatro projetos ter\u00e3o os editais publicados at\u00e9 dezembro, com os certames no primeiro trimestre de 2026, adiantou o secret\u00e1rio de Infraestrutura, Mobilidade e Parcerias, [&hellip;]\" \/>\n<meta property=\"og:url\" content=\"https:\/\/agenciainfra.com\/blog\/governo-de-mg-projeta-seis-leiloes-para-o-primeiro-semestre-de-2026\/\" \/>\n<meta property=\"og:site_name\" content=\"Ag\u00eancia iNFRA\" \/>\n<meta property=\"article:publisher\" content=\"https:\/\/www.facebook.com\/ageninfra\" \/>\n<meta property=\"article:published_time\" content=\"2025-10-21T11:19:25+00:00\" \/>\n<meta property=\"article:modified_time\" content=\"2025-10-21T16:05:37+00:00\" \/>\n<meta property=\"og:image\" content=\"https:\/\/agenciainfra.com\/blog\/wp-content\/uploads\/2025\/10\/pedro-bruno-govmg-foto-luiz_santana_ALMG.png\" \/>\n\t<meta property=\"og:image:width\" content=\"1000\" \/>\n\t<meta property=\"og:image:height\" content=\"563\" \/>\n\t<meta property=\"og:image:type\" content=\"image\/png\" \/>\n<meta name=\"author\" content=\"Ag\u00eancia iNFRA\" \/>\n<meta name=\"twitter:card\" content=\"summary_large_image\" \/>\n<meta name=\"twitter:creator\" content=\"@agencia_infra\" \/>\n<meta name=\"twitter:site\" content=\"@agencia_infra\" \/>\n<meta name=\"twitter:label1\" content=\"Escrito por\" \/>\n\t<meta name=\"twitter:data1\" content=\"Ag\u00eancia iNFRA\" \/>\n\t<meta name=\"twitter:label2\" content=\"Est. tempo de leitura\" \/>\n\t<meta name=\"twitter:data2\" content=\"8 minutos\" \/>\n<script type=\"application\/ld+json\" class=\"yoast-schema-graph\">{\"@context\":\"https:\/\/schema.org\",\"@graph\":[{\"@type\":\"Article\",\"@id\":\"https:\/\/agenciainfra.com\/blog\/governo-de-mg-projeta-seis-leiloes-para-o-primeiro-semestre-de-2026\/#article\",\"isPartOf\":{\"@id\":\"https:\/\/agenciainfra.com\/blog\/governo-de-mg-projeta-seis-leiloes-para-o-primeiro-semestre-de-2026\/\"},\"author\":{\"name\":\"Ag\u00eancia iNFRA\",\"@id\":\"https:\/\/agenciainfra.com\/blog\/#\/schema\/person\/34af08dff6adea4cb22b06612ba7acfa\"},\"headline\":\"Governo de MG projeta seis leil\u00f5es para o primeiro semestre de 2026\",\"datePublished\":\"2025-10-21T11:19:25+00:00\",\"dateModified\":\"2025-10-21T16:05:37+00:00\",\"mainEntityOfPage\":{\"@id\":\"https:\/\/agenciainfra.com\/blog\/governo-de-mg-projeta-seis-leiloes-para-o-primeiro-semestre-de-2026\/\"},\"wordCount\":1614,\"publisher\":{\"@id\":\"https:\/\/agenciainfra.com\/blog\/#organization\"},\"image\":{\"@id\":\"https:\/\/agenciainfra.com\/blog\/governo-de-mg-projeta-seis-leiloes-para-o-primeiro-semestre-de-2026\/#primaryimage\"},\"thumbnailUrl\":\"https:\/\/agenciainfra.com\/blog\/wp-content\/uploads\/2025\/10\/pedro-bruno-govmg-foto-luiz_santana_ALMG.png\",\"keywords\":[\"concess\u00f5es de minas\",\"concess\u00f5es mineiras\",\"Governo de MG\",\"J\u00falia Schiaffarino\",\"leil\u00e3o\",\"leil\u00f5es\",\"Minas Gerais\",\"Pedro Bruno mg\",\"Zona da Mata\"],\"articleSection\":[\"iNFRATransporte\"],\"inLanguage\":\"pt-BR\",\"copyrightYear\":\"2025\",\"copyrightHolder\":{\"@id\":\"https:\/\/agenciainfra.com\/blog\/#organization\"}},{\"@type\":\"WebPage\",\"@id\":\"https:\/\/agenciainfra.com\/blog\/governo-de-mg-projeta-seis-leiloes-para-o-primeiro-semestre-de-2026\/\",\"url\":\"https:\/\/agenciainfra.com\/blog\/governo-de-mg-projeta-seis-leiloes-para-o-primeiro-semestre-de-2026\/\",\"name\":\"Governo de MG projeta seis leil\u00f5es para o primeiro semestre de 2026 - Ag\u00eancia iNFRA\",\"isPartOf\":{\"@id\":\"https:\/\/agenciainfra.com\/blog\/#website\"},\"primaryImageOfPage\":{\"@id\":\"https:\/\/agenciainfra.com\/blog\/governo-de-mg-projeta-seis-leiloes-para-o-primeiro-semestre-de-2026\/#primaryimage\"},\"image\":{\"@id\":\"https:\/\/agenciainfra.com\/blog\/governo-de-mg-projeta-seis-leiloes-para-o-primeiro-semestre-de-2026\/#primaryimage\"},\"thumbnailUrl\":\"https:\/\/agenciainfra.com\/blog\/wp-content\/uploads\/2025\/10\/pedro-bruno-govmg-foto-luiz_santana_ALMG.png\",\"datePublished\":\"2025-10-21T11:19:25+00:00\",\"dateModified\":\"2025-10-21T16:05:37+00:00\",\"breadcrumb\":{\"@id\":\"https:\/\/agenciainfra.com\/blog\/governo-de-mg-projeta-seis-leiloes-para-o-primeiro-semestre-de-2026\/#breadcrumb\"},\"inLanguage\":\"pt-BR\",\"potentialAction\":[{\"@type\":\"ReadAction\",\"target\":[\"https:\/\/agenciainfra.com\/blog\/governo-de-mg-projeta-seis-leiloes-para-o-primeiro-semestre-de-2026\/\"]}]},{\"@type\":\"ImageObject\",\"inLanguage\":\"pt-BR\",\"@id\":\"https:\/\/agenciainfra.com\/blog\/governo-de-mg-projeta-seis-leiloes-para-o-primeiro-semestre-de-2026\/#primaryimage\",\"url\":\"https:\/\/agenciainfra.com\/blog\/wp-content\/uploads\/2025\/10\/pedro-bruno-govmg-foto-luiz_santana_ALMG.png\",\"contentUrl\":\"https:\/\/agenciainfra.com\/blog\/wp-content\/uploads\/2025\/10\/pedro-bruno-govmg-foto-luiz_santana_ALMG.png\",\"width\":1000,\"height\":563,\"caption\":\"Foto: Luiz Santana\/ALMG\"},{\"@type\":\"BreadcrumbList\",\"@id\":\"https:\/\/agenciainfra.com\/blog\/governo-de-mg-projeta-seis-leiloes-para-o-primeiro-semestre-de-2026\/#breadcrumb\",\"itemListElement\":[{\"@type\":\"ListItem\",\"position\":1,\"name\":\"In\u00edcio\",\"item\":\"https:\/\/agenciainfra.com\/blog\/\"},{\"@type\":\"ListItem\",\"position\":2,\"name\":\"Governo de MG projeta seis leil\u00f5es para o primeiro semestre de 2026\"}]},{\"@type\":\"WebSite\",\"@id\":\"https:\/\/agenciainfra.com\/blog\/#website\",\"url\":\"https:\/\/agenciainfra.com\/blog\/\",\"name\":\"Ag\u00eancia iNFRA\",\"description\":\"Multiplataforma de informa\u00e7\u00e3o jornal\u00edstica refer\u00eancia na \u00e1rea de infraestrutura no Brasil!\",\"publisher\":{\"@id\":\"https:\/\/agenciainfra.com\/blog\/#organization\"},\"potentialAction\":[{\"@type\":\"SearchAction\",\"target\":{\"@type\":\"EntryPoint\",\"urlTemplate\":\"https:\/\/agenciainfra.com\/blog\/?s={search_term_string}\"},\"query-input\":{\"@type\":\"PropertyValueSpecification\",\"valueRequired\":true,\"valueName\":\"search_term_string\"}}],\"inLanguage\":\"pt-BR\"},{\"@type\":\"Organization\",\"@id\":\"https:\/\/agenciainfra.com\/blog\/#organization\",\"name\":\"Ag\u00eancia iNFRA\",\"url\":\"https:\/\/agenciainfra.com\/blog\/\",\"logo\":{\"@type\":\"ImageObject\",\"inLanguage\":\"pt-BR\",\"@id\":\"https:\/\/agenciainfra.com\/blog\/#\/schema\/logo\/image\/\",\"url\":\"https:\/\/agenciainfra.com\/blog\/wp-content\/uploads\/2023\/09\/iNFRA_5-e1761735885940.png\",\"contentUrl\":\"https:\/\/agenciainfra.com\/blog\/wp-content\/uploads\/2023\/09\/iNFRA_5-e1761735885940.png\",\"width\":1672,\"height\":454,\"caption\":\"Ag\u00eancia iNFRA\"},\"image\":{\"@id\":\"https:\/\/agenciainfra.com\/blog\/#\/schema\/logo\/image\/\"},\"sameAs\":[\"https:\/\/www.facebook.com\/ageninfra\",\"https:\/\/x.com\/agencia_infra\",\"https:\/\/www.linkedin.com\/company\/ag\u00eanciainfra\/\",\"https:\/\/www.instagram.com\/agenciainfra\/\"]},{\"@type\":\"Person\",\"@id\":\"https:\/\/agenciainfra.com\/blog\/#\/schema\/person\/34af08dff6adea4cb22b06612ba7acfa\",\"name\":\"Ag\u00eancia iNFRA\",\"image\":{\"@type\":\"ImageObject\",\"inLanguage\":\"pt-BR\",\"@id\":\"https:\/\/agenciainfra.com\/blog\/#\/schema\/person\/image\/\",\"url\":\"https:\/\/secure.gravatar.com\/avatar\/d189e01678f06d8eb84d4e01f08eb848b3fffe3f8443818d3c356c66892f5be8?s=96&d=mm&r=g\",\"contentUrl\":\"https:\/\/secure.gravatar.com\/avatar\/d189e01678f06d8eb84d4e01f08eb848b3fffe3f8443818d3c356c66892f5be8?s=96&d=mm&r=g\",\"caption\":\"Ag\u00eancia iNFRA\"},\"url\":\"https:\/\/agenciainfra.com\/blog\/author\/admin\/\"}]}<\/script>\n<!-- \/ Yoast SEO Premium plugin. -->","yoast_head_json":{"title":"Governo de MG projeta seis leil\u00f5es para o primeiro semestre de 2026 - Ag\u00eancia iNFRA","robots":{"index":"index","follow":"follow","max-snippet":"max-snippet:-1","max-image-preview":"max-image-preview:large","max-video-preview":"max-video-preview:-1"},"canonical":"https:\/\/agenciainfra.com\/blog\/governo-de-mg-projeta-seis-leiloes-para-o-primeiro-semestre-de-2026\/","og_locale":"pt_BR","og_type":"article","og_title":"Governo de MG projeta seis leil\u00f5es para o primeiro semestre de 2026","og_description":"J\u00falia Schiaffarino, para a Ag\u00eancia iNFRA O governo de Minas Gerais quer realizar seis leil\u00f5es estaduais no primeiro semestre de 2026, envolvendo concess\u00f5es rodovi\u00e1rias, de infraestrutura social e de mobilidade urbana. Quatro projetos ter\u00e3o os editais publicados at\u00e9 dezembro, com os certames no primeiro trimestre de 2026, adiantou o secret\u00e1rio de Infraestrutura, Mobilidade e Parcerias, [&hellip;]","og_url":"https:\/\/agenciainfra.com\/blog\/governo-de-mg-projeta-seis-leiloes-para-o-primeiro-semestre-de-2026\/","og_site_name":"Ag\u00eancia iNFRA","article_publisher":"https:\/\/www.facebook.com\/ageninfra","article_published_time":"2025-10-21T11:19:25+00:00","article_modified_time":"2025-10-21T16:05:37+00:00","og_image":[{"width":1000,"height":563,"url":"https:\/\/agenciainfra.com\/blog\/wp-content\/uploads\/2025\/10\/pedro-bruno-govmg-foto-luiz_santana_ALMG.png","type":"image\/png"}],"author":"Ag\u00eancia iNFRA","twitter_card":"summary_large_image","twitter_creator":"@agencia_infra","twitter_site":"@agencia_infra","twitter_misc":{"Escrito por":"Ag\u00eancia iNFRA","Est. tempo de leitura":"8 minutos"},"schema":{"@context":"https:\/\/schema.org","@graph":[{"@type":"Article","@id":"https:\/\/agenciainfra.com\/blog\/governo-de-mg-projeta-seis-leiloes-para-o-primeiro-semestre-de-2026\/#article","isPartOf":{"@id":"https:\/\/agenciainfra.com\/blog\/governo-de-mg-projeta-seis-leiloes-para-o-primeiro-semestre-de-2026\/"},"author":{"name":"Ag\u00eancia iNFRA","@id":"https:\/\/agenciainfra.com\/blog\/#\/schema\/person\/34af08dff6adea4cb22b06612ba7acfa"},"headline":"Governo de MG projeta seis leil\u00f5es para o primeiro semestre de 2026","datePublished":"2025-10-21T11:19:25+00:00","dateModified":"2025-10-21T16:05:37+00:00","mainEntityOfPage":{"@id":"https:\/\/agenciainfra.com\/blog\/governo-de-mg-projeta-seis-leiloes-para-o-primeiro-semestre-de-2026\/"},"wordCount":1614,"publisher":{"@id":"https:\/\/agenciainfra.com\/blog\/#organization"},"image":{"@id":"https:\/\/agenciainfra.com\/blog\/governo-de-mg-projeta-seis-leiloes-para-o-primeiro-semestre-de-2026\/#primaryimage"},"thumbnailUrl":"https:\/\/agenciainfra.com\/blog\/wp-content\/uploads\/2025\/10\/pedro-bruno-govmg-foto-luiz_santana_ALMG.png","keywords":["concess\u00f5es de minas","concess\u00f5es mineiras","Governo de MG","J\u00falia Schiaffarino","leil\u00e3o","leil\u00f5es","Minas Gerais","Pedro Bruno mg","Zona da Mata"],"articleSection":["iNFRATransporte"],"inLanguage":"pt-BR","copyrightYear":"2025","copyrightHolder":{"@id":"https:\/\/agenciainfra.com\/blog\/#organization"}},{"@type":"WebPage","@id":"https:\/\/agenciainfra.com\/blog\/governo-de-mg-projeta-seis-leiloes-para-o-primeiro-semestre-de-2026\/","url":"https:\/\/agenciainfra.com\/blog\/governo-de-mg-projeta-seis-leiloes-para-o-primeiro-semestre-de-2026\/","name":"Governo de MG projeta seis leil\u00f5es para o primeiro semestre de 2026 - Ag\u00eancia iNFRA","isPartOf":{"@id":"https:\/\/agenciainfra.com\/blog\/#website"},"primaryImageOfPage":{"@id":"https:\/\/agenciainfra.com\/blog\/governo-de-mg-projeta-seis-leiloes-para-o-primeiro-semestre-de-2026\/#primaryimage"},"image":{"@id":"https:\/\/agenciainfra.com\/blog\/governo-de-mg-projeta-seis-leiloes-para-o-primeiro-semestre-de-2026\/#primaryimage"},"thumbnailUrl":"https:\/\/agenciainfra.com\/blog\/wp-content\/uploads\/2025\/10\/pedro-bruno-govmg-foto-luiz_santana_ALMG.png","datePublished":"2025-10-21T11:19:25+00:00","dateModified":"2025-10-21T16:05:37+00:00","breadcrumb":{"@id":"https:\/\/agenciainfra.com\/blog\/governo-de-mg-projeta-seis-leiloes-para-o-primeiro-semestre-de-2026\/#breadcrumb"},"inLanguage":"pt-BR","potentialAction":[{"@type":"ReadAction","target":["https:\/\/agenciainfra.com\/blog\/governo-de-mg-projeta-seis-leiloes-para-o-primeiro-semestre-de-2026\/"]}]},{"@type":"ImageObject","inLanguage":"pt-BR","@id":"https:\/\/agenciainfra.com\/blog\/governo-de-mg-projeta-seis-leiloes-para-o-primeiro-semestre-de-2026\/#primaryimage","url":"https:\/\/agenciainfra.com\/blog\/wp-content\/uploads\/2025\/10\/pedro-bruno-govmg-foto-luiz_santana_ALMG.png","contentUrl":"https:\/\/agenciainfra.com\/blog\/wp-content\/uploads\/2025\/10\/pedro-bruno-govmg-foto-luiz_santana_ALMG.png","width":1000,"height":563,"caption":"Foto: Luiz Santana\/ALMG"},{"@type":"BreadcrumbList","@id":"https:\/\/agenciainfra.com\/blog\/governo-de-mg-projeta-seis-leiloes-para-o-primeiro-semestre-de-2026\/#breadcrumb","itemListElement":[{"@type":"ListItem","position":1,"name":"In\u00edcio","item":"https:\/\/agenciainfra.com\/blog\/"},{"@type":"ListItem","position":2,"name":"Governo de MG projeta seis leil\u00f5es para o primeiro semestre de 2026"}]},{"@type":"WebSite","@id":"https:\/\/agenciainfra.com\/blog\/#website","url":"https:\/\/agenciainfra.com\/blog\/","name":"Ag\u00eancia iNFRA","description":"Multiplataforma de informa\u00e7\u00e3o jornal\u00edstica refer\u00eancia na \u00e1rea de infraestrutura no Brasil!","publisher":{"@id":"https:\/\/agenciainfra.com\/blog\/#organization"},"potentialAction":[{"@type":"SearchAction","target":{"@type":"EntryPoint","urlTemplate":"https:\/\/agenciainfra.com\/blog\/?s={search_term_string}"},"query-input":{"@type":"PropertyValueSpecification","valueRequired":true,"valueName":"search_term_string"}}],"inLanguage":"pt-BR"},{"@type":"Organization","@id":"https:\/\/agenciainfra.com\/blog\/#organization","name":"Ag\u00eancia iNFRA","url":"https:\/\/agenciainfra.com\/blog\/","logo":{"@type":"ImageObject","inLanguage":"pt-BR","@id":"https:\/\/agenciainfra.com\/blog\/#\/schema\/logo\/image\/","url":"https:\/\/agenciainfra.com\/blog\/wp-content\/uploads\/2023\/09\/iNFRA_5-e1761735885940.png","contentUrl":"https:\/\/agenciainfra.com\/blog\/wp-content\/uploads\/2023\/09\/iNFRA_5-e1761735885940.png","width":1672,"height":454,"caption":"Ag\u00eancia iNFRA"},"image":{"@id":"https:\/\/agenciainfra.com\/blog\/#\/schema\/logo\/image\/"},"sameAs":["https:\/\/www.facebook.com\/ageninfra","https:\/\/x.com\/agencia_infra","https:\/\/www.linkedin.com\/company\/ag\u00eanciainfra\/","https:\/\/www.instagram.com\/agenciainfra\/"]},{"@type":"Person","@id":"https:\/\/agenciainfra.com\/blog\/#\/schema\/person\/34af08dff6adea4cb22b06612ba7acfa","name":"Ag\u00eancia iNFRA","image":{"@type":"ImageObject","inLanguage":"pt-BR","@id":"https:\/\/agenciainfra.com\/blog\/#\/schema\/person\/image\/","url":"https:\/\/secure.gravatar.com\/avatar\/d189e01678f06d8eb84d4e01f08eb848b3fffe3f8443818d3c356c66892f5be8?s=96&d=mm&r=g","contentUrl":"https:\/\/secure.gravatar.com\/avatar\/d189e01678f06d8eb84d4e01f08eb848b3fffe3f8443818d3c356c66892f5be8?s=96&d=mm&r=g","caption":"Ag\u00eancia iNFRA"},"url":"https:\/\/agenciainfra.com\/blog\/author\/admin\/"}]}},"_links":{"self":[{"href":"https:\/\/agenciainfra.com\/blog\/wp-json\/wp\/v2\/posts\/30172","targetHints":{"allow":["GET"]}}],"collection":[{"href":"https:\/\/agenciainfra.com\/blog\/wp-json\/wp\/v2\/posts"}],"about":[{"href":"https:\/\/agenciainfra.com\/blog\/wp-json\/wp\/v2\/types\/post"}],"author":[{"embeddable":true,"href":"https:\/\/agenciainfra.com\/blog\/wp-json\/wp\/v2\/users\/1"}],"replies":[{"embeddable":true,"href":"https:\/\/agenciainfra.com\/blog\/wp-json\/wp\/v2\/comments?post=30172"}],"version-history":[{"count":1,"href":"https:\/\/agenciainfra.com\/blog\/wp-json\/wp\/v2\/posts\/30172\/revisions"}],"predecessor-version":[{"id":30173,"href":"https:\/\/agenciainfra.com\/blog\/wp-json\/wp\/v2\/posts\/30172\/revisions\/30173"}],"wp:featuredmedia":[{"embeddable":true,"href":"https:\/\/agenciainfra.com\/blog\/wp-json\/wp\/v2\/media\/30102"}],"wp:attachment":[{"href":"https:\/\/agenciainfra.com\/blog\/wp-json\/wp\/v2\/media?parent=30172"}],"wp:term":[{"taxonomy":"category","embeddable":true,"href":"https:\/\/agenciainfra.com\/blog\/wp-json\/wp\/v2\/categories?post=30172"},{"taxonomy":"post_tag","embeddable":true,"href":"https:\/\/agenciainfra.com\/blog\/wp-json\/wp\/v2\/tags?post=30172"}],"curies":[{"name":"wp","href":"https:\/\/api.w.org\/{rel}","templated":true}]}}