{"id":30179,"date":"2025-10-21T09:30:00","date_gmt":"2025-10-21T12:30:00","guid":{"rendered":"https:\/\/agenciainfra.com\/blog\/?p=30179"},"modified":"2025-10-21T18:02:03","modified_gmt":"2025-10-21T21:02:03","slug":"campanha-da-petrobras-na-margem-equatorial-sera-decisiva-para-o-setor","status":"publish","type":"post","link":"https:\/\/agenciainfra.com\/blog\/campanha-da-petrobras-na-margem-equatorial-sera-decisiva-para-o-setor\/","title":{"rendered":"Campanha da Petrobras na Margem Equatorial ser\u00e1 decisiva para o setor"},"content":{"rendered":"\n<p class=\"has-text-align-right\"><strong>Lais Carregosa, Marisa Wanzeller e Geraldo Campos Jr., da Ag\u00eancia iNFRA<\/strong><\/p>\n\n\n\n<p>A campanha de explora\u00e7\u00e3o da Petrobras na bacia da Foz do Amazonas, na regi\u00e3o conhecida como \u201cMargem Equatorial\u201d, ser\u00e1 decisiva para aumentar o conhecimento sobre a regi\u00e3o e aferir o potencial da nova fronteira explorat\u00f3ria, afirmam especialistas consultados pela&nbsp;<strong>Ag\u00eancia iNFRA<\/strong>.&nbsp;<br><br>A diretora t\u00e9cnica do Ineep (Instituto de Estudos Estrat\u00e9gicos de Petr\u00f3leo, G\u00e1s Natural e Biocombust\u00edveis), Ticiana Alvares, considera que o momento \u201cabre uma perspectiva de conhecermos de fato o que tem ali, quais s\u00e3o os tamanhos das reservas, qual \u00e9 o grau de qualidade de potencial explorat\u00f3rio real daquele \u00f3leo, daquele g\u00e1s, que pode estar presente l\u00e1 na bacia da Foz do Amazonas\u201d, declarou.&nbsp;<br><br>Ela destaca que o movimento permitir\u00e1 ao Brasil \u201cgarantir a soberania energ\u00e9tica e a seguran\u00e7a energ\u00e9tica\u201d em busca de novas fronteiras, uma vez que a demanda mundial de petr\u00f3leo n\u00e3o tem perspectiva de quedas. Por outro lado, estudos mostram que, sem novas \u00e1reas de explora\u00e7\u00e3o, a produ\u00e7\u00e3o de petr\u00f3leo no pa\u00eds atingir\u00e1 um plat\u00f4 em 2030, quando ser\u00e3o extra\u00eddos 5,3 milh\u00f5es de barris por dia.&nbsp;<br><br>O ex-diretor da ANP (Ag\u00eancia Nacional do Petr\u00f3leo, G\u00e1s Natural e Biocombust\u00edveis) e fundador da FK Energy Partners, Felipe Kury, considera um \u201cdia hist\u00f3rico\u201d que pode dar in\u00edcio a essa &nbsp;nova fronteira de explora\u00e7\u00e3o considerada estrat\u00e9gica para o pa\u00eds. \u201cA Petrobras tem toda a tecnologia, toda a seguran\u00e7a operacional, tudo de mais moderno para poder fazer um processo explorat\u00f3rio muito seguro e transformar aquela regi\u00e3o e o &nbsp;Brasil&#8221;, afirmou.<br><br>Kury diz que a medida abre caminho para que outras petroleiras explorem na margem equatorial. \u201c\u00c0 medida que o Ibama ganha confian\u00e7a que a infraestrutura de apoio e de seguran\u00e7a na regi\u00e3o vai se ampliando, eles v\u00e3o tendo mais seguran\u00e7a de fazer o licenciamento\u201d, explicou.&nbsp;<br><br>O especialista tamb\u00e9m avalia que o momento abre uma discuss\u00e3o sobre a \u201cgovernan\u00e7a\u201d de iniciativas como explora\u00e7\u00e3o de recursos petrol\u00edferos. &#8220;Muitas&nbsp;decis\u00f5es ficam a cargo do Ibama, que tem ao mesmo tempo que&nbsp;licenciar e proteger&#8221;, disse. Ele menciona que a cria\u00e7\u00e3o de um conselho multidisciplinar para definir projetos estrat\u00e9gicos para o pa\u00eds, como prev\u00ea a regulamenta\u00e7\u00e3o do &nbsp;LAE (Licenciamento Ambiental Especial), pode ser um facilitador na obten\u00e7\u00e3o de novas licen\u00e7as. O processo de licenciamento especial est\u00e1 previsto na MP (Medida Provis\u00f3ria) 1.308, enviada ao Legislativo ap\u00f3s o presidente Lula vetar trechos da nova lei de licenciamento ambiental aprovada pelo Congresso Nacional.&nbsp;<br><br>O IBP (Instituto Brasileiro de Petr\u00f3leo e G\u00e1s), que representa as grandes petroleiras, afirmou em nota que \u00e9 \u201cessencial\u201d desenvolver novas fronteiras de explora\u00e7\u00e3o diante do decl\u00ednio dos reservat\u00f3rios de petr\u00f3leo do pr\u00e9-sal, a partir da d\u00e9cada de 2030. &#8220;Esta \u00e9 uma decis\u00e3o importante que permitir\u00e1 ao pa\u00eds conhecer melhor o potencial de suas reservas, apoiando a seguran\u00e7a energ\u00e9tica e o desenvolvimento socioecon\u00f4mico da Regi\u00e3o Norte\u201d, afirmou o presidente do instituto, Roberto Ardenghy.<br><br>No mesmo sentido, o presidente da Abespetro (Associa\u00e7\u00e3o Brasileira das Empresas de Servi\u00e7os de Petr\u00f3leo), Telmo Ghiorzi, ressaltou que o Brasil est\u00e1 \u201ccorrendo contra o tempo\u201d, j\u00e1 que desde 2018 n\u00e3o perfura po\u00e7os em novas fronteiras. Mas, de acordo com ele, \u201ca Petrobras e a cadeia produtiva brasileira j\u00e1 superaram desafios igualmente dif\u00edceis e importantes\u201d.&nbsp;<br><br>A Margem Equatorial se estende do litoral do Amap\u00e1 ao Rio Grande do Norte. Apesar de ser uma regi\u00e3o j\u00e1 explorada, h\u00e1 pouco conhecimento sobre o potencial nas chamadas \u00e1guas \u201cprofundas\u201d ou \u201cultraprofundas\u201d, com mais de 300 metros de profundidade. A maioria dos po\u00e7os perfurados nessa regi\u00e3o est\u00e3o em \u00e1guas rasas, conforme dados da ANP.<\/p>\n","protected":false},"excerpt":{"rendered":"<p>Lais Carregosa, Marisa Wanzeller e Geraldo Campos Jr., da Ag\u00eancia iNFRA A campanha de explora\u00e7\u00e3o da Petrobras na bacia da Foz do Amazonas, na regi\u00e3o conhecida como \u201cMargem Equatorial\u201d, ser\u00e1 decisiva para aumentar o conhecimento sobre a regi\u00e3o e aferir o potencial da nova fronteira explorat\u00f3ria, afirmam especialistas consultados pela&nbsp;Ag\u00eancia iNFRA.&nbsp; A diretora t\u00e9cnica do [&hellip;]<\/p>\n","protected":false},"author":1,"featured_media":23034,"comment_status":"closed","ping_status":"closed","sticky":false,"template":"","format":"standard","meta":{"_monsterinsights_skip_tracking":false,"_monsterinsights_sitenote_active":false,"_monsterinsights_sitenote_note":"","_monsterinsights_sitenote_category":0,"footnotes":""},"categories":[1,13271],"tags":[1101,16299,13338,11594,13132,13269,7366,16298,213],"class_list":["post-30179","post","type-post","status-publish","format-standard","has-post-thumbnail","hentry","category-geral","category-oleo-gas","tag-anp","tag-exploracao-de-petroleo-e-gas","tag-foz-do-amazonas","tag-geraldo-campos-jr","tag-lais-carregosa","tag-margem-equatorial","tag-marisa-wanzeller","tag-petobras","tag-petroleo"],"yoast_head":"<!-- This site is optimized with the Yoast SEO Premium plugin v25.4 (Yoast SEO v26.0) - https:\/\/yoast.com\/wordpress\/plugins\/seo\/ -->\n<title>Campanha da Petrobras na Margem Equatorial ser\u00e1 decisiva para o setor - Ag\u00eancia iNFRA<\/title>\n<meta name=\"robots\" content=\"index, follow, max-snippet:-1, max-image-preview:large, max-video-preview:-1\" \/>\n<link rel=\"canonical\" href=\"https:\/\/agenciainfra.com\/blog\/campanha-da-petrobras-na-margem-equatorial-sera-decisiva-para-o-setor\/\" \/>\n<meta property=\"og:locale\" content=\"pt_BR\" \/>\n<meta property=\"og:type\" content=\"article\" \/>\n<meta property=\"og:title\" content=\"Campanha da Petrobras na Margem Equatorial ser\u00e1 decisiva para o setor\" \/>\n<meta property=\"og:description\" content=\"Lais Carregosa, Marisa Wanzeller e Geraldo Campos Jr., da Ag\u00eancia iNFRA A campanha de explora\u00e7\u00e3o da Petrobras na bacia da Foz do Amazonas, na regi\u00e3o conhecida como \u201cMargem Equatorial\u201d, ser\u00e1 decisiva para aumentar o conhecimento sobre a regi\u00e3o e aferir o potencial da nova fronteira explorat\u00f3ria, afirmam especialistas consultados pela&nbsp;Ag\u00eancia iNFRA.&nbsp; A diretora t\u00e9cnica do [&hellip;]\" \/>\n<meta property=\"og:url\" content=\"https:\/\/agenciainfra.com\/blog\/campanha-da-petrobras-na-margem-equatorial-sera-decisiva-para-o-setor\/\" \/>\n<meta property=\"og:site_name\" content=\"Ag\u00eancia iNFRA\" \/>\n<meta property=\"article:publisher\" content=\"https:\/\/www.facebook.com\/ageninfra\" \/>\n<meta property=\"article:published_time\" content=\"2025-10-21T12:30:00+00:00\" \/>\n<meta property=\"article:modified_time\" content=\"2025-10-21T21:02:03+00:00\" \/>\n<meta property=\"og:image\" content=\"https:\/\/agenciainfra.com\/blog\/wp-content\/uploads\/2025\/06\/foz-rio-amazonas-foto-petrobras-e1750159645141.jpg\" \/>\n\t<meta property=\"og:image:width\" content=\"1280\" \/>\n\t<meta property=\"og:image:height\" content=\"766\" \/>\n\t<meta property=\"og:image:type\" content=\"image\/jpeg\" \/>\n<meta name=\"author\" content=\"Ag\u00eancia iNFRA\" \/>\n<meta name=\"twitter:card\" content=\"summary_large_image\" \/>\n<meta name=\"twitter:creator\" content=\"@agencia_infra\" \/>\n<meta name=\"twitter:site\" content=\"@agencia_infra\" \/>\n<meta name=\"twitter:label1\" content=\"Escrito por\" \/>\n\t<meta name=\"twitter:data1\" content=\"Ag\u00eancia iNFRA\" \/>\n\t<meta name=\"twitter:label2\" content=\"Est. tempo de leitura\" \/>\n\t<meta name=\"twitter:data2\" content=\"3 minutos\" \/>\n<script type=\"application\/ld+json\" class=\"yoast-schema-graph\">{\"@context\":\"https:\/\/schema.org\",\"@graph\":[{\"@type\":\"Article\",\"@id\":\"https:\/\/agenciainfra.com\/blog\/campanha-da-petrobras-na-margem-equatorial-sera-decisiva-para-o-setor\/#article\",\"isPartOf\":{\"@id\":\"https:\/\/agenciainfra.com\/blog\/campanha-da-petrobras-na-margem-equatorial-sera-decisiva-para-o-setor\/\"},\"author\":{\"name\":\"Ag\u00eancia iNFRA\",\"@id\":\"https:\/\/agenciainfra.com\/blog\/#\/schema\/person\/34af08dff6adea4cb22b06612ba7acfa\"},\"headline\":\"Campanha da Petrobras na Margem Equatorial ser\u00e1 decisiva para o setor\",\"datePublished\":\"2025-10-21T12:30:00+00:00\",\"dateModified\":\"2025-10-21T21:02:03+00:00\",\"mainEntityOfPage\":{\"@id\":\"https:\/\/agenciainfra.com\/blog\/campanha-da-petrobras-na-margem-equatorial-sera-decisiva-para-o-setor\/\"},\"wordCount\":674,\"publisher\":{\"@id\":\"https:\/\/agenciainfra.com\/blog\/#organization\"},\"image\":{\"@id\":\"https:\/\/agenciainfra.com\/blog\/campanha-da-petrobras-na-margem-equatorial-sera-decisiva-para-o-setor\/#primaryimage\"},\"thumbnailUrl\":\"https:\/\/agenciainfra.com\/blog\/wp-content\/uploads\/2025\/06\/foz-rio-amazonas-foto-petrobras-e1750159645141.jpg\",\"keywords\":[\"ANP\",\"explora\u00e7\u00e3o de petr\u00f3leo e g\u00e1s\",\"foz do amazonas\",\"Geraldo Campos Jr.\",\"Lais Carregosa\",\"margem equatorial\",\"Marisa Wanzeller\",\"Petobras\",\"petr\u00f3leo\"],\"articleSection\":[\"Geral\",\"\u00d3leo &amp; G\u00e1s\"],\"inLanguage\":\"pt-BR\",\"copyrightYear\":\"2025\",\"copyrightHolder\":{\"@id\":\"https:\/\/agenciainfra.com\/blog\/#organization\"}},{\"@type\":\"WebPage\",\"@id\":\"https:\/\/agenciainfra.com\/blog\/campanha-da-petrobras-na-margem-equatorial-sera-decisiva-para-o-setor\/\",\"url\":\"https:\/\/agenciainfra.com\/blog\/campanha-da-petrobras-na-margem-equatorial-sera-decisiva-para-o-setor\/\",\"name\":\"Campanha da Petrobras na Margem Equatorial ser\u00e1 decisiva para o setor - Ag\u00eancia iNFRA\",\"isPartOf\":{\"@id\":\"https:\/\/agenciainfra.com\/blog\/#website\"},\"primaryImageOfPage\":{\"@id\":\"https:\/\/agenciainfra.com\/blog\/campanha-da-petrobras-na-margem-equatorial-sera-decisiva-para-o-setor\/#primaryimage\"},\"image\":{\"@id\":\"https:\/\/agenciainfra.com\/blog\/campanha-da-petrobras-na-margem-equatorial-sera-decisiva-para-o-setor\/#primaryimage\"},\"thumbnailUrl\":\"https:\/\/agenciainfra.com\/blog\/wp-content\/uploads\/2025\/06\/foz-rio-amazonas-foto-petrobras-e1750159645141.jpg\",\"datePublished\":\"2025-10-21T12:30:00+00:00\",\"dateModified\":\"2025-10-21T21:02:03+00:00\",\"breadcrumb\":{\"@id\":\"https:\/\/agenciainfra.com\/blog\/campanha-da-petrobras-na-margem-equatorial-sera-decisiva-para-o-setor\/#breadcrumb\"},\"inLanguage\":\"pt-BR\",\"potentialAction\":[{\"@type\":\"ReadAction\",\"target\":[\"https:\/\/agenciainfra.com\/blog\/campanha-da-petrobras-na-margem-equatorial-sera-decisiva-para-o-setor\/\"]}]},{\"@type\":\"ImageObject\",\"inLanguage\":\"pt-BR\",\"@id\":\"https:\/\/agenciainfra.com\/blog\/campanha-da-petrobras-na-margem-equatorial-sera-decisiva-para-o-setor\/#primaryimage\",\"url\":\"https:\/\/agenciainfra.com\/blog\/wp-content\/uploads\/2025\/06\/foz-rio-amazonas-foto-petrobras-e1750159645141.jpg\",\"contentUrl\":\"https:\/\/agenciainfra.com\/blog\/wp-content\/uploads\/2025\/06\/foz-rio-amazonas-foto-petrobras-e1750159645141.jpg\",\"width\":1280,\"height\":766,\"caption\":\"Foto: Petrobras\"},{\"@type\":\"BreadcrumbList\",\"@id\":\"https:\/\/agenciainfra.com\/blog\/campanha-da-petrobras-na-margem-equatorial-sera-decisiva-para-o-setor\/#breadcrumb\",\"itemListElement\":[{\"@type\":\"ListItem\",\"position\":1,\"name\":\"In\u00edcio\",\"item\":\"https:\/\/agenciainfra.com\/blog\/\"},{\"@type\":\"ListItem\",\"position\":2,\"name\":\"Campanha da Petrobras na Margem Equatorial ser\u00e1 decisiva para o setor\"}]},{\"@type\":\"WebSite\",\"@id\":\"https:\/\/agenciainfra.com\/blog\/#website\",\"url\":\"https:\/\/agenciainfra.com\/blog\/\",\"name\":\"Ag\u00eancia iNFRA\",\"description\":\"Multiplataforma de informa\u00e7\u00e3o jornal\u00edstica refer\u00eancia na \u00e1rea de infraestrutura no Brasil!\",\"publisher\":{\"@id\":\"https:\/\/agenciainfra.com\/blog\/#organization\"},\"potentialAction\":[{\"@type\":\"SearchAction\",\"target\":{\"@type\":\"EntryPoint\",\"urlTemplate\":\"https:\/\/agenciainfra.com\/blog\/?s={search_term_string}\"},\"query-input\":{\"@type\":\"PropertyValueSpecification\",\"valueRequired\":true,\"valueName\":\"search_term_string\"}}],\"inLanguage\":\"pt-BR\"},{\"@type\":\"Organization\",\"@id\":\"https:\/\/agenciainfra.com\/blog\/#organization\",\"name\":\"Ag\u00eancia iNFRA\",\"url\":\"https:\/\/agenciainfra.com\/blog\/\",\"logo\":{\"@type\":\"ImageObject\",\"inLanguage\":\"pt-BR\",\"@id\":\"https:\/\/agenciainfra.com\/blog\/#\/schema\/logo\/image\/\",\"url\":\"https:\/\/agenciainfra.com\/blog\/wp-content\/uploads\/2023\/09\/iNFRA_5-e1761735885940.png\",\"contentUrl\":\"https:\/\/agenciainfra.com\/blog\/wp-content\/uploads\/2023\/09\/iNFRA_5-e1761735885940.png\",\"width\":1672,\"height\":454,\"caption\":\"Ag\u00eancia iNFRA\"},\"image\":{\"@id\":\"https:\/\/agenciainfra.com\/blog\/#\/schema\/logo\/image\/\"},\"sameAs\":[\"https:\/\/www.facebook.com\/ageninfra\",\"https:\/\/x.com\/agencia_infra\",\"https:\/\/www.linkedin.com\/company\/ag\u00eanciainfra\/\",\"https:\/\/www.instagram.com\/agenciainfra\/\"]},{\"@type\":\"Person\",\"@id\":\"https:\/\/agenciainfra.com\/blog\/#\/schema\/person\/34af08dff6adea4cb22b06612ba7acfa\",\"name\":\"Ag\u00eancia iNFRA\",\"image\":{\"@type\":\"ImageObject\",\"inLanguage\":\"pt-BR\",\"@id\":\"https:\/\/agenciainfra.com\/blog\/#\/schema\/person\/image\/\",\"url\":\"https:\/\/secure.gravatar.com\/avatar\/d189e01678f06d8eb84d4e01f08eb848b3fffe3f8443818d3c356c66892f5be8?s=96&d=mm&r=g\",\"contentUrl\":\"https:\/\/secure.gravatar.com\/avatar\/d189e01678f06d8eb84d4e01f08eb848b3fffe3f8443818d3c356c66892f5be8?s=96&d=mm&r=g\",\"caption\":\"Ag\u00eancia iNFRA\"},\"url\":\"https:\/\/agenciainfra.com\/blog\/author\/admin\/\"}]}<\/script>\n<!-- \/ Yoast SEO Premium plugin. -->","yoast_head_json":{"title":"Campanha da Petrobras na Margem Equatorial ser\u00e1 decisiva para o setor - Ag\u00eancia iNFRA","robots":{"index":"index","follow":"follow","max-snippet":"max-snippet:-1","max-image-preview":"max-image-preview:large","max-video-preview":"max-video-preview:-1"},"canonical":"https:\/\/agenciainfra.com\/blog\/campanha-da-petrobras-na-margem-equatorial-sera-decisiva-para-o-setor\/","og_locale":"pt_BR","og_type":"article","og_title":"Campanha da Petrobras na Margem Equatorial ser\u00e1 decisiva para o setor","og_description":"Lais Carregosa, Marisa Wanzeller e Geraldo Campos Jr., da Ag\u00eancia iNFRA A campanha de explora\u00e7\u00e3o da Petrobras na bacia da Foz do Amazonas, na regi\u00e3o conhecida como \u201cMargem Equatorial\u201d, ser\u00e1 decisiva para aumentar o conhecimento sobre a regi\u00e3o e aferir o potencial da nova fronteira explorat\u00f3ria, afirmam especialistas consultados pela&nbsp;Ag\u00eancia iNFRA.&nbsp; A diretora t\u00e9cnica do [&hellip;]","og_url":"https:\/\/agenciainfra.com\/blog\/campanha-da-petrobras-na-margem-equatorial-sera-decisiva-para-o-setor\/","og_site_name":"Ag\u00eancia iNFRA","article_publisher":"https:\/\/www.facebook.com\/ageninfra","article_published_time":"2025-10-21T12:30:00+00:00","article_modified_time":"2025-10-21T21:02:03+00:00","og_image":[{"width":1280,"height":766,"url":"https:\/\/agenciainfra.com\/blog\/wp-content\/uploads\/2025\/06\/foz-rio-amazonas-foto-petrobras-e1750159645141.jpg","type":"image\/jpeg"}],"author":"Ag\u00eancia iNFRA","twitter_card":"summary_large_image","twitter_creator":"@agencia_infra","twitter_site":"@agencia_infra","twitter_misc":{"Escrito por":"Ag\u00eancia iNFRA","Est. tempo de leitura":"3 minutos"},"schema":{"@context":"https:\/\/schema.org","@graph":[{"@type":"Article","@id":"https:\/\/agenciainfra.com\/blog\/campanha-da-petrobras-na-margem-equatorial-sera-decisiva-para-o-setor\/#article","isPartOf":{"@id":"https:\/\/agenciainfra.com\/blog\/campanha-da-petrobras-na-margem-equatorial-sera-decisiva-para-o-setor\/"},"author":{"name":"Ag\u00eancia iNFRA","@id":"https:\/\/agenciainfra.com\/blog\/#\/schema\/person\/34af08dff6adea4cb22b06612ba7acfa"},"headline":"Campanha da Petrobras na Margem Equatorial ser\u00e1 decisiva para o setor","datePublished":"2025-10-21T12:30:00+00:00","dateModified":"2025-10-21T21:02:03+00:00","mainEntityOfPage":{"@id":"https:\/\/agenciainfra.com\/blog\/campanha-da-petrobras-na-margem-equatorial-sera-decisiva-para-o-setor\/"},"wordCount":674,"publisher":{"@id":"https:\/\/agenciainfra.com\/blog\/#organization"},"image":{"@id":"https:\/\/agenciainfra.com\/blog\/campanha-da-petrobras-na-margem-equatorial-sera-decisiva-para-o-setor\/#primaryimage"},"thumbnailUrl":"https:\/\/agenciainfra.com\/blog\/wp-content\/uploads\/2025\/06\/foz-rio-amazonas-foto-petrobras-e1750159645141.jpg","keywords":["ANP","explora\u00e7\u00e3o de petr\u00f3leo e g\u00e1s","foz do amazonas","Geraldo Campos Jr.","Lais Carregosa","margem equatorial","Marisa Wanzeller","Petobras","petr\u00f3leo"],"articleSection":["Geral","\u00d3leo &amp; G\u00e1s"],"inLanguage":"pt-BR","copyrightYear":"2025","copyrightHolder":{"@id":"https:\/\/agenciainfra.com\/blog\/#organization"}},{"@type":"WebPage","@id":"https:\/\/agenciainfra.com\/blog\/campanha-da-petrobras-na-margem-equatorial-sera-decisiva-para-o-setor\/","url":"https:\/\/agenciainfra.com\/blog\/campanha-da-petrobras-na-margem-equatorial-sera-decisiva-para-o-setor\/","name":"Campanha da Petrobras na Margem Equatorial ser\u00e1 decisiva para o setor - Ag\u00eancia iNFRA","isPartOf":{"@id":"https:\/\/agenciainfra.com\/blog\/#website"},"primaryImageOfPage":{"@id":"https:\/\/agenciainfra.com\/blog\/campanha-da-petrobras-na-margem-equatorial-sera-decisiva-para-o-setor\/#primaryimage"},"image":{"@id":"https:\/\/agenciainfra.com\/blog\/campanha-da-petrobras-na-margem-equatorial-sera-decisiva-para-o-setor\/#primaryimage"},"thumbnailUrl":"https:\/\/agenciainfra.com\/blog\/wp-content\/uploads\/2025\/06\/foz-rio-amazonas-foto-petrobras-e1750159645141.jpg","datePublished":"2025-10-21T12:30:00+00:00","dateModified":"2025-10-21T21:02:03+00:00","breadcrumb":{"@id":"https:\/\/agenciainfra.com\/blog\/campanha-da-petrobras-na-margem-equatorial-sera-decisiva-para-o-setor\/#breadcrumb"},"inLanguage":"pt-BR","potentialAction":[{"@type":"ReadAction","target":["https:\/\/agenciainfra.com\/blog\/campanha-da-petrobras-na-margem-equatorial-sera-decisiva-para-o-setor\/"]}]},{"@type":"ImageObject","inLanguage":"pt-BR","@id":"https:\/\/agenciainfra.com\/blog\/campanha-da-petrobras-na-margem-equatorial-sera-decisiva-para-o-setor\/#primaryimage","url":"https:\/\/agenciainfra.com\/blog\/wp-content\/uploads\/2025\/06\/foz-rio-amazonas-foto-petrobras-e1750159645141.jpg","contentUrl":"https:\/\/agenciainfra.com\/blog\/wp-content\/uploads\/2025\/06\/foz-rio-amazonas-foto-petrobras-e1750159645141.jpg","width":1280,"height":766,"caption":"Foto: Petrobras"},{"@type":"BreadcrumbList","@id":"https:\/\/agenciainfra.com\/blog\/campanha-da-petrobras-na-margem-equatorial-sera-decisiva-para-o-setor\/#breadcrumb","itemListElement":[{"@type":"ListItem","position":1,"name":"In\u00edcio","item":"https:\/\/agenciainfra.com\/blog\/"},{"@type":"ListItem","position":2,"name":"Campanha da Petrobras na Margem Equatorial ser\u00e1 decisiva para o setor"}]},{"@type":"WebSite","@id":"https:\/\/agenciainfra.com\/blog\/#website","url":"https:\/\/agenciainfra.com\/blog\/","name":"Ag\u00eancia iNFRA","description":"Multiplataforma de informa\u00e7\u00e3o jornal\u00edstica refer\u00eancia na \u00e1rea de infraestrutura no Brasil!","publisher":{"@id":"https:\/\/agenciainfra.com\/blog\/#organization"},"potentialAction":[{"@type":"SearchAction","target":{"@type":"EntryPoint","urlTemplate":"https:\/\/agenciainfra.com\/blog\/?s={search_term_string}"},"query-input":{"@type":"PropertyValueSpecification","valueRequired":true,"valueName":"search_term_string"}}],"inLanguage":"pt-BR"},{"@type":"Organization","@id":"https:\/\/agenciainfra.com\/blog\/#organization","name":"Ag\u00eancia iNFRA","url":"https:\/\/agenciainfra.com\/blog\/","logo":{"@type":"ImageObject","inLanguage":"pt-BR","@id":"https:\/\/agenciainfra.com\/blog\/#\/schema\/logo\/image\/","url":"https:\/\/agenciainfra.com\/blog\/wp-content\/uploads\/2023\/09\/iNFRA_5-e1761735885940.png","contentUrl":"https:\/\/agenciainfra.com\/blog\/wp-content\/uploads\/2023\/09\/iNFRA_5-e1761735885940.png","width":1672,"height":454,"caption":"Ag\u00eancia iNFRA"},"image":{"@id":"https:\/\/agenciainfra.com\/blog\/#\/schema\/logo\/image\/"},"sameAs":["https:\/\/www.facebook.com\/ageninfra","https:\/\/x.com\/agencia_infra","https:\/\/www.linkedin.com\/company\/ag\u00eanciainfra\/","https:\/\/www.instagram.com\/agenciainfra\/"]},{"@type":"Person","@id":"https:\/\/agenciainfra.com\/blog\/#\/schema\/person\/34af08dff6adea4cb22b06612ba7acfa","name":"Ag\u00eancia iNFRA","image":{"@type":"ImageObject","inLanguage":"pt-BR","@id":"https:\/\/agenciainfra.com\/blog\/#\/schema\/person\/image\/","url":"https:\/\/secure.gravatar.com\/avatar\/d189e01678f06d8eb84d4e01f08eb848b3fffe3f8443818d3c356c66892f5be8?s=96&d=mm&r=g","contentUrl":"https:\/\/secure.gravatar.com\/avatar\/d189e01678f06d8eb84d4e01f08eb848b3fffe3f8443818d3c356c66892f5be8?s=96&d=mm&r=g","caption":"Ag\u00eancia iNFRA"},"url":"https:\/\/agenciainfra.com\/blog\/author\/admin\/"}]}},"_links":{"self":[{"href":"https:\/\/agenciainfra.com\/blog\/wp-json\/wp\/v2\/posts\/30179","targetHints":{"allow":["GET"]}}],"collection":[{"href":"https:\/\/agenciainfra.com\/blog\/wp-json\/wp\/v2\/posts"}],"about":[{"href":"https:\/\/agenciainfra.com\/blog\/wp-json\/wp\/v2\/types\/post"}],"author":[{"embeddable":true,"href":"https:\/\/agenciainfra.com\/blog\/wp-json\/wp\/v2\/users\/1"}],"replies":[{"embeddable":true,"href":"https:\/\/agenciainfra.com\/blog\/wp-json\/wp\/v2\/comments?post=30179"}],"version-history":[{"count":1,"href":"https:\/\/agenciainfra.com\/blog\/wp-json\/wp\/v2\/posts\/30179\/revisions"}],"predecessor-version":[{"id":30180,"href":"https:\/\/agenciainfra.com\/blog\/wp-json\/wp\/v2\/posts\/30179\/revisions\/30180"}],"wp:featuredmedia":[{"embeddable":true,"href":"https:\/\/agenciainfra.com\/blog\/wp-json\/wp\/v2\/media\/23034"}],"wp:attachment":[{"href":"https:\/\/agenciainfra.com\/blog\/wp-json\/wp\/v2\/media?parent=30179"}],"wp:term":[{"taxonomy":"category","embeddable":true,"href":"https:\/\/agenciainfra.com\/blog\/wp-json\/wp\/v2\/categories?post=30179"},{"taxonomy":"post_tag","embeddable":true,"href":"https:\/\/agenciainfra.com\/blog\/wp-json\/wp\/v2\/tags?post=30179"}],"curies":[{"name":"wp","href":"https:\/\/api.w.org\/{rel}","templated":true}]}}