{"id":3021,"date":"2019-03-28T04:00:35","date_gmt":"2019-03-28T07:00:35","guid":{"rendered":"http:\/\/www.agenciainfra.com\/blog\/?p=3021"},"modified":"2019-03-25T19:58:27","modified_gmt":"2019-03-25T22:58:27","slug":"brasil-faz-america-latina-ter-custo-de-combustivel-de-aviacao-mais-alto-no-mundo","status":"publish","type":"post","link":"https:\/\/agenciainfra.com\/blog\/brasil-faz-america-latina-ter-custo-de-combustivel-de-aviacao-mais-alto-no-mundo\/","title":{"rendered":"Brasil faz Am\u00e9rica Latina ter custo de combust\u00edvel de avia\u00e7\u00e3o mais alto no mundo"},"content":{"rendered":"<div>\n<h5 style=\"text-align: right;\"><strong>Dimmi Amora,\u00a0da Ag\u00eancia iNFRA<\/strong><\/h5>\n<p>O monop\u00f3lio da Petrobras no setor de combust\u00edvel colabora para que a regi\u00e3o da Am\u00e9rica Latina tenha o mais alto custo para abastecimento das aeronaves em rela\u00e7\u00e3o \u00e0s outras regi\u00f5es do mundo.<\/p>\n<p>\u00c9 o que aponta o diretor da ALTA (Associa\u00e7\u00e3o Latinoamericana de Transporte A\u00e9reo), Luis Felipe de Oliveira. O custo elevado de combust\u00edvel na regi\u00e3o foi tema de discuss\u00e3o nesta semana do comit\u00ea do \u00f3rg\u00e3o para o tema, em reuni\u00e3o realizada no Panam\u00e1.<\/p>\n<p>Segundo dados da associa\u00e7\u00e3o, o combust\u00edvel representa entre 25% e 30% dos custos das companhias a\u00e9reas. Mas no Brasil esse custo chegou a ser superior a 40% em alguns momentos.<\/p>\n<p>De acordo com Oliveira, ap\u00f3s a decis\u00e3o do governo de S\u00e3o Paulo, que foi acompanhada por outros governos, de reduzir o ICMS sobre o combust\u00edvel de avia\u00e7\u00e3o, foi notada uma redu\u00e7\u00e3o no custo final, mas ainda insuficiente para chegar a um ponto de maior equil\u00edbrio.<\/p>\n<p>&#8220;O problema da paridade ainda n\u00e3o teve solu\u00e7\u00e3o. A Petrobras continua sendo a mais cara, o que cria uma diferen\u00e7a grande em rela\u00e7\u00e3o a outros mercados&#8221;, afirmou Oliveira em entrevista \u00e0\u00a0<strong>Ag\u00eancia iNFRA<\/strong>, referindo-se ao mecanismo usado pela Petrobras para determinar o pre\u00e7o do combust\u00edvel.<\/p>\n<p>Oliveira acompanha o tema de combust\u00edveis no Brasil desde que trabalhava na IATA, associa\u00e7\u00e3o internacional do transporte a\u00e9reo. Em estudo coordenado por ele, publicado em 2012, a associa\u00e7\u00e3o mostrou que o Brasil tinha o 3\u00ba combust\u00edvel mais caro do mundo.<\/p>\n<p>Apesar de n\u00e3o ter monop\u00f3lio oficial, na pr\u00e1tica a Petrobras \u00e9 monopolista no setor por ter, al\u00e9m de todas as refinarias, outros elementos da cadeia que garantem que ela possa formar o pre\u00e7o. De acordo com a Abear (Associa\u00e7\u00e3o Brasileira das Empresas de Avia\u00e7\u00e3o), apesar de produzir quase todo o combust\u00edvel de avia\u00e7\u00e3o no pa\u00eds, a precifica\u00e7\u00e3o da empresa inclui custos de importa\u00e7\u00e3o de toda a produ\u00e7\u00e3o, por exemplo.<\/p>\n<p>Oliveira explicou que a concorr\u00eancia no Brasil\u00a0\u00e9 dif\u00edcil porque o consumo no pa\u00eds n\u00e3o justificaria a cria\u00e7\u00e3o de uma refinaria e os custos para importa\u00e7\u00e3o do produto s\u00e3o elevados. Com isso, na pr\u00e1tica, segundo ele, a estatal acaba usando como margem de lucro o custo que outras empresas teriam para trazer o combust\u00edvel ao pa\u00eds, o que distorceria o mercado.<\/p>\n<p>Nos \u00faltimos anos, diferentes integrantes da \u00e1rea de avia\u00e7\u00e3o do governo tentaram convencer a empresa a utilizar par\u00e2metros diferentes para fazer a precifica\u00e7\u00e3o do combust\u00edvel de avia\u00e7\u00e3o, sem sucesso.<\/p>\n<p>Para \u00c1lvaro Godoy, Gerente de Combust\u00edvel e Taxas Aeroportu\u00e1rias da ALTA, a precifica\u00e7\u00e3o adequada do projeto permite opera\u00e7\u00f5es mais eficientes e previs\u00edveis, beneficiando passageiros com melhores tarifas e mais desenvolvimento de diferentes mercados, como turismo, por exemplo, ampliando o desenvolvimento dessas na\u00e7\u00f5es.<\/p>\n<\/div>\n","protected":false},"excerpt":{"rendered":"<p>Dimmi Amora,\u00a0da Ag\u00eancia iNFRA O monop\u00f3lio da Petrobras no setor de combust\u00edvel colabora para que a regi\u00e3o da Am\u00e9rica Latina tenha o mais alto custo para abastecimento das aeronaves em rela\u00e7\u00e3o \u00e0s outras regi\u00f5es do mundo. \u00c9 o que aponta o diretor da ALTA (Associa\u00e7\u00e3o Latinoamericana de Transporte A\u00e9reo), Luis Felipe de Oliveira. O custo [&hellip;]<\/p>\n","protected":false},"author":9,"featured_media":3033,"comment_status":"closed","ping_status":"open","sticky":false,"template":"","format":"standard","meta":{"_monsterinsights_skip_tracking":false,"_monsterinsights_sitenote_active":false,"_monsterinsights_sitenote_note":"","_monsterinsights_sitenote_category":0,"footnotes":""},"categories":[7],"tags":[877,879,878,143],"class_list":["post-3021","post","type-post","status-publish","format-standard","has-post-thumbnail","hentry","category-infratransporte","tag-america-latina","tag-associacao-latinoamericana-de-transporte-aereo","tag-combustivel-de-aviacao","tag-petrobras"],"yoast_head":"<!-- This site is optimized with the Yoast SEO Premium plugin v25.4 (Yoast SEO v26.0) - https:\/\/yoast.com\/wordpress\/plugins\/seo\/ -->\n<title>Brasil faz Am\u00e9rica Latina ter custo de combust\u00edvel de avia\u00e7\u00e3o mais alto no mundo - Ag\u00eancia iNFRA<\/title>\n<meta name=\"robots\" content=\"index, follow, max-snippet:-1, max-image-preview:large, max-video-preview:-1\" \/>\n<link rel=\"canonical\" href=\"https:\/\/agenciainfra.com\/blog\/brasil-faz-america-latina-ter-custo-de-combustivel-de-aviacao-mais-alto-no-mundo\/\" \/>\n<meta property=\"og:locale\" content=\"pt_BR\" \/>\n<meta property=\"og:type\" content=\"article\" \/>\n<meta property=\"og:title\" content=\"Brasil faz Am\u00e9rica Latina ter custo de combust\u00edvel de avia\u00e7\u00e3o mais alto no mundo\" \/>\n<meta property=\"og:description\" content=\"Dimmi Amora,\u00a0da Ag\u00eancia iNFRA O monop\u00f3lio da Petrobras no setor de combust\u00edvel colabora para que a regi\u00e3o da Am\u00e9rica Latina tenha o mais alto custo para abastecimento das aeronaves em rela\u00e7\u00e3o \u00e0s outras regi\u00f5es do mundo. \u00c9 o que aponta o diretor da ALTA (Associa\u00e7\u00e3o Latinoamericana de Transporte A\u00e9reo), Luis Felipe de Oliveira. O custo [&hellip;]\" \/>\n<meta property=\"og:url\" content=\"https:\/\/agenciainfra.com\/blog\/brasil-faz-america-latina-ter-custo-de-combustivel-de-aviacao-mais-alto-no-mundo\/\" \/>\n<meta property=\"og:site_name\" content=\"Ag\u00eancia iNFRA\" \/>\n<meta property=\"article:publisher\" content=\"https:\/\/www.facebook.com\/ageninfra\" \/>\n<meta property=\"article:published_time\" content=\"2019-03-28T07:00:35+00:00\" \/>\n<meta property=\"og:image\" content=\"https:\/\/agenciainfra.com\/blog\/wp-content\/uploads\/2019\/03\/combustivel-de-aviacao-tony-winston-agencia-brasilia-3.jpg\" \/>\n\t<meta property=\"og:image:width\" content=\"2048\" \/>\n\t<meta property=\"og:image:height\" content=\"1360\" \/>\n\t<meta property=\"og:image:type\" content=\"image\/jpeg\" \/>\n<meta name=\"author\" content=\"Rodrigo Zuquim\" \/>\n<meta name=\"twitter:card\" content=\"summary_large_image\" \/>\n<meta name=\"twitter:creator\" content=\"@agencia_infra\" \/>\n<meta name=\"twitter:site\" content=\"@agencia_infra\" \/>\n<meta name=\"twitter:label1\" content=\"Escrito por\" \/>\n\t<meta name=\"twitter:data1\" content=\"Rodrigo Zuquim\" \/>\n\t<meta name=\"twitter:label2\" content=\"Est. tempo de leitura\" \/>\n\t<meta name=\"twitter:data2\" content=\"3 minutos\" \/>\n<script type=\"application\/ld+json\" class=\"yoast-schema-graph\">{\"@context\":\"https:\/\/schema.org\",\"@graph\":[{\"@type\":\"Article\",\"@id\":\"https:\/\/agenciainfra.com\/blog\/brasil-faz-america-latina-ter-custo-de-combustivel-de-aviacao-mais-alto-no-mundo\/#article\",\"isPartOf\":{\"@id\":\"https:\/\/agenciainfra.com\/blog\/brasil-faz-america-latina-ter-custo-de-combustivel-de-aviacao-mais-alto-no-mundo\/\"},\"author\":{\"name\":\"Rodrigo Zuquim\",\"@id\":\"https:\/\/agenciainfra.com\/blog\/#\/schema\/person\/04dbb79bd6d8951f063da71f3e4c1eb1\"},\"headline\":\"Brasil faz Am\u00e9rica Latina ter custo de combust\u00edvel de avia\u00e7\u00e3o mais alto no mundo\",\"datePublished\":\"2019-03-28T07:00:35+00:00\",\"mainEntityOfPage\":{\"@id\":\"https:\/\/agenciainfra.com\/blog\/brasil-faz-america-latina-ter-custo-de-combustivel-de-aviacao-mais-alto-no-mundo\/\"},\"wordCount\":518,\"publisher\":{\"@id\":\"https:\/\/agenciainfra.com\/blog\/#organization\"},\"image\":{\"@id\":\"https:\/\/agenciainfra.com\/blog\/brasil-faz-america-latina-ter-custo-de-combustivel-de-aviacao-mais-alto-no-mundo\/#primaryimage\"},\"thumbnailUrl\":\"https:\/\/agenciainfra.com\/blog\/wp-content\/uploads\/2019\/03\/combustivel-de-aviacao-tony-winston-agencia-brasilia-3-e1773440116930.jpg\",\"keywords\":[\"Am\u00e9rica Latina\",\"Associa\u00e7\u00e3o Latinoamericana de Transporte A\u00e9reo\",\"combust\u00edvel de avia\u00e7\u00e3o\",\"Petrobras\"],\"articleSection\":[\"iNFRATransporte\"],\"inLanguage\":\"pt-BR\",\"copyrightYear\":\"2019\",\"copyrightHolder\":{\"@id\":\"https:\/\/agenciainfra.com\/blog\/#organization\"}},{\"@type\":\"WebPage\",\"@id\":\"https:\/\/agenciainfra.com\/blog\/brasil-faz-america-latina-ter-custo-de-combustivel-de-aviacao-mais-alto-no-mundo\/\",\"url\":\"https:\/\/agenciainfra.com\/blog\/brasil-faz-america-latina-ter-custo-de-combustivel-de-aviacao-mais-alto-no-mundo\/\",\"name\":\"Brasil faz Am\u00e9rica Latina ter custo de combust\u00edvel de avia\u00e7\u00e3o mais alto no mundo - Ag\u00eancia iNFRA\",\"isPartOf\":{\"@id\":\"https:\/\/agenciainfra.com\/blog\/#website\"},\"primaryImageOfPage\":{\"@id\":\"https:\/\/agenciainfra.com\/blog\/brasil-faz-america-latina-ter-custo-de-combustivel-de-aviacao-mais-alto-no-mundo\/#primaryimage\"},\"image\":{\"@id\":\"https:\/\/agenciainfra.com\/blog\/brasil-faz-america-latina-ter-custo-de-combustivel-de-aviacao-mais-alto-no-mundo\/#primaryimage\"},\"thumbnailUrl\":\"https:\/\/agenciainfra.com\/blog\/wp-content\/uploads\/2019\/03\/combustivel-de-aviacao-tony-winston-agencia-brasilia-3-e1773440116930.jpg\",\"datePublished\":\"2019-03-28T07:00:35+00:00\",\"breadcrumb\":{\"@id\":\"https:\/\/agenciainfra.com\/blog\/brasil-faz-america-latina-ter-custo-de-combustivel-de-aviacao-mais-alto-no-mundo\/#breadcrumb\"},\"inLanguage\":\"pt-BR\",\"potentialAction\":[{\"@type\":\"ReadAction\",\"target\":[\"https:\/\/agenciainfra.com\/blog\/brasil-faz-america-latina-ter-custo-de-combustivel-de-aviacao-mais-alto-no-mundo\/\"]}]},{\"@type\":\"ImageObject\",\"inLanguage\":\"pt-BR\",\"@id\":\"https:\/\/agenciainfra.com\/blog\/brasil-faz-america-latina-ter-custo-de-combustivel-de-aviacao-mais-alto-no-mundo\/#primaryimage\",\"url\":\"https:\/\/agenciainfra.com\/blog\/wp-content\/uploads\/2019\/03\/combustivel-de-aviacao-tony-winston-agencia-brasilia-3-e1773440116930.jpg\",\"contentUrl\":\"https:\/\/agenciainfra.com\/blog\/wp-content\/uploads\/2019\/03\/combustivel-de-aviacao-tony-winston-agencia-brasilia-3-e1773440116930.jpg\",\"width\":1280,\"height\":850,\"caption\":\"Foto: Tony Winston\/Ag\u00eancia Bras\u00edlia\"},{\"@type\":\"BreadcrumbList\",\"@id\":\"https:\/\/agenciainfra.com\/blog\/brasil-faz-america-latina-ter-custo-de-combustivel-de-aviacao-mais-alto-no-mundo\/#breadcrumb\",\"itemListElement\":[{\"@type\":\"ListItem\",\"position\":1,\"name\":\"In\u00edcio\",\"item\":\"https:\/\/agenciainfra.com\/blog\/\"},{\"@type\":\"ListItem\",\"position\":2,\"name\":\"Brasil faz Am\u00e9rica Latina ter custo de combust\u00edvel de avia\u00e7\u00e3o mais alto no mundo\"}]},{\"@type\":\"WebSite\",\"@id\":\"https:\/\/agenciainfra.com\/blog\/#website\",\"url\":\"https:\/\/agenciainfra.com\/blog\/\",\"name\":\"Ag\u00eancia iNFRA\",\"description\":\"Multiplataforma de informa\u00e7\u00e3o jornal\u00edstica refer\u00eancia na \u00e1rea de infraestrutura no Brasil!\",\"publisher\":{\"@id\":\"https:\/\/agenciainfra.com\/blog\/#organization\"},\"potentialAction\":[{\"@type\":\"SearchAction\",\"target\":{\"@type\":\"EntryPoint\",\"urlTemplate\":\"https:\/\/agenciainfra.com\/blog\/?s={search_term_string}\"},\"query-input\":{\"@type\":\"PropertyValueSpecification\",\"valueRequired\":true,\"valueName\":\"search_term_string\"}}],\"inLanguage\":\"pt-BR\"},{\"@type\":\"Organization\",\"@id\":\"https:\/\/agenciainfra.com\/blog\/#organization\",\"name\":\"Ag\u00eancia iNFRA\",\"url\":\"https:\/\/agenciainfra.com\/blog\/\",\"logo\":{\"@type\":\"ImageObject\",\"inLanguage\":\"pt-BR\",\"@id\":\"https:\/\/agenciainfra.com\/blog\/#\/schema\/logo\/image\/\",\"url\":\"https:\/\/agenciainfra.com\/blog\/wp-content\/uploads\/2023\/09\/iNFRA_5-e1761735885940.png\",\"contentUrl\":\"https:\/\/agenciainfra.com\/blog\/wp-content\/uploads\/2023\/09\/iNFRA_5-e1761735885940.png\",\"width\":1672,\"height\":454,\"caption\":\"Ag\u00eancia iNFRA\"},\"image\":{\"@id\":\"https:\/\/agenciainfra.com\/blog\/#\/schema\/logo\/image\/\"},\"sameAs\":[\"https:\/\/www.facebook.com\/ageninfra\",\"https:\/\/x.com\/agencia_infra\",\"https:\/\/www.linkedin.com\/company\/ag\u00eanciainfra\/\",\"https:\/\/www.instagram.com\/agenciainfra\/\"]},{\"@type\":\"Person\",\"@id\":\"https:\/\/agenciainfra.com\/blog\/#\/schema\/person\/04dbb79bd6d8951f063da71f3e4c1eb1\",\"name\":\"Rodrigo Zuquim\",\"image\":{\"@type\":\"ImageObject\",\"inLanguage\":\"pt-BR\",\"@id\":\"https:\/\/agenciainfra.com\/blog\/#\/schema\/person\/image\/\",\"url\":\"https:\/\/secure.gravatar.com\/avatar\/594abfe82761d620726242ff34ca472a705a4b97f16c790053a6b4c4035274d0?s=96&d=mm&r=g\",\"contentUrl\":\"https:\/\/secure.gravatar.com\/avatar\/594abfe82761d620726242ff34ca472a705a4b97f16c790053a6b4c4035274d0?s=96&d=mm&r=g\",\"caption\":\"Rodrigo Zuquim\"},\"url\":\"https:\/\/agenciainfra.com\/blog\/author\/rodrigo-zuquim\/\"}]}<\/script>\n<!-- \/ Yoast SEO Premium plugin. -->","yoast_head_json":{"title":"Brasil faz Am\u00e9rica Latina ter custo de combust\u00edvel de avia\u00e7\u00e3o mais alto no mundo - Ag\u00eancia iNFRA","robots":{"index":"index","follow":"follow","max-snippet":"max-snippet:-1","max-image-preview":"max-image-preview:large","max-video-preview":"max-video-preview:-1"},"canonical":"https:\/\/agenciainfra.com\/blog\/brasil-faz-america-latina-ter-custo-de-combustivel-de-aviacao-mais-alto-no-mundo\/","og_locale":"pt_BR","og_type":"article","og_title":"Brasil faz Am\u00e9rica Latina ter custo de combust\u00edvel de avia\u00e7\u00e3o mais alto no mundo","og_description":"Dimmi Amora,\u00a0da Ag\u00eancia iNFRA O monop\u00f3lio da Petrobras no setor de combust\u00edvel colabora para que a regi\u00e3o da Am\u00e9rica Latina tenha o mais alto custo para abastecimento das aeronaves em rela\u00e7\u00e3o \u00e0s outras regi\u00f5es do mundo. \u00c9 o que aponta o diretor da ALTA (Associa\u00e7\u00e3o Latinoamericana de Transporte A\u00e9reo), Luis Felipe de Oliveira. O custo [&hellip;]","og_url":"https:\/\/agenciainfra.com\/blog\/brasil-faz-america-latina-ter-custo-de-combustivel-de-aviacao-mais-alto-no-mundo\/","og_site_name":"Ag\u00eancia iNFRA","article_publisher":"https:\/\/www.facebook.com\/ageninfra","article_published_time":"2019-03-28T07:00:35+00:00","og_image":[{"width":2048,"height":1360,"url":"https:\/\/agenciainfra.com\/blog\/wp-content\/uploads\/2019\/03\/combustivel-de-aviacao-tony-winston-agencia-brasilia-3.jpg","type":"image\/jpeg"}],"author":"Rodrigo Zuquim","twitter_card":"summary_large_image","twitter_creator":"@agencia_infra","twitter_site":"@agencia_infra","twitter_misc":{"Escrito por":"Rodrigo Zuquim","Est. tempo de leitura":"3 minutos"},"schema":{"@context":"https:\/\/schema.org","@graph":[{"@type":"Article","@id":"https:\/\/agenciainfra.com\/blog\/brasil-faz-america-latina-ter-custo-de-combustivel-de-aviacao-mais-alto-no-mundo\/#article","isPartOf":{"@id":"https:\/\/agenciainfra.com\/blog\/brasil-faz-america-latina-ter-custo-de-combustivel-de-aviacao-mais-alto-no-mundo\/"},"author":{"name":"Rodrigo Zuquim","@id":"https:\/\/agenciainfra.com\/blog\/#\/schema\/person\/04dbb79bd6d8951f063da71f3e4c1eb1"},"headline":"Brasil faz Am\u00e9rica Latina ter custo de combust\u00edvel de avia\u00e7\u00e3o mais alto no mundo","datePublished":"2019-03-28T07:00:35+00:00","mainEntityOfPage":{"@id":"https:\/\/agenciainfra.com\/blog\/brasil-faz-america-latina-ter-custo-de-combustivel-de-aviacao-mais-alto-no-mundo\/"},"wordCount":518,"publisher":{"@id":"https:\/\/agenciainfra.com\/blog\/#organization"},"image":{"@id":"https:\/\/agenciainfra.com\/blog\/brasil-faz-america-latina-ter-custo-de-combustivel-de-aviacao-mais-alto-no-mundo\/#primaryimage"},"thumbnailUrl":"https:\/\/agenciainfra.com\/blog\/wp-content\/uploads\/2019\/03\/combustivel-de-aviacao-tony-winston-agencia-brasilia-3-e1773440116930.jpg","keywords":["Am\u00e9rica Latina","Associa\u00e7\u00e3o Latinoamericana de Transporte A\u00e9reo","combust\u00edvel de avia\u00e7\u00e3o","Petrobras"],"articleSection":["iNFRATransporte"],"inLanguage":"pt-BR","copyrightYear":"2019","copyrightHolder":{"@id":"https:\/\/agenciainfra.com\/blog\/#organization"}},{"@type":"WebPage","@id":"https:\/\/agenciainfra.com\/blog\/brasil-faz-america-latina-ter-custo-de-combustivel-de-aviacao-mais-alto-no-mundo\/","url":"https:\/\/agenciainfra.com\/blog\/brasil-faz-america-latina-ter-custo-de-combustivel-de-aviacao-mais-alto-no-mundo\/","name":"Brasil faz Am\u00e9rica Latina ter custo de combust\u00edvel de avia\u00e7\u00e3o mais alto no mundo - Ag\u00eancia iNFRA","isPartOf":{"@id":"https:\/\/agenciainfra.com\/blog\/#website"},"primaryImageOfPage":{"@id":"https:\/\/agenciainfra.com\/blog\/brasil-faz-america-latina-ter-custo-de-combustivel-de-aviacao-mais-alto-no-mundo\/#primaryimage"},"image":{"@id":"https:\/\/agenciainfra.com\/blog\/brasil-faz-america-latina-ter-custo-de-combustivel-de-aviacao-mais-alto-no-mundo\/#primaryimage"},"thumbnailUrl":"https:\/\/agenciainfra.com\/blog\/wp-content\/uploads\/2019\/03\/combustivel-de-aviacao-tony-winston-agencia-brasilia-3-e1773440116930.jpg","datePublished":"2019-03-28T07:00:35+00:00","breadcrumb":{"@id":"https:\/\/agenciainfra.com\/blog\/brasil-faz-america-latina-ter-custo-de-combustivel-de-aviacao-mais-alto-no-mundo\/#breadcrumb"},"inLanguage":"pt-BR","potentialAction":[{"@type":"ReadAction","target":["https:\/\/agenciainfra.com\/blog\/brasil-faz-america-latina-ter-custo-de-combustivel-de-aviacao-mais-alto-no-mundo\/"]}]},{"@type":"ImageObject","inLanguage":"pt-BR","@id":"https:\/\/agenciainfra.com\/blog\/brasil-faz-america-latina-ter-custo-de-combustivel-de-aviacao-mais-alto-no-mundo\/#primaryimage","url":"https:\/\/agenciainfra.com\/blog\/wp-content\/uploads\/2019\/03\/combustivel-de-aviacao-tony-winston-agencia-brasilia-3-e1773440116930.jpg","contentUrl":"https:\/\/agenciainfra.com\/blog\/wp-content\/uploads\/2019\/03\/combustivel-de-aviacao-tony-winston-agencia-brasilia-3-e1773440116930.jpg","width":1280,"height":850,"caption":"Foto: Tony Winston\/Ag\u00eancia Bras\u00edlia"},{"@type":"BreadcrumbList","@id":"https:\/\/agenciainfra.com\/blog\/brasil-faz-america-latina-ter-custo-de-combustivel-de-aviacao-mais-alto-no-mundo\/#breadcrumb","itemListElement":[{"@type":"ListItem","position":1,"name":"In\u00edcio","item":"https:\/\/agenciainfra.com\/blog\/"},{"@type":"ListItem","position":2,"name":"Brasil faz Am\u00e9rica Latina ter custo de combust\u00edvel de avia\u00e7\u00e3o mais alto no mundo"}]},{"@type":"WebSite","@id":"https:\/\/agenciainfra.com\/blog\/#website","url":"https:\/\/agenciainfra.com\/blog\/","name":"Ag\u00eancia iNFRA","description":"Multiplataforma de informa\u00e7\u00e3o jornal\u00edstica refer\u00eancia na \u00e1rea de infraestrutura no Brasil!","publisher":{"@id":"https:\/\/agenciainfra.com\/blog\/#organization"},"potentialAction":[{"@type":"SearchAction","target":{"@type":"EntryPoint","urlTemplate":"https:\/\/agenciainfra.com\/blog\/?s={search_term_string}"},"query-input":{"@type":"PropertyValueSpecification","valueRequired":true,"valueName":"search_term_string"}}],"inLanguage":"pt-BR"},{"@type":"Organization","@id":"https:\/\/agenciainfra.com\/blog\/#organization","name":"Ag\u00eancia iNFRA","url":"https:\/\/agenciainfra.com\/blog\/","logo":{"@type":"ImageObject","inLanguage":"pt-BR","@id":"https:\/\/agenciainfra.com\/blog\/#\/schema\/logo\/image\/","url":"https:\/\/agenciainfra.com\/blog\/wp-content\/uploads\/2023\/09\/iNFRA_5-e1761735885940.png","contentUrl":"https:\/\/agenciainfra.com\/blog\/wp-content\/uploads\/2023\/09\/iNFRA_5-e1761735885940.png","width":1672,"height":454,"caption":"Ag\u00eancia iNFRA"},"image":{"@id":"https:\/\/agenciainfra.com\/blog\/#\/schema\/logo\/image\/"},"sameAs":["https:\/\/www.facebook.com\/ageninfra","https:\/\/x.com\/agencia_infra","https:\/\/www.linkedin.com\/company\/ag\u00eanciainfra\/","https:\/\/www.instagram.com\/agenciainfra\/"]},{"@type":"Person","@id":"https:\/\/agenciainfra.com\/blog\/#\/schema\/person\/04dbb79bd6d8951f063da71f3e4c1eb1","name":"Rodrigo Zuquim","image":{"@type":"ImageObject","inLanguage":"pt-BR","@id":"https:\/\/agenciainfra.com\/blog\/#\/schema\/person\/image\/","url":"https:\/\/secure.gravatar.com\/avatar\/594abfe82761d620726242ff34ca472a705a4b97f16c790053a6b4c4035274d0?s=96&d=mm&r=g","contentUrl":"https:\/\/secure.gravatar.com\/avatar\/594abfe82761d620726242ff34ca472a705a4b97f16c790053a6b4c4035274d0?s=96&d=mm&r=g","caption":"Rodrigo Zuquim"},"url":"https:\/\/agenciainfra.com\/blog\/author\/rodrigo-zuquim\/"}]}},"_links":{"self":[{"href":"https:\/\/agenciainfra.com\/blog\/wp-json\/wp\/v2\/posts\/3021","targetHints":{"allow":["GET"]}}],"collection":[{"href":"https:\/\/agenciainfra.com\/blog\/wp-json\/wp\/v2\/posts"}],"about":[{"href":"https:\/\/agenciainfra.com\/blog\/wp-json\/wp\/v2\/types\/post"}],"author":[{"embeddable":true,"href":"https:\/\/agenciainfra.com\/blog\/wp-json\/wp\/v2\/users\/9"}],"replies":[{"embeddable":true,"href":"https:\/\/agenciainfra.com\/blog\/wp-json\/wp\/v2\/comments?post=3021"}],"version-history":[{"count":0,"href":"https:\/\/agenciainfra.com\/blog\/wp-json\/wp\/v2\/posts\/3021\/revisions"}],"wp:featuredmedia":[{"embeddable":true,"href":"https:\/\/agenciainfra.com\/blog\/wp-json\/wp\/v2\/media\/3033"}],"wp:attachment":[{"href":"https:\/\/agenciainfra.com\/blog\/wp-json\/wp\/v2\/media?parent=3021"}],"wp:term":[{"taxonomy":"category","embeddable":true,"href":"https:\/\/agenciainfra.com\/blog\/wp-json\/wp\/v2\/categories?post=3021"},{"taxonomy":"post_tag","embeddable":true,"href":"https:\/\/agenciainfra.com\/blog\/wp-json\/wp\/v2\/tags?post=3021"}],"curies":[{"name":"wp","href":"https:\/\/api.w.org\/{rel}","templated":true}]}}