{"id":30215,"date":"2025-10-21T11:15:51","date_gmt":"2025-10-21T14:15:51","guid":{"rendered":"https:\/\/agenciainfra.com\/blog\/?p=30215"},"modified":"2025-10-22T11:14:01","modified_gmt":"2025-10-22T14:14:01","slug":"aneel-rejeita-impedimento-de-mosna-em-processo-da-enel-rj","status":"publish","type":"post","link":"https:\/\/agenciainfra.com\/blog\/aneel-rejeita-impedimento-de-mosna-em-processo-da-enel-rj\/","title":{"rendered":"ANEEL rejeita impedimento de Mosna em processo da Enel RJ"},"content":{"rendered":"\n<p class=\"has-text-align-right\"><strong>Geraldo Campos Jr., da Ag\u00eancia iNFRA<\/strong><\/p>\n\n\n\n<p>A diretoria colegiada da ANEEL (Ag\u00eancia Nacional de Energia El\u00e9trica) rejeitou, na reuni\u00e3o de diretoria desta ter\u00e7a-feira (21), com votos dos quatro diretores presentes, o impedimento do diretor Fernando Mosna de atuar como relator em processos da Enel Rio de Janeiro, como requerido pela distribuidora. Os diretores afirmaram, ao votar na quest\u00e3o preliminar, que a a\u00e7\u00e3o da empresa seria uma \u201ctentativa de constranger os relatores\u201d e abriria um \u201cprecedente perigoso\u201d.<\/p>\n\n\n\n<p>Mosna apresentou seu <a href=\"https:\/\/agenciainfra.com\/blog\/wp-content\/uploads\/2025\/10\/Preliminar-Voto-item-6.pdf\">voto<\/a> rejeitando qualquer declara\u00e7\u00e3o de impedimento dele mesmo de atuar em processos relacionados \u00e0 Enel RJ. A solicita\u00e7\u00e3o j\u00e1 havia sido negada na semana passada em despacho do diretor-geral, Sandoval Feitosa.<\/p>\n\n\n\n<p>O diretor afirmou que houve \u201ccria\u00e7\u00e3o deliberada do fato de lit\u00edgio\u201d, por meio de ajuizamento de a\u00e7\u00e3o judicial, protocolo de den\u00fancia disciplinar na ANEEL e na CGU (Controladoria-Geral da Uni\u00e3o) e apresenta\u00e7\u00e3o de den\u00fancia criminal na Pol\u00edcia Federal. E que todas essas a\u00e7\u00f5es s\u00f3 vieram ap\u00f3s atos do diretor, como a expedi\u00e7\u00e3o de of\u00edcio sobre a Enel S\u00e3o Paulo em 24 de setembro e \u00e0 disponibiliza\u00e7\u00e3o do voto sobre empr\u00e9stimos da Enel Rio em 9 de outubro no circuito deliberativo.<\/p>\n\n\n\n<p><strong>Oportunismo<\/strong><br>\u201cN\u00e3o se admite autoprodu\u00e7\u00e3o oportunista de causa de impedimento por quem, descontente, intenta fabricar &#8216;lit\u00edgio&#8217; ex post para afastar o relator\u201d, afirmou o diretor, que concluiu que \u201cinexiste rela\u00e7\u00e3o jur\u00eddica processual pr\u00e9via entre a distribuidora e o relator que possa caracterizar lit\u00edgio administrativo\u201d. Ele tamb\u00e9m rejeitou o pedido de tratamento restrito feito pela Enel RJ para o processo sobre empr\u00e9stimos feitos dentro do grupo (m\u00fatuos).<\/p>\n\n\n\n<p>\u201cN\u00e3o \u00e9 dado ao interessado fabricar artificialmente a circunst\u00e2ncia que pretende arguir contra a imparcialidade do julgador. Protocolar den\u00fancia ou ajuizar a\u00e7\u00e3o ap\u00f3s manifesta\u00e7\u00e3o de diretor da ag\u00eancia, seja por ato de comunica\u00e7\u00e3o oficial ou por voto submetido ao crivo do colegiado, n\u00e3o cria impedimento; cria, quando muito, registro do pr\u00f3prio inconformismo\u201d, afirmou.<\/p>\n\n\n\n<p>Ainda segundo Mosna, afastar o relator \u201cpor fatos supervenientes e autoproduzidos\u201d carece de base legal, al\u00e9m de empobrecer o debate regulat\u00f3rio por criar \u201cincentivos perversos para a multiplica\u00e7\u00e3o de incidentes estrat\u00e9gicos sempre que um voto se revelar desfavor\u00e1vel\u201d.<\/p>\n","protected":false},"excerpt":{"rendered":"<p>Geraldo Campos Jr., da Ag\u00eancia iNFRA A diretoria colegiada da ANEEL (Ag\u00eancia Nacional de Energia El\u00e9trica) rejeitou, na reuni\u00e3o de diretoria desta ter\u00e7a-feira (21), com votos dos quatro diretores presentes, o impedimento do diretor Fernando Mosna de atuar como relator em processos da Enel Rio de Janeiro, como requerido pela distribuidora. Os diretores afirmaram, ao [&hellip;]<\/p>\n","protected":false},"author":1,"featured_media":25809,"comment_status":"closed","ping_status":"closed","sticky":false,"template":"","format":"standard","meta":{"_monsterinsights_skip_tracking":false,"_monsterinsights_sitenote_active":false,"_monsterinsights_sitenote_note":"","_monsterinsights_sitenote_category":0,"footnotes":""},"categories":[10],"tags":[53,3575,8475,7014,11594,1026],"class_list":["post-30215","post","type-post","status-publish","format-standard","has-post-thumbnail","hentry","category-infraenergia","tag-aneel","tag-enel-rj","tag-enel-sao-paulo","tag-fernando-mosna","tag-geraldo-campos-jr","tag-sandoval-feitosa"],"yoast_head":"<!-- This site is optimized with the Yoast SEO Premium plugin v25.4 (Yoast SEO v26.0) - https:\/\/yoast.com\/wordpress\/plugins\/seo\/ -->\n<title>ANEEL rejeita impedimento de Mosna em processo da Enel RJ - Ag\u00eancia iNFRA<\/title>\n<meta name=\"robots\" content=\"index, follow, max-snippet:-1, max-image-preview:large, max-video-preview:-1\" \/>\n<link rel=\"canonical\" href=\"https:\/\/agenciainfra.com\/blog\/aneel-rejeita-impedimento-de-mosna-em-processo-da-enel-rj\/\" \/>\n<meta property=\"og:locale\" content=\"pt_BR\" \/>\n<meta property=\"og:type\" content=\"article\" \/>\n<meta property=\"og:title\" content=\"ANEEL rejeita impedimento de Mosna em processo da Enel RJ\" \/>\n<meta property=\"og:description\" content=\"Geraldo Campos Jr., da Ag\u00eancia iNFRA A diretoria colegiada da ANEEL (Ag\u00eancia Nacional de Energia El\u00e9trica) rejeitou, na reuni\u00e3o de diretoria desta ter\u00e7a-feira (21), com votos dos quatro diretores presentes, o impedimento do diretor Fernando Mosna de atuar como relator em processos da Enel Rio de Janeiro, como requerido pela distribuidora. Os diretores afirmaram, ao [&hellip;]\" \/>\n<meta property=\"og:url\" content=\"https:\/\/agenciainfra.com\/blog\/aneel-rejeita-impedimento-de-mosna-em-processo-da-enel-rj\/\" \/>\n<meta property=\"og:site_name\" content=\"Ag\u00eancia iNFRA\" \/>\n<meta property=\"article:publisher\" content=\"https:\/\/www.facebook.com\/ageninfra\" \/>\n<meta property=\"article:published_time\" content=\"2025-10-21T14:15:51+00:00\" \/>\n<meta property=\"article:modified_time\" content=\"2025-10-22T14:14:01+00:00\" \/>\n<meta property=\"og:image\" content=\"https:\/\/agenciainfra.com\/blog\/wp-content\/uploads\/2025\/08\/fernando-mosna-foto-michel-jesus-aneel.jpg\" \/>\n\t<meta property=\"og:image:width\" content=\"1280\" \/>\n\t<meta property=\"og:image:height\" content=\"720\" \/>\n\t<meta property=\"og:image:type\" content=\"image\/jpeg\" \/>\n<meta name=\"author\" content=\"Ag\u00eancia iNFRA\" \/>\n<meta name=\"twitter:card\" content=\"summary_large_image\" \/>\n<meta name=\"twitter:creator\" content=\"@agencia_infra\" \/>\n<meta name=\"twitter:site\" content=\"@agencia_infra\" \/>\n<meta name=\"twitter:label1\" content=\"Escrito por\" \/>\n\t<meta name=\"twitter:data1\" content=\"Ag\u00eancia iNFRA\" \/>\n\t<meta name=\"twitter:label2\" content=\"Est. tempo de leitura\" \/>\n\t<meta name=\"twitter:data2\" content=\"2 minutos\" \/>\n<script type=\"application\/ld+json\" class=\"yoast-schema-graph\">{\"@context\":\"https:\/\/schema.org\",\"@graph\":[{\"@type\":\"Article\",\"@id\":\"https:\/\/agenciainfra.com\/blog\/aneel-rejeita-impedimento-de-mosna-em-processo-da-enel-rj\/#article\",\"isPartOf\":{\"@id\":\"https:\/\/agenciainfra.com\/blog\/aneel-rejeita-impedimento-de-mosna-em-processo-da-enel-rj\/\"},\"author\":{\"name\":\"Ag\u00eancia iNFRA\",\"@id\":\"https:\/\/agenciainfra.com\/blog\/#\/schema\/person\/34af08dff6adea4cb22b06612ba7acfa\"},\"headline\":\"ANEEL rejeita impedimento de Mosna em processo da Enel RJ\",\"datePublished\":\"2025-10-21T14:15:51+00:00\",\"dateModified\":\"2025-10-22T14:14:01+00:00\",\"mainEntityOfPage\":{\"@id\":\"https:\/\/agenciainfra.com\/blog\/aneel-rejeita-impedimento-de-mosna-em-processo-da-enel-rj\/\"},\"wordCount\":400,\"publisher\":{\"@id\":\"https:\/\/agenciainfra.com\/blog\/#organization\"},\"image\":{\"@id\":\"https:\/\/agenciainfra.com\/blog\/aneel-rejeita-impedimento-de-mosna-em-processo-da-enel-rj\/#primaryimage\"},\"thumbnailUrl\":\"https:\/\/agenciainfra.com\/blog\/wp-content\/uploads\/2025\/08\/fernando-mosna-foto-michel-jesus-aneel.jpg\",\"keywords\":[\"ANEEL\",\"Enel RJ\",\"Enel S\u00e3o Paulo\",\"Fernando Mosna\",\"Geraldo Campos Jr.\",\"Sandoval Feitosa\"],\"articleSection\":[\"iNFRAEnergia\"],\"inLanguage\":\"pt-BR\",\"copyrightYear\":\"2025\",\"copyrightHolder\":{\"@id\":\"https:\/\/agenciainfra.com\/blog\/#organization\"}},{\"@type\":\"WebPage\",\"@id\":\"https:\/\/agenciainfra.com\/blog\/aneel-rejeita-impedimento-de-mosna-em-processo-da-enel-rj\/\",\"url\":\"https:\/\/agenciainfra.com\/blog\/aneel-rejeita-impedimento-de-mosna-em-processo-da-enel-rj\/\",\"name\":\"ANEEL rejeita impedimento de Mosna em processo da Enel RJ - Ag\u00eancia iNFRA\",\"isPartOf\":{\"@id\":\"https:\/\/agenciainfra.com\/blog\/#website\"},\"primaryImageOfPage\":{\"@id\":\"https:\/\/agenciainfra.com\/blog\/aneel-rejeita-impedimento-de-mosna-em-processo-da-enel-rj\/#primaryimage\"},\"image\":{\"@id\":\"https:\/\/agenciainfra.com\/blog\/aneel-rejeita-impedimento-de-mosna-em-processo-da-enel-rj\/#primaryimage\"},\"thumbnailUrl\":\"https:\/\/agenciainfra.com\/blog\/wp-content\/uploads\/2025\/08\/fernando-mosna-foto-michel-jesus-aneel.jpg\",\"datePublished\":\"2025-10-21T14:15:51+00:00\",\"dateModified\":\"2025-10-22T14:14:01+00:00\",\"breadcrumb\":{\"@id\":\"https:\/\/agenciainfra.com\/blog\/aneel-rejeita-impedimento-de-mosna-em-processo-da-enel-rj\/#breadcrumb\"},\"inLanguage\":\"pt-BR\",\"potentialAction\":[{\"@type\":\"ReadAction\",\"target\":[\"https:\/\/agenciainfra.com\/blog\/aneel-rejeita-impedimento-de-mosna-em-processo-da-enel-rj\/\"]}]},{\"@type\":\"ImageObject\",\"inLanguage\":\"pt-BR\",\"@id\":\"https:\/\/agenciainfra.com\/blog\/aneel-rejeita-impedimento-de-mosna-em-processo-da-enel-rj\/#primaryimage\",\"url\":\"https:\/\/agenciainfra.com\/blog\/wp-content\/uploads\/2025\/08\/fernando-mosna-foto-michel-jesus-aneel.jpg\",\"contentUrl\":\"https:\/\/agenciainfra.com\/blog\/wp-content\/uploads\/2025\/08\/fernando-mosna-foto-michel-jesus-aneel.jpg\",\"width\":1280,\"height\":720,\"caption\":\"Foto: Michel Jesus\/ANEEL\"},{\"@type\":\"BreadcrumbList\",\"@id\":\"https:\/\/agenciainfra.com\/blog\/aneel-rejeita-impedimento-de-mosna-em-processo-da-enel-rj\/#breadcrumb\",\"itemListElement\":[{\"@type\":\"ListItem\",\"position\":1,\"name\":\"In\u00edcio\",\"item\":\"https:\/\/agenciainfra.com\/blog\/\"},{\"@type\":\"ListItem\",\"position\":2,\"name\":\"ANEEL rejeita impedimento de Mosna em processo da Enel RJ\"}]},{\"@type\":\"WebSite\",\"@id\":\"https:\/\/agenciainfra.com\/blog\/#website\",\"url\":\"https:\/\/agenciainfra.com\/blog\/\",\"name\":\"Ag\u00eancia iNFRA\",\"description\":\"Multiplataforma de informa\u00e7\u00e3o jornal\u00edstica refer\u00eancia na \u00e1rea de infraestrutura no Brasil!\",\"publisher\":{\"@id\":\"https:\/\/agenciainfra.com\/blog\/#organization\"},\"potentialAction\":[{\"@type\":\"SearchAction\",\"target\":{\"@type\":\"EntryPoint\",\"urlTemplate\":\"https:\/\/agenciainfra.com\/blog\/?s={search_term_string}\"},\"query-input\":{\"@type\":\"PropertyValueSpecification\",\"valueRequired\":true,\"valueName\":\"search_term_string\"}}],\"inLanguage\":\"pt-BR\"},{\"@type\":\"Organization\",\"@id\":\"https:\/\/agenciainfra.com\/blog\/#organization\",\"name\":\"Ag\u00eancia iNFRA\",\"url\":\"https:\/\/agenciainfra.com\/blog\/\",\"logo\":{\"@type\":\"ImageObject\",\"inLanguage\":\"pt-BR\",\"@id\":\"https:\/\/agenciainfra.com\/blog\/#\/schema\/logo\/image\/\",\"url\":\"https:\/\/agenciainfra.com\/blog\/wp-content\/uploads\/2023\/09\/iNFRA_5-e1761735885940.png\",\"contentUrl\":\"https:\/\/agenciainfra.com\/blog\/wp-content\/uploads\/2023\/09\/iNFRA_5-e1761735885940.png\",\"width\":1672,\"height\":454,\"caption\":\"Ag\u00eancia iNFRA\"},\"image\":{\"@id\":\"https:\/\/agenciainfra.com\/blog\/#\/schema\/logo\/image\/\"},\"sameAs\":[\"https:\/\/www.facebook.com\/ageninfra\",\"https:\/\/x.com\/agencia_infra\",\"https:\/\/www.linkedin.com\/company\/ag\u00eanciainfra\/\",\"https:\/\/www.instagram.com\/agenciainfra\/\"]},{\"@type\":\"Person\",\"@id\":\"https:\/\/agenciainfra.com\/blog\/#\/schema\/person\/34af08dff6adea4cb22b06612ba7acfa\",\"name\":\"Ag\u00eancia iNFRA\",\"image\":{\"@type\":\"ImageObject\",\"inLanguage\":\"pt-BR\",\"@id\":\"https:\/\/agenciainfra.com\/blog\/#\/schema\/person\/image\/\",\"url\":\"https:\/\/secure.gravatar.com\/avatar\/d189e01678f06d8eb84d4e01f08eb848b3fffe3f8443818d3c356c66892f5be8?s=96&d=mm&r=g\",\"contentUrl\":\"https:\/\/secure.gravatar.com\/avatar\/d189e01678f06d8eb84d4e01f08eb848b3fffe3f8443818d3c356c66892f5be8?s=96&d=mm&r=g\",\"caption\":\"Ag\u00eancia iNFRA\"},\"url\":\"https:\/\/agenciainfra.com\/blog\/author\/admin\/\"}]}<\/script>\n<!-- \/ Yoast SEO Premium plugin. -->","yoast_head_json":{"title":"ANEEL rejeita impedimento de Mosna em processo da Enel RJ - Ag\u00eancia iNFRA","robots":{"index":"index","follow":"follow","max-snippet":"max-snippet:-1","max-image-preview":"max-image-preview:large","max-video-preview":"max-video-preview:-1"},"canonical":"https:\/\/agenciainfra.com\/blog\/aneel-rejeita-impedimento-de-mosna-em-processo-da-enel-rj\/","og_locale":"pt_BR","og_type":"article","og_title":"ANEEL rejeita impedimento de Mosna em processo da Enel RJ","og_description":"Geraldo Campos Jr., da Ag\u00eancia iNFRA A diretoria colegiada da ANEEL (Ag\u00eancia Nacional de Energia El\u00e9trica) rejeitou, na reuni\u00e3o de diretoria desta ter\u00e7a-feira (21), com votos dos quatro diretores presentes, o impedimento do diretor Fernando Mosna de atuar como relator em processos da Enel Rio de Janeiro, como requerido pela distribuidora. Os diretores afirmaram, ao [&hellip;]","og_url":"https:\/\/agenciainfra.com\/blog\/aneel-rejeita-impedimento-de-mosna-em-processo-da-enel-rj\/","og_site_name":"Ag\u00eancia iNFRA","article_publisher":"https:\/\/www.facebook.com\/ageninfra","article_published_time":"2025-10-21T14:15:51+00:00","article_modified_time":"2025-10-22T14:14:01+00:00","og_image":[{"width":1280,"height":720,"url":"https:\/\/agenciainfra.com\/blog\/wp-content\/uploads\/2025\/08\/fernando-mosna-foto-michel-jesus-aneel.jpg","type":"image\/jpeg"}],"author":"Ag\u00eancia iNFRA","twitter_card":"summary_large_image","twitter_creator":"@agencia_infra","twitter_site":"@agencia_infra","twitter_misc":{"Escrito por":"Ag\u00eancia iNFRA","Est. tempo de leitura":"2 minutos"},"schema":{"@context":"https:\/\/schema.org","@graph":[{"@type":"Article","@id":"https:\/\/agenciainfra.com\/blog\/aneel-rejeita-impedimento-de-mosna-em-processo-da-enel-rj\/#article","isPartOf":{"@id":"https:\/\/agenciainfra.com\/blog\/aneel-rejeita-impedimento-de-mosna-em-processo-da-enel-rj\/"},"author":{"name":"Ag\u00eancia iNFRA","@id":"https:\/\/agenciainfra.com\/blog\/#\/schema\/person\/34af08dff6adea4cb22b06612ba7acfa"},"headline":"ANEEL rejeita impedimento de Mosna em processo da Enel RJ","datePublished":"2025-10-21T14:15:51+00:00","dateModified":"2025-10-22T14:14:01+00:00","mainEntityOfPage":{"@id":"https:\/\/agenciainfra.com\/blog\/aneel-rejeita-impedimento-de-mosna-em-processo-da-enel-rj\/"},"wordCount":400,"publisher":{"@id":"https:\/\/agenciainfra.com\/blog\/#organization"},"image":{"@id":"https:\/\/agenciainfra.com\/blog\/aneel-rejeita-impedimento-de-mosna-em-processo-da-enel-rj\/#primaryimage"},"thumbnailUrl":"https:\/\/agenciainfra.com\/blog\/wp-content\/uploads\/2025\/08\/fernando-mosna-foto-michel-jesus-aneel.jpg","keywords":["ANEEL","Enel RJ","Enel S\u00e3o Paulo","Fernando Mosna","Geraldo Campos Jr.","Sandoval Feitosa"],"articleSection":["iNFRAEnergia"],"inLanguage":"pt-BR","copyrightYear":"2025","copyrightHolder":{"@id":"https:\/\/agenciainfra.com\/blog\/#organization"}},{"@type":"WebPage","@id":"https:\/\/agenciainfra.com\/blog\/aneel-rejeita-impedimento-de-mosna-em-processo-da-enel-rj\/","url":"https:\/\/agenciainfra.com\/blog\/aneel-rejeita-impedimento-de-mosna-em-processo-da-enel-rj\/","name":"ANEEL rejeita impedimento de Mosna em processo da Enel RJ - Ag\u00eancia iNFRA","isPartOf":{"@id":"https:\/\/agenciainfra.com\/blog\/#website"},"primaryImageOfPage":{"@id":"https:\/\/agenciainfra.com\/blog\/aneel-rejeita-impedimento-de-mosna-em-processo-da-enel-rj\/#primaryimage"},"image":{"@id":"https:\/\/agenciainfra.com\/blog\/aneel-rejeita-impedimento-de-mosna-em-processo-da-enel-rj\/#primaryimage"},"thumbnailUrl":"https:\/\/agenciainfra.com\/blog\/wp-content\/uploads\/2025\/08\/fernando-mosna-foto-michel-jesus-aneel.jpg","datePublished":"2025-10-21T14:15:51+00:00","dateModified":"2025-10-22T14:14:01+00:00","breadcrumb":{"@id":"https:\/\/agenciainfra.com\/blog\/aneel-rejeita-impedimento-de-mosna-em-processo-da-enel-rj\/#breadcrumb"},"inLanguage":"pt-BR","potentialAction":[{"@type":"ReadAction","target":["https:\/\/agenciainfra.com\/blog\/aneel-rejeita-impedimento-de-mosna-em-processo-da-enel-rj\/"]}]},{"@type":"ImageObject","inLanguage":"pt-BR","@id":"https:\/\/agenciainfra.com\/blog\/aneel-rejeita-impedimento-de-mosna-em-processo-da-enel-rj\/#primaryimage","url":"https:\/\/agenciainfra.com\/blog\/wp-content\/uploads\/2025\/08\/fernando-mosna-foto-michel-jesus-aneel.jpg","contentUrl":"https:\/\/agenciainfra.com\/blog\/wp-content\/uploads\/2025\/08\/fernando-mosna-foto-michel-jesus-aneel.jpg","width":1280,"height":720,"caption":"Foto: Michel Jesus\/ANEEL"},{"@type":"BreadcrumbList","@id":"https:\/\/agenciainfra.com\/blog\/aneel-rejeita-impedimento-de-mosna-em-processo-da-enel-rj\/#breadcrumb","itemListElement":[{"@type":"ListItem","position":1,"name":"In\u00edcio","item":"https:\/\/agenciainfra.com\/blog\/"},{"@type":"ListItem","position":2,"name":"ANEEL rejeita impedimento de Mosna em processo da Enel RJ"}]},{"@type":"WebSite","@id":"https:\/\/agenciainfra.com\/blog\/#website","url":"https:\/\/agenciainfra.com\/blog\/","name":"Ag\u00eancia iNFRA","description":"Multiplataforma de informa\u00e7\u00e3o jornal\u00edstica refer\u00eancia na \u00e1rea de infraestrutura no Brasil!","publisher":{"@id":"https:\/\/agenciainfra.com\/blog\/#organization"},"potentialAction":[{"@type":"SearchAction","target":{"@type":"EntryPoint","urlTemplate":"https:\/\/agenciainfra.com\/blog\/?s={search_term_string}"},"query-input":{"@type":"PropertyValueSpecification","valueRequired":true,"valueName":"search_term_string"}}],"inLanguage":"pt-BR"},{"@type":"Organization","@id":"https:\/\/agenciainfra.com\/blog\/#organization","name":"Ag\u00eancia iNFRA","url":"https:\/\/agenciainfra.com\/blog\/","logo":{"@type":"ImageObject","inLanguage":"pt-BR","@id":"https:\/\/agenciainfra.com\/blog\/#\/schema\/logo\/image\/","url":"https:\/\/agenciainfra.com\/blog\/wp-content\/uploads\/2023\/09\/iNFRA_5-e1761735885940.png","contentUrl":"https:\/\/agenciainfra.com\/blog\/wp-content\/uploads\/2023\/09\/iNFRA_5-e1761735885940.png","width":1672,"height":454,"caption":"Ag\u00eancia iNFRA"},"image":{"@id":"https:\/\/agenciainfra.com\/blog\/#\/schema\/logo\/image\/"},"sameAs":["https:\/\/www.facebook.com\/ageninfra","https:\/\/x.com\/agencia_infra","https:\/\/www.linkedin.com\/company\/ag\u00eanciainfra\/","https:\/\/www.instagram.com\/agenciainfra\/"]},{"@type":"Person","@id":"https:\/\/agenciainfra.com\/blog\/#\/schema\/person\/34af08dff6adea4cb22b06612ba7acfa","name":"Ag\u00eancia iNFRA","image":{"@type":"ImageObject","inLanguage":"pt-BR","@id":"https:\/\/agenciainfra.com\/blog\/#\/schema\/person\/image\/","url":"https:\/\/secure.gravatar.com\/avatar\/d189e01678f06d8eb84d4e01f08eb848b3fffe3f8443818d3c356c66892f5be8?s=96&d=mm&r=g","contentUrl":"https:\/\/secure.gravatar.com\/avatar\/d189e01678f06d8eb84d4e01f08eb848b3fffe3f8443818d3c356c66892f5be8?s=96&d=mm&r=g","caption":"Ag\u00eancia iNFRA"},"url":"https:\/\/agenciainfra.com\/blog\/author\/admin\/"}]}},"_links":{"self":[{"href":"https:\/\/agenciainfra.com\/blog\/wp-json\/wp\/v2\/posts\/30215","targetHints":{"allow":["GET"]}}],"collection":[{"href":"https:\/\/agenciainfra.com\/blog\/wp-json\/wp\/v2\/posts"}],"about":[{"href":"https:\/\/agenciainfra.com\/blog\/wp-json\/wp\/v2\/types\/post"}],"author":[{"embeddable":true,"href":"https:\/\/agenciainfra.com\/blog\/wp-json\/wp\/v2\/users\/1"}],"replies":[{"embeddable":true,"href":"https:\/\/agenciainfra.com\/blog\/wp-json\/wp\/v2\/comments?post=30215"}],"version-history":[{"count":6,"href":"https:\/\/agenciainfra.com\/blog\/wp-json\/wp\/v2\/posts\/30215\/revisions"}],"predecessor-version":[{"id":33569,"href":"https:\/\/agenciainfra.com\/blog\/wp-json\/wp\/v2\/posts\/30215\/revisions\/33569"}],"wp:featuredmedia":[{"embeddable":true,"href":"https:\/\/agenciainfra.com\/blog\/wp-json\/wp\/v2\/media\/25809"}],"wp:attachment":[{"href":"https:\/\/agenciainfra.com\/blog\/wp-json\/wp\/v2\/media?parent=30215"}],"wp:term":[{"taxonomy":"category","embeddable":true,"href":"https:\/\/agenciainfra.com\/blog\/wp-json\/wp\/v2\/categories?post=30215"},{"taxonomy":"post_tag","embeddable":true,"href":"https:\/\/agenciainfra.com\/blog\/wp-json\/wp\/v2\/tags?post=30215"}],"curies":[{"name":"wp","href":"https:\/\/api.w.org\/{rel}","templated":true}]}}