{"id":30228,"date":"2025-10-21T13:08:50","date_gmt":"2025-10-21T16:08:50","guid":{"rendered":"https:\/\/agenciainfra.com\/blog\/?p=30228"},"modified":"2025-10-21T13:16:21","modified_gmt":"2025-10-21T16:16:21","slug":"governo-qualifica-nove-unidades-de-conservacao-para-concessao-florestal","status":"publish","type":"post","link":"https:\/\/agenciainfra.com\/blog\/governo-qualifica-nove-unidades-de-conservacao-para-concessao-florestal\/","title":{"rendered":"Governo qualifica nove unidades de conserva\u00e7\u00e3o para concess\u00e3o florestal"},"content":{"rendered":"\n<p class=\"has-text-align-right\"><strong>da Ag\u00eancia iNFRA <\/strong><\/p>\n\n\n\n<p>O governo federal publicou nesta ter\u00e7a-feira (21) o <a href=\"https:\/\/www.in.gov.br\/en\/web\/dou\/-\/decreto-n-12.685-de-20-de-outubro-de-2025-663696894\">Decreto n\u00ba 12.685<\/a>, que qualifica nove unidades de conserva\u00e7\u00e3o para fins de concess\u00e3o florestal no \u00e2mbito do PPI (Programa de Parcerias de Investimentos).<\/p>\n\n\n\n<p>As unidades inclu\u00eddas pelo decreto est\u00e3o localizadas nos estados do Par\u00e1, Roraima, Amazonas, Mato Grosso e Rond\u00f4nia, entre elas a Floresta Nacional de Altamira, o Parque Nacional do Jamanxim e o Parque Nacional dos Campos Amaz\u00f4nicos. O documento estabelece a base legal para que essas \u00e1reas sejam concedidas, com regras e crit\u00e9rios para sua explora\u00e7\u00e3o.<\/p>\n\n\n\n<p>O SFB (Servi\u00e7o Florestal Brasileiro), ligado ao MMA (Minist\u00e9rio do Meio Ambiente e Mudan\u00e7a do Clima), ser\u00e1 respons\u00e1vel por disciplinar e conduzir o processo de outorga das concess\u00f5es florestais.<\/p>\n","protected":false},"excerpt":{"rendered":"<p>da Ag\u00eancia iNFRA O governo federal publicou nesta ter\u00e7a-feira (21) o Decreto n\u00ba 12.685, que qualifica nove unidades de conserva\u00e7\u00e3o para fins de concess\u00e3o florestal no \u00e2mbito do PPI (Programa de Parcerias de Investimentos). As unidades inclu\u00eddas pelo decreto est\u00e3o localizadas nos estados do Par\u00e1, Roraima, Amazonas, Mato Grosso e Rond\u00f4nia, entre elas a Floresta [&hellip;]<\/p>\n","protected":false},"author":1,"featured_media":12737,"comment_status":"closed","ping_status":"closed","sticky":false,"template":"","format":"standard","meta":{"_monsterinsights_skip_tracking":false,"_monsterinsights_sitenote_active":false,"_monsterinsights_sitenote_note":"","_monsterinsights_sitenote_category":0,"footnotes":""},"categories":[13576],"tags":[6789,309,2722,9554,786,9280],"class_list":["post-30228","post","type-post","status-publish","format-standard","has-post-thumbnail","hentry","category-giro-infra","tag-concessao-florestal","tag-decreto","tag-governo-federal","tag-mma","tag-programa-de-parcerias-de-investimentos","tag-servico-florestal-brasileiro"],"yoast_head":"<!-- This site is optimized with the Yoast SEO Premium plugin v25.4 (Yoast SEO v26.0) - https:\/\/yoast.com\/wordpress\/plugins\/seo\/ -->\n<title>Governo qualifica nove unidades de conserva\u00e7\u00e3o para concess\u00e3o florestal - Ag\u00eancia iNFRA<\/title>\n<meta name=\"robots\" content=\"index, follow, max-snippet:-1, max-image-preview:large, max-video-preview:-1\" \/>\n<link rel=\"canonical\" href=\"https:\/\/agenciainfra.com\/blog\/governo-qualifica-nove-unidades-de-conservacao-para-concessao-florestal\/\" \/>\n<meta property=\"og:locale\" content=\"pt_BR\" \/>\n<meta property=\"og:type\" content=\"article\" \/>\n<meta property=\"og:title\" content=\"Governo qualifica nove unidades de conserva\u00e7\u00e3o para concess\u00e3o florestal\" \/>\n<meta property=\"og:description\" content=\"da Ag\u00eancia iNFRA O governo federal publicou nesta ter\u00e7a-feira (21) o Decreto n\u00ba 12.685, que qualifica nove unidades de conserva\u00e7\u00e3o para fins de concess\u00e3o florestal no \u00e2mbito do PPI (Programa de Parcerias de Investimentos). As unidades inclu\u00eddas pelo decreto est\u00e3o localizadas nos estados do Par\u00e1, Roraima, Amazonas, Mato Grosso e Rond\u00f4nia, entre elas a Floresta [&hellip;]\" \/>\n<meta property=\"og:url\" content=\"https:\/\/agenciainfra.com\/blog\/governo-qualifica-nove-unidades-de-conservacao-para-concessao-florestal\/\" \/>\n<meta property=\"og:site_name\" content=\"Ag\u00eancia iNFRA\" \/>\n<meta property=\"article:publisher\" content=\"https:\/\/www.facebook.com\/ageninfra\" \/>\n<meta property=\"article:published_time\" content=\"2025-10-21T16:08:50+00:00\" \/>\n<meta property=\"article:modified_time\" content=\"2025-10-21T16:16:21+00:00\" \/>\n<meta property=\"og:image\" content=\"https:\/\/agenciainfra.com\/blog\/wp-content\/uploads\/2023\/05\/floresta-amazonica-foto-tv-brasil-reproducao.jpeg\" \/>\n\t<meta property=\"og:image:width\" content=\"1337\" \/>\n\t<meta property=\"og:image:height\" content=\"800\" \/>\n\t<meta property=\"og:image:type\" content=\"image\/jpeg\" \/>\n<meta name=\"author\" content=\"Ag\u00eancia iNFRA\" \/>\n<meta name=\"twitter:card\" content=\"summary_large_image\" \/>\n<meta name=\"twitter:creator\" content=\"@agencia_infra\" \/>\n<meta name=\"twitter:site\" content=\"@agencia_infra\" \/>\n<meta name=\"twitter:label1\" content=\"Escrito por\" \/>\n\t<meta name=\"twitter:data1\" content=\"Ag\u00eancia iNFRA\" \/>\n\t<meta name=\"twitter:label2\" content=\"Est. tempo de leitura\" \/>\n\t<meta name=\"twitter:data2\" content=\"1 minuto\" \/>\n<script type=\"application\/ld+json\" class=\"yoast-schema-graph\">{\"@context\":\"https:\/\/schema.org\",\"@graph\":[{\"@type\":\"Article\",\"@id\":\"https:\/\/agenciainfra.com\/blog\/governo-qualifica-nove-unidades-de-conservacao-para-concessao-florestal\/#article\",\"isPartOf\":{\"@id\":\"https:\/\/agenciainfra.com\/blog\/governo-qualifica-nove-unidades-de-conservacao-para-concessao-florestal\/\"},\"author\":{\"name\":\"Ag\u00eancia iNFRA\",\"@id\":\"https:\/\/agenciainfra.com\/blog\/#\/schema\/person\/34af08dff6adea4cb22b06612ba7acfa\"},\"headline\":\"Governo qualifica nove unidades de conserva\u00e7\u00e3o para concess\u00e3o florestal\",\"datePublished\":\"2025-10-21T16:08:50+00:00\",\"dateModified\":\"2025-10-21T16:16:21+00:00\",\"mainEntityOfPage\":{\"@id\":\"https:\/\/agenciainfra.com\/blog\/governo-qualifica-nove-unidades-de-conservacao-para-concessao-florestal\/\"},\"wordCount\":142,\"publisher\":{\"@id\":\"https:\/\/agenciainfra.com\/blog\/#organization\"},\"image\":{\"@id\":\"https:\/\/agenciainfra.com\/blog\/governo-qualifica-nove-unidades-de-conservacao-para-concessao-florestal\/#primaryimage\"},\"thumbnailUrl\":\"https:\/\/agenciainfra.com\/blog\/wp-content\/uploads\/2023\/05\/floresta-amazonica-foto-tv-brasil-reproducao.jpeg\",\"keywords\":[\"concess\u00e3o florestal\",\"Decreto\",\"governo federal\",\"MMA\",\"Programa de Parcerias de Investimentos\",\"Servi\u00e7o Florestal Brasileiro\"],\"articleSection\":[\"Giro iNFRA\"],\"inLanguage\":\"pt-BR\",\"copyrightYear\":\"2025\",\"copyrightHolder\":{\"@id\":\"https:\/\/agenciainfra.com\/blog\/#organization\"}},{\"@type\":\"WebPage\",\"@id\":\"https:\/\/agenciainfra.com\/blog\/governo-qualifica-nove-unidades-de-conservacao-para-concessao-florestal\/\",\"url\":\"https:\/\/agenciainfra.com\/blog\/governo-qualifica-nove-unidades-de-conservacao-para-concessao-florestal\/\",\"name\":\"Governo qualifica nove unidades de conserva\u00e7\u00e3o para concess\u00e3o florestal - Ag\u00eancia iNFRA\",\"isPartOf\":{\"@id\":\"https:\/\/agenciainfra.com\/blog\/#website\"},\"primaryImageOfPage\":{\"@id\":\"https:\/\/agenciainfra.com\/blog\/governo-qualifica-nove-unidades-de-conservacao-para-concessao-florestal\/#primaryimage\"},\"image\":{\"@id\":\"https:\/\/agenciainfra.com\/blog\/governo-qualifica-nove-unidades-de-conservacao-para-concessao-florestal\/#primaryimage\"},\"thumbnailUrl\":\"https:\/\/agenciainfra.com\/blog\/wp-content\/uploads\/2023\/05\/floresta-amazonica-foto-tv-brasil-reproducao.jpeg\",\"datePublished\":\"2025-10-21T16:08:50+00:00\",\"dateModified\":\"2025-10-21T16:16:21+00:00\",\"breadcrumb\":{\"@id\":\"https:\/\/agenciainfra.com\/blog\/governo-qualifica-nove-unidades-de-conservacao-para-concessao-florestal\/#breadcrumb\"},\"inLanguage\":\"pt-BR\",\"potentialAction\":[{\"@type\":\"ReadAction\",\"target\":[\"https:\/\/agenciainfra.com\/blog\/governo-qualifica-nove-unidades-de-conservacao-para-concessao-florestal\/\"]}]},{\"@type\":\"ImageObject\",\"inLanguage\":\"pt-BR\",\"@id\":\"https:\/\/agenciainfra.com\/blog\/governo-qualifica-nove-unidades-de-conservacao-para-concessao-florestal\/#primaryimage\",\"url\":\"https:\/\/agenciainfra.com\/blog\/wp-content\/uploads\/2023\/05\/floresta-amazonica-foto-tv-brasil-reproducao.jpeg\",\"contentUrl\":\"https:\/\/agenciainfra.com\/blog\/wp-content\/uploads\/2023\/05\/floresta-amazonica-foto-tv-brasil-reproducao.jpeg\",\"width\":1337,\"height\":800,\"caption\":\"Foto: Reprodu\u00e7\u00e3o\/TV Brasil\"},{\"@type\":\"BreadcrumbList\",\"@id\":\"https:\/\/agenciainfra.com\/blog\/governo-qualifica-nove-unidades-de-conservacao-para-concessao-florestal\/#breadcrumb\",\"itemListElement\":[{\"@type\":\"ListItem\",\"position\":1,\"name\":\"In\u00edcio\",\"item\":\"https:\/\/agenciainfra.com\/blog\/\"},{\"@type\":\"ListItem\",\"position\":2,\"name\":\"Governo qualifica nove unidades de conserva\u00e7\u00e3o para concess\u00e3o florestal\"}]},{\"@type\":\"WebSite\",\"@id\":\"https:\/\/agenciainfra.com\/blog\/#website\",\"url\":\"https:\/\/agenciainfra.com\/blog\/\",\"name\":\"Ag\u00eancia iNFRA\",\"description\":\"Multiplataforma de informa\u00e7\u00e3o jornal\u00edstica refer\u00eancia na \u00e1rea de infraestrutura no Brasil!\",\"publisher\":{\"@id\":\"https:\/\/agenciainfra.com\/blog\/#organization\"},\"potentialAction\":[{\"@type\":\"SearchAction\",\"target\":{\"@type\":\"EntryPoint\",\"urlTemplate\":\"https:\/\/agenciainfra.com\/blog\/?s={search_term_string}\"},\"query-input\":{\"@type\":\"PropertyValueSpecification\",\"valueRequired\":true,\"valueName\":\"search_term_string\"}}],\"inLanguage\":\"pt-BR\"},{\"@type\":\"Organization\",\"@id\":\"https:\/\/agenciainfra.com\/blog\/#organization\",\"name\":\"Ag\u00eancia iNFRA\",\"url\":\"https:\/\/agenciainfra.com\/blog\/\",\"logo\":{\"@type\":\"ImageObject\",\"inLanguage\":\"pt-BR\",\"@id\":\"https:\/\/agenciainfra.com\/blog\/#\/schema\/logo\/image\/\",\"url\":\"https:\/\/agenciainfra.com\/blog\/wp-content\/uploads\/2023\/09\/iNFRA_5-e1761735885940.png\",\"contentUrl\":\"https:\/\/agenciainfra.com\/blog\/wp-content\/uploads\/2023\/09\/iNFRA_5-e1761735885940.png\",\"width\":1672,\"height\":454,\"caption\":\"Ag\u00eancia iNFRA\"},\"image\":{\"@id\":\"https:\/\/agenciainfra.com\/blog\/#\/schema\/logo\/image\/\"},\"sameAs\":[\"https:\/\/www.facebook.com\/ageninfra\",\"https:\/\/x.com\/agencia_infra\",\"https:\/\/www.linkedin.com\/company\/ag\u00eanciainfra\/\",\"https:\/\/www.instagram.com\/agenciainfra\/\"]},{\"@type\":\"Person\",\"@id\":\"https:\/\/agenciainfra.com\/blog\/#\/schema\/person\/34af08dff6adea4cb22b06612ba7acfa\",\"name\":\"Ag\u00eancia iNFRA\",\"image\":{\"@type\":\"ImageObject\",\"inLanguage\":\"pt-BR\",\"@id\":\"https:\/\/agenciainfra.com\/blog\/#\/schema\/person\/image\/\",\"url\":\"https:\/\/secure.gravatar.com\/avatar\/d189e01678f06d8eb84d4e01f08eb848b3fffe3f8443818d3c356c66892f5be8?s=96&d=mm&r=g\",\"contentUrl\":\"https:\/\/secure.gravatar.com\/avatar\/d189e01678f06d8eb84d4e01f08eb848b3fffe3f8443818d3c356c66892f5be8?s=96&d=mm&r=g\",\"caption\":\"Ag\u00eancia iNFRA\"},\"url\":\"https:\/\/agenciainfra.com\/blog\/author\/admin\/\"}]}<\/script>\n<!-- \/ Yoast SEO Premium plugin. -->","yoast_head_json":{"title":"Governo qualifica nove unidades de conserva\u00e7\u00e3o para concess\u00e3o florestal - Ag\u00eancia iNFRA","robots":{"index":"index","follow":"follow","max-snippet":"max-snippet:-1","max-image-preview":"max-image-preview:large","max-video-preview":"max-video-preview:-1"},"canonical":"https:\/\/agenciainfra.com\/blog\/governo-qualifica-nove-unidades-de-conservacao-para-concessao-florestal\/","og_locale":"pt_BR","og_type":"article","og_title":"Governo qualifica nove unidades de conserva\u00e7\u00e3o para concess\u00e3o florestal","og_description":"da Ag\u00eancia iNFRA O governo federal publicou nesta ter\u00e7a-feira (21) o Decreto n\u00ba 12.685, que qualifica nove unidades de conserva\u00e7\u00e3o para fins de concess\u00e3o florestal no \u00e2mbito do PPI (Programa de Parcerias de Investimentos). As unidades inclu\u00eddas pelo decreto est\u00e3o localizadas nos estados do Par\u00e1, Roraima, Amazonas, Mato Grosso e Rond\u00f4nia, entre elas a Floresta [&hellip;]","og_url":"https:\/\/agenciainfra.com\/blog\/governo-qualifica-nove-unidades-de-conservacao-para-concessao-florestal\/","og_site_name":"Ag\u00eancia iNFRA","article_publisher":"https:\/\/www.facebook.com\/ageninfra","article_published_time":"2025-10-21T16:08:50+00:00","article_modified_time":"2025-10-21T16:16:21+00:00","og_image":[{"width":1337,"height":800,"url":"https:\/\/agenciainfra.com\/blog\/wp-content\/uploads\/2023\/05\/floresta-amazonica-foto-tv-brasil-reproducao.jpeg","type":"image\/jpeg"}],"author":"Ag\u00eancia iNFRA","twitter_card":"summary_large_image","twitter_creator":"@agencia_infra","twitter_site":"@agencia_infra","twitter_misc":{"Escrito por":"Ag\u00eancia iNFRA","Est. tempo de leitura":"1 minuto"},"schema":{"@context":"https:\/\/schema.org","@graph":[{"@type":"Article","@id":"https:\/\/agenciainfra.com\/blog\/governo-qualifica-nove-unidades-de-conservacao-para-concessao-florestal\/#article","isPartOf":{"@id":"https:\/\/agenciainfra.com\/blog\/governo-qualifica-nove-unidades-de-conservacao-para-concessao-florestal\/"},"author":{"name":"Ag\u00eancia iNFRA","@id":"https:\/\/agenciainfra.com\/blog\/#\/schema\/person\/34af08dff6adea4cb22b06612ba7acfa"},"headline":"Governo qualifica nove unidades de conserva\u00e7\u00e3o para concess\u00e3o florestal","datePublished":"2025-10-21T16:08:50+00:00","dateModified":"2025-10-21T16:16:21+00:00","mainEntityOfPage":{"@id":"https:\/\/agenciainfra.com\/blog\/governo-qualifica-nove-unidades-de-conservacao-para-concessao-florestal\/"},"wordCount":142,"publisher":{"@id":"https:\/\/agenciainfra.com\/blog\/#organization"},"image":{"@id":"https:\/\/agenciainfra.com\/blog\/governo-qualifica-nove-unidades-de-conservacao-para-concessao-florestal\/#primaryimage"},"thumbnailUrl":"https:\/\/agenciainfra.com\/blog\/wp-content\/uploads\/2023\/05\/floresta-amazonica-foto-tv-brasil-reproducao.jpeg","keywords":["concess\u00e3o florestal","Decreto","governo federal","MMA","Programa de Parcerias de Investimentos","Servi\u00e7o Florestal Brasileiro"],"articleSection":["Giro iNFRA"],"inLanguage":"pt-BR","copyrightYear":"2025","copyrightHolder":{"@id":"https:\/\/agenciainfra.com\/blog\/#organization"}},{"@type":"WebPage","@id":"https:\/\/agenciainfra.com\/blog\/governo-qualifica-nove-unidades-de-conservacao-para-concessao-florestal\/","url":"https:\/\/agenciainfra.com\/blog\/governo-qualifica-nove-unidades-de-conservacao-para-concessao-florestal\/","name":"Governo qualifica nove unidades de conserva\u00e7\u00e3o para concess\u00e3o florestal - Ag\u00eancia iNFRA","isPartOf":{"@id":"https:\/\/agenciainfra.com\/blog\/#website"},"primaryImageOfPage":{"@id":"https:\/\/agenciainfra.com\/blog\/governo-qualifica-nove-unidades-de-conservacao-para-concessao-florestal\/#primaryimage"},"image":{"@id":"https:\/\/agenciainfra.com\/blog\/governo-qualifica-nove-unidades-de-conservacao-para-concessao-florestal\/#primaryimage"},"thumbnailUrl":"https:\/\/agenciainfra.com\/blog\/wp-content\/uploads\/2023\/05\/floresta-amazonica-foto-tv-brasil-reproducao.jpeg","datePublished":"2025-10-21T16:08:50+00:00","dateModified":"2025-10-21T16:16:21+00:00","breadcrumb":{"@id":"https:\/\/agenciainfra.com\/blog\/governo-qualifica-nove-unidades-de-conservacao-para-concessao-florestal\/#breadcrumb"},"inLanguage":"pt-BR","potentialAction":[{"@type":"ReadAction","target":["https:\/\/agenciainfra.com\/blog\/governo-qualifica-nove-unidades-de-conservacao-para-concessao-florestal\/"]}]},{"@type":"ImageObject","inLanguage":"pt-BR","@id":"https:\/\/agenciainfra.com\/blog\/governo-qualifica-nove-unidades-de-conservacao-para-concessao-florestal\/#primaryimage","url":"https:\/\/agenciainfra.com\/blog\/wp-content\/uploads\/2023\/05\/floresta-amazonica-foto-tv-brasil-reproducao.jpeg","contentUrl":"https:\/\/agenciainfra.com\/blog\/wp-content\/uploads\/2023\/05\/floresta-amazonica-foto-tv-brasil-reproducao.jpeg","width":1337,"height":800,"caption":"Foto: Reprodu\u00e7\u00e3o\/TV Brasil"},{"@type":"BreadcrumbList","@id":"https:\/\/agenciainfra.com\/blog\/governo-qualifica-nove-unidades-de-conservacao-para-concessao-florestal\/#breadcrumb","itemListElement":[{"@type":"ListItem","position":1,"name":"In\u00edcio","item":"https:\/\/agenciainfra.com\/blog\/"},{"@type":"ListItem","position":2,"name":"Governo qualifica nove unidades de conserva\u00e7\u00e3o para concess\u00e3o florestal"}]},{"@type":"WebSite","@id":"https:\/\/agenciainfra.com\/blog\/#website","url":"https:\/\/agenciainfra.com\/blog\/","name":"Ag\u00eancia iNFRA","description":"Multiplataforma de informa\u00e7\u00e3o jornal\u00edstica refer\u00eancia na \u00e1rea de infraestrutura no Brasil!","publisher":{"@id":"https:\/\/agenciainfra.com\/blog\/#organization"},"potentialAction":[{"@type":"SearchAction","target":{"@type":"EntryPoint","urlTemplate":"https:\/\/agenciainfra.com\/blog\/?s={search_term_string}"},"query-input":{"@type":"PropertyValueSpecification","valueRequired":true,"valueName":"search_term_string"}}],"inLanguage":"pt-BR"},{"@type":"Organization","@id":"https:\/\/agenciainfra.com\/blog\/#organization","name":"Ag\u00eancia iNFRA","url":"https:\/\/agenciainfra.com\/blog\/","logo":{"@type":"ImageObject","inLanguage":"pt-BR","@id":"https:\/\/agenciainfra.com\/blog\/#\/schema\/logo\/image\/","url":"https:\/\/agenciainfra.com\/blog\/wp-content\/uploads\/2023\/09\/iNFRA_5-e1761735885940.png","contentUrl":"https:\/\/agenciainfra.com\/blog\/wp-content\/uploads\/2023\/09\/iNFRA_5-e1761735885940.png","width":1672,"height":454,"caption":"Ag\u00eancia iNFRA"},"image":{"@id":"https:\/\/agenciainfra.com\/blog\/#\/schema\/logo\/image\/"},"sameAs":["https:\/\/www.facebook.com\/ageninfra","https:\/\/x.com\/agencia_infra","https:\/\/www.linkedin.com\/company\/ag\u00eanciainfra\/","https:\/\/www.instagram.com\/agenciainfra\/"]},{"@type":"Person","@id":"https:\/\/agenciainfra.com\/blog\/#\/schema\/person\/34af08dff6adea4cb22b06612ba7acfa","name":"Ag\u00eancia iNFRA","image":{"@type":"ImageObject","inLanguage":"pt-BR","@id":"https:\/\/agenciainfra.com\/blog\/#\/schema\/person\/image\/","url":"https:\/\/secure.gravatar.com\/avatar\/d189e01678f06d8eb84d4e01f08eb848b3fffe3f8443818d3c356c66892f5be8?s=96&d=mm&r=g","contentUrl":"https:\/\/secure.gravatar.com\/avatar\/d189e01678f06d8eb84d4e01f08eb848b3fffe3f8443818d3c356c66892f5be8?s=96&d=mm&r=g","caption":"Ag\u00eancia iNFRA"},"url":"https:\/\/agenciainfra.com\/blog\/author\/admin\/"}]}},"_links":{"self":[{"href":"https:\/\/agenciainfra.com\/blog\/wp-json\/wp\/v2\/posts\/30228","targetHints":{"allow":["GET"]}}],"collection":[{"href":"https:\/\/agenciainfra.com\/blog\/wp-json\/wp\/v2\/posts"}],"about":[{"href":"https:\/\/agenciainfra.com\/blog\/wp-json\/wp\/v2\/types\/post"}],"author":[{"embeddable":true,"href":"https:\/\/agenciainfra.com\/blog\/wp-json\/wp\/v2\/users\/1"}],"replies":[{"embeddable":true,"href":"https:\/\/agenciainfra.com\/blog\/wp-json\/wp\/v2\/comments?post=30228"}],"version-history":[{"count":2,"href":"https:\/\/agenciainfra.com\/blog\/wp-json\/wp\/v2\/posts\/30228\/revisions"}],"predecessor-version":[{"id":30245,"href":"https:\/\/agenciainfra.com\/blog\/wp-json\/wp\/v2\/posts\/30228\/revisions\/30245"}],"wp:featuredmedia":[{"embeddable":true,"href":"https:\/\/agenciainfra.com\/blog\/wp-json\/wp\/v2\/media\/12737"}],"wp:attachment":[{"href":"https:\/\/agenciainfra.com\/blog\/wp-json\/wp\/v2\/media?parent=30228"}],"wp:term":[{"taxonomy":"category","embeddable":true,"href":"https:\/\/agenciainfra.com\/blog\/wp-json\/wp\/v2\/categories?post=30228"},{"taxonomy":"post_tag","embeddable":true,"href":"https:\/\/agenciainfra.com\/blog\/wp-json\/wp\/v2\/tags?post=30228"}],"curies":[{"name":"wp","href":"https:\/\/api.w.org\/{rel}","templated":true}]}}