{"id":30272,"date":"2025-10-21T17:51:33","date_gmt":"2025-10-21T20:51:33","guid":{"rendered":"https:\/\/agenciainfra.com\/blog\/?p=30272"},"modified":"2025-10-22T12:09:39","modified_gmt":"2025-10-22T15:09:39","slug":"consumidores-serao-ressarcidos-por-apagoes-prolongados-decide-aneel","status":"publish","type":"post","link":"https:\/\/agenciainfra.com\/blog\/consumidores-serao-ressarcidos-por-apagoes-prolongados-decide-aneel\/","title":{"rendered":"Consumidores ser\u00e3o ressarcidos por apag\u00f5es prolongados, decide ANEEL"},"content":{"rendered":"\n<p class=\"has-text-align-right\"><strong>Geraldo Campos Jr., da Ag\u00eancia iNFRA<\/strong><\/p>\n\n\n\n<p>A diretoria da ANEEL (Ag\u00eancia Nacional de Energia El\u00e9trica) aprovou nesta ter\u00e7a-feira (21) a cria\u00e7\u00e3o de uma compensa\u00e7\u00e3o financeira aos consumidores por apag\u00f5es prolongados. Os valores dever\u00e3o ser pagos pelas distribuidoras quando as interrup\u00e7\u00f5es por situa\u00e7\u00e3o de emerg\u00eancia ultrapassarem 24 horas, nas \u00e1reas urbanas, e 48 horas, em \u00e1reas rurais.<\/p>\n\n\n\n<p>A relatora da CP (Consulta P\u00fablica) 32\/2024, diretora Agnes Costa, afirmou em seu&nbsp;<a href=\"https:\/\/agenciainfra.com\/blog\/wp-content\/uploads\/2025\/10\/voto-final-cp-resiliencia.pdf\" target=\"_blank\" rel=\"noreferrer noopener\">voto<\/a>&nbsp;que a medida \u201ctem por objetivo estimular a\u00e7\u00f5es diligentes no preparo e tempestivas para o restabelecimento do servi\u00e7o\u201d. A operacionaliza\u00e7\u00e3o do mecanismo pelas distribuidoras dever\u00e1 ser feita em at\u00e9 seis meses. No entanto, os consumidores j\u00e1 ter\u00e3o direito adquirido \u00e0s compensa\u00e7\u00f5es a partir de dois meses da publica\u00e7\u00e3o da nova norma pela ANEEL.<\/p>\n\n\n\n<p>O normativo, por\u00e9m, prev\u00ea a possibilidade de a reguladora \u201cpromover afastamentos regulat\u00f3rios na ocorr\u00eancia de eventos clim\u00e1ticos extremos realmente excepcionais como aqueles que atingiram o Rio Grande do Sul em 2024\u201d, conforme o voto da relatora. Ou seja, em casos mais graves, as distribuidoras poder\u00e3o ser dispensadas do pagamento das compensa\u00e7\u00f5es. Isso poder\u00e1 ser analisado por meio da cria\u00e7\u00e3o de comit\u00eas de crise por requerimento da distribuidora e anu\u00eancia da ANEEL.<\/p>\n\n\n\n<p><strong>Questionamentos<\/strong><br>Durante a an\u00e1lise do tema, representantes de distribuidoras questionaram o modelo, apontando que ele levar\u00e1 a compensa\u00e7\u00f5es elevadas e sem considerar as diferentes \u00e1reas de concess\u00e3o. O diretor de Regula\u00e7\u00e3o da Abradee (Associa\u00e7\u00e3o Brasileira de Distribuidores de Energia El\u00e9trica), Ricardo Brand\u00e3o, ponderou que n\u00e3o ficou claro como ser\u00e1 a forma e o rito das an\u00e1lise dos excludentes de responsabilidade.<\/p>\n\n\n\n<p>Uma das principais queixas do segmento foi a falta de um AIR (An\u00e1lise de Impacto Regulat\u00f3rio) sobre as compensa\u00e7\u00f5es financeiras. O gerente Regulat\u00f3rio da Neoenergia, C\u00e9sar Munhoz, afirmou que a nova regra traz \u201crisco operacional e financeiro\u201d \u00e0s distribuidoras e que \u201cn\u00e3o h\u00e1 nem sequer a magnitude desse impacto ainda\u201d.<\/p>\n\n\n\n<p><strong>Outras medidas<\/strong><br>O processo traz outras medidas para aumento da resili\u00eancia das redes. As distribuidoras dever\u00e3o elaborar um plano de manejo de \u00e1rvores e atuarem na poda preventiva em conjunto com as prefeituras. Ap\u00f3s eventos extremos, tamb\u00e9m ter\u00e3o que atuar conjuntamente com os munic\u00edpios em a\u00e7\u00f5es como a retirada de \u00e1rvores que ca\u00edram sobre a fia\u00e7\u00e3o. Foi criada a possibilidade de empresas cederem profissionais a outros em cen\u00e1rios de crise.&nbsp;<\/p>\n\n\n\n<p>Tamb\u00e9m foram fixados prazos para informe de apag\u00f5es para consumidores, governos e em canais digitais. Estados e munic\u00edpios dever\u00e3o ser informados imediatamente, com atualiza\u00e7\u00e3o em tempo real. J\u00e1 os consumidores precisar\u00e3o ser comunicados em at\u00e9 15 minutos, se a causa for conhecida, ou no m\u00e1ximo em uma hora, caso a causa n\u00e3o tenha sido apurada.<\/p>\n\n\n\n<p>O diretor-geral da ANEEL, Sandoval Feitosa, disse que a regula\u00e7\u00e3o traz avan\u00e7os aguardados h\u00e1 anos pelos consumidores, atualizando exig\u00eancias contratuais defasadas. Por\u00e9m, pontuou que a aplica\u00e7\u00e3o ser\u00e1 monitorada e poder\u00e1 ser aprimorada pela ag\u00eancia no futuro. Ele lamentou, no entanto, que o tema do enterramento de redes n\u00e3o tenha sido enfrentado.&nbsp;<\/p>\n\n\n\n<p>&#8220;Dever\u00edamos ter enfrentado o debate sobre enterramento dos fios, com tratamento tarif\u00e1rio diferenciado e melhoria da qualidade do produto. Porque por mais que fa\u00e7amos a melhor gest\u00e3o vegetal do mundo, ainda teremos \u00e1rvores dentro das capitais com mais de 30 metros de altura, e eu n\u00e3o conhe\u00e7o nenhuma solu\u00e7\u00e3o na estrutura de distribui\u00e7\u00e3o que fa\u00e7a frente a uma queda de uma \u00e1rvore dessas&#8221;, comentou Feitosa.<\/p>\n","protected":false},"excerpt":{"rendered":"<p>Geraldo Campos Jr., da Ag\u00eancia iNFRA A diretoria da ANEEL (Ag\u00eancia Nacional de Energia El\u00e9trica) aprovou nesta ter\u00e7a-feira (21) a cria\u00e7\u00e3o de uma compensa\u00e7\u00e3o financeira aos consumidores por apag\u00f5es prolongados. Os valores dever\u00e3o ser pagos pelas distribuidoras quando as interrup\u00e7\u00f5es por situa\u00e7\u00e3o de emerg\u00eancia ultrapassarem 24 horas, nas \u00e1reas urbanas, e 48 horas, em \u00e1reas [&hellip;]<\/p>\n","protected":false},"author":1,"featured_media":14664,"comment_status":"closed","ping_status":"closed","sticky":false,"template":"","format":"standard","meta":{"_monsterinsights_skip_tracking":false,"_monsterinsights_sitenote_active":false,"_monsterinsights_sitenote_note":"","_monsterinsights_sitenote_category":0,"footnotes":""},"categories":[10],"tags":[852,6800,53,16204,285,11594],"class_list":["post-30272","post","type-post","status-publish","format-standard","has-post-thumbnail","hentry","category-infraenergia","tag-agencia-nacional-de-energia-eletrica","tag-agnes-costa","tag-aneel","tag-apagoes","tag-consumidores","tag-geraldo-campos-jr"],"yoast_head":"<!-- This site is optimized with the Yoast SEO Premium plugin v25.4 (Yoast SEO v26.0) - https:\/\/yoast.com\/wordpress\/plugins\/seo\/ -->\n<title>Consumidores ser\u00e3o ressarcidos por apag\u00f5es prolongados, decide ANEEL - Ag\u00eancia iNFRA<\/title>\n<meta name=\"robots\" content=\"index, follow, max-snippet:-1, max-image-preview:large, max-video-preview:-1\" \/>\n<link rel=\"canonical\" href=\"https:\/\/agenciainfra.com\/blog\/consumidores-serao-ressarcidos-por-apagoes-prolongados-decide-aneel\/\" \/>\n<meta property=\"og:locale\" content=\"pt_BR\" \/>\n<meta property=\"og:type\" content=\"article\" \/>\n<meta property=\"og:title\" content=\"Consumidores ser\u00e3o ressarcidos por apag\u00f5es prolongados, decide ANEEL\" \/>\n<meta property=\"og:description\" content=\"Geraldo Campos Jr., da Ag\u00eancia iNFRA A diretoria da ANEEL (Ag\u00eancia Nacional de Energia El\u00e9trica) aprovou nesta ter\u00e7a-feira (21) a cria\u00e7\u00e3o de uma compensa\u00e7\u00e3o financeira aos consumidores por apag\u00f5es prolongados. Os valores dever\u00e3o ser pagos pelas distribuidoras quando as interrup\u00e7\u00f5es por situa\u00e7\u00e3o de emerg\u00eancia ultrapassarem 24 horas, nas \u00e1reas urbanas, e 48 horas, em \u00e1reas [&hellip;]\" \/>\n<meta property=\"og:url\" content=\"https:\/\/agenciainfra.com\/blog\/consumidores-serao-ressarcidos-por-apagoes-prolongados-decide-aneel\/\" \/>\n<meta property=\"og:site_name\" content=\"Ag\u00eancia iNFRA\" \/>\n<meta property=\"article:publisher\" content=\"https:\/\/www.facebook.com\/ageninfra\" \/>\n<meta property=\"article:published_time\" content=\"2025-10-21T20:51:33+00:00\" \/>\n<meta property=\"article:modified_time\" content=\"2025-10-22T15:09:39+00:00\" \/>\n<meta property=\"og:image\" content=\"https:\/\/agenciainfra.com\/blog\/wp-content\/uploads\/2023\/11\/apagao-foto-rovena-rosa-governo-federal.jpeg\" \/>\n\t<meta property=\"og:image:width\" content=\"1202\" \/>\n\t<meta property=\"og:image:height\" content=\"800\" \/>\n\t<meta property=\"og:image:type\" content=\"image\/jpeg\" \/>\n<meta name=\"author\" content=\"Ag\u00eancia iNFRA\" \/>\n<meta name=\"twitter:card\" content=\"summary_large_image\" \/>\n<meta name=\"twitter:creator\" content=\"@agencia_infra\" \/>\n<meta name=\"twitter:site\" content=\"@agencia_infra\" \/>\n<meta name=\"twitter:label1\" content=\"Escrito por\" \/>\n\t<meta name=\"twitter:data1\" content=\"Ag\u00eancia iNFRA\" \/>\n\t<meta name=\"twitter:label2\" content=\"Est. tempo de leitura\" \/>\n\t<meta name=\"twitter:data2\" content=\"3 minutos\" \/>\n<script type=\"application\/ld+json\" class=\"yoast-schema-graph\">{\"@context\":\"https:\/\/schema.org\",\"@graph\":[{\"@type\":\"Article\",\"@id\":\"https:\/\/agenciainfra.com\/blog\/consumidores-serao-ressarcidos-por-apagoes-prolongados-decide-aneel\/#article\",\"isPartOf\":{\"@id\":\"https:\/\/agenciainfra.com\/blog\/consumidores-serao-ressarcidos-por-apagoes-prolongados-decide-aneel\/\"},\"author\":{\"name\":\"Ag\u00eancia iNFRA\",\"@id\":\"https:\/\/agenciainfra.com\/blog\/#\/schema\/person\/34af08dff6adea4cb22b06612ba7acfa\"},\"headline\":\"Consumidores ser\u00e3o ressarcidos por apag\u00f5es prolongados, decide ANEEL\",\"datePublished\":\"2025-10-21T20:51:33+00:00\",\"dateModified\":\"2025-10-22T15:09:39+00:00\",\"mainEntityOfPage\":{\"@id\":\"https:\/\/agenciainfra.com\/blog\/consumidores-serao-ressarcidos-por-apagoes-prolongados-decide-aneel\/\"},\"wordCount\":628,\"publisher\":{\"@id\":\"https:\/\/agenciainfra.com\/blog\/#organization\"},\"image\":{\"@id\":\"https:\/\/agenciainfra.com\/blog\/consumidores-serao-ressarcidos-por-apagoes-prolongados-decide-aneel\/#primaryimage\"},\"thumbnailUrl\":\"https:\/\/agenciainfra.com\/blog\/wp-content\/uploads\/2023\/11\/apagao-foto-rovena-rosa-governo-federal.jpeg\",\"keywords\":[\"Ag\u00eancia Nacional de Energia El\u00e9trica\",\"Agnes Costa\",\"ANEEL\",\"apag\u00f5es\",\"consumidores\",\"Geraldo Campos Jr.\"],\"articleSection\":[\"iNFRAEnergia\"],\"inLanguage\":\"pt-BR\",\"copyrightYear\":\"2025\",\"copyrightHolder\":{\"@id\":\"https:\/\/agenciainfra.com\/blog\/#organization\"}},{\"@type\":\"WebPage\",\"@id\":\"https:\/\/agenciainfra.com\/blog\/consumidores-serao-ressarcidos-por-apagoes-prolongados-decide-aneel\/\",\"url\":\"https:\/\/agenciainfra.com\/blog\/consumidores-serao-ressarcidos-por-apagoes-prolongados-decide-aneel\/\",\"name\":\"Consumidores ser\u00e3o ressarcidos por apag\u00f5es prolongados, decide ANEEL - Ag\u00eancia iNFRA\",\"isPartOf\":{\"@id\":\"https:\/\/agenciainfra.com\/blog\/#website\"},\"primaryImageOfPage\":{\"@id\":\"https:\/\/agenciainfra.com\/blog\/consumidores-serao-ressarcidos-por-apagoes-prolongados-decide-aneel\/#primaryimage\"},\"image\":{\"@id\":\"https:\/\/agenciainfra.com\/blog\/consumidores-serao-ressarcidos-por-apagoes-prolongados-decide-aneel\/#primaryimage\"},\"thumbnailUrl\":\"https:\/\/agenciainfra.com\/blog\/wp-content\/uploads\/2023\/11\/apagao-foto-rovena-rosa-governo-federal.jpeg\",\"datePublished\":\"2025-10-21T20:51:33+00:00\",\"dateModified\":\"2025-10-22T15:09:39+00:00\",\"breadcrumb\":{\"@id\":\"https:\/\/agenciainfra.com\/blog\/consumidores-serao-ressarcidos-por-apagoes-prolongados-decide-aneel\/#breadcrumb\"},\"inLanguage\":\"pt-BR\",\"potentialAction\":[{\"@type\":\"ReadAction\",\"target\":[\"https:\/\/agenciainfra.com\/blog\/consumidores-serao-ressarcidos-por-apagoes-prolongados-decide-aneel\/\"]}]},{\"@type\":\"ImageObject\",\"inLanguage\":\"pt-BR\",\"@id\":\"https:\/\/agenciainfra.com\/blog\/consumidores-serao-ressarcidos-por-apagoes-prolongados-decide-aneel\/#primaryimage\",\"url\":\"https:\/\/agenciainfra.com\/blog\/wp-content\/uploads\/2023\/11\/apagao-foto-rovena-rosa-governo-federal.jpeg\",\"contentUrl\":\"https:\/\/agenciainfra.com\/blog\/wp-content\/uploads\/2023\/11\/apagao-foto-rovena-rosa-governo-federal.jpeg\",\"width\":1202,\"height\":800,\"caption\":\"Foto: Rovena Rosa\/Governo Federal\"},{\"@type\":\"BreadcrumbList\",\"@id\":\"https:\/\/agenciainfra.com\/blog\/consumidores-serao-ressarcidos-por-apagoes-prolongados-decide-aneel\/#breadcrumb\",\"itemListElement\":[{\"@type\":\"ListItem\",\"position\":1,\"name\":\"In\u00edcio\",\"item\":\"https:\/\/agenciainfra.com\/blog\/\"},{\"@type\":\"ListItem\",\"position\":2,\"name\":\"Consumidores ser\u00e3o ressarcidos por apag\u00f5es prolongados, decide ANEEL\"}]},{\"@type\":\"WebSite\",\"@id\":\"https:\/\/agenciainfra.com\/blog\/#website\",\"url\":\"https:\/\/agenciainfra.com\/blog\/\",\"name\":\"Ag\u00eancia iNFRA\",\"description\":\"Multiplataforma de informa\u00e7\u00e3o jornal\u00edstica refer\u00eancia na \u00e1rea de infraestrutura no Brasil!\",\"publisher\":{\"@id\":\"https:\/\/agenciainfra.com\/blog\/#organization\"},\"potentialAction\":[{\"@type\":\"SearchAction\",\"target\":{\"@type\":\"EntryPoint\",\"urlTemplate\":\"https:\/\/agenciainfra.com\/blog\/?s={search_term_string}\"},\"query-input\":{\"@type\":\"PropertyValueSpecification\",\"valueRequired\":true,\"valueName\":\"search_term_string\"}}],\"inLanguage\":\"pt-BR\"},{\"@type\":\"Organization\",\"@id\":\"https:\/\/agenciainfra.com\/blog\/#organization\",\"name\":\"Ag\u00eancia iNFRA\",\"url\":\"https:\/\/agenciainfra.com\/blog\/\",\"logo\":{\"@type\":\"ImageObject\",\"inLanguage\":\"pt-BR\",\"@id\":\"https:\/\/agenciainfra.com\/blog\/#\/schema\/logo\/image\/\",\"url\":\"https:\/\/agenciainfra.com\/blog\/wp-content\/uploads\/2023\/09\/iNFRA_5-e1761735885940.png\",\"contentUrl\":\"https:\/\/agenciainfra.com\/blog\/wp-content\/uploads\/2023\/09\/iNFRA_5-e1761735885940.png\",\"width\":1672,\"height\":454,\"caption\":\"Ag\u00eancia iNFRA\"},\"image\":{\"@id\":\"https:\/\/agenciainfra.com\/blog\/#\/schema\/logo\/image\/\"},\"sameAs\":[\"https:\/\/www.facebook.com\/ageninfra\",\"https:\/\/x.com\/agencia_infra\",\"https:\/\/www.linkedin.com\/company\/ag\u00eanciainfra\/\",\"https:\/\/www.instagram.com\/agenciainfra\/\"]},{\"@type\":\"Person\",\"@id\":\"https:\/\/agenciainfra.com\/blog\/#\/schema\/person\/34af08dff6adea4cb22b06612ba7acfa\",\"name\":\"Ag\u00eancia iNFRA\",\"image\":{\"@type\":\"ImageObject\",\"inLanguage\":\"pt-BR\",\"@id\":\"https:\/\/agenciainfra.com\/blog\/#\/schema\/person\/image\/\",\"url\":\"https:\/\/secure.gravatar.com\/avatar\/d189e01678f06d8eb84d4e01f08eb848b3fffe3f8443818d3c356c66892f5be8?s=96&d=mm&r=g\",\"contentUrl\":\"https:\/\/secure.gravatar.com\/avatar\/d189e01678f06d8eb84d4e01f08eb848b3fffe3f8443818d3c356c66892f5be8?s=96&d=mm&r=g\",\"caption\":\"Ag\u00eancia iNFRA\"},\"url\":\"https:\/\/agenciainfra.com\/blog\/author\/admin\/\"}]}<\/script>\n<!-- \/ Yoast SEO Premium plugin. -->","yoast_head_json":{"title":"Consumidores ser\u00e3o ressarcidos por apag\u00f5es prolongados, decide ANEEL - Ag\u00eancia iNFRA","robots":{"index":"index","follow":"follow","max-snippet":"max-snippet:-1","max-image-preview":"max-image-preview:large","max-video-preview":"max-video-preview:-1"},"canonical":"https:\/\/agenciainfra.com\/blog\/consumidores-serao-ressarcidos-por-apagoes-prolongados-decide-aneel\/","og_locale":"pt_BR","og_type":"article","og_title":"Consumidores ser\u00e3o ressarcidos por apag\u00f5es prolongados, decide ANEEL","og_description":"Geraldo Campos Jr., da Ag\u00eancia iNFRA A diretoria da ANEEL (Ag\u00eancia Nacional de Energia El\u00e9trica) aprovou nesta ter\u00e7a-feira (21) a cria\u00e7\u00e3o de uma compensa\u00e7\u00e3o financeira aos consumidores por apag\u00f5es prolongados. Os valores dever\u00e3o ser pagos pelas distribuidoras quando as interrup\u00e7\u00f5es por situa\u00e7\u00e3o de emerg\u00eancia ultrapassarem 24 horas, nas \u00e1reas urbanas, e 48 horas, em \u00e1reas [&hellip;]","og_url":"https:\/\/agenciainfra.com\/blog\/consumidores-serao-ressarcidos-por-apagoes-prolongados-decide-aneel\/","og_site_name":"Ag\u00eancia iNFRA","article_publisher":"https:\/\/www.facebook.com\/ageninfra","article_published_time":"2025-10-21T20:51:33+00:00","article_modified_time":"2025-10-22T15:09:39+00:00","og_image":[{"width":1202,"height":800,"url":"https:\/\/agenciainfra.com\/blog\/wp-content\/uploads\/2023\/11\/apagao-foto-rovena-rosa-governo-federal.jpeg","type":"image\/jpeg"}],"author":"Ag\u00eancia iNFRA","twitter_card":"summary_large_image","twitter_creator":"@agencia_infra","twitter_site":"@agencia_infra","twitter_misc":{"Escrito por":"Ag\u00eancia iNFRA","Est. tempo de leitura":"3 minutos"},"schema":{"@context":"https:\/\/schema.org","@graph":[{"@type":"Article","@id":"https:\/\/agenciainfra.com\/blog\/consumidores-serao-ressarcidos-por-apagoes-prolongados-decide-aneel\/#article","isPartOf":{"@id":"https:\/\/agenciainfra.com\/blog\/consumidores-serao-ressarcidos-por-apagoes-prolongados-decide-aneel\/"},"author":{"name":"Ag\u00eancia iNFRA","@id":"https:\/\/agenciainfra.com\/blog\/#\/schema\/person\/34af08dff6adea4cb22b06612ba7acfa"},"headline":"Consumidores ser\u00e3o ressarcidos por apag\u00f5es prolongados, decide ANEEL","datePublished":"2025-10-21T20:51:33+00:00","dateModified":"2025-10-22T15:09:39+00:00","mainEntityOfPage":{"@id":"https:\/\/agenciainfra.com\/blog\/consumidores-serao-ressarcidos-por-apagoes-prolongados-decide-aneel\/"},"wordCount":628,"publisher":{"@id":"https:\/\/agenciainfra.com\/blog\/#organization"},"image":{"@id":"https:\/\/agenciainfra.com\/blog\/consumidores-serao-ressarcidos-por-apagoes-prolongados-decide-aneel\/#primaryimage"},"thumbnailUrl":"https:\/\/agenciainfra.com\/blog\/wp-content\/uploads\/2023\/11\/apagao-foto-rovena-rosa-governo-federal.jpeg","keywords":["Ag\u00eancia Nacional de Energia El\u00e9trica","Agnes Costa","ANEEL","apag\u00f5es","consumidores","Geraldo Campos Jr."],"articleSection":["iNFRAEnergia"],"inLanguage":"pt-BR","copyrightYear":"2025","copyrightHolder":{"@id":"https:\/\/agenciainfra.com\/blog\/#organization"}},{"@type":"WebPage","@id":"https:\/\/agenciainfra.com\/blog\/consumidores-serao-ressarcidos-por-apagoes-prolongados-decide-aneel\/","url":"https:\/\/agenciainfra.com\/blog\/consumidores-serao-ressarcidos-por-apagoes-prolongados-decide-aneel\/","name":"Consumidores ser\u00e3o ressarcidos por apag\u00f5es prolongados, decide ANEEL - Ag\u00eancia iNFRA","isPartOf":{"@id":"https:\/\/agenciainfra.com\/blog\/#website"},"primaryImageOfPage":{"@id":"https:\/\/agenciainfra.com\/blog\/consumidores-serao-ressarcidos-por-apagoes-prolongados-decide-aneel\/#primaryimage"},"image":{"@id":"https:\/\/agenciainfra.com\/blog\/consumidores-serao-ressarcidos-por-apagoes-prolongados-decide-aneel\/#primaryimage"},"thumbnailUrl":"https:\/\/agenciainfra.com\/blog\/wp-content\/uploads\/2023\/11\/apagao-foto-rovena-rosa-governo-federal.jpeg","datePublished":"2025-10-21T20:51:33+00:00","dateModified":"2025-10-22T15:09:39+00:00","breadcrumb":{"@id":"https:\/\/agenciainfra.com\/blog\/consumidores-serao-ressarcidos-por-apagoes-prolongados-decide-aneel\/#breadcrumb"},"inLanguage":"pt-BR","potentialAction":[{"@type":"ReadAction","target":["https:\/\/agenciainfra.com\/blog\/consumidores-serao-ressarcidos-por-apagoes-prolongados-decide-aneel\/"]}]},{"@type":"ImageObject","inLanguage":"pt-BR","@id":"https:\/\/agenciainfra.com\/blog\/consumidores-serao-ressarcidos-por-apagoes-prolongados-decide-aneel\/#primaryimage","url":"https:\/\/agenciainfra.com\/blog\/wp-content\/uploads\/2023\/11\/apagao-foto-rovena-rosa-governo-federal.jpeg","contentUrl":"https:\/\/agenciainfra.com\/blog\/wp-content\/uploads\/2023\/11\/apagao-foto-rovena-rosa-governo-federal.jpeg","width":1202,"height":800,"caption":"Foto: Rovena Rosa\/Governo Federal"},{"@type":"BreadcrumbList","@id":"https:\/\/agenciainfra.com\/blog\/consumidores-serao-ressarcidos-por-apagoes-prolongados-decide-aneel\/#breadcrumb","itemListElement":[{"@type":"ListItem","position":1,"name":"In\u00edcio","item":"https:\/\/agenciainfra.com\/blog\/"},{"@type":"ListItem","position":2,"name":"Consumidores ser\u00e3o ressarcidos por apag\u00f5es prolongados, decide ANEEL"}]},{"@type":"WebSite","@id":"https:\/\/agenciainfra.com\/blog\/#website","url":"https:\/\/agenciainfra.com\/blog\/","name":"Ag\u00eancia iNFRA","description":"Multiplataforma de informa\u00e7\u00e3o jornal\u00edstica refer\u00eancia na \u00e1rea de infraestrutura no Brasil!","publisher":{"@id":"https:\/\/agenciainfra.com\/blog\/#organization"},"potentialAction":[{"@type":"SearchAction","target":{"@type":"EntryPoint","urlTemplate":"https:\/\/agenciainfra.com\/blog\/?s={search_term_string}"},"query-input":{"@type":"PropertyValueSpecification","valueRequired":true,"valueName":"search_term_string"}}],"inLanguage":"pt-BR"},{"@type":"Organization","@id":"https:\/\/agenciainfra.com\/blog\/#organization","name":"Ag\u00eancia iNFRA","url":"https:\/\/agenciainfra.com\/blog\/","logo":{"@type":"ImageObject","inLanguage":"pt-BR","@id":"https:\/\/agenciainfra.com\/blog\/#\/schema\/logo\/image\/","url":"https:\/\/agenciainfra.com\/blog\/wp-content\/uploads\/2023\/09\/iNFRA_5-e1761735885940.png","contentUrl":"https:\/\/agenciainfra.com\/blog\/wp-content\/uploads\/2023\/09\/iNFRA_5-e1761735885940.png","width":1672,"height":454,"caption":"Ag\u00eancia iNFRA"},"image":{"@id":"https:\/\/agenciainfra.com\/blog\/#\/schema\/logo\/image\/"},"sameAs":["https:\/\/www.facebook.com\/ageninfra","https:\/\/x.com\/agencia_infra","https:\/\/www.linkedin.com\/company\/ag\u00eanciainfra\/","https:\/\/www.instagram.com\/agenciainfra\/"]},{"@type":"Person","@id":"https:\/\/agenciainfra.com\/blog\/#\/schema\/person\/34af08dff6adea4cb22b06612ba7acfa","name":"Ag\u00eancia iNFRA","image":{"@type":"ImageObject","inLanguage":"pt-BR","@id":"https:\/\/agenciainfra.com\/blog\/#\/schema\/person\/image\/","url":"https:\/\/secure.gravatar.com\/avatar\/d189e01678f06d8eb84d4e01f08eb848b3fffe3f8443818d3c356c66892f5be8?s=96&d=mm&r=g","contentUrl":"https:\/\/secure.gravatar.com\/avatar\/d189e01678f06d8eb84d4e01f08eb848b3fffe3f8443818d3c356c66892f5be8?s=96&d=mm&r=g","caption":"Ag\u00eancia iNFRA"},"url":"https:\/\/agenciainfra.com\/blog\/author\/admin\/"}]}},"_links":{"self":[{"href":"https:\/\/agenciainfra.com\/blog\/wp-json\/wp\/v2\/posts\/30272","targetHints":{"allow":["GET"]}}],"collection":[{"href":"https:\/\/agenciainfra.com\/blog\/wp-json\/wp\/v2\/posts"}],"about":[{"href":"https:\/\/agenciainfra.com\/blog\/wp-json\/wp\/v2\/types\/post"}],"author":[{"embeddable":true,"href":"https:\/\/agenciainfra.com\/blog\/wp-json\/wp\/v2\/users\/1"}],"replies":[{"embeddable":true,"href":"https:\/\/agenciainfra.com\/blog\/wp-json\/wp\/v2\/comments?post=30272"}],"version-history":[{"count":4,"href":"https:\/\/agenciainfra.com\/blog\/wp-json\/wp\/v2\/posts\/30272\/revisions"}],"predecessor-version":[{"id":30302,"href":"https:\/\/agenciainfra.com\/blog\/wp-json\/wp\/v2\/posts\/30272\/revisions\/30302"}],"wp:featuredmedia":[{"embeddable":true,"href":"https:\/\/agenciainfra.com\/blog\/wp-json\/wp\/v2\/media\/14664"}],"wp:attachment":[{"href":"https:\/\/agenciainfra.com\/blog\/wp-json\/wp\/v2\/media?parent=30272"}],"wp:term":[{"taxonomy":"category","embeddable":true,"href":"https:\/\/agenciainfra.com\/blog\/wp-json\/wp\/v2\/categories?post=30272"},{"taxonomy":"post_tag","embeddable":true,"href":"https:\/\/agenciainfra.com\/blog\/wp-json\/wp\/v2\/tags?post=30272"}],"curies":[{"name":"wp","href":"https:\/\/api.w.org\/{rel}","templated":true}]}}