{"id":30309,"date":"2025-10-22T11:00:00","date_gmt":"2025-10-22T14:00:00","guid":{"rendered":"https:\/\/agenciainfra.com\/blog\/?p=30309"},"modified":"2025-10-22T14:54:12","modified_gmt":"2025-10-22T17:54:12","slug":"leilao-do-terminal-ssb01-em-sao-sebastiao-sera-em-marco-estima-ministro","status":"publish","type":"post","link":"https:\/\/agenciainfra.com\/blog\/leilao-do-terminal-ssb01-em-sao-sebastiao-sera-em-marco-estima-ministro\/","title":{"rendered":"Leil\u00e3o do terminal SSB01 em S\u00e3o Sebasti\u00e3o ser\u00e1 em mar\u00e7o, estima ministro"},"content":{"rendered":"\n<p class=\"has-text-align-right\"><strong>Mar\u00edlia Sena, da Ag\u00eancia iNFRA<\/strong><\/p>\n\n\n\n<p>O ministro de Portos e Aeroportos, Silvio Costa Filho, anunciou na ter\u00e7a-feira (21), durante visita ao Porto de S\u00e3o Sebasti\u00e3o (SP), a expectativa de realizar, em mar\u00e7o de 2026, o leil\u00e3o do terminal SSB01, que prev\u00ea a movimenta\u00e7\u00e3o de cont\u00eaineres. Embora esteja entre\u00a0as entregas que o ministro diz querer concretizar antes de deixar o comando do MPor (Minist\u00e9rio de Portos e Aeroportos), em abril, para disputar uma vaga no Senado por Pernambuco, o projeto ainda n\u00e3o foi enviado para avalia\u00e7\u00e3o do TCU (Tribunal de Contas da Uni\u00e3o).<br><br>Atualmente, a proposta est\u00e1 na secretaria de Portos, que ainda faz an\u00e1lises sobre a formata\u00e7\u00e3o do projeto. De acordo com a pasta, o projeto prev\u00ea R$ 2,5 bilh\u00f5es em investimentos privados e a gera\u00e7\u00e3o de cerca de 5 mil empregos durante as obras, al\u00e9m de 1,3 mil postos permanentes. A nova \u00e1rea operacional deve ocupar 426 mil metros quadrados e contar\u00e1 com um p\u00eder de dois ber\u00e7os de atraca\u00e7\u00e3o, sendo um deles p\u00fablico.<br><br>Ap\u00f3s a conclus\u00e3o das obras, o porto poder\u00e1 movimentar at\u00e9 4,3 milh\u00f5es de toneladas por ano \u2013 quatro vezes o volume atual \u2013 e operar cerca de 1,3 milh\u00e3o de cont\u00eaineres anuais. O projeto passou por duas consultas p\u00fablicas na ANTAQ (Ag\u00eancia Nacional de Transportes Aquavi\u00e1rios). Na primeira, n\u00e3o estava previsto a movimenta\u00e7\u00e3o de cont\u00eaineres, portanto os n\u00fameros eram diferentes. De acordo com os dados de 2022, antes o previsto eram R$\u00a0660 milh\u00f5es investimentos privados e a \u00e1rea operacional era de\u00a0262 mil metros quadrados. O n\u00famero de ber\u00e7os n\u00e3o mudou.<br><br>Para o presidente da CDSS (Companhia Docas de S\u00e3o Sebasti\u00e3o), Ernesto Sampaio, o porto busca \u201crecuperar o protagonismo e garantir que o crescimento ocorra de forma sustent\u00e1vel e integrada ao territ\u00f3rio\u201d. Segundo ele, \u201co Porto de S\u00e3o Sebasti\u00e3o voltou a atrair aten\u00e7\u00e3o do setor privado e se consolidar como alternativa log\u00edstica vi\u00e1vel para o estado&#8221;. O foco \u00e9 garantir efici\u00eancia operacional e sustentabilidade ambiental em todas as etapas da expans\u00e3o\u201d, afirmou.<br><br><strong>Mudan\u00e7as no projeto<\/strong><br>\u201cA proposta \u00e9 fazer um porto multiprop\u00f3sito\u201d, disse o ministro. O\u00a0secret\u00e1rio nacional de portos, Alex \u00c1vila, deve discutir, nos pr\u00f3ximos 30 dias, a melhor formata\u00e7\u00e3o para o projeto do porto de S\u00e3o Sebasti\u00e3o. Desde a segunda consulta p\u00fablica para o arrendamento do terminal, o governo e representantes do setor j\u00e1 discutem a possibilidade de o local se tornar uma op\u00e7\u00e3o para a movimenta\u00e7\u00e3o de cont\u00eaineres no Brasil, como apoio ao projeto do Tecon Santos 10, o megaterminal de cont\u00eaineres previsto para o porto de Santos.<br><br>Como\u00a0<a href=\"https:\/\/agenciainfra.com\/blog\/gargalo-de-conteineres-em-santos-abre-janela-para-sao-sebastiao\/\" target=\"_blank\" rel=\"noreferrer noopener\">mostrou<\/a>\u00a0a\u00a0<strong>Ag\u00eancia iNFRA<\/strong>. a profundidade do canal de acesso \u2013\u00a025 metros \u2013 tem atra\u00eddo o interesse de\u00a0investidores para a movimenta\u00e7\u00e3o de cont\u00eaineres. No entanto, uma altera\u00e7\u00e3o na infraestrutura precisa ser feita, pois, ao chegar mais perto dos ber\u00e7os de atraca\u00e7\u00e3o, a profundidade cai para 10 metros. Com as obras previstas, ser\u00e1 poss\u00edvel viabilizar a entrada de embarca\u00e7\u00f5es com calado maior, sobretudo navios de cont\u00eaineres com calados mais profundos.\u00a0<br><br>Durante a visita da comitiva do MPor na ter\u00e7a,\u00a0S\u00edlvio Costa Filho afirmou que enxerga em S\u00e3o Sebasti\u00e3o um grande potencial estrat\u00e9gico para o desenvolvimento do estado de S\u00e3o Paulo, do Brasil e da Am\u00e9rica do Sul. \u201cEstamos trabalhando para fortalecer e estruturar ainda mais esse porto\u201d. De acordo com ele, nenhuma decis\u00e3o sobre o arrendamento do terminal ser\u00e1 tomada de maneira isolada.<br><br>\u201cTodo o nosso projeto, todo o nosso movimento, ser\u00e1 constru\u00eddo com a parceria dos munic\u00edpios, com a participa\u00e7\u00e3o permanente do presidente do porto e da bancada do Congresso Nacional. Vamos envolver, naturalmente, o governador Tarc\u00edsio, j\u00e1 que este \u00e9 um porto delegado, onde pretendemos renovar a delega\u00e7\u00e3o por mais alguns anos, a fim de oferecer ainda mais garantias \u00e0s opera\u00e7\u00f5es\u201d, completou.<br><br>Em contrapartida, o prefeito de S\u00e3o Sebasti\u00e3o, Reinaldo Filho (Republicanos), mostrou desconforto sobre as rela\u00e7\u00f5es com a gest\u00e3o \u2013 estadual \u2013 do porto.\u00a0\u201cO MPor tem uma proximidade muito forte com o munic\u00edpio de S\u00e3o Sebasti\u00e3o e com a nossa regi\u00e3o. N\u00e3o temos a mesma rela\u00e7\u00e3o com o presidente do Porto, que cria uma dist\u00e2ncia grande com o munic\u00edpio, mas estamos tentando aproximar para que S\u00e3o Sebasti\u00e3o nunca fique fora das discuss\u00f5es sobre o Porto. O Porto \u00e9 do Vale do Para\u00edba, mas est\u00e1 em S\u00e3o Sebasti\u00e3o\u201d, disse o prefeito durante a cerim\u00f4nia.<\/p>\n\n\n\n<p><\/p>\n","protected":false},"excerpt":{"rendered":"<p>Mar\u00edlia Sena, da Ag\u00eancia iNFRA O ministro de Portos e Aeroportos, Silvio Costa Filho, anunciou na ter\u00e7a-feira (21), durante visita ao Porto de S\u00e3o Sebasti\u00e3o (SP), a expectativa de realizar, em mar\u00e7o de 2026, o leil\u00e3o do terminal SSB01, que prev\u00ea a movimenta\u00e7\u00e3o de cont\u00eaineres. Embora esteja entre\u00a0as entregas que o ministro diz querer concretizar [&hellip;]<\/p>\n","protected":false},"author":1,"featured_media":30310,"comment_status":"closed","ping_status":"closed","sticky":false,"template":"","format":"standard","meta":{"_monsterinsights_skip_tracking":false,"_monsterinsights_sitenote_active":false,"_monsterinsights_sitenote_note":"","_monsterinsights_sitenote_category":0,"footnotes":""},"categories":[7],"tags":[4754,11654,16348,13017,6919,5248,310,11766,1634,5455],"class_list":["post-30309","post","type-post","status-publish","format-standard","has-post-thumbnail","hentry","category-infratransporte","tag-leilao-portuario","tag-marilia-sena","tag-ministerio-de-portos","tag-ministro-silvio-costa-filho","tag-mpor","tag-porto-de-sao-sebastiao","tag-portos","tag-ssb01","tag-terminal-de-conteineres","tag-terminal-portuario-2"],"yoast_head":"<!-- This site is optimized with the Yoast SEO Premium plugin v25.4 (Yoast SEO v26.0) - https:\/\/yoast.com\/wordpress\/plugins\/seo\/ -->\n<title>Leil\u00e3o do terminal SSB01 em S\u00e3o Sebasti\u00e3o ser\u00e1 em mar\u00e7o, estima ministro - Ag\u00eancia iNFRA<\/title>\n<meta name=\"robots\" content=\"index, follow, max-snippet:-1, max-image-preview:large, max-video-preview:-1\" \/>\n<link rel=\"canonical\" href=\"https:\/\/agenciainfra.com\/blog\/leilao-do-terminal-ssb01-em-sao-sebastiao-sera-em-marco-estima-ministro\/\" \/>\n<meta property=\"og:locale\" content=\"pt_BR\" \/>\n<meta property=\"og:type\" content=\"article\" \/>\n<meta property=\"og:title\" content=\"Leil\u00e3o do terminal SSB01 em S\u00e3o Sebasti\u00e3o ser\u00e1 em mar\u00e7o, estima ministro\" \/>\n<meta property=\"og:description\" content=\"Mar\u00edlia Sena, da Ag\u00eancia iNFRA O ministro de Portos e Aeroportos, Silvio Costa Filho, anunciou na ter\u00e7a-feira (21), durante visita ao Porto de S\u00e3o Sebasti\u00e3o (SP), a expectativa de realizar, em mar\u00e7o de 2026, o leil\u00e3o do terminal SSB01, que prev\u00ea a movimenta\u00e7\u00e3o de cont\u00eaineres. Embora esteja entre\u00a0as entregas que o ministro diz querer concretizar [&hellip;]\" \/>\n<meta property=\"og:url\" content=\"https:\/\/agenciainfra.com\/blog\/leilao-do-terminal-ssb01-em-sao-sebastiao-sera-em-marco-estima-ministro\/\" \/>\n<meta property=\"og:site_name\" content=\"Ag\u00eancia iNFRA\" \/>\n<meta property=\"article:publisher\" content=\"https:\/\/www.facebook.com\/ageninfra\" \/>\n<meta property=\"article:published_time\" content=\"2025-10-22T14:00:00+00:00\" \/>\n<meta property=\"article:modified_time\" content=\"2025-10-22T17:54:12+00:00\" \/>\n<meta property=\"og:image\" content=\"https:\/\/agenciainfra.com\/blog\/wp-content\/uploads\/2025\/10\/Silvio-costa-filho-sao-sebastiao-foto-vosmar_rosa_mpor-e1761135621950.jpg\" \/>\n\t<meta property=\"og:image:width\" content=\"1279\" \/>\n\t<meta property=\"og:image:height\" content=\"854\" \/>\n\t<meta property=\"og:image:type\" content=\"image\/jpeg\" \/>\n<meta name=\"author\" content=\"Ag\u00eancia iNFRA\" \/>\n<meta name=\"twitter:card\" content=\"summary_large_image\" \/>\n<meta name=\"twitter:creator\" content=\"@agencia_infra\" \/>\n<meta name=\"twitter:site\" content=\"@agencia_infra\" \/>\n<meta name=\"twitter:label1\" content=\"Escrito por\" \/>\n\t<meta name=\"twitter:data1\" content=\"Ag\u00eancia iNFRA\" \/>\n\t<meta name=\"twitter:label2\" content=\"Est. tempo de leitura\" \/>\n\t<meta name=\"twitter:data2\" content=\"4 minutos\" \/>\n<script type=\"application\/ld+json\" class=\"yoast-schema-graph\">{\"@context\":\"https:\/\/schema.org\",\"@graph\":[{\"@type\":\"Article\",\"@id\":\"https:\/\/agenciainfra.com\/blog\/leilao-do-terminal-ssb01-em-sao-sebastiao-sera-em-marco-estima-ministro\/#article\",\"isPartOf\":{\"@id\":\"https:\/\/agenciainfra.com\/blog\/leilao-do-terminal-ssb01-em-sao-sebastiao-sera-em-marco-estima-ministro\/\"},\"author\":{\"name\":\"Ag\u00eancia iNFRA\",\"@id\":\"https:\/\/agenciainfra.com\/blog\/#\/schema\/person\/34af08dff6adea4cb22b06612ba7acfa\"},\"headline\":\"Leil\u00e3o do terminal SSB01 em S\u00e3o Sebasti\u00e3o ser\u00e1 em mar\u00e7o, estima ministro\",\"datePublished\":\"2025-10-22T14:00:00+00:00\",\"dateModified\":\"2025-10-22T17:54:12+00:00\",\"mainEntityOfPage\":{\"@id\":\"https:\/\/agenciainfra.com\/blog\/leilao-do-terminal-ssb01-em-sao-sebastiao-sera-em-marco-estima-ministro\/\"},\"wordCount\":802,\"publisher\":{\"@id\":\"https:\/\/agenciainfra.com\/blog\/#organization\"},\"image\":{\"@id\":\"https:\/\/agenciainfra.com\/blog\/leilao-do-terminal-ssb01-em-sao-sebastiao-sera-em-marco-estima-ministro\/#primaryimage\"},\"thumbnailUrl\":\"https:\/\/agenciainfra.com\/blog\/wp-content\/uploads\/2025\/10\/Silvio-costa-filho-sao-sebastiao-foto-vosmar_rosa_mpor-e1761135621950.jpg\",\"keywords\":[\"leil\u00e3o portu\u00e1rio\",\"Mar\u00edlia Sena\",\"minist\u00e9rio de portos\",\"ministro Silvio Costa Filho\",\"MPor\",\"Porto de S\u00e3o Sebasti\u00e3o\",\"portos\",\"SSB01\",\"terminal de cont\u00eaineres\",\"terminal portu\u00e1rio\"],\"articleSection\":[\"iNFRATransporte\"],\"inLanguage\":\"pt-BR\",\"copyrightYear\":\"2025\",\"copyrightHolder\":{\"@id\":\"https:\/\/agenciainfra.com\/blog\/#organization\"}},{\"@type\":\"WebPage\",\"@id\":\"https:\/\/agenciainfra.com\/blog\/leilao-do-terminal-ssb01-em-sao-sebastiao-sera-em-marco-estima-ministro\/\",\"url\":\"https:\/\/agenciainfra.com\/blog\/leilao-do-terminal-ssb01-em-sao-sebastiao-sera-em-marco-estima-ministro\/\",\"name\":\"Leil\u00e3o do terminal SSB01 em S\u00e3o Sebasti\u00e3o ser\u00e1 em mar\u00e7o, estima ministro - Ag\u00eancia iNFRA\",\"isPartOf\":{\"@id\":\"https:\/\/agenciainfra.com\/blog\/#website\"},\"primaryImageOfPage\":{\"@id\":\"https:\/\/agenciainfra.com\/blog\/leilao-do-terminal-ssb01-em-sao-sebastiao-sera-em-marco-estima-ministro\/#primaryimage\"},\"image\":{\"@id\":\"https:\/\/agenciainfra.com\/blog\/leilao-do-terminal-ssb01-em-sao-sebastiao-sera-em-marco-estima-ministro\/#primaryimage\"},\"thumbnailUrl\":\"https:\/\/agenciainfra.com\/blog\/wp-content\/uploads\/2025\/10\/Silvio-costa-filho-sao-sebastiao-foto-vosmar_rosa_mpor-e1761135621950.jpg\",\"datePublished\":\"2025-10-22T14:00:00+00:00\",\"dateModified\":\"2025-10-22T17:54:12+00:00\",\"breadcrumb\":{\"@id\":\"https:\/\/agenciainfra.com\/blog\/leilao-do-terminal-ssb01-em-sao-sebastiao-sera-em-marco-estima-ministro\/#breadcrumb\"},\"inLanguage\":\"pt-BR\",\"potentialAction\":[{\"@type\":\"ReadAction\",\"target\":[\"https:\/\/agenciainfra.com\/blog\/leilao-do-terminal-ssb01-em-sao-sebastiao-sera-em-marco-estima-ministro\/\"]}]},{\"@type\":\"ImageObject\",\"inLanguage\":\"pt-BR\",\"@id\":\"https:\/\/agenciainfra.com\/blog\/leilao-do-terminal-ssb01-em-sao-sebastiao-sera-em-marco-estima-ministro\/#primaryimage\",\"url\":\"https:\/\/agenciainfra.com\/blog\/wp-content\/uploads\/2025\/10\/Silvio-costa-filho-sao-sebastiao-foto-vosmar_rosa_mpor-e1761135621950.jpg\",\"contentUrl\":\"https:\/\/agenciainfra.com\/blog\/wp-content\/uploads\/2025\/10\/Silvio-costa-filho-sao-sebastiao-foto-vosmar_rosa_mpor-e1761135621950.jpg\",\"width\":1279,\"height\":854,\"caption\":\"Foto: Vosmar Rosa\/MPor\"},{\"@type\":\"BreadcrumbList\",\"@id\":\"https:\/\/agenciainfra.com\/blog\/leilao-do-terminal-ssb01-em-sao-sebastiao-sera-em-marco-estima-ministro\/#breadcrumb\",\"itemListElement\":[{\"@type\":\"ListItem\",\"position\":1,\"name\":\"In\u00edcio\",\"item\":\"https:\/\/agenciainfra.com\/blog\/\"},{\"@type\":\"ListItem\",\"position\":2,\"name\":\"Leil\u00e3o do terminal SSB01 em S\u00e3o Sebasti\u00e3o ser\u00e1 em mar\u00e7o, estima ministro\"}]},{\"@type\":\"WebSite\",\"@id\":\"https:\/\/agenciainfra.com\/blog\/#website\",\"url\":\"https:\/\/agenciainfra.com\/blog\/\",\"name\":\"Ag\u00eancia iNFRA\",\"description\":\"Multiplataforma de informa\u00e7\u00e3o jornal\u00edstica refer\u00eancia na \u00e1rea de infraestrutura no Brasil!\",\"publisher\":{\"@id\":\"https:\/\/agenciainfra.com\/blog\/#organization\"},\"potentialAction\":[{\"@type\":\"SearchAction\",\"target\":{\"@type\":\"EntryPoint\",\"urlTemplate\":\"https:\/\/agenciainfra.com\/blog\/?s={search_term_string}\"},\"query-input\":{\"@type\":\"PropertyValueSpecification\",\"valueRequired\":true,\"valueName\":\"search_term_string\"}}],\"inLanguage\":\"pt-BR\"},{\"@type\":\"Organization\",\"@id\":\"https:\/\/agenciainfra.com\/blog\/#organization\",\"name\":\"Ag\u00eancia iNFRA\",\"url\":\"https:\/\/agenciainfra.com\/blog\/\",\"logo\":{\"@type\":\"ImageObject\",\"inLanguage\":\"pt-BR\",\"@id\":\"https:\/\/agenciainfra.com\/blog\/#\/schema\/logo\/image\/\",\"url\":\"https:\/\/agenciainfra.com\/blog\/wp-content\/uploads\/2023\/09\/iNFRA_5-e1761735885940.png\",\"contentUrl\":\"https:\/\/agenciainfra.com\/blog\/wp-content\/uploads\/2023\/09\/iNFRA_5-e1761735885940.png\",\"width\":1672,\"height\":454,\"caption\":\"Ag\u00eancia iNFRA\"},\"image\":{\"@id\":\"https:\/\/agenciainfra.com\/blog\/#\/schema\/logo\/image\/\"},\"sameAs\":[\"https:\/\/www.facebook.com\/ageninfra\",\"https:\/\/x.com\/agencia_infra\",\"https:\/\/www.linkedin.com\/company\/ag\u00eanciainfra\/\",\"https:\/\/www.instagram.com\/agenciainfra\/\"]},{\"@type\":\"Person\",\"@id\":\"https:\/\/agenciainfra.com\/blog\/#\/schema\/person\/34af08dff6adea4cb22b06612ba7acfa\",\"name\":\"Ag\u00eancia iNFRA\",\"image\":{\"@type\":\"ImageObject\",\"inLanguage\":\"pt-BR\",\"@id\":\"https:\/\/agenciainfra.com\/blog\/#\/schema\/person\/image\/\",\"url\":\"https:\/\/secure.gravatar.com\/avatar\/d189e01678f06d8eb84d4e01f08eb848b3fffe3f8443818d3c356c66892f5be8?s=96&d=mm&r=g\",\"contentUrl\":\"https:\/\/secure.gravatar.com\/avatar\/d189e01678f06d8eb84d4e01f08eb848b3fffe3f8443818d3c356c66892f5be8?s=96&d=mm&r=g\",\"caption\":\"Ag\u00eancia iNFRA\"},\"url\":\"https:\/\/agenciainfra.com\/blog\/author\/admin\/\"}]}<\/script>\n<!-- \/ Yoast SEO Premium plugin. -->","yoast_head_json":{"title":"Leil\u00e3o do terminal SSB01 em S\u00e3o Sebasti\u00e3o ser\u00e1 em mar\u00e7o, estima ministro - Ag\u00eancia iNFRA","robots":{"index":"index","follow":"follow","max-snippet":"max-snippet:-1","max-image-preview":"max-image-preview:large","max-video-preview":"max-video-preview:-1"},"canonical":"https:\/\/agenciainfra.com\/blog\/leilao-do-terminal-ssb01-em-sao-sebastiao-sera-em-marco-estima-ministro\/","og_locale":"pt_BR","og_type":"article","og_title":"Leil\u00e3o do terminal SSB01 em S\u00e3o Sebasti\u00e3o ser\u00e1 em mar\u00e7o, estima ministro","og_description":"Mar\u00edlia Sena, da Ag\u00eancia iNFRA O ministro de Portos e Aeroportos, Silvio Costa Filho, anunciou na ter\u00e7a-feira (21), durante visita ao Porto de S\u00e3o Sebasti\u00e3o (SP), a expectativa de realizar, em mar\u00e7o de 2026, o leil\u00e3o do terminal SSB01, que prev\u00ea a movimenta\u00e7\u00e3o de cont\u00eaineres. Embora esteja entre\u00a0as entregas que o ministro diz querer concretizar [&hellip;]","og_url":"https:\/\/agenciainfra.com\/blog\/leilao-do-terminal-ssb01-em-sao-sebastiao-sera-em-marco-estima-ministro\/","og_site_name":"Ag\u00eancia iNFRA","article_publisher":"https:\/\/www.facebook.com\/ageninfra","article_published_time":"2025-10-22T14:00:00+00:00","article_modified_time":"2025-10-22T17:54:12+00:00","og_image":[{"width":1279,"height":854,"url":"https:\/\/agenciainfra.com\/blog\/wp-content\/uploads\/2025\/10\/Silvio-costa-filho-sao-sebastiao-foto-vosmar_rosa_mpor-e1761135621950.jpg","type":"image\/jpeg"}],"author":"Ag\u00eancia iNFRA","twitter_card":"summary_large_image","twitter_creator":"@agencia_infra","twitter_site":"@agencia_infra","twitter_misc":{"Escrito por":"Ag\u00eancia iNFRA","Est. tempo de leitura":"4 minutos"},"schema":{"@context":"https:\/\/schema.org","@graph":[{"@type":"Article","@id":"https:\/\/agenciainfra.com\/blog\/leilao-do-terminal-ssb01-em-sao-sebastiao-sera-em-marco-estima-ministro\/#article","isPartOf":{"@id":"https:\/\/agenciainfra.com\/blog\/leilao-do-terminal-ssb01-em-sao-sebastiao-sera-em-marco-estima-ministro\/"},"author":{"name":"Ag\u00eancia iNFRA","@id":"https:\/\/agenciainfra.com\/blog\/#\/schema\/person\/34af08dff6adea4cb22b06612ba7acfa"},"headline":"Leil\u00e3o do terminal SSB01 em S\u00e3o Sebasti\u00e3o ser\u00e1 em mar\u00e7o, estima ministro","datePublished":"2025-10-22T14:00:00+00:00","dateModified":"2025-10-22T17:54:12+00:00","mainEntityOfPage":{"@id":"https:\/\/agenciainfra.com\/blog\/leilao-do-terminal-ssb01-em-sao-sebastiao-sera-em-marco-estima-ministro\/"},"wordCount":802,"publisher":{"@id":"https:\/\/agenciainfra.com\/blog\/#organization"},"image":{"@id":"https:\/\/agenciainfra.com\/blog\/leilao-do-terminal-ssb01-em-sao-sebastiao-sera-em-marco-estima-ministro\/#primaryimage"},"thumbnailUrl":"https:\/\/agenciainfra.com\/blog\/wp-content\/uploads\/2025\/10\/Silvio-costa-filho-sao-sebastiao-foto-vosmar_rosa_mpor-e1761135621950.jpg","keywords":["leil\u00e3o portu\u00e1rio","Mar\u00edlia Sena","minist\u00e9rio de portos","ministro Silvio Costa Filho","MPor","Porto de S\u00e3o Sebasti\u00e3o","portos","SSB01","terminal de cont\u00eaineres","terminal portu\u00e1rio"],"articleSection":["iNFRATransporte"],"inLanguage":"pt-BR","copyrightYear":"2025","copyrightHolder":{"@id":"https:\/\/agenciainfra.com\/blog\/#organization"}},{"@type":"WebPage","@id":"https:\/\/agenciainfra.com\/blog\/leilao-do-terminal-ssb01-em-sao-sebastiao-sera-em-marco-estima-ministro\/","url":"https:\/\/agenciainfra.com\/blog\/leilao-do-terminal-ssb01-em-sao-sebastiao-sera-em-marco-estima-ministro\/","name":"Leil\u00e3o do terminal SSB01 em S\u00e3o Sebasti\u00e3o ser\u00e1 em mar\u00e7o, estima ministro - Ag\u00eancia iNFRA","isPartOf":{"@id":"https:\/\/agenciainfra.com\/blog\/#website"},"primaryImageOfPage":{"@id":"https:\/\/agenciainfra.com\/blog\/leilao-do-terminal-ssb01-em-sao-sebastiao-sera-em-marco-estima-ministro\/#primaryimage"},"image":{"@id":"https:\/\/agenciainfra.com\/blog\/leilao-do-terminal-ssb01-em-sao-sebastiao-sera-em-marco-estima-ministro\/#primaryimage"},"thumbnailUrl":"https:\/\/agenciainfra.com\/blog\/wp-content\/uploads\/2025\/10\/Silvio-costa-filho-sao-sebastiao-foto-vosmar_rosa_mpor-e1761135621950.jpg","datePublished":"2025-10-22T14:00:00+00:00","dateModified":"2025-10-22T17:54:12+00:00","breadcrumb":{"@id":"https:\/\/agenciainfra.com\/blog\/leilao-do-terminal-ssb01-em-sao-sebastiao-sera-em-marco-estima-ministro\/#breadcrumb"},"inLanguage":"pt-BR","potentialAction":[{"@type":"ReadAction","target":["https:\/\/agenciainfra.com\/blog\/leilao-do-terminal-ssb01-em-sao-sebastiao-sera-em-marco-estima-ministro\/"]}]},{"@type":"ImageObject","inLanguage":"pt-BR","@id":"https:\/\/agenciainfra.com\/blog\/leilao-do-terminal-ssb01-em-sao-sebastiao-sera-em-marco-estima-ministro\/#primaryimage","url":"https:\/\/agenciainfra.com\/blog\/wp-content\/uploads\/2025\/10\/Silvio-costa-filho-sao-sebastiao-foto-vosmar_rosa_mpor-e1761135621950.jpg","contentUrl":"https:\/\/agenciainfra.com\/blog\/wp-content\/uploads\/2025\/10\/Silvio-costa-filho-sao-sebastiao-foto-vosmar_rosa_mpor-e1761135621950.jpg","width":1279,"height":854,"caption":"Foto: Vosmar Rosa\/MPor"},{"@type":"BreadcrumbList","@id":"https:\/\/agenciainfra.com\/blog\/leilao-do-terminal-ssb01-em-sao-sebastiao-sera-em-marco-estima-ministro\/#breadcrumb","itemListElement":[{"@type":"ListItem","position":1,"name":"In\u00edcio","item":"https:\/\/agenciainfra.com\/blog\/"},{"@type":"ListItem","position":2,"name":"Leil\u00e3o do terminal SSB01 em S\u00e3o Sebasti\u00e3o ser\u00e1 em mar\u00e7o, estima ministro"}]},{"@type":"WebSite","@id":"https:\/\/agenciainfra.com\/blog\/#website","url":"https:\/\/agenciainfra.com\/blog\/","name":"Ag\u00eancia iNFRA","description":"Multiplataforma de informa\u00e7\u00e3o jornal\u00edstica refer\u00eancia na \u00e1rea de infraestrutura no Brasil!","publisher":{"@id":"https:\/\/agenciainfra.com\/blog\/#organization"},"potentialAction":[{"@type":"SearchAction","target":{"@type":"EntryPoint","urlTemplate":"https:\/\/agenciainfra.com\/blog\/?s={search_term_string}"},"query-input":{"@type":"PropertyValueSpecification","valueRequired":true,"valueName":"search_term_string"}}],"inLanguage":"pt-BR"},{"@type":"Organization","@id":"https:\/\/agenciainfra.com\/blog\/#organization","name":"Ag\u00eancia iNFRA","url":"https:\/\/agenciainfra.com\/blog\/","logo":{"@type":"ImageObject","inLanguage":"pt-BR","@id":"https:\/\/agenciainfra.com\/blog\/#\/schema\/logo\/image\/","url":"https:\/\/agenciainfra.com\/blog\/wp-content\/uploads\/2023\/09\/iNFRA_5-e1761735885940.png","contentUrl":"https:\/\/agenciainfra.com\/blog\/wp-content\/uploads\/2023\/09\/iNFRA_5-e1761735885940.png","width":1672,"height":454,"caption":"Ag\u00eancia iNFRA"},"image":{"@id":"https:\/\/agenciainfra.com\/blog\/#\/schema\/logo\/image\/"},"sameAs":["https:\/\/www.facebook.com\/ageninfra","https:\/\/x.com\/agencia_infra","https:\/\/www.linkedin.com\/company\/ag\u00eanciainfra\/","https:\/\/www.instagram.com\/agenciainfra\/"]},{"@type":"Person","@id":"https:\/\/agenciainfra.com\/blog\/#\/schema\/person\/34af08dff6adea4cb22b06612ba7acfa","name":"Ag\u00eancia iNFRA","image":{"@type":"ImageObject","inLanguage":"pt-BR","@id":"https:\/\/agenciainfra.com\/blog\/#\/schema\/person\/image\/","url":"https:\/\/secure.gravatar.com\/avatar\/d189e01678f06d8eb84d4e01f08eb848b3fffe3f8443818d3c356c66892f5be8?s=96&d=mm&r=g","contentUrl":"https:\/\/secure.gravatar.com\/avatar\/d189e01678f06d8eb84d4e01f08eb848b3fffe3f8443818d3c356c66892f5be8?s=96&d=mm&r=g","caption":"Ag\u00eancia iNFRA"},"url":"https:\/\/agenciainfra.com\/blog\/author\/admin\/"}]}},"_links":{"self":[{"href":"https:\/\/agenciainfra.com\/blog\/wp-json\/wp\/v2\/posts\/30309","targetHints":{"allow":["GET"]}}],"collection":[{"href":"https:\/\/agenciainfra.com\/blog\/wp-json\/wp\/v2\/posts"}],"about":[{"href":"https:\/\/agenciainfra.com\/blog\/wp-json\/wp\/v2\/types\/post"}],"author":[{"embeddable":true,"href":"https:\/\/agenciainfra.com\/blog\/wp-json\/wp\/v2\/users\/1"}],"replies":[{"embeddable":true,"href":"https:\/\/agenciainfra.com\/blog\/wp-json\/wp\/v2\/comments?post=30309"}],"version-history":[{"count":2,"href":"https:\/\/agenciainfra.com\/blog\/wp-json\/wp\/v2\/posts\/30309\/revisions"}],"predecessor-version":[{"id":30370,"href":"https:\/\/agenciainfra.com\/blog\/wp-json\/wp\/v2\/posts\/30309\/revisions\/30370"}],"wp:featuredmedia":[{"embeddable":true,"href":"https:\/\/agenciainfra.com\/blog\/wp-json\/wp\/v2\/media\/30310"}],"wp:attachment":[{"href":"https:\/\/agenciainfra.com\/blog\/wp-json\/wp\/v2\/media?parent=30309"}],"wp:term":[{"taxonomy":"category","embeddable":true,"href":"https:\/\/agenciainfra.com\/blog\/wp-json\/wp\/v2\/categories?post=30309"},{"taxonomy":"post_tag","embeddable":true,"href":"https:\/\/agenciainfra.com\/blog\/wp-json\/wp\/v2\/tags?post=30309"}],"curies":[{"name":"wp","href":"https:\/\/api.w.org\/{rel}","templated":true}]}}