{"id":30379,"date":"2025-10-22T14:33:22","date_gmt":"2025-10-22T17:33:22","guid":{"rendered":"https:\/\/agenciainfra.com\/blog\/?p=30379"},"modified":"2025-10-23T10:08:04","modified_gmt":"2025-10-23T13:08:04","slug":"ccjc-aprova-pec-que-amplia-poder-da-camara-sobre-agencias-reguladoras","status":"publish","type":"post","link":"https:\/\/agenciainfra.com\/blog\/ccjc-aprova-pec-que-amplia-poder-da-camara-sobre-agencias-reguladoras\/","title":{"rendered":"CCJC aprova PEC que amplia poder da C\u00e2mara sobre ag\u00eancias reguladoras"},"content":{"rendered":"\n<p class=\"has-text-align-right\"><strong>Lais Carregosa, da Ag\u00eancia iNFRA<\/strong><\/p>\n\n\n\n<p>A CCJC (Comiss\u00e3o de Constitui\u00e7\u00e3o, Justi\u00e7a e Cidadania) da C\u00e2mara dos Deputados aprovou nesta quarta-feira (22) a <a href=\"https:\/\/www.camara.leg.br\/proposicoesWeb\/prop_mostrarintegra?codteor=3026069&amp;filename=Tramitacao-PEC%2042\/2024\">PEC (Proposta de Emenda \u00e0 Constitui\u00e7\u00e3o) 42\/2024<\/a>, que atribui \u00e0 C\u00e2mara a compet\u00eancia para fiscalizar as ag\u00eancias reguladoras. O texto foi aprovado por 33 votos a favor e 13 contr\u00e1rios. A proposta ainda vai a plen\u00e1rio.<\/p>\n\n\n\n<p>O deputado Lafayette de Andrada (Republicanos-MG), relator da PEC, fez alguns ajustes de reda\u00e7\u00e3o no texto, mas manteve o conte\u00fado original de autoria do deputado Danilo Forte (Uni\u00e3o-CE). <\/p>\n","protected":false},"excerpt":{"rendered":"<p>Lais Carregosa, da Ag\u00eancia iNFRA A CCJC (Comiss\u00e3o de Constitui\u00e7\u00e3o, Justi\u00e7a e Cidadania) da C\u00e2mara dos Deputados aprovou nesta quarta-feira (22) a PEC (Proposta de Emenda \u00e0 Constitui\u00e7\u00e3o) 42\/2024, que atribui \u00e0 C\u00e2mara a compet\u00eancia para fiscalizar as ag\u00eancias reguladoras. O texto foi aprovado por 33 votos a favor e 13 contr\u00e1rios. A proposta ainda [&hellip;]<\/p>\n","protected":false},"author":1,"featured_media":6913,"comment_status":"closed","ping_status":"closed","sticky":false,"template":"","format":"standard","meta":{"_monsterinsights_skip_tracking":false,"_monsterinsights_sitenote_active":false,"_monsterinsights_sitenote_note":"","_monsterinsights_sitenote_category":0,"footnotes":""},"categories":[10],"tags":[46,10134,3755,1380,13132,16373],"class_list":["post-30379","post","type-post","status-publish","format-standard","has-post-thumbnail","hentry","category-infraenergia","tag-agencias-reguladoras","tag-ccjc","tag-danilo-forte","tag-lafayette-de-andrada","tag-lais-carregosa","tag-pec-42-2024"],"yoast_head":"<!-- This site is optimized with the Yoast SEO Premium plugin v25.4 (Yoast SEO v26.0) - https:\/\/yoast.com\/wordpress\/plugins\/seo\/ -->\n<title>CCJC aprova PEC que amplia poder da C\u00e2mara sobre ag\u00eancias reguladoras - Ag\u00eancia iNFRA<\/title>\n<meta name=\"robots\" content=\"index, follow, max-snippet:-1, max-image-preview:large, max-video-preview:-1\" \/>\n<link rel=\"canonical\" href=\"https:\/\/agenciainfra.com\/blog\/ccjc-aprova-pec-que-amplia-poder-da-camara-sobre-agencias-reguladoras\/\" \/>\n<meta property=\"og:locale\" content=\"pt_BR\" \/>\n<meta property=\"og:type\" content=\"article\" \/>\n<meta property=\"og:title\" content=\"CCJC aprova PEC que amplia poder da C\u00e2mara sobre ag\u00eancias reguladoras\" \/>\n<meta property=\"og:description\" content=\"Lais Carregosa, da Ag\u00eancia iNFRA A CCJC (Comiss\u00e3o de Constitui\u00e7\u00e3o, Justi\u00e7a e Cidadania) da C\u00e2mara dos Deputados aprovou nesta quarta-feira (22) a PEC (Proposta de Emenda \u00e0 Constitui\u00e7\u00e3o) 42\/2024, que atribui \u00e0 C\u00e2mara a compet\u00eancia para fiscalizar as ag\u00eancias reguladoras. O texto foi aprovado por 33 votos a favor e 13 contr\u00e1rios. A proposta ainda [&hellip;]\" \/>\n<meta property=\"og:url\" content=\"https:\/\/agenciainfra.com\/blog\/ccjc-aprova-pec-que-amplia-poder-da-camara-sobre-agencias-reguladoras\/\" \/>\n<meta property=\"og:site_name\" content=\"Ag\u00eancia iNFRA\" \/>\n<meta property=\"article:publisher\" content=\"https:\/\/www.facebook.com\/ageninfra\" \/>\n<meta property=\"article:published_time\" content=\"2025-10-22T17:33:22+00:00\" \/>\n<meta property=\"article:modified_time\" content=\"2025-10-23T13:08:04+00:00\" \/>\n<meta property=\"og:image\" content=\"https:\/\/agenciainfra.com\/blog\/wp-content\/uploads\/2021\/03\/lafayette-de-andrada-foto-maryanna-oliveira-camara-dos-deputados.jpeg\" \/>\n\t<meta property=\"og:image:width\" content=\"1280\" \/>\n\t<meta property=\"og:image:height\" content=\"853\" \/>\n\t<meta property=\"og:image:type\" content=\"image\/jpeg\" \/>\n<meta name=\"author\" content=\"Ag\u00eancia iNFRA\" \/>\n<meta name=\"twitter:card\" content=\"summary_large_image\" \/>\n<meta name=\"twitter:creator\" content=\"@agencia_infra\" \/>\n<meta name=\"twitter:site\" content=\"@agencia_infra\" \/>\n<meta name=\"twitter:label1\" content=\"Escrito por\" \/>\n\t<meta name=\"twitter:data1\" content=\"Ag\u00eancia iNFRA\" \/>\n<script type=\"application\/ld+json\" class=\"yoast-schema-graph\">{\"@context\":\"https:\/\/schema.org\",\"@graph\":[{\"@type\":\"Article\",\"@id\":\"https:\/\/agenciainfra.com\/blog\/ccjc-aprova-pec-que-amplia-poder-da-camara-sobre-agencias-reguladoras\/#article\",\"isPartOf\":{\"@id\":\"https:\/\/agenciainfra.com\/blog\/ccjc-aprova-pec-que-amplia-poder-da-camara-sobre-agencias-reguladoras\/\"},\"author\":{\"name\":\"Ag\u00eancia iNFRA\",\"@id\":\"https:\/\/agenciainfra.com\/blog\/#\/schema\/person\/34af08dff6adea4cb22b06612ba7acfa\"},\"headline\":\"CCJC aprova PEC que amplia poder da C\u00e2mara sobre ag\u00eancias reguladoras\",\"datePublished\":\"2025-10-22T17:33:22+00:00\",\"dateModified\":\"2025-10-23T13:08:04+00:00\",\"mainEntityOfPage\":{\"@id\":\"https:\/\/agenciainfra.com\/blog\/ccjc-aprova-pec-que-amplia-poder-da-camara-sobre-agencias-reguladoras\/\"},\"wordCount\":107,\"publisher\":{\"@id\":\"https:\/\/agenciainfra.com\/blog\/#organization\"},\"image\":{\"@id\":\"https:\/\/agenciainfra.com\/blog\/ccjc-aprova-pec-que-amplia-poder-da-camara-sobre-agencias-reguladoras\/#primaryimage\"},\"thumbnailUrl\":\"https:\/\/agenciainfra.com\/blog\/wp-content\/uploads\/2021\/03\/lafayette-de-andrada-foto-maryanna-oliveira-camara-dos-deputados.jpeg\",\"keywords\":[\"Ag\u00eancias Reguladoras\",\"CCJC\",\"Danilo Forte\",\"Lafayette de Andrada\",\"Lais Carregosa\",\"PEC 42\/2024\"],\"articleSection\":[\"iNFRAEnergia\"],\"inLanguage\":\"pt-BR\",\"copyrightYear\":\"2025\",\"copyrightHolder\":{\"@id\":\"https:\/\/agenciainfra.com\/blog\/#organization\"}},{\"@type\":\"WebPage\",\"@id\":\"https:\/\/agenciainfra.com\/blog\/ccjc-aprova-pec-que-amplia-poder-da-camara-sobre-agencias-reguladoras\/\",\"url\":\"https:\/\/agenciainfra.com\/blog\/ccjc-aprova-pec-que-amplia-poder-da-camara-sobre-agencias-reguladoras\/\",\"name\":\"CCJC aprova PEC que amplia poder da C\u00e2mara sobre ag\u00eancias reguladoras - Ag\u00eancia iNFRA\",\"isPartOf\":{\"@id\":\"https:\/\/agenciainfra.com\/blog\/#website\"},\"primaryImageOfPage\":{\"@id\":\"https:\/\/agenciainfra.com\/blog\/ccjc-aprova-pec-que-amplia-poder-da-camara-sobre-agencias-reguladoras\/#primaryimage\"},\"image\":{\"@id\":\"https:\/\/agenciainfra.com\/blog\/ccjc-aprova-pec-que-amplia-poder-da-camara-sobre-agencias-reguladoras\/#primaryimage\"},\"thumbnailUrl\":\"https:\/\/agenciainfra.com\/blog\/wp-content\/uploads\/2021\/03\/lafayette-de-andrada-foto-maryanna-oliveira-camara-dos-deputados.jpeg\",\"datePublished\":\"2025-10-22T17:33:22+00:00\",\"dateModified\":\"2025-10-23T13:08:04+00:00\",\"breadcrumb\":{\"@id\":\"https:\/\/agenciainfra.com\/blog\/ccjc-aprova-pec-que-amplia-poder-da-camara-sobre-agencias-reguladoras\/#breadcrumb\"},\"inLanguage\":\"pt-BR\",\"potentialAction\":[{\"@type\":\"ReadAction\",\"target\":[\"https:\/\/agenciainfra.com\/blog\/ccjc-aprova-pec-que-amplia-poder-da-camara-sobre-agencias-reguladoras\/\"]}]},{\"@type\":\"ImageObject\",\"inLanguage\":\"pt-BR\",\"@id\":\"https:\/\/agenciainfra.com\/blog\/ccjc-aprova-pec-que-amplia-poder-da-camara-sobre-agencias-reguladoras\/#primaryimage\",\"url\":\"https:\/\/agenciainfra.com\/blog\/wp-content\/uploads\/2021\/03\/lafayette-de-andrada-foto-maryanna-oliveira-camara-dos-deputados.jpeg\",\"contentUrl\":\"https:\/\/agenciainfra.com\/blog\/wp-content\/uploads\/2021\/03\/lafayette-de-andrada-foto-maryanna-oliveira-camara-dos-deputados.jpeg\",\"width\":1280,\"height\":853,\"caption\":\"Foto: Maryanna Oliveira\/C\u00e2mara dos Deputados\"},{\"@type\":\"BreadcrumbList\",\"@id\":\"https:\/\/agenciainfra.com\/blog\/ccjc-aprova-pec-que-amplia-poder-da-camara-sobre-agencias-reguladoras\/#breadcrumb\",\"itemListElement\":[{\"@type\":\"ListItem\",\"position\":1,\"name\":\"In\u00edcio\",\"item\":\"https:\/\/agenciainfra.com\/blog\/\"},{\"@type\":\"ListItem\",\"position\":2,\"name\":\"CCJC aprova PEC que amplia poder da C\u00e2mara sobre ag\u00eancias reguladoras\"}]},{\"@type\":\"WebSite\",\"@id\":\"https:\/\/agenciainfra.com\/blog\/#website\",\"url\":\"https:\/\/agenciainfra.com\/blog\/\",\"name\":\"Ag\u00eancia iNFRA\",\"description\":\"Multiplataforma de informa\u00e7\u00e3o jornal\u00edstica refer\u00eancia na \u00e1rea de infraestrutura no Brasil!\",\"publisher\":{\"@id\":\"https:\/\/agenciainfra.com\/blog\/#organization\"},\"potentialAction\":[{\"@type\":\"SearchAction\",\"target\":{\"@type\":\"EntryPoint\",\"urlTemplate\":\"https:\/\/agenciainfra.com\/blog\/?s={search_term_string}\"},\"query-input\":{\"@type\":\"PropertyValueSpecification\",\"valueRequired\":true,\"valueName\":\"search_term_string\"}}],\"inLanguage\":\"pt-BR\"},{\"@type\":\"Organization\",\"@id\":\"https:\/\/agenciainfra.com\/blog\/#organization\",\"name\":\"Ag\u00eancia iNFRA\",\"url\":\"https:\/\/agenciainfra.com\/blog\/\",\"logo\":{\"@type\":\"ImageObject\",\"inLanguage\":\"pt-BR\",\"@id\":\"https:\/\/agenciainfra.com\/blog\/#\/schema\/logo\/image\/\",\"url\":\"https:\/\/agenciainfra.com\/blog\/wp-content\/uploads\/2023\/09\/iNFRA_5-e1761735885940.png\",\"contentUrl\":\"https:\/\/agenciainfra.com\/blog\/wp-content\/uploads\/2023\/09\/iNFRA_5-e1761735885940.png\",\"width\":1672,\"height\":454,\"caption\":\"Ag\u00eancia iNFRA\"},\"image\":{\"@id\":\"https:\/\/agenciainfra.com\/blog\/#\/schema\/logo\/image\/\"},\"sameAs\":[\"https:\/\/www.facebook.com\/ageninfra\",\"https:\/\/x.com\/agencia_infra\",\"https:\/\/www.linkedin.com\/company\/ag\u00eanciainfra\/\",\"https:\/\/www.instagram.com\/agenciainfra\/\"]},{\"@type\":\"Person\",\"@id\":\"https:\/\/agenciainfra.com\/blog\/#\/schema\/person\/34af08dff6adea4cb22b06612ba7acfa\",\"name\":\"Ag\u00eancia iNFRA\",\"image\":{\"@type\":\"ImageObject\",\"inLanguage\":\"pt-BR\",\"@id\":\"https:\/\/agenciainfra.com\/blog\/#\/schema\/person\/image\/\",\"url\":\"https:\/\/secure.gravatar.com\/avatar\/d189e01678f06d8eb84d4e01f08eb848b3fffe3f8443818d3c356c66892f5be8?s=96&d=mm&r=g\",\"contentUrl\":\"https:\/\/secure.gravatar.com\/avatar\/d189e01678f06d8eb84d4e01f08eb848b3fffe3f8443818d3c356c66892f5be8?s=96&d=mm&r=g\",\"caption\":\"Ag\u00eancia iNFRA\"},\"url\":\"https:\/\/agenciainfra.com\/blog\/author\/admin\/\"}]}<\/script>\n<!-- \/ Yoast SEO Premium plugin. -->","yoast_head_json":{"title":"CCJC aprova PEC que amplia poder da C\u00e2mara sobre ag\u00eancias reguladoras - Ag\u00eancia iNFRA","robots":{"index":"index","follow":"follow","max-snippet":"max-snippet:-1","max-image-preview":"max-image-preview:large","max-video-preview":"max-video-preview:-1"},"canonical":"https:\/\/agenciainfra.com\/blog\/ccjc-aprova-pec-que-amplia-poder-da-camara-sobre-agencias-reguladoras\/","og_locale":"pt_BR","og_type":"article","og_title":"CCJC aprova PEC que amplia poder da C\u00e2mara sobre ag\u00eancias reguladoras","og_description":"Lais Carregosa, da Ag\u00eancia iNFRA A CCJC (Comiss\u00e3o de Constitui\u00e7\u00e3o, Justi\u00e7a e Cidadania) da C\u00e2mara dos Deputados aprovou nesta quarta-feira (22) a PEC (Proposta de Emenda \u00e0 Constitui\u00e7\u00e3o) 42\/2024, que atribui \u00e0 C\u00e2mara a compet\u00eancia para fiscalizar as ag\u00eancias reguladoras. O texto foi aprovado por 33 votos a favor e 13 contr\u00e1rios. A proposta ainda [&hellip;]","og_url":"https:\/\/agenciainfra.com\/blog\/ccjc-aprova-pec-que-amplia-poder-da-camara-sobre-agencias-reguladoras\/","og_site_name":"Ag\u00eancia iNFRA","article_publisher":"https:\/\/www.facebook.com\/ageninfra","article_published_time":"2025-10-22T17:33:22+00:00","article_modified_time":"2025-10-23T13:08:04+00:00","og_image":[{"width":1280,"height":853,"url":"https:\/\/agenciainfra.com\/blog\/wp-content\/uploads\/2021\/03\/lafayette-de-andrada-foto-maryanna-oliveira-camara-dos-deputados.jpeg","type":"image\/jpeg"}],"author":"Ag\u00eancia iNFRA","twitter_card":"summary_large_image","twitter_creator":"@agencia_infra","twitter_site":"@agencia_infra","twitter_misc":{"Escrito por":"Ag\u00eancia iNFRA"},"schema":{"@context":"https:\/\/schema.org","@graph":[{"@type":"Article","@id":"https:\/\/agenciainfra.com\/blog\/ccjc-aprova-pec-que-amplia-poder-da-camara-sobre-agencias-reguladoras\/#article","isPartOf":{"@id":"https:\/\/agenciainfra.com\/blog\/ccjc-aprova-pec-que-amplia-poder-da-camara-sobre-agencias-reguladoras\/"},"author":{"name":"Ag\u00eancia iNFRA","@id":"https:\/\/agenciainfra.com\/blog\/#\/schema\/person\/34af08dff6adea4cb22b06612ba7acfa"},"headline":"CCJC aprova PEC que amplia poder da C\u00e2mara sobre ag\u00eancias reguladoras","datePublished":"2025-10-22T17:33:22+00:00","dateModified":"2025-10-23T13:08:04+00:00","mainEntityOfPage":{"@id":"https:\/\/agenciainfra.com\/blog\/ccjc-aprova-pec-que-amplia-poder-da-camara-sobre-agencias-reguladoras\/"},"wordCount":107,"publisher":{"@id":"https:\/\/agenciainfra.com\/blog\/#organization"},"image":{"@id":"https:\/\/agenciainfra.com\/blog\/ccjc-aprova-pec-que-amplia-poder-da-camara-sobre-agencias-reguladoras\/#primaryimage"},"thumbnailUrl":"https:\/\/agenciainfra.com\/blog\/wp-content\/uploads\/2021\/03\/lafayette-de-andrada-foto-maryanna-oliveira-camara-dos-deputados.jpeg","keywords":["Ag\u00eancias Reguladoras","CCJC","Danilo Forte","Lafayette de Andrada","Lais Carregosa","PEC 42\/2024"],"articleSection":["iNFRAEnergia"],"inLanguage":"pt-BR","copyrightYear":"2025","copyrightHolder":{"@id":"https:\/\/agenciainfra.com\/blog\/#organization"}},{"@type":"WebPage","@id":"https:\/\/agenciainfra.com\/blog\/ccjc-aprova-pec-que-amplia-poder-da-camara-sobre-agencias-reguladoras\/","url":"https:\/\/agenciainfra.com\/blog\/ccjc-aprova-pec-que-amplia-poder-da-camara-sobre-agencias-reguladoras\/","name":"CCJC aprova PEC que amplia poder da C\u00e2mara sobre ag\u00eancias reguladoras - Ag\u00eancia iNFRA","isPartOf":{"@id":"https:\/\/agenciainfra.com\/blog\/#website"},"primaryImageOfPage":{"@id":"https:\/\/agenciainfra.com\/blog\/ccjc-aprova-pec-que-amplia-poder-da-camara-sobre-agencias-reguladoras\/#primaryimage"},"image":{"@id":"https:\/\/agenciainfra.com\/blog\/ccjc-aprova-pec-que-amplia-poder-da-camara-sobre-agencias-reguladoras\/#primaryimage"},"thumbnailUrl":"https:\/\/agenciainfra.com\/blog\/wp-content\/uploads\/2021\/03\/lafayette-de-andrada-foto-maryanna-oliveira-camara-dos-deputados.jpeg","datePublished":"2025-10-22T17:33:22+00:00","dateModified":"2025-10-23T13:08:04+00:00","breadcrumb":{"@id":"https:\/\/agenciainfra.com\/blog\/ccjc-aprova-pec-que-amplia-poder-da-camara-sobre-agencias-reguladoras\/#breadcrumb"},"inLanguage":"pt-BR","potentialAction":[{"@type":"ReadAction","target":["https:\/\/agenciainfra.com\/blog\/ccjc-aprova-pec-que-amplia-poder-da-camara-sobre-agencias-reguladoras\/"]}]},{"@type":"ImageObject","inLanguage":"pt-BR","@id":"https:\/\/agenciainfra.com\/blog\/ccjc-aprova-pec-que-amplia-poder-da-camara-sobre-agencias-reguladoras\/#primaryimage","url":"https:\/\/agenciainfra.com\/blog\/wp-content\/uploads\/2021\/03\/lafayette-de-andrada-foto-maryanna-oliveira-camara-dos-deputados.jpeg","contentUrl":"https:\/\/agenciainfra.com\/blog\/wp-content\/uploads\/2021\/03\/lafayette-de-andrada-foto-maryanna-oliveira-camara-dos-deputados.jpeg","width":1280,"height":853,"caption":"Foto: Maryanna Oliveira\/C\u00e2mara dos Deputados"},{"@type":"BreadcrumbList","@id":"https:\/\/agenciainfra.com\/blog\/ccjc-aprova-pec-que-amplia-poder-da-camara-sobre-agencias-reguladoras\/#breadcrumb","itemListElement":[{"@type":"ListItem","position":1,"name":"In\u00edcio","item":"https:\/\/agenciainfra.com\/blog\/"},{"@type":"ListItem","position":2,"name":"CCJC aprova PEC que amplia poder da C\u00e2mara sobre ag\u00eancias reguladoras"}]},{"@type":"WebSite","@id":"https:\/\/agenciainfra.com\/blog\/#website","url":"https:\/\/agenciainfra.com\/blog\/","name":"Ag\u00eancia iNFRA","description":"Multiplataforma de informa\u00e7\u00e3o jornal\u00edstica refer\u00eancia na \u00e1rea de infraestrutura no Brasil!","publisher":{"@id":"https:\/\/agenciainfra.com\/blog\/#organization"},"potentialAction":[{"@type":"SearchAction","target":{"@type":"EntryPoint","urlTemplate":"https:\/\/agenciainfra.com\/blog\/?s={search_term_string}"},"query-input":{"@type":"PropertyValueSpecification","valueRequired":true,"valueName":"search_term_string"}}],"inLanguage":"pt-BR"},{"@type":"Organization","@id":"https:\/\/agenciainfra.com\/blog\/#organization","name":"Ag\u00eancia iNFRA","url":"https:\/\/agenciainfra.com\/blog\/","logo":{"@type":"ImageObject","inLanguage":"pt-BR","@id":"https:\/\/agenciainfra.com\/blog\/#\/schema\/logo\/image\/","url":"https:\/\/agenciainfra.com\/blog\/wp-content\/uploads\/2023\/09\/iNFRA_5-e1761735885940.png","contentUrl":"https:\/\/agenciainfra.com\/blog\/wp-content\/uploads\/2023\/09\/iNFRA_5-e1761735885940.png","width":1672,"height":454,"caption":"Ag\u00eancia iNFRA"},"image":{"@id":"https:\/\/agenciainfra.com\/blog\/#\/schema\/logo\/image\/"},"sameAs":["https:\/\/www.facebook.com\/ageninfra","https:\/\/x.com\/agencia_infra","https:\/\/www.linkedin.com\/company\/ag\u00eanciainfra\/","https:\/\/www.instagram.com\/agenciainfra\/"]},{"@type":"Person","@id":"https:\/\/agenciainfra.com\/blog\/#\/schema\/person\/34af08dff6adea4cb22b06612ba7acfa","name":"Ag\u00eancia iNFRA","image":{"@type":"ImageObject","inLanguage":"pt-BR","@id":"https:\/\/agenciainfra.com\/blog\/#\/schema\/person\/image\/","url":"https:\/\/secure.gravatar.com\/avatar\/d189e01678f06d8eb84d4e01f08eb848b3fffe3f8443818d3c356c66892f5be8?s=96&d=mm&r=g","contentUrl":"https:\/\/secure.gravatar.com\/avatar\/d189e01678f06d8eb84d4e01f08eb848b3fffe3f8443818d3c356c66892f5be8?s=96&d=mm&r=g","caption":"Ag\u00eancia iNFRA"},"url":"https:\/\/agenciainfra.com\/blog\/author\/admin\/"}]}},"_links":{"self":[{"href":"https:\/\/agenciainfra.com\/blog\/wp-json\/wp\/v2\/posts\/30379","targetHints":{"allow":["GET"]}}],"collection":[{"href":"https:\/\/agenciainfra.com\/blog\/wp-json\/wp\/v2\/posts"}],"about":[{"href":"https:\/\/agenciainfra.com\/blog\/wp-json\/wp\/v2\/types\/post"}],"author":[{"embeddable":true,"href":"https:\/\/agenciainfra.com\/blog\/wp-json\/wp\/v2\/users\/1"}],"replies":[{"embeddable":true,"href":"https:\/\/agenciainfra.com\/blog\/wp-json\/wp\/v2\/comments?post=30379"}],"version-history":[{"count":2,"href":"https:\/\/agenciainfra.com\/blog\/wp-json\/wp\/v2\/posts\/30379\/revisions"}],"predecessor-version":[{"id":30382,"href":"https:\/\/agenciainfra.com\/blog\/wp-json\/wp\/v2\/posts\/30379\/revisions\/30382"}],"wp:featuredmedia":[{"embeddable":true,"href":"https:\/\/agenciainfra.com\/blog\/wp-json\/wp\/v2\/media\/6913"}],"wp:attachment":[{"href":"https:\/\/agenciainfra.com\/blog\/wp-json\/wp\/v2\/media?parent=30379"}],"wp:term":[{"taxonomy":"category","embeddable":true,"href":"https:\/\/agenciainfra.com\/blog\/wp-json\/wp\/v2\/categories?post=30379"},{"taxonomy":"post_tag","embeddable":true,"href":"https:\/\/agenciainfra.com\/blog\/wp-json\/wp\/v2\/tags?post=30379"}],"curies":[{"name":"wp","href":"https:\/\/api.w.org\/{rel}","templated":true}]}}