{"id":30387,"date":"2025-10-22T15:11:18","date_gmt":"2025-10-22T18:11:18","guid":{"rendered":"https:\/\/agenciainfra.com\/blog\/?p=30387"},"modified":"2025-10-23T12:05:38","modified_gmt":"2025-10-23T15:05:38","slug":"atraso-na-dragagem-pode-paralisar-operacao-da-hidrovia-do-rio-paraguai","status":"publish","type":"post","link":"https:\/\/agenciainfra.com\/blog\/atraso-na-dragagem-pode-paralisar-operacao-da-hidrovia-do-rio-paraguai\/","title":{"rendered":"Atraso na dragagem pode paralisar opera\u00e7\u00e3o da hidrovia do Rio Paraguai"},"content":{"rendered":"\n<p class=\"has-text-align-right\"><strong>Mar\u00edlia Sena, da Ag\u00eancia iNFRA<\/strong><\/p>\n\n\n\n<p>As opera\u00e7\u00f5es na hidrovia do Rio Paraguai podem ser paralisadas em at\u00e9 15 dias, informou D\u00e9cio Amaral, presidente da Hidrovias do Brasil. Segundo ele, em apenas 10 dias, o n\u00edvel do volume de \u00e1gua diminuiu em 70%, e o pa\u00eds ainda n\u00e3o possui licen\u00e7a para realizar a dragagem. O trecho \u00e9 compartilhado com os pa\u00edses vizinhos Argentina e Paraguai.<\/p>\n\n\n\n<p>\u201cN\u00f3s estamos com risco de interrup\u00e7\u00e3o porque a dragagem no tramo brasileiro est\u00e1 muito atrasada por quest\u00f5es de licenciamento\u201d, afirmou D\u00e9cio Amaral durante o evento realizado pelo MoveInfra, nesta quarta-feira (22), em Bras\u00edlia, com <a href=\"https:\/\/www.youtube.com\/watch?v=S9-klCclLkY\">transmiss\u00e3o ao vivo<\/a> pela <strong>Ag\u00eancia iNFRA<\/strong>.<\/p>\n\n\n\n<p>Ele alertou para a situa\u00e7\u00e3o da hidrovia do rio Tapaj\u00f3s, que em breve pode enfrentar o mesmo problema. A dragagem de manuten\u00e7\u00e3o foi vetada pelo presidente Luiz In\u00e1cio Lula da Silva na san\u00e7\u00e3o do PL (Projeto de Lei) 2.159\/2021, referente ao licenciamento ambiental. A derrubada do veto tem sido solicitada por agentes do setor que se sentiram prejudicados.<\/p>\n\n\n\n<p>A concess\u00e3o do Rio Paraguai est\u00e1 em discuss\u00e3o no TCU (Tribunal de Contas da Uni\u00e3o). O governo enfrenta entraves relacionados \u00e0 binacionalidade da concess\u00e3o, o que pode atrasar ainda mais o processo do certame. O leil\u00e3o estava previsto para este ano, mas foi adiado para 2026.<\/p>\n","protected":false},"excerpt":{"rendered":"<p>Mar\u00edlia Sena, da Ag\u00eancia iNFRA As opera\u00e7\u00f5es na hidrovia do Rio Paraguai podem ser paralisadas em at\u00e9 15 dias, informou D\u00e9cio Amaral, presidente da Hidrovias do Brasil. Segundo ele, em apenas 10 dias, o n\u00edvel do volume de \u00e1gua diminuiu em 70%, e o pa\u00eds ainda n\u00e3o possui licen\u00e7a para realizar a dragagem. O trecho [&hellip;]<\/p>\n","protected":false},"author":1,"featured_media":30395,"comment_status":"closed","ping_status":"closed","sticky":false,"template":"","format":"standard","meta":{"_monsterinsights_skip_tracking":false,"_monsterinsights_sitenote_active":false,"_monsterinsights_sitenote_note":"","_monsterinsights_sitenote_category":0,"footnotes":""},"categories":[7],"tags":[7851,4199,13213,11654,4457,4642,18],"class_list":["post-30387","post","type-post","status-publish","format-standard","has-post-thumbnail","hentry","category-infratransporte","tag-decio-amaral","tag-drenagem-pluvial","tag-hidrovia-brasil-uruguai","tag-marilia-sena","tag-pl-2-159-2021","tag-rio-tapajos","tag-tcu"],"yoast_head":"<!-- This site is optimized with the Yoast SEO Premium plugin v25.4 (Yoast SEO v26.0) - https:\/\/yoast.com\/wordpress\/plugins\/seo\/ -->\n<title>Atraso na dragagem pode paralisar opera\u00e7\u00e3o da hidrovia do Rio Paraguai - Ag\u00eancia iNFRA<\/title>\n<meta name=\"robots\" content=\"index, follow, max-snippet:-1, max-image-preview:large, max-video-preview:-1\" \/>\n<link rel=\"canonical\" href=\"https:\/\/agenciainfra.com\/blog\/atraso-na-dragagem-pode-paralisar-operacao-da-hidrovia-do-rio-paraguai\/\" \/>\n<meta property=\"og:locale\" content=\"pt_BR\" \/>\n<meta property=\"og:type\" content=\"article\" \/>\n<meta property=\"og:title\" content=\"Atraso na dragagem pode paralisar opera\u00e7\u00e3o da hidrovia do Rio Paraguai\" \/>\n<meta property=\"og:description\" content=\"Mar\u00edlia Sena, da Ag\u00eancia iNFRA As opera\u00e7\u00f5es na hidrovia do Rio Paraguai podem ser paralisadas em at\u00e9 15 dias, informou D\u00e9cio Amaral, presidente da Hidrovias do Brasil. Segundo ele, em apenas 10 dias, o n\u00edvel do volume de \u00e1gua diminuiu em 70%, e o pa\u00eds ainda n\u00e3o possui licen\u00e7a para realizar a dragagem. O trecho [&hellip;]\" \/>\n<meta property=\"og:url\" content=\"https:\/\/agenciainfra.com\/blog\/atraso-na-dragagem-pode-paralisar-operacao-da-hidrovia-do-rio-paraguai\/\" \/>\n<meta property=\"og:site_name\" content=\"Ag\u00eancia iNFRA\" \/>\n<meta property=\"article:publisher\" content=\"https:\/\/www.facebook.com\/ageninfra\" \/>\n<meta property=\"article:published_time\" content=\"2025-10-22T18:11:18+00:00\" \/>\n<meta property=\"article:modified_time\" content=\"2025-10-23T15:05:38+00:00\" \/>\n<meta property=\"og:image\" content=\"https:\/\/agenciainfra.com\/blog\/wp-content\/uploads\/2025\/10\/decio-amaral-foto-luh-fiuza-agencia-infra.jpeg\" \/>\n\t<meta property=\"og:image:width\" content=\"1280\" \/>\n\t<meta property=\"og:image:height\" content=\"853\" \/>\n\t<meta property=\"og:image:type\" content=\"image\/jpeg\" \/>\n<meta name=\"author\" content=\"Ag\u00eancia iNFRA\" \/>\n<meta name=\"twitter:card\" content=\"summary_large_image\" \/>\n<meta name=\"twitter:creator\" content=\"@agencia_infra\" \/>\n<meta name=\"twitter:site\" content=\"@agencia_infra\" \/>\n<meta name=\"twitter:label1\" content=\"Escrito por\" \/>\n\t<meta name=\"twitter:data1\" content=\"Ag\u00eancia iNFRA\" \/>\n\t<meta name=\"twitter:label2\" content=\"Est. tempo de leitura\" \/>\n\t<meta name=\"twitter:data2\" content=\"1 minuto\" \/>\n<script type=\"application\/ld+json\" class=\"yoast-schema-graph\">{\"@context\":\"https:\/\/schema.org\",\"@graph\":[{\"@type\":\"Article\",\"@id\":\"https:\/\/agenciainfra.com\/blog\/atraso-na-dragagem-pode-paralisar-operacao-da-hidrovia-do-rio-paraguai\/#article\",\"isPartOf\":{\"@id\":\"https:\/\/agenciainfra.com\/blog\/atraso-na-dragagem-pode-paralisar-operacao-da-hidrovia-do-rio-paraguai\/\"},\"author\":{\"name\":\"Ag\u00eancia iNFRA\",\"@id\":\"https:\/\/agenciainfra.com\/blog\/#\/schema\/person\/34af08dff6adea4cb22b06612ba7acfa\"},\"headline\":\"Atraso na dragagem pode paralisar opera\u00e7\u00e3o da hidrovia do Rio Paraguai\",\"datePublished\":\"2025-10-22T18:11:18+00:00\",\"dateModified\":\"2025-10-23T15:05:38+00:00\",\"mainEntityOfPage\":{\"@id\":\"https:\/\/agenciainfra.com\/blog\/atraso-na-dragagem-pode-paralisar-operacao-da-hidrovia-do-rio-paraguai\/\"},\"wordCount\":238,\"publisher\":{\"@id\":\"https:\/\/agenciainfra.com\/blog\/#organization\"},\"image\":{\"@id\":\"https:\/\/agenciainfra.com\/blog\/atraso-na-dragagem-pode-paralisar-operacao-da-hidrovia-do-rio-paraguai\/#primaryimage\"},\"thumbnailUrl\":\"https:\/\/agenciainfra.com\/blog\/wp-content\/uploads\/2025\/10\/decio-amaral-foto-luh-fiuza-agencia-infra.jpeg\",\"keywords\":[\"D\u00e9cio Amaral\",\"drenagem pluvial\",\"Hidrovia Brasil-Uruguai\",\"Mar\u00edlia Sena\",\"PL 2.159\/2021\",\"rio Tapaj\u00f3s\",\"TCU\"],\"articleSection\":[\"iNFRATransporte\"],\"inLanguage\":\"pt-BR\",\"copyrightYear\":\"2025\",\"copyrightHolder\":{\"@id\":\"https:\/\/agenciainfra.com\/blog\/#organization\"}},{\"@type\":\"WebPage\",\"@id\":\"https:\/\/agenciainfra.com\/blog\/atraso-na-dragagem-pode-paralisar-operacao-da-hidrovia-do-rio-paraguai\/\",\"url\":\"https:\/\/agenciainfra.com\/blog\/atraso-na-dragagem-pode-paralisar-operacao-da-hidrovia-do-rio-paraguai\/\",\"name\":\"Atraso na dragagem pode paralisar opera\u00e7\u00e3o da hidrovia do Rio Paraguai - Ag\u00eancia iNFRA\",\"isPartOf\":{\"@id\":\"https:\/\/agenciainfra.com\/blog\/#website\"},\"primaryImageOfPage\":{\"@id\":\"https:\/\/agenciainfra.com\/blog\/atraso-na-dragagem-pode-paralisar-operacao-da-hidrovia-do-rio-paraguai\/#primaryimage\"},\"image\":{\"@id\":\"https:\/\/agenciainfra.com\/blog\/atraso-na-dragagem-pode-paralisar-operacao-da-hidrovia-do-rio-paraguai\/#primaryimage\"},\"thumbnailUrl\":\"https:\/\/agenciainfra.com\/blog\/wp-content\/uploads\/2025\/10\/decio-amaral-foto-luh-fiuza-agencia-infra.jpeg\",\"datePublished\":\"2025-10-22T18:11:18+00:00\",\"dateModified\":\"2025-10-23T15:05:38+00:00\",\"breadcrumb\":{\"@id\":\"https:\/\/agenciainfra.com\/blog\/atraso-na-dragagem-pode-paralisar-operacao-da-hidrovia-do-rio-paraguai\/#breadcrumb\"},\"inLanguage\":\"pt-BR\",\"potentialAction\":[{\"@type\":\"ReadAction\",\"target\":[\"https:\/\/agenciainfra.com\/blog\/atraso-na-dragagem-pode-paralisar-operacao-da-hidrovia-do-rio-paraguai\/\"]}]},{\"@type\":\"ImageObject\",\"inLanguage\":\"pt-BR\",\"@id\":\"https:\/\/agenciainfra.com\/blog\/atraso-na-dragagem-pode-paralisar-operacao-da-hidrovia-do-rio-paraguai\/#primaryimage\",\"url\":\"https:\/\/agenciainfra.com\/blog\/wp-content\/uploads\/2025\/10\/decio-amaral-foto-luh-fiuza-agencia-infra.jpeg\",\"contentUrl\":\"https:\/\/agenciainfra.com\/blog\/wp-content\/uploads\/2025\/10\/decio-amaral-foto-luh-fiuza-agencia-infra.jpeg\",\"width\":1280,\"height\":853,\"caption\":\"Foto: Luh Fiuza\/Ag\u00eancia iNFRA\"},{\"@type\":\"BreadcrumbList\",\"@id\":\"https:\/\/agenciainfra.com\/blog\/atraso-na-dragagem-pode-paralisar-operacao-da-hidrovia-do-rio-paraguai\/#breadcrumb\",\"itemListElement\":[{\"@type\":\"ListItem\",\"position\":1,\"name\":\"In\u00edcio\",\"item\":\"https:\/\/agenciainfra.com\/blog\/\"},{\"@type\":\"ListItem\",\"position\":2,\"name\":\"Atraso na dragagem pode paralisar opera\u00e7\u00e3o da hidrovia do Rio Paraguai\"}]},{\"@type\":\"WebSite\",\"@id\":\"https:\/\/agenciainfra.com\/blog\/#website\",\"url\":\"https:\/\/agenciainfra.com\/blog\/\",\"name\":\"Ag\u00eancia iNFRA\",\"description\":\"Multiplataforma de informa\u00e7\u00e3o jornal\u00edstica refer\u00eancia na \u00e1rea de infraestrutura no Brasil!\",\"publisher\":{\"@id\":\"https:\/\/agenciainfra.com\/blog\/#organization\"},\"potentialAction\":[{\"@type\":\"SearchAction\",\"target\":{\"@type\":\"EntryPoint\",\"urlTemplate\":\"https:\/\/agenciainfra.com\/blog\/?s={search_term_string}\"},\"query-input\":{\"@type\":\"PropertyValueSpecification\",\"valueRequired\":true,\"valueName\":\"search_term_string\"}}],\"inLanguage\":\"pt-BR\"},{\"@type\":\"Organization\",\"@id\":\"https:\/\/agenciainfra.com\/blog\/#organization\",\"name\":\"Ag\u00eancia iNFRA\",\"url\":\"https:\/\/agenciainfra.com\/blog\/\",\"logo\":{\"@type\":\"ImageObject\",\"inLanguage\":\"pt-BR\",\"@id\":\"https:\/\/agenciainfra.com\/blog\/#\/schema\/logo\/image\/\",\"url\":\"https:\/\/agenciainfra.com\/blog\/wp-content\/uploads\/2023\/09\/iNFRA_5-e1761735885940.png\",\"contentUrl\":\"https:\/\/agenciainfra.com\/blog\/wp-content\/uploads\/2023\/09\/iNFRA_5-e1761735885940.png\",\"width\":1672,\"height\":454,\"caption\":\"Ag\u00eancia iNFRA\"},\"image\":{\"@id\":\"https:\/\/agenciainfra.com\/blog\/#\/schema\/logo\/image\/\"},\"sameAs\":[\"https:\/\/www.facebook.com\/ageninfra\",\"https:\/\/x.com\/agencia_infra\",\"https:\/\/www.linkedin.com\/company\/ag\u00eanciainfra\/\",\"https:\/\/www.instagram.com\/agenciainfra\/\"]},{\"@type\":\"Person\",\"@id\":\"https:\/\/agenciainfra.com\/blog\/#\/schema\/person\/34af08dff6adea4cb22b06612ba7acfa\",\"name\":\"Ag\u00eancia iNFRA\",\"image\":{\"@type\":\"ImageObject\",\"inLanguage\":\"pt-BR\",\"@id\":\"https:\/\/agenciainfra.com\/blog\/#\/schema\/person\/image\/\",\"url\":\"https:\/\/secure.gravatar.com\/avatar\/d189e01678f06d8eb84d4e01f08eb848b3fffe3f8443818d3c356c66892f5be8?s=96&d=mm&r=g\",\"contentUrl\":\"https:\/\/secure.gravatar.com\/avatar\/d189e01678f06d8eb84d4e01f08eb848b3fffe3f8443818d3c356c66892f5be8?s=96&d=mm&r=g\",\"caption\":\"Ag\u00eancia iNFRA\"},\"url\":\"https:\/\/agenciainfra.com\/blog\/author\/admin\/\"}]}<\/script>\n<!-- \/ Yoast SEO Premium plugin. -->","yoast_head_json":{"title":"Atraso na dragagem pode paralisar opera\u00e7\u00e3o da hidrovia do Rio Paraguai - Ag\u00eancia iNFRA","robots":{"index":"index","follow":"follow","max-snippet":"max-snippet:-1","max-image-preview":"max-image-preview:large","max-video-preview":"max-video-preview:-1"},"canonical":"https:\/\/agenciainfra.com\/blog\/atraso-na-dragagem-pode-paralisar-operacao-da-hidrovia-do-rio-paraguai\/","og_locale":"pt_BR","og_type":"article","og_title":"Atraso na dragagem pode paralisar opera\u00e7\u00e3o da hidrovia do Rio Paraguai","og_description":"Mar\u00edlia Sena, da Ag\u00eancia iNFRA As opera\u00e7\u00f5es na hidrovia do Rio Paraguai podem ser paralisadas em at\u00e9 15 dias, informou D\u00e9cio Amaral, presidente da Hidrovias do Brasil. Segundo ele, em apenas 10 dias, o n\u00edvel do volume de \u00e1gua diminuiu em 70%, e o pa\u00eds ainda n\u00e3o possui licen\u00e7a para realizar a dragagem. O trecho [&hellip;]","og_url":"https:\/\/agenciainfra.com\/blog\/atraso-na-dragagem-pode-paralisar-operacao-da-hidrovia-do-rio-paraguai\/","og_site_name":"Ag\u00eancia iNFRA","article_publisher":"https:\/\/www.facebook.com\/ageninfra","article_published_time":"2025-10-22T18:11:18+00:00","article_modified_time":"2025-10-23T15:05:38+00:00","og_image":[{"width":1280,"height":853,"url":"https:\/\/agenciainfra.com\/blog\/wp-content\/uploads\/2025\/10\/decio-amaral-foto-luh-fiuza-agencia-infra.jpeg","type":"image\/jpeg"}],"author":"Ag\u00eancia iNFRA","twitter_card":"summary_large_image","twitter_creator":"@agencia_infra","twitter_site":"@agencia_infra","twitter_misc":{"Escrito por":"Ag\u00eancia iNFRA","Est. tempo de leitura":"1 minuto"},"schema":{"@context":"https:\/\/schema.org","@graph":[{"@type":"Article","@id":"https:\/\/agenciainfra.com\/blog\/atraso-na-dragagem-pode-paralisar-operacao-da-hidrovia-do-rio-paraguai\/#article","isPartOf":{"@id":"https:\/\/agenciainfra.com\/blog\/atraso-na-dragagem-pode-paralisar-operacao-da-hidrovia-do-rio-paraguai\/"},"author":{"name":"Ag\u00eancia iNFRA","@id":"https:\/\/agenciainfra.com\/blog\/#\/schema\/person\/34af08dff6adea4cb22b06612ba7acfa"},"headline":"Atraso na dragagem pode paralisar opera\u00e7\u00e3o da hidrovia do Rio Paraguai","datePublished":"2025-10-22T18:11:18+00:00","dateModified":"2025-10-23T15:05:38+00:00","mainEntityOfPage":{"@id":"https:\/\/agenciainfra.com\/blog\/atraso-na-dragagem-pode-paralisar-operacao-da-hidrovia-do-rio-paraguai\/"},"wordCount":238,"publisher":{"@id":"https:\/\/agenciainfra.com\/blog\/#organization"},"image":{"@id":"https:\/\/agenciainfra.com\/blog\/atraso-na-dragagem-pode-paralisar-operacao-da-hidrovia-do-rio-paraguai\/#primaryimage"},"thumbnailUrl":"https:\/\/agenciainfra.com\/blog\/wp-content\/uploads\/2025\/10\/decio-amaral-foto-luh-fiuza-agencia-infra.jpeg","keywords":["D\u00e9cio Amaral","drenagem pluvial","Hidrovia Brasil-Uruguai","Mar\u00edlia Sena","PL 2.159\/2021","rio Tapaj\u00f3s","TCU"],"articleSection":["iNFRATransporte"],"inLanguage":"pt-BR","copyrightYear":"2025","copyrightHolder":{"@id":"https:\/\/agenciainfra.com\/blog\/#organization"}},{"@type":"WebPage","@id":"https:\/\/agenciainfra.com\/blog\/atraso-na-dragagem-pode-paralisar-operacao-da-hidrovia-do-rio-paraguai\/","url":"https:\/\/agenciainfra.com\/blog\/atraso-na-dragagem-pode-paralisar-operacao-da-hidrovia-do-rio-paraguai\/","name":"Atraso na dragagem pode paralisar opera\u00e7\u00e3o da hidrovia do Rio Paraguai - Ag\u00eancia iNFRA","isPartOf":{"@id":"https:\/\/agenciainfra.com\/blog\/#website"},"primaryImageOfPage":{"@id":"https:\/\/agenciainfra.com\/blog\/atraso-na-dragagem-pode-paralisar-operacao-da-hidrovia-do-rio-paraguai\/#primaryimage"},"image":{"@id":"https:\/\/agenciainfra.com\/blog\/atraso-na-dragagem-pode-paralisar-operacao-da-hidrovia-do-rio-paraguai\/#primaryimage"},"thumbnailUrl":"https:\/\/agenciainfra.com\/blog\/wp-content\/uploads\/2025\/10\/decio-amaral-foto-luh-fiuza-agencia-infra.jpeg","datePublished":"2025-10-22T18:11:18+00:00","dateModified":"2025-10-23T15:05:38+00:00","breadcrumb":{"@id":"https:\/\/agenciainfra.com\/blog\/atraso-na-dragagem-pode-paralisar-operacao-da-hidrovia-do-rio-paraguai\/#breadcrumb"},"inLanguage":"pt-BR","potentialAction":[{"@type":"ReadAction","target":["https:\/\/agenciainfra.com\/blog\/atraso-na-dragagem-pode-paralisar-operacao-da-hidrovia-do-rio-paraguai\/"]}]},{"@type":"ImageObject","inLanguage":"pt-BR","@id":"https:\/\/agenciainfra.com\/blog\/atraso-na-dragagem-pode-paralisar-operacao-da-hidrovia-do-rio-paraguai\/#primaryimage","url":"https:\/\/agenciainfra.com\/blog\/wp-content\/uploads\/2025\/10\/decio-amaral-foto-luh-fiuza-agencia-infra.jpeg","contentUrl":"https:\/\/agenciainfra.com\/blog\/wp-content\/uploads\/2025\/10\/decio-amaral-foto-luh-fiuza-agencia-infra.jpeg","width":1280,"height":853,"caption":"Foto: Luh Fiuza\/Ag\u00eancia iNFRA"},{"@type":"BreadcrumbList","@id":"https:\/\/agenciainfra.com\/blog\/atraso-na-dragagem-pode-paralisar-operacao-da-hidrovia-do-rio-paraguai\/#breadcrumb","itemListElement":[{"@type":"ListItem","position":1,"name":"In\u00edcio","item":"https:\/\/agenciainfra.com\/blog\/"},{"@type":"ListItem","position":2,"name":"Atraso na dragagem pode paralisar opera\u00e7\u00e3o da hidrovia do Rio Paraguai"}]},{"@type":"WebSite","@id":"https:\/\/agenciainfra.com\/blog\/#website","url":"https:\/\/agenciainfra.com\/blog\/","name":"Ag\u00eancia iNFRA","description":"Multiplataforma de informa\u00e7\u00e3o jornal\u00edstica refer\u00eancia na \u00e1rea de infraestrutura no Brasil!","publisher":{"@id":"https:\/\/agenciainfra.com\/blog\/#organization"},"potentialAction":[{"@type":"SearchAction","target":{"@type":"EntryPoint","urlTemplate":"https:\/\/agenciainfra.com\/blog\/?s={search_term_string}"},"query-input":{"@type":"PropertyValueSpecification","valueRequired":true,"valueName":"search_term_string"}}],"inLanguage":"pt-BR"},{"@type":"Organization","@id":"https:\/\/agenciainfra.com\/blog\/#organization","name":"Ag\u00eancia iNFRA","url":"https:\/\/agenciainfra.com\/blog\/","logo":{"@type":"ImageObject","inLanguage":"pt-BR","@id":"https:\/\/agenciainfra.com\/blog\/#\/schema\/logo\/image\/","url":"https:\/\/agenciainfra.com\/blog\/wp-content\/uploads\/2023\/09\/iNFRA_5-e1761735885940.png","contentUrl":"https:\/\/agenciainfra.com\/blog\/wp-content\/uploads\/2023\/09\/iNFRA_5-e1761735885940.png","width":1672,"height":454,"caption":"Ag\u00eancia iNFRA"},"image":{"@id":"https:\/\/agenciainfra.com\/blog\/#\/schema\/logo\/image\/"},"sameAs":["https:\/\/www.facebook.com\/ageninfra","https:\/\/x.com\/agencia_infra","https:\/\/www.linkedin.com\/company\/ag\u00eanciainfra\/","https:\/\/www.instagram.com\/agenciainfra\/"]},{"@type":"Person","@id":"https:\/\/agenciainfra.com\/blog\/#\/schema\/person\/34af08dff6adea4cb22b06612ba7acfa","name":"Ag\u00eancia iNFRA","image":{"@type":"ImageObject","inLanguage":"pt-BR","@id":"https:\/\/agenciainfra.com\/blog\/#\/schema\/person\/image\/","url":"https:\/\/secure.gravatar.com\/avatar\/d189e01678f06d8eb84d4e01f08eb848b3fffe3f8443818d3c356c66892f5be8?s=96&d=mm&r=g","contentUrl":"https:\/\/secure.gravatar.com\/avatar\/d189e01678f06d8eb84d4e01f08eb848b3fffe3f8443818d3c356c66892f5be8?s=96&d=mm&r=g","caption":"Ag\u00eancia iNFRA"},"url":"https:\/\/agenciainfra.com\/blog\/author\/admin\/"}]}},"_links":{"self":[{"href":"https:\/\/agenciainfra.com\/blog\/wp-json\/wp\/v2\/posts\/30387","targetHints":{"allow":["GET"]}}],"collection":[{"href":"https:\/\/agenciainfra.com\/blog\/wp-json\/wp\/v2\/posts"}],"about":[{"href":"https:\/\/agenciainfra.com\/blog\/wp-json\/wp\/v2\/types\/post"}],"author":[{"embeddable":true,"href":"https:\/\/agenciainfra.com\/blog\/wp-json\/wp\/v2\/users\/1"}],"replies":[{"embeddable":true,"href":"https:\/\/agenciainfra.com\/blog\/wp-json\/wp\/v2\/comments?post=30387"}],"version-history":[{"count":4,"href":"https:\/\/agenciainfra.com\/blog\/wp-json\/wp\/v2\/posts\/30387\/revisions"}],"predecessor-version":[{"id":30397,"href":"https:\/\/agenciainfra.com\/blog\/wp-json\/wp\/v2\/posts\/30387\/revisions\/30397"}],"wp:featuredmedia":[{"embeddable":true,"href":"https:\/\/agenciainfra.com\/blog\/wp-json\/wp\/v2\/media\/30395"}],"wp:attachment":[{"href":"https:\/\/agenciainfra.com\/blog\/wp-json\/wp\/v2\/media?parent=30387"}],"wp:term":[{"taxonomy":"category","embeddable":true,"href":"https:\/\/agenciainfra.com\/blog\/wp-json\/wp\/v2\/categories?post=30387"},{"taxonomy":"post_tag","embeddable":true,"href":"https:\/\/agenciainfra.com\/blog\/wp-json\/wp\/v2\/tags?post=30387"}],"curies":[{"name":"wp","href":"https:\/\/api.w.org\/{rel}","templated":true}]}}