{"id":30390,"date":"2025-10-22T15:15:44","date_gmt":"2025-10-22T18:15:44","guid":{"rendered":"https:\/\/agenciainfra.com\/blog\/?p=30390"},"modified":"2025-10-23T14:35:11","modified_gmt":"2025-10-23T17:35:11","slug":"huawei-defende-colaboracao-em-vez-de-disputa-por-minerais-criticos","status":"publish","type":"post","link":"https:\/\/agenciainfra.com\/blog\/huawei-defende-colaboracao-em-vez-de-disputa-por-minerais-criticos\/","title":{"rendered":"Huawei defende colabora\u00e7\u00e3o em vez de disputa por minerais cr\u00edticos"},"content":{"rendered":"\n<p class=\"has-text-align-right\"><strong>Rafael Bitencourt, da Ag\u00eancia iNFRA<\/strong><\/p>\n\n\n\n<p>A Huawei, gigante chinesa do setor de tecnologia, defende que \u00e9 melhor construir parcerias com o Brasil no desenvolvimento da cadeia de explora\u00e7\u00e3o e beneficiamento dos minerais cr\u00edticos \u2013 aqueles com demanda crescente na transi\u00e7\u00e3o energ\u00e9tica e na ind\u00fastria de alta tecnologia \u2013 em vez de abrir uma disputa de mercado, afirmou nesta quarta-feira (22) Bruno Mininel, gerente comercial da Huawei Digital Power.<\/p>\n\n\n\n<p>\u201cAcho que o Brasil n\u00e3o entra num papel de concorr\u00eancia. Neste momento, o Brasil poderia entrar com papel de coopera\u00e7\u00e3o. Digo isso para a gente conseguir acelerar a transi\u00e7\u00e3o energ\u00e9tica e tamb\u00e9m a transi\u00e7\u00e3o tecnol\u00f3gica, e a\u00ed absorver conhecimento\u201d, afirmou o executivo, no Invest Mining Summit 2025.<\/p>\n\n\n\n<p>O executivo contou que a Huawei Digital Power foi criada pelo grupo em 2021 pensando no desenvolvimento de linha de produtos voltados para a transi\u00e7\u00e3o energ\u00e9tica. Atualmente, disse ele, essa unidade de neg\u00f3cio responde pelo faturamento anual de US$ 10 bilh\u00f5es, cerca de 10% do volume contabilizado pela holding global.<\/p>\n\n\n\n<p>A fala do executivo da Huawei veio para responder a pergunta do presidente da Adimb (Ag\u00eancia para o Desenvolvimento e Inova\u00e7\u00e3o do Setor Mineral Brasileiro), Marcos Andr\u00e9, sobre como o Brasil deve entrar na corrida pelos minerais cr\u00edticos considerando a \u201cposi\u00e7\u00e3o superlativa\u201d da China nos segmentos de minera\u00e7\u00e3o, extra\u00e7\u00e3o, refino, processamento dos bens minerais, com \u00eanfase no com\u00e9rcio de terras raras, de l\u00edtio e grafita, e ainda na fabrica\u00e7\u00e3o de produtos acabados, como \u00edm\u00e3s e baterias.<\/p>\n\n\n\n<p>Dentro do jogo geopol\u00edtico, a China \u00e9 acusada de impor guerra de pre\u00e7os aos pa\u00edses que queiram entrar no mercado de terras raras e outros minerais cr\u00edticos, ora aumentando ora restringindo subitamente a oferta desses produtos.<\/p>\n\n\n\n<p>Mininel avalia que a dificuldade de outros pa\u00edses \u00e9 justificada pela larga vantagem obtida pela China ap\u00f3s anos de investimento para desenvolver a cadeia de produ\u00e7\u00e3o desses minerais. Isso, segundo ele, n\u00e3o tem rela\u00e7\u00e3o com estrat\u00e9gia comercial de impor pre\u00e7os artificiais.<\/p>\n\n\n\n<p>\u201cAcho que isso n\u00e3o se deve ao simples fato de [estabelecer] volume e pre\u00e7o. A China, durante d\u00e9cadas, durante as \u00faltimas d\u00e9cadas, investiu muito internamente para criar um ecossistema tecnol\u00f3gico sustent\u00e1vel\u201d, ressaltou o executivo da Huawei Digital Power. \u201cA Huawei \u00e9 um belo exemplo disso. Se pegar alguns dados, a gente v\u00ea que a Huawei \u00e9 a empresa n\u00famero um em patentes no mundo e ano passado investiu mais de US$ 24 bilh\u00f5es s\u00f3 na \u00e1rea de P&amp;D [pesquisa e desenvolvimento]\u201d, complementou.<\/p>\n","protected":false},"excerpt":{"rendered":"<p>Rafael Bitencourt, da Ag\u00eancia iNFRA A Huawei, gigante chinesa do setor de tecnologia, defende que \u00e9 melhor construir parcerias com o Brasil no desenvolvimento da cadeia de explora\u00e7\u00e3o e beneficiamento dos minerais cr\u00edticos \u2013 aqueles com demanda crescente na transi\u00e7\u00e3o energ\u00e9tica e na ind\u00fastria de alta tecnologia \u2013 em vez de abrir uma disputa de [&hellip;]<\/p>\n","protected":false},"author":1,"featured_media":30399,"comment_status":"closed","ping_status":"closed","sticky":false,"template":"","format":"standard","meta":{"_monsterinsights_skip_tracking":false,"_monsterinsights_sitenote_active":false,"_monsterinsights_sitenote_note":"","_monsterinsights_sitenote_category":0,"footnotes":""},"categories":[13239],"tags":[16377,16375,14129,16376,16369,16378,13228,13813,2006],"class_list":["post-30390","post","type-post","status-publish","format-standard","has-post-thumbnail","hentry","category-mineracao","tag-adimb","tag-bruno-mininel","tag-huawei","tag-huawei-digital-power","tag-invest-mining-summit-2025","tag-marcos-andre","tag-minerais-criticos","tag-rafael-bitencourt","tag-transicao-energetica"],"yoast_head":"<!-- This site is optimized with the Yoast SEO Premium plugin v25.4 (Yoast SEO v26.0) - https:\/\/yoast.com\/wordpress\/plugins\/seo\/ -->\n<title>Huawei defende colabora\u00e7\u00e3o em vez de disputa por minerais cr\u00edticos - Ag\u00eancia iNFRA<\/title>\n<meta name=\"robots\" content=\"index, follow, max-snippet:-1, max-image-preview:large, max-video-preview:-1\" \/>\n<link rel=\"canonical\" href=\"https:\/\/agenciainfra.com\/blog\/huawei-defende-colaboracao-em-vez-de-disputa-por-minerais-criticos\/\" \/>\n<meta property=\"og:locale\" content=\"pt_BR\" \/>\n<meta property=\"og:type\" content=\"article\" \/>\n<meta property=\"og:title\" content=\"Huawei defende colabora\u00e7\u00e3o em vez de disputa por minerais cr\u00edticos\" \/>\n<meta property=\"og:description\" content=\"Rafael Bitencourt, da Ag\u00eancia iNFRA A Huawei, gigante chinesa do setor de tecnologia, defende que \u00e9 melhor construir parcerias com o Brasil no desenvolvimento da cadeia de explora\u00e7\u00e3o e beneficiamento dos minerais cr\u00edticos \u2013 aqueles com demanda crescente na transi\u00e7\u00e3o energ\u00e9tica e na ind\u00fastria de alta tecnologia \u2013 em vez de abrir uma disputa de [&hellip;]\" \/>\n<meta property=\"og:url\" content=\"https:\/\/agenciainfra.com\/blog\/huawei-defende-colaboracao-em-vez-de-disputa-por-minerais-criticos\/\" \/>\n<meta property=\"og:site_name\" content=\"Ag\u00eancia iNFRA\" \/>\n<meta property=\"article:publisher\" content=\"https:\/\/www.facebook.com\/ageninfra\" \/>\n<meta property=\"article:published_time\" content=\"2025-10-22T18:15:44+00:00\" \/>\n<meta property=\"article:modified_time\" content=\"2025-10-23T17:35:11+00:00\" \/>\n<meta property=\"og:image\" content=\"https:\/\/agenciainfra.com\/blog\/wp-content\/uploads\/2025\/10\/bruno-mininel-foto-reproducao-youtube.jpeg\" \/>\n\t<meta property=\"og:image:width\" content=\"1280\" \/>\n\t<meta property=\"og:image:height\" content=\"719\" \/>\n\t<meta property=\"og:image:type\" content=\"image\/jpeg\" \/>\n<meta name=\"author\" content=\"Ag\u00eancia iNFRA\" \/>\n<meta name=\"twitter:card\" content=\"summary_large_image\" \/>\n<meta name=\"twitter:creator\" content=\"@agencia_infra\" \/>\n<meta name=\"twitter:site\" content=\"@agencia_infra\" \/>\n<meta name=\"twitter:label1\" content=\"Escrito por\" \/>\n\t<meta name=\"twitter:data1\" content=\"Ag\u00eancia iNFRA\" \/>\n\t<meta name=\"twitter:label2\" content=\"Est. tempo de leitura\" \/>\n\t<meta name=\"twitter:data2\" content=\"2 minutos\" \/>\n<script type=\"application\/ld+json\" class=\"yoast-schema-graph\">{\"@context\":\"https:\/\/schema.org\",\"@graph\":[{\"@type\":\"Article\",\"@id\":\"https:\/\/agenciainfra.com\/blog\/huawei-defende-colaboracao-em-vez-de-disputa-por-minerais-criticos\/#article\",\"isPartOf\":{\"@id\":\"https:\/\/agenciainfra.com\/blog\/huawei-defende-colaboracao-em-vez-de-disputa-por-minerais-criticos\/\"},\"author\":{\"name\":\"Ag\u00eancia iNFRA\",\"@id\":\"https:\/\/agenciainfra.com\/blog\/#\/schema\/person\/34af08dff6adea4cb22b06612ba7acfa\"},\"headline\":\"Huawei defende colabora\u00e7\u00e3o em vez de disputa por minerais cr\u00edticos\",\"datePublished\":\"2025-10-22T18:15:44+00:00\",\"dateModified\":\"2025-10-23T17:35:11+00:00\",\"mainEntityOfPage\":{\"@id\":\"https:\/\/agenciainfra.com\/blog\/huawei-defende-colaboracao-em-vez-de-disputa-por-minerais-criticos\/\"},\"wordCount\":448,\"publisher\":{\"@id\":\"https:\/\/agenciainfra.com\/blog\/#organization\"},\"image\":{\"@id\":\"https:\/\/agenciainfra.com\/blog\/huawei-defende-colaboracao-em-vez-de-disputa-por-minerais-criticos\/#primaryimage\"},\"thumbnailUrl\":\"https:\/\/agenciainfra.com\/blog\/wp-content\/uploads\/2025\/10\/bruno-mininel-foto-reproducao-youtube.jpeg\",\"keywords\":[\"Adimb\",\"Bruno Mininel\",\"Huawei\",\"Huawei Digital Power\",\"Invest Mining Summit 2025\",\"Marcos Andr\u00e9\",\"minerais cr\u00edticos\",\"Rafael Bitencourt\",\"transi\u00e7\u00e3o energ\u00e9tica\"],\"articleSection\":[\"Minera\u00e7\u00e3o\"],\"inLanguage\":\"pt-BR\",\"copyrightYear\":\"2025\",\"copyrightHolder\":{\"@id\":\"https:\/\/agenciainfra.com\/blog\/#organization\"}},{\"@type\":\"WebPage\",\"@id\":\"https:\/\/agenciainfra.com\/blog\/huawei-defende-colaboracao-em-vez-de-disputa-por-minerais-criticos\/\",\"url\":\"https:\/\/agenciainfra.com\/blog\/huawei-defende-colaboracao-em-vez-de-disputa-por-minerais-criticos\/\",\"name\":\"Huawei defende colabora\u00e7\u00e3o em vez de disputa por minerais cr\u00edticos - Ag\u00eancia iNFRA\",\"isPartOf\":{\"@id\":\"https:\/\/agenciainfra.com\/blog\/#website\"},\"primaryImageOfPage\":{\"@id\":\"https:\/\/agenciainfra.com\/blog\/huawei-defende-colaboracao-em-vez-de-disputa-por-minerais-criticos\/#primaryimage\"},\"image\":{\"@id\":\"https:\/\/agenciainfra.com\/blog\/huawei-defende-colaboracao-em-vez-de-disputa-por-minerais-criticos\/#primaryimage\"},\"thumbnailUrl\":\"https:\/\/agenciainfra.com\/blog\/wp-content\/uploads\/2025\/10\/bruno-mininel-foto-reproducao-youtube.jpeg\",\"datePublished\":\"2025-10-22T18:15:44+00:00\",\"dateModified\":\"2025-10-23T17:35:11+00:00\",\"breadcrumb\":{\"@id\":\"https:\/\/agenciainfra.com\/blog\/huawei-defende-colaboracao-em-vez-de-disputa-por-minerais-criticos\/#breadcrumb\"},\"inLanguage\":\"pt-BR\",\"potentialAction\":[{\"@type\":\"ReadAction\",\"target\":[\"https:\/\/agenciainfra.com\/blog\/huawei-defende-colaboracao-em-vez-de-disputa-por-minerais-criticos\/\"]}]},{\"@type\":\"ImageObject\",\"inLanguage\":\"pt-BR\",\"@id\":\"https:\/\/agenciainfra.com\/blog\/huawei-defende-colaboracao-em-vez-de-disputa-por-minerais-criticos\/#primaryimage\",\"url\":\"https:\/\/agenciainfra.com\/blog\/wp-content\/uploads\/2025\/10\/bruno-mininel-foto-reproducao-youtube.jpeg\",\"contentUrl\":\"https:\/\/agenciainfra.com\/blog\/wp-content\/uploads\/2025\/10\/bruno-mininel-foto-reproducao-youtube.jpeg\",\"width\":1280,\"height\":719,\"caption\":\"Foto: Reprodu\u00e7\u00e3o\/YouTube\"},{\"@type\":\"BreadcrumbList\",\"@id\":\"https:\/\/agenciainfra.com\/blog\/huawei-defende-colaboracao-em-vez-de-disputa-por-minerais-criticos\/#breadcrumb\",\"itemListElement\":[{\"@type\":\"ListItem\",\"position\":1,\"name\":\"In\u00edcio\",\"item\":\"https:\/\/agenciainfra.com\/blog\/\"},{\"@type\":\"ListItem\",\"position\":2,\"name\":\"Huawei defende colabora\u00e7\u00e3o em vez de disputa por minerais cr\u00edticos\"}]},{\"@type\":\"WebSite\",\"@id\":\"https:\/\/agenciainfra.com\/blog\/#website\",\"url\":\"https:\/\/agenciainfra.com\/blog\/\",\"name\":\"Ag\u00eancia iNFRA\",\"description\":\"Multiplataforma de informa\u00e7\u00e3o jornal\u00edstica refer\u00eancia na \u00e1rea de infraestrutura no Brasil!\",\"publisher\":{\"@id\":\"https:\/\/agenciainfra.com\/blog\/#organization\"},\"potentialAction\":[{\"@type\":\"SearchAction\",\"target\":{\"@type\":\"EntryPoint\",\"urlTemplate\":\"https:\/\/agenciainfra.com\/blog\/?s={search_term_string}\"},\"query-input\":{\"@type\":\"PropertyValueSpecification\",\"valueRequired\":true,\"valueName\":\"search_term_string\"}}],\"inLanguage\":\"pt-BR\"},{\"@type\":\"Organization\",\"@id\":\"https:\/\/agenciainfra.com\/blog\/#organization\",\"name\":\"Ag\u00eancia iNFRA\",\"url\":\"https:\/\/agenciainfra.com\/blog\/\",\"logo\":{\"@type\":\"ImageObject\",\"inLanguage\":\"pt-BR\",\"@id\":\"https:\/\/agenciainfra.com\/blog\/#\/schema\/logo\/image\/\",\"url\":\"https:\/\/agenciainfra.com\/blog\/wp-content\/uploads\/2023\/09\/iNFRA_5-e1761735885940.png\",\"contentUrl\":\"https:\/\/agenciainfra.com\/blog\/wp-content\/uploads\/2023\/09\/iNFRA_5-e1761735885940.png\",\"width\":1672,\"height\":454,\"caption\":\"Ag\u00eancia iNFRA\"},\"image\":{\"@id\":\"https:\/\/agenciainfra.com\/blog\/#\/schema\/logo\/image\/\"},\"sameAs\":[\"https:\/\/www.facebook.com\/ageninfra\",\"https:\/\/x.com\/agencia_infra\",\"https:\/\/www.linkedin.com\/company\/ag\u00eanciainfra\/\",\"https:\/\/www.instagram.com\/agenciainfra\/\"]},{\"@type\":\"Person\",\"@id\":\"https:\/\/agenciainfra.com\/blog\/#\/schema\/person\/34af08dff6adea4cb22b06612ba7acfa\",\"name\":\"Ag\u00eancia iNFRA\",\"image\":{\"@type\":\"ImageObject\",\"inLanguage\":\"pt-BR\",\"@id\":\"https:\/\/agenciainfra.com\/blog\/#\/schema\/person\/image\/\",\"url\":\"https:\/\/secure.gravatar.com\/avatar\/d189e01678f06d8eb84d4e01f08eb848b3fffe3f8443818d3c356c66892f5be8?s=96&d=mm&r=g\",\"contentUrl\":\"https:\/\/secure.gravatar.com\/avatar\/d189e01678f06d8eb84d4e01f08eb848b3fffe3f8443818d3c356c66892f5be8?s=96&d=mm&r=g\",\"caption\":\"Ag\u00eancia iNFRA\"},\"url\":\"https:\/\/agenciainfra.com\/blog\/author\/admin\/\"}]}<\/script>\n<!-- \/ Yoast SEO Premium plugin. -->","yoast_head_json":{"title":"Huawei defende colabora\u00e7\u00e3o em vez de disputa por minerais cr\u00edticos - Ag\u00eancia iNFRA","robots":{"index":"index","follow":"follow","max-snippet":"max-snippet:-1","max-image-preview":"max-image-preview:large","max-video-preview":"max-video-preview:-1"},"canonical":"https:\/\/agenciainfra.com\/blog\/huawei-defende-colaboracao-em-vez-de-disputa-por-minerais-criticos\/","og_locale":"pt_BR","og_type":"article","og_title":"Huawei defende colabora\u00e7\u00e3o em vez de disputa por minerais cr\u00edticos","og_description":"Rafael Bitencourt, da Ag\u00eancia iNFRA A Huawei, gigante chinesa do setor de tecnologia, defende que \u00e9 melhor construir parcerias com o Brasil no desenvolvimento da cadeia de explora\u00e7\u00e3o e beneficiamento dos minerais cr\u00edticos \u2013 aqueles com demanda crescente na transi\u00e7\u00e3o energ\u00e9tica e na ind\u00fastria de alta tecnologia \u2013 em vez de abrir uma disputa de [&hellip;]","og_url":"https:\/\/agenciainfra.com\/blog\/huawei-defende-colaboracao-em-vez-de-disputa-por-minerais-criticos\/","og_site_name":"Ag\u00eancia iNFRA","article_publisher":"https:\/\/www.facebook.com\/ageninfra","article_published_time":"2025-10-22T18:15:44+00:00","article_modified_time":"2025-10-23T17:35:11+00:00","og_image":[{"width":1280,"height":719,"url":"https:\/\/agenciainfra.com\/blog\/wp-content\/uploads\/2025\/10\/bruno-mininel-foto-reproducao-youtube.jpeg","type":"image\/jpeg"}],"author":"Ag\u00eancia iNFRA","twitter_card":"summary_large_image","twitter_creator":"@agencia_infra","twitter_site":"@agencia_infra","twitter_misc":{"Escrito por":"Ag\u00eancia iNFRA","Est. tempo de leitura":"2 minutos"},"schema":{"@context":"https:\/\/schema.org","@graph":[{"@type":"Article","@id":"https:\/\/agenciainfra.com\/blog\/huawei-defende-colaboracao-em-vez-de-disputa-por-minerais-criticos\/#article","isPartOf":{"@id":"https:\/\/agenciainfra.com\/blog\/huawei-defende-colaboracao-em-vez-de-disputa-por-minerais-criticos\/"},"author":{"name":"Ag\u00eancia iNFRA","@id":"https:\/\/agenciainfra.com\/blog\/#\/schema\/person\/34af08dff6adea4cb22b06612ba7acfa"},"headline":"Huawei defende colabora\u00e7\u00e3o em vez de disputa por minerais cr\u00edticos","datePublished":"2025-10-22T18:15:44+00:00","dateModified":"2025-10-23T17:35:11+00:00","mainEntityOfPage":{"@id":"https:\/\/agenciainfra.com\/blog\/huawei-defende-colaboracao-em-vez-de-disputa-por-minerais-criticos\/"},"wordCount":448,"publisher":{"@id":"https:\/\/agenciainfra.com\/blog\/#organization"},"image":{"@id":"https:\/\/agenciainfra.com\/blog\/huawei-defende-colaboracao-em-vez-de-disputa-por-minerais-criticos\/#primaryimage"},"thumbnailUrl":"https:\/\/agenciainfra.com\/blog\/wp-content\/uploads\/2025\/10\/bruno-mininel-foto-reproducao-youtube.jpeg","keywords":["Adimb","Bruno Mininel","Huawei","Huawei Digital Power","Invest Mining Summit 2025","Marcos Andr\u00e9","minerais cr\u00edticos","Rafael Bitencourt","transi\u00e7\u00e3o energ\u00e9tica"],"articleSection":["Minera\u00e7\u00e3o"],"inLanguage":"pt-BR","copyrightYear":"2025","copyrightHolder":{"@id":"https:\/\/agenciainfra.com\/blog\/#organization"}},{"@type":"WebPage","@id":"https:\/\/agenciainfra.com\/blog\/huawei-defende-colaboracao-em-vez-de-disputa-por-minerais-criticos\/","url":"https:\/\/agenciainfra.com\/blog\/huawei-defende-colaboracao-em-vez-de-disputa-por-minerais-criticos\/","name":"Huawei defende colabora\u00e7\u00e3o em vez de disputa por minerais cr\u00edticos - Ag\u00eancia iNFRA","isPartOf":{"@id":"https:\/\/agenciainfra.com\/blog\/#website"},"primaryImageOfPage":{"@id":"https:\/\/agenciainfra.com\/blog\/huawei-defende-colaboracao-em-vez-de-disputa-por-minerais-criticos\/#primaryimage"},"image":{"@id":"https:\/\/agenciainfra.com\/blog\/huawei-defende-colaboracao-em-vez-de-disputa-por-minerais-criticos\/#primaryimage"},"thumbnailUrl":"https:\/\/agenciainfra.com\/blog\/wp-content\/uploads\/2025\/10\/bruno-mininel-foto-reproducao-youtube.jpeg","datePublished":"2025-10-22T18:15:44+00:00","dateModified":"2025-10-23T17:35:11+00:00","breadcrumb":{"@id":"https:\/\/agenciainfra.com\/blog\/huawei-defende-colaboracao-em-vez-de-disputa-por-minerais-criticos\/#breadcrumb"},"inLanguage":"pt-BR","potentialAction":[{"@type":"ReadAction","target":["https:\/\/agenciainfra.com\/blog\/huawei-defende-colaboracao-em-vez-de-disputa-por-minerais-criticos\/"]}]},{"@type":"ImageObject","inLanguage":"pt-BR","@id":"https:\/\/agenciainfra.com\/blog\/huawei-defende-colaboracao-em-vez-de-disputa-por-minerais-criticos\/#primaryimage","url":"https:\/\/agenciainfra.com\/blog\/wp-content\/uploads\/2025\/10\/bruno-mininel-foto-reproducao-youtube.jpeg","contentUrl":"https:\/\/agenciainfra.com\/blog\/wp-content\/uploads\/2025\/10\/bruno-mininel-foto-reproducao-youtube.jpeg","width":1280,"height":719,"caption":"Foto: Reprodu\u00e7\u00e3o\/YouTube"},{"@type":"BreadcrumbList","@id":"https:\/\/agenciainfra.com\/blog\/huawei-defende-colaboracao-em-vez-de-disputa-por-minerais-criticos\/#breadcrumb","itemListElement":[{"@type":"ListItem","position":1,"name":"In\u00edcio","item":"https:\/\/agenciainfra.com\/blog\/"},{"@type":"ListItem","position":2,"name":"Huawei defende colabora\u00e7\u00e3o em vez de disputa por minerais cr\u00edticos"}]},{"@type":"WebSite","@id":"https:\/\/agenciainfra.com\/blog\/#website","url":"https:\/\/agenciainfra.com\/blog\/","name":"Ag\u00eancia iNFRA","description":"Multiplataforma de informa\u00e7\u00e3o jornal\u00edstica refer\u00eancia na \u00e1rea de infraestrutura no Brasil!","publisher":{"@id":"https:\/\/agenciainfra.com\/blog\/#organization"},"potentialAction":[{"@type":"SearchAction","target":{"@type":"EntryPoint","urlTemplate":"https:\/\/agenciainfra.com\/blog\/?s={search_term_string}"},"query-input":{"@type":"PropertyValueSpecification","valueRequired":true,"valueName":"search_term_string"}}],"inLanguage":"pt-BR"},{"@type":"Organization","@id":"https:\/\/agenciainfra.com\/blog\/#organization","name":"Ag\u00eancia iNFRA","url":"https:\/\/agenciainfra.com\/blog\/","logo":{"@type":"ImageObject","inLanguage":"pt-BR","@id":"https:\/\/agenciainfra.com\/blog\/#\/schema\/logo\/image\/","url":"https:\/\/agenciainfra.com\/blog\/wp-content\/uploads\/2023\/09\/iNFRA_5-e1761735885940.png","contentUrl":"https:\/\/agenciainfra.com\/blog\/wp-content\/uploads\/2023\/09\/iNFRA_5-e1761735885940.png","width":1672,"height":454,"caption":"Ag\u00eancia iNFRA"},"image":{"@id":"https:\/\/agenciainfra.com\/blog\/#\/schema\/logo\/image\/"},"sameAs":["https:\/\/www.facebook.com\/ageninfra","https:\/\/x.com\/agencia_infra","https:\/\/www.linkedin.com\/company\/ag\u00eanciainfra\/","https:\/\/www.instagram.com\/agenciainfra\/"]},{"@type":"Person","@id":"https:\/\/agenciainfra.com\/blog\/#\/schema\/person\/34af08dff6adea4cb22b06612ba7acfa","name":"Ag\u00eancia iNFRA","image":{"@type":"ImageObject","inLanguage":"pt-BR","@id":"https:\/\/agenciainfra.com\/blog\/#\/schema\/person\/image\/","url":"https:\/\/secure.gravatar.com\/avatar\/d189e01678f06d8eb84d4e01f08eb848b3fffe3f8443818d3c356c66892f5be8?s=96&d=mm&r=g","contentUrl":"https:\/\/secure.gravatar.com\/avatar\/d189e01678f06d8eb84d4e01f08eb848b3fffe3f8443818d3c356c66892f5be8?s=96&d=mm&r=g","caption":"Ag\u00eancia iNFRA"},"url":"https:\/\/agenciainfra.com\/blog\/author\/admin\/"}]}},"_links":{"self":[{"href":"https:\/\/agenciainfra.com\/blog\/wp-json\/wp\/v2\/posts\/30390","targetHints":{"allow":["GET"]}}],"collection":[{"href":"https:\/\/agenciainfra.com\/blog\/wp-json\/wp\/v2\/posts"}],"about":[{"href":"https:\/\/agenciainfra.com\/blog\/wp-json\/wp\/v2\/types\/post"}],"author":[{"embeddable":true,"href":"https:\/\/agenciainfra.com\/blog\/wp-json\/wp\/v2\/users\/1"}],"replies":[{"embeddable":true,"href":"https:\/\/agenciainfra.com\/blog\/wp-json\/wp\/v2\/comments?post=30390"}],"version-history":[{"count":1,"href":"https:\/\/agenciainfra.com\/blog\/wp-json\/wp\/v2\/posts\/30390\/revisions"}],"predecessor-version":[{"id":30392,"href":"https:\/\/agenciainfra.com\/blog\/wp-json\/wp\/v2\/posts\/30390\/revisions\/30392"}],"wp:featuredmedia":[{"embeddable":true,"href":"https:\/\/agenciainfra.com\/blog\/wp-json\/wp\/v2\/media\/30399"}],"wp:attachment":[{"href":"https:\/\/agenciainfra.com\/blog\/wp-json\/wp\/v2\/media?parent=30390"}],"wp:term":[{"taxonomy":"category","embeddable":true,"href":"https:\/\/agenciainfra.com\/blog\/wp-json\/wp\/v2\/categories?post=30390"},{"taxonomy":"post_tag","embeddable":true,"href":"https:\/\/agenciainfra.com\/blog\/wp-json\/wp\/v2\/tags?post=30390"}],"curies":[{"name":"wp","href":"https:\/\/api.w.org\/{rel}","templated":true}]}}