{"id":30407,"date":"2025-10-22T16:05:32","date_gmt":"2025-10-22T19:05:32","guid":{"rendered":"https:\/\/agenciainfra.com\/blog\/?p=30407"},"modified":"2025-10-23T11:12:28","modified_gmt":"2025-10-23T14:12:28","slug":"bagagem-de-mao-aeroportos-avaliam-veto-a-cobranca-como-bomba-relogio","status":"publish","type":"post","link":"https:\/\/agenciainfra.com\/blog\/bagagem-de-mao-aeroportos-avaliam-veto-a-cobranca-como-bomba-relogio\/","title":{"rendered":"Bagagem de m\u00e3o: Aeroportos avaliam veto \u00e0 cobran\u00e7a como bomba-rel\u00f3gio"},"content":{"rendered":"\n<p class=\"has-text-align-right\"><strong>da Ag\u00eancia iNFRA<\/strong><\/p>\n\n\n\n<p>A ABR (Aeroportos do Brasil), que re\u00fane as concession\u00e1rias de aeroportos no pa\u00eds, classificou como \u201cbomba-rel\u00f3gio\u201d que amea\u00e7a a concorr\u00eancia e o futuro do transporte a\u00e9reo o projeto de lei que obriga a gratuidade da bagagem de m\u00e3o. Em <a href=\"https:\/\/agenciainfra.com\/blog\/wp-content\/uploads\/2025\/10\/IMPACTOS-DO-PL-no-5041-25_GRATUIDADE-BAGAGEM.pdf\">comunicado<\/a>, a entidade afirma que vai intensificar a atua\u00e7\u00e3o no Congresso contra a proposta, a aprova\u00e7\u00e3o do<a href=\"https:\/\/www.camara.leg.br\/proposicoesWeb\/fichadetramitacao?idProposicao=2570007\"> PL (Projeto de lei) 5.041\/2025<\/a> vai condenar o Brasil a ser um mercado fechado a novos competidores e investidores, uma vez que afastar\u00e1 o modelo de opera\u00e7\u00e3o low cost do pa\u00eds.<\/p>\n\n\n\n<p>\u201cSem concorr\u00eancia nova, as empresas que j\u00e1 est\u00e3o aqui ter\u00e3o menos incentivos para baixar os pre\u00e7os! Aumento Estrutural e Permanente dos Pre\u00e7os!\u201d, diz o comunicado da ABR, divulgado nesta quarta-feira (22). A associa\u00e7\u00e3o lista ainda como consequ\u00eancias do projeto o engessamento tarif\u00e1rio, a inseguran\u00e7a jur\u00eddica e o aumento estrutural de pre\u00e7os.<\/p>\n\n\n\n<p>\u201cO PL \u00e9 uma interven\u00e7\u00e3o e um engessamento tarif\u00e1rio. As empresas n\u00e3o far\u00e3o &#8220;m\u00e1gica&#8221;: se forem obrigadas a incluir a bagagem de m\u00e3o no custo base, o valor ser\u00e1 repassado a todos os bilhetes. Pior para o consumidor de baixa renda, a consequ\u00eancia \u00e9 um aumento estrutural dos pre\u00e7os. Ir\u00e1 atingir justamente o consumidor de menor renda, que hoje \u00e9 beneficiado pela liberdade tarif\u00e1ria. Ele ser\u00e1 for\u00e7ado a pagar por um \u2018pacote\u2019 de servi\u00e7os que talvez nem precise, limitando seu acesso ao transporte a\u00e9reo\u201d, diz a associa\u00e7\u00e3o das concession\u00e1rias de aeroportos. <\/p>\n\n\n\n<p>A ABR pede ainda mais di\u00e1logo sobre o texto, recomendando que a delibera\u00e7\u00e3o do PL seja adiada imediatamente. O projeto teve regime de urg\u00eancia aprovado nesta ter\u00e7a-feira (21) pela C\u00e2mara dos Deputados. A previs\u00e3o \u00e9 de que o m\u00e9rito seja votado na pr\u00f3xima semana. Depois da movimenta\u00e7\u00e3o da C\u00e2mara, a CCJ (Comiss\u00e3o de Constitui\u00e7\u00e3o e Justi\u00e7a) do Senado aprovou nesta quarta, em car\u00e1ter terminativo, proposta com o mesmo objetivo, que agora seguir\u00e1 para avalia\u00e7\u00e3o dos deputados.<\/p>\n\n\n\n<p>\u201cA Liberdade Tarif\u00e1ria \u00e9 essencial para garantir concorr\u00eancia, reduzir pre\u00e7os e promover a democratiza\u00e7\u00e3o do transporte a\u00e9reo e o desenvolvimento regional. N\u00e3o sacrifiquem o futuro da avia\u00e7\u00e3o brasileira por uma falsa promessa de prote\u00e7\u00e3o ao consumidor\u201d, finaliza a ABR.<\/p>\n","protected":false},"excerpt":{"rendered":"<p>da Ag\u00eancia iNFRA A ABR (Aeroportos do Brasil), que re\u00fane as concession\u00e1rias de aeroportos no pa\u00eds, classificou como \u201cbomba-rel\u00f3gio\u201d que amea\u00e7a a concorr\u00eancia e o futuro do transporte a\u00e9reo o projeto de lei que obriga a gratuidade da bagagem de m\u00e3o. Em comunicado, a entidade afirma que vai intensificar a atua\u00e7\u00e3o no Congresso contra a [&hellip;]<\/p>\n","protected":false},"author":1,"featured_media":30483,"comment_status":"closed","ping_status":"closed","sticky":false,"template":"","format":"standard","meta":{"_monsterinsights_skip_tracking":false,"_monsterinsights_sitenote_active":false,"_monsterinsights_sitenote_note":"","_monsterinsights_sitenote_category":0,"footnotes":""},"categories":[13576],"tags":[6142,107,16323,305,837,16207,4354],"class_list":["post-30407","post","type-post","status-publish","format-standard","has-post-thumbnail","hentry","category-giro-infra","tag-abr","tag-aeroportos","tag-bagagem-de-mao","tag-camara-dos-deputados","tag-liberdade-tarifaria","tag-pl-5-041-2025","tag-senado-federal"],"yoast_head":"<!-- This site is optimized with the Yoast SEO Premium plugin v25.4 (Yoast SEO v26.0) - https:\/\/yoast.com\/wordpress\/plugins\/seo\/ -->\n<title>Bagagem de m\u00e3o: Aeroportos avaliam veto \u00e0 cobran\u00e7a como bomba-rel\u00f3gio - Ag\u00eancia iNFRA<\/title>\n<meta name=\"robots\" content=\"index, follow, max-snippet:-1, max-image-preview:large, max-video-preview:-1\" \/>\n<link rel=\"canonical\" href=\"https:\/\/agenciainfra.com\/blog\/bagagem-de-mao-aeroportos-avaliam-veto-a-cobranca-como-bomba-relogio\/\" \/>\n<meta property=\"og:locale\" content=\"pt_BR\" \/>\n<meta property=\"og:type\" content=\"article\" \/>\n<meta property=\"og:title\" content=\"Bagagem de m\u00e3o: Aeroportos avaliam veto \u00e0 cobran\u00e7a como bomba-rel\u00f3gio\" \/>\n<meta property=\"og:description\" content=\"da Ag\u00eancia iNFRA A ABR (Aeroportos do Brasil), que re\u00fane as concession\u00e1rias de aeroportos no pa\u00eds, classificou como \u201cbomba-rel\u00f3gio\u201d que amea\u00e7a a concorr\u00eancia e o futuro do transporte a\u00e9reo o projeto de lei que obriga a gratuidade da bagagem de m\u00e3o. Em comunicado, a entidade afirma que vai intensificar a atua\u00e7\u00e3o no Congresso contra a [&hellip;]\" \/>\n<meta property=\"og:url\" content=\"https:\/\/agenciainfra.com\/blog\/bagagem-de-mao-aeroportos-avaliam-veto-a-cobranca-como-bomba-relogio\/\" \/>\n<meta property=\"og:site_name\" content=\"Ag\u00eancia iNFRA\" \/>\n<meta property=\"article:publisher\" content=\"https:\/\/www.facebook.com\/ageninfra\" \/>\n<meta property=\"article:published_time\" content=\"2025-10-22T19:05:32+00:00\" \/>\n<meta property=\"article:modified_time\" content=\"2025-10-23T14:12:28+00:00\" \/>\n<meta property=\"og:image\" content=\"https:\/\/agenciainfra.com\/blog\/wp-content\/uploads\/2025\/10\/bagagem-de-mao-aeroporto-foto-rovena-rosa-agencia-brasil.jpg\" \/>\n\t<meta property=\"og:image:width\" content=\"1170\" \/>\n\t<meta property=\"og:image:height\" content=\"700\" \/>\n\t<meta property=\"og:image:type\" content=\"image\/jpeg\" \/>\n<meta name=\"author\" content=\"Ag\u00eancia iNFRA\" \/>\n<meta name=\"twitter:card\" content=\"summary_large_image\" \/>\n<meta name=\"twitter:creator\" content=\"@agencia_infra\" \/>\n<meta name=\"twitter:site\" content=\"@agencia_infra\" \/>\n<meta name=\"twitter:label1\" content=\"Escrito por\" \/>\n\t<meta name=\"twitter:data1\" content=\"Ag\u00eancia iNFRA\" \/>\n\t<meta name=\"twitter:label2\" content=\"Est. tempo de leitura\" \/>\n\t<meta name=\"twitter:data2\" content=\"2 minutos\" \/>\n<script type=\"application\/ld+json\" class=\"yoast-schema-graph\">{\"@context\":\"https:\/\/schema.org\",\"@graph\":[{\"@type\":\"Article\",\"@id\":\"https:\/\/agenciainfra.com\/blog\/bagagem-de-mao-aeroportos-avaliam-veto-a-cobranca-como-bomba-relogio\/#article\",\"isPartOf\":{\"@id\":\"https:\/\/agenciainfra.com\/blog\/bagagem-de-mao-aeroportos-avaliam-veto-a-cobranca-como-bomba-relogio\/\"},\"author\":{\"name\":\"Ag\u00eancia iNFRA\",\"@id\":\"https:\/\/agenciainfra.com\/blog\/#\/schema\/person\/34af08dff6adea4cb22b06612ba7acfa\"},\"headline\":\"Bagagem de m\u00e3o: Aeroportos avaliam veto \u00e0 cobran\u00e7a como bomba-rel\u00f3gio\",\"datePublished\":\"2025-10-22T19:05:32+00:00\",\"dateModified\":\"2025-10-23T14:12:28+00:00\",\"mainEntityOfPage\":{\"@id\":\"https:\/\/agenciainfra.com\/blog\/bagagem-de-mao-aeroportos-avaliam-veto-a-cobranca-como-bomba-relogio\/\"},\"wordCount\":412,\"publisher\":{\"@id\":\"https:\/\/agenciainfra.com\/blog\/#organization\"},\"image\":{\"@id\":\"https:\/\/agenciainfra.com\/blog\/bagagem-de-mao-aeroportos-avaliam-veto-a-cobranca-como-bomba-relogio\/#primaryimage\"},\"thumbnailUrl\":\"https:\/\/agenciainfra.com\/blog\/wp-content\/uploads\/2025\/10\/bagagem-de-mao-aeroporto-foto-rovena-rosa-agencia-brasil.jpg\",\"keywords\":[\"ABR\",\"aeroportos\",\"bagagem de m\u00e3o\",\"C\u00e2mara dos Deputados\",\"liberdade tarif\u00e1ria\",\"PL 5.041\/2025\",\"Senado Federal\"],\"articleSection\":[\"Giro iNFRA\"],\"inLanguage\":\"pt-BR\",\"copyrightYear\":\"2025\",\"copyrightHolder\":{\"@id\":\"https:\/\/agenciainfra.com\/blog\/#organization\"}},{\"@type\":\"WebPage\",\"@id\":\"https:\/\/agenciainfra.com\/blog\/bagagem-de-mao-aeroportos-avaliam-veto-a-cobranca-como-bomba-relogio\/\",\"url\":\"https:\/\/agenciainfra.com\/blog\/bagagem-de-mao-aeroportos-avaliam-veto-a-cobranca-como-bomba-relogio\/\",\"name\":\"Bagagem de m\u00e3o: Aeroportos avaliam veto \u00e0 cobran\u00e7a como bomba-rel\u00f3gio - Ag\u00eancia iNFRA\",\"isPartOf\":{\"@id\":\"https:\/\/agenciainfra.com\/blog\/#website\"},\"primaryImageOfPage\":{\"@id\":\"https:\/\/agenciainfra.com\/blog\/bagagem-de-mao-aeroportos-avaliam-veto-a-cobranca-como-bomba-relogio\/#primaryimage\"},\"image\":{\"@id\":\"https:\/\/agenciainfra.com\/blog\/bagagem-de-mao-aeroportos-avaliam-veto-a-cobranca-como-bomba-relogio\/#primaryimage\"},\"thumbnailUrl\":\"https:\/\/agenciainfra.com\/blog\/wp-content\/uploads\/2025\/10\/bagagem-de-mao-aeroporto-foto-rovena-rosa-agencia-brasil.jpg\",\"datePublished\":\"2025-10-22T19:05:32+00:00\",\"dateModified\":\"2025-10-23T14:12:28+00:00\",\"breadcrumb\":{\"@id\":\"https:\/\/agenciainfra.com\/blog\/bagagem-de-mao-aeroportos-avaliam-veto-a-cobranca-como-bomba-relogio\/#breadcrumb\"},\"inLanguage\":\"pt-BR\",\"potentialAction\":[{\"@type\":\"ReadAction\",\"target\":[\"https:\/\/agenciainfra.com\/blog\/bagagem-de-mao-aeroportos-avaliam-veto-a-cobranca-como-bomba-relogio\/\"]}]},{\"@type\":\"ImageObject\",\"inLanguage\":\"pt-BR\",\"@id\":\"https:\/\/agenciainfra.com\/blog\/bagagem-de-mao-aeroportos-avaliam-veto-a-cobranca-como-bomba-relogio\/#primaryimage\",\"url\":\"https:\/\/agenciainfra.com\/blog\/wp-content\/uploads\/2025\/10\/bagagem-de-mao-aeroporto-foto-rovena-rosa-agencia-brasil.jpg\",\"contentUrl\":\"https:\/\/agenciainfra.com\/blog\/wp-content\/uploads\/2025\/10\/bagagem-de-mao-aeroporto-foto-rovena-rosa-agencia-brasil.jpg\",\"width\":1170,\"height\":700,\"caption\":\"Foto: Rovena Rosa\/Ag\u00eancia Brasil\"},{\"@type\":\"BreadcrumbList\",\"@id\":\"https:\/\/agenciainfra.com\/blog\/bagagem-de-mao-aeroportos-avaliam-veto-a-cobranca-como-bomba-relogio\/#breadcrumb\",\"itemListElement\":[{\"@type\":\"ListItem\",\"position\":1,\"name\":\"In\u00edcio\",\"item\":\"https:\/\/agenciainfra.com\/blog\/\"},{\"@type\":\"ListItem\",\"position\":2,\"name\":\"Bagagem de m\u00e3o: Aeroportos avaliam veto \u00e0 cobran\u00e7a como bomba-rel\u00f3gio\"}]},{\"@type\":\"WebSite\",\"@id\":\"https:\/\/agenciainfra.com\/blog\/#website\",\"url\":\"https:\/\/agenciainfra.com\/blog\/\",\"name\":\"Ag\u00eancia iNFRA\",\"description\":\"Multiplataforma de informa\u00e7\u00e3o jornal\u00edstica refer\u00eancia na \u00e1rea de infraestrutura no Brasil!\",\"publisher\":{\"@id\":\"https:\/\/agenciainfra.com\/blog\/#organization\"},\"potentialAction\":[{\"@type\":\"SearchAction\",\"target\":{\"@type\":\"EntryPoint\",\"urlTemplate\":\"https:\/\/agenciainfra.com\/blog\/?s={search_term_string}\"},\"query-input\":{\"@type\":\"PropertyValueSpecification\",\"valueRequired\":true,\"valueName\":\"search_term_string\"}}],\"inLanguage\":\"pt-BR\"},{\"@type\":\"Organization\",\"@id\":\"https:\/\/agenciainfra.com\/blog\/#organization\",\"name\":\"Ag\u00eancia iNFRA\",\"url\":\"https:\/\/agenciainfra.com\/blog\/\",\"logo\":{\"@type\":\"ImageObject\",\"inLanguage\":\"pt-BR\",\"@id\":\"https:\/\/agenciainfra.com\/blog\/#\/schema\/logo\/image\/\",\"url\":\"https:\/\/agenciainfra.com\/blog\/wp-content\/uploads\/2023\/09\/iNFRA_5-e1761735885940.png\",\"contentUrl\":\"https:\/\/agenciainfra.com\/blog\/wp-content\/uploads\/2023\/09\/iNFRA_5-e1761735885940.png\",\"width\":1672,\"height\":454,\"caption\":\"Ag\u00eancia iNFRA\"},\"image\":{\"@id\":\"https:\/\/agenciainfra.com\/blog\/#\/schema\/logo\/image\/\"},\"sameAs\":[\"https:\/\/www.facebook.com\/ageninfra\",\"https:\/\/x.com\/agencia_infra\",\"https:\/\/www.linkedin.com\/company\/ag\u00eanciainfra\/\",\"https:\/\/www.instagram.com\/agenciainfra\/\"]},{\"@type\":\"Person\",\"@id\":\"https:\/\/agenciainfra.com\/blog\/#\/schema\/person\/34af08dff6adea4cb22b06612ba7acfa\",\"name\":\"Ag\u00eancia iNFRA\",\"image\":{\"@type\":\"ImageObject\",\"inLanguage\":\"pt-BR\",\"@id\":\"https:\/\/agenciainfra.com\/blog\/#\/schema\/person\/image\/\",\"url\":\"https:\/\/secure.gravatar.com\/avatar\/d189e01678f06d8eb84d4e01f08eb848b3fffe3f8443818d3c356c66892f5be8?s=96&d=mm&r=g\",\"contentUrl\":\"https:\/\/secure.gravatar.com\/avatar\/d189e01678f06d8eb84d4e01f08eb848b3fffe3f8443818d3c356c66892f5be8?s=96&d=mm&r=g\",\"caption\":\"Ag\u00eancia iNFRA\"},\"url\":\"https:\/\/agenciainfra.com\/blog\/author\/admin\/\"}]}<\/script>\n<!-- \/ Yoast SEO Premium plugin. -->","yoast_head_json":{"title":"Bagagem de m\u00e3o: Aeroportos avaliam veto \u00e0 cobran\u00e7a como bomba-rel\u00f3gio - Ag\u00eancia iNFRA","robots":{"index":"index","follow":"follow","max-snippet":"max-snippet:-1","max-image-preview":"max-image-preview:large","max-video-preview":"max-video-preview:-1"},"canonical":"https:\/\/agenciainfra.com\/blog\/bagagem-de-mao-aeroportos-avaliam-veto-a-cobranca-como-bomba-relogio\/","og_locale":"pt_BR","og_type":"article","og_title":"Bagagem de m\u00e3o: Aeroportos avaliam veto \u00e0 cobran\u00e7a como bomba-rel\u00f3gio","og_description":"da Ag\u00eancia iNFRA A ABR (Aeroportos do Brasil), que re\u00fane as concession\u00e1rias de aeroportos no pa\u00eds, classificou como \u201cbomba-rel\u00f3gio\u201d que amea\u00e7a a concorr\u00eancia e o futuro do transporte a\u00e9reo o projeto de lei que obriga a gratuidade da bagagem de m\u00e3o. Em comunicado, a entidade afirma que vai intensificar a atua\u00e7\u00e3o no Congresso contra a [&hellip;]","og_url":"https:\/\/agenciainfra.com\/blog\/bagagem-de-mao-aeroportos-avaliam-veto-a-cobranca-como-bomba-relogio\/","og_site_name":"Ag\u00eancia iNFRA","article_publisher":"https:\/\/www.facebook.com\/ageninfra","article_published_time":"2025-10-22T19:05:32+00:00","article_modified_time":"2025-10-23T14:12:28+00:00","og_image":[{"width":1170,"height":700,"url":"https:\/\/agenciainfra.com\/blog\/wp-content\/uploads\/2025\/10\/bagagem-de-mao-aeroporto-foto-rovena-rosa-agencia-brasil.jpg","type":"image\/jpeg"}],"author":"Ag\u00eancia iNFRA","twitter_card":"summary_large_image","twitter_creator":"@agencia_infra","twitter_site":"@agencia_infra","twitter_misc":{"Escrito por":"Ag\u00eancia iNFRA","Est. tempo de leitura":"2 minutos"},"schema":{"@context":"https:\/\/schema.org","@graph":[{"@type":"Article","@id":"https:\/\/agenciainfra.com\/blog\/bagagem-de-mao-aeroportos-avaliam-veto-a-cobranca-como-bomba-relogio\/#article","isPartOf":{"@id":"https:\/\/agenciainfra.com\/blog\/bagagem-de-mao-aeroportos-avaliam-veto-a-cobranca-como-bomba-relogio\/"},"author":{"name":"Ag\u00eancia iNFRA","@id":"https:\/\/agenciainfra.com\/blog\/#\/schema\/person\/34af08dff6adea4cb22b06612ba7acfa"},"headline":"Bagagem de m\u00e3o: Aeroportos avaliam veto \u00e0 cobran\u00e7a como bomba-rel\u00f3gio","datePublished":"2025-10-22T19:05:32+00:00","dateModified":"2025-10-23T14:12:28+00:00","mainEntityOfPage":{"@id":"https:\/\/agenciainfra.com\/blog\/bagagem-de-mao-aeroportos-avaliam-veto-a-cobranca-como-bomba-relogio\/"},"wordCount":412,"publisher":{"@id":"https:\/\/agenciainfra.com\/blog\/#organization"},"image":{"@id":"https:\/\/agenciainfra.com\/blog\/bagagem-de-mao-aeroportos-avaliam-veto-a-cobranca-como-bomba-relogio\/#primaryimage"},"thumbnailUrl":"https:\/\/agenciainfra.com\/blog\/wp-content\/uploads\/2025\/10\/bagagem-de-mao-aeroporto-foto-rovena-rosa-agencia-brasil.jpg","keywords":["ABR","aeroportos","bagagem de m\u00e3o","C\u00e2mara dos Deputados","liberdade tarif\u00e1ria","PL 5.041\/2025","Senado Federal"],"articleSection":["Giro iNFRA"],"inLanguage":"pt-BR","copyrightYear":"2025","copyrightHolder":{"@id":"https:\/\/agenciainfra.com\/blog\/#organization"}},{"@type":"WebPage","@id":"https:\/\/agenciainfra.com\/blog\/bagagem-de-mao-aeroportos-avaliam-veto-a-cobranca-como-bomba-relogio\/","url":"https:\/\/agenciainfra.com\/blog\/bagagem-de-mao-aeroportos-avaliam-veto-a-cobranca-como-bomba-relogio\/","name":"Bagagem de m\u00e3o: Aeroportos avaliam veto \u00e0 cobran\u00e7a como bomba-rel\u00f3gio - Ag\u00eancia iNFRA","isPartOf":{"@id":"https:\/\/agenciainfra.com\/blog\/#website"},"primaryImageOfPage":{"@id":"https:\/\/agenciainfra.com\/blog\/bagagem-de-mao-aeroportos-avaliam-veto-a-cobranca-como-bomba-relogio\/#primaryimage"},"image":{"@id":"https:\/\/agenciainfra.com\/blog\/bagagem-de-mao-aeroportos-avaliam-veto-a-cobranca-como-bomba-relogio\/#primaryimage"},"thumbnailUrl":"https:\/\/agenciainfra.com\/blog\/wp-content\/uploads\/2025\/10\/bagagem-de-mao-aeroporto-foto-rovena-rosa-agencia-brasil.jpg","datePublished":"2025-10-22T19:05:32+00:00","dateModified":"2025-10-23T14:12:28+00:00","breadcrumb":{"@id":"https:\/\/agenciainfra.com\/blog\/bagagem-de-mao-aeroportos-avaliam-veto-a-cobranca-como-bomba-relogio\/#breadcrumb"},"inLanguage":"pt-BR","potentialAction":[{"@type":"ReadAction","target":["https:\/\/agenciainfra.com\/blog\/bagagem-de-mao-aeroportos-avaliam-veto-a-cobranca-como-bomba-relogio\/"]}]},{"@type":"ImageObject","inLanguage":"pt-BR","@id":"https:\/\/agenciainfra.com\/blog\/bagagem-de-mao-aeroportos-avaliam-veto-a-cobranca-como-bomba-relogio\/#primaryimage","url":"https:\/\/agenciainfra.com\/blog\/wp-content\/uploads\/2025\/10\/bagagem-de-mao-aeroporto-foto-rovena-rosa-agencia-brasil.jpg","contentUrl":"https:\/\/agenciainfra.com\/blog\/wp-content\/uploads\/2025\/10\/bagagem-de-mao-aeroporto-foto-rovena-rosa-agencia-brasil.jpg","width":1170,"height":700,"caption":"Foto: Rovena Rosa\/Ag\u00eancia Brasil"},{"@type":"BreadcrumbList","@id":"https:\/\/agenciainfra.com\/blog\/bagagem-de-mao-aeroportos-avaliam-veto-a-cobranca-como-bomba-relogio\/#breadcrumb","itemListElement":[{"@type":"ListItem","position":1,"name":"In\u00edcio","item":"https:\/\/agenciainfra.com\/blog\/"},{"@type":"ListItem","position":2,"name":"Bagagem de m\u00e3o: Aeroportos avaliam veto \u00e0 cobran\u00e7a como bomba-rel\u00f3gio"}]},{"@type":"WebSite","@id":"https:\/\/agenciainfra.com\/blog\/#website","url":"https:\/\/agenciainfra.com\/blog\/","name":"Ag\u00eancia iNFRA","description":"Multiplataforma de informa\u00e7\u00e3o jornal\u00edstica refer\u00eancia na \u00e1rea de infraestrutura no Brasil!","publisher":{"@id":"https:\/\/agenciainfra.com\/blog\/#organization"},"potentialAction":[{"@type":"SearchAction","target":{"@type":"EntryPoint","urlTemplate":"https:\/\/agenciainfra.com\/blog\/?s={search_term_string}"},"query-input":{"@type":"PropertyValueSpecification","valueRequired":true,"valueName":"search_term_string"}}],"inLanguage":"pt-BR"},{"@type":"Organization","@id":"https:\/\/agenciainfra.com\/blog\/#organization","name":"Ag\u00eancia iNFRA","url":"https:\/\/agenciainfra.com\/blog\/","logo":{"@type":"ImageObject","inLanguage":"pt-BR","@id":"https:\/\/agenciainfra.com\/blog\/#\/schema\/logo\/image\/","url":"https:\/\/agenciainfra.com\/blog\/wp-content\/uploads\/2023\/09\/iNFRA_5-e1761735885940.png","contentUrl":"https:\/\/agenciainfra.com\/blog\/wp-content\/uploads\/2023\/09\/iNFRA_5-e1761735885940.png","width":1672,"height":454,"caption":"Ag\u00eancia iNFRA"},"image":{"@id":"https:\/\/agenciainfra.com\/blog\/#\/schema\/logo\/image\/"},"sameAs":["https:\/\/www.facebook.com\/ageninfra","https:\/\/x.com\/agencia_infra","https:\/\/www.linkedin.com\/company\/ag\u00eanciainfra\/","https:\/\/www.instagram.com\/agenciainfra\/"]},{"@type":"Person","@id":"https:\/\/agenciainfra.com\/blog\/#\/schema\/person\/34af08dff6adea4cb22b06612ba7acfa","name":"Ag\u00eancia iNFRA","image":{"@type":"ImageObject","inLanguage":"pt-BR","@id":"https:\/\/agenciainfra.com\/blog\/#\/schema\/person\/image\/","url":"https:\/\/secure.gravatar.com\/avatar\/d189e01678f06d8eb84d4e01f08eb848b3fffe3f8443818d3c356c66892f5be8?s=96&d=mm&r=g","contentUrl":"https:\/\/secure.gravatar.com\/avatar\/d189e01678f06d8eb84d4e01f08eb848b3fffe3f8443818d3c356c66892f5be8?s=96&d=mm&r=g","caption":"Ag\u00eancia iNFRA"},"url":"https:\/\/agenciainfra.com\/blog\/author\/admin\/"}]}},"_links":{"self":[{"href":"https:\/\/agenciainfra.com\/blog\/wp-json\/wp\/v2\/posts\/30407","targetHints":{"allow":["GET"]}}],"collection":[{"href":"https:\/\/agenciainfra.com\/blog\/wp-json\/wp\/v2\/posts"}],"about":[{"href":"https:\/\/agenciainfra.com\/blog\/wp-json\/wp\/v2\/types\/post"}],"author":[{"embeddable":true,"href":"https:\/\/agenciainfra.com\/blog\/wp-json\/wp\/v2\/users\/1"}],"replies":[{"embeddable":true,"href":"https:\/\/agenciainfra.com\/blog\/wp-json\/wp\/v2\/comments?post=30407"}],"version-history":[{"count":1,"href":"https:\/\/agenciainfra.com\/blog\/wp-json\/wp\/v2\/posts\/30407\/revisions"}],"predecessor-version":[{"id":30408,"href":"https:\/\/agenciainfra.com\/blog\/wp-json\/wp\/v2\/posts\/30407\/revisions\/30408"}],"wp:featuredmedia":[{"embeddable":true,"href":"https:\/\/agenciainfra.com\/blog\/wp-json\/wp\/v2\/media\/30483"}],"wp:attachment":[{"href":"https:\/\/agenciainfra.com\/blog\/wp-json\/wp\/v2\/media?parent=30407"}],"wp:term":[{"taxonomy":"category","embeddable":true,"href":"https:\/\/agenciainfra.com\/blog\/wp-json\/wp\/v2\/categories?post=30407"},{"taxonomy":"post_tag","embeddable":true,"href":"https:\/\/agenciainfra.com\/blog\/wp-json\/wp\/v2\/tags?post=30407"}],"curies":[{"name":"wp","href":"https:\/\/api.w.org\/{rel}","templated":true}]}}