{"id":3041,"date":"2019-03-30T04:00:08","date_gmt":"2019-03-30T07:00:08","guid":{"rendered":"http:\/\/www.agenciainfra.com\/blog\/?p=3041"},"modified":"2019-03-28T19:01:12","modified_gmt":"2019-03-28T22:01:12","slug":"anac-nega-recurso-de-viracopos-em-processo-de-caducidade","status":"publish","type":"post","link":"https:\/\/agenciainfra.com\/blog\/anac-nega-recurso-de-viracopos-em-processo-de-caducidade\/","title":{"rendered":"ANAC nega recurso de Viracopos em processo de caducidade"},"content":{"rendered":"<div>\n<h5 style=\"text-align: right;\"><strong>Dimmi Amora,\u00a0da Ag\u00eancia iNFRA<\/strong><\/h5>\n<p>A ANAC (Ag\u00eancia Nacional de Avia\u00e7\u00e3o Civil) negou pedido da concession\u00e1ria do Aeroporto de Viracopos (SP) para que o processo de apura\u00e7\u00e3o de descumprimento de cl\u00e1usulas do contrato, que pode levar \u00e0 caducidade da concess\u00e3o, aberto no ano passado, tenha uma etapa de per\u00edcia e apresenta\u00e7\u00e3o de provas documentais.<\/p>\n<p>A decis\u00e3o foi tomada na reuni\u00e3o de diretoria na \u00faltima ter\u00e7a-feira (26) em processo relatado pelo diretor Ricardo Fenelon que, seguindo parecer da \u00e1rea t\u00e9cnica e da procuradoria, entendeu que n\u00e3o havia motivo para a produ\u00e7\u00e3o desse tipo de prova no processo.<\/p>\n<p>O advogado da concession\u00e1ria, Jos\u00e9 Cardoso Dutra J\u00fanior, argumentou que a per\u00edcia poderia demonstrar que a concession\u00e1ria foi afetada por problemas relacionados ao poder concedente, e que isso impactou nos descumprimentos, relacionados principalmente \u00e0 n\u00e3o conclus\u00e3o de obras e ao n\u00e3o pagamento de outorgas previstas.<\/p>\n<p>Mas os diretores da ag\u00eancia entenderam que os impactos no contrato podem decorrer tamb\u00e9m da demora na solu\u00e7\u00e3o pela ag\u00eancia em rela\u00e7\u00e3o aos descumprimentos.<\/p>\n<p>O processo que analisa os descumprimentos, no entanto, segue sem poder ser decidido devido a uma liminar obtida pela empresa na Justi\u00e7a de Bras\u00edlia que impediu a ANAC de dar prosseguimento a esta a\u00e7\u00e3o. Em S\u00e3o Paulo, a justi\u00e7a estadual segue em outro processo, a recupera\u00e7\u00e3o judicial.<\/p>\n<p>Os diretores ainda indeferiram quatro Termos de Ajustamento de Conduta da Infraero aos aeroportos de Santar\u00e9m (PA), Foz do Igua\u00e7u (PR), Uberaba (MG), Jacarepagu\u00e1 (RJ) e Palmas (TO).<\/p>\n<p>Tamb\u00e9m foram indeferidos dois pedidos de reconsidera\u00e7\u00e3o da Infram\u00e9rica, concession\u00e1ria do aeroporto de Bras\u00edlia, em rela\u00e7\u00e3o a multas impostas pela ag\u00eancia. E outros dois processos, relativos a revis\u00e3o por compra de \u00e1gua devido a falta de fornecimento e aumento de custo imprevisto com contrata\u00e7\u00e3o de bombeiros, foram retirados de pauta.<\/p>\n<\/div>\n","protected":false},"excerpt":{"rendered":"<p>Dimmi Amora,\u00a0da Ag\u00eancia iNFRA A ANAC (Ag\u00eancia Nacional de Avia\u00e7\u00e3o Civil) negou pedido da concession\u00e1ria do Aeroporto de Viracopos (SP) para que o processo de apura\u00e7\u00e3o de descumprimento de cl\u00e1usulas do contrato, que pode levar \u00e0 caducidade da concess\u00e3o, aberto no ano passado, tenha uma etapa de per\u00edcia e apresenta\u00e7\u00e3o de provas documentais. A decis\u00e3o [&hellip;]<\/p>\n","protected":false},"author":9,"featured_media":3042,"comment_status":"closed","ping_status":"open","sticky":false,"template":"","format":"standard","meta":{"_monsterinsights_skip_tracking":false,"_monsterinsights_sitenote_active":false,"_monsterinsights_sitenote_note":"","_monsterinsights_sitenote_category":0,"footnotes":""},"categories":[7],"tags":[242,61,210,510,241],"class_list":["post-3041","post","type-post","status-publish","format-standard","has-post-thumbnail","hentry","category-infratransporte","tag-anac","tag-infraero","tag-inframerica","tag-ricardo-fenelon","tag-viracopos"],"yoast_head":"<!-- This site is optimized with the Yoast SEO Premium plugin v25.4 (Yoast SEO v26.0) - https:\/\/yoast.com\/wordpress\/plugins\/seo\/ -->\n<title>ANAC nega recurso de Viracopos em processo de caducidade - Ag\u00eancia iNFRA<\/title>\n<meta name=\"robots\" content=\"index, follow, max-snippet:-1, max-image-preview:large, max-video-preview:-1\" \/>\n<link rel=\"canonical\" href=\"https:\/\/agenciainfra.com\/blog\/anac-nega-recurso-de-viracopos-em-processo-de-caducidade\/\" \/>\n<meta property=\"og:locale\" content=\"pt_BR\" \/>\n<meta property=\"og:type\" content=\"article\" \/>\n<meta property=\"og:title\" content=\"ANAC nega recurso de Viracopos em processo de caducidade\" \/>\n<meta property=\"og:description\" content=\"Dimmi Amora,\u00a0da Ag\u00eancia iNFRA A ANAC (Ag\u00eancia Nacional de Avia\u00e7\u00e3o Civil) negou pedido da concession\u00e1ria do Aeroporto de Viracopos (SP) para que o processo de apura\u00e7\u00e3o de descumprimento de cl\u00e1usulas do contrato, que pode levar \u00e0 caducidade da concess\u00e3o, aberto no ano passado, tenha uma etapa de per\u00edcia e apresenta\u00e7\u00e3o de provas documentais. A decis\u00e3o [&hellip;]\" \/>\n<meta property=\"og:url\" content=\"https:\/\/agenciainfra.com\/blog\/anac-nega-recurso-de-viracopos-em-processo-de-caducidade\/\" \/>\n<meta property=\"og:site_name\" content=\"Ag\u00eancia iNFRA\" \/>\n<meta property=\"article:publisher\" content=\"https:\/\/www.facebook.com\/ageninfra\" \/>\n<meta property=\"article:published_time\" content=\"2019-03-30T07:00:08+00:00\" \/>\n<meta property=\"og:image\" content=\"https:\/\/agenciainfra.com\/blog\/wp-content\/uploads\/2019\/03\/divulgacao-viracopos.jpeg\" \/>\n\t<meta property=\"og:image:width\" content=\"1024\" \/>\n\t<meta property=\"og:image:height\" content=\"684\" \/>\n\t<meta property=\"og:image:type\" content=\"image\/jpeg\" \/>\n<meta name=\"author\" content=\"Rodrigo Zuquim\" \/>\n<meta name=\"twitter:card\" content=\"summary_large_image\" \/>\n<meta name=\"twitter:creator\" content=\"@agencia_infra\" \/>\n<meta name=\"twitter:site\" content=\"@agencia_infra\" \/>\n<meta name=\"twitter:label1\" content=\"Escrito por\" \/>\n\t<meta name=\"twitter:data1\" content=\"Rodrigo Zuquim\" \/>\n\t<meta name=\"twitter:label2\" content=\"Est. tempo de leitura\" \/>\n\t<meta name=\"twitter:data2\" content=\"2 minutos\" \/>\n<script type=\"application\/ld+json\" class=\"yoast-schema-graph\">{\"@context\":\"https:\/\/schema.org\",\"@graph\":[{\"@type\":\"Article\",\"@id\":\"https:\/\/agenciainfra.com\/blog\/anac-nega-recurso-de-viracopos-em-processo-de-caducidade\/#article\",\"isPartOf\":{\"@id\":\"https:\/\/agenciainfra.com\/blog\/anac-nega-recurso-de-viracopos-em-processo-de-caducidade\/\"},\"author\":{\"name\":\"Rodrigo Zuquim\",\"@id\":\"https:\/\/agenciainfra.com\/blog\/#\/schema\/person\/04dbb79bd6d8951f063da71f3e4c1eb1\"},\"headline\":\"ANAC nega recurso de Viracopos em processo de caducidade\",\"datePublished\":\"2019-03-30T07:00:08+00:00\",\"mainEntityOfPage\":{\"@id\":\"https:\/\/agenciainfra.com\/blog\/anac-nega-recurso-de-viracopos-em-processo-de-caducidade\/\"},\"wordCount\":340,\"publisher\":{\"@id\":\"https:\/\/agenciainfra.com\/blog\/#organization\"},\"image\":{\"@id\":\"https:\/\/agenciainfra.com\/blog\/anac-nega-recurso-de-viracopos-em-processo-de-caducidade\/#primaryimage\"},\"thumbnailUrl\":\"https:\/\/agenciainfra.com\/blog\/wp-content\/uploads\/2019\/03\/divulgacao-viracopos.jpeg\",\"keywords\":[\"ANAC\",\"Infraero\",\"Inframerica\",\"Ricardo Fenelon\",\"Viracopos\"],\"articleSection\":[\"iNFRATransporte\"],\"inLanguage\":\"pt-BR\",\"copyrightYear\":\"2019\",\"copyrightHolder\":{\"@id\":\"https:\/\/agenciainfra.com\/blog\/#organization\"}},{\"@type\":\"WebPage\",\"@id\":\"https:\/\/agenciainfra.com\/blog\/anac-nega-recurso-de-viracopos-em-processo-de-caducidade\/\",\"url\":\"https:\/\/agenciainfra.com\/blog\/anac-nega-recurso-de-viracopos-em-processo-de-caducidade\/\",\"name\":\"ANAC nega recurso de Viracopos em processo de caducidade - Ag\u00eancia iNFRA\",\"isPartOf\":{\"@id\":\"https:\/\/agenciainfra.com\/blog\/#website\"},\"primaryImageOfPage\":{\"@id\":\"https:\/\/agenciainfra.com\/blog\/anac-nega-recurso-de-viracopos-em-processo-de-caducidade\/#primaryimage\"},\"image\":{\"@id\":\"https:\/\/agenciainfra.com\/blog\/anac-nega-recurso-de-viracopos-em-processo-de-caducidade\/#primaryimage\"},\"thumbnailUrl\":\"https:\/\/agenciainfra.com\/blog\/wp-content\/uploads\/2019\/03\/divulgacao-viracopos.jpeg\",\"datePublished\":\"2019-03-30T07:00:08+00:00\",\"breadcrumb\":{\"@id\":\"https:\/\/agenciainfra.com\/blog\/anac-nega-recurso-de-viracopos-em-processo-de-caducidade\/#breadcrumb\"},\"inLanguage\":\"pt-BR\",\"potentialAction\":[{\"@type\":\"ReadAction\",\"target\":[\"https:\/\/agenciainfra.com\/blog\/anac-nega-recurso-de-viracopos-em-processo-de-caducidade\/\"]}]},{\"@type\":\"ImageObject\",\"inLanguage\":\"pt-BR\",\"@id\":\"https:\/\/agenciainfra.com\/blog\/anac-nega-recurso-de-viracopos-em-processo-de-caducidade\/#primaryimage\",\"url\":\"https:\/\/agenciainfra.com\/blog\/wp-content\/uploads\/2019\/03\/divulgacao-viracopos.jpeg\",\"contentUrl\":\"https:\/\/agenciainfra.com\/blog\/wp-content\/uploads\/2019\/03\/divulgacao-viracopos.jpeg\",\"width\":1024,\"height\":684,\"caption\":\"Foto: Aeroportos Brasil Viracopos\/Divulga\u00e7\u00e3o\"},{\"@type\":\"BreadcrumbList\",\"@id\":\"https:\/\/agenciainfra.com\/blog\/anac-nega-recurso-de-viracopos-em-processo-de-caducidade\/#breadcrumb\",\"itemListElement\":[{\"@type\":\"ListItem\",\"position\":1,\"name\":\"In\u00edcio\",\"item\":\"https:\/\/agenciainfra.com\/blog\/\"},{\"@type\":\"ListItem\",\"position\":2,\"name\":\"ANAC nega recurso de Viracopos em processo de caducidade\"}]},{\"@type\":\"WebSite\",\"@id\":\"https:\/\/agenciainfra.com\/blog\/#website\",\"url\":\"https:\/\/agenciainfra.com\/blog\/\",\"name\":\"Ag\u00eancia iNFRA\",\"description\":\"Multiplataforma de informa\u00e7\u00e3o jornal\u00edstica refer\u00eancia na \u00e1rea de infraestrutura no Brasil!\",\"publisher\":{\"@id\":\"https:\/\/agenciainfra.com\/blog\/#organization\"},\"potentialAction\":[{\"@type\":\"SearchAction\",\"target\":{\"@type\":\"EntryPoint\",\"urlTemplate\":\"https:\/\/agenciainfra.com\/blog\/?s={search_term_string}\"},\"query-input\":{\"@type\":\"PropertyValueSpecification\",\"valueRequired\":true,\"valueName\":\"search_term_string\"}}],\"inLanguage\":\"pt-BR\"},{\"@type\":\"Organization\",\"@id\":\"https:\/\/agenciainfra.com\/blog\/#organization\",\"name\":\"Ag\u00eancia iNFRA\",\"url\":\"https:\/\/agenciainfra.com\/blog\/\",\"logo\":{\"@type\":\"ImageObject\",\"inLanguage\":\"pt-BR\",\"@id\":\"https:\/\/agenciainfra.com\/blog\/#\/schema\/logo\/image\/\",\"url\":\"https:\/\/agenciainfra.com\/blog\/wp-content\/uploads\/2023\/09\/iNFRA_5-e1761735885940.png\",\"contentUrl\":\"https:\/\/agenciainfra.com\/blog\/wp-content\/uploads\/2023\/09\/iNFRA_5-e1761735885940.png\",\"width\":1672,\"height\":454,\"caption\":\"Ag\u00eancia iNFRA\"},\"image\":{\"@id\":\"https:\/\/agenciainfra.com\/blog\/#\/schema\/logo\/image\/\"},\"sameAs\":[\"https:\/\/www.facebook.com\/ageninfra\",\"https:\/\/x.com\/agencia_infra\",\"https:\/\/www.linkedin.com\/company\/ag\u00eanciainfra\/\",\"https:\/\/www.instagram.com\/agenciainfra\/\"]},{\"@type\":\"Person\",\"@id\":\"https:\/\/agenciainfra.com\/blog\/#\/schema\/person\/04dbb79bd6d8951f063da71f3e4c1eb1\",\"name\":\"Rodrigo Zuquim\",\"image\":{\"@type\":\"ImageObject\",\"inLanguage\":\"pt-BR\",\"@id\":\"https:\/\/agenciainfra.com\/blog\/#\/schema\/person\/image\/\",\"url\":\"https:\/\/secure.gravatar.com\/avatar\/594abfe82761d620726242ff34ca472a705a4b97f16c790053a6b4c4035274d0?s=96&d=mm&r=g\",\"contentUrl\":\"https:\/\/secure.gravatar.com\/avatar\/594abfe82761d620726242ff34ca472a705a4b97f16c790053a6b4c4035274d0?s=96&d=mm&r=g\",\"caption\":\"Rodrigo Zuquim\"},\"url\":\"https:\/\/agenciainfra.com\/blog\/author\/rodrigo-zuquim\/\"}]}<\/script>\n<!-- \/ Yoast SEO Premium plugin. -->","yoast_head_json":{"title":"ANAC nega recurso de Viracopos em processo de caducidade - Ag\u00eancia iNFRA","robots":{"index":"index","follow":"follow","max-snippet":"max-snippet:-1","max-image-preview":"max-image-preview:large","max-video-preview":"max-video-preview:-1"},"canonical":"https:\/\/agenciainfra.com\/blog\/anac-nega-recurso-de-viracopos-em-processo-de-caducidade\/","og_locale":"pt_BR","og_type":"article","og_title":"ANAC nega recurso de Viracopos em processo de caducidade","og_description":"Dimmi Amora,\u00a0da Ag\u00eancia iNFRA A ANAC (Ag\u00eancia Nacional de Avia\u00e7\u00e3o Civil) negou pedido da concession\u00e1ria do Aeroporto de Viracopos (SP) para que o processo de apura\u00e7\u00e3o de descumprimento de cl\u00e1usulas do contrato, que pode levar \u00e0 caducidade da concess\u00e3o, aberto no ano passado, tenha uma etapa de per\u00edcia e apresenta\u00e7\u00e3o de provas documentais. A decis\u00e3o [&hellip;]","og_url":"https:\/\/agenciainfra.com\/blog\/anac-nega-recurso-de-viracopos-em-processo-de-caducidade\/","og_site_name":"Ag\u00eancia iNFRA","article_publisher":"https:\/\/www.facebook.com\/ageninfra","article_published_time":"2019-03-30T07:00:08+00:00","og_image":[{"width":1024,"height":684,"url":"https:\/\/agenciainfra.com\/blog\/wp-content\/uploads\/2019\/03\/divulgacao-viracopos.jpeg","type":"image\/jpeg"}],"author":"Rodrigo Zuquim","twitter_card":"summary_large_image","twitter_creator":"@agencia_infra","twitter_site":"@agencia_infra","twitter_misc":{"Escrito por":"Rodrigo Zuquim","Est. tempo de leitura":"2 minutos"},"schema":{"@context":"https:\/\/schema.org","@graph":[{"@type":"Article","@id":"https:\/\/agenciainfra.com\/blog\/anac-nega-recurso-de-viracopos-em-processo-de-caducidade\/#article","isPartOf":{"@id":"https:\/\/agenciainfra.com\/blog\/anac-nega-recurso-de-viracopos-em-processo-de-caducidade\/"},"author":{"name":"Rodrigo Zuquim","@id":"https:\/\/agenciainfra.com\/blog\/#\/schema\/person\/04dbb79bd6d8951f063da71f3e4c1eb1"},"headline":"ANAC nega recurso de Viracopos em processo de caducidade","datePublished":"2019-03-30T07:00:08+00:00","mainEntityOfPage":{"@id":"https:\/\/agenciainfra.com\/blog\/anac-nega-recurso-de-viracopos-em-processo-de-caducidade\/"},"wordCount":340,"publisher":{"@id":"https:\/\/agenciainfra.com\/blog\/#organization"},"image":{"@id":"https:\/\/agenciainfra.com\/blog\/anac-nega-recurso-de-viracopos-em-processo-de-caducidade\/#primaryimage"},"thumbnailUrl":"https:\/\/agenciainfra.com\/blog\/wp-content\/uploads\/2019\/03\/divulgacao-viracopos.jpeg","keywords":["ANAC","Infraero","Inframerica","Ricardo Fenelon","Viracopos"],"articleSection":["iNFRATransporte"],"inLanguage":"pt-BR","copyrightYear":"2019","copyrightHolder":{"@id":"https:\/\/agenciainfra.com\/blog\/#organization"}},{"@type":"WebPage","@id":"https:\/\/agenciainfra.com\/blog\/anac-nega-recurso-de-viracopos-em-processo-de-caducidade\/","url":"https:\/\/agenciainfra.com\/blog\/anac-nega-recurso-de-viracopos-em-processo-de-caducidade\/","name":"ANAC nega recurso de Viracopos em processo de caducidade - Ag\u00eancia iNFRA","isPartOf":{"@id":"https:\/\/agenciainfra.com\/blog\/#website"},"primaryImageOfPage":{"@id":"https:\/\/agenciainfra.com\/blog\/anac-nega-recurso-de-viracopos-em-processo-de-caducidade\/#primaryimage"},"image":{"@id":"https:\/\/agenciainfra.com\/blog\/anac-nega-recurso-de-viracopos-em-processo-de-caducidade\/#primaryimage"},"thumbnailUrl":"https:\/\/agenciainfra.com\/blog\/wp-content\/uploads\/2019\/03\/divulgacao-viracopos.jpeg","datePublished":"2019-03-30T07:00:08+00:00","breadcrumb":{"@id":"https:\/\/agenciainfra.com\/blog\/anac-nega-recurso-de-viracopos-em-processo-de-caducidade\/#breadcrumb"},"inLanguage":"pt-BR","potentialAction":[{"@type":"ReadAction","target":["https:\/\/agenciainfra.com\/blog\/anac-nega-recurso-de-viracopos-em-processo-de-caducidade\/"]}]},{"@type":"ImageObject","inLanguage":"pt-BR","@id":"https:\/\/agenciainfra.com\/blog\/anac-nega-recurso-de-viracopos-em-processo-de-caducidade\/#primaryimage","url":"https:\/\/agenciainfra.com\/blog\/wp-content\/uploads\/2019\/03\/divulgacao-viracopos.jpeg","contentUrl":"https:\/\/agenciainfra.com\/blog\/wp-content\/uploads\/2019\/03\/divulgacao-viracopos.jpeg","width":1024,"height":684,"caption":"Foto: Aeroportos Brasil Viracopos\/Divulga\u00e7\u00e3o"},{"@type":"BreadcrumbList","@id":"https:\/\/agenciainfra.com\/blog\/anac-nega-recurso-de-viracopos-em-processo-de-caducidade\/#breadcrumb","itemListElement":[{"@type":"ListItem","position":1,"name":"In\u00edcio","item":"https:\/\/agenciainfra.com\/blog\/"},{"@type":"ListItem","position":2,"name":"ANAC nega recurso de Viracopos em processo de caducidade"}]},{"@type":"WebSite","@id":"https:\/\/agenciainfra.com\/blog\/#website","url":"https:\/\/agenciainfra.com\/blog\/","name":"Ag\u00eancia iNFRA","description":"Multiplataforma de informa\u00e7\u00e3o jornal\u00edstica refer\u00eancia na \u00e1rea de infraestrutura no Brasil!","publisher":{"@id":"https:\/\/agenciainfra.com\/blog\/#organization"},"potentialAction":[{"@type":"SearchAction","target":{"@type":"EntryPoint","urlTemplate":"https:\/\/agenciainfra.com\/blog\/?s={search_term_string}"},"query-input":{"@type":"PropertyValueSpecification","valueRequired":true,"valueName":"search_term_string"}}],"inLanguage":"pt-BR"},{"@type":"Organization","@id":"https:\/\/agenciainfra.com\/blog\/#organization","name":"Ag\u00eancia iNFRA","url":"https:\/\/agenciainfra.com\/blog\/","logo":{"@type":"ImageObject","inLanguage":"pt-BR","@id":"https:\/\/agenciainfra.com\/blog\/#\/schema\/logo\/image\/","url":"https:\/\/agenciainfra.com\/blog\/wp-content\/uploads\/2023\/09\/iNFRA_5-e1761735885940.png","contentUrl":"https:\/\/agenciainfra.com\/blog\/wp-content\/uploads\/2023\/09\/iNFRA_5-e1761735885940.png","width":1672,"height":454,"caption":"Ag\u00eancia iNFRA"},"image":{"@id":"https:\/\/agenciainfra.com\/blog\/#\/schema\/logo\/image\/"},"sameAs":["https:\/\/www.facebook.com\/ageninfra","https:\/\/x.com\/agencia_infra","https:\/\/www.linkedin.com\/company\/ag\u00eanciainfra\/","https:\/\/www.instagram.com\/agenciainfra\/"]},{"@type":"Person","@id":"https:\/\/agenciainfra.com\/blog\/#\/schema\/person\/04dbb79bd6d8951f063da71f3e4c1eb1","name":"Rodrigo Zuquim","image":{"@type":"ImageObject","inLanguage":"pt-BR","@id":"https:\/\/agenciainfra.com\/blog\/#\/schema\/person\/image\/","url":"https:\/\/secure.gravatar.com\/avatar\/594abfe82761d620726242ff34ca472a705a4b97f16c790053a6b4c4035274d0?s=96&d=mm&r=g","contentUrl":"https:\/\/secure.gravatar.com\/avatar\/594abfe82761d620726242ff34ca472a705a4b97f16c790053a6b4c4035274d0?s=96&d=mm&r=g","caption":"Rodrigo Zuquim"},"url":"https:\/\/agenciainfra.com\/blog\/author\/rodrigo-zuquim\/"}]}},"_links":{"self":[{"href":"https:\/\/agenciainfra.com\/blog\/wp-json\/wp\/v2\/posts\/3041","targetHints":{"allow":["GET"]}}],"collection":[{"href":"https:\/\/agenciainfra.com\/blog\/wp-json\/wp\/v2\/posts"}],"about":[{"href":"https:\/\/agenciainfra.com\/blog\/wp-json\/wp\/v2\/types\/post"}],"author":[{"embeddable":true,"href":"https:\/\/agenciainfra.com\/blog\/wp-json\/wp\/v2\/users\/9"}],"replies":[{"embeddable":true,"href":"https:\/\/agenciainfra.com\/blog\/wp-json\/wp\/v2\/comments?post=3041"}],"version-history":[{"count":0,"href":"https:\/\/agenciainfra.com\/blog\/wp-json\/wp\/v2\/posts\/3041\/revisions"}],"wp:featuredmedia":[{"embeddable":true,"href":"https:\/\/agenciainfra.com\/blog\/wp-json\/wp\/v2\/media\/3042"}],"wp:attachment":[{"href":"https:\/\/agenciainfra.com\/blog\/wp-json\/wp\/v2\/media?parent=3041"}],"wp:term":[{"taxonomy":"category","embeddable":true,"href":"https:\/\/agenciainfra.com\/blog\/wp-json\/wp\/v2\/categories?post=3041"},{"taxonomy":"post_tag","embeddable":true,"href":"https:\/\/agenciainfra.com\/blog\/wp-json\/wp\/v2\/tags?post=3041"}],"curies":[{"name":"wp","href":"https:\/\/api.w.org\/{rel}","templated":true}]}}