{"id":30470,"date":"2025-10-23T10:00:47","date_gmt":"2025-10-23T13:00:47","guid":{"rendered":"https:\/\/agenciainfra.com\/blog\/?p=30470"},"modified":"2025-10-24T11:08:16","modified_gmt":"2025-10-24T14:08:16","slug":"renovacao-da-concessao-da-light-avanca-na-aneel-com-aval-da-area-tecnica","status":"publish","type":"post","link":"https:\/\/agenciainfra.com\/blog\/renovacao-da-concessao-da-light-avanca-na-aneel-com-aval-da-area-tecnica\/","title":{"rendered":"Renova\u00e7\u00e3o da concess\u00e3o da Light avan\u00e7a na ANEEL com aval da \u00e1rea t\u00e9cnica"},"content":{"rendered":"\n<p class=\"has-text-align-right\"><strong>Geraldo Campos Jr. e Lais Carregosa, da Ag\u00eancia iNFRA<\/strong><\/p>\n\n\n\n<p>A renova\u00e7\u00e3o da concess\u00e3o da Light, distribuidora de energia no Rio de Janeiro, avan\u00e7ou na ANEEL (Ag\u00eancia Nacional de Energia El\u00e9trica) nesta semana, com recomenda\u00e7\u00e3o favor\u00e1vel da \u00e1rea t\u00e9cnica e a defini\u00e7\u00e3o do relator do processo, o diretor Gentil Nogueira, na quarta-feira (22). A concession\u00e1ria \u00e9 atualmente a que tem o contrato mais perto de vencer, em junho de 2026.<br><br>Considerada uma das concess\u00f5es mais complexas do pa\u00eds, a Light est\u00e1 em recupera\u00e7\u00e3o judicial desde 2023. Uma\u00a0<a href=\"https:\/\/agenciainfra.com\/blog\/wp-content\/uploads\/2025\/10\/nota-tecnica-aneel-renovacao-light.pdf\" target=\"_blank\" rel=\"noreferrer noopener\">nota t\u00e9cnica<\/a>\u00a0emitida na segunda-feira (20) concluiu que a distribuidora atende aos crit\u00e9rios de continuidade e de gest\u00e3o econ\u00f4mico-financeira exigidos no Decreto 12.068\/2024.\u00a0<br><br>Contudo, os t\u00e9cnicos recomendaram a renova\u00e7\u00e3o condicionada \u00e0 quita\u00e7\u00e3o das d\u00edvidas de tributos da Light com o munic\u00edpio do Rio de Janeiro, com o qual se encontra inadimplente. Isso porque o decreto exige certid\u00e3o de regularidade fiscal para a assinatura da renova\u00e7\u00e3o pelo MME (Minist\u00e9rio de Minas e Energia).<br><br><strong>Financeiro<\/strong><br>No documento, os t\u00e9cnicos ponderam que a concession\u00e1ria descumpriu o crit\u00e9rio de sustentabilidade econ\u00f4mico-financeira no ano de 2022, mas o cumpriu em 2023 e 2024. Dessa forma, como o decreto pro\u00edbe a renova\u00e7\u00e3o para quem descumpriu a regra por dois anos consecutivos, n\u00e3o h\u00e1 impedimento para a prorroga\u00e7\u00e3o contratual, apontam.<br><br>No caso de 2023, o crit\u00e9rio econ\u00f4mico-financeiro foi considerado cumprido em fun\u00e7\u00e3o da aprova\u00e7\u00e3o do plano de recupera\u00e7\u00e3o judicial que renegociou passivos onerosos que permitiram uma redu\u00e7\u00e3o de R$ 6,16 bilh\u00f5es na d\u00edvida da companhia, segundo a nota t\u00e9cnica.\u00a0<br><br>Dessa forma, seguindo um parecer da Procuradoria Federal junto \u00e0 ANEEL, a \u00e1rea t\u00e9cnica considerou ajustes cont\u00e1beis e estorno de juros como \u201caportes de capital\u201d, j\u00e1 que tiveram o efeito de redu\u00e7\u00e3o da d\u00edvida. \u201cA SFF [Superintend\u00eancia de Fiscaliza\u00e7\u00e3o Econ\u00f4mica, Financeira e de Mercado] pode considerar os efeitos da reestrutura\u00e7\u00e3o financeira da Light de modo equivalente ao aporte de capital para fins de cumprimento do crit\u00e9rio de efici\u00eancia econ\u00f4mico-financeira do ano de 2023\u201d, diz o parecer.\u00a0<br><br>A nota t\u00e9cnica tamb\u00e9m lembrou que h\u00e1 liminar judicial vigente que impede a ANEEL de exigir aportes de capital da Light at\u00e9 a conclus\u00e3o da an\u00e1lise do processo de prorroga\u00e7\u00e3o da concess\u00e3o.<\/p>\n","protected":false},"excerpt":{"rendered":"<p>Geraldo Campos Jr. e Lais Carregosa, da Ag\u00eancia iNFRA A renova\u00e7\u00e3o da concess\u00e3o da Light, distribuidora de energia no Rio de Janeiro, avan\u00e7ou na ANEEL (Ag\u00eancia Nacional de Energia El\u00e9trica) nesta semana, com recomenda\u00e7\u00e3o favor\u00e1vel da \u00e1rea t\u00e9cnica e a defini\u00e7\u00e3o do relator do processo, o diretor Gentil Nogueira, na quarta-feira (22). A concession\u00e1ria \u00e9 [&hellip;]<\/p>\n","protected":false},"author":1,"featured_media":24172,"comment_status":"closed","ping_status":"closed","sticky":false,"template":"","format":"standard","meta":{"_monsterinsights_skip_tracking":false,"_monsterinsights_sitenote_active":false,"_monsterinsights_sitenote_note":"","_monsterinsights_sitenote_category":0,"footnotes":""},"categories":[10],"tags":[53,9043,16393,11594,13132,16392,11535],"class_list":["post-30470","post","type-post","status-publish","format-standard","has-post-thumbnail","hentry","category-infraenergia","tag-aneel","tag-concessao-de-energia","tag-gentil-nogueira-aneel","tag-geraldo-campos-jr","tag-lais-carregosa","tag-renovacao-da-light","tag-renovacao-de-concessao"],"yoast_head":"<!-- This site is optimized with the Yoast SEO Premium plugin v25.4 (Yoast SEO v26.0) - https:\/\/yoast.com\/wordpress\/plugins\/seo\/ -->\n<title>Renova\u00e7\u00e3o da concess\u00e3o da Light avan\u00e7a na ANEEL com aval da \u00e1rea t\u00e9cnica - Ag\u00eancia iNFRA<\/title>\n<meta name=\"robots\" content=\"index, follow, max-snippet:-1, max-image-preview:large, max-video-preview:-1\" \/>\n<link rel=\"canonical\" href=\"https:\/\/agenciainfra.com\/blog\/renovacao-da-concessao-da-light-avanca-na-aneel-com-aval-da-area-tecnica\/\" \/>\n<meta property=\"og:locale\" content=\"pt_BR\" \/>\n<meta property=\"og:type\" content=\"article\" \/>\n<meta property=\"og:title\" content=\"Renova\u00e7\u00e3o da concess\u00e3o da Light avan\u00e7a na ANEEL com aval da \u00e1rea t\u00e9cnica\" \/>\n<meta property=\"og:description\" content=\"Geraldo Campos Jr. e Lais Carregosa, da Ag\u00eancia iNFRA A renova\u00e7\u00e3o da concess\u00e3o da Light, distribuidora de energia no Rio de Janeiro, avan\u00e7ou na ANEEL (Ag\u00eancia Nacional de Energia El\u00e9trica) nesta semana, com recomenda\u00e7\u00e3o favor\u00e1vel da \u00e1rea t\u00e9cnica e a defini\u00e7\u00e3o do relator do processo, o diretor Gentil Nogueira, na quarta-feira (22). A concession\u00e1ria \u00e9 [&hellip;]\" \/>\n<meta property=\"og:url\" content=\"https:\/\/agenciainfra.com\/blog\/renovacao-da-concessao-da-light-avanca-na-aneel-com-aval-da-area-tecnica\/\" \/>\n<meta property=\"og:site_name\" content=\"Ag\u00eancia iNFRA\" \/>\n<meta property=\"article:publisher\" content=\"https:\/\/www.facebook.com\/ageninfra\" \/>\n<meta property=\"article:published_time\" content=\"2025-10-23T13:00:47+00:00\" \/>\n<meta property=\"article:modified_time\" content=\"2025-10-24T14:08:16+00:00\" \/>\n<meta property=\"og:image\" content=\"https:\/\/agenciainfra.com\/blog\/wp-content\/uploads\/2025\/07\/103207406-companhia-de-energia-light.-foto-divulgacao-1-e1751904748152.jpg\" \/>\n\t<meta property=\"og:image:width\" content=\"1280\" \/>\n\t<meta property=\"og:image:height\" content=\"774\" \/>\n\t<meta property=\"og:image:type\" content=\"image\/jpeg\" \/>\n<meta name=\"author\" content=\"Ag\u00eancia iNFRA\" \/>\n<meta name=\"twitter:card\" content=\"summary_large_image\" \/>\n<meta name=\"twitter:creator\" content=\"@agencia_infra\" \/>\n<meta name=\"twitter:site\" content=\"@agencia_infra\" \/>\n<meta name=\"twitter:label1\" content=\"Escrito por\" \/>\n\t<meta name=\"twitter:data1\" content=\"Ag\u00eancia iNFRA\" \/>\n\t<meta name=\"twitter:label2\" content=\"Est. tempo de leitura\" \/>\n\t<meta name=\"twitter:data2\" content=\"2 minutos\" \/>\n<script type=\"application\/ld+json\" class=\"yoast-schema-graph\">{\"@context\":\"https:\/\/schema.org\",\"@graph\":[{\"@type\":\"Article\",\"@id\":\"https:\/\/agenciainfra.com\/blog\/renovacao-da-concessao-da-light-avanca-na-aneel-com-aval-da-area-tecnica\/#article\",\"isPartOf\":{\"@id\":\"https:\/\/agenciainfra.com\/blog\/renovacao-da-concessao-da-light-avanca-na-aneel-com-aval-da-area-tecnica\/\"},\"author\":{\"name\":\"Ag\u00eancia iNFRA\",\"@id\":\"https:\/\/agenciainfra.com\/blog\/#\/schema\/person\/34af08dff6adea4cb22b06612ba7acfa\"},\"headline\":\"Renova\u00e7\u00e3o da concess\u00e3o da Light avan\u00e7a na ANEEL com aval da \u00e1rea t\u00e9cnica\",\"datePublished\":\"2025-10-23T13:00:47+00:00\",\"dateModified\":\"2025-10-24T14:08:16+00:00\",\"mainEntityOfPage\":{\"@id\":\"https:\/\/agenciainfra.com\/blog\/renovacao-da-concessao-da-light-avanca-na-aneel-com-aval-da-area-tecnica\/\"},\"wordCount\":419,\"publisher\":{\"@id\":\"https:\/\/agenciainfra.com\/blog\/#organization\"},\"image\":{\"@id\":\"https:\/\/agenciainfra.com\/blog\/renovacao-da-concessao-da-light-avanca-na-aneel-com-aval-da-area-tecnica\/#primaryimage\"},\"thumbnailUrl\":\"https:\/\/agenciainfra.com\/blog\/wp-content\/uploads\/2025\/07\/103207406-companhia-de-energia-light.-foto-divulgacao-1-e1751904748152.jpg\",\"keywords\":[\"ANEEL\",\"Concess\u00e3o de energia\",\"Gentil Nogueira aneel\",\"Geraldo Campos Jr.\",\"Lais Carregosa\",\"Renova\u00e7\u00e3o da Light\",\"Renova\u00e7\u00e3o de concess\u00e3o\"],\"articleSection\":[\"iNFRAEnergia\"],\"inLanguage\":\"pt-BR\",\"copyrightYear\":\"2025\",\"copyrightHolder\":{\"@id\":\"https:\/\/agenciainfra.com\/blog\/#organization\"}},{\"@type\":\"WebPage\",\"@id\":\"https:\/\/agenciainfra.com\/blog\/renovacao-da-concessao-da-light-avanca-na-aneel-com-aval-da-area-tecnica\/\",\"url\":\"https:\/\/agenciainfra.com\/blog\/renovacao-da-concessao-da-light-avanca-na-aneel-com-aval-da-area-tecnica\/\",\"name\":\"Renova\u00e7\u00e3o da concess\u00e3o da Light avan\u00e7a na ANEEL com aval da \u00e1rea t\u00e9cnica - Ag\u00eancia iNFRA\",\"isPartOf\":{\"@id\":\"https:\/\/agenciainfra.com\/blog\/#website\"},\"primaryImageOfPage\":{\"@id\":\"https:\/\/agenciainfra.com\/blog\/renovacao-da-concessao-da-light-avanca-na-aneel-com-aval-da-area-tecnica\/#primaryimage\"},\"image\":{\"@id\":\"https:\/\/agenciainfra.com\/blog\/renovacao-da-concessao-da-light-avanca-na-aneel-com-aval-da-area-tecnica\/#primaryimage\"},\"thumbnailUrl\":\"https:\/\/agenciainfra.com\/blog\/wp-content\/uploads\/2025\/07\/103207406-companhia-de-energia-light.-foto-divulgacao-1-e1751904748152.jpg\",\"datePublished\":\"2025-10-23T13:00:47+00:00\",\"dateModified\":\"2025-10-24T14:08:16+00:00\",\"breadcrumb\":{\"@id\":\"https:\/\/agenciainfra.com\/blog\/renovacao-da-concessao-da-light-avanca-na-aneel-com-aval-da-area-tecnica\/#breadcrumb\"},\"inLanguage\":\"pt-BR\",\"potentialAction\":[{\"@type\":\"ReadAction\",\"target\":[\"https:\/\/agenciainfra.com\/blog\/renovacao-da-concessao-da-light-avanca-na-aneel-com-aval-da-area-tecnica\/\"]}]},{\"@type\":\"ImageObject\",\"inLanguage\":\"pt-BR\",\"@id\":\"https:\/\/agenciainfra.com\/blog\/renovacao-da-concessao-da-light-avanca-na-aneel-com-aval-da-area-tecnica\/#primaryimage\",\"url\":\"https:\/\/agenciainfra.com\/blog\/wp-content\/uploads\/2025\/07\/103207406-companhia-de-energia-light.-foto-divulgacao-1-e1751904748152.jpg\",\"contentUrl\":\"https:\/\/agenciainfra.com\/blog\/wp-content\/uploads\/2025\/07\/103207406-companhia-de-energia-light.-foto-divulgacao-1-e1751904748152.jpg\",\"width\":1280,\"height\":774,\"caption\":\"Foto: Light\"},{\"@type\":\"BreadcrumbList\",\"@id\":\"https:\/\/agenciainfra.com\/blog\/renovacao-da-concessao-da-light-avanca-na-aneel-com-aval-da-area-tecnica\/#breadcrumb\",\"itemListElement\":[{\"@type\":\"ListItem\",\"position\":1,\"name\":\"In\u00edcio\",\"item\":\"https:\/\/agenciainfra.com\/blog\/\"},{\"@type\":\"ListItem\",\"position\":2,\"name\":\"Renova\u00e7\u00e3o da concess\u00e3o da Light avan\u00e7a na ANEEL com aval da \u00e1rea t\u00e9cnica\"}]},{\"@type\":\"WebSite\",\"@id\":\"https:\/\/agenciainfra.com\/blog\/#website\",\"url\":\"https:\/\/agenciainfra.com\/blog\/\",\"name\":\"Ag\u00eancia iNFRA\",\"description\":\"Multiplataforma de informa\u00e7\u00e3o jornal\u00edstica refer\u00eancia na \u00e1rea de infraestrutura no Brasil!\",\"publisher\":{\"@id\":\"https:\/\/agenciainfra.com\/blog\/#organization\"},\"potentialAction\":[{\"@type\":\"SearchAction\",\"target\":{\"@type\":\"EntryPoint\",\"urlTemplate\":\"https:\/\/agenciainfra.com\/blog\/?s={search_term_string}\"},\"query-input\":{\"@type\":\"PropertyValueSpecification\",\"valueRequired\":true,\"valueName\":\"search_term_string\"}}],\"inLanguage\":\"pt-BR\"},{\"@type\":\"Organization\",\"@id\":\"https:\/\/agenciainfra.com\/blog\/#organization\",\"name\":\"Ag\u00eancia iNFRA\",\"url\":\"https:\/\/agenciainfra.com\/blog\/\",\"logo\":{\"@type\":\"ImageObject\",\"inLanguage\":\"pt-BR\",\"@id\":\"https:\/\/agenciainfra.com\/blog\/#\/schema\/logo\/image\/\",\"url\":\"https:\/\/agenciainfra.com\/blog\/wp-content\/uploads\/2023\/09\/iNFRA_5-e1761735885940.png\",\"contentUrl\":\"https:\/\/agenciainfra.com\/blog\/wp-content\/uploads\/2023\/09\/iNFRA_5-e1761735885940.png\",\"width\":1672,\"height\":454,\"caption\":\"Ag\u00eancia iNFRA\"},\"image\":{\"@id\":\"https:\/\/agenciainfra.com\/blog\/#\/schema\/logo\/image\/\"},\"sameAs\":[\"https:\/\/www.facebook.com\/ageninfra\",\"https:\/\/x.com\/agencia_infra\",\"https:\/\/www.linkedin.com\/company\/ag\u00eanciainfra\/\",\"https:\/\/www.instagram.com\/agenciainfra\/\"]},{\"@type\":\"Person\",\"@id\":\"https:\/\/agenciainfra.com\/blog\/#\/schema\/person\/34af08dff6adea4cb22b06612ba7acfa\",\"name\":\"Ag\u00eancia iNFRA\",\"image\":{\"@type\":\"ImageObject\",\"inLanguage\":\"pt-BR\",\"@id\":\"https:\/\/agenciainfra.com\/blog\/#\/schema\/person\/image\/\",\"url\":\"https:\/\/secure.gravatar.com\/avatar\/d189e01678f06d8eb84d4e01f08eb848b3fffe3f8443818d3c356c66892f5be8?s=96&d=mm&r=g\",\"contentUrl\":\"https:\/\/secure.gravatar.com\/avatar\/d189e01678f06d8eb84d4e01f08eb848b3fffe3f8443818d3c356c66892f5be8?s=96&d=mm&r=g\",\"caption\":\"Ag\u00eancia iNFRA\"},\"url\":\"https:\/\/agenciainfra.com\/blog\/author\/admin\/\"}]}<\/script>\n<!-- \/ Yoast SEO Premium plugin. -->","yoast_head_json":{"title":"Renova\u00e7\u00e3o da concess\u00e3o da Light avan\u00e7a na ANEEL com aval da \u00e1rea t\u00e9cnica - Ag\u00eancia iNFRA","robots":{"index":"index","follow":"follow","max-snippet":"max-snippet:-1","max-image-preview":"max-image-preview:large","max-video-preview":"max-video-preview:-1"},"canonical":"https:\/\/agenciainfra.com\/blog\/renovacao-da-concessao-da-light-avanca-na-aneel-com-aval-da-area-tecnica\/","og_locale":"pt_BR","og_type":"article","og_title":"Renova\u00e7\u00e3o da concess\u00e3o da Light avan\u00e7a na ANEEL com aval da \u00e1rea t\u00e9cnica","og_description":"Geraldo Campos Jr. e Lais Carregosa, da Ag\u00eancia iNFRA A renova\u00e7\u00e3o da concess\u00e3o da Light, distribuidora de energia no Rio de Janeiro, avan\u00e7ou na ANEEL (Ag\u00eancia Nacional de Energia El\u00e9trica) nesta semana, com recomenda\u00e7\u00e3o favor\u00e1vel da \u00e1rea t\u00e9cnica e a defini\u00e7\u00e3o do relator do processo, o diretor Gentil Nogueira, na quarta-feira (22). A concession\u00e1ria \u00e9 [&hellip;]","og_url":"https:\/\/agenciainfra.com\/blog\/renovacao-da-concessao-da-light-avanca-na-aneel-com-aval-da-area-tecnica\/","og_site_name":"Ag\u00eancia iNFRA","article_publisher":"https:\/\/www.facebook.com\/ageninfra","article_published_time":"2025-10-23T13:00:47+00:00","article_modified_time":"2025-10-24T14:08:16+00:00","og_image":[{"width":1280,"height":774,"url":"https:\/\/agenciainfra.com\/blog\/wp-content\/uploads\/2025\/07\/103207406-companhia-de-energia-light.-foto-divulgacao-1-e1751904748152.jpg","type":"image\/jpeg"}],"author":"Ag\u00eancia iNFRA","twitter_card":"summary_large_image","twitter_creator":"@agencia_infra","twitter_site":"@agencia_infra","twitter_misc":{"Escrito por":"Ag\u00eancia iNFRA","Est. tempo de leitura":"2 minutos"},"schema":{"@context":"https:\/\/schema.org","@graph":[{"@type":"Article","@id":"https:\/\/agenciainfra.com\/blog\/renovacao-da-concessao-da-light-avanca-na-aneel-com-aval-da-area-tecnica\/#article","isPartOf":{"@id":"https:\/\/agenciainfra.com\/blog\/renovacao-da-concessao-da-light-avanca-na-aneel-com-aval-da-area-tecnica\/"},"author":{"name":"Ag\u00eancia iNFRA","@id":"https:\/\/agenciainfra.com\/blog\/#\/schema\/person\/34af08dff6adea4cb22b06612ba7acfa"},"headline":"Renova\u00e7\u00e3o da concess\u00e3o da Light avan\u00e7a na ANEEL com aval da \u00e1rea t\u00e9cnica","datePublished":"2025-10-23T13:00:47+00:00","dateModified":"2025-10-24T14:08:16+00:00","mainEntityOfPage":{"@id":"https:\/\/agenciainfra.com\/blog\/renovacao-da-concessao-da-light-avanca-na-aneel-com-aval-da-area-tecnica\/"},"wordCount":419,"publisher":{"@id":"https:\/\/agenciainfra.com\/blog\/#organization"},"image":{"@id":"https:\/\/agenciainfra.com\/blog\/renovacao-da-concessao-da-light-avanca-na-aneel-com-aval-da-area-tecnica\/#primaryimage"},"thumbnailUrl":"https:\/\/agenciainfra.com\/blog\/wp-content\/uploads\/2025\/07\/103207406-companhia-de-energia-light.-foto-divulgacao-1-e1751904748152.jpg","keywords":["ANEEL","Concess\u00e3o de energia","Gentil Nogueira aneel","Geraldo Campos Jr.","Lais Carregosa","Renova\u00e7\u00e3o da Light","Renova\u00e7\u00e3o de concess\u00e3o"],"articleSection":["iNFRAEnergia"],"inLanguage":"pt-BR","copyrightYear":"2025","copyrightHolder":{"@id":"https:\/\/agenciainfra.com\/blog\/#organization"}},{"@type":"WebPage","@id":"https:\/\/agenciainfra.com\/blog\/renovacao-da-concessao-da-light-avanca-na-aneel-com-aval-da-area-tecnica\/","url":"https:\/\/agenciainfra.com\/blog\/renovacao-da-concessao-da-light-avanca-na-aneel-com-aval-da-area-tecnica\/","name":"Renova\u00e7\u00e3o da concess\u00e3o da Light avan\u00e7a na ANEEL com aval da \u00e1rea t\u00e9cnica - Ag\u00eancia iNFRA","isPartOf":{"@id":"https:\/\/agenciainfra.com\/blog\/#website"},"primaryImageOfPage":{"@id":"https:\/\/agenciainfra.com\/blog\/renovacao-da-concessao-da-light-avanca-na-aneel-com-aval-da-area-tecnica\/#primaryimage"},"image":{"@id":"https:\/\/agenciainfra.com\/blog\/renovacao-da-concessao-da-light-avanca-na-aneel-com-aval-da-area-tecnica\/#primaryimage"},"thumbnailUrl":"https:\/\/agenciainfra.com\/blog\/wp-content\/uploads\/2025\/07\/103207406-companhia-de-energia-light.-foto-divulgacao-1-e1751904748152.jpg","datePublished":"2025-10-23T13:00:47+00:00","dateModified":"2025-10-24T14:08:16+00:00","breadcrumb":{"@id":"https:\/\/agenciainfra.com\/blog\/renovacao-da-concessao-da-light-avanca-na-aneel-com-aval-da-area-tecnica\/#breadcrumb"},"inLanguage":"pt-BR","potentialAction":[{"@type":"ReadAction","target":["https:\/\/agenciainfra.com\/blog\/renovacao-da-concessao-da-light-avanca-na-aneel-com-aval-da-area-tecnica\/"]}]},{"@type":"ImageObject","inLanguage":"pt-BR","@id":"https:\/\/agenciainfra.com\/blog\/renovacao-da-concessao-da-light-avanca-na-aneel-com-aval-da-area-tecnica\/#primaryimage","url":"https:\/\/agenciainfra.com\/blog\/wp-content\/uploads\/2025\/07\/103207406-companhia-de-energia-light.-foto-divulgacao-1-e1751904748152.jpg","contentUrl":"https:\/\/agenciainfra.com\/blog\/wp-content\/uploads\/2025\/07\/103207406-companhia-de-energia-light.-foto-divulgacao-1-e1751904748152.jpg","width":1280,"height":774,"caption":"Foto: Light"},{"@type":"BreadcrumbList","@id":"https:\/\/agenciainfra.com\/blog\/renovacao-da-concessao-da-light-avanca-na-aneel-com-aval-da-area-tecnica\/#breadcrumb","itemListElement":[{"@type":"ListItem","position":1,"name":"In\u00edcio","item":"https:\/\/agenciainfra.com\/blog\/"},{"@type":"ListItem","position":2,"name":"Renova\u00e7\u00e3o da concess\u00e3o da Light avan\u00e7a na ANEEL com aval da \u00e1rea t\u00e9cnica"}]},{"@type":"WebSite","@id":"https:\/\/agenciainfra.com\/blog\/#website","url":"https:\/\/agenciainfra.com\/blog\/","name":"Ag\u00eancia iNFRA","description":"Multiplataforma de informa\u00e7\u00e3o jornal\u00edstica refer\u00eancia na \u00e1rea de infraestrutura no Brasil!","publisher":{"@id":"https:\/\/agenciainfra.com\/blog\/#organization"},"potentialAction":[{"@type":"SearchAction","target":{"@type":"EntryPoint","urlTemplate":"https:\/\/agenciainfra.com\/blog\/?s={search_term_string}"},"query-input":{"@type":"PropertyValueSpecification","valueRequired":true,"valueName":"search_term_string"}}],"inLanguage":"pt-BR"},{"@type":"Organization","@id":"https:\/\/agenciainfra.com\/blog\/#organization","name":"Ag\u00eancia iNFRA","url":"https:\/\/agenciainfra.com\/blog\/","logo":{"@type":"ImageObject","inLanguage":"pt-BR","@id":"https:\/\/agenciainfra.com\/blog\/#\/schema\/logo\/image\/","url":"https:\/\/agenciainfra.com\/blog\/wp-content\/uploads\/2023\/09\/iNFRA_5-e1761735885940.png","contentUrl":"https:\/\/agenciainfra.com\/blog\/wp-content\/uploads\/2023\/09\/iNFRA_5-e1761735885940.png","width":1672,"height":454,"caption":"Ag\u00eancia iNFRA"},"image":{"@id":"https:\/\/agenciainfra.com\/blog\/#\/schema\/logo\/image\/"},"sameAs":["https:\/\/www.facebook.com\/ageninfra","https:\/\/x.com\/agencia_infra","https:\/\/www.linkedin.com\/company\/ag\u00eanciainfra\/","https:\/\/www.instagram.com\/agenciainfra\/"]},{"@type":"Person","@id":"https:\/\/agenciainfra.com\/blog\/#\/schema\/person\/34af08dff6adea4cb22b06612ba7acfa","name":"Ag\u00eancia iNFRA","image":{"@type":"ImageObject","inLanguage":"pt-BR","@id":"https:\/\/agenciainfra.com\/blog\/#\/schema\/person\/image\/","url":"https:\/\/secure.gravatar.com\/avatar\/d189e01678f06d8eb84d4e01f08eb848b3fffe3f8443818d3c356c66892f5be8?s=96&d=mm&r=g","contentUrl":"https:\/\/secure.gravatar.com\/avatar\/d189e01678f06d8eb84d4e01f08eb848b3fffe3f8443818d3c356c66892f5be8?s=96&d=mm&r=g","caption":"Ag\u00eancia iNFRA"},"url":"https:\/\/agenciainfra.com\/blog\/author\/admin\/"}]}},"_links":{"self":[{"href":"https:\/\/agenciainfra.com\/blog\/wp-json\/wp\/v2\/posts\/30470","targetHints":{"allow":["GET"]}}],"collection":[{"href":"https:\/\/agenciainfra.com\/blog\/wp-json\/wp\/v2\/posts"}],"about":[{"href":"https:\/\/agenciainfra.com\/blog\/wp-json\/wp\/v2\/types\/post"}],"author":[{"embeddable":true,"href":"https:\/\/agenciainfra.com\/blog\/wp-json\/wp\/v2\/users\/1"}],"replies":[{"embeddable":true,"href":"https:\/\/agenciainfra.com\/blog\/wp-json\/wp\/v2\/comments?post=30470"}],"version-history":[{"count":1,"href":"https:\/\/agenciainfra.com\/blog\/wp-json\/wp\/v2\/posts\/30470\/revisions"}],"predecessor-version":[{"id":30474,"href":"https:\/\/agenciainfra.com\/blog\/wp-json\/wp\/v2\/posts\/30470\/revisions\/30474"}],"wp:featuredmedia":[{"embeddable":true,"href":"https:\/\/agenciainfra.com\/blog\/wp-json\/wp\/v2\/media\/24172"}],"wp:attachment":[{"href":"https:\/\/agenciainfra.com\/blog\/wp-json\/wp\/v2\/media?parent=30470"}],"wp:term":[{"taxonomy":"category","embeddable":true,"href":"https:\/\/agenciainfra.com\/blog\/wp-json\/wp\/v2\/categories?post=30470"},{"taxonomy":"post_tag","embeddable":true,"href":"https:\/\/agenciainfra.com\/blog\/wp-json\/wp\/v2\/tags?post=30470"}],"curies":[{"name":"wp","href":"https:\/\/api.w.org\/{rel}","templated":true}]}}