{"id":30499,"date":"2025-10-23T12:01:34","date_gmt":"2025-10-23T15:01:34","guid":{"rendered":"https:\/\/agenciainfra.com\/blog\/?p=30499"},"modified":"2025-10-23T12:01:36","modified_gmt":"2025-10-23T15:01:36","slug":"ongs-pedem-na-justica-anulacao-de-licenca-para-margem-equatorial","status":"publish","type":"post","link":"https:\/\/agenciainfra.com\/blog\/ongs-pedem-na-justica-anulacao-de-licenca-para-margem-equatorial\/","title":{"rendered":"ONGs pedem na Justi\u00e7a anula\u00e7\u00e3o de licen\u00e7a para Margem Equatorial"},"content":{"rendered":"\n<p class=\"has-text-align-right\"><strong>da Ag\u00eancia iNFRA<\/strong><\/p>\n\n\n\n<p>Oito organiza\u00e7\u00f5es dos movimentos ambientalista, ind\u00edgena, quilombola e de pescadores entraram com uma a\u00e7\u00e3o na Justi\u00e7a Federal na quarta-feira (22) pedindo a anula\u00e7\u00e3o do licenciamento que permitiu \u00e0 Petrobras iniciar a perfura\u00e7\u00e3o de petr\u00f3leo na costa do Amap\u00e1, no bloco localizado na bacia da Foz do Amazonas, na Margem Equatorial.<\/p>\n\n\n\n<p>Na a\u00e7\u00e3o, as ONGs tamb\u00e9m pedem liminar para suspender imediatamente as atividades de perfura\u00e7\u00e3o, \u201csob risco de danos irrevers\u00edveis ao meio ambiente\u201d. O processo \u00e9 movido na 9\u00aa Vara Federal de Bel\u00e9m (PA) e tem como alvos o Ibama, a Petrobras e a Uni\u00e3o.<\/p>\n\n\n\n<p>S\u00e3o apontadas na peti\u00e7\u00e3o tr\u00eas v\u00edcios na licen\u00e7a de opera\u00e7\u00e3o, que deveriam levar \u00e0 sua nulidade. S\u00e3o elas: 1) aus\u00eancia de estudo ou consulta quanto aos impactos aos povos ind\u00edgenas e comunidades tradicionais; 2) falhas graves de modelagem que p\u00f5em em risco a biodiversidade; e 3) n\u00e3o considera\u00e7\u00e3o dos impactos clim\u00e1ticos do projeto.<\/p>\n\n\n\n<p>Assinam a a\u00e7\u00e3o as seguintes organiza\u00e7\u00f5es: Apib (Articula\u00e7\u00e3o dos Povos Ind\u00edgenas do Brasil), Coiab (Coordena\u00e7\u00e3o das Organiza\u00e7\u00f5es Ind\u00edgenas da Amaz\u00f4nia Brasileira), a Conaq (Coordena\u00e7\u00e3o Nacional de Articula\u00e7\u00e3o das Comunidades Negras Rurais Quilombolas), a Confrem (Comiss\u00e3o Nacional para o Fortalecimento das Reservas Extrativistas e dos Povos Extrativistas Costeiros e Marinhos), o Greenpeace Brasil, o Instituto Arayara, o Observat\u00f3rio do Clima e o WWF-Brasil.<\/p>\n","protected":false},"excerpt":{"rendered":"<p>da Ag\u00eancia iNFRA Oito organiza\u00e7\u00f5es dos movimentos ambientalista, ind\u00edgena, quilombola e de pescadores entraram com uma a\u00e7\u00e3o na Justi\u00e7a Federal na quarta-feira (22) pedindo a anula\u00e7\u00e3o do licenciamento que permitiu \u00e0 Petrobras iniciar a perfura\u00e7\u00e3o de petr\u00f3leo na costa do Amap\u00e1, no bloco localizado na bacia da Foz do Amazonas, na Margem Equatorial. Na a\u00e7\u00e3o, [&hellip;]<\/p>\n","protected":false},"author":1,"featured_media":21881,"comment_status":"closed","ping_status":"closed","sticky":false,"template":"","format":"standard","meta":{"_monsterinsights_skip_tracking":false,"_monsterinsights_sitenote_active":false,"_monsterinsights_sitenote_note":"","_monsterinsights_sitenote_category":0,"footnotes":""},"categories":[13576],"tags":[13338,749,4373,223,13269,143],"class_list":["post-30499","post","type-post","status-publish","format-standard","has-post-thumbnail","hentry","category-giro-infra","tag-foz-do-amazonas","tag-ibama","tag-justica","tag-licenciamento-ambiental","tag-margem-equatorial","tag-petrobras"],"yoast_head":"<!-- This site is optimized with the Yoast SEO Premium plugin v25.4 (Yoast SEO v26.0) - https:\/\/yoast.com\/wordpress\/plugins\/seo\/ -->\n<title>ONGs pedem na Justi\u00e7a anula\u00e7\u00e3o de licen\u00e7a da Margem Equatorial<\/title>\n<meta name=\"description\" content=\"Na a\u00e7\u00e3o, entidades pedem liminar para suspender imediatamente as atividades de perfura\u00e7\u00e3o, \u201csob risco de danos irrevers\u00edveis ao meio ambiente\u201d\" \/>\n<meta name=\"robots\" content=\"index, follow, max-snippet:-1, max-image-preview:large, max-video-preview:-1\" \/>\n<link rel=\"canonical\" href=\"https:\/\/agenciainfra.com\/blog\/ongs-pedem-na-justica-anulacao-de-licenca-para-margem-equatorial\/\" \/>\n<meta property=\"og:locale\" content=\"pt_BR\" \/>\n<meta property=\"og:type\" content=\"article\" \/>\n<meta property=\"og:title\" content=\"ONGs pedem na Justi\u00e7a anula\u00e7\u00e3o de licen\u00e7a para Margem Equatorial\" \/>\n<meta property=\"og:description\" content=\"Na a\u00e7\u00e3o, entidades pedem liminar para suspender imediatamente as atividades de perfura\u00e7\u00e3o, \u201csob risco de danos irrevers\u00edveis ao meio ambiente\u201d\" \/>\n<meta property=\"og:url\" content=\"https:\/\/agenciainfra.com\/blog\/ongs-pedem-na-justica-anulacao-de-licenca-para-margem-equatorial\/\" \/>\n<meta property=\"og:site_name\" content=\"Ag\u00eancia iNFRA\" \/>\n<meta property=\"article:publisher\" content=\"https:\/\/www.facebook.com\/ageninfra\" \/>\n<meta property=\"article:published_time\" content=\"2025-10-23T15:01:34+00:00\" \/>\n<meta property=\"article:modified_time\" content=\"2025-10-23T15:01:36+00:00\" \/>\n<meta property=\"og:image\" content=\"https:\/\/agenciainfra.com\/blog\/wp-content\/uploads\/2025\/05\/fachada-ibama-foto-divulgacao.png\" \/>\n\t<meta property=\"og:image:width\" content=\"1280\" \/>\n\t<meta property=\"og:image:height\" content=\"859\" \/>\n\t<meta property=\"og:image:type\" content=\"image\/png\" \/>\n<meta name=\"author\" content=\"Ag\u00eancia iNFRA\" \/>\n<meta name=\"twitter:card\" content=\"summary_large_image\" \/>\n<meta name=\"twitter:creator\" content=\"@agencia_infra\" \/>\n<meta name=\"twitter:site\" content=\"@agencia_infra\" \/>\n<meta name=\"twitter:label1\" content=\"Escrito por\" \/>\n\t<meta name=\"twitter:data1\" content=\"Ag\u00eancia iNFRA\" \/>\n\t<meta name=\"twitter:label2\" content=\"Est. tempo de leitura\" \/>\n\t<meta name=\"twitter:data2\" content=\"1 minuto\" \/>\n<script type=\"application\/ld+json\" class=\"yoast-schema-graph\">{\"@context\":\"https:\/\/schema.org\",\"@graph\":[{\"@type\":\"Article\",\"@id\":\"https:\/\/agenciainfra.com\/blog\/ongs-pedem-na-justica-anulacao-de-licenca-para-margem-equatorial\/#article\",\"isPartOf\":{\"@id\":\"https:\/\/agenciainfra.com\/blog\/ongs-pedem-na-justica-anulacao-de-licenca-para-margem-equatorial\/\"},\"author\":{\"name\":\"Ag\u00eancia iNFRA\",\"@id\":\"https:\/\/agenciainfra.com\/blog\/#\/schema\/person\/34af08dff6adea4cb22b06612ba7acfa\"},\"headline\":\"ONGs pedem na Justi\u00e7a anula\u00e7\u00e3o de licen\u00e7a para Margem Equatorial\",\"datePublished\":\"2025-10-23T15:01:34+00:00\",\"dateModified\":\"2025-10-23T15:01:36+00:00\",\"mainEntityOfPage\":{\"@id\":\"https:\/\/agenciainfra.com\/blog\/ongs-pedem-na-justica-anulacao-de-licenca-para-margem-equatorial\/\"},\"wordCount\":256,\"publisher\":{\"@id\":\"https:\/\/agenciainfra.com\/blog\/#organization\"},\"image\":{\"@id\":\"https:\/\/agenciainfra.com\/blog\/ongs-pedem-na-justica-anulacao-de-licenca-para-margem-equatorial\/#primaryimage\"},\"thumbnailUrl\":\"https:\/\/agenciainfra.com\/blog\/wp-content\/uploads\/2025\/05\/fachada-ibama-foto-divulgacao.png\",\"keywords\":[\"foz do amazonas\",\"Ibama\",\"justi\u00e7a\",\"Licenciamento ambiental\",\"margem equatorial\",\"Petrobras\"],\"articleSection\":[\"Giro iNFRA\"],\"inLanguage\":\"pt-BR\",\"copyrightYear\":\"2025\",\"copyrightHolder\":{\"@id\":\"https:\/\/agenciainfra.com\/blog\/#organization\"}},{\"@type\":\"WebPage\",\"@id\":\"https:\/\/agenciainfra.com\/blog\/ongs-pedem-na-justica-anulacao-de-licenca-para-margem-equatorial\/\",\"url\":\"https:\/\/agenciainfra.com\/blog\/ongs-pedem-na-justica-anulacao-de-licenca-para-margem-equatorial\/\",\"name\":\"ONGs pedem na Justi\u00e7a anula\u00e7\u00e3o de licen\u00e7a da Margem Equatorial\",\"isPartOf\":{\"@id\":\"https:\/\/agenciainfra.com\/blog\/#website\"},\"primaryImageOfPage\":{\"@id\":\"https:\/\/agenciainfra.com\/blog\/ongs-pedem-na-justica-anulacao-de-licenca-para-margem-equatorial\/#primaryimage\"},\"image\":{\"@id\":\"https:\/\/agenciainfra.com\/blog\/ongs-pedem-na-justica-anulacao-de-licenca-para-margem-equatorial\/#primaryimage\"},\"thumbnailUrl\":\"https:\/\/agenciainfra.com\/blog\/wp-content\/uploads\/2025\/05\/fachada-ibama-foto-divulgacao.png\",\"datePublished\":\"2025-10-23T15:01:34+00:00\",\"dateModified\":\"2025-10-23T15:01:36+00:00\",\"description\":\"Na a\u00e7\u00e3o, entidades pedem liminar para suspender imediatamente as atividades de perfura\u00e7\u00e3o, \u201csob risco de danos irrevers\u00edveis ao meio ambiente\u201d\",\"breadcrumb\":{\"@id\":\"https:\/\/agenciainfra.com\/blog\/ongs-pedem-na-justica-anulacao-de-licenca-para-margem-equatorial\/#breadcrumb\"},\"inLanguage\":\"pt-BR\",\"potentialAction\":[{\"@type\":\"ReadAction\",\"target\":[\"https:\/\/agenciainfra.com\/blog\/ongs-pedem-na-justica-anulacao-de-licenca-para-margem-equatorial\/\"]}]},{\"@type\":\"ImageObject\",\"inLanguage\":\"pt-BR\",\"@id\":\"https:\/\/agenciainfra.com\/blog\/ongs-pedem-na-justica-anulacao-de-licenca-para-margem-equatorial\/#primaryimage\",\"url\":\"https:\/\/agenciainfra.com\/blog\/wp-content\/uploads\/2025\/05\/fachada-ibama-foto-divulgacao.png\",\"contentUrl\":\"https:\/\/agenciainfra.com\/blog\/wp-content\/uploads\/2025\/05\/fachada-ibama-foto-divulgacao.png\",\"width\":1280,\"height\":859,\"caption\":\"Foto: Ibama\"},{\"@type\":\"BreadcrumbList\",\"@id\":\"https:\/\/agenciainfra.com\/blog\/ongs-pedem-na-justica-anulacao-de-licenca-para-margem-equatorial\/#breadcrumb\",\"itemListElement\":[{\"@type\":\"ListItem\",\"position\":1,\"name\":\"In\u00edcio\",\"item\":\"https:\/\/agenciainfra.com\/blog\/\"},{\"@type\":\"ListItem\",\"position\":2,\"name\":\"ONGs pedem na Justi\u00e7a anula\u00e7\u00e3o de licen\u00e7a para Margem Equatorial\"}]},{\"@type\":\"WebSite\",\"@id\":\"https:\/\/agenciainfra.com\/blog\/#website\",\"url\":\"https:\/\/agenciainfra.com\/blog\/\",\"name\":\"Ag\u00eancia iNFRA\",\"description\":\"Multiplataforma de informa\u00e7\u00e3o jornal\u00edstica refer\u00eancia na \u00e1rea de infraestrutura no Brasil!\",\"publisher\":{\"@id\":\"https:\/\/agenciainfra.com\/blog\/#organization\"},\"potentialAction\":[{\"@type\":\"SearchAction\",\"target\":{\"@type\":\"EntryPoint\",\"urlTemplate\":\"https:\/\/agenciainfra.com\/blog\/?s={search_term_string}\"},\"query-input\":{\"@type\":\"PropertyValueSpecification\",\"valueRequired\":true,\"valueName\":\"search_term_string\"}}],\"inLanguage\":\"pt-BR\"},{\"@type\":\"Organization\",\"@id\":\"https:\/\/agenciainfra.com\/blog\/#organization\",\"name\":\"Ag\u00eancia iNFRA\",\"url\":\"https:\/\/agenciainfra.com\/blog\/\",\"logo\":{\"@type\":\"ImageObject\",\"inLanguage\":\"pt-BR\",\"@id\":\"https:\/\/agenciainfra.com\/blog\/#\/schema\/logo\/image\/\",\"url\":\"https:\/\/agenciainfra.com\/blog\/wp-content\/uploads\/2023\/09\/iNFRA_5-e1761735885940.png\",\"contentUrl\":\"https:\/\/agenciainfra.com\/blog\/wp-content\/uploads\/2023\/09\/iNFRA_5-e1761735885940.png\",\"width\":1672,\"height\":454,\"caption\":\"Ag\u00eancia iNFRA\"},\"image\":{\"@id\":\"https:\/\/agenciainfra.com\/blog\/#\/schema\/logo\/image\/\"},\"sameAs\":[\"https:\/\/www.facebook.com\/ageninfra\",\"https:\/\/x.com\/agencia_infra\",\"https:\/\/www.linkedin.com\/company\/ag\u00eanciainfra\/\",\"https:\/\/www.instagram.com\/agenciainfra\/\"]},{\"@type\":\"Person\",\"@id\":\"https:\/\/agenciainfra.com\/blog\/#\/schema\/person\/34af08dff6adea4cb22b06612ba7acfa\",\"name\":\"Ag\u00eancia iNFRA\",\"image\":{\"@type\":\"ImageObject\",\"inLanguage\":\"pt-BR\",\"@id\":\"https:\/\/agenciainfra.com\/blog\/#\/schema\/person\/image\/\",\"url\":\"https:\/\/secure.gravatar.com\/avatar\/d189e01678f06d8eb84d4e01f08eb848b3fffe3f8443818d3c356c66892f5be8?s=96&d=mm&r=g\",\"contentUrl\":\"https:\/\/secure.gravatar.com\/avatar\/d189e01678f06d8eb84d4e01f08eb848b3fffe3f8443818d3c356c66892f5be8?s=96&d=mm&r=g\",\"caption\":\"Ag\u00eancia iNFRA\"},\"url\":\"https:\/\/agenciainfra.com\/blog\/author\/admin\/\"}]}<\/script>\n<!-- \/ Yoast SEO Premium plugin. -->","yoast_head_json":{"title":"ONGs pedem na Justi\u00e7a anula\u00e7\u00e3o de licen\u00e7a da Margem Equatorial","description":"Na a\u00e7\u00e3o, entidades pedem liminar para suspender imediatamente as atividades de perfura\u00e7\u00e3o, \u201csob risco de danos irrevers\u00edveis ao meio ambiente\u201d","robots":{"index":"index","follow":"follow","max-snippet":"max-snippet:-1","max-image-preview":"max-image-preview:large","max-video-preview":"max-video-preview:-1"},"canonical":"https:\/\/agenciainfra.com\/blog\/ongs-pedem-na-justica-anulacao-de-licenca-para-margem-equatorial\/","og_locale":"pt_BR","og_type":"article","og_title":"ONGs pedem na Justi\u00e7a anula\u00e7\u00e3o de licen\u00e7a para Margem Equatorial","og_description":"Na a\u00e7\u00e3o, entidades pedem liminar para suspender imediatamente as atividades de perfura\u00e7\u00e3o, \u201csob risco de danos irrevers\u00edveis ao meio ambiente\u201d","og_url":"https:\/\/agenciainfra.com\/blog\/ongs-pedem-na-justica-anulacao-de-licenca-para-margem-equatorial\/","og_site_name":"Ag\u00eancia iNFRA","article_publisher":"https:\/\/www.facebook.com\/ageninfra","article_published_time":"2025-10-23T15:01:34+00:00","article_modified_time":"2025-10-23T15:01:36+00:00","og_image":[{"width":1280,"height":859,"url":"https:\/\/agenciainfra.com\/blog\/wp-content\/uploads\/2025\/05\/fachada-ibama-foto-divulgacao.png","type":"image\/png"}],"author":"Ag\u00eancia iNFRA","twitter_card":"summary_large_image","twitter_creator":"@agencia_infra","twitter_site":"@agencia_infra","twitter_misc":{"Escrito por":"Ag\u00eancia iNFRA","Est. tempo de leitura":"1 minuto"},"schema":{"@context":"https:\/\/schema.org","@graph":[{"@type":"Article","@id":"https:\/\/agenciainfra.com\/blog\/ongs-pedem-na-justica-anulacao-de-licenca-para-margem-equatorial\/#article","isPartOf":{"@id":"https:\/\/agenciainfra.com\/blog\/ongs-pedem-na-justica-anulacao-de-licenca-para-margem-equatorial\/"},"author":{"name":"Ag\u00eancia iNFRA","@id":"https:\/\/agenciainfra.com\/blog\/#\/schema\/person\/34af08dff6adea4cb22b06612ba7acfa"},"headline":"ONGs pedem na Justi\u00e7a anula\u00e7\u00e3o de licen\u00e7a para Margem Equatorial","datePublished":"2025-10-23T15:01:34+00:00","dateModified":"2025-10-23T15:01:36+00:00","mainEntityOfPage":{"@id":"https:\/\/agenciainfra.com\/blog\/ongs-pedem-na-justica-anulacao-de-licenca-para-margem-equatorial\/"},"wordCount":256,"publisher":{"@id":"https:\/\/agenciainfra.com\/blog\/#organization"},"image":{"@id":"https:\/\/agenciainfra.com\/blog\/ongs-pedem-na-justica-anulacao-de-licenca-para-margem-equatorial\/#primaryimage"},"thumbnailUrl":"https:\/\/agenciainfra.com\/blog\/wp-content\/uploads\/2025\/05\/fachada-ibama-foto-divulgacao.png","keywords":["foz do amazonas","Ibama","justi\u00e7a","Licenciamento ambiental","margem equatorial","Petrobras"],"articleSection":["Giro iNFRA"],"inLanguage":"pt-BR","copyrightYear":"2025","copyrightHolder":{"@id":"https:\/\/agenciainfra.com\/blog\/#organization"}},{"@type":"WebPage","@id":"https:\/\/agenciainfra.com\/blog\/ongs-pedem-na-justica-anulacao-de-licenca-para-margem-equatorial\/","url":"https:\/\/agenciainfra.com\/blog\/ongs-pedem-na-justica-anulacao-de-licenca-para-margem-equatorial\/","name":"ONGs pedem na Justi\u00e7a anula\u00e7\u00e3o de licen\u00e7a da Margem Equatorial","isPartOf":{"@id":"https:\/\/agenciainfra.com\/blog\/#website"},"primaryImageOfPage":{"@id":"https:\/\/agenciainfra.com\/blog\/ongs-pedem-na-justica-anulacao-de-licenca-para-margem-equatorial\/#primaryimage"},"image":{"@id":"https:\/\/agenciainfra.com\/blog\/ongs-pedem-na-justica-anulacao-de-licenca-para-margem-equatorial\/#primaryimage"},"thumbnailUrl":"https:\/\/agenciainfra.com\/blog\/wp-content\/uploads\/2025\/05\/fachada-ibama-foto-divulgacao.png","datePublished":"2025-10-23T15:01:34+00:00","dateModified":"2025-10-23T15:01:36+00:00","description":"Na a\u00e7\u00e3o, entidades pedem liminar para suspender imediatamente as atividades de perfura\u00e7\u00e3o, \u201csob risco de danos irrevers\u00edveis ao meio ambiente\u201d","breadcrumb":{"@id":"https:\/\/agenciainfra.com\/blog\/ongs-pedem-na-justica-anulacao-de-licenca-para-margem-equatorial\/#breadcrumb"},"inLanguage":"pt-BR","potentialAction":[{"@type":"ReadAction","target":["https:\/\/agenciainfra.com\/blog\/ongs-pedem-na-justica-anulacao-de-licenca-para-margem-equatorial\/"]}]},{"@type":"ImageObject","inLanguage":"pt-BR","@id":"https:\/\/agenciainfra.com\/blog\/ongs-pedem-na-justica-anulacao-de-licenca-para-margem-equatorial\/#primaryimage","url":"https:\/\/agenciainfra.com\/blog\/wp-content\/uploads\/2025\/05\/fachada-ibama-foto-divulgacao.png","contentUrl":"https:\/\/agenciainfra.com\/blog\/wp-content\/uploads\/2025\/05\/fachada-ibama-foto-divulgacao.png","width":1280,"height":859,"caption":"Foto: Ibama"},{"@type":"BreadcrumbList","@id":"https:\/\/agenciainfra.com\/blog\/ongs-pedem-na-justica-anulacao-de-licenca-para-margem-equatorial\/#breadcrumb","itemListElement":[{"@type":"ListItem","position":1,"name":"In\u00edcio","item":"https:\/\/agenciainfra.com\/blog\/"},{"@type":"ListItem","position":2,"name":"ONGs pedem na Justi\u00e7a anula\u00e7\u00e3o de licen\u00e7a para Margem Equatorial"}]},{"@type":"WebSite","@id":"https:\/\/agenciainfra.com\/blog\/#website","url":"https:\/\/agenciainfra.com\/blog\/","name":"Ag\u00eancia iNFRA","description":"Multiplataforma de informa\u00e7\u00e3o jornal\u00edstica refer\u00eancia na \u00e1rea de infraestrutura no Brasil!","publisher":{"@id":"https:\/\/agenciainfra.com\/blog\/#organization"},"potentialAction":[{"@type":"SearchAction","target":{"@type":"EntryPoint","urlTemplate":"https:\/\/agenciainfra.com\/blog\/?s={search_term_string}"},"query-input":{"@type":"PropertyValueSpecification","valueRequired":true,"valueName":"search_term_string"}}],"inLanguage":"pt-BR"},{"@type":"Organization","@id":"https:\/\/agenciainfra.com\/blog\/#organization","name":"Ag\u00eancia iNFRA","url":"https:\/\/agenciainfra.com\/blog\/","logo":{"@type":"ImageObject","inLanguage":"pt-BR","@id":"https:\/\/agenciainfra.com\/blog\/#\/schema\/logo\/image\/","url":"https:\/\/agenciainfra.com\/blog\/wp-content\/uploads\/2023\/09\/iNFRA_5-e1761735885940.png","contentUrl":"https:\/\/agenciainfra.com\/blog\/wp-content\/uploads\/2023\/09\/iNFRA_5-e1761735885940.png","width":1672,"height":454,"caption":"Ag\u00eancia iNFRA"},"image":{"@id":"https:\/\/agenciainfra.com\/blog\/#\/schema\/logo\/image\/"},"sameAs":["https:\/\/www.facebook.com\/ageninfra","https:\/\/x.com\/agencia_infra","https:\/\/www.linkedin.com\/company\/ag\u00eanciainfra\/","https:\/\/www.instagram.com\/agenciainfra\/"]},{"@type":"Person","@id":"https:\/\/agenciainfra.com\/blog\/#\/schema\/person\/34af08dff6adea4cb22b06612ba7acfa","name":"Ag\u00eancia iNFRA","image":{"@type":"ImageObject","inLanguage":"pt-BR","@id":"https:\/\/agenciainfra.com\/blog\/#\/schema\/person\/image\/","url":"https:\/\/secure.gravatar.com\/avatar\/d189e01678f06d8eb84d4e01f08eb848b3fffe3f8443818d3c356c66892f5be8?s=96&d=mm&r=g","contentUrl":"https:\/\/secure.gravatar.com\/avatar\/d189e01678f06d8eb84d4e01f08eb848b3fffe3f8443818d3c356c66892f5be8?s=96&d=mm&r=g","caption":"Ag\u00eancia iNFRA"},"url":"https:\/\/agenciainfra.com\/blog\/author\/admin\/"}]}},"_links":{"self":[{"href":"https:\/\/agenciainfra.com\/blog\/wp-json\/wp\/v2\/posts\/30499","targetHints":{"allow":["GET"]}}],"collection":[{"href":"https:\/\/agenciainfra.com\/blog\/wp-json\/wp\/v2\/posts"}],"about":[{"href":"https:\/\/agenciainfra.com\/blog\/wp-json\/wp\/v2\/types\/post"}],"author":[{"embeddable":true,"href":"https:\/\/agenciainfra.com\/blog\/wp-json\/wp\/v2\/users\/1"}],"replies":[{"embeddable":true,"href":"https:\/\/agenciainfra.com\/blog\/wp-json\/wp\/v2\/comments?post=30499"}],"version-history":[{"count":1,"href":"https:\/\/agenciainfra.com\/blog\/wp-json\/wp\/v2\/posts\/30499\/revisions"}],"predecessor-version":[{"id":30500,"href":"https:\/\/agenciainfra.com\/blog\/wp-json\/wp\/v2\/posts\/30499\/revisions\/30500"}],"wp:featuredmedia":[{"embeddable":true,"href":"https:\/\/agenciainfra.com\/blog\/wp-json\/wp\/v2\/media\/21881"}],"wp:attachment":[{"href":"https:\/\/agenciainfra.com\/blog\/wp-json\/wp\/v2\/media?parent=30499"}],"wp:term":[{"taxonomy":"category","embeddable":true,"href":"https:\/\/agenciainfra.com\/blog\/wp-json\/wp\/v2\/categories?post=30499"},{"taxonomy":"post_tag","embeddable":true,"href":"https:\/\/agenciainfra.com\/blog\/wp-json\/wp\/v2\/tags?post=30499"}],"curies":[{"name":"wp","href":"https:\/\/api.w.org\/{rel}","templated":true}]}}