{"id":3050,"date":"2019-04-02T05:05:13","date_gmt":"2019-04-02T08:05:13","guid":{"rendered":"http:\/\/www.agenciainfra.com\/blog\/?p=3050"},"modified":"2019-04-02T05:03:31","modified_gmt":"2019-04-02T08:03:31","slug":"governo-ve-medida-provisoria-como-solucao-para-a-divida-de-hidreletricas","status":"publish","type":"post","link":"https:\/\/agenciainfra.com\/blog\/governo-ve-medida-provisoria-como-solucao-para-a-divida-de-hidreletricas\/","title":{"rendered":"Governo v\u00ea medida provis\u00f3ria como solu\u00e7\u00e3o para a d\u00edvida de hidrel\u00e9tricas"},"content":{"rendered":"<h5 style=\"text-align: right;\"><strong>Leila Coimbra,\u00a0da Ag\u00eancia iNFRA<\/strong><\/h5>\n<p>O governo federal mudou de estrat\u00e9gia para solucionar a d\u00edvida de R$ 7 bilh\u00f5es no mercado de curto prazo de energia. Antes, contava com a aprova\u00e7\u00e3o pelos deputados do PL (projeto de lei) 10.985\/18 \u2013 que j\u00e1 teve aval dos senadores. O projeto chegou a ser pautado quatro vezes pelo presidente da C\u00e2mara, Rodrigo Maia (DEM-RJ), neste ano, mas nunca foi apreciado.<\/p>\n<p>Considerada a prioridade n\u00famero 1 pelo ministro de Minas e Energia, Bento Albuquerque, a solu\u00e7\u00e3o para o problema do GSF (sigla em ingl\u00eas para o risco hidrol\u00f3gico) conta agora com uma nova estrat\u00e9gia legal: a aprova\u00e7\u00e3o do relat\u00f3rio da MP (medida provis\u00f3ria) 855, previsto para ser votado na comiss\u00e3o mista especial no Congresso Nacional nesta ter\u00e7a (2).<\/p>\n<p>Com o arrefecimento das rela\u00e7\u00f5es entre o presidente da C\u00e2mara e o presidente da Rep\u00fablica, Jair Bolsonaro, o MME preferiu contar com uma outra estrat\u00e9gia para a resolu\u00e7\u00e3o do impasse no setor el\u00e9trico, que n\u00e3o dependesse diretamente da boa vontade de Rodrigo Maia, na vis\u00e3o dos articuladores das pol\u00edticas federais.<\/p>\n<p><strong>Vale at\u00e9 23 de abril<\/strong><br \/>\nA MP 855, que tramita em comiss\u00e3o mista, ter\u00e1 seu relat\u00f3rio apresentado hoje (2), pelo deputado \u00c9dio Lopes (PR-RR). Foram apresentadas 40 emendas parlamentares \u00e0 medida provis\u00f3ria.<\/p>\n<p>A principal delas, proposta pelo deputado Arnaldo Jardim \u2013 eleito pelo estado de S\u00e3o Paulo pelo antigo partido PPS, agora renomeado Cidadania \u2013 prev\u00ea a prorroga\u00e7\u00e3o das concess\u00f5es das hidrel\u00e9tricas com d\u00edvidas do GSF por at\u00e9 por sete anos, como b\u00f4nus pela falta de \u00e1gua nos reservat\u00f3rios para produzir energia.<\/p>\n<p>A MP 855 foi editada na legislatura passada, em 14 de novembro de 2018, para garantir recursos de fundos setoriais \u00e0s distribuidoras da Eletrobras, que estavam em processo de privatiza\u00e7\u00e3o \u2013\u00a0em especial a Amazonas Energia. Todas as seis subsidi\u00e1rias de distribui\u00e7\u00e3o da Eletrobras foram vendidas.<\/p>\n<p>A medida provis\u00f3ria tem validade at\u00e9 23 de abril pr\u00f3ximo. Nesta data, se n\u00e3o tiver sido aprovada nem pelo plen\u00e1rio da C\u00e2mara nem pelo Senado, perder\u00e1 a validade.<\/p>\n<p><strong>Similar \u00e0 MP 814<\/strong><br \/>\nCaso parecido ocorreu com a medida provis\u00f3ria 814, de 2018. A MP 814 tamb\u00e9m previa originalmente recursos para as distribuidoras da Eletrobras, que na \u00e9poca estavam em processo de privatiza\u00e7\u00e3o, e teve seu relat\u00f3rio elaborado na comiss\u00e3o especial pelo deputado Julio Lopes (PP-RJ), que n\u00e3o foi reeleito.<\/p>\n<p>O texto de Lopes acatou v\u00e1rias emendas parlamentares, mas no fim n\u00e3o foi aprovado nem pela C\u00e2mara nem pelo Senado, e perdeu a sua validade em 1\u00ba de junho de 2018.<\/p>\n<p>A MP 855 determina que as distribuidoras da Eletrobras, em especial a Amazonas Energia, recebam at\u00e9 R$ 3 bilh\u00f5es para cobrir despesas com combust\u00edvel comprado junto \u00e0 Petrobras usado na gera\u00e7\u00e3o de energia el\u00e9trica \u00a0\u2013 entre 1\u00ba de julho de 2017 at\u00e9 a data da transfer\u00eancia do controle acion\u00e1rio para o novo operador.<\/p>\n<p>O dinheiro, oriundo de fundos do setor energ\u00e9tico, de acordo com as regras, seria repassado em 60 parcelas para o concession\u00e1rio que arrematasse as distribuidoras.<\/p>\n<p>A MP estabeleceu car\u00eancia de cinco anos para a nova concession\u00e1ria cumprir requisitos de efici\u00eancia econ\u00f4mica e energ\u00e9tica estabelecidos pela ANEEL (Ag\u00eancia Nacional de Energia El\u00e9trica). A MP aborda ainda a permiss\u00e3o para troca de contrato entre termel\u00e9tricas de um mesmo propriet\u00e1rio e o custo de transporte em gasodutos.<\/p>\n","protected":false},"excerpt":{"rendered":"<p>Leila Coimbra,\u00a0da Ag\u00eancia iNFRA O governo federal mudou de estrat\u00e9gia para solucionar a d\u00edvida de R$ 7 bilh\u00f5es no mercado de curto prazo de energia. Antes, contava com a aprova\u00e7\u00e3o pelos deputados do PL (projeto de lei) 10.985\/18 \u2013 que j\u00e1 teve aval dos senadores. O projeto chegou a ser pautado quatro vezes pelo presidente [&hellip;]<\/p>\n","protected":false},"author":9,"featured_media":1935,"comment_status":"closed","ping_status":"open","sticky":false,"template":"","format":"standard","meta":{"_monsterinsights_skip_tracking":false,"_monsterinsights_sitenote_active":false,"_monsterinsights_sitenote_note":"","_monsterinsights_sitenote_category":0,"footnotes":""},"categories":[10],"tags":[888,887,348,635,519,886,193],"class_list":["post-3050","post","type-post","status-publish","format-standard","has-post-thumbnail","hentry","category-infraenergia","tag-arnaldo-jardim","tag-edio-lopes","tag-gsf","tag-hidreletricas","tag-minas-e-energia","tag-mp-855","tag-risco-hidrologico"],"yoast_head":"<!-- This site is optimized with the Yoast SEO Premium plugin v25.4 (Yoast SEO v26.0) - https:\/\/yoast.com\/wordpress\/plugins\/seo\/ -->\n<title>Governo v\u00ea medida provis\u00f3ria como solu\u00e7\u00e3o para a d\u00edvida de hidrel\u00e9tricas - Ag\u00eancia iNFRA<\/title>\n<meta name=\"robots\" content=\"index, follow, max-snippet:-1, max-image-preview:large, max-video-preview:-1\" \/>\n<link rel=\"canonical\" href=\"https:\/\/agenciainfra.com\/blog\/governo-ve-medida-provisoria-como-solucao-para-a-divida-de-hidreletricas\/\" \/>\n<meta property=\"og:locale\" content=\"pt_BR\" \/>\n<meta property=\"og:type\" content=\"article\" \/>\n<meta property=\"og:title\" content=\"Governo v\u00ea medida provis\u00f3ria como solu\u00e7\u00e3o para a d\u00edvida de hidrel\u00e9tricas\" \/>\n<meta property=\"og:description\" content=\"Leila Coimbra,\u00a0da Ag\u00eancia iNFRA O governo federal mudou de estrat\u00e9gia para solucionar a d\u00edvida de R$ 7 bilh\u00f5es no mercado de curto prazo de energia. Antes, contava com a aprova\u00e7\u00e3o pelos deputados do PL (projeto de lei) 10.985\/18 \u2013 que j\u00e1 teve aval dos senadores. O projeto chegou a ser pautado quatro vezes pelo presidente [&hellip;]\" \/>\n<meta property=\"og:url\" content=\"https:\/\/agenciainfra.com\/blog\/governo-ve-medida-provisoria-como-solucao-para-a-divida-de-hidreletricas\/\" \/>\n<meta property=\"og:site_name\" content=\"Ag\u00eancia iNFRA\" \/>\n<meta property=\"article:publisher\" content=\"https:\/\/www.facebook.com\/ageninfra\" \/>\n<meta property=\"article:published_time\" content=\"2019-04-02T08:05:13+00:00\" \/>\n<meta property=\"og:image\" content=\"https:\/\/agenciainfra.com\/blog\/wp-content\/uploads\/2018\/06\/Energia-UHE-Furnas-2007-Igor-Pessoa-Furnas-e1709738850776.jpg\" \/>\n\t<meta property=\"og:image:width\" content=\"1203\" \/>\n\t<meta property=\"og:image:height\" content=\"794\" \/>\n\t<meta property=\"og:image:type\" content=\"image\/jpeg\" \/>\n<meta name=\"author\" content=\"Rodrigo Zuquim\" \/>\n<meta name=\"twitter:card\" content=\"summary_large_image\" \/>\n<meta name=\"twitter:creator\" content=\"@agencia_infra\" \/>\n<meta name=\"twitter:site\" content=\"@agencia_infra\" \/>\n<meta name=\"twitter:label1\" content=\"Escrito por\" \/>\n\t<meta name=\"twitter:data1\" content=\"Rodrigo Zuquim\" \/>\n\t<meta name=\"twitter:label2\" content=\"Est. tempo de leitura\" \/>\n\t<meta name=\"twitter:data2\" content=\"3 minutos\" \/>\n<script type=\"application\/ld+json\" class=\"yoast-schema-graph\">{\"@context\":\"https:\/\/schema.org\",\"@graph\":[{\"@type\":\"Article\",\"@id\":\"https:\/\/agenciainfra.com\/blog\/governo-ve-medida-provisoria-como-solucao-para-a-divida-de-hidreletricas\/#article\",\"isPartOf\":{\"@id\":\"https:\/\/agenciainfra.com\/blog\/governo-ve-medida-provisoria-como-solucao-para-a-divida-de-hidreletricas\/\"},\"author\":{\"name\":\"Rodrigo Zuquim\",\"@id\":\"https:\/\/agenciainfra.com\/blog\/#\/schema\/person\/04dbb79bd6d8951f063da71f3e4c1eb1\"},\"headline\":\"Governo v\u00ea medida provis\u00f3ria como solu\u00e7\u00e3o para a d\u00edvida de hidrel\u00e9tricas\",\"datePublished\":\"2019-04-02T08:05:13+00:00\",\"mainEntityOfPage\":{\"@id\":\"https:\/\/agenciainfra.com\/blog\/governo-ve-medida-provisoria-como-solucao-para-a-divida-de-hidreletricas\/\"},\"wordCount\":592,\"publisher\":{\"@id\":\"https:\/\/agenciainfra.com\/blog\/#organization\"},\"image\":{\"@id\":\"https:\/\/agenciainfra.com\/blog\/governo-ve-medida-provisoria-como-solucao-para-a-divida-de-hidreletricas\/#primaryimage\"},\"thumbnailUrl\":\"https:\/\/agenciainfra.com\/blog\/wp-content\/uploads\/2018\/06\/Energia-UHE-Furnas-2007-Igor-Pessoa-Furnas-e1709738850776.jpg\",\"keywords\":[\"Arnaldo Jardim\",\"\u00c9dio Lopes\",\"GSF\",\"Hidrel\u00e9tricas\",\"Minas e Energia\",\"MP 855\",\"risco hidrol\u00f3gico\"],\"articleSection\":[\"iNFRAEnergia\"],\"inLanguage\":\"pt-BR\",\"copyrightYear\":\"2019\",\"copyrightHolder\":{\"@id\":\"https:\/\/agenciainfra.com\/blog\/#organization\"}},{\"@type\":\"WebPage\",\"@id\":\"https:\/\/agenciainfra.com\/blog\/governo-ve-medida-provisoria-como-solucao-para-a-divida-de-hidreletricas\/\",\"url\":\"https:\/\/agenciainfra.com\/blog\/governo-ve-medida-provisoria-como-solucao-para-a-divida-de-hidreletricas\/\",\"name\":\"Governo v\u00ea medida provis\u00f3ria como solu\u00e7\u00e3o para a d\u00edvida de hidrel\u00e9tricas - Ag\u00eancia iNFRA\",\"isPartOf\":{\"@id\":\"https:\/\/agenciainfra.com\/blog\/#website\"},\"primaryImageOfPage\":{\"@id\":\"https:\/\/agenciainfra.com\/blog\/governo-ve-medida-provisoria-como-solucao-para-a-divida-de-hidreletricas\/#primaryimage\"},\"image\":{\"@id\":\"https:\/\/agenciainfra.com\/blog\/governo-ve-medida-provisoria-como-solucao-para-a-divida-de-hidreletricas\/#primaryimage\"},\"thumbnailUrl\":\"https:\/\/agenciainfra.com\/blog\/wp-content\/uploads\/2018\/06\/Energia-UHE-Furnas-2007-Igor-Pessoa-Furnas-e1709738850776.jpg\",\"datePublished\":\"2019-04-02T08:05:13+00:00\",\"breadcrumb\":{\"@id\":\"https:\/\/agenciainfra.com\/blog\/governo-ve-medida-provisoria-como-solucao-para-a-divida-de-hidreletricas\/#breadcrumb\"},\"inLanguage\":\"pt-BR\",\"potentialAction\":[{\"@type\":\"ReadAction\",\"target\":[\"https:\/\/agenciainfra.com\/blog\/governo-ve-medida-provisoria-como-solucao-para-a-divida-de-hidreletricas\/\"]}]},{\"@type\":\"ImageObject\",\"inLanguage\":\"pt-BR\",\"@id\":\"https:\/\/agenciainfra.com\/blog\/governo-ve-medida-provisoria-como-solucao-para-a-divida-de-hidreletricas\/#primaryimage\",\"url\":\"https:\/\/agenciainfra.com\/blog\/wp-content\/uploads\/2018\/06\/Energia-UHE-Furnas-2007-Igor-Pessoa-Furnas-e1709738850776.jpg\",\"contentUrl\":\"https:\/\/agenciainfra.com\/blog\/wp-content\/uploads\/2018\/06\/Energia-UHE-Furnas-2007-Igor-Pessoa-Furnas-e1709738850776.jpg\",\"width\":1203,\"height\":794,\"caption\":\"Foto: Igor Pessoa\/Furnas\"},{\"@type\":\"BreadcrumbList\",\"@id\":\"https:\/\/agenciainfra.com\/blog\/governo-ve-medida-provisoria-como-solucao-para-a-divida-de-hidreletricas\/#breadcrumb\",\"itemListElement\":[{\"@type\":\"ListItem\",\"position\":1,\"name\":\"In\u00edcio\",\"item\":\"https:\/\/agenciainfra.com\/blog\/\"},{\"@type\":\"ListItem\",\"position\":2,\"name\":\"Governo v\u00ea medida provis\u00f3ria como solu\u00e7\u00e3o para a d\u00edvida de hidrel\u00e9tricas\"}]},{\"@type\":\"WebSite\",\"@id\":\"https:\/\/agenciainfra.com\/blog\/#website\",\"url\":\"https:\/\/agenciainfra.com\/blog\/\",\"name\":\"Ag\u00eancia iNFRA\",\"description\":\"Multiplataforma de informa\u00e7\u00e3o jornal\u00edstica refer\u00eancia na \u00e1rea de infraestrutura no Brasil!\",\"publisher\":{\"@id\":\"https:\/\/agenciainfra.com\/blog\/#organization\"},\"potentialAction\":[{\"@type\":\"SearchAction\",\"target\":{\"@type\":\"EntryPoint\",\"urlTemplate\":\"https:\/\/agenciainfra.com\/blog\/?s={search_term_string}\"},\"query-input\":{\"@type\":\"PropertyValueSpecification\",\"valueRequired\":true,\"valueName\":\"search_term_string\"}}],\"inLanguage\":\"pt-BR\"},{\"@type\":\"Organization\",\"@id\":\"https:\/\/agenciainfra.com\/blog\/#organization\",\"name\":\"Ag\u00eancia iNFRA\",\"url\":\"https:\/\/agenciainfra.com\/blog\/\",\"logo\":{\"@type\":\"ImageObject\",\"inLanguage\":\"pt-BR\",\"@id\":\"https:\/\/agenciainfra.com\/blog\/#\/schema\/logo\/image\/\",\"url\":\"https:\/\/agenciainfra.com\/blog\/wp-content\/uploads\/2023\/09\/iNFRA_5-e1761735885940.png\",\"contentUrl\":\"https:\/\/agenciainfra.com\/blog\/wp-content\/uploads\/2023\/09\/iNFRA_5-e1761735885940.png\",\"width\":1672,\"height\":454,\"caption\":\"Ag\u00eancia iNFRA\"},\"image\":{\"@id\":\"https:\/\/agenciainfra.com\/blog\/#\/schema\/logo\/image\/\"},\"sameAs\":[\"https:\/\/www.facebook.com\/ageninfra\",\"https:\/\/x.com\/agencia_infra\",\"https:\/\/www.linkedin.com\/company\/ag\u00eanciainfra\/\",\"https:\/\/www.instagram.com\/agenciainfra\/\"]},{\"@type\":\"Person\",\"@id\":\"https:\/\/agenciainfra.com\/blog\/#\/schema\/person\/04dbb79bd6d8951f063da71f3e4c1eb1\",\"name\":\"Rodrigo Zuquim\",\"image\":{\"@type\":\"ImageObject\",\"inLanguage\":\"pt-BR\",\"@id\":\"https:\/\/agenciainfra.com\/blog\/#\/schema\/person\/image\/\",\"url\":\"https:\/\/secure.gravatar.com\/avatar\/594abfe82761d620726242ff34ca472a705a4b97f16c790053a6b4c4035274d0?s=96&d=mm&r=g\",\"contentUrl\":\"https:\/\/secure.gravatar.com\/avatar\/594abfe82761d620726242ff34ca472a705a4b97f16c790053a6b4c4035274d0?s=96&d=mm&r=g\",\"caption\":\"Rodrigo Zuquim\"},\"url\":\"https:\/\/agenciainfra.com\/blog\/author\/rodrigo-zuquim\/\"}]}<\/script>\n<!-- \/ Yoast SEO Premium plugin. -->","yoast_head_json":{"title":"Governo v\u00ea medida provis\u00f3ria como solu\u00e7\u00e3o para a d\u00edvida de hidrel\u00e9tricas - Ag\u00eancia iNFRA","robots":{"index":"index","follow":"follow","max-snippet":"max-snippet:-1","max-image-preview":"max-image-preview:large","max-video-preview":"max-video-preview:-1"},"canonical":"https:\/\/agenciainfra.com\/blog\/governo-ve-medida-provisoria-como-solucao-para-a-divida-de-hidreletricas\/","og_locale":"pt_BR","og_type":"article","og_title":"Governo v\u00ea medida provis\u00f3ria como solu\u00e7\u00e3o para a d\u00edvida de hidrel\u00e9tricas","og_description":"Leila Coimbra,\u00a0da Ag\u00eancia iNFRA O governo federal mudou de estrat\u00e9gia para solucionar a d\u00edvida de R$ 7 bilh\u00f5es no mercado de curto prazo de energia. Antes, contava com a aprova\u00e7\u00e3o pelos deputados do PL (projeto de lei) 10.985\/18 \u2013 que j\u00e1 teve aval dos senadores. O projeto chegou a ser pautado quatro vezes pelo presidente [&hellip;]","og_url":"https:\/\/agenciainfra.com\/blog\/governo-ve-medida-provisoria-como-solucao-para-a-divida-de-hidreletricas\/","og_site_name":"Ag\u00eancia iNFRA","article_publisher":"https:\/\/www.facebook.com\/ageninfra","article_published_time":"2019-04-02T08:05:13+00:00","og_image":[{"width":1203,"height":794,"url":"https:\/\/agenciainfra.com\/blog\/wp-content\/uploads\/2018\/06\/Energia-UHE-Furnas-2007-Igor-Pessoa-Furnas-e1709738850776.jpg","type":"image\/jpeg"}],"author":"Rodrigo Zuquim","twitter_card":"summary_large_image","twitter_creator":"@agencia_infra","twitter_site":"@agencia_infra","twitter_misc":{"Escrito por":"Rodrigo Zuquim","Est. tempo de leitura":"3 minutos"},"schema":{"@context":"https:\/\/schema.org","@graph":[{"@type":"Article","@id":"https:\/\/agenciainfra.com\/blog\/governo-ve-medida-provisoria-como-solucao-para-a-divida-de-hidreletricas\/#article","isPartOf":{"@id":"https:\/\/agenciainfra.com\/blog\/governo-ve-medida-provisoria-como-solucao-para-a-divida-de-hidreletricas\/"},"author":{"name":"Rodrigo Zuquim","@id":"https:\/\/agenciainfra.com\/blog\/#\/schema\/person\/04dbb79bd6d8951f063da71f3e4c1eb1"},"headline":"Governo v\u00ea medida provis\u00f3ria como solu\u00e7\u00e3o para a d\u00edvida de hidrel\u00e9tricas","datePublished":"2019-04-02T08:05:13+00:00","mainEntityOfPage":{"@id":"https:\/\/agenciainfra.com\/blog\/governo-ve-medida-provisoria-como-solucao-para-a-divida-de-hidreletricas\/"},"wordCount":592,"publisher":{"@id":"https:\/\/agenciainfra.com\/blog\/#organization"},"image":{"@id":"https:\/\/agenciainfra.com\/blog\/governo-ve-medida-provisoria-como-solucao-para-a-divida-de-hidreletricas\/#primaryimage"},"thumbnailUrl":"https:\/\/agenciainfra.com\/blog\/wp-content\/uploads\/2018\/06\/Energia-UHE-Furnas-2007-Igor-Pessoa-Furnas-e1709738850776.jpg","keywords":["Arnaldo Jardim","\u00c9dio Lopes","GSF","Hidrel\u00e9tricas","Minas e Energia","MP 855","risco hidrol\u00f3gico"],"articleSection":["iNFRAEnergia"],"inLanguage":"pt-BR","copyrightYear":"2019","copyrightHolder":{"@id":"https:\/\/agenciainfra.com\/blog\/#organization"}},{"@type":"WebPage","@id":"https:\/\/agenciainfra.com\/blog\/governo-ve-medida-provisoria-como-solucao-para-a-divida-de-hidreletricas\/","url":"https:\/\/agenciainfra.com\/blog\/governo-ve-medida-provisoria-como-solucao-para-a-divida-de-hidreletricas\/","name":"Governo v\u00ea medida provis\u00f3ria como solu\u00e7\u00e3o para a d\u00edvida de hidrel\u00e9tricas - Ag\u00eancia iNFRA","isPartOf":{"@id":"https:\/\/agenciainfra.com\/blog\/#website"},"primaryImageOfPage":{"@id":"https:\/\/agenciainfra.com\/blog\/governo-ve-medida-provisoria-como-solucao-para-a-divida-de-hidreletricas\/#primaryimage"},"image":{"@id":"https:\/\/agenciainfra.com\/blog\/governo-ve-medida-provisoria-como-solucao-para-a-divida-de-hidreletricas\/#primaryimage"},"thumbnailUrl":"https:\/\/agenciainfra.com\/blog\/wp-content\/uploads\/2018\/06\/Energia-UHE-Furnas-2007-Igor-Pessoa-Furnas-e1709738850776.jpg","datePublished":"2019-04-02T08:05:13+00:00","breadcrumb":{"@id":"https:\/\/agenciainfra.com\/blog\/governo-ve-medida-provisoria-como-solucao-para-a-divida-de-hidreletricas\/#breadcrumb"},"inLanguage":"pt-BR","potentialAction":[{"@type":"ReadAction","target":["https:\/\/agenciainfra.com\/blog\/governo-ve-medida-provisoria-como-solucao-para-a-divida-de-hidreletricas\/"]}]},{"@type":"ImageObject","inLanguage":"pt-BR","@id":"https:\/\/agenciainfra.com\/blog\/governo-ve-medida-provisoria-como-solucao-para-a-divida-de-hidreletricas\/#primaryimage","url":"https:\/\/agenciainfra.com\/blog\/wp-content\/uploads\/2018\/06\/Energia-UHE-Furnas-2007-Igor-Pessoa-Furnas-e1709738850776.jpg","contentUrl":"https:\/\/agenciainfra.com\/blog\/wp-content\/uploads\/2018\/06\/Energia-UHE-Furnas-2007-Igor-Pessoa-Furnas-e1709738850776.jpg","width":1203,"height":794,"caption":"Foto: Igor Pessoa\/Furnas"},{"@type":"BreadcrumbList","@id":"https:\/\/agenciainfra.com\/blog\/governo-ve-medida-provisoria-como-solucao-para-a-divida-de-hidreletricas\/#breadcrumb","itemListElement":[{"@type":"ListItem","position":1,"name":"In\u00edcio","item":"https:\/\/agenciainfra.com\/blog\/"},{"@type":"ListItem","position":2,"name":"Governo v\u00ea medida provis\u00f3ria como solu\u00e7\u00e3o para a d\u00edvida de hidrel\u00e9tricas"}]},{"@type":"WebSite","@id":"https:\/\/agenciainfra.com\/blog\/#website","url":"https:\/\/agenciainfra.com\/blog\/","name":"Ag\u00eancia iNFRA","description":"Multiplataforma de informa\u00e7\u00e3o jornal\u00edstica refer\u00eancia na \u00e1rea de infraestrutura no Brasil!","publisher":{"@id":"https:\/\/agenciainfra.com\/blog\/#organization"},"potentialAction":[{"@type":"SearchAction","target":{"@type":"EntryPoint","urlTemplate":"https:\/\/agenciainfra.com\/blog\/?s={search_term_string}"},"query-input":{"@type":"PropertyValueSpecification","valueRequired":true,"valueName":"search_term_string"}}],"inLanguage":"pt-BR"},{"@type":"Organization","@id":"https:\/\/agenciainfra.com\/blog\/#organization","name":"Ag\u00eancia iNFRA","url":"https:\/\/agenciainfra.com\/blog\/","logo":{"@type":"ImageObject","inLanguage":"pt-BR","@id":"https:\/\/agenciainfra.com\/blog\/#\/schema\/logo\/image\/","url":"https:\/\/agenciainfra.com\/blog\/wp-content\/uploads\/2023\/09\/iNFRA_5-e1761735885940.png","contentUrl":"https:\/\/agenciainfra.com\/blog\/wp-content\/uploads\/2023\/09\/iNFRA_5-e1761735885940.png","width":1672,"height":454,"caption":"Ag\u00eancia iNFRA"},"image":{"@id":"https:\/\/agenciainfra.com\/blog\/#\/schema\/logo\/image\/"},"sameAs":["https:\/\/www.facebook.com\/ageninfra","https:\/\/x.com\/agencia_infra","https:\/\/www.linkedin.com\/company\/ag\u00eanciainfra\/","https:\/\/www.instagram.com\/agenciainfra\/"]},{"@type":"Person","@id":"https:\/\/agenciainfra.com\/blog\/#\/schema\/person\/04dbb79bd6d8951f063da71f3e4c1eb1","name":"Rodrigo Zuquim","image":{"@type":"ImageObject","inLanguage":"pt-BR","@id":"https:\/\/agenciainfra.com\/blog\/#\/schema\/person\/image\/","url":"https:\/\/secure.gravatar.com\/avatar\/594abfe82761d620726242ff34ca472a705a4b97f16c790053a6b4c4035274d0?s=96&d=mm&r=g","contentUrl":"https:\/\/secure.gravatar.com\/avatar\/594abfe82761d620726242ff34ca472a705a4b97f16c790053a6b4c4035274d0?s=96&d=mm&r=g","caption":"Rodrigo Zuquim"},"url":"https:\/\/agenciainfra.com\/blog\/author\/rodrigo-zuquim\/"}]}},"_links":{"self":[{"href":"https:\/\/agenciainfra.com\/blog\/wp-json\/wp\/v2\/posts\/3050","targetHints":{"allow":["GET"]}}],"collection":[{"href":"https:\/\/agenciainfra.com\/blog\/wp-json\/wp\/v2\/posts"}],"about":[{"href":"https:\/\/agenciainfra.com\/blog\/wp-json\/wp\/v2\/types\/post"}],"author":[{"embeddable":true,"href":"https:\/\/agenciainfra.com\/blog\/wp-json\/wp\/v2\/users\/9"}],"replies":[{"embeddable":true,"href":"https:\/\/agenciainfra.com\/blog\/wp-json\/wp\/v2\/comments?post=3050"}],"version-history":[{"count":0,"href":"https:\/\/agenciainfra.com\/blog\/wp-json\/wp\/v2\/posts\/3050\/revisions"}],"wp:featuredmedia":[{"embeddable":true,"href":"https:\/\/agenciainfra.com\/blog\/wp-json\/wp\/v2\/media\/1935"}],"wp:attachment":[{"href":"https:\/\/agenciainfra.com\/blog\/wp-json\/wp\/v2\/media?parent=3050"}],"wp:term":[{"taxonomy":"category","embeddable":true,"href":"https:\/\/agenciainfra.com\/blog\/wp-json\/wp\/v2\/categories?post=3050"},{"taxonomy":"post_tag","embeddable":true,"href":"https:\/\/agenciainfra.com\/blog\/wp-json\/wp\/v2\/tags?post=3050"}],"curies":[{"name":"wp","href":"https:\/\/api.w.org\/{rel}","templated":true}]}}