{"id":30511,"date":"2025-10-23T15:01:47","date_gmt":"2025-10-23T18:01:47","guid":{"rendered":"https:\/\/agenciainfra.com\/blog\/?p=30511"},"modified":"2025-10-23T15:01:49","modified_gmt":"2025-10-23T18:01:49","slug":"programa-gas-do-povo-inicia-credenciamento-de-revendas-de-glp","status":"publish","type":"post","link":"https:\/\/agenciainfra.com\/blog\/programa-gas-do-povo-inicia-credenciamento-de-revendas-de-glp\/","title":{"rendered":"Programa G\u00e1s do Povo inicia credenciamento de revendas de GLP"},"content":{"rendered":"\n<p class=\"has-text-align-right\"><strong>da Ag\u00eancia iNFRA<\/strong><\/p>\n\n\n\n<p>A Caixa Econ\u00f4mica Federal abriu nesta quinta-feira (23) o processo de ades\u00e3o das revendas varejistas de GLP (g\u00e1s liquefeito de petr\u00f3leo) ao programa G\u00e1s do Povo. Segundo o MME (Minist\u00e9rio de Minas e Energia), que coordena a iniciativa juntamente com o MDS (Minist\u00e9rio do Desenvolvimento e Assist\u00eancia Social, Fam\u00edlia e Combate \u00e0 Fome), ser\u00e3o garantidas gratuidade na recarga do botij\u00e3o de g\u00e1s de 13 kg para mais de 15 milh\u00f5es de fam\u00edlias inscritas no Cadastro \u00danico.<\/p>\n\n\n\n<p>As revendas interessadas devem realizar o credenciamento por meio do portal da Caixa, seguindo as orienta\u00e7\u00f5es do <a href=\"https:\/\/www.caixa.gov.br\/empresa\/programa-gas-do-povo\/Paginas\/default.aspx\">Manual Operacional G\u00e1s do Povo<\/a>. A ades\u00e3o \u00e9 volunt\u00e1ria e requer a assinatura do <a href=\"https:\/\/www.gov.br\/mme\/pt-br\/assuntos\/noticias\/programa-gas-do-povo-inicia-adesao-das-revendas-de-glp-em-todo-o-pais\/copy2_of_TERMODEADESAODAREVENDAVAREJISTADEGLPAOAUXILIOGASDOPOVO.pdf\">Termo de Ades\u00e3o<\/a>.&nbsp;<\/p>\n\n\n\n<p>Para participar, as empresas precisam possuir conta corrente jur\u00eddica na Caixa. Os pagamentos pelas recargas ser\u00e3o efetuados diretamente nessa conta, em at\u00e9 dois dias \u00fateis ap\u00f3s a entrega do botij\u00e3o, validada via aplicativo ou pela m\u00e1quina \u201cAzulzinha\u201d, ambos fornecidos pela institui\u00e7\u00e3o banc\u00e1ria. A abertura da conta e o uso do aplicativo ser\u00e3o oferecidos sem custos.<\/p>\n\n\n\n<p>O valor repassado a cada empresa corresponder\u00e1 ao pre\u00e7o de refer\u00eancia do g\u00e1s de cozinha em cada unidade federativa, definido em <a href=\"https:\/\/pesquisa.in.gov.br\/imprensa\/jsp\/visualiza\/index.jsp?jornal=600&amp;pagina=1&amp;data=17\/10\/2025\">Portaria Interministerial MME-MF 2\/2025<\/a>, com base em dados oficiais.<\/p>\n","protected":false},"excerpt":{"rendered":"<p>da Ag\u00eancia iNFRA A Caixa Econ\u00f4mica Federal abriu nesta quinta-feira (23) o processo de ades\u00e3o das revendas varejistas de GLP (g\u00e1s liquefeito de petr\u00f3leo) ao programa G\u00e1s do Povo. Segundo o MME (Minist\u00e9rio de Minas e Energia), que coordena a iniciativa juntamente com o MDS (Minist\u00e9rio do Desenvolvimento e Assist\u00eancia Social, Fam\u00edlia e Combate \u00e0 [&hellip;]<\/p>\n","protected":false},"author":1,"featured_media":25983,"comment_status":"closed","ping_status":"closed","sticky":false,"template":"","format":"standard","meta":{"_monsterinsights_skip_tracking":false,"_monsterinsights_sitenote_active":false,"_monsterinsights_sitenote_note":"","_monsterinsights_sitenote_category":0,"footnotes":""},"categories":[13576],"tags":[783,4163,14976,2032,16411,71,16412],"class_list":["post-30511","post","type-post","status-publish","format-standard","has-post-thumbnail","hentry","category-giro-infra","tag-caixa-economica","tag-gas-de-cozinha","tag-gas-do-povo","tag-glp","tag-mds","tag-mme","tag-revenda-de-glp"],"yoast_head":"<!-- This site is optimized with the Yoast SEO Premium plugin v25.4 (Yoast SEO v26.0) - https:\/\/yoast.com\/wordpress\/plugins\/seo\/ -->\n<title>Programa G\u00e1s do Povo inicia credenciamento de revendas de GLP - Ag\u00eancia iNFRA<\/title>\n<meta name=\"robots\" content=\"index, follow, max-snippet:-1, max-image-preview:large, max-video-preview:-1\" \/>\n<link rel=\"canonical\" href=\"https:\/\/agenciainfra.com\/blog\/programa-gas-do-povo-inicia-credenciamento-de-revendas-de-glp\/\" \/>\n<meta property=\"og:locale\" content=\"pt_BR\" \/>\n<meta property=\"og:type\" content=\"article\" \/>\n<meta property=\"og:title\" content=\"Programa G\u00e1s do Povo inicia credenciamento de revendas de GLP\" \/>\n<meta property=\"og:description\" content=\"da Ag\u00eancia iNFRA A Caixa Econ\u00f4mica Federal abriu nesta quinta-feira (23) o processo de ades\u00e3o das revendas varejistas de GLP (g\u00e1s liquefeito de petr\u00f3leo) ao programa G\u00e1s do Povo. Segundo o MME (Minist\u00e9rio de Minas e Energia), que coordena a iniciativa juntamente com o MDS (Minist\u00e9rio do Desenvolvimento e Assist\u00eancia Social, Fam\u00edlia e Combate \u00e0 [&hellip;]\" \/>\n<meta property=\"og:url\" content=\"https:\/\/agenciainfra.com\/blog\/programa-gas-do-povo-inicia-credenciamento-de-revendas-de-glp\/\" \/>\n<meta property=\"og:site_name\" content=\"Ag\u00eancia iNFRA\" \/>\n<meta property=\"article:publisher\" content=\"https:\/\/www.facebook.com\/ageninfra\" \/>\n<meta property=\"article:published_time\" content=\"2025-10-23T18:01:47+00:00\" \/>\n<meta property=\"article:modified_time\" content=\"2025-10-23T18:01:49+00:00\" \/>\n<meta property=\"og:image\" content=\"https:\/\/agenciainfra.com\/blog\/wp-content\/uploads\/2025\/08\/gas-de-cozinha-glp-foto-dominio-publico-1.png\" \/>\n\t<meta property=\"og:image:width\" content=\"1280\" \/>\n\t<meta property=\"og:image:height\" content=\"658\" \/>\n\t<meta property=\"og:image:type\" content=\"image\/png\" \/>\n<meta name=\"author\" content=\"Ag\u00eancia iNFRA\" \/>\n<meta name=\"twitter:card\" content=\"summary_large_image\" \/>\n<meta name=\"twitter:creator\" content=\"@agencia_infra\" \/>\n<meta name=\"twitter:site\" content=\"@agencia_infra\" \/>\n<meta name=\"twitter:label1\" content=\"Escrito por\" \/>\n\t<meta name=\"twitter:data1\" content=\"Ag\u00eancia iNFRA\" \/>\n\t<meta name=\"twitter:label2\" content=\"Est. tempo de leitura\" \/>\n\t<meta name=\"twitter:data2\" content=\"1 minuto\" \/>\n<script type=\"application\/ld+json\" class=\"yoast-schema-graph\">{\"@context\":\"https:\/\/schema.org\",\"@graph\":[{\"@type\":\"Article\",\"@id\":\"https:\/\/agenciainfra.com\/blog\/programa-gas-do-povo-inicia-credenciamento-de-revendas-de-glp\/#article\",\"isPartOf\":{\"@id\":\"https:\/\/agenciainfra.com\/blog\/programa-gas-do-povo-inicia-credenciamento-de-revendas-de-glp\/\"},\"author\":{\"name\":\"Ag\u00eancia iNFRA\",\"@id\":\"https:\/\/agenciainfra.com\/blog\/#\/schema\/person\/34af08dff6adea4cb22b06612ba7acfa\"},\"headline\":\"Programa G\u00e1s do Povo inicia credenciamento de revendas de GLP\",\"datePublished\":\"2025-10-23T18:01:47+00:00\",\"dateModified\":\"2025-10-23T18:01:49+00:00\",\"mainEntityOfPage\":{\"@id\":\"https:\/\/agenciainfra.com\/blog\/programa-gas-do-povo-inicia-credenciamento-de-revendas-de-glp\/\"},\"wordCount\":235,\"publisher\":{\"@id\":\"https:\/\/agenciainfra.com\/blog\/#organization\"},\"image\":{\"@id\":\"https:\/\/agenciainfra.com\/blog\/programa-gas-do-povo-inicia-credenciamento-de-revendas-de-glp\/#primaryimage\"},\"thumbnailUrl\":\"https:\/\/agenciainfra.com\/blog\/wp-content\/uploads\/2025\/08\/gas-de-cozinha-glp-foto-dominio-publico-1.png\",\"keywords\":[\"Caixa Econ\u00f4mica\",\"g\u00e1s de cozinha\",\"G\u00e1s do Povo\",\"GLP\",\"MDS\",\"MME\",\"revenda de GLP\"],\"articleSection\":[\"Giro iNFRA\"],\"inLanguage\":\"pt-BR\",\"copyrightYear\":\"2025\",\"copyrightHolder\":{\"@id\":\"https:\/\/agenciainfra.com\/blog\/#organization\"}},{\"@type\":\"WebPage\",\"@id\":\"https:\/\/agenciainfra.com\/blog\/programa-gas-do-povo-inicia-credenciamento-de-revendas-de-glp\/\",\"url\":\"https:\/\/agenciainfra.com\/blog\/programa-gas-do-povo-inicia-credenciamento-de-revendas-de-glp\/\",\"name\":\"Programa G\u00e1s do Povo inicia credenciamento de revendas de GLP - Ag\u00eancia iNFRA\",\"isPartOf\":{\"@id\":\"https:\/\/agenciainfra.com\/blog\/#website\"},\"primaryImageOfPage\":{\"@id\":\"https:\/\/agenciainfra.com\/blog\/programa-gas-do-povo-inicia-credenciamento-de-revendas-de-glp\/#primaryimage\"},\"image\":{\"@id\":\"https:\/\/agenciainfra.com\/blog\/programa-gas-do-povo-inicia-credenciamento-de-revendas-de-glp\/#primaryimage\"},\"thumbnailUrl\":\"https:\/\/agenciainfra.com\/blog\/wp-content\/uploads\/2025\/08\/gas-de-cozinha-glp-foto-dominio-publico-1.png\",\"datePublished\":\"2025-10-23T18:01:47+00:00\",\"dateModified\":\"2025-10-23T18:01:49+00:00\",\"breadcrumb\":{\"@id\":\"https:\/\/agenciainfra.com\/blog\/programa-gas-do-povo-inicia-credenciamento-de-revendas-de-glp\/#breadcrumb\"},\"inLanguage\":\"pt-BR\",\"potentialAction\":[{\"@type\":\"ReadAction\",\"target\":[\"https:\/\/agenciainfra.com\/blog\/programa-gas-do-povo-inicia-credenciamento-de-revendas-de-glp\/\"]}]},{\"@type\":\"ImageObject\",\"inLanguage\":\"pt-BR\",\"@id\":\"https:\/\/agenciainfra.com\/blog\/programa-gas-do-povo-inicia-credenciamento-de-revendas-de-glp\/#primaryimage\",\"url\":\"https:\/\/agenciainfra.com\/blog\/wp-content\/uploads\/2025\/08\/gas-de-cozinha-glp-foto-dominio-publico-1.png\",\"contentUrl\":\"https:\/\/agenciainfra.com\/blog\/wp-content\/uploads\/2025\/08\/gas-de-cozinha-glp-foto-dominio-publico-1.png\",\"width\":1280,\"height\":658,\"caption\":\"Foto: Dom\u00ednio P\u00fablico\"},{\"@type\":\"BreadcrumbList\",\"@id\":\"https:\/\/agenciainfra.com\/blog\/programa-gas-do-povo-inicia-credenciamento-de-revendas-de-glp\/#breadcrumb\",\"itemListElement\":[{\"@type\":\"ListItem\",\"position\":1,\"name\":\"In\u00edcio\",\"item\":\"https:\/\/agenciainfra.com\/blog\/\"},{\"@type\":\"ListItem\",\"position\":2,\"name\":\"Programa G\u00e1s do Povo inicia credenciamento de revendas de GLP\"}]},{\"@type\":\"WebSite\",\"@id\":\"https:\/\/agenciainfra.com\/blog\/#website\",\"url\":\"https:\/\/agenciainfra.com\/blog\/\",\"name\":\"Ag\u00eancia iNFRA\",\"description\":\"Multiplataforma de informa\u00e7\u00e3o jornal\u00edstica refer\u00eancia na \u00e1rea de infraestrutura no Brasil!\",\"publisher\":{\"@id\":\"https:\/\/agenciainfra.com\/blog\/#organization\"},\"potentialAction\":[{\"@type\":\"SearchAction\",\"target\":{\"@type\":\"EntryPoint\",\"urlTemplate\":\"https:\/\/agenciainfra.com\/blog\/?s={search_term_string}\"},\"query-input\":{\"@type\":\"PropertyValueSpecification\",\"valueRequired\":true,\"valueName\":\"search_term_string\"}}],\"inLanguage\":\"pt-BR\"},{\"@type\":\"Organization\",\"@id\":\"https:\/\/agenciainfra.com\/blog\/#organization\",\"name\":\"Ag\u00eancia iNFRA\",\"url\":\"https:\/\/agenciainfra.com\/blog\/\",\"logo\":{\"@type\":\"ImageObject\",\"inLanguage\":\"pt-BR\",\"@id\":\"https:\/\/agenciainfra.com\/blog\/#\/schema\/logo\/image\/\",\"url\":\"https:\/\/agenciainfra.com\/blog\/wp-content\/uploads\/2023\/09\/iNFRA_5-e1761735885940.png\",\"contentUrl\":\"https:\/\/agenciainfra.com\/blog\/wp-content\/uploads\/2023\/09\/iNFRA_5-e1761735885940.png\",\"width\":1672,\"height\":454,\"caption\":\"Ag\u00eancia iNFRA\"},\"image\":{\"@id\":\"https:\/\/agenciainfra.com\/blog\/#\/schema\/logo\/image\/\"},\"sameAs\":[\"https:\/\/www.facebook.com\/ageninfra\",\"https:\/\/x.com\/agencia_infra\",\"https:\/\/www.linkedin.com\/company\/ag\u00eanciainfra\/\",\"https:\/\/www.instagram.com\/agenciainfra\/\"]},{\"@type\":\"Person\",\"@id\":\"https:\/\/agenciainfra.com\/blog\/#\/schema\/person\/34af08dff6adea4cb22b06612ba7acfa\",\"name\":\"Ag\u00eancia iNFRA\",\"image\":{\"@type\":\"ImageObject\",\"inLanguage\":\"pt-BR\",\"@id\":\"https:\/\/agenciainfra.com\/blog\/#\/schema\/person\/image\/\",\"url\":\"https:\/\/secure.gravatar.com\/avatar\/d189e01678f06d8eb84d4e01f08eb848b3fffe3f8443818d3c356c66892f5be8?s=96&d=mm&r=g\",\"contentUrl\":\"https:\/\/secure.gravatar.com\/avatar\/d189e01678f06d8eb84d4e01f08eb848b3fffe3f8443818d3c356c66892f5be8?s=96&d=mm&r=g\",\"caption\":\"Ag\u00eancia iNFRA\"},\"url\":\"https:\/\/agenciainfra.com\/blog\/author\/admin\/\"}]}<\/script>\n<!-- \/ Yoast SEO Premium plugin. -->","yoast_head_json":{"title":"Programa G\u00e1s do Povo inicia credenciamento de revendas de GLP - Ag\u00eancia iNFRA","robots":{"index":"index","follow":"follow","max-snippet":"max-snippet:-1","max-image-preview":"max-image-preview:large","max-video-preview":"max-video-preview:-1"},"canonical":"https:\/\/agenciainfra.com\/blog\/programa-gas-do-povo-inicia-credenciamento-de-revendas-de-glp\/","og_locale":"pt_BR","og_type":"article","og_title":"Programa G\u00e1s do Povo inicia credenciamento de revendas de GLP","og_description":"da Ag\u00eancia iNFRA A Caixa Econ\u00f4mica Federal abriu nesta quinta-feira (23) o processo de ades\u00e3o das revendas varejistas de GLP (g\u00e1s liquefeito de petr\u00f3leo) ao programa G\u00e1s do Povo. Segundo o MME (Minist\u00e9rio de Minas e Energia), que coordena a iniciativa juntamente com o MDS (Minist\u00e9rio do Desenvolvimento e Assist\u00eancia Social, Fam\u00edlia e Combate \u00e0 [&hellip;]","og_url":"https:\/\/agenciainfra.com\/blog\/programa-gas-do-povo-inicia-credenciamento-de-revendas-de-glp\/","og_site_name":"Ag\u00eancia iNFRA","article_publisher":"https:\/\/www.facebook.com\/ageninfra","article_published_time":"2025-10-23T18:01:47+00:00","article_modified_time":"2025-10-23T18:01:49+00:00","og_image":[{"width":1280,"height":658,"url":"https:\/\/agenciainfra.com\/blog\/wp-content\/uploads\/2025\/08\/gas-de-cozinha-glp-foto-dominio-publico-1.png","type":"image\/png"}],"author":"Ag\u00eancia iNFRA","twitter_card":"summary_large_image","twitter_creator":"@agencia_infra","twitter_site":"@agencia_infra","twitter_misc":{"Escrito por":"Ag\u00eancia iNFRA","Est. tempo de leitura":"1 minuto"},"schema":{"@context":"https:\/\/schema.org","@graph":[{"@type":"Article","@id":"https:\/\/agenciainfra.com\/blog\/programa-gas-do-povo-inicia-credenciamento-de-revendas-de-glp\/#article","isPartOf":{"@id":"https:\/\/agenciainfra.com\/blog\/programa-gas-do-povo-inicia-credenciamento-de-revendas-de-glp\/"},"author":{"name":"Ag\u00eancia iNFRA","@id":"https:\/\/agenciainfra.com\/blog\/#\/schema\/person\/34af08dff6adea4cb22b06612ba7acfa"},"headline":"Programa G\u00e1s do Povo inicia credenciamento de revendas de GLP","datePublished":"2025-10-23T18:01:47+00:00","dateModified":"2025-10-23T18:01:49+00:00","mainEntityOfPage":{"@id":"https:\/\/agenciainfra.com\/blog\/programa-gas-do-povo-inicia-credenciamento-de-revendas-de-glp\/"},"wordCount":235,"publisher":{"@id":"https:\/\/agenciainfra.com\/blog\/#organization"},"image":{"@id":"https:\/\/agenciainfra.com\/blog\/programa-gas-do-povo-inicia-credenciamento-de-revendas-de-glp\/#primaryimage"},"thumbnailUrl":"https:\/\/agenciainfra.com\/blog\/wp-content\/uploads\/2025\/08\/gas-de-cozinha-glp-foto-dominio-publico-1.png","keywords":["Caixa Econ\u00f4mica","g\u00e1s de cozinha","G\u00e1s do Povo","GLP","MDS","MME","revenda de GLP"],"articleSection":["Giro iNFRA"],"inLanguage":"pt-BR","copyrightYear":"2025","copyrightHolder":{"@id":"https:\/\/agenciainfra.com\/blog\/#organization"}},{"@type":"WebPage","@id":"https:\/\/agenciainfra.com\/blog\/programa-gas-do-povo-inicia-credenciamento-de-revendas-de-glp\/","url":"https:\/\/agenciainfra.com\/blog\/programa-gas-do-povo-inicia-credenciamento-de-revendas-de-glp\/","name":"Programa G\u00e1s do Povo inicia credenciamento de revendas de GLP - Ag\u00eancia iNFRA","isPartOf":{"@id":"https:\/\/agenciainfra.com\/blog\/#website"},"primaryImageOfPage":{"@id":"https:\/\/agenciainfra.com\/blog\/programa-gas-do-povo-inicia-credenciamento-de-revendas-de-glp\/#primaryimage"},"image":{"@id":"https:\/\/agenciainfra.com\/blog\/programa-gas-do-povo-inicia-credenciamento-de-revendas-de-glp\/#primaryimage"},"thumbnailUrl":"https:\/\/agenciainfra.com\/blog\/wp-content\/uploads\/2025\/08\/gas-de-cozinha-glp-foto-dominio-publico-1.png","datePublished":"2025-10-23T18:01:47+00:00","dateModified":"2025-10-23T18:01:49+00:00","breadcrumb":{"@id":"https:\/\/agenciainfra.com\/blog\/programa-gas-do-povo-inicia-credenciamento-de-revendas-de-glp\/#breadcrumb"},"inLanguage":"pt-BR","potentialAction":[{"@type":"ReadAction","target":["https:\/\/agenciainfra.com\/blog\/programa-gas-do-povo-inicia-credenciamento-de-revendas-de-glp\/"]}]},{"@type":"ImageObject","inLanguage":"pt-BR","@id":"https:\/\/agenciainfra.com\/blog\/programa-gas-do-povo-inicia-credenciamento-de-revendas-de-glp\/#primaryimage","url":"https:\/\/agenciainfra.com\/blog\/wp-content\/uploads\/2025\/08\/gas-de-cozinha-glp-foto-dominio-publico-1.png","contentUrl":"https:\/\/agenciainfra.com\/blog\/wp-content\/uploads\/2025\/08\/gas-de-cozinha-glp-foto-dominio-publico-1.png","width":1280,"height":658,"caption":"Foto: Dom\u00ednio P\u00fablico"},{"@type":"BreadcrumbList","@id":"https:\/\/agenciainfra.com\/blog\/programa-gas-do-povo-inicia-credenciamento-de-revendas-de-glp\/#breadcrumb","itemListElement":[{"@type":"ListItem","position":1,"name":"In\u00edcio","item":"https:\/\/agenciainfra.com\/blog\/"},{"@type":"ListItem","position":2,"name":"Programa G\u00e1s do Povo inicia credenciamento de revendas de GLP"}]},{"@type":"WebSite","@id":"https:\/\/agenciainfra.com\/blog\/#website","url":"https:\/\/agenciainfra.com\/blog\/","name":"Ag\u00eancia iNFRA","description":"Multiplataforma de informa\u00e7\u00e3o jornal\u00edstica refer\u00eancia na \u00e1rea de infraestrutura no Brasil!","publisher":{"@id":"https:\/\/agenciainfra.com\/blog\/#organization"},"potentialAction":[{"@type":"SearchAction","target":{"@type":"EntryPoint","urlTemplate":"https:\/\/agenciainfra.com\/blog\/?s={search_term_string}"},"query-input":{"@type":"PropertyValueSpecification","valueRequired":true,"valueName":"search_term_string"}}],"inLanguage":"pt-BR"},{"@type":"Organization","@id":"https:\/\/agenciainfra.com\/blog\/#organization","name":"Ag\u00eancia iNFRA","url":"https:\/\/agenciainfra.com\/blog\/","logo":{"@type":"ImageObject","inLanguage":"pt-BR","@id":"https:\/\/agenciainfra.com\/blog\/#\/schema\/logo\/image\/","url":"https:\/\/agenciainfra.com\/blog\/wp-content\/uploads\/2023\/09\/iNFRA_5-e1761735885940.png","contentUrl":"https:\/\/agenciainfra.com\/blog\/wp-content\/uploads\/2023\/09\/iNFRA_5-e1761735885940.png","width":1672,"height":454,"caption":"Ag\u00eancia iNFRA"},"image":{"@id":"https:\/\/agenciainfra.com\/blog\/#\/schema\/logo\/image\/"},"sameAs":["https:\/\/www.facebook.com\/ageninfra","https:\/\/x.com\/agencia_infra","https:\/\/www.linkedin.com\/company\/ag\u00eanciainfra\/","https:\/\/www.instagram.com\/agenciainfra\/"]},{"@type":"Person","@id":"https:\/\/agenciainfra.com\/blog\/#\/schema\/person\/34af08dff6adea4cb22b06612ba7acfa","name":"Ag\u00eancia iNFRA","image":{"@type":"ImageObject","inLanguage":"pt-BR","@id":"https:\/\/agenciainfra.com\/blog\/#\/schema\/person\/image\/","url":"https:\/\/secure.gravatar.com\/avatar\/d189e01678f06d8eb84d4e01f08eb848b3fffe3f8443818d3c356c66892f5be8?s=96&d=mm&r=g","contentUrl":"https:\/\/secure.gravatar.com\/avatar\/d189e01678f06d8eb84d4e01f08eb848b3fffe3f8443818d3c356c66892f5be8?s=96&d=mm&r=g","caption":"Ag\u00eancia iNFRA"},"url":"https:\/\/agenciainfra.com\/blog\/author\/admin\/"}]}},"_links":{"self":[{"href":"https:\/\/agenciainfra.com\/blog\/wp-json\/wp\/v2\/posts\/30511","targetHints":{"allow":["GET"]}}],"collection":[{"href":"https:\/\/agenciainfra.com\/blog\/wp-json\/wp\/v2\/posts"}],"about":[{"href":"https:\/\/agenciainfra.com\/blog\/wp-json\/wp\/v2\/types\/post"}],"author":[{"embeddable":true,"href":"https:\/\/agenciainfra.com\/blog\/wp-json\/wp\/v2\/users\/1"}],"replies":[{"embeddable":true,"href":"https:\/\/agenciainfra.com\/blog\/wp-json\/wp\/v2\/comments?post=30511"}],"version-history":[{"count":1,"href":"https:\/\/agenciainfra.com\/blog\/wp-json\/wp\/v2\/posts\/30511\/revisions"}],"predecessor-version":[{"id":30512,"href":"https:\/\/agenciainfra.com\/blog\/wp-json\/wp\/v2\/posts\/30511\/revisions\/30512"}],"wp:featuredmedia":[{"embeddable":true,"href":"https:\/\/agenciainfra.com\/blog\/wp-json\/wp\/v2\/media\/25983"}],"wp:attachment":[{"href":"https:\/\/agenciainfra.com\/blog\/wp-json\/wp\/v2\/media?parent=30511"}],"wp:term":[{"taxonomy":"category","embeddable":true,"href":"https:\/\/agenciainfra.com\/blog\/wp-json\/wp\/v2\/categories?post=30511"},{"taxonomy":"post_tag","embeddable":true,"href":"https:\/\/agenciainfra.com\/blog\/wp-json\/wp\/v2\/tags?post=30511"}],"curies":[{"name":"wp","href":"https:\/\/api.w.org\/{rel}","templated":true}]}}