{"id":30595,"date":"2025-10-24T14:29:42","date_gmt":"2025-10-24T17:29:42","guid":{"rendered":"https:\/\/agenciainfra.com\/blog\/?p=30595"},"modified":"2025-10-24T14:29:44","modified_gmt":"2025-10-24T17:29:44","slug":"ccee-aponta-queda-de-35-no-consumo-de-energia-em-setembro","status":"publish","type":"post","link":"https:\/\/agenciainfra.com\/blog\/ccee-aponta-queda-de-35-no-consumo-de-energia-em-setembro\/","title":{"rendered":"CCEE aponta queda de 3,5% no consumo de energia em setembro"},"content":{"rendered":"\n<p class=\"has-text-align-right\"><strong>da Ag\u00eancia iNFRA<\/strong><\/p>\n\n\n\n<p>A CCEE (C\u00e2mara de Comercializa\u00e7\u00e3o de Energia El\u00e9trica) registrou um consumo m\u00e9dio de 68.953 MWmed (megawatts m\u00e9dios) no Brasil em setembro, queda de 3,5% em rela\u00e7\u00e3o ao mesmo m\u00eas de 2024. A redu\u00e7\u00e3o \u00e9 atribu\u00edda \u00e0s temperaturas mais amenas do fim do inverno, mas a entidade prev\u00ea retomada gradual da demanda com o aumento do calor e o uso de equipamentos de refrigera\u00e7\u00e3o nos pr\u00f3ximos meses.<\/p>\n\n\n\n<p>No ambiente regulado, que re\u00fane resid\u00eancias, pequenos com\u00e9rcios e empresas de m\u00e9dio porte, o consumo foi de 39.099 MWmed, recuo de 4,6% na compara\u00e7\u00e3o anual. J\u00e1 no mercado livre, onde consumidores negociam diretamente com fornecedores, a carga foi de 29.854 MWmed, com retra\u00e7\u00e3o de 2% ante setembro do ano passado.<\/p>\n\n\n\n<p>Entre os 15 setores econ\u00f4micos acompanhados pela CCEE, as maiores altas foram registradas nas ind\u00fastrias de Minerais N\u00e3o Met\u00e1licos (+2,9%), T\u00eaxteis (+2,6%) e Manufaturados Diversos (+2,3%). Em contrapartida, os maiores recuos ocorreram nos segmentos de Ve\u00edculos (-9,2%), Telecomunica\u00e7\u00f5es (-7,6%) e Servi\u00e7os (-6,6%).<\/p>\n\n\n\n<p>A an\u00e1lise regional mostra resultados heterog\u00eaneos. Os estados com maior aumento no consumo foram Maranh\u00e3o (+6,9%), Acre (+4,3%) e Piau\u00ed (+3,5%), enquanto as quedas mais expressivas ocorreram em Esp\u00edrito Santo (-14,8%), Rond\u00f4nia (-13,5%) e Rio de Janeiro (-10,5%).<\/p>\n","protected":false},"excerpt":{"rendered":"<p>da Ag\u00eancia iNFRA A CCEE (C\u00e2mara de Comercializa\u00e7\u00e3o de Energia El\u00e9trica) registrou um consumo m\u00e9dio de 68.953 MWmed (megawatts m\u00e9dios) no Brasil em setembro, queda de 3,5% em rela\u00e7\u00e3o ao mesmo m\u00eas de 2024. A redu\u00e7\u00e3o \u00e9 atribu\u00edda \u00e0s temperaturas mais amenas do fim do inverno, mas a entidade prev\u00ea retomada gradual da demanda com [&hellip;]<\/p>\n","protected":false},"author":1,"featured_media":30596,"comment_status":"closed","ping_status":"closed","sticky":false,"template":"","format":"standard","meta":{"_monsterinsights_skip_tracking":false,"_monsterinsights_sitenote_active":false,"_monsterinsights_sitenote_note":"","_monsterinsights_sitenote_category":0,"footnotes":""},"categories":[13576],"tags":[14,16437,3075,2110,924,5617,2639,4728],"class_list":["post-30595","post","type-post","status-publish","format-standard","has-post-thumbnail","hentry","category-giro-infra","tag-ccee","tag-consumo-de-energia-eletrica","tag-espirito-santo","tag-maranhao","tag-mercado-livre-de-energia","tag-servicos","tag-telecomunicacoes","tag-veiculos"],"yoast_head":"<!-- This site is optimized with the Yoast SEO Premium plugin v25.4 (Yoast SEO v26.0) - https:\/\/yoast.com\/wordpress\/plugins\/seo\/ -->\n<title>CCEE aponta queda de 3,5% no consumo de energia em setembro - Ag\u00eancia iNFRA<\/title>\n<meta name=\"robots\" content=\"index, follow, max-snippet:-1, max-image-preview:large, max-video-preview:-1\" \/>\n<link rel=\"canonical\" href=\"https:\/\/agenciainfra.com\/blog\/ccee-aponta-queda-de-35-no-consumo-de-energia-em-setembro\/\" \/>\n<meta property=\"og:locale\" content=\"pt_BR\" \/>\n<meta property=\"og:type\" content=\"article\" \/>\n<meta property=\"og:title\" content=\"CCEE aponta queda de 3,5% no consumo de energia em setembro\" \/>\n<meta property=\"og:description\" content=\"da Ag\u00eancia iNFRA A CCEE (C\u00e2mara de Comercializa\u00e7\u00e3o de Energia El\u00e9trica) registrou um consumo m\u00e9dio de 68.953 MWmed (megawatts m\u00e9dios) no Brasil em setembro, queda de 3,5% em rela\u00e7\u00e3o ao mesmo m\u00eas de 2024. A redu\u00e7\u00e3o \u00e9 atribu\u00edda \u00e0s temperaturas mais amenas do fim do inverno, mas a entidade prev\u00ea retomada gradual da demanda com [&hellip;]\" \/>\n<meta property=\"og:url\" content=\"https:\/\/agenciainfra.com\/blog\/ccee-aponta-queda-de-35-no-consumo-de-energia-em-setembro\/\" \/>\n<meta property=\"og:site_name\" content=\"Ag\u00eancia iNFRA\" \/>\n<meta property=\"article:publisher\" content=\"https:\/\/www.facebook.com\/ageninfra\" \/>\n<meta property=\"article:published_time\" content=\"2025-10-24T17:29:42+00:00\" \/>\n<meta property=\"article:modified_time\" content=\"2025-10-24T17:29:44+00:00\" \/>\n<meta property=\"og:image\" content=\"https:\/\/agenciainfra.com\/blog\/wp-content\/uploads\/2025\/10\/lampadas-foto-dominio-publico-scaled-e1761326799393.jpg\" \/>\n\t<meta property=\"og:image:width\" content=\"1280\" \/>\n\t<meta property=\"og:image:height\" content=\"854\" \/>\n\t<meta property=\"og:image:type\" content=\"image\/jpeg\" \/>\n<meta name=\"author\" content=\"Ag\u00eancia iNFRA\" \/>\n<meta name=\"twitter:card\" content=\"summary_large_image\" \/>\n<meta name=\"twitter:creator\" content=\"@agencia_infra\" \/>\n<meta name=\"twitter:site\" content=\"@agencia_infra\" \/>\n<meta name=\"twitter:label1\" content=\"Escrito por\" \/>\n\t<meta name=\"twitter:data1\" content=\"Ag\u00eancia iNFRA\" \/>\n\t<meta name=\"twitter:label2\" content=\"Est. tempo de leitura\" \/>\n\t<meta name=\"twitter:data2\" content=\"1 minuto\" \/>\n<script type=\"application\/ld+json\" class=\"yoast-schema-graph\">{\"@context\":\"https:\/\/schema.org\",\"@graph\":[{\"@type\":\"Article\",\"@id\":\"https:\/\/agenciainfra.com\/blog\/ccee-aponta-queda-de-35-no-consumo-de-energia-em-setembro\/#article\",\"isPartOf\":{\"@id\":\"https:\/\/agenciainfra.com\/blog\/ccee-aponta-queda-de-35-no-consumo-de-energia-em-setembro\/\"},\"author\":{\"name\":\"Ag\u00eancia iNFRA\",\"@id\":\"https:\/\/agenciainfra.com\/blog\/#\/schema\/person\/34af08dff6adea4cb22b06612ba7acfa\"},\"headline\":\"CCEE aponta queda de 3,5% no consumo de energia em setembro\",\"datePublished\":\"2025-10-24T17:29:42+00:00\",\"dateModified\":\"2025-10-24T17:29:44+00:00\",\"mainEntityOfPage\":{\"@id\":\"https:\/\/agenciainfra.com\/blog\/ccee-aponta-queda-de-35-no-consumo-de-energia-em-setembro\/\"},\"wordCount\":225,\"publisher\":{\"@id\":\"https:\/\/agenciainfra.com\/blog\/#organization\"},\"image\":{\"@id\":\"https:\/\/agenciainfra.com\/blog\/ccee-aponta-queda-de-35-no-consumo-de-energia-em-setembro\/#primaryimage\"},\"thumbnailUrl\":\"https:\/\/agenciainfra.com\/blog\/wp-content\/uploads\/2025\/10\/lampadas-foto-dominio-publico-scaled-e1769438077360.jpg\",\"keywords\":[\"ccee\",\"consumo de energia el\u00e9trica\",\"Esp\u00edrito Santo\",\"Maranh\u00e3o\",\"mercado livre de energia\",\"servi\u00e7os\",\"telecomunica\u00e7\u00f5es\",\"ve\u00edculos\"],\"articleSection\":[\"Giro iNFRA\"],\"inLanguage\":\"pt-BR\",\"copyrightYear\":\"2025\",\"copyrightHolder\":{\"@id\":\"https:\/\/agenciainfra.com\/blog\/#organization\"}},{\"@type\":\"WebPage\",\"@id\":\"https:\/\/agenciainfra.com\/blog\/ccee-aponta-queda-de-35-no-consumo-de-energia-em-setembro\/\",\"url\":\"https:\/\/agenciainfra.com\/blog\/ccee-aponta-queda-de-35-no-consumo-de-energia-em-setembro\/\",\"name\":\"CCEE aponta queda de 3,5% no consumo de energia em setembro - Ag\u00eancia iNFRA\",\"isPartOf\":{\"@id\":\"https:\/\/agenciainfra.com\/blog\/#website\"},\"primaryImageOfPage\":{\"@id\":\"https:\/\/agenciainfra.com\/blog\/ccee-aponta-queda-de-35-no-consumo-de-energia-em-setembro\/#primaryimage\"},\"image\":{\"@id\":\"https:\/\/agenciainfra.com\/blog\/ccee-aponta-queda-de-35-no-consumo-de-energia-em-setembro\/#primaryimage\"},\"thumbnailUrl\":\"https:\/\/agenciainfra.com\/blog\/wp-content\/uploads\/2025\/10\/lampadas-foto-dominio-publico-scaled-e1769438077360.jpg\",\"datePublished\":\"2025-10-24T17:29:42+00:00\",\"dateModified\":\"2025-10-24T17:29:44+00:00\",\"breadcrumb\":{\"@id\":\"https:\/\/agenciainfra.com\/blog\/ccee-aponta-queda-de-35-no-consumo-de-energia-em-setembro\/#breadcrumb\"},\"inLanguage\":\"pt-BR\",\"potentialAction\":[{\"@type\":\"ReadAction\",\"target\":[\"https:\/\/agenciainfra.com\/blog\/ccee-aponta-queda-de-35-no-consumo-de-energia-em-setembro\/\"]}]},{\"@type\":\"ImageObject\",\"inLanguage\":\"pt-BR\",\"@id\":\"https:\/\/agenciainfra.com\/blog\/ccee-aponta-queda-de-35-no-consumo-de-energia-em-setembro\/#primaryimage\",\"url\":\"https:\/\/agenciainfra.com\/blog\/wp-content\/uploads\/2025\/10\/lampadas-foto-dominio-publico-scaled-e1769438077360.jpg\",\"contentUrl\":\"https:\/\/agenciainfra.com\/blog\/wp-content\/uploads\/2025\/10\/lampadas-foto-dominio-publico-scaled-e1769438077360.jpg\",\"width\":1280,\"height\":770,\"caption\":\"Foto: Dom\u00ednio P\u00fablico\"},{\"@type\":\"BreadcrumbList\",\"@id\":\"https:\/\/agenciainfra.com\/blog\/ccee-aponta-queda-de-35-no-consumo-de-energia-em-setembro\/#breadcrumb\",\"itemListElement\":[{\"@type\":\"ListItem\",\"position\":1,\"name\":\"In\u00edcio\",\"item\":\"https:\/\/agenciainfra.com\/blog\/\"},{\"@type\":\"ListItem\",\"position\":2,\"name\":\"CCEE aponta queda de 3,5% no consumo de energia em setembro\"}]},{\"@type\":\"WebSite\",\"@id\":\"https:\/\/agenciainfra.com\/blog\/#website\",\"url\":\"https:\/\/agenciainfra.com\/blog\/\",\"name\":\"Ag\u00eancia iNFRA\",\"description\":\"Multiplataforma de informa\u00e7\u00e3o jornal\u00edstica refer\u00eancia na \u00e1rea de infraestrutura no Brasil!\",\"publisher\":{\"@id\":\"https:\/\/agenciainfra.com\/blog\/#organization\"},\"potentialAction\":[{\"@type\":\"SearchAction\",\"target\":{\"@type\":\"EntryPoint\",\"urlTemplate\":\"https:\/\/agenciainfra.com\/blog\/?s={search_term_string}\"},\"query-input\":{\"@type\":\"PropertyValueSpecification\",\"valueRequired\":true,\"valueName\":\"search_term_string\"}}],\"inLanguage\":\"pt-BR\"},{\"@type\":\"Organization\",\"@id\":\"https:\/\/agenciainfra.com\/blog\/#organization\",\"name\":\"Ag\u00eancia iNFRA\",\"url\":\"https:\/\/agenciainfra.com\/blog\/\",\"logo\":{\"@type\":\"ImageObject\",\"inLanguage\":\"pt-BR\",\"@id\":\"https:\/\/agenciainfra.com\/blog\/#\/schema\/logo\/image\/\",\"url\":\"https:\/\/agenciainfra.com\/blog\/wp-content\/uploads\/2023\/09\/iNFRA_5-e1761735885940.png\",\"contentUrl\":\"https:\/\/agenciainfra.com\/blog\/wp-content\/uploads\/2023\/09\/iNFRA_5-e1761735885940.png\",\"width\":1672,\"height\":454,\"caption\":\"Ag\u00eancia iNFRA\"},\"image\":{\"@id\":\"https:\/\/agenciainfra.com\/blog\/#\/schema\/logo\/image\/\"},\"sameAs\":[\"https:\/\/www.facebook.com\/ageninfra\",\"https:\/\/x.com\/agencia_infra\",\"https:\/\/www.linkedin.com\/company\/ag\u00eanciainfra\/\",\"https:\/\/www.instagram.com\/agenciainfra\/\"]},{\"@type\":\"Person\",\"@id\":\"https:\/\/agenciainfra.com\/blog\/#\/schema\/person\/34af08dff6adea4cb22b06612ba7acfa\",\"name\":\"Ag\u00eancia iNFRA\",\"image\":{\"@type\":\"ImageObject\",\"inLanguage\":\"pt-BR\",\"@id\":\"https:\/\/agenciainfra.com\/blog\/#\/schema\/person\/image\/\",\"url\":\"https:\/\/secure.gravatar.com\/avatar\/d189e01678f06d8eb84d4e01f08eb848b3fffe3f8443818d3c356c66892f5be8?s=96&d=mm&r=g\",\"contentUrl\":\"https:\/\/secure.gravatar.com\/avatar\/d189e01678f06d8eb84d4e01f08eb848b3fffe3f8443818d3c356c66892f5be8?s=96&d=mm&r=g\",\"caption\":\"Ag\u00eancia iNFRA\"},\"url\":\"https:\/\/agenciainfra.com\/blog\/author\/admin\/\"}]}<\/script>\n<!-- \/ Yoast SEO Premium plugin. -->","yoast_head_json":{"title":"CCEE aponta queda de 3,5% no consumo de energia em setembro - Ag\u00eancia iNFRA","robots":{"index":"index","follow":"follow","max-snippet":"max-snippet:-1","max-image-preview":"max-image-preview:large","max-video-preview":"max-video-preview:-1"},"canonical":"https:\/\/agenciainfra.com\/blog\/ccee-aponta-queda-de-35-no-consumo-de-energia-em-setembro\/","og_locale":"pt_BR","og_type":"article","og_title":"CCEE aponta queda de 3,5% no consumo de energia em setembro","og_description":"da Ag\u00eancia iNFRA A CCEE (C\u00e2mara de Comercializa\u00e7\u00e3o de Energia El\u00e9trica) registrou um consumo m\u00e9dio de 68.953 MWmed (megawatts m\u00e9dios) no Brasil em setembro, queda de 3,5% em rela\u00e7\u00e3o ao mesmo m\u00eas de 2024. A redu\u00e7\u00e3o \u00e9 atribu\u00edda \u00e0s temperaturas mais amenas do fim do inverno, mas a entidade prev\u00ea retomada gradual da demanda com [&hellip;]","og_url":"https:\/\/agenciainfra.com\/blog\/ccee-aponta-queda-de-35-no-consumo-de-energia-em-setembro\/","og_site_name":"Ag\u00eancia iNFRA","article_publisher":"https:\/\/www.facebook.com\/ageninfra","article_published_time":"2025-10-24T17:29:42+00:00","article_modified_time":"2025-10-24T17:29:44+00:00","og_image":[{"width":1280,"height":854,"url":"https:\/\/agenciainfra.com\/blog\/wp-content\/uploads\/2025\/10\/lampadas-foto-dominio-publico-scaled-e1761326799393.jpg","type":"image\/jpeg"}],"author":"Ag\u00eancia iNFRA","twitter_card":"summary_large_image","twitter_creator":"@agencia_infra","twitter_site":"@agencia_infra","twitter_misc":{"Escrito por":"Ag\u00eancia iNFRA","Est. tempo de leitura":"1 minuto"},"schema":{"@context":"https:\/\/schema.org","@graph":[{"@type":"Article","@id":"https:\/\/agenciainfra.com\/blog\/ccee-aponta-queda-de-35-no-consumo-de-energia-em-setembro\/#article","isPartOf":{"@id":"https:\/\/agenciainfra.com\/blog\/ccee-aponta-queda-de-35-no-consumo-de-energia-em-setembro\/"},"author":{"name":"Ag\u00eancia iNFRA","@id":"https:\/\/agenciainfra.com\/blog\/#\/schema\/person\/34af08dff6adea4cb22b06612ba7acfa"},"headline":"CCEE aponta queda de 3,5% no consumo de energia em setembro","datePublished":"2025-10-24T17:29:42+00:00","dateModified":"2025-10-24T17:29:44+00:00","mainEntityOfPage":{"@id":"https:\/\/agenciainfra.com\/blog\/ccee-aponta-queda-de-35-no-consumo-de-energia-em-setembro\/"},"wordCount":225,"publisher":{"@id":"https:\/\/agenciainfra.com\/blog\/#organization"},"image":{"@id":"https:\/\/agenciainfra.com\/blog\/ccee-aponta-queda-de-35-no-consumo-de-energia-em-setembro\/#primaryimage"},"thumbnailUrl":"https:\/\/agenciainfra.com\/blog\/wp-content\/uploads\/2025\/10\/lampadas-foto-dominio-publico-scaled-e1769438077360.jpg","keywords":["ccee","consumo de energia el\u00e9trica","Esp\u00edrito Santo","Maranh\u00e3o","mercado livre de energia","servi\u00e7os","telecomunica\u00e7\u00f5es","ve\u00edculos"],"articleSection":["Giro iNFRA"],"inLanguage":"pt-BR","copyrightYear":"2025","copyrightHolder":{"@id":"https:\/\/agenciainfra.com\/blog\/#organization"}},{"@type":"WebPage","@id":"https:\/\/agenciainfra.com\/blog\/ccee-aponta-queda-de-35-no-consumo-de-energia-em-setembro\/","url":"https:\/\/agenciainfra.com\/blog\/ccee-aponta-queda-de-35-no-consumo-de-energia-em-setembro\/","name":"CCEE aponta queda de 3,5% no consumo de energia em setembro - Ag\u00eancia iNFRA","isPartOf":{"@id":"https:\/\/agenciainfra.com\/blog\/#website"},"primaryImageOfPage":{"@id":"https:\/\/agenciainfra.com\/blog\/ccee-aponta-queda-de-35-no-consumo-de-energia-em-setembro\/#primaryimage"},"image":{"@id":"https:\/\/agenciainfra.com\/blog\/ccee-aponta-queda-de-35-no-consumo-de-energia-em-setembro\/#primaryimage"},"thumbnailUrl":"https:\/\/agenciainfra.com\/blog\/wp-content\/uploads\/2025\/10\/lampadas-foto-dominio-publico-scaled-e1769438077360.jpg","datePublished":"2025-10-24T17:29:42+00:00","dateModified":"2025-10-24T17:29:44+00:00","breadcrumb":{"@id":"https:\/\/agenciainfra.com\/blog\/ccee-aponta-queda-de-35-no-consumo-de-energia-em-setembro\/#breadcrumb"},"inLanguage":"pt-BR","potentialAction":[{"@type":"ReadAction","target":["https:\/\/agenciainfra.com\/blog\/ccee-aponta-queda-de-35-no-consumo-de-energia-em-setembro\/"]}]},{"@type":"ImageObject","inLanguage":"pt-BR","@id":"https:\/\/agenciainfra.com\/blog\/ccee-aponta-queda-de-35-no-consumo-de-energia-em-setembro\/#primaryimage","url":"https:\/\/agenciainfra.com\/blog\/wp-content\/uploads\/2025\/10\/lampadas-foto-dominio-publico-scaled-e1769438077360.jpg","contentUrl":"https:\/\/agenciainfra.com\/blog\/wp-content\/uploads\/2025\/10\/lampadas-foto-dominio-publico-scaled-e1769438077360.jpg","width":1280,"height":770,"caption":"Foto: Dom\u00ednio P\u00fablico"},{"@type":"BreadcrumbList","@id":"https:\/\/agenciainfra.com\/blog\/ccee-aponta-queda-de-35-no-consumo-de-energia-em-setembro\/#breadcrumb","itemListElement":[{"@type":"ListItem","position":1,"name":"In\u00edcio","item":"https:\/\/agenciainfra.com\/blog\/"},{"@type":"ListItem","position":2,"name":"CCEE aponta queda de 3,5% no consumo de energia em setembro"}]},{"@type":"WebSite","@id":"https:\/\/agenciainfra.com\/blog\/#website","url":"https:\/\/agenciainfra.com\/blog\/","name":"Ag\u00eancia iNFRA","description":"Multiplataforma de informa\u00e7\u00e3o jornal\u00edstica refer\u00eancia na \u00e1rea de infraestrutura no Brasil!","publisher":{"@id":"https:\/\/agenciainfra.com\/blog\/#organization"},"potentialAction":[{"@type":"SearchAction","target":{"@type":"EntryPoint","urlTemplate":"https:\/\/agenciainfra.com\/blog\/?s={search_term_string}"},"query-input":{"@type":"PropertyValueSpecification","valueRequired":true,"valueName":"search_term_string"}}],"inLanguage":"pt-BR"},{"@type":"Organization","@id":"https:\/\/agenciainfra.com\/blog\/#organization","name":"Ag\u00eancia iNFRA","url":"https:\/\/agenciainfra.com\/blog\/","logo":{"@type":"ImageObject","inLanguage":"pt-BR","@id":"https:\/\/agenciainfra.com\/blog\/#\/schema\/logo\/image\/","url":"https:\/\/agenciainfra.com\/blog\/wp-content\/uploads\/2023\/09\/iNFRA_5-e1761735885940.png","contentUrl":"https:\/\/agenciainfra.com\/blog\/wp-content\/uploads\/2023\/09\/iNFRA_5-e1761735885940.png","width":1672,"height":454,"caption":"Ag\u00eancia iNFRA"},"image":{"@id":"https:\/\/agenciainfra.com\/blog\/#\/schema\/logo\/image\/"},"sameAs":["https:\/\/www.facebook.com\/ageninfra","https:\/\/x.com\/agencia_infra","https:\/\/www.linkedin.com\/company\/ag\u00eanciainfra\/","https:\/\/www.instagram.com\/agenciainfra\/"]},{"@type":"Person","@id":"https:\/\/agenciainfra.com\/blog\/#\/schema\/person\/34af08dff6adea4cb22b06612ba7acfa","name":"Ag\u00eancia iNFRA","image":{"@type":"ImageObject","inLanguage":"pt-BR","@id":"https:\/\/agenciainfra.com\/blog\/#\/schema\/person\/image\/","url":"https:\/\/secure.gravatar.com\/avatar\/d189e01678f06d8eb84d4e01f08eb848b3fffe3f8443818d3c356c66892f5be8?s=96&d=mm&r=g","contentUrl":"https:\/\/secure.gravatar.com\/avatar\/d189e01678f06d8eb84d4e01f08eb848b3fffe3f8443818d3c356c66892f5be8?s=96&d=mm&r=g","caption":"Ag\u00eancia iNFRA"},"url":"https:\/\/agenciainfra.com\/blog\/author\/admin\/"}]}},"_links":{"self":[{"href":"https:\/\/agenciainfra.com\/blog\/wp-json\/wp\/v2\/posts\/30595","targetHints":{"allow":["GET"]}}],"collection":[{"href":"https:\/\/agenciainfra.com\/blog\/wp-json\/wp\/v2\/posts"}],"about":[{"href":"https:\/\/agenciainfra.com\/blog\/wp-json\/wp\/v2\/types\/post"}],"author":[{"embeddable":true,"href":"https:\/\/agenciainfra.com\/blog\/wp-json\/wp\/v2\/users\/1"}],"replies":[{"embeddable":true,"href":"https:\/\/agenciainfra.com\/blog\/wp-json\/wp\/v2\/comments?post=30595"}],"version-history":[{"count":1,"href":"https:\/\/agenciainfra.com\/blog\/wp-json\/wp\/v2\/posts\/30595\/revisions"}],"predecessor-version":[{"id":30599,"href":"https:\/\/agenciainfra.com\/blog\/wp-json\/wp\/v2\/posts\/30595\/revisions\/30599"}],"wp:featuredmedia":[{"embeddable":true,"href":"https:\/\/agenciainfra.com\/blog\/wp-json\/wp\/v2\/media\/30596"}],"wp:attachment":[{"href":"https:\/\/agenciainfra.com\/blog\/wp-json\/wp\/v2\/media?parent=30595"}],"wp:term":[{"taxonomy":"category","embeddable":true,"href":"https:\/\/agenciainfra.com\/blog\/wp-json\/wp\/v2\/categories?post=30595"},{"taxonomy":"post_tag","embeddable":true,"href":"https:\/\/agenciainfra.com\/blog\/wp-json\/wp\/v2\/tags?post=30595"}],"curies":[{"name":"wp","href":"https:\/\/api.w.org\/{rel}","templated":true}]}}