{"id":30604,"date":"2025-10-24T15:24:29","date_gmt":"2025-10-24T18:24:29","guid":{"rendered":"https:\/\/agenciainfra.com\/blog\/?p=30604"},"modified":"2025-10-27T13:13:58","modified_gmt":"2025-10-27T16:13:58","slug":"anm-atendera-exigencias-do-tcu-sobre-garimpo-em-30-dias","status":"publish","type":"post","link":"https:\/\/agenciainfra.com\/blog\/anm-atendera-exigencias-do-tcu-sobre-garimpo-em-30-dias\/","title":{"rendered":"ANM atender\u00e1 exig\u00eancias do TCU sobre garimpo em 30 dias"},"content":{"rendered":"\n<p class=\"has-text-align-right\"><strong>Rafael Bitencourt, da Ag\u00eancia iNFRA<\/strong><\/p>\n\n\n\n<p>A diretoria da ANM (Ag\u00eancia Nacional de Minera\u00e7\u00e3o) referendou nesta sexta-feira (24) a atualiza\u00e7\u00e3o do regime de PLG (Permiss\u00e3o de Lavra Garimpeira), publicado em meados de junho na Resolu\u00e7\u00e3o 208\/2025. A norma, contudo, ainda passar\u00e1 por adequa\u00e7\u00e3o no prazo de at\u00e9 30 dias para atender a <a href=\"https:\/\/agenciainfra.com\/blog\/tcu-determina-que-anm-feche-o-cerco-contra-lavras-acima-do-tamanho-limite-e-contrabando-de-ouro\/\">recomenda\u00e7\u00f5es do TCU<\/a> (Tribunal de Contas da Uni\u00e3o).<\/p>\n\n\n\n<p>Durante reuni\u00e3o, o diretor Tasso Mendon\u00e7a informou que integrantes da ANM estiveram nesta quinta-feira (23) com representantes do tribunal para alinhar entendimentos sobre as mudan\u00e7as na resolu\u00e7\u00e3o. Segundo ele, n\u00e3o houve tempo h\u00e1bil para fechar a vers\u00e3o final do texto, contudo est\u00e1 para encerrar o prazo para referendar a decis\u00e3o que aprovou a norma.<\/p>\n\n\n\n<p>Mendon\u00e7a afirmou que essa transi\u00e7\u00e3o de regras tem gerado incertezas no setor e defendeu uma r\u00e1pida tomada de decis\u00e3o da ag\u00eancia sobre o tema. Segundo ele, empreendedores avaliam abrir m\u00e3o de parte das \u00e1reas que det\u00eam para cumprir as novas regras.<\/p>\n\n\n\n<p>Em junho, a Resolu\u00e7\u00e3o 208 trouxe como principal mudan\u00e7a a defini\u00e7\u00e3o de novos limites de \u00e1rea para a atividade garimpeira. Pessoas f\u00edsicas poder\u00e3o explorar uma \u00e1rea total de at\u00e9 50 hectares. J\u00e1 as cooperativas de garimpeiros passam at\u00e9 um limite de at\u00e9 mil hectares por t\u00edtulo, menor do que o limite anterior de 10 mil hectares.<\/p>\n\n\n\n<p>Aquela pessoa com interesse em \u00e1reas maiores do que 50 hectares pode se organizar por meio de cooperativa. Se o investidor quiser ir al\u00e9m dos mil hectares, \u00e9 poss\u00edvel fazer a mudan\u00e7a para o regime de concess\u00e3o de lavra garimpeira, com as exig\u00eancias e vantagens espec\u00edficas.<\/p>\n\n\n\n<p><strong>Simplifica\u00e7\u00e3o<\/strong><br>Durante a reuni\u00e3o, o comando da ANM tamb\u00e9m aprovou a revis\u00e3o da Resolu\u00e7\u00e3o 1\/2018, envolvendo medida de simplifica\u00e7\u00e3o dos processos de outorga. Relatado pelo diretor Jos\u00e9 Fernando Gomes, o processo passa por temas da Agenda Regulat\u00f3ria 2025-2026, o Guia de Fluxos e Processos de Trabalho e compet\u00eancia regimental da diretoria colegiada para delibera\u00e7\u00e3o.<\/p>\n","protected":false},"excerpt":{"rendered":"<p>Rafael Bitencourt, da Ag\u00eancia iNFRA A diretoria da ANM (Ag\u00eancia Nacional de Minera\u00e7\u00e3o) referendou nesta sexta-feira (24) a atualiza\u00e7\u00e3o do regime de PLG (Permiss\u00e3o de Lavra Garimpeira), publicado em meados de junho na Resolu\u00e7\u00e3o 208\/2025. A norma, contudo, ainda passar\u00e1 por adequa\u00e7\u00e3o no prazo de at\u00e9 30 dias para atender a recomenda\u00e7\u00f5es do TCU (Tribunal [&hellip;]<\/p>\n","protected":false},"author":1,"featured_media":30041,"comment_status":"closed","ping_status":"closed","sticky":false,"template":"","format":"standard","meta":{"_monsterinsights_skip_tracking":false,"_monsterinsights_sitenote_active":false,"_monsterinsights_sitenote_note":"","_monsterinsights_sitenote_category":0,"footnotes":""},"categories":[7250,13239],"tags":[340,13465,15106,13813,16445,18],"class_list":["post-30604","post","type-post","status-publish","format-standard","has-post-thumbnail","hentry","category-destaque-lista","category-mineracao","tag-anm","tag-garimpo","tag-jose-fernando-gomes","tag-rafael-bitencourt","tag-tasso-mendonca","tag-tcu"],"yoast_head":"<!-- This site is optimized with the Yoast SEO Premium plugin v25.4 (Yoast SEO v26.0) - https:\/\/yoast.com\/wordpress\/plugins\/seo\/ -->\n<title>ANM atender\u00e1 exig\u00eancias do TCU sobre garimpo em 30 dias - Ag\u00eancia iNFRA<\/title>\n<meta name=\"robots\" content=\"index, follow, max-snippet:-1, max-image-preview:large, max-video-preview:-1\" \/>\n<link rel=\"canonical\" href=\"https:\/\/agenciainfra.com\/blog\/anm-atendera-exigencias-do-tcu-sobre-garimpo-em-30-dias\/\" \/>\n<meta property=\"og:locale\" content=\"pt_BR\" \/>\n<meta property=\"og:type\" content=\"article\" \/>\n<meta property=\"og:title\" content=\"ANM atender\u00e1 exig\u00eancias do TCU sobre garimpo em 30 dias\" \/>\n<meta property=\"og:description\" content=\"Rafael Bitencourt, da Ag\u00eancia iNFRA A diretoria da ANM (Ag\u00eancia Nacional de Minera\u00e7\u00e3o) referendou nesta sexta-feira (24) a atualiza\u00e7\u00e3o do regime de PLG (Permiss\u00e3o de Lavra Garimpeira), publicado em meados de junho na Resolu\u00e7\u00e3o 208\/2025. A norma, contudo, ainda passar\u00e1 por adequa\u00e7\u00e3o no prazo de at\u00e9 30 dias para atender a recomenda\u00e7\u00f5es do TCU (Tribunal [&hellip;]\" \/>\n<meta property=\"og:url\" content=\"https:\/\/agenciainfra.com\/blog\/anm-atendera-exigencias-do-tcu-sobre-garimpo-em-30-dias\/\" \/>\n<meta property=\"og:site_name\" content=\"Ag\u00eancia iNFRA\" \/>\n<meta property=\"article:publisher\" content=\"https:\/\/www.facebook.com\/ageninfra\" \/>\n<meta property=\"article:published_time\" content=\"2025-10-24T18:24:29+00:00\" \/>\n<meta property=\"article:modified_time\" content=\"2025-10-27T16:13:58+00:00\" \/>\n<meta property=\"og:image\" content=\"https:\/\/agenciainfra.com\/blog\/wp-content\/uploads\/2025\/10\/anm-fachada-foto-anm-1-e1760715211580.jpeg\" \/>\n\t<meta property=\"og:image:width\" content=\"1236\" \/>\n\t<meta property=\"og:image:height\" content=\"840\" \/>\n\t<meta property=\"og:image:type\" content=\"image\/jpeg\" \/>\n<meta name=\"author\" content=\"Ag\u00eancia iNFRA\" \/>\n<meta name=\"twitter:card\" content=\"summary_large_image\" \/>\n<meta name=\"twitter:creator\" content=\"@agencia_infra\" \/>\n<meta name=\"twitter:site\" content=\"@agencia_infra\" \/>\n<meta name=\"twitter:label1\" content=\"Escrito por\" \/>\n\t<meta name=\"twitter:data1\" content=\"Ag\u00eancia iNFRA\" \/>\n\t<meta name=\"twitter:label2\" content=\"Est. tempo de leitura\" \/>\n\t<meta name=\"twitter:data2\" content=\"2 minutos\" \/>\n<script type=\"application\/ld+json\" class=\"yoast-schema-graph\">{\"@context\":\"https:\/\/schema.org\",\"@graph\":[{\"@type\":\"Article\",\"@id\":\"https:\/\/agenciainfra.com\/blog\/anm-atendera-exigencias-do-tcu-sobre-garimpo-em-30-dias\/#article\",\"isPartOf\":{\"@id\":\"https:\/\/agenciainfra.com\/blog\/anm-atendera-exigencias-do-tcu-sobre-garimpo-em-30-dias\/\"},\"author\":{\"name\":\"Ag\u00eancia iNFRA\",\"@id\":\"https:\/\/agenciainfra.com\/blog\/#\/schema\/person\/34af08dff6adea4cb22b06612ba7acfa\"},\"headline\":\"ANM atender\u00e1 exig\u00eancias do TCU sobre garimpo em 30 dias\",\"datePublished\":\"2025-10-24T18:24:29+00:00\",\"dateModified\":\"2025-10-27T16:13:58+00:00\",\"mainEntityOfPage\":{\"@id\":\"https:\/\/agenciainfra.com\/blog\/anm-atendera-exigencias-do-tcu-sobre-garimpo-em-30-dias\/\"},\"wordCount\":355,\"publisher\":{\"@id\":\"https:\/\/agenciainfra.com\/blog\/#organization\"},\"image\":{\"@id\":\"https:\/\/agenciainfra.com\/blog\/anm-atendera-exigencias-do-tcu-sobre-garimpo-em-30-dias\/#primaryimage\"},\"thumbnailUrl\":\"https:\/\/agenciainfra.com\/blog\/wp-content\/uploads\/2025\/10\/anm-fachada-foto-anm-1-e1760715211580.jpeg\",\"keywords\":[\"ANM\",\"garimpo\",\"Jos\u00e9 Fernando Gomes\",\"Rafael Bitencourt\",\"Tasso Mendon\u00e7a\",\"TCU\"],\"articleSection\":[\"Destaque lista\",\"Minera\u00e7\u00e3o\"],\"inLanguage\":\"pt-BR\",\"copyrightYear\":\"2025\",\"copyrightHolder\":{\"@id\":\"https:\/\/agenciainfra.com\/blog\/#organization\"}},{\"@type\":\"WebPage\",\"@id\":\"https:\/\/agenciainfra.com\/blog\/anm-atendera-exigencias-do-tcu-sobre-garimpo-em-30-dias\/\",\"url\":\"https:\/\/agenciainfra.com\/blog\/anm-atendera-exigencias-do-tcu-sobre-garimpo-em-30-dias\/\",\"name\":\"ANM atender\u00e1 exig\u00eancias do TCU sobre garimpo em 30 dias - Ag\u00eancia iNFRA\",\"isPartOf\":{\"@id\":\"https:\/\/agenciainfra.com\/blog\/#website\"},\"primaryImageOfPage\":{\"@id\":\"https:\/\/agenciainfra.com\/blog\/anm-atendera-exigencias-do-tcu-sobre-garimpo-em-30-dias\/#primaryimage\"},\"image\":{\"@id\":\"https:\/\/agenciainfra.com\/blog\/anm-atendera-exigencias-do-tcu-sobre-garimpo-em-30-dias\/#primaryimage\"},\"thumbnailUrl\":\"https:\/\/agenciainfra.com\/blog\/wp-content\/uploads\/2025\/10\/anm-fachada-foto-anm-1-e1760715211580.jpeg\",\"datePublished\":\"2025-10-24T18:24:29+00:00\",\"dateModified\":\"2025-10-27T16:13:58+00:00\",\"breadcrumb\":{\"@id\":\"https:\/\/agenciainfra.com\/blog\/anm-atendera-exigencias-do-tcu-sobre-garimpo-em-30-dias\/#breadcrumb\"},\"inLanguage\":\"pt-BR\",\"potentialAction\":[{\"@type\":\"ReadAction\",\"target\":[\"https:\/\/agenciainfra.com\/blog\/anm-atendera-exigencias-do-tcu-sobre-garimpo-em-30-dias\/\"]}]},{\"@type\":\"ImageObject\",\"inLanguage\":\"pt-BR\",\"@id\":\"https:\/\/agenciainfra.com\/blog\/anm-atendera-exigencias-do-tcu-sobre-garimpo-em-30-dias\/#primaryimage\",\"url\":\"https:\/\/agenciainfra.com\/blog\/wp-content\/uploads\/2025\/10\/anm-fachada-foto-anm-1-e1760715211580.jpeg\",\"contentUrl\":\"https:\/\/agenciainfra.com\/blog\/wp-content\/uploads\/2025\/10\/anm-fachada-foto-anm-1-e1760715211580.jpeg\",\"width\":1236,\"height\":840,\"caption\":\"Foto: ANM\"},{\"@type\":\"BreadcrumbList\",\"@id\":\"https:\/\/agenciainfra.com\/blog\/anm-atendera-exigencias-do-tcu-sobre-garimpo-em-30-dias\/#breadcrumb\",\"itemListElement\":[{\"@type\":\"ListItem\",\"position\":1,\"name\":\"In\u00edcio\",\"item\":\"https:\/\/agenciainfra.com\/blog\/\"},{\"@type\":\"ListItem\",\"position\":2,\"name\":\"ANM atender\u00e1 exig\u00eancias do TCU sobre garimpo em 30 dias\"}]},{\"@type\":\"WebSite\",\"@id\":\"https:\/\/agenciainfra.com\/blog\/#website\",\"url\":\"https:\/\/agenciainfra.com\/blog\/\",\"name\":\"Ag\u00eancia iNFRA\",\"description\":\"Multiplataforma de informa\u00e7\u00e3o jornal\u00edstica refer\u00eancia na \u00e1rea de infraestrutura no Brasil!\",\"publisher\":{\"@id\":\"https:\/\/agenciainfra.com\/blog\/#organization\"},\"potentialAction\":[{\"@type\":\"SearchAction\",\"target\":{\"@type\":\"EntryPoint\",\"urlTemplate\":\"https:\/\/agenciainfra.com\/blog\/?s={search_term_string}\"},\"query-input\":{\"@type\":\"PropertyValueSpecification\",\"valueRequired\":true,\"valueName\":\"search_term_string\"}}],\"inLanguage\":\"pt-BR\"},{\"@type\":\"Organization\",\"@id\":\"https:\/\/agenciainfra.com\/blog\/#organization\",\"name\":\"Ag\u00eancia iNFRA\",\"url\":\"https:\/\/agenciainfra.com\/blog\/\",\"logo\":{\"@type\":\"ImageObject\",\"inLanguage\":\"pt-BR\",\"@id\":\"https:\/\/agenciainfra.com\/blog\/#\/schema\/logo\/image\/\",\"url\":\"https:\/\/agenciainfra.com\/blog\/wp-content\/uploads\/2023\/09\/iNFRA_5-e1761735885940.png\",\"contentUrl\":\"https:\/\/agenciainfra.com\/blog\/wp-content\/uploads\/2023\/09\/iNFRA_5-e1761735885940.png\",\"width\":1672,\"height\":454,\"caption\":\"Ag\u00eancia iNFRA\"},\"image\":{\"@id\":\"https:\/\/agenciainfra.com\/blog\/#\/schema\/logo\/image\/\"},\"sameAs\":[\"https:\/\/www.facebook.com\/ageninfra\",\"https:\/\/x.com\/agencia_infra\",\"https:\/\/www.linkedin.com\/company\/ag\u00eanciainfra\/\",\"https:\/\/www.instagram.com\/agenciainfra\/\"]},{\"@type\":\"Person\",\"@id\":\"https:\/\/agenciainfra.com\/blog\/#\/schema\/person\/34af08dff6adea4cb22b06612ba7acfa\",\"name\":\"Ag\u00eancia iNFRA\",\"image\":{\"@type\":\"ImageObject\",\"inLanguage\":\"pt-BR\",\"@id\":\"https:\/\/agenciainfra.com\/blog\/#\/schema\/person\/image\/\",\"url\":\"https:\/\/secure.gravatar.com\/avatar\/d189e01678f06d8eb84d4e01f08eb848b3fffe3f8443818d3c356c66892f5be8?s=96&d=mm&r=g\",\"contentUrl\":\"https:\/\/secure.gravatar.com\/avatar\/d189e01678f06d8eb84d4e01f08eb848b3fffe3f8443818d3c356c66892f5be8?s=96&d=mm&r=g\",\"caption\":\"Ag\u00eancia iNFRA\"},\"url\":\"https:\/\/agenciainfra.com\/blog\/author\/admin\/\"}]}<\/script>\n<!-- \/ Yoast SEO Premium plugin. -->","yoast_head_json":{"title":"ANM atender\u00e1 exig\u00eancias do TCU sobre garimpo em 30 dias - Ag\u00eancia iNFRA","robots":{"index":"index","follow":"follow","max-snippet":"max-snippet:-1","max-image-preview":"max-image-preview:large","max-video-preview":"max-video-preview:-1"},"canonical":"https:\/\/agenciainfra.com\/blog\/anm-atendera-exigencias-do-tcu-sobre-garimpo-em-30-dias\/","og_locale":"pt_BR","og_type":"article","og_title":"ANM atender\u00e1 exig\u00eancias do TCU sobre garimpo em 30 dias","og_description":"Rafael Bitencourt, da Ag\u00eancia iNFRA A diretoria da ANM (Ag\u00eancia Nacional de Minera\u00e7\u00e3o) referendou nesta sexta-feira (24) a atualiza\u00e7\u00e3o do regime de PLG (Permiss\u00e3o de Lavra Garimpeira), publicado em meados de junho na Resolu\u00e7\u00e3o 208\/2025. A norma, contudo, ainda passar\u00e1 por adequa\u00e7\u00e3o no prazo de at\u00e9 30 dias para atender a recomenda\u00e7\u00f5es do TCU (Tribunal [&hellip;]","og_url":"https:\/\/agenciainfra.com\/blog\/anm-atendera-exigencias-do-tcu-sobre-garimpo-em-30-dias\/","og_site_name":"Ag\u00eancia iNFRA","article_publisher":"https:\/\/www.facebook.com\/ageninfra","article_published_time":"2025-10-24T18:24:29+00:00","article_modified_time":"2025-10-27T16:13:58+00:00","og_image":[{"width":1236,"height":840,"url":"https:\/\/agenciainfra.com\/blog\/wp-content\/uploads\/2025\/10\/anm-fachada-foto-anm-1-e1760715211580.jpeg","type":"image\/jpeg"}],"author":"Ag\u00eancia iNFRA","twitter_card":"summary_large_image","twitter_creator":"@agencia_infra","twitter_site":"@agencia_infra","twitter_misc":{"Escrito por":"Ag\u00eancia iNFRA","Est. tempo de leitura":"2 minutos"},"schema":{"@context":"https:\/\/schema.org","@graph":[{"@type":"Article","@id":"https:\/\/agenciainfra.com\/blog\/anm-atendera-exigencias-do-tcu-sobre-garimpo-em-30-dias\/#article","isPartOf":{"@id":"https:\/\/agenciainfra.com\/blog\/anm-atendera-exigencias-do-tcu-sobre-garimpo-em-30-dias\/"},"author":{"name":"Ag\u00eancia iNFRA","@id":"https:\/\/agenciainfra.com\/blog\/#\/schema\/person\/34af08dff6adea4cb22b06612ba7acfa"},"headline":"ANM atender\u00e1 exig\u00eancias do TCU sobre garimpo em 30 dias","datePublished":"2025-10-24T18:24:29+00:00","dateModified":"2025-10-27T16:13:58+00:00","mainEntityOfPage":{"@id":"https:\/\/agenciainfra.com\/blog\/anm-atendera-exigencias-do-tcu-sobre-garimpo-em-30-dias\/"},"wordCount":355,"publisher":{"@id":"https:\/\/agenciainfra.com\/blog\/#organization"},"image":{"@id":"https:\/\/agenciainfra.com\/blog\/anm-atendera-exigencias-do-tcu-sobre-garimpo-em-30-dias\/#primaryimage"},"thumbnailUrl":"https:\/\/agenciainfra.com\/blog\/wp-content\/uploads\/2025\/10\/anm-fachada-foto-anm-1-e1760715211580.jpeg","keywords":["ANM","garimpo","Jos\u00e9 Fernando Gomes","Rafael Bitencourt","Tasso Mendon\u00e7a","TCU"],"articleSection":["Destaque lista","Minera\u00e7\u00e3o"],"inLanguage":"pt-BR","copyrightYear":"2025","copyrightHolder":{"@id":"https:\/\/agenciainfra.com\/blog\/#organization"}},{"@type":"WebPage","@id":"https:\/\/agenciainfra.com\/blog\/anm-atendera-exigencias-do-tcu-sobre-garimpo-em-30-dias\/","url":"https:\/\/agenciainfra.com\/blog\/anm-atendera-exigencias-do-tcu-sobre-garimpo-em-30-dias\/","name":"ANM atender\u00e1 exig\u00eancias do TCU sobre garimpo em 30 dias - Ag\u00eancia iNFRA","isPartOf":{"@id":"https:\/\/agenciainfra.com\/blog\/#website"},"primaryImageOfPage":{"@id":"https:\/\/agenciainfra.com\/blog\/anm-atendera-exigencias-do-tcu-sobre-garimpo-em-30-dias\/#primaryimage"},"image":{"@id":"https:\/\/agenciainfra.com\/blog\/anm-atendera-exigencias-do-tcu-sobre-garimpo-em-30-dias\/#primaryimage"},"thumbnailUrl":"https:\/\/agenciainfra.com\/blog\/wp-content\/uploads\/2025\/10\/anm-fachada-foto-anm-1-e1760715211580.jpeg","datePublished":"2025-10-24T18:24:29+00:00","dateModified":"2025-10-27T16:13:58+00:00","breadcrumb":{"@id":"https:\/\/agenciainfra.com\/blog\/anm-atendera-exigencias-do-tcu-sobre-garimpo-em-30-dias\/#breadcrumb"},"inLanguage":"pt-BR","potentialAction":[{"@type":"ReadAction","target":["https:\/\/agenciainfra.com\/blog\/anm-atendera-exigencias-do-tcu-sobre-garimpo-em-30-dias\/"]}]},{"@type":"ImageObject","inLanguage":"pt-BR","@id":"https:\/\/agenciainfra.com\/blog\/anm-atendera-exigencias-do-tcu-sobre-garimpo-em-30-dias\/#primaryimage","url":"https:\/\/agenciainfra.com\/blog\/wp-content\/uploads\/2025\/10\/anm-fachada-foto-anm-1-e1760715211580.jpeg","contentUrl":"https:\/\/agenciainfra.com\/blog\/wp-content\/uploads\/2025\/10\/anm-fachada-foto-anm-1-e1760715211580.jpeg","width":1236,"height":840,"caption":"Foto: ANM"},{"@type":"BreadcrumbList","@id":"https:\/\/agenciainfra.com\/blog\/anm-atendera-exigencias-do-tcu-sobre-garimpo-em-30-dias\/#breadcrumb","itemListElement":[{"@type":"ListItem","position":1,"name":"In\u00edcio","item":"https:\/\/agenciainfra.com\/blog\/"},{"@type":"ListItem","position":2,"name":"ANM atender\u00e1 exig\u00eancias do TCU sobre garimpo em 30 dias"}]},{"@type":"WebSite","@id":"https:\/\/agenciainfra.com\/blog\/#website","url":"https:\/\/agenciainfra.com\/blog\/","name":"Ag\u00eancia iNFRA","description":"Multiplataforma de informa\u00e7\u00e3o jornal\u00edstica refer\u00eancia na \u00e1rea de infraestrutura no Brasil!","publisher":{"@id":"https:\/\/agenciainfra.com\/blog\/#organization"},"potentialAction":[{"@type":"SearchAction","target":{"@type":"EntryPoint","urlTemplate":"https:\/\/agenciainfra.com\/blog\/?s={search_term_string}"},"query-input":{"@type":"PropertyValueSpecification","valueRequired":true,"valueName":"search_term_string"}}],"inLanguage":"pt-BR"},{"@type":"Organization","@id":"https:\/\/agenciainfra.com\/blog\/#organization","name":"Ag\u00eancia iNFRA","url":"https:\/\/agenciainfra.com\/blog\/","logo":{"@type":"ImageObject","inLanguage":"pt-BR","@id":"https:\/\/agenciainfra.com\/blog\/#\/schema\/logo\/image\/","url":"https:\/\/agenciainfra.com\/blog\/wp-content\/uploads\/2023\/09\/iNFRA_5-e1761735885940.png","contentUrl":"https:\/\/agenciainfra.com\/blog\/wp-content\/uploads\/2023\/09\/iNFRA_5-e1761735885940.png","width":1672,"height":454,"caption":"Ag\u00eancia iNFRA"},"image":{"@id":"https:\/\/agenciainfra.com\/blog\/#\/schema\/logo\/image\/"},"sameAs":["https:\/\/www.facebook.com\/ageninfra","https:\/\/x.com\/agencia_infra","https:\/\/www.linkedin.com\/company\/ag\u00eanciainfra\/","https:\/\/www.instagram.com\/agenciainfra\/"]},{"@type":"Person","@id":"https:\/\/agenciainfra.com\/blog\/#\/schema\/person\/34af08dff6adea4cb22b06612ba7acfa","name":"Ag\u00eancia iNFRA","image":{"@type":"ImageObject","inLanguage":"pt-BR","@id":"https:\/\/agenciainfra.com\/blog\/#\/schema\/person\/image\/","url":"https:\/\/secure.gravatar.com\/avatar\/d189e01678f06d8eb84d4e01f08eb848b3fffe3f8443818d3c356c66892f5be8?s=96&d=mm&r=g","contentUrl":"https:\/\/secure.gravatar.com\/avatar\/d189e01678f06d8eb84d4e01f08eb848b3fffe3f8443818d3c356c66892f5be8?s=96&d=mm&r=g","caption":"Ag\u00eancia iNFRA"},"url":"https:\/\/agenciainfra.com\/blog\/author\/admin\/"}]}},"_links":{"self":[{"href":"https:\/\/agenciainfra.com\/blog\/wp-json\/wp\/v2\/posts\/30604","targetHints":{"allow":["GET"]}}],"collection":[{"href":"https:\/\/agenciainfra.com\/blog\/wp-json\/wp\/v2\/posts"}],"about":[{"href":"https:\/\/agenciainfra.com\/blog\/wp-json\/wp\/v2\/types\/post"}],"author":[{"embeddable":true,"href":"https:\/\/agenciainfra.com\/blog\/wp-json\/wp\/v2\/users\/1"}],"replies":[{"embeddable":true,"href":"https:\/\/agenciainfra.com\/blog\/wp-json\/wp\/v2\/comments?post=30604"}],"version-history":[{"count":1,"href":"https:\/\/agenciainfra.com\/blog\/wp-json\/wp\/v2\/posts\/30604\/revisions"}],"predecessor-version":[{"id":30609,"href":"https:\/\/agenciainfra.com\/blog\/wp-json\/wp\/v2\/posts\/30604\/revisions\/30609"}],"wp:featuredmedia":[{"embeddable":true,"href":"https:\/\/agenciainfra.com\/blog\/wp-json\/wp\/v2\/media\/30041"}],"wp:attachment":[{"href":"https:\/\/agenciainfra.com\/blog\/wp-json\/wp\/v2\/media?parent=30604"}],"wp:term":[{"taxonomy":"category","embeddable":true,"href":"https:\/\/agenciainfra.com\/blog\/wp-json\/wp\/v2\/categories?post=30604"},{"taxonomy":"post_tag","embeddable":true,"href":"https:\/\/agenciainfra.com\/blog\/wp-json\/wp\/v2\/tags?post=30604"}],"curies":[{"name":"wp","href":"https:\/\/api.w.org\/{rel}","templated":true}]}}