{"id":30682,"date":"2025-10-27T09:00:00","date_gmt":"2025-10-27T12:00:00","guid":{"rendered":"https:\/\/agenciainfra.com\/blog\/?p=30682"},"modified":"2025-10-28T11:46:01","modified_gmt":"2025-10-28T14:46:01","slug":"carro-eletrico-nao-sera-aliado-se-sinal-de-preco-da-energia-nao-evoluir","status":"publish","type":"post","link":"https:\/\/agenciainfra.com\/blog\/carro-eletrico-nao-sera-aliado-se-sinal-de-preco-da-energia-nao-evoluir\/","title":{"rendered":"Carro el\u00e9trico n\u00e3o ser\u00e1 aliado se sinal de pre\u00e7o da energia n\u00e3o evoluir"},"content":{"rendered":"\n<p class=\"has-text-align-right\"><strong>Rafael Bitencourt, da Ag\u00eancia iNFRA<\/strong><\/p>\n\n\n\n<p>O boom do mercado de ve\u00edculos el\u00e9tricos no Brasil tem estimulado o debate entre especialistas sobre o seu impacto&nbsp;na opera\u00e7\u00e3o do SIN (Sistema Interligado Nacional). T\u00e9cnicos ouvidos pela&nbsp;<strong>Ag\u00eancia iNFRA<\/strong>&nbsp;consideram que a eletromobilidade poderia&nbsp;contribuir, consumindo o excesso de energia durante o dia, quando h\u00e1 a gera\u00e7\u00e3o solar. Para isso, seria preciso&nbsp;um sinal de pre\u00e7o da energia adequado, com&nbsp;estabelecimento de tarifas hor\u00e1rias: pre\u00e7os mais baratos&nbsp;durante o dia, incentivando o carregamento dos carros quando h\u00e1 sobreoferta na&nbsp;rede.&nbsp;<\/p>\n\n\n\n<p>Na pr\u00e1tica, esse\u00a0ajuste nas tarifas poderia reduzir preju\u00edzos causados pelo chamado curtailment, os cortes obrigat\u00f3rios de gera\u00e7\u00e3o por excesso de oferta.\u00a0Edvaldo Santana, professor da UFSC\u00a0(Universidade Federal de Santa Catarina) e ex-diretor da ANEEL (Ag\u00eancia Nacional de Energia El\u00e9trica), ressalta que, \u201ccomo o excedente de oferta \u00e9 no meio do dia, o ideal \u00e9 que haja mais consumo flex\u00edvel, como dos ve\u00edculos el\u00e9tricos, que podem ser carregados nesse per\u00edodo\u201d, disse.<\/p>\n\n\n\n<p>O CEO da PSR e ex-presidente da EPE (Empresa de Pesquisa Energ\u00e9tica), Luiz Barroso, refor\u00e7a que os carros plugados na rede&nbsp;oferecem muitas oportunidades de contribuir com o sistema. \u201cVoc\u00ea pode armazenar a energia intermitente, que est\u00e1 sendo gerada por solar ou e\u00f3lica durante o dia, e depois devolver isso num momento de queda, de sa\u00edda das renov\u00e1veis no final do dia \u2013 para prevenir os efeitos do pico de consumo, por exemplo\u201d, disse \u00e0&nbsp;<strong>Ag\u00eancia iNFRA<\/strong>.<\/p>\n\n\n\n<p>Enquanto n\u00e3o h\u00e1 sinal de pre\u00e7o adequado para induzir o comportamento dos ve\u00edculos conectados \u00e0 rede, montadoras do segmento destacam a praticidade de \u201ccarregar seu ve\u00edculo durante a noite, aproveitando a comodidade de abastecer seu carro enquanto voc\u00ea dorme. Assim como voc\u00ea j\u00e1 faz com o seu celular\u201d, descreve o site do fabricante chin\u00eas BYD.<\/p>\n\n\n\n<p>Luiz Barroso, da PSR, explica que, no cen\u00e1rio ideal, o dono de carro el\u00e9trico pode responder \u00e0s varia\u00e7\u00f5es de pre\u00e7o da energia, decidindo se \u00e9 hora de carregar ou descarregar a bateria no sistema el\u00e9trico. No exterior, segundo ele, isso j\u00e1 \u00e9 feito de forma autom\u00e1tica por aplicativos configurados pelos usu\u00e1rios.<\/p>\n\n\n\n<p>\u201cEssa tecnologia pode trazer um recurso importante, de oferta descentralizada ao sistema, mas tamb\u00e9m traz uma demanda que precisar\u00e1 ser planejada em termos de atendimento \u2013 n\u00e3o s\u00f3 pelo sistema de distribui\u00e7\u00e3o, mas pelo sistema de gera\u00e7\u00e3o tamb\u00e9m\u201d, disse o especialista. Ele refor\u00e7a que \u201cainda n\u00e3o existe sinal de pre\u00e7o correto\u201d para chegarem as mudan\u00e7as esperadas.<br><br>A pauta sobre as vantagens do armazenamento de energia j\u00e1 foi inaugurada com a discuss\u00e3o no governo sobre a contrata\u00e7\u00e3o de grandes sistemas de baterias (BESS, na sigla em ingl\u00eas) para atender aos comandos do ONS (Operador Nacional do Sistema El\u00e9trico).&nbsp;<br><br>\u201cOs carros el\u00e9tricos acabam surfando na discuss\u00e3o sobre a contrata\u00e7\u00e3o de baterias. Eles podem ser vistos como um subconjunto desse debate que hoje est\u00e1 em andamento\u201d, afirmou Barroso. \u201c\u00c9 muito interessante a capacidade do carro el\u00e9trico de ser uma \u2018bateria distribu\u00edda\u2019 e, com isso, ajudar o sistema.\u201d<br><br><strong>Mais flexibilidade<\/strong><br>A economista Joisa Dutra, diretora do FGV-Ceri (Centro de Regula\u00e7\u00e3o em Infraestrutura da Funda\u00e7\u00e3o Getulio Vargas) e ex-diretora da ANEEL, ressalta a import\u00e2ncia da \u201cflexibilidade da demanda\u201d para que esse novo segmento de carga possa contribuir com a opera\u00e7\u00e3o do sistema.&nbsp;<br><br>\u201cSejam os data centers ou os ve\u00edculos el\u00e9tricos, eles s\u00f3 v\u00e3o ajudar o setor a lidar com a atual sobreoferta [de energia], por exemplo, se forem recursos de flexibilidade, se tiverem capacidade de dar resposta aos sinais de pre\u00e7os\u201d, afirmou a diretora da FGV. Ela citou como exemplo o mecanismo de Resposta da Demanda, que possibilita a redu\u00e7\u00e3o de carga de consumidores previamente habilitados, com incentivo para a ind\u00fastria mudar a rotina de opera\u00e7\u00e3o das f\u00e1bricas.<br><br>Ela tamb\u00e9m ressalta a necessidade de adapta\u00e7\u00e3o das redes e do modelo de pre\u00e7o da energia para que os carros el\u00e9tricos n\u00e3o sejam um desafio a mais para a opera\u00e7\u00e3o. \u201cA capacidade deles contribu\u00edrem para o sistema depende de como esse mesmo sistema vai se adaptar para receb\u00ea-los. Mas n\u00e3o estamos vendo isso ainda\u201d, alertou. \u201cEntrar por entrar como uma carga comum \u00e9 burrice. Isso significa \u2018desotimizar\u2019 com grande probabilidade o sistema\u201d, acrescentou.<br><br>A economista da FGV avalia que o setor precisa refletir sobre a necessidade de pensar numa \u201carquitetura descentralizada\u201d para o funcionamento da rede. Segundo ela, esse pode ser um caminho para melhor responder ao impacto do crescimento da frota de carros el\u00e9tricos, \u00e0 chegada dos novos data centers ou, em breve, \u00e0 contrata\u00e7\u00e3o dos sistemas de armazenamento.<br><br><strong>Avan\u00e7os tecnol\u00f3gicos<\/strong><br>A expectativa \u00e9 que o planejamento e desenvolvimento do setor receba maior aten\u00e7\u00e3o com a cria\u00e7\u00e3o de uma secretaria de eletromobilidade no MME (Minist\u00e9rio de Minas e Energia), anunciada pelo ministro Alexandre Silveira. Dessa forma, o Brasil poder\u00e1 absorver tecnologias que j\u00e1 funcionam no exterior e que podem otimizar o uso dos carros el\u00e9tricos.&nbsp;<br><br>Na Europa, por exemplo, alguns pa\u00edses j\u00e1 oferecem equipamentos que decidem automaticamente qual a dire\u00e7\u00e3o do fluxo de energia quando o ve\u00edculo el\u00e9trico \u00e9 ligado \u00e0 rede: ou seja, se ele ser\u00e1 carregado ou se ir\u00e1 transferir a energia armazenada para o sistema el\u00e9trico.&nbsp;<br><br>Essa transfer\u00eancia de energia para a rede \u00e9 chamada de V2G (Vehicle to Grid), explica Ayrton Barros, diretor-geral na Neocharge, empresa especializada em carregadores de ve\u00edculos el\u00e9tricos, tamb\u00e9m conselheiro da ABVE (Associa\u00e7\u00e3o Brasileira do Ve\u00edculo El\u00e9trico). A tecnologia permite \u201ca utiliza\u00e7\u00e3o da bateria dos ve\u00edculos para fazer gerenciamento de carga do sistema\u201d, afirma.&nbsp;<br><br>Barros refor\u00e7a que, inspirado no que acontece l\u00e1 fora, o Brasil pode buscar a atualiza\u00e7\u00e3o de regras e a moderniza\u00e7\u00e3o de equipamentos para permitir que os donos dos ve\u00edculos aproveitem o pre\u00e7o mais barato nas horas de maior oferta de energia solar e, se contar com sistema pr\u00f3prio de gera\u00e7\u00e3o ou armazenamento, injetar a sobra na rede quando estiver mais caro, no hor\u00e1rio de pico do consumo.<\/p>\n","protected":false},"excerpt":{"rendered":"<p>Rafael Bitencourt, da Ag\u00eancia iNFRA O boom do mercado de ve\u00edculos el\u00e9tricos no Brasil tem estimulado o debate entre especialistas sobre o seu impacto&nbsp;na opera\u00e7\u00e3o do SIN (Sistema Interligado Nacional). T\u00e9cnicos ouvidos pela&nbsp;Ag\u00eancia iNFRA&nbsp;consideram que a eletromobilidade poderia&nbsp;contribuir, consumindo o excesso de energia durante o dia, quando h\u00e1 a gera\u00e7\u00e3o solar. Para isso, seria preciso&nbsp;um [&hellip;]<\/p>\n","protected":false},"author":1,"featured_media":5232,"comment_status":"closed","ping_status":"closed","sticky":false,"template":"","format":"standard","meta":{"_monsterinsights_skip_tracking":false,"_monsterinsights_sitenote_active":false,"_monsterinsights_sitenote_note":"","_monsterinsights_sitenote_category":0,"footnotes":""},"categories":[10],"tags":[16022,10629,11474,2976,7117,1836,865,121,13813,54,2177],"class_list":["post-30682","post","type-post","status-publish","format-standard","has-post-thumbnail","hentry","category-infraenergia","tag-byd","tag-carros-eletricos","tag-curtailment","tag-eletromobilidade","tag-joisa-dutra","tag-luiz-barroso","tag-preco-da-energia","tag-psr","tag-rafael-bitencourt","tag-setor-eletrico","tag-veiculos-eletricos"],"yoast_head":"<!-- This site is optimized with the Yoast SEO Premium plugin v25.4 (Yoast SEO v26.0) - https:\/\/yoast.com\/wordpress\/plugins\/seo\/ -->\n<title>Carro el\u00e9trico n\u00e3o ser\u00e1 aliado se sinal de pre\u00e7o da energia n\u00e3o evoluir - Ag\u00eancia iNFRA<\/title>\n<meta name=\"robots\" content=\"index, follow, max-snippet:-1, max-image-preview:large, max-video-preview:-1\" \/>\n<link rel=\"canonical\" href=\"https:\/\/agenciainfra.com\/blog\/carro-eletrico-nao-sera-aliado-se-sinal-de-preco-da-energia-nao-evoluir\/\" \/>\n<meta property=\"og:locale\" content=\"pt_BR\" \/>\n<meta property=\"og:type\" content=\"article\" \/>\n<meta property=\"og:title\" content=\"Carro el\u00e9trico n\u00e3o ser\u00e1 aliado se sinal de pre\u00e7o da energia n\u00e3o evoluir\" \/>\n<meta property=\"og:description\" content=\"Rafael Bitencourt, da Ag\u00eancia iNFRA O boom do mercado de ve\u00edculos el\u00e9tricos no Brasil tem estimulado o debate entre especialistas sobre o seu impacto&nbsp;na opera\u00e7\u00e3o do SIN (Sistema Interligado Nacional). T\u00e9cnicos ouvidos pela&nbsp;Ag\u00eancia iNFRA&nbsp;consideram que a eletromobilidade poderia&nbsp;contribuir, consumindo o excesso de energia durante o dia, quando h\u00e1 a gera\u00e7\u00e3o solar. Para isso, seria preciso&nbsp;um [&hellip;]\" \/>\n<meta property=\"og:url\" content=\"https:\/\/agenciainfra.com\/blog\/carro-eletrico-nao-sera-aliado-se-sinal-de-preco-da-energia-nao-evoluir\/\" \/>\n<meta property=\"og:site_name\" content=\"Ag\u00eancia iNFRA\" \/>\n<meta property=\"article:publisher\" content=\"https:\/\/www.facebook.com\/ageninfra\" \/>\n<meta property=\"article:published_time\" content=\"2025-10-27T12:00:00+00:00\" \/>\n<meta property=\"article:modified_time\" content=\"2025-10-28T14:46:01+00:00\" \/>\n<meta property=\"og:image\" content=\"https:\/\/agenciainfra.com\/blog\/wp-content\/uploads\/2020\/06\/carro-eletrico-foto-lucio-bernardo-agencia-brasilia.jpg\" \/>\n\t<meta property=\"og:image:width\" content=\"1280\" \/>\n\t<meta property=\"og:image:height\" content=\"853\" \/>\n\t<meta property=\"og:image:type\" content=\"image\/jpeg\" \/>\n<meta name=\"author\" content=\"Ag\u00eancia iNFRA\" \/>\n<meta name=\"twitter:card\" content=\"summary_large_image\" \/>\n<meta name=\"twitter:creator\" content=\"@agencia_infra\" \/>\n<meta name=\"twitter:site\" content=\"@agencia_infra\" \/>\n<meta name=\"twitter:label1\" content=\"Escrito por\" \/>\n\t<meta name=\"twitter:data1\" content=\"Ag\u00eancia iNFRA\" \/>\n\t<meta name=\"twitter:label2\" content=\"Est. tempo de leitura\" \/>\n\t<meta name=\"twitter:data2\" content=\"5 minutos\" \/>\n<script type=\"application\/ld+json\" class=\"yoast-schema-graph\">{\"@context\":\"https:\/\/schema.org\",\"@graph\":[{\"@type\":\"Article\",\"@id\":\"https:\/\/agenciainfra.com\/blog\/carro-eletrico-nao-sera-aliado-se-sinal-de-preco-da-energia-nao-evoluir\/#article\",\"isPartOf\":{\"@id\":\"https:\/\/agenciainfra.com\/blog\/carro-eletrico-nao-sera-aliado-se-sinal-de-preco-da-energia-nao-evoluir\/\"},\"author\":{\"name\":\"Ag\u00eancia iNFRA\",\"@id\":\"https:\/\/agenciainfra.com\/blog\/#\/schema\/person\/34af08dff6adea4cb22b06612ba7acfa\"},\"headline\":\"Carro el\u00e9trico n\u00e3o ser\u00e1 aliado se sinal de pre\u00e7o da energia n\u00e3o evoluir\",\"datePublished\":\"2025-10-27T12:00:00+00:00\",\"dateModified\":\"2025-10-28T14:46:01+00:00\",\"mainEntityOfPage\":{\"@id\":\"https:\/\/agenciainfra.com\/blog\/carro-eletrico-nao-sera-aliado-se-sinal-de-preco-da-energia-nao-evoluir\/\"},\"wordCount\":1080,\"publisher\":{\"@id\":\"https:\/\/agenciainfra.com\/blog\/#organization\"},\"image\":{\"@id\":\"https:\/\/agenciainfra.com\/blog\/carro-eletrico-nao-sera-aliado-se-sinal-de-preco-da-energia-nao-evoluir\/#primaryimage\"},\"thumbnailUrl\":\"https:\/\/agenciainfra.com\/blog\/wp-content\/uploads\/2020\/06\/carro-eletrico-foto-lucio-bernardo-agencia-brasilia.jpg\",\"keywords\":[\"BYD\",\"Carros el\u00e9tricos\",\"curtailment\",\"eletromobilidade\",\"Jo\u00edsa Dutra\",\"Luiz Barroso\",\"pre\u00e7o da energia\",\"PSR\",\"Rafael Bitencourt\",\"Setor El\u00e9trico\",\"ve\u00edculos el\u00e9tricos\"],\"articleSection\":[\"iNFRAEnergia\"],\"inLanguage\":\"pt-BR\",\"copyrightYear\":\"2025\",\"copyrightHolder\":{\"@id\":\"https:\/\/agenciainfra.com\/blog\/#organization\"}},{\"@type\":\"WebPage\",\"@id\":\"https:\/\/agenciainfra.com\/blog\/carro-eletrico-nao-sera-aliado-se-sinal-de-preco-da-energia-nao-evoluir\/\",\"url\":\"https:\/\/agenciainfra.com\/blog\/carro-eletrico-nao-sera-aliado-se-sinal-de-preco-da-energia-nao-evoluir\/\",\"name\":\"Carro el\u00e9trico n\u00e3o ser\u00e1 aliado se sinal de pre\u00e7o da energia n\u00e3o evoluir - Ag\u00eancia iNFRA\",\"isPartOf\":{\"@id\":\"https:\/\/agenciainfra.com\/blog\/#website\"},\"primaryImageOfPage\":{\"@id\":\"https:\/\/agenciainfra.com\/blog\/carro-eletrico-nao-sera-aliado-se-sinal-de-preco-da-energia-nao-evoluir\/#primaryimage\"},\"image\":{\"@id\":\"https:\/\/agenciainfra.com\/blog\/carro-eletrico-nao-sera-aliado-se-sinal-de-preco-da-energia-nao-evoluir\/#primaryimage\"},\"thumbnailUrl\":\"https:\/\/agenciainfra.com\/blog\/wp-content\/uploads\/2020\/06\/carro-eletrico-foto-lucio-bernardo-agencia-brasilia.jpg\",\"datePublished\":\"2025-10-27T12:00:00+00:00\",\"dateModified\":\"2025-10-28T14:46:01+00:00\",\"breadcrumb\":{\"@id\":\"https:\/\/agenciainfra.com\/blog\/carro-eletrico-nao-sera-aliado-se-sinal-de-preco-da-energia-nao-evoluir\/#breadcrumb\"},\"inLanguage\":\"pt-BR\",\"potentialAction\":[{\"@type\":\"ReadAction\",\"target\":[\"https:\/\/agenciainfra.com\/blog\/carro-eletrico-nao-sera-aliado-se-sinal-de-preco-da-energia-nao-evoluir\/\"]}]},{\"@type\":\"ImageObject\",\"inLanguage\":\"pt-BR\",\"@id\":\"https:\/\/agenciainfra.com\/blog\/carro-eletrico-nao-sera-aliado-se-sinal-de-preco-da-energia-nao-evoluir\/#primaryimage\",\"url\":\"https:\/\/agenciainfra.com\/blog\/wp-content\/uploads\/2020\/06\/carro-eletrico-foto-lucio-bernardo-agencia-brasilia.jpg\",\"contentUrl\":\"https:\/\/agenciainfra.com\/blog\/wp-content\/uploads\/2020\/06\/carro-eletrico-foto-lucio-bernardo-agencia-brasilia.jpg\",\"width\":1280,\"height\":853,\"caption\":\"Foto: L\u00facio Bernardo\/Ag\u00eancia Bras\u00edlia\"},{\"@type\":\"BreadcrumbList\",\"@id\":\"https:\/\/agenciainfra.com\/blog\/carro-eletrico-nao-sera-aliado-se-sinal-de-preco-da-energia-nao-evoluir\/#breadcrumb\",\"itemListElement\":[{\"@type\":\"ListItem\",\"position\":1,\"name\":\"In\u00edcio\",\"item\":\"https:\/\/agenciainfra.com\/blog\/\"},{\"@type\":\"ListItem\",\"position\":2,\"name\":\"Carro el\u00e9trico n\u00e3o ser\u00e1 aliado se sinal de pre\u00e7o da energia n\u00e3o evoluir\"}]},{\"@type\":\"WebSite\",\"@id\":\"https:\/\/agenciainfra.com\/blog\/#website\",\"url\":\"https:\/\/agenciainfra.com\/blog\/\",\"name\":\"Ag\u00eancia iNFRA\",\"description\":\"Multiplataforma de informa\u00e7\u00e3o jornal\u00edstica refer\u00eancia na \u00e1rea de infraestrutura no Brasil!\",\"publisher\":{\"@id\":\"https:\/\/agenciainfra.com\/blog\/#organization\"},\"potentialAction\":[{\"@type\":\"SearchAction\",\"target\":{\"@type\":\"EntryPoint\",\"urlTemplate\":\"https:\/\/agenciainfra.com\/blog\/?s={search_term_string}\"},\"query-input\":{\"@type\":\"PropertyValueSpecification\",\"valueRequired\":true,\"valueName\":\"search_term_string\"}}],\"inLanguage\":\"pt-BR\"},{\"@type\":\"Organization\",\"@id\":\"https:\/\/agenciainfra.com\/blog\/#organization\",\"name\":\"Ag\u00eancia iNFRA\",\"url\":\"https:\/\/agenciainfra.com\/blog\/\",\"logo\":{\"@type\":\"ImageObject\",\"inLanguage\":\"pt-BR\",\"@id\":\"https:\/\/agenciainfra.com\/blog\/#\/schema\/logo\/image\/\",\"url\":\"https:\/\/agenciainfra.com\/blog\/wp-content\/uploads\/2023\/09\/iNFRA_5-e1761735885940.png\",\"contentUrl\":\"https:\/\/agenciainfra.com\/blog\/wp-content\/uploads\/2023\/09\/iNFRA_5-e1761735885940.png\",\"width\":1672,\"height\":454,\"caption\":\"Ag\u00eancia iNFRA\"},\"image\":{\"@id\":\"https:\/\/agenciainfra.com\/blog\/#\/schema\/logo\/image\/\"},\"sameAs\":[\"https:\/\/www.facebook.com\/ageninfra\",\"https:\/\/x.com\/agencia_infra\",\"https:\/\/www.linkedin.com\/company\/ag\u00eanciainfra\/\",\"https:\/\/www.instagram.com\/agenciainfra\/\"]},{\"@type\":\"Person\",\"@id\":\"https:\/\/agenciainfra.com\/blog\/#\/schema\/person\/34af08dff6adea4cb22b06612ba7acfa\",\"name\":\"Ag\u00eancia iNFRA\",\"image\":{\"@type\":\"ImageObject\",\"inLanguage\":\"pt-BR\",\"@id\":\"https:\/\/agenciainfra.com\/blog\/#\/schema\/person\/image\/\",\"url\":\"https:\/\/secure.gravatar.com\/avatar\/d189e01678f06d8eb84d4e01f08eb848b3fffe3f8443818d3c356c66892f5be8?s=96&d=mm&r=g\",\"contentUrl\":\"https:\/\/secure.gravatar.com\/avatar\/d189e01678f06d8eb84d4e01f08eb848b3fffe3f8443818d3c356c66892f5be8?s=96&d=mm&r=g\",\"caption\":\"Ag\u00eancia iNFRA\"},\"url\":\"https:\/\/agenciainfra.com\/blog\/author\/admin\/\"}]}<\/script>\n<!-- \/ Yoast SEO Premium plugin. -->","yoast_head_json":{"title":"Carro el\u00e9trico n\u00e3o ser\u00e1 aliado se sinal de pre\u00e7o da energia n\u00e3o evoluir - Ag\u00eancia iNFRA","robots":{"index":"index","follow":"follow","max-snippet":"max-snippet:-1","max-image-preview":"max-image-preview:large","max-video-preview":"max-video-preview:-1"},"canonical":"https:\/\/agenciainfra.com\/blog\/carro-eletrico-nao-sera-aliado-se-sinal-de-preco-da-energia-nao-evoluir\/","og_locale":"pt_BR","og_type":"article","og_title":"Carro el\u00e9trico n\u00e3o ser\u00e1 aliado se sinal de pre\u00e7o da energia n\u00e3o evoluir","og_description":"Rafael Bitencourt, da Ag\u00eancia iNFRA O boom do mercado de ve\u00edculos el\u00e9tricos no Brasil tem estimulado o debate entre especialistas sobre o seu impacto&nbsp;na opera\u00e7\u00e3o do SIN (Sistema Interligado Nacional). T\u00e9cnicos ouvidos pela&nbsp;Ag\u00eancia iNFRA&nbsp;consideram que a eletromobilidade poderia&nbsp;contribuir, consumindo o excesso de energia durante o dia, quando h\u00e1 a gera\u00e7\u00e3o solar. Para isso, seria preciso&nbsp;um [&hellip;]","og_url":"https:\/\/agenciainfra.com\/blog\/carro-eletrico-nao-sera-aliado-se-sinal-de-preco-da-energia-nao-evoluir\/","og_site_name":"Ag\u00eancia iNFRA","article_publisher":"https:\/\/www.facebook.com\/ageninfra","article_published_time":"2025-10-27T12:00:00+00:00","article_modified_time":"2025-10-28T14:46:01+00:00","og_image":[{"width":1280,"height":853,"url":"https:\/\/agenciainfra.com\/blog\/wp-content\/uploads\/2020\/06\/carro-eletrico-foto-lucio-bernardo-agencia-brasilia.jpg","type":"image\/jpeg"}],"author":"Ag\u00eancia iNFRA","twitter_card":"summary_large_image","twitter_creator":"@agencia_infra","twitter_site":"@agencia_infra","twitter_misc":{"Escrito por":"Ag\u00eancia iNFRA","Est. tempo de leitura":"5 minutos"},"schema":{"@context":"https:\/\/schema.org","@graph":[{"@type":"Article","@id":"https:\/\/agenciainfra.com\/blog\/carro-eletrico-nao-sera-aliado-se-sinal-de-preco-da-energia-nao-evoluir\/#article","isPartOf":{"@id":"https:\/\/agenciainfra.com\/blog\/carro-eletrico-nao-sera-aliado-se-sinal-de-preco-da-energia-nao-evoluir\/"},"author":{"name":"Ag\u00eancia iNFRA","@id":"https:\/\/agenciainfra.com\/blog\/#\/schema\/person\/34af08dff6adea4cb22b06612ba7acfa"},"headline":"Carro el\u00e9trico n\u00e3o ser\u00e1 aliado se sinal de pre\u00e7o da energia n\u00e3o evoluir","datePublished":"2025-10-27T12:00:00+00:00","dateModified":"2025-10-28T14:46:01+00:00","mainEntityOfPage":{"@id":"https:\/\/agenciainfra.com\/blog\/carro-eletrico-nao-sera-aliado-se-sinal-de-preco-da-energia-nao-evoluir\/"},"wordCount":1080,"publisher":{"@id":"https:\/\/agenciainfra.com\/blog\/#organization"},"image":{"@id":"https:\/\/agenciainfra.com\/blog\/carro-eletrico-nao-sera-aliado-se-sinal-de-preco-da-energia-nao-evoluir\/#primaryimage"},"thumbnailUrl":"https:\/\/agenciainfra.com\/blog\/wp-content\/uploads\/2020\/06\/carro-eletrico-foto-lucio-bernardo-agencia-brasilia.jpg","keywords":["BYD","Carros el\u00e9tricos","curtailment","eletromobilidade","Jo\u00edsa Dutra","Luiz Barroso","pre\u00e7o da energia","PSR","Rafael Bitencourt","Setor El\u00e9trico","ve\u00edculos el\u00e9tricos"],"articleSection":["iNFRAEnergia"],"inLanguage":"pt-BR","copyrightYear":"2025","copyrightHolder":{"@id":"https:\/\/agenciainfra.com\/blog\/#organization"}},{"@type":"WebPage","@id":"https:\/\/agenciainfra.com\/blog\/carro-eletrico-nao-sera-aliado-se-sinal-de-preco-da-energia-nao-evoluir\/","url":"https:\/\/agenciainfra.com\/blog\/carro-eletrico-nao-sera-aliado-se-sinal-de-preco-da-energia-nao-evoluir\/","name":"Carro el\u00e9trico n\u00e3o ser\u00e1 aliado se sinal de pre\u00e7o da energia n\u00e3o evoluir - Ag\u00eancia iNFRA","isPartOf":{"@id":"https:\/\/agenciainfra.com\/blog\/#website"},"primaryImageOfPage":{"@id":"https:\/\/agenciainfra.com\/blog\/carro-eletrico-nao-sera-aliado-se-sinal-de-preco-da-energia-nao-evoluir\/#primaryimage"},"image":{"@id":"https:\/\/agenciainfra.com\/blog\/carro-eletrico-nao-sera-aliado-se-sinal-de-preco-da-energia-nao-evoluir\/#primaryimage"},"thumbnailUrl":"https:\/\/agenciainfra.com\/blog\/wp-content\/uploads\/2020\/06\/carro-eletrico-foto-lucio-bernardo-agencia-brasilia.jpg","datePublished":"2025-10-27T12:00:00+00:00","dateModified":"2025-10-28T14:46:01+00:00","breadcrumb":{"@id":"https:\/\/agenciainfra.com\/blog\/carro-eletrico-nao-sera-aliado-se-sinal-de-preco-da-energia-nao-evoluir\/#breadcrumb"},"inLanguage":"pt-BR","potentialAction":[{"@type":"ReadAction","target":["https:\/\/agenciainfra.com\/blog\/carro-eletrico-nao-sera-aliado-se-sinal-de-preco-da-energia-nao-evoluir\/"]}]},{"@type":"ImageObject","inLanguage":"pt-BR","@id":"https:\/\/agenciainfra.com\/blog\/carro-eletrico-nao-sera-aliado-se-sinal-de-preco-da-energia-nao-evoluir\/#primaryimage","url":"https:\/\/agenciainfra.com\/blog\/wp-content\/uploads\/2020\/06\/carro-eletrico-foto-lucio-bernardo-agencia-brasilia.jpg","contentUrl":"https:\/\/agenciainfra.com\/blog\/wp-content\/uploads\/2020\/06\/carro-eletrico-foto-lucio-bernardo-agencia-brasilia.jpg","width":1280,"height":853,"caption":"Foto: L\u00facio Bernardo\/Ag\u00eancia Bras\u00edlia"},{"@type":"BreadcrumbList","@id":"https:\/\/agenciainfra.com\/blog\/carro-eletrico-nao-sera-aliado-se-sinal-de-preco-da-energia-nao-evoluir\/#breadcrumb","itemListElement":[{"@type":"ListItem","position":1,"name":"In\u00edcio","item":"https:\/\/agenciainfra.com\/blog\/"},{"@type":"ListItem","position":2,"name":"Carro el\u00e9trico n\u00e3o ser\u00e1 aliado se sinal de pre\u00e7o da energia n\u00e3o evoluir"}]},{"@type":"WebSite","@id":"https:\/\/agenciainfra.com\/blog\/#website","url":"https:\/\/agenciainfra.com\/blog\/","name":"Ag\u00eancia iNFRA","description":"Multiplataforma de informa\u00e7\u00e3o jornal\u00edstica refer\u00eancia na \u00e1rea de infraestrutura no Brasil!","publisher":{"@id":"https:\/\/agenciainfra.com\/blog\/#organization"},"potentialAction":[{"@type":"SearchAction","target":{"@type":"EntryPoint","urlTemplate":"https:\/\/agenciainfra.com\/blog\/?s={search_term_string}"},"query-input":{"@type":"PropertyValueSpecification","valueRequired":true,"valueName":"search_term_string"}}],"inLanguage":"pt-BR"},{"@type":"Organization","@id":"https:\/\/agenciainfra.com\/blog\/#organization","name":"Ag\u00eancia iNFRA","url":"https:\/\/agenciainfra.com\/blog\/","logo":{"@type":"ImageObject","inLanguage":"pt-BR","@id":"https:\/\/agenciainfra.com\/blog\/#\/schema\/logo\/image\/","url":"https:\/\/agenciainfra.com\/blog\/wp-content\/uploads\/2023\/09\/iNFRA_5-e1761735885940.png","contentUrl":"https:\/\/agenciainfra.com\/blog\/wp-content\/uploads\/2023\/09\/iNFRA_5-e1761735885940.png","width":1672,"height":454,"caption":"Ag\u00eancia iNFRA"},"image":{"@id":"https:\/\/agenciainfra.com\/blog\/#\/schema\/logo\/image\/"},"sameAs":["https:\/\/www.facebook.com\/ageninfra","https:\/\/x.com\/agencia_infra","https:\/\/www.linkedin.com\/company\/ag\u00eanciainfra\/","https:\/\/www.instagram.com\/agenciainfra\/"]},{"@type":"Person","@id":"https:\/\/agenciainfra.com\/blog\/#\/schema\/person\/34af08dff6adea4cb22b06612ba7acfa","name":"Ag\u00eancia iNFRA","image":{"@type":"ImageObject","inLanguage":"pt-BR","@id":"https:\/\/agenciainfra.com\/blog\/#\/schema\/person\/image\/","url":"https:\/\/secure.gravatar.com\/avatar\/d189e01678f06d8eb84d4e01f08eb848b3fffe3f8443818d3c356c66892f5be8?s=96&d=mm&r=g","contentUrl":"https:\/\/secure.gravatar.com\/avatar\/d189e01678f06d8eb84d4e01f08eb848b3fffe3f8443818d3c356c66892f5be8?s=96&d=mm&r=g","caption":"Ag\u00eancia iNFRA"},"url":"https:\/\/agenciainfra.com\/blog\/author\/admin\/"}]}},"_links":{"self":[{"href":"https:\/\/agenciainfra.com\/blog\/wp-json\/wp\/v2\/posts\/30682","targetHints":{"allow":["GET"]}}],"collection":[{"href":"https:\/\/agenciainfra.com\/blog\/wp-json\/wp\/v2\/posts"}],"about":[{"href":"https:\/\/agenciainfra.com\/blog\/wp-json\/wp\/v2\/types\/post"}],"author":[{"embeddable":true,"href":"https:\/\/agenciainfra.com\/blog\/wp-json\/wp\/v2\/users\/1"}],"replies":[{"embeddable":true,"href":"https:\/\/agenciainfra.com\/blog\/wp-json\/wp\/v2\/comments?post=30682"}],"version-history":[{"count":6,"href":"https:\/\/agenciainfra.com\/blog\/wp-json\/wp\/v2\/posts\/30682\/revisions"}],"predecessor-version":[{"id":30759,"href":"https:\/\/agenciainfra.com\/blog\/wp-json\/wp\/v2\/posts\/30682\/revisions\/30759"}],"wp:featuredmedia":[{"embeddable":true,"href":"https:\/\/agenciainfra.com\/blog\/wp-json\/wp\/v2\/media\/5232"}],"wp:attachment":[{"href":"https:\/\/agenciainfra.com\/blog\/wp-json\/wp\/v2\/media?parent=30682"}],"wp:term":[{"taxonomy":"category","embeddable":true,"href":"https:\/\/agenciainfra.com\/blog\/wp-json\/wp\/v2\/categories?post=30682"},{"taxonomy":"post_tag","embeddable":true,"href":"https:\/\/agenciainfra.com\/blog\/wp-json\/wp\/v2\/tags?post=30682"}],"curies":[{"name":"wp","href":"https:\/\/api.w.org\/{rel}","templated":true}]}}