{"id":3071,"date":"2019-04-08T04:00:32","date_gmt":"2019-04-08T07:00:32","guid":{"rendered":"http:\/\/www.agenciainfra.com\/blog\/?p=3071"},"modified":"2019-04-04T10:35:34","modified_gmt":"2019-04-04T13:35:34","slug":"antt-reve-proposta-de-alteracao-do-mercado-de-onibus-rodoviarios-interestaduais","status":"publish","type":"post","link":"https:\/\/agenciainfra.com\/blog\/antt-reve-proposta-de-alteracao-do-mercado-de-onibus-rodoviarios-interestaduais\/","title":{"rendered":"ANTT rev\u00ea proposta de altera\u00e7\u00e3o do mercado de \u00f4nibus rodovi\u00e1rios interestaduais"},"content":{"rendered":"<div>\n<h5 style=\"text-align: right;\"><strong>Dimmi Amora,\u00a0da Ag\u00eancia iNFRA<\/strong><\/h5>\n<p>A ANTT (Ag\u00eancia Nacional de Transportes Terrestres) apresentou na \u00faltima quarta-feira (3), em segunda rodada de reuni\u00e3o participativa sobre o tema, proposta de ajustes no mercado de autoriza\u00e7\u00e3o para transporte rodovi\u00e1rio interestadual de passageiros. O modelo de regula\u00e7\u00e3o apresentado na primeira reuni\u00e3o \u2013 que alterava sensivelmente o modelo vigente \u2013 foi revisto em alguns pontos ap\u00f3s a primeira rodada de contribui\u00e7\u00f5es.<\/p>\n<p>A proposta inicial, produzida por parte da equipe t\u00e9cnica da ag\u00eancia, reduzia as barreiras de entrada para novas empresas e liberava a proposi\u00e7\u00e3o de rotas e tamb\u00e9m de pre\u00e7os do transporte. Os pre\u00e7os livre est\u00e3o previstos para ocorrer a partir de julho deste ano, ap\u00f3s um per\u00edodo de transi\u00e7\u00e3o desde que o setor deixou de ser regulado por concess\u00f5es e passou a ser regulado por autoriza\u00e7\u00f5es, em 2014.<\/p>\n<p>Entre as barreiras de entrada que acabariam, havia a ideia de at\u00e9 mesmo liberar para que \u00e1reas privadas como shoppings e estacionamentos virassem rodovi\u00e1rias, por exemplo. A ideia era igualar o mercado ao de avia\u00e7\u00e3o civil,\u00a0<a href=\"https:\/\/agenciainfra.us14.list-manage.com\/track\/click?u=d460dd1bcf9ba0ae040e1fc0f&amp;id=8c97025c3a&amp;e=c099169394\" target=\"_blank\" rel=\"noopener\" data-saferedirecturl=\"https:\/\/www.google.com\/url?q=https:\/\/agenciainfra.us14.list-manage.com\/track\/click?u%3Dd460dd1bcf9ba0ae040e1fc0f%26id%3D8c97025c3a%26e%3Dc099169394&amp;source=gmail&amp;ust=1554467722657000&amp;usg=AFQjCNGAIyLo3X6lZ4UlLjrha61qgR61Xg\">conforme a Ag\u00eancia iNFRA antecipou<\/a>. Mas a superintend\u00eancia respons\u00e1vel pelo setor decidiu por uma altera\u00e7\u00e3o menos radical.<\/p>\n<p>Apesar dos mercados de avia\u00e7\u00e3o e rodovi\u00e1rios serem por autoriza\u00e7\u00e3o e terem liberdade de pre\u00e7os, a alega\u00e7\u00e3o da superintend\u00eancia da \u00e1rea \u00e9 que a lei faz uma diferencia\u00e7\u00e3o no mercado rodovi\u00e1rio dizendo que ele deve ter regras contra a concorr\u00eancia ruinosa e inviabilidade operacional, restri\u00e7\u00f5es t\u00e9cnicas que foram bastante simplificadas na primeira proposta apresentada pela equipe da ger\u00eancia setorial da ag\u00eancia.<\/p>\n<p>Outra diferen\u00e7a \u00e9 que o mercado rodovi\u00e1rio interestadual de passageiros deve, segundo a Constitui\u00e7\u00e3o Federal, ser explorado diretamente ou por meio de outorga pela Uni\u00e3o, o que traz car\u00e1ter de servi\u00e7o essencial.\u00a0Com isso, todo o pa\u00eds deve ser\u00a0atendido\u00a0pelo servi\u00e7o. No caso da avia\u00e7\u00e3o, as empresas podem escolher os aeroportos que v\u00e3o atender.<\/p>\n<p>As empresas do transporte interestadual, por exemplo, s\u00e3o obrigadas, em n\u00e3o havendo outro meio, a transportar de gra\u00e7a malotes de correios e urnas para regi\u00f5es remotas, por exemplo. Al\u00e9m de terem que atender uma s\u00e9rie de gratuidades n\u00e3o previstas no setor de transporte a\u00e9reo.<\/p>\n<p>A avalia\u00e7\u00e3o na diretoria da ag\u00eancia \u00e9 que a abertura como estava proposta poderia levar a uma judicializa\u00e7\u00e3o do processo de sele\u00e7\u00e3o de empresas como ocorreu no in\u00edcio da d\u00e9cada, quando a tentativa de uma licita\u00e7\u00e3o para remodelar o sistema, o Propass, acabou inviabilizada e o Congresso acabou aprovando o modelo de autoriza\u00e7\u00e3o.<\/p>\n<p>Houve tentativa de fazer uma proposta unificada da superintend\u00eancia e da ger\u00eancia, mas os t\u00e9cnicos da ger\u00eancia n\u00e3o concordaram em apresentar nova proposi\u00e7\u00e3o, alegando que as regras colocada seriam as mais adequadas para promover uma abertura do mercado.<\/p>\n<p><strong>Mudan\u00e7as pelo \u00cdndice de Aproveitamento\u00a0<\/strong><br \/>\nO modelo que deve ser\u00a0apresentado agora, dentre outros ajustes, vai propor uma amplia\u00e7\u00e3o da concorr\u00eancia atrav\u00e9s da avalia\u00e7\u00e3o do chamado IAP (\u00cdndice de Aproveitamento). \u00c9 uma avalia\u00e7\u00e3o da ag\u00eancia sobre a quantidade de passageiros que viaja em cada rota em rela\u00e7\u00e3o a oferta do servi\u00e7o pelas empresas.<\/p>\n<p>A proposta \u00e9 que o \u00edndice ganhe novos par\u00e2metros que possam tornar o n\u00famero mais confi\u00e1vel \u2013 evitando que as empresas\u00a0possam manipular os resultados de suas opera\u00e7\u00f5es. A partir dessas informa\u00e7\u00f5es, ser\u00e3o reavaliados constantemente os mercados para que sejam identificados os que potencialmente podem receber mais operadores.<\/p>\n<p>A ideia \u00e9 induzir a competi\u00e7\u00e3o nas linhas utilizando-se do pr\u00f3prios \u00edndices. Nos mercados em que se identificar que h\u00e1 espa\u00e7o para mais operadores, as pr\u00f3prias empresas interessadas em oper\u00e1-los poder\u00e3o fazer o pedido a partir da avalia\u00e7\u00e3o das informa\u00e7\u00f5es do \u00edndice, que estar\u00e3o p\u00fablicas.<\/p>\n<p>A avalia\u00e7\u00e3o desse grupo da ag\u00eancia \u00e9 a de que a abertura do mercado j\u00e1 vem acontecendo desde as regras apresentadas em\u00a02015 no sistema de autoriza\u00e7\u00e3o, com amplia\u00e7\u00e3o do n\u00famero de linhas e hor\u00e1rios em 29%.<\/p>\n<p>J\u00e1 o n\u00famero de linhas operadas por meio de decis\u00f5es judiciais caiu de 266 em 2016 para 121 em 2018, redu\u00e7\u00e3o \u00e0 qual a ag\u00eancia atribui \u00e0 maior maturidade t\u00e9cnica da regula\u00e7\u00e3o, fato que tem feito o Poder Judici\u00e1rio a dar anu\u00eancia ao esfor\u00e7o de implementa\u00e7\u00e3o da legisla\u00e7\u00e3o vigente por parte do \u00f3rg\u00e3o regulador do setor.<\/p>\n<p>Uma amplia\u00e7\u00e3o radical poderia levar \u00e0 judicializa\u00e7\u00e3o do setor e piorar o atendimento dos usu\u00e1rios, na avalia\u00e7\u00e3o deste grupo.<\/p>\n<p>Para o grupo que defende a proposta mais ampla, o mercado de \u00f4nibus rodovi\u00e1rios j\u00e1 teria as condi\u00e7\u00f5es para uma competi\u00e7\u00e3o aberta e os problemas para atendimento de \u00e1reas isoladas podem ser solucionados com a aplica\u00e7\u00e3o de regras menos r\u00edgidas para as empresas, o que estimularia a opera\u00e7\u00e3o nessas \u00e1reas.<\/p>\n<\/div>\n","protected":false},"excerpt":{"rendered":"<p>Dimmi Amora,\u00a0da Ag\u00eancia iNFRA A ANTT (Ag\u00eancia Nacional de Transportes Terrestres) apresentou na \u00faltima quarta-feira (3), em segunda rodada de reuni\u00e3o participativa sobre o tema, proposta de ajustes no mercado de autoriza\u00e7\u00e3o para transporte rodovi\u00e1rio interestadual de passageiros. O modelo de regula\u00e7\u00e3o apresentado na primeira reuni\u00e3o \u2013 que alterava sensivelmente o modelo vigente \u2013 foi [&hellip;]<\/p>\n","protected":false},"author":9,"featured_media":2952,"comment_status":"closed","ping_status":"open","sticky":false,"template":"","format":"standard","meta":{"_monsterinsights_skip_tracking":false,"_monsterinsights_sitenote_active":false,"_monsterinsights_sitenote_note":"","_monsterinsights_sitenote_category":0,"footnotes":""},"categories":[7],"tags":[19,903,901,902],"class_list":["post-3071","post","type-post","status-publish","format-standard","has-post-thumbnail","hentry","category-infratransporte","tag-antt","tag-indice-de-aproveitamento","tag-onibus-rodoviarios-interestaduais","tag-transporte-rodoviario"],"yoast_head":"<!-- This site is optimized with the Yoast SEO Premium plugin v25.4 (Yoast SEO v26.0) - https:\/\/yoast.com\/wordpress\/plugins\/seo\/ -->\n<title>ANTT rev\u00ea proposta de altera\u00e7\u00e3o do mercado de \u00f4nibus rodovi\u00e1rios interestaduais - Ag\u00eancia iNFRA<\/title>\n<meta name=\"robots\" content=\"index, follow, max-snippet:-1, max-image-preview:large, max-video-preview:-1\" \/>\n<link rel=\"canonical\" href=\"https:\/\/agenciainfra.com\/blog\/antt-reve-proposta-de-alteracao-do-mercado-de-onibus-rodoviarios-interestaduais\/\" \/>\n<meta property=\"og:locale\" content=\"pt_BR\" \/>\n<meta property=\"og:type\" content=\"article\" \/>\n<meta property=\"og:title\" content=\"ANTT rev\u00ea proposta de altera\u00e7\u00e3o do mercado de \u00f4nibus rodovi\u00e1rios interestaduais\" \/>\n<meta property=\"og:description\" content=\"Dimmi Amora,\u00a0da Ag\u00eancia iNFRA A ANTT (Ag\u00eancia Nacional de Transportes Terrestres) apresentou na \u00faltima quarta-feira (3), em segunda rodada de reuni\u00e3o participativa sobre o tema, proposta de ajustes no mercado de autoriza\u00e7\u00e3o para transporte rodovi\u00e1rio interestadual de passageiros. O modelo de regula\u00e7\u00e3o apresentado na primeira reuni\u00e3o \u2013 que alterava sensivelmente o modelo vigente \u2013 foi [&hellip;]\" \/>\n<meta property=\"og:url\" content=\"https:\/\/agenciainfra.com\/blog\/antt-reve-proposta-de-alteracao-do-mercado-de-onibus-rodoviarios-interestaduais\/\" \/>\n<meta property=\"og:site_name\" content=\"Ag\u00eancia iNFRA\" \/>\n<meta property=\"article:publisher\" content=\"https:\/\/www.facebook.com\/ageninfra\" \/>\n<meta property=\"article:published_time\" content=\"2019-04-08T07:00:32+00:00\" \/>\n<meta property=\"og:image\" content=\"https:\/\/agenciainfra.com\/blog\/wp-content\/uploads\/2019\/02\/onibus-interestadual-arquivo-agencia-brasil-1024x682.jpg\" \/>\n\t<meta property=\"og:image:width\" content=\"1024\" \/>\n\t<meta property=\"og:image:height\" content=\"682\" \/>\n\t<meta property=\"og:image:type\" content=\"image\/jpeg\" \/>\n<meta name=\"author\" content=\"Rodrigo Zuquim\" \/>\n<meta name=\"twitter:card\" content=\"summary_large_image\" \/>\n<meta name=\"twitter:creator\" content=\"@agencia_infra\" \/>\n<meta name=\"twitter:site\" content=\"@agencia_infra\" \/>\n<meta name=\"twitter:label1\" content=\"Escrito por\" \/>\n\t<meta name=\"twitter:data1\" content=\"Rodrigo Zuquim\" \/>\n\t<meta name=\"twitter:label2\" content=\"Est. tempo de leitura\" \/>\n\t<meta name=\"twitter:data2\" content=\"4 minutos\" \/>\n<script type=\"application\/ld+json\" class=\"yoast-schema-graph\">{\"@context\":\"https:\/\/schema.org\",\"@graph\":[{\"@type\":\"Article\",\"@id\":\"https:\/\/agenciainfra.com\/blog\/antt-reve-proposta-de-alteracao-do-mercado-de-onibus-rodoviarios-interestaduais\/#article\",\"isPartOf\":{\"@id\":\"https:\/\/agenciainfra.com\/blog\/antt-reve-proposta-de-alteracao-do-mercado-de-onibus-rodoviarios-interestaduais\/\"},\"author\":{\"name\":\"Rodrigo Zuquim\",\"@id\":\"https:\/\/agenciainfra.com\/blog\/#\/schema\/person\/04dbb79bd6d8951f063da71f3e4c1eb1\"},\"headline\":\"ANTT rev\u00ea proposta de altera\u00e7\u00e3o do mercado de \u00f4nibus rodovi\u00e1rios interestaduais\",\"datePublished\":\"2019-04-08T07:00:32+00:00\",\"mainEntityOfPage\":{\"@id\":\"https:\/\/agenciainfra.com\/blog\/antt-reve-proposta-de-alteracao-do-mercado-de-onibus-rodoviarios-interestaduais\/\"},\"wordCount\":863,\"publisher\":{\"@id\":\"https:\/\/agenciainfra.com\/blog\/#organization\"},\"image\":{\"@id\":\"https:\/\/agenciainfra.com\/blog\/antt-reve-proposta-de-alteracao-do-mercado-de-onibus-rodoviarios-interestaduais\/#primaryimage\"},\"thumbnailUrl\":\"https:\/\/agenciainfra.com\/blog\/wp-content\/uploads\/2019\/02\/onibus-interestadual-arquivo-agencia-brasil.jpg\",\"keywords\":[\"ANTT\",\"\u00cdndice de Aproveitamento\",\"\u00f4nibus rodovi\u00e1rios interestaduais\",\"transporte rodovi\u00e1rio\"],\"articleSection\":[\"iNFRATransporte\"],\"inLanguage\":\"pt-BR\",\"copyrightYear\":\"2019\",\"copyrightHolder\":{\"@id\":\"https:\/\/agenciainfra.com\/blog\/#organization\"}},{\"@type\":\"WebPage\",\"@id\":\"https:\/\/agenciainfra.com\/blog\/antt-reve-proposta-de-alteracao-do-mercado-de-onibus-rodoviarios-interestaduais\/\",\"url\":\"https:\/\/agenciainfra.com\/blog\/antt-reve-proposta-de-alteracao-do-mercado-de-onibus-rodoviarios-interestaduais\/\",\"name\":\"ANTT rev\u00ea proposta de altera\u00e7\u00e3o do mercado de \u00f4nibus rodovi\u00e1rios interestaduais - Ag\u00eancia iNFRA\",\"isPartOf\":{\"@id\":\"https:\/\/agenciainfra.com\/blog\/#website\"},\"primaryImageOfPage\":{\"@id\":\"https:\/\/agenciainfra.com\/blog\/antt-reve-proposta-de-alteracao-do-mercado-de-onibus-rodoviarios-interestaduais\/#primaryimage\"},\"image\":{\"@id\":\"https:\/\/agenciainfra.com\/blog\/antt-reve-proposta-de-alteracao-do-mercado-de-onibus-rodoviarios-interestaduais\/#primaryimage\"},\"thumbnailUrl\":\"https:\/\/agenciainfra.com\/blog\/wp-content\/uploads\/2019\/02\/onibus-interestadual-arquivo-agencia-brasil.jpg\",\"datePublished\":\"2019-04-08T07:00:32+00:00\",\"breadcrumb\":{\"@id\":\"https:\/\/agenciainfra.com\/blog\/antt-reve-proposta-de-alteracao-do-mercado-de-onibus-rodoviarios-interestaduais\/#breadcrumb\"},\"inLanguage\":\"pt-BR\",\"potentialAction\":[{\"@type\":\"ReadAction\",\"target\":[\"https:\/\/agenciainfra.com\/blog\/antt-reve-proposta-de-alteracao-do-mercado-de-onibus-rodoviarios-interestaduais\/\"]}]},{\"@type\":\"ImageObject\",\"inLanguage\":\"pt-BR\",\"@id\":\"https:\/\/agenciainfra.com\/blog\/antt-reve-proposta-de-alteracao-do-mercado-de-onibus-rodoviarios-interestaduais\/#primaryimage\",\"url\":\"https:\/\/agenciainfra.com\/blog\/wp-content\/uploads\/2019\/02\/onibus-interestadual-arquivo-agencia-brasil.jpg\",\"contentUrl\":\"https:\/\/agenciainfra.com\/blog\/wp-content\/uploads\/2019\/02\/onibus-interestadual-arquivo-agencia-brasil.jpg\",\"width\":2661,\"height\":1772,\"caption\":\"Foto:\"},{\"@type\":\"BreadcrumbList\",\"@id\":\"https:\/\/agenciainfra.com\/blog\/antt-reve-proposta-de-alteracao-do-mercado-de-onibus-rodoviarios-interestaduais\/#breadcrumb\",\"itemListElement\":[{\"@type\":\"ListItem\",\"position\":1,\"name\":\"In\u00edcio\",\"item\":\"https:\/\/agenciainfra.com\/blog\/\"},{\"@type\":\"ListItem\",\"position\":2,\"name\":\"ANTT rev\u00ea proposta de altera\u00e7\u00e3o do mercado de \u00f4nibus rodovi\u00e1rios interestaduais\"}]},{\"@type\":\"WebSite\",\"@id\":\"https:\/\/agenciainfra.com\/blog\/#website\",\"url\":\"https:\/\/agenciainfra.com\/blog\/\",\"name\":\"Ag\u00eancia iNFRA\",\"description\":\"Multiplataforma de informa\u00e7\u00e3o jornal\u00edstica refer\u00eancia na \u00e1rea de infraestrutura no Brasil!\",\"publisher\":{\"@id\":\"https:\/\/agenciainfra.com\/blog\/#organization\"},\"potentialAction\":[{\"@type\":\"SearchAction\",\"target\":{\"@type\":\"EntryPoint\",\"urlTemplate\":\"https:\/\/agenciainfra.com\/blog\/?s={search_term_string}\"},\"query-input\":{\"@type\":\"PropertyValueSpecification\",\"valueRequired\":true,\"valueName\":\"search_term_string\"}}],\"inLanguage\":\"pt-BR\"},{\"@type\":\"Organization\",\"@id\":\"https:\/\/agenciainfra.com\/blog\/#organization\",\"name\":\"Ag\u00eancia iNFRA\",\"url\":\"https:\/\/agenciainfra.com\/blog\/\",\"logo\":{\"@type\":\"ImageObject\",\"inLanguage\":\"pt-BR\",\"@id\":\"https:\/\/agenciainfra.com\/blog\/#\/schema\/logo\/image\/\",\"url\":\"https:\/\/agenciainfra.com\/blog\/wp-content\/uploads\/2023\/09\/iNFRA_5-e1761735885940.png\",\"contentUrl\":\"https:\/\/agenciainfra.com\/blog\/wp-content\/uploads\/2023\/09\/iNFRA_5-e1761735885940.png\",\"width\":1672,\"height\":454,\"caption\":\"Ag\u00eancia iNFRA\"},\"image\":{\"@id\":\"https:\/\/agenciainfra.com\/blog\/#\/schema\/logo\/image\/\"},\"sameAs\":[\"https:\/\/www.facebook.com\/ageninfra\",\"https:\/\/x.com\/agencia_infra\",\"https:\/\/www.linkedin.com\/company\/ag\u00eanciainfra\/\",\"https:\/\/www.instagram.com\/agenciainfra\/\"]},{\"@type\":\"Person\",\"@id\":\"https:\/\/agenciainfra.com\/blog\/#\/schema\/person\/04dbb79bd6d8951f063da71f3e4c1eb1\",\"name\":\"Rodrigo Zuquim\",\"image\":{\"@type\":\"ImageObject\",\"inLanguage\":\"pt-BR\",\"@id\":\"https:\/\/agenciainfra.com\/blog\/#\/schema\/person\/image\/\",\"url\":\"https:\/\/secure.gravatar.com\/avatar\/594abfe82761d620726242ff34ca472a705a4b97f16c790053a6b4c4035274d0?s=96&d=mm&r=g\",\"contentUrl\":\"https:\/\/secure.gravatar.com\/avatar\/594abfe82761d620726242ff34ca472a705a4b97f16c790053a6b4c4035274d0?s=96&d=mm&r=g\",\"caption\":\"Rodrigo Zuquim\"},\"url\":\"https:\/\/agenciainfra.com\/blog\/author\/rodrigo-zuquim\/\"}]}<\/script>\n<!-- \/ Yoast SEO Premium plugin. -->","yoast_head_json":{"title":"ANTT rev\u00ea proposta de altera\u00e7\u00e3o do mercado de \u00f4nibus rodovi\u00e1rios interestaduais - Ag\u00eancia iNFRA","robots":{"index":"index","follow":"follow","max-snippet":"max-snippet:-1","max-image-preview":"max-image-preview:large","max-video-preview":"max-video-preview:-1"},"canonical":"https:\/\/agenciainfra.com\/blog\/antt-reve-proposta-de-alteracao-do-mercado-de-onibus-rodoviarios-interestaduais\/","og_locale":"pt_BR","og_type":"article","og_title":"ANTT rev\u00ea proposta de altera\u00e7\u00e3o do mercado de \u00f4nibus rodovi\u00e1rios interestaduais","og_description":"Dimmi Amora,\u00a0da Ag\u00eancia iNFRA A ANTT (Ag\u00eancia Nacional de Transportes Terrestres) apresentou na \u00faltima quarta-feira (3), em segunda rodada de reuni\u00e3o participativa sobre o tema, proposta de ajustes no mercado de autoriza\u00e7\u00e3o para transporte rodovi\u00e1rio interestadual de passageiros. O modelo de regula\u00e7\u00e3o apresentado na primeira reuni\u00e3o \u2013 que alterava sensivelmente o modelo vigente \u2013 foi [&hellip;]","og_url":"https:\/\/agenciainfra.com\/blog\/antt-reve-proposta-de-alteracao-do-mercado-de-onibus-rodoviarios-interestaduais\/","og_site_name":"Ag\u00eancia iNFRA","article_publisher":"https:\/\/www.facebook.com\/ageninfra","article_published_time":"2019-04-08T07:00:32+00:00","og_image":[{"width":1024,"height":682,"url":"https:\/\/agenciainfra.com\/blog\/wp-content\/uploads\/2019\/02\/onibus-interestadual-arquivo-agencia-brasil-1024x682.jpg","type":"image\/jpeg"}],"author":"Rodrigo Zuquim","twitter_card":"summary_large_image","twitter_creator":"@agencia_infra","twitter_site":"@agencia_infra","twitter_misc":{"Escrito por":"Rodrigo Zuquim","Est. tempo de leitura":"4 minutos"},"schema":{"@context":"https:\/\/schema.org","@graph":[{"@type":"Article","@id":"https:\/\/agenciainfra.com\/blog\/antt-reve-proposta-de-alteracao-do-mercado-de-onibus-rodoviarios-interestaduais\/#article","isPartOf":{"@id":"https:\/\/agenciainfra.com\/blog\/antt-reve-proposta-de-alteracao-do-mercado-de-onibus-rodoviarios-interestaduais\/"},"author":{"name":"Rodrigo Zuquim","@id":"https:\/\/agenciainfra.com\/blog\/#\/schema\/person\/04dbb79bd6d8951f063da71f3e4c1eb1"},"headline":"ANTT rev\u00ea proposta de altera\u00e7\u00e3o do mercado de \u00f4nibus rodovi\u00e1rios interestaduais","datePublished":"2019-04-08T07:00:32+00:00","mainEntityOfPage":{"@id":"https:\/\/agenciainfra.com\/blog\/antt-reve-proposta-de-alteracao-do-mercado-de-onibus-rodoviarios-interestaduais\/"},"wordCount":863,"publisher":{"@id":"https:\/\/agenciainfra.com\/blog\/#organization"},"image":{"@id":"https:\/\/agenciainfra.com\/blog\/antt-reve-proposta-de-alteracao-do-mercado-de-onibus-rodoviarios-interestaduais\/#primaryimage"},"thumbnailUrl":"https:\/\/agenciainfra.com\/blog\/wp-content\/uploads\/2019\/02\/onibus-interestadual-arquivo-agencia-brasil.jpg","keywords":["ANTT","\u00cdndice de Aproveitamento","\u00f4nibus rodovi\u00e1rios interestaduais","transporte rodovi\u00e1rio"],"articleSection":["iNFRATransporte"],"inLanguage":"pt-BR","copyrightYear":"2019","copyrightHolder":{"@id":"https:\/\/agenciainfra.com\/blog\/#organization"}},{"@type":"WebPage","@id":"https:\/\/agenciainfra.com\/blog\/antt-reve-proposta-de-alteracao-do-mercado-de-onibus-rodoviarios-interestaduais\/","url":"https:\/\/agenciainfra.com\/blog\/antt-reve-proposta-de-alteracao-do-mercado-de-onibus-rodoviarios-interestaduais\/","name":"ANTT rev\u00ea proposta de altera\u00e7\u00e3o do mercado de \u00f4nibus rodovi\u00e1rios interestaduais - Ag\u00eancia iNFRA","isPartOf":{"@id":"https:\/\/agenciainfra.com\/blog\/#website"},"primaryImageOfPage":{"@id":"https:\/\/agenciainfra.com\/blog\/antt-reve-proposta-de-alteracao-do-mercado-de-onibus-rodoviarios-interestaduais\/#primaryimage"},"image":{"@id":"https:\/\/agenciainfra.com\/blog\/antt-reve-proposta-de-alteracao-do-mercado-de-onibus-rodoviarios-interestaduais\/#primaryimage"},"thumbnailUrl":"https:\/\/agenciainfra.com\/blog\/wp-content\/uploads\/2019\/02\/onibus-interestadual-arquivo-agencia-brasil.jpg","datePublished":"2019-04-08T07:00:32+00:00","breadcrumb":{"@id":"https:\/\/agenciainfra.com\/blog\/antt-reve-proposta-de-alteracao-do-mercado-de-onibus-rodoviarios-interestaduais\/#breadcrumb"},"inLanguage":"pt-BR","potentialAction":[{"@type":"ReadAction","target":["https:\/\/agenciainfra.com\/blog\/antt-reve-proposta-de-alteracao-do-mercado-de-onibus-rodoviarios-interestaduais\/"]}]},{"@type":"ImageObject","inLanguage":"pt-BR","@id":"https:\/\/agenciainfra.com\/blog\/antt-reve-proposta-de-alteracao-do-mercado-de-onibus-rodoviarios-interestaduais\/#primaryimage","url":"https:\/\/agenciainfra.com\/blog\/wp-content\/uploads\/2019\/02\/onibus-interestadual-arquivo-agencia-brasil.jpg","contentUrl":"https:\/\/agenciainfra.com\/blog\/wp-content\/uploads\/2019\/02\/onibus-interestadual-arquivo-agencia-brasil.jpg","width":2661,"height":1772,"caption":"Foto:"},{"@type":"BreadcrumbList","@id":"https:\/\/agenciainfra.com\/blog\/antt-reve-proposta-de-alteracao-do-mercado-de-onibus-rodoviarios-interestaduais\/#breadcrumb","itemListElement":[{"@type":"ListItem","position":1,"name":"In\u00edcio","item":"https:\/\/agenciainfra.com\/blog\/"},{"@type":"ListItem","position":2,"name":"ANTT rev\u00ea proposta de altera\u00e7\u00e3o do mercado de \u00f4nibus rodovi\u00e1rios interestaduais"}]},{"@type":"WebSite","@id":"https:\/\/agenciainfra.com\/blog\/#website","url":"https:\/\/agenciainfra.com\/blog\/","name":"Ag\u00eancia iNFRA","description":"Multiplataforma de informa\u00e7\u00e3o jornal\u00edstica refer\u00eancia na \u00e1rea de infraestrutura no Brasil!","publisher":{"@id":"https:\/\/agenciainfra.com\/blog\/#organization"},"potentialAction":[{"@type":"SearchAction","target":{"@type":"EntryPoint","urlTemplate":"https:\/\/agenciainfra.com\/blog\/?s={search_term_string}"},"query-input":{"@type":"PropertyValueSpecification","valueRequired":true,"valueName":"search_term_string"}}],"inLanguage":"pt-BR"},{"@type":"Organization","@id":"https:\/\/agenciainfra.com\/blog\/#organization","name":"Ag\u00eancia iNFRA","url":"https:\/\/agenciainfra.com\/blog\/","logo":{"@type":"ImageObject","inLanguage":"pt-BR","@id":"https:\/\/agenciainfra.com\/blog\/#\/schema\/logo\/image\/","url":"https:\/\/agenciainfra.com\/blog\/wp-content\/uploads\/2023\/09\/iNFRA_5-e1761735885940.png","contentUrl":"https:\/\/agenciainfra.com\/blog\/wp-content\/uploads\/2023\/09\/iNFRA_5-e1761735885940.png","width":1672,"height":454,"caption":"Ag\u00eancia iNFRA"},"image":{"@id":"https:\/\/agenciainfra.com\/blog\/#\/schema\/logo\/image\/"},"sameAs":["https:\/\/www.facebook.com\/ageninfra","https:\/\/x.com\/agencia_infra","https:\/\/www.linkedin.com\/company\/ag\u00eanciainfra\/","https:\/\/www.instagram.com\/agenciainfra\/"]},{"@type":"Person","@id":"https:\/\/agenciainfra.com\/blog\/#\/schema\/person\/04dbb79bd6d8951f063da71f3e4c1eb1","name":"Rodrigo Zuquim","image":{"@type":"ImageObject","inLanguage":"pt-BR","@id":"https:\/\/agenciainfra.com\/blog\/#\/schema\/person\/image\/","url":"https:\/\/secure.gravatar.com\/avatar\/594abfe82761d620726242ff34ca472a705a4b97f16c790053a6b4c4035274d0?s=96&d=mm&r=g","contentUrl":"https:\/\/secure.gravatar.com\/avatar\/594abfe82761d620726242ff34ca472a705a4b97f16c790053a6b4c4035274d0?s=96&d=mm&r=g","caption":"Rodrigo Zuquim"},"url":"https:\/\/agenciainfra.com\/blog\/author\/rodrigo-zuquim\/"}]}},"_links":{"self":[{"href":"https:\/\/agenciainfra.com\/blog\/wp-json\/wp\/v2\/posts\/3071","targetHints":{"allow":["GET"]}}],"collection":[{"href":"https:\/\/agenciainfra.com\/blog\/wp-json\/wp\/v2\/posts"}],"about":[{"href":"https:\/\/agenciainfra.com\/blog\/wp-json\/wp\/v2\/types\/post"}],"author":[{"embeddable":true,"href":"https:\/\/agenciainfra.com\/blog\/wp-json\/wp\/v2\/users\/9"}],"replies":[{"embeddable":true,"href":"https:\/\/agenciainfra.com\/blog\/wp-json\/wp\/v2\/comments?post=3071"}],"version-history":[{"count":0,"href":"https:\/\/agenciainfra.com\/blog\/wp-json\/wp\/v2\/posts\/3071\/revisions"}],"wp:featuredmedia":[{"embeddable":true,"href":"https:\/\/agenciainfra.com\/blog\/wp-json\/wp\/v2\/media\/2952"}],"wp:attachment":[{"href":"https:\/\/agenciainfra.com\/blog\/wp-json\/wp\/v2\/media?parent=3071"}],"wp:term":[{"taxonomy":"category","embeddable":true,"href":"https:\/\/agenciainfra.com\/blog\/wp-json\/wp\/v2\/categories?post=3071"},{"taxonomy":"post_tag","embeddable":true,"href":"https:\/\/agenciainfra.com\/blog\/wp-json\/wp\/v2\/tags?post=3071"}],"curies":[{"name":"wp","href":"https:\/\/api.w.org\/{rel}","templated":true}]}}