{"id":30776,"date":"2025-10-28T09:00:00","date_gmt":"2025-10-28T12:00:00","guid":{"rendered":"https:\/\/agenciainfra.com\/blog\/?p=30776"},"modified":"2025-10-28T09:00:01","modified_gmt":"2025-10-28T12:00:01","slug":"modicidade-tarifaria-e-seguranca-operativa-o-novo-ciclo-da-itaipu","status":"publish","type":"post","link":"https:\/\/agenciainfra.com\/blog\/modicidade-tarifaria-e-seguranca-operativa-o-novo-ciclo-da-itaipu\/","title":{"rendered":"Modicidade tarif\u00e1ria e seguran\u00e7a operativa: o novo ciclo da Itaipu"},"content":{"rendered":"\n<p class=\"has-text-align-right\"><strong>Andr\u00e9 Pepitone<\/strong>*<\/p>\n\n\n\n<p>Itaipu Binacional ocupa posi\u00e7\u00e3o singular no setor el\u00e9trico sul-americano. N\u00e3o \u00e9 brasileira nem paraguaia: \u00e9 do Brasil e do Paraguai. Essa natureza binacional, que exige decis\u00f5es por consenso, moldou uma cultura institucional pautada pelo di\u00e1logo, equil\u00edbrio e coopera\u00e7\u00e3o. A usina \u00e9, portanto, um s\u00edmbolo concreto de integra\u00e7\u00e3o entre povos e de compromisso compartilhado com o desenvolvimento sustent\u00e1vel e a seguran\u00e7a energ\u00e9tica da regi\u00e3o.<\/p>\n\n\n\n<p>O ano de 2023 marcou virada hist\u00f3rica para Itaipu. Com a quita\u00e7\u00e3o integral da d\u00edvida de constru\u00e7\u00e3o, em 28 de fevereiro, a usina entrou em nova fase de opera\u00e7\u00e3o e gest\u00e3o. O impacto foi imediato: a tarifa de repasse para os consumidores brasileiros, que at\u00e9 2022 se mantinha em m\u00e9dia de US$ 27,86\/kW.m\u00eas, caiu 27,4% em 2023, passando a ser naquele ano US$ 20,23\/kW.m\u00eas. Para o tri\u00eanio 2024\u20132026, a tarifa foi estabelecida em US$ 17,66\/kW.m\u00eas, representando redu\u00e7\u00e3o de 36,6%.<\/p>\n\n\n\n<p>Essas sucessivas quedas consolidaram a hidrel\u00e9trica de Itaipu como uma das fontes de energia mais competitivas do portf\u00f3lio do mercado regulado brasileiro, contribuindo diretamente para a modicidade tarif\u00e1ria de milh\u00f5es de fam\u00edlias e para a previsibilidade de custos das distribuidoras. A competitividade \u00e9 expressiva: em 2025, o custo m\u00e9dio da energia de Itaipu no reajuste tarif\u00e1rio da distribuidora CPFL Piratininga, localizada no estado de S\u00e3o Paulo, foi de R$ 221,30\/MWh, valor inferior ao das usinas cotistas da Lei 12.783\/2013 (R$ 222,59\/MWh) e bem abaixo do pre\u00e7o m\u00e9dio de aquisi\u00e7\u00e3o de energia pelas distribuidoras em 2025 \u2013&nbsp; ACRm\u00e9dio (R$ 307,29\/MWh). Para 2026, o valor projetado do ACRm\u00e9dio pela ANEEL (Ag\u00eancia Nacional de Energia El\u00e9trica) \u00e9 de R$ 342,71\/MWh, ampliando ainda mais a diferen\u00e7a.<\/p>\n\n\n\n<figure class=\"wp-block-image aligncenter size-large is-resized\"><img fetchpriority=\"high\" decoding=\"async\" width=\"1024\" height=\"715\" src=\"https:\/\/agenciainfra.com\/blog\/wp-content\/uploads\/2025\/10\/imagem1-1024x715.jpg\" alt=\"\" class=\"wp-image-30787\" style=\"width:400px\" srcset=\"https:\/\/agenciainfra.com\/blog\/wp-content\/uploads\/2025\/10\/imagem1-1024x715.jpg 1024w, https:\/\/agenciainfra.com\/blog\/wp-content\/uploads\/2025\/10\/imagem1-300x210.jpg 300w, https:\/\/agenciainfra.com\/blog\/wp-content\/uploads\/2025\/10\/imagem1-768x536.jpg 768w, https:\/\/agenciainfra.com\/blog\/wp-content\/uploads\/2025\/10\/imagem1.jpg 1280w\" sizes=\"(max-width: 1024px) 100vw, 1024px\" \/><\/figure>\n\n\n\n<p>Ao se comparar Itaipu com os pre\u00e7os m\u00e9dios dos contratos de leil\u00f5es de energia firmados nos \u00faltimos dez anos pela CCEE (C\u00e2mara de Comercializa\u00e7\u00e3o de Energia El\u00e9trica), o desempenho \u00e9 igualmente not\u00e1vel: a tarifa da usina situa-se como <strong>a segunda mais competitiva<\/strong> do conjunto. A tarifa supera apenas a m\u00e9dia do LEE (Leil\u00e3o de Energia Existente), em que os contratos firmados s\u00e3o de curto prazo. Registra-se que a pol\u00edtica tarif\u00e1ria de Itaipu, resultado de sua condi\u00e7\u00e3o binacional e da disciplina financeira de sua gest\u00e3o, leva a um valor de energia praticado em 2025 de 33,5% inferior \u00e0 m\u00e9dia dos contratos dos leil\u00f5es da CCEE (R$ 362,2\/MWh), traduz-se em benef\u00edcios concretos \u00e0 economia dos dois pa\u00edses.<\/p>\n\n\n\n<figure class=\"wp-block-image aligncenter size-large is-resized\"><img decoding=\"async\" width=\"1024\" height=\"733\" src=\"https:\/\/agenciainfra.com\/blog\/wp-content\/uploads\/2025\/10\/imagem2-1024x733.jpg\" alt=\"\" class=\"wp-image-30788\" style=\"width:400px\" srcset=\"https:\/\/agenciainfra.com\/blog\/wp-content\/uploads\/2025\/10\/imagem2-1024x733.jpg 1024w, https:\/\/agenciainfra.com\/blog\/wp-content\/uploads\/2025\/10\/imagem2-300x215.jpg 300w, https:\/\/agenciainfra.com\/blog\/wp-content\/uploads\/2025\/10\/imagem2-768x550.jpg 768w, https:\/\/agenciainfra.com\/blog\/wp-content\/uploads\/2025\/10\/imagem2.jpg 1280w\" sizes=\"(max-width: 1024px) 100vw, 1024px\" \/><\/figure>\n\n\n\n<p>Ao contr\u00e1rio da maioria das hidrel\u00e9tricas que integram o MRE (Mecanismo de Realoca\u00e7\u00e3o de Energia), Itaipu apresenta super\u00e1vit de gera\u00e7\u00e3o, atuando como doadora no mecanismo. Isso significa que, al\u00e9m de produzir acima da m\u00e9dia, a usina contribui para reduzir o custo do bloco hidr\u00e1ulico nos \u00faltimos anos, refor\u00e7ando a estabilidade financeira e operativa do sistema.<\/p>\n\n\n\n<figure class=\"wp-block-image aligncenter size-large is-resized\"><img decoding=\"async\" width=\"1024\" height=\"483\" src=\"https:\/\/agenciainfra.com\/blog\/wp-content\/uploads\/2025\/10\/imagem3-1024x483.jpg\" alt=\"\" class=\"wp-image-30789\" style=\"width:700px\" srcset=\"https:\/\/agenciainfra.com\/blog\/wp-content\/uploads\/2025\/10\/imagem3-1024x483.jpg 1024w, https:\/\/agenciainfra.com\/blog\/wp-content\/uploads\/2025\/10\/imagem3-300x142.jpg 300w, https:\/\/agenciainfra.com\/blog\/wp-content\/uploads\/2025\/10\/imagem3-768x362.jpg 768w, https:\/\/agenciainfra.com\/blog\/wp-content\/uploads\/2025\/10\/imagem3.jpg 1280w\" sizes=\"(max-width: 1024px) 100vw, 1024px\" \/><\/figure>\n\n\n\n<p>O papel de Itaipu no setor el\u00e9trico tamb\u00e9m evoluiu. Se no passado a usina representava sobretudo a relev\u00e2ncia energ\u00e9tica \u2014 pela magnitude de sua gera\u00e7\u00e3o e sua contribui\u00e7\u00e3o \u00e0 oferta nacional \u2014, hoje seu papel central est\u00e1 associado \u00e0 seguran\u00e7a operativa do SIN (Sistema Interligado Nacional).<\/p>\n\n\n\n<p>A transforma\u00e7\u00e3o da matriz el\u00e9trica brasileira \u2013 marcada pela expans\u00e3o acelerada das fontes e\u00f3lica e solar, especialmente nas regi\u00f5es Nordeste e Norte \u2013 redefiniu a fun\u00e7\u00e3o de Itaipu. A usina passou de grande fornecedora de energia para pilar de estabilidade operativa do SIN. Seu perfil t\u00e9cnico permite compensar, em tempo real, as oscila\u00e7\u00f5es dessas fontes intermitentes, contribuindo para a confiabilidade do suprimento el\u00e9trico nacional.<\/p>\n\n\n\n<p>O fen\u00f4meno conhecido como \u201ccurva do pato\u201d, decorrente da queda da gera\u00e7\u00e3o solar ao entardecer combinada com o aumento do consumo no mesmo hor\u00e1rio, exige fontes com resposta r\u00e1pida e previs\u00edvel. \u00c9 exatamente nesse momento que Itaipu desempenha papel essencial: entregando pot\u00eancia na ponta e respondendo com agilidade \u00e0s rampas de demanda, estabilizando o sistema quando o sol se p\u00f5e e a carga cresce.<\/p>\n\n\n\n<figure class=\"wp-block-image aligncenter size-large is-resized\"><img loading=\"lazy\" decoding=\"async\" width=\"1024\" height=\"895\" src=\"https:\/\/agenciainfra.com\/blog\/wp-content\/uploads\/2025\/10\/imagem4-1024x895.jpg\" alt=\"\" class=\"wp-image-30790\" style=\"width:400px\" srcset=\"https:\/\/agenciainfra.com\/blog\/wp-content\/uploads\/2025\/10\/imagem4-1024x895.jpg 1024w, https:\/\/agenciainfra.com\/blog\/wp-content\/uploads\/2025\/10\/imagem4-300x262.jpg 300w, https:\/\/agenciainfra.com\/blog\/wp-content\/uploads\/2025\/10\/imagem4-768x671.jpg 768w, https:\/\/agenciainfra.com\/blog\/wp-content\/uploads\/2025\/10\/imagem4.jpg 1280w\" sizes=\"(max-width: 1024px) 100vw, 1024px\" \/><\/figure>\n\n\n\n<p>Essa capacidade operacional \u00e9 resultado de um parque gerador robusto, aliado a uma gest\u00e3o binacional eficiente e a uma coordena\u00e7\u00e3o integrada com o ONS (Operador Nacional do Sistema El\u00e9trico). Em momentos de estresse hidrol\u00f3gico ou de volatilidade da gera\u00e7\u00e3o renov\u00e1vel, Itaipu se mant\u00e9m como um ativo de seguran\u00e7a sist\u00eamica \u2013 um seguro energ\u00e9tico em favor da estabilidade nacional.<\/p>\n\n\n\n<p>Sua localiza\u00e7\u00e3o tamb\u00e9m \u00e9 estrat\u00e9gica. A gera\u00e7\u00e3o de Itaipu ocorre no submercado Sudeste, regi\u00e3o que concentra o maior consumo el\u00e9trico do pa\u00eds. Com isso, a energia \u00e9 entregue exatamente onde \u00e9 mais necess\u00e1ria, reduzindo perdas de transmiss\u00e3o e aumentando a efici\u00eancia global do sistema.<\/p>\n\n\n\n<p>Mais do que um empreendimento de gera\u00e7\u00e3o, Itaipu \u00e9 um projeto de Estado, constru\u00eddo sobre a premissa de que integra\u00e7\u00e3o regional e seguran\u00e7a energ\u00e9tica caminham juntas. A quita\u00e7\u00e3o da d\u00edvida em 2023 inaugurou um novo ciclo de competitividade e benef\u00edcio social: a redu\u00e7\u00e3o expressiva de sua tarifa permitiu que Itaipu se tornasse uma das fontes de energia mais econ\u00f4micas do mercado regulado do pa\u00eds, contribuindo diretamente para a modicidade tarif\u00e1ria e refletindo-se nas contas de milh\u00f5es de fam\u00edlias brasileiras.&nbsp;<\/p>\n\n\n\n<p>Cada megawatt-hora produzido pela usina n\u00e3o apenas refor\u00e7a a confiabilidade do sistema el\u00e9trico, mas tamb\u00e9m alivia o custo da energia para consumidores. Em um momento em que o pre\u00e7o da energia \u00e9 fator decisivo para o poder de compra, a competitividade de Itaipu \u00e9 entrega concreta de valor p\u00fablico, resultado de gest\u00e3o eficiente e de parceria binacional que traduz, em n\u00fameros, os benef\u00edcios do consenso e da coopera\u00e7\u00e3o.<\/p>\n\n\n\n<p><strong>*Andr\u00e9 Pepitone<\/strong> \u00e9 diretor financeiro executivo da Itaipu Binacional e ex-diretor-geral da ANEEL.<\/p>\n\n\n\n<p class=\"has-luminous-vivid-orange-color has-text-color has-link-color wp-elements-afaaa81626125a77b95b6a69457c218d\">As opini\u00f5es dos autores n\u00e3o refletem necessariamente o pensamento da<strong>&nbsp;Ag\u00eancia iNFRA<\/strong>, sendo de total responsabilidade do autor as informa\u00e7\u00f5es, ju\u00edzos de valor e conceitos descritos no texto.<\/p>\n","protected":false},"excerpt":{"rendered":"<p>Andr\u00e9 Pepitone* Itaipu Binacional ocupa posi\u00e7\u00e3o singular no setor el\u00e9trico sul-americano. N\u00e3o \u00e9 brasileira nem paraguaia: \u00e9 do Brasil e do Paraguai. Essa natureza binacional, que exige decis\u00f5es por consenso, moldou uma cultura institucional pautada pelo di\u00e1logo, equil\u00edbrio e coopera\u00e7\u00e3o. A usina \u00e9, portanto, um s\u00edmbolo concreto de integra\u00e7\u00e3o entre povos e de compromisso compartilhado [&hellip;]<\/p>\n","protected":false},"author":1,"featured_media":30780,"comment_status":"closed","ping_status":"closed","sticky":false,"template":"","format":"standard","meta":{"_monsterinsights_skip_tracking":false,"_monsterinsights_sitenote_active":false,"_monsterinsights_sitenote_note":"","_monsterinsights_sitenote_category":0,"footnotes":""},"categories":[10,10040],"tags":[820,53,4674,2941,16481,54],"class_list":["post-30776","post","type-post","status-publish","format-standard","has-post-thumbnail","hentry","category-infraenergia","category-opiniao","tag-andre-pepitone","tag-aneel","tag-itaipu-binacional","tag-modicidade-tarifaria","tag-seguranca-operativa","tag-setor-eletrico"],"yoast_head":"<!-- This site is optimized with the Yoast SEO Premium plugin v25.4 (Yoast SEO v26.0) - https:\/\/yoast.com\/wordpress\/plugins\/seo\/ -->\n<title>Modicidade tarif\u00e1ria e seguran\u00e7a operativa: o novo ciclo da Itaipu - Ag\u00eancia iNFRA<\/title>\n<meta name=\"robots\" content=\"index, follow, max-snippet:-1, max-image-preview:large, max-video-preview:-1\" \/>\n<link rel=\"canonical\" href=\"https:\/\/agenciainfra.com\/blog\/modicidade-tarifaria-e-seguranca-operativa-o-novo-ciclo-da-itaipu\/\" \/>\n<meta property=\"og:locale\" content=\"pt_BR\" \/>\n<meta property=\"og:type\" content=\"article\" \/>\n<meta property=\"og:title\" content=\"Modicidade tarif\u00e1ria e seguran\u00e7a operativa: o novo ciclo da Itaipu\" \/>\n<meta property=\"og:description\" content=\"Andr\u00e9 Pepitone* Itaipu Binacional ocupa posi\u00e7\u00e3o singular no setor el\u00e9trico sul-americano. N\u00e3o \u00e9 brasileira nem paraguaia: \u00e9 do Brasil e do Paraguai. Essa natureza binacional, que exige decis\u00f5es por consenso, moldou uma cultura institucional pautada pelo di\u00e1logo, equil\u00edbrio e coopera\u00e7\u00e3o. A usina \u00e9, portanto, um s\u00edmbolo concreto de integra\u00e7\u00e3o entre povos e de compromisso compartilhado [&hellip;]\" \/>\n<meta property=\"og:url\" content=\"https:\/\/agenciainfra.com\/blog\/modicidade-tarifaria-e-seguranca-operativa-o-novo-ciclo-da-itaipu\/\" \/>\n<meta property=\"og:site_name\" content=\"Ag\u00eancia iNFRA\" \/>\n<meta property=\"article:publisher\" content=\"https:\/\/www.facebook.com\/ageninfra\" \/>\n<meta property=\"article:published_time\" content=\"2025-10-28T12:00:00+00:00\" \/>\n<meta property=\"article:modified_time\" content=\"2025-10-28T12:00:01+00:00\" \/>\n<meta property=\"og:image\" content=\"https:\/\/agenciainfra.com\/blog\/wp-content\/uploads\/2025\/10\/andre-pepitone-4-foto-itaipu.jpeg\" \/>\n\t<meta property=\"og:image:width\" content=\"1280\" \/>\n\t<meta property=\"og:image:height\" content=\"854\" \/>\n\t<meta property=\"og:image:type\" content=\"image\/jpeg\" \/>\n<meta name=\"author\" content=\"Ag\u00eancia iNFRA\" \/>\n<meta name=\"twitter:card\" content=\"summary_large_image\" \/>\n<meta name=\"twitter:creator\" content=\"@agencia_infra\" \/>\n<meta name=\"twitter:site\" content=\"@agencia_infra\" \/>\n<meta name=\"twitter:label1\" content=\"Escrito por\" \/>\n\t<meta name=\"twitter:data1\" content=\"Ag\u00eancia iNFRA\" \/>\n\t<meta name=\"twitter:label2\" content=\"Est. tempo de leitura\" \/>\n\t<meta name=\"twitter:data2\" content=\"5 minutos\" \/>\n<script type=\"application\/ld+json\" class=\"yoast-schema-graph\">{\"@context\":\"https:\/\/schema.org\",\"@graph\":[{\"@type\":\"Article\",\"@id\":\"https:\/\/agenciainfra.com\/blog\/modicidade-tarifaria-e-seguranca-operativa-o-novo-ciclo-da-itaipu\/#article\",\"isPartOf\":{\"@id\":\"https:\/\/agenciainfra.com\/blog\/modicidade-tarifaria-e-seguranca-operativa-o-novo-ciclo-da-itaipu\/\"},\"author\":{\"name\":\"Ag\u00eancia iNFRA\",\"@id\":\"https:\/\/agenciainfra.com\/blog\/#\/schema\/person\/34af08dff6adea4cb22b06612ba7acfa\"},\"headline\":\"Modicidade tarif\u00e1ria e seguran\u00e7a operativa: o novo ciclo da Itaipu\",\"datePublished\":\"2025-10-28T12:00:00+00:00\",\"dateModified\":\"2025-10-28T12:00:01+00:00\",\"mainEntityOfPage\":{\"@id\":\"https:\/\/agenciainfra.com\/blog\/modicidade-tarifaria-e-seguranca-operativa-o-novo-ciclo-da-itaipu\/\"},\"wordCount\":1019,\"publisher\":{\"@id\":\"https:\/\/agenciainfra.com\/blog\/#organization\"},\"image\":{\"@id\":\"https:\/\/agenciainfra.com\/blog\/modicidade-tarifaria-e-seguranca-operativa-o-novo-ciclo-da-itaipu\/#primaryimage\"},\"thumbnailUrl\":\"https:\/\/agenciainfra.com\/blog\/wp-content\/uploads\/2025\/10\/andre-pepitone-4-foto-itaipu.jpeg\",\"keywords\":[\"Andr\u00e9 Pepitone\",\"ANEEL\",\"Itaipu Binacional\",\"modicidade tarif\u00e1ria\",\"seguran\u00e7a operativa\",\"Setor El\u00e9trico\"],\"articleSection\":[\"iNFRAEnergia\",\"Opini\u00e3o\"],\"inLanguage\":\"pt-BR\",\"copyrightYear\":\"2025\",\"copyrightHolder\":{\"@id\":\"https:\/\/agenciainfra.com\/blog\/#organization\"}},{\"@type\":\"WebPage\",\"@id\":\"https:\/\/agenciainfra.com\/blog\/modicidade-tarifaria-e-seguranca-operativa-o-novo-ciclo-da-itaipu\/\",\"url\":\"https:\/\/agenciainfra.com\/blog\/modicidade-tarifaria-e-seguranca-operativa-o-novo-ciclo-da-itaipu\/\",\"name\":\"Modicidade tarif\u00e1ria e seguran\u00e7a operativa: o novo ciclo da Itaipu - Ag\u00eancia iNFRA\",\"isPartOf\":{\"@id\":\"https:\/\/agenciainfra.com\/blog\/#website\"},\"primaryImageOfPage\":{\"@id\":\"https:\/\/agenciainfra.com\/blog\/modicidade-tarifaria-e-seguranca-operativa-o-novo-ciclo-da-itaipu\/#primaryimage\"},\"image\":{\"@id\":\"https:\/\/agenciainfra.com\/blog\/modicidade-tarifaria-e-seguranca-operativa-o-novo-ciclo-da-itaipu\/#primaryimage\"},\"thumbnailUrl\":\"https:\/\/agenciainfra.com\/blog\/wp-content\/uploads\/2025\/10\/andre-pepitone-4-foto-itaipu.jpeg\",\"datePublished\":\"2025-10-28T12:00:00+00:00\",\"dateModified\":\"2025-10-28T12:00:01+00:00\",\"breadcrumb\":{\"@id\":\"https:\/\/agenciainfra.com\/blog\/modicidade-tarifaria-e-seguranca-operativa-o-novo-ciclo-da-itaipu\/#breadcrumb\"},\"inLanguage\":\"pt-BR\",\"potentialAction\":[{\"@type\":\"ReadAction\",\"target\":[\"https:\/\/agenciainfra.com\/blog\/modicidade-tarifaria-e-seguranca-operativa-o-novo-ciclo-da-itaipu\/\"]}]},{\"@type\":\"ImageObject\",\"inLanguage\":\"pt-BR\",\"@id\":\"https:\/\/agenciainfra.com\/blog\/modicidade-tarifaria-e-seguranca-operativa-o-novo-ciclo-da-itaipu\/#primaryimage\",\"url\":\"https:\/\/agenciainfra.com\/blog\/wp-content\/uploads\/2025\/10\/andre-pepitone-4-foto-itaipu.jpeg\",\"contentUrl\":\"https:\/\/agenciainfra.com\/blog\/wp-content\/uploads\/2025\/10\/andre-pepitone-4-foto-itaipu.jpeg\",\"width\":1280,\"height\":854,\"caption\":\"Foto: Itaipu Binacional\"},{\"@type\":\"BreadcrumbList\",\"@id\":\"https:\/\/agenciainfra.com\/blog\/modicidade-tarifaria-e-seguranca-operativa-o-novo-ciclo-da-itaipu\/#breadcrumb\",\"itemListElement\":[{\"@type\":\"ListItem\",\"position\":1,\"name\":\"In\u00edcio\",\"item\":\"https:\/\/agenciainfra.com\/blog\/\"},{\"@type\":\"ListItem\",\"position\":2,\"name\":\"Modicidade tarif\u00e1ria e seguran\u00e7a operativa: o novo ciclo da Itaipu\"}]},{\"@type\":\"WebSite\",\"@id\":\"https:\/\/agenciainfra.com\/blog\/#website\",\"url\":\"https:\/\/agenciainfra.com\/blog\/\",\"name\":\"Ag\u00eancia iNFRA\",\"description\":\"Multiplataforma de informa\u00e7\u00e3o jornal\u00edstica refer\u00eancia na \u00e1rea de infraestrutura no Brasil!\",\"publisher\":{\"@id\":\"https:\/\/agenciainfra.com\/blog\/#organization\"},\"potentialAction\":[{\"@type\":\"SearchAction\",\"target\":{\"@type\":\"EntryPoint\",\"urlTemplate\":\"https:\/\/agenciainfra.com\/blog\/?s={search_term_string}\"},\"query-input\":{\"@type\":\"PropertyValueSpecification\",\"valueRequired\":true,\"valueName\":\"search_term_string\"}}],\"inLanguage\":\"pt-BR\"},{\"@type\":\"Organization\",\"@id\":\"https:\/\/agenciainfra.com\/blog\/#organization\",\"name\":\"Ag\u00eancia iNFRA\",\"url\":\"https:\/\/agenciainfra.com\/blog\/\",\"logo\":{\"@type\":\"ImageObject\",\"inLanguage\":\"pt-BR\",\"@id\":\"https:\/\/agenciainfra.com\/blog\/#\/schema\/logo\/image\/\",\"url\":\"https:\/\/agenciainfra.com\/blog\/wp-content\/uploads\/2023\/09\/iNFRA_5-e1761735885940.png\",\"contentUrl\":\"https:\/\/agenciainfra.com\/blog\/wp-content\/uploads\/2023\/09\/iNFRA_5-e1761735885940.png\",\"width\":1672,\"height\":454,\"caption\":\"Ag\u00eancia iNFRA\"},\"image\":{\"@id\":\"https:\/\/agenciainfra.com\/blog\/#\/schema\/logo\/image\/\"},\"sameAs\":[\"https:\/\/www.facebook.com\/ageninfra\",\"https:\/\/x.com\/agencia_infra\",\"https:\/\/www.linkedin.com\/company\/ag\u00eanciainfra\/\",\"https:\/\/www.instagram.com\/agenciainfra\/\"]},{\"@type\":\"Person\",\"@id\":\"https:\/\/agenciainfra.com\/blog\/#\/schema\/person\/34af08dff6adea4cb22b06612ba7acfa\",\"name\":\"Ag\u00eancia iNFRA\",\"image\":{\"@type\":\"ImageObject\",\"inLanguage\":\"pt-BR\",\"@id\":\"https:\/\/agenciainfra.com\/blog\/#\/schema\/person\/image\/\",\"url\":\"https:\/\/secure.gravatar.com\/avatar\/d189e01678f06d8eb84d4e01f08eb848b3fffe3f8443818d3c356c66892f5be8?s=96&d=mm&r=g\",\"contentUrl\":\"https:\/\/secure.gravatar.com\/avatar\/d189e01678f06d8eb84d4e01f08eb848b3fffe3f8443818d3c356c66892f5be8?s=96&d=mm&r=g\",\"caption\":\"Ag\u00eancia iNFRA\"},\"url\":\"https:\/\/agenciainfra.com\/blog\/author\/admin\/\"}]}<\/script>\n<!-- \/ Yoast SEO Premium plugin. -->","yoast_head_json":{"title":"Modicidade tarif\u00e1ria e seguran\u00e7a operativa: o novo ciclo da Itaipu - Ag\u00eancia iNFRA","robots":{"index":"index","follow":"follow","max-snippet":"max-snippet:-1","max-image-preview":"max-image-preview:large","max-video-preview":"max-video-preview:-1"},"canonical":"https:\/\/agenciainfra.com\/blog\/modicidade-tarifaria-e-seguranca-operativa-o-novo-ciclo-da-itaipu\/","og_locale":"pt_BR","og_type":"article","og_title":"Modicidade tarif\u00e1ria e seguran\u00e7a operativa: o novo ciclo da Itaipu","og_description":"Andr\u00e9 Pepitone* Itaipu Binacional ocupa posi\u00e7\u00e3o singular no setor el\u00e9trico sul-americano. N\u00e3o \u00e9 brasileira nem paraguaia: \u00e9 do Brasil e do Paraguai. Essa natureza binacional, que exige decis\u00f5es por consenso, moldou uma cultura institucional pautada pelo di\u00e1logo, equil\u00edbrio e coopera\u00e7\u00e3o. A usina \u00e9, portanto, um s\u00edmbolo concreto de integra\u00e7\u00e3o entre povos e de compromisso compartilhado [&hellip;]","og_url":"https:\/\/agenciainfra.com\/blog\/modicidade-tarifaria-e-seguranca-operativa-o-novo-ciclo-da-itaipu\/","og_site_name":"Ag\u00eancia iNFRA","article_publisher":"https:\/\/www.facebook.com\/ageninfra","article_published_time":"2025-10-28T12:00:00+00:00","article_modified_time":"2025-10-28T12:00:01+00:00","og_image":[{"width":1280,"height":854,"url":"https:\/\/agenciainfra.com\/blog\/wp-content\/uploads\/2025\/10\/andre-pepitone-4-foto-itaipu.jpeg","type":"image\/jpeg"}],"author":"Ag\u00eancia iNFRA","twitter_card":"summary_large_image","twitter_creator":"@agencia_infra","twitter_site":"@agencia_infra","twitter_misc":{"Escrito por":"Ag\u00eancia iNFRA","Est. tempo de leitura":"5 minutos"},"schema":{"@context":"https:\/\/schema.org","@graph":[{"@type":"Article","@id":"https:\/\/agenciainfra.com\/blog\/modicidade-tarifaria-e-seguranca-operativa-o-novo-ciclo-da-itaipu\/#article","isPartOf":{"@id":"https:\/\/agenciainfra.com\/blog\/modicidade-tarifaria-e-seguranca-operativa-o-novo-ciclo-da-itaipu\/"},"author":{"name":"Ag\u00eancia iNFRA","@id":"https:\/\/agenciainfra.com\/blog\/#\/schema\/person\/34af08dff6adea4cb22b06612ba7acfa"},"headline":"Modicidade tarif\u00e1ria e seguran\u00e7a operativa: o novo ciclo da Itaipu","datePublished":"2025-10-28T12:00:00+00:00","dateModified":"2025-10-28T12:00:01+00:00","mainEntityOfPage":{"@id":"https:\/\/agenciainfra.com\/blog\/modicidade-tarifaria-e-seguranca-operativa-o-novo-ciclo-da-itaipu\/"},"wordCount":1019,"publisher":{"@id":"https:\/\/agenciainfra.com\/blog\/#organization"},"image":{"@id":"https:\/\/agenciainfra.com\/blog\/modicidade-tarifaria-e-seguranca-operativa-o-novo-ciclo-da-itaipu\/#primaryimage"},"thumbnailUrl":"https:\/\/agenciainfra.com\/blog\/wp-content\/uploads\/2025\/10\/andre-pepitone-4-foto-itaipu.jpeg","keywords":["Andr\u00e9 Pepitone","ANEEL","Itaipu Binacional","modicidade tarif\u00e1ria","seguran\u00e7a operativa","Setor El\u00e9trico"],"articleSection":["iNFRAEnergia","Opini\u00e3o"],"inLanguage":"pt-BR","copyrightYear":"2025","copyrightHolder":{"@id":"https:\/\/agenciainfra.com\/blog\/#organization"}},{"@type":"WebPage","@id":"https:\/\/agenciainfra.com\/blog\/modicidade-tarifaria-e-seguranca-operativa-o-novo-ciclo-da-itaipu\/","url":"https:\/\/agenciainfra.com\/blog\/modicidade-tarifaria-e-seguranca-operativa-o-novo-ciclo-da-itaipu\/","name":"Modicidade tarif\u00e1ria e seguran\u00e7a operativa: o novo ciclo da Itaipu - Ag\u00eancia iNFRA","isPartOf":{"@id":"https:\/\/agenciainfra.com\/blog\/#website"},"primaryImageOfPage":{"@id":"https:\/\/agenciainfra.com\/blog\/modicidade-tarifaria-e-seguranca-operativa-o-novo-ciclo-da-itaipu\/#primaryimage"},"image":{"@id":"https:\/\/agenciainfra.com\/blog\/modicidade-tarifaria-e-seguranca-operativa-o-novo-ciclo-da-itaipu\/#primaryimage"},"thumbnailUrl":"https:\/\/agenciainfra.com\/blog\/wp-content\/uploads\/2025\/10\/andre-pepitone-4-foto-itaipu.jpeg","datePublished":"2025-10-28T12:00:00+00:00","dateModified":"2025-10-28T12:00:01+00:00","breadcrumb":{"@id":"https:\/\/agenciainfra.com\/blog\/modicidade-tarifaria-e-seguranca-operativa-o-novo-ciclo-da-itaipu\/#breadcrumb"},"inLanguage":"pt-BR","potentialAction":[{"@type":"ReadAction","target":["https:\/\/agenciainfra.com\/blog\/modicidade-tarifaria-e-seguranca-operativa-o-novo-ciclo-da-itaipu\/"]}]},{"@type":"ImageObject","inLanguage":"pt-BR","@id":"https:\/\/agenciainfra.com\/blog\/modicidade-tarifaria-e-seguranca-operativa-o-novo-ciclo-da-itaipu\/#primaryimage","url":"https:\/\/agenciainfra.com\/blog\/wp-content\/uploads\/2025\/10\/andre-pepitone-4-foto-itaipu.jpeg","contentUrl":"https:\/\/agenciainfra.com\/blog\/wp-content\/uploads\/2025\/10\/andre-pepitone-4-foto-itaipu.jpeg","width":1280,"height":854,"caption":"Foto: Itaipu Binacional"},{"@type":"BreadcrumbList","@id":"https:\/\/agenciainfra.com\/blog\/modicidade-tarifaria-e-seguranca-operativa-o-novo-ciclo-da-itaipu\/#breadcrumb","itemListElement":[{"@type":"ListItem","position":1,"name":"In\u00edcio","item":"https:\/\/agenciainfra.com\/blog\/"},{"@type":"ListItem","position":2,"name":"Modicidade tarif\u00e1ria e seguran\u00e7a operativa: o novo ciclo da Itaipu"}]},{"@type":"WebSite","@id":"https:\/\/agenciainfra.com\/blog\/#website","url":"https:\/\/agenciainfra.com\/blog\/","name":"Ag\u00eancia iNFRA","description":"Multiplataforma de informa\u00e7\u00e3o jornal\u00edstica refer\u00eancia na \u00e1rea de infraestrutura no Brasil!","publisher":{"@id":"https:\/\/agenciainfra.com\/blog\/#organization"},"potentialAction":[{"@type":"SearchAction","target":{"@type":"EntryPoint","urlTemplate":"https:\/\/agenciainfra.com\/blog\/?s={search_term_string}"},"query-input":{"@type":"PropertyValueSpecification","valueRequired":true,"valueName":"search_term_string"}}],"inLanguage":"pt-BR"},{"@type":"Organization","@id":"https:\/\/agenciainfra.com\/blog\/#organization","name":"Ag\u00eancia iNFRA","url":"https:\/\/agenciainfra.com\/blog\/","logo":{"@type":"ImageObject","inLanguage":"pt-BR","@id":"https:\/\/agenciainfra.com\/blog\/#\/schema\/logo\/image\/","url":"https:\/\/agenciainfra.com\/blog\/wp-content\/uploads\/2023\/09\/iNFRA_5-e1761735885940.png","contentUrl":"https:\/\/agenciainfra.com\/blog\/wp-content\/uploads\/2023\/09\/iNFRA_5-e1761735885940.png","width":1672,"height":454,"caption":"Ag\u00eancia iNFRA"},"image":{"@id":"https:\/\/agenciainfra.com\/blog\/#\/schema\/logo\/image\/"},"sameAs":["https:\/\/www.facebook.com\/ageninfra","https:\/\/x.com\/agencia_infra","https:\/\/www.linkedin.com\/company\/ag\u00eanciainfra\/","https:\/\/www.instagram.com\/agenciainfra\/"]},{"@type":"Person","@id":"https:\/\/agenciainfra.com\/blog\/#\/schema\/person\/34af08dff6adea4cb22b06612ba7acfa","name":"Ag\u00eancia iNFRA","image":{"@type":"ImageObject","inLanguage":"pt-BR","@id":"https:\/\/agenciainfra.com\/blog\/#\/schema\/person\/image\/","url":"https:\/\/secure.gravatar.com\/avatar\/d189e01678f06d8eb84d4e01f08eb848b3fffe3f8443818d3c356c66892f5be8?s=96&d=mm&r=g","contentUrl":"https:\/\/secure.gravatar.com\/avatar\/d189e01678f06d8eb84d4e01f08eb848b3fffe3f8443818d3c356c66892f5be8?s=96&d=mm&r=g","caption":"Ag\u00eancia iNFRA"},"url":"https:\/\/agenciainfra.com\/blog\/author\/admin\/"}]}},"_links":{"self":[{"href":"https:\/\/agenciainfra.com\/blog\/wp-json\/wp\/v2\/posts\/30776","targetHints":{"allow":["GET"]}}],"collection":[{"href":"https:\/\/agenciainfra.com\/blog\/wp-json\/wp\/v2\/posts"}],"about":[{"href":"https:\/\/agenciainfra.com\/blog\/wp-json\/wp\/v2\/types\/post"}],"author":[{"embeddable":true,"href":"https:\/\/agenciainfra.com\/blog\/wp-json\/wp\/v2\/users\/1"}],"replies":[{"embeddable":true,"href":"https:\/\/agenciainfra.com\/blog\/wp-json\/wp\/v2\/comments?post=30776"}],"version-history":[{"count":5,"href":"https:\/\/agenciainfra.com\/blog\/wp-json\/wp\/v2\/posts\/30776\/revisions"}],"predecessor-version":[{"id":30812,"href":"https:\/\/agenciainfra.com\/blog\/wp-json\/wp\/v2\/posts\/30776\/revisions\/30812"}],"wp:featuredmedia":[{"embeddable":true,"href":"https:\/\/agenciainfra.com\/blog\/wp-json\/wp\/v2\/media\/30780"}],"wp:attachment":[{"href":"https:\/\/agenciainfra.com\/blog\/wp-json\/wp\/v2\/media?parent=30776"}],"wp:term":[{"taxonomy":"category","embeddable":true,"href":"https:\/\/agenciainfra.com\/blog\/wp-json\/wp\/v2\/categories?post=30776"},{"taxonomy":"post_tag","embeddable":true,"href":"https:\/\/agenciainfra.com\/blog\/wp-json\/wp\/v2\/tags?post=30776"}],"curies":[{"name":"wp","href":"https:\/\/api.w.org\/{rel}","templated":true}]}}