{"id":30809,"date":"2025-10-28T09:00:00","date_gmt":"2025-10-28T12:00:00","guid":{"rendered":"https:\/\/agenciainfra.com\/blog\/?p=30809"},"modified":"2025-11-03T18:08:21","modified_gmt":"2025-11-03T21:08:21","slug":"total-energies-quer-investir-em-hidreletricas-no-brasil-diz-executivo","status":"publish","type":"post","link":"https:\/\/agenciainfra.com\/blog\/total-energies-quer-investir-em-hidreletricas-no-brasil-diz-executivo\/","title":{"rendered":"TotalEnergies quer investir em hidrel\u00e9tricas no Brasil, diz executivo"},"content":{"rendered":"\n<p class=\"has-text-align-right\"><strong>Lais Carregosa, da Ag\u00eancia iNFRA<\/strong><\/p>\n\n\n\n<p>A companhia francesa TotalEnergies, uma das maiores petroleiras do mundo, quer ampliar o seu portf\u00f3lio renov\u00e1vel no Brasil com investimentos em hidrel\u00e9tricas, afirmou o diretor-geral da empresa no pa\u00eds, Olivier Bahabanian. Segundo o executivo, o plano \u00e9 adquirir ativos maduros que j\u00e1 estejam em opera\u00e7\u00e3o comercial, seja em parceria com outra empresa ou para opera\u00e7\u00e3o integral pela companhia. Ele tamb\u00e9m n\u00e3o descarta avan\u00e7ar em usinas revers\u00edveis.<br><br>Olivier afirma que a TotalEnergies est\u00e1 buscando desenvolver no pa\u00eds um modelo de neg\u00f3cios de eletricidade \u201cfirme e limpa\u201d, com projetos flex\u00edveis. \u201cN\u00f3s sabemos que \u00e9 interessante, estamos olhando para isso, mas realmente \u00e9 uma quest\u00e3o de estar no lugar certo, na hora certa e com a oferta certa\u201d, disse \u00e0\u00a0<strong>Ag\u00eancia iNFRA<\/strong>.<br><br>Hoje, no Brasil, a empresa j\u00e1 tem cerca de 4,3 GW (gigawatts) de capacidade em usinas e\u00f3licas e solares considerando projetos em opera\u00e7\u00e3o e desenvolvimento em parceria com a Casa dos Ventos, empresa na qual tem 34% de participa\u00e7\u00e3o. A companhia tem outros 300 MW (megawatts) operados diretamente, por meio da subsidi\u00e1ria Total Eren.<br><br><strong>Baterias<\/strong><br>A companhia tamb\u00e9m est\u00e1 de olho no mercado de baterias no pa\u00eds. Olivier afirma que pretende participar, junto com a Casa dos Ventos, do leil\u00e3o exclusivo para a tecnologia previsto para 2026. Segundo ele, os sistemas de armazenamento s\u00e3o importantes \u201cprincipalmente para resolver alguns dos problemas de \u2018curtailment\u2019\u201d, como s\u00e3o conhecidos os cortes obrigat\u00f3rios de gera\u00e7\u00e3o e que t\u00eam afetado as usinas e\u00f3licas da Total no pa\u00eds. A estimativa da Casa dos Ventos \u00e9 que cerca de 15% da sua gera\u00e7\u00e3o tem sido cortada.<br><br>\u201cN\u00f3s estamos definitivamente interessados em armazenamento por meio de bateria para complementar [os neg\u00f3cios de] e\u00f3lica e solar\u201d, disse.<br><br>Olivier tamb\u00e9m cita os investimentos em data centers como um atrativo para o neg\u00f3cio. Segundo apura\u00e7\u00e3o da <strong>Ag\u00eancia iNFRA<\/strong>, a Casa dos Ventos est\u00e1 em <a href=\"https:\/\/agenciainfra.com\/blog\/mp-de-renovaveis-em-zonas-de-exportacao-viabiliza-data-center-no-ceara-dizem-fontes\/\">negocia\u00e7\u00f5es com big techs<\/a> para instalar um centro de processamento no Porto de Pec\u00e9m, no Cear\u00e1. O porto abriga ainda um projeto de hidrog\u00eanio verde da empresa, desenvolvido para exporta\u00e7\u00e3o do combust\u00edvel na forma de am\u00f4nia.<br><br><strong>E\u00f3lica offshore<\/strong><br>Sobre poss\u00edveis investimentos em e\u00f3lica offshore, o diretor da companhia afirma que a fonte deve ser desenvolvida no pa\u00eds apenas quando o potencial de gera\u00e7\u00e3o onshore estiver saturado. Atualmente, a TotalEnergies tem projetos gera\u00e7\u00e3o em alto-mar na Europa, \u00c0sia e nos Estados Unidos,<br><br>Isso, segundo Olivier, se d\u00e1 por conta do custo. De acordo com ele, a fonte e\u00f3lica em terra tem mais \u201csentido econ\u00f4mico\u201d. \u201cPara o Brasil, usar o recurso e\u00f3lico onshore \u00e9 muito mais eficiente do que ir para o mar. Quando se saturar a e\u00f3lica onshore, talvez possa olhar para o mar, mas \u00e9 [um recurso tecnol\u00f3gico] caro.\u201d<br><br>Ele destaca ainda que, apesar do conhecimento geol\u00f3gico que pode ser compartilhado entre a produ\u00e7\u00e3o de petr\u00f3leo e a gera\u00e7\u00e3o de energia e\u00f3lica em alto-mar, h\u00e1 poucas sinergias entre os dois recursos.\u00a0<br><br><em>* A rep\u00f3rter viajou ao Rio de Janeiro, Fortaleza e Natal a convite da TotalEnergies.<\/em><br><br><em>*O texto foi atualizado \u00e0s 9h39 da ter\u00e7a-feira (28) para ajustes textuais<\/em>; <em>e \u00e0s 18h08 de segunda-feira (3) com informa\u00e7\u00f5es adicionais.<\/em><\/p>\n\n\n\n<p><\/p>\n","protected":false},"excerpt":{"rendered":"<p>Lais Carregosa, da Ag\u00eancia iNFRA A companhia francesa TotalEnergies, uma das maiores petroleiras do mundo, quer ampliar o seu portf\u00f3lio renov\u00e1vel no Brasil com investimentos em hidrel\u00e9tricas, afirmou o diretor-geral da empresa no pa\u00eds, Olivier Bahabanian. Segundo o executivo, o plano \u00e9 adquirir ativos maduros que j\u00e1 estejam em opera\u00e7\u00e3o comercial, seja em parceria com [&hellip;]<\/p>\n","protected":false},"author":1,"featured_media":30810,"comment_status":"closed","ping_status":"closed","sticky":false,"template":"","format":"standard","meta":{"_monsterinsights_skip_tracking":false,"_monsterinsights_sitenote_active":false,"_monsterinsights_sitenote_note":"","_monsterinsights_sitenote_category":0,"footnotes":""},"categories":[7250,10],"tags":[635,702,13132,5848,16487],"class_list":["post-30809","post","type-post","status-publish","format-standard","has-post-thumbnail","hentry","category-destaque-lista","category-infraenergia","tag-hidreletricas","tag-investimento","tag-lais-carregosa","tag-petroleiras","tag-total-energies"],"yoast_head":"<!-- This site is optimized with the Yoast SEO Premium plugin v25.4 (Yoast SEO v26.0) - https:\/\/yoast.com\/wordpress\/plugins\/seo\/ -->\n<title>TotalEnergies quer investir em hidrel\u00e9tricas no Brasil, diz executivo - Ag\u00eancia iNFRA<\/title>\n<meta name=\"robots\" content=\"index, follow, max-snippet:-1, max-image-preview:large, max-video-preview:-1\" \/>\n<link rel=\"canonical\" href=\"https:\/\/agenciainfra.com\/blog\/total-energies-quer-investir-em-hidreletricas-no-brasil-diz-executivo\/\" \/>\n<meta property=\"og:locale\" content=\"pt_BR\" \/>\n<meta property=\"og:type\" content=\"article\" \/>\n<meta property=\"og:title\" content=\"TotalEnergies quer investir em hidrel\u00e9tricas no Brasil, diz executivo\" \/>\n<meta property=\"og:description\" content=\"Lais Carregosa, da Ag\u00eancia iNFRA A companhia francesa TotalEnergies, uma das maiores petroleiras do mundo, quer ampliar o seu portf\u00f3lio renov\u00e1vel no Brasil com investimentos em hidrel\u00e9tricas, afirmou o diretor-geral da empresa no pa\u00eds, Olivier Bahabanian. Segundo o executivo, o plano \u00e9 adquirir ativos maduros que j\u00e1 estejam em opera\u00e7\u00e3o comercial, seja em parceria com [&hellip;]\" \/>\n<meta property=\"og:url\" content=\"https:\/\/agenciainfra.com\/blog\/total-energies-quer-investir-em-hidreletricas-no-brasil-diz-executivo\/\" \/>\n<meta property=\"og:site_name\" content=\"Ag\u00eancia iNFRA\" \/>\n<meta property=\"article:publisher\" content=\"https:\/\/www.facebook.com\/ageninfra\" \/>\n<meta property=\"article:published_time\" content=\"2025-10-28T12:00:00+00:00\" \/>\n<meta property=\"article:modified_time\" content=\"2025-11-03T21:08:21+00:00\" \/>\n<meta property=\"og:image\" content=\"https:\/\/agenciainfra.com\/blog\/wp-content\/uploads\/2025\/10\/olivier-bahabanian-foto-linkedin.jpg\" \/>\n\t<meta property=\"og:image:width\" content=\"1024\" \/>\n\t<meta property=\"og:image:height\" content=\"576\" \/>\n\t<meta property=\"og:image:type\" content=\"image\/jpeg\" \/>\n<meta name=\"author\" content=\"Ag\u00eancia iNFRA\" \/>\n<meta name=\"twitter:card\" content=\"summary_large_image\" \/>\n<meta name=\"twitter:creator\" content=\"@agencia_infra\" \/>\n<meta name=\"twitter:site\" content=\"@agencia_infra\" \/>\n<meta name=\"twitter:label1\" content=\"Escrito por\" \/>\n\t<meta name=\"twitter:data1\" content=\"Ag\u00eancia iNFRA\" \/>\n\t<meta name=\"twitter:label2\" content=\"Est. tempo de leitura\" \/>\n\t<meta name=\"twitter:data2\" content=\"3 minutos\" \/>\n<script type=\"application\/ld+json\" class=\"yoast-schema-graph\">{\"@context\":\"https:\/\/schema.org\",\"@graph\":[{\"@type\":\"Article\",\"@id\":\"https:\/\/agenciainfra.com\/blog\/total-energies-quer-investir-em-hidreletricas-no-brasil-diz-executivo\/#article\",\"isPartOf\":{\"@id\":\"https:\/\/agenciainfra.com\/blog\/total-energies-quer-investir-em-hidreletricas-no-brasil-diz-executivo\/\"},\"author\":{\"name\":\"Ag\u00eancia iNFRA\",\"@id\":\"https:\/\/agenciainfra.com\/blog\/#\/schema\/person\/34af08dff6adea4cb22b06612ba7acfa\"},\"headline\":\"TotalEnergies quer investir em hidrel\u00e9tricas no Brasil, diz executivo\",\"datePublished\":\"2025-10-28T12:00:00+00:00\",\"dateModified\":\"2025-11-03T21:08:21+00:00\",\"mainEntityOfPage\":{\"@id\":\"https:\/\/agenciainfra.com\/blog\/total-energies-quer-investir-em-hidreletricas-no-brasil-diz-executivo\/\"},\"wordCount\":573,\"publisher\":{\"@id\":\"https:\/\/agenciainfra.com\/blog\/#organization\"},\"image\":{\"@id\":\"https:\/\/agenciainfra.com\/blog\/total-energies-quer-investir-em-hidreletricas-no-brasil-diz-executivo\/#primaryimage\"},\"thumbnailUrl\":\"https:\/\/agenciainfra.com\/blog\/wp-content\/uploads\/2025\/10\/olivier-bahabanian-foto-linkedin.jpg\",\"keywords\":[\"Hidrel\u00e9tricas\",\"Investimento\",\"Lais Carregosa\",\"petroleiras\",\"total energies\"],\"articleSection\":[\"Destaque lista\",\"iNFRAEnergia\"],\"inLanguage\":\"pt-BR\",\"copyrightYear\":\"2025\",\"copyrightHolder\":{\"@id\":\"https:\/\/agenciainfra.com\/blog\/#organization\"}},{\"@type\":\"WebPage\",\"@id\":\"https:\/\/agenciainfra.com\/blog\/total-energies-quer-investir-em-hidreletricas-no-brasil-diz-executivo\/\",\"url\":\"https:\/\/agenciainfra.com\/blog\/total-energies-quer-investir-em-hidreletricas-no-brasil-diz-executivo\/\",\"name\":\"TotalEnergies quer investir em hidrel\u00e9tricas no Brasil, diz executivo - Ag\u00eancia iNFRA\",\"isPartOf\":{\"@id\":\"https:\/\/agenciainfra.com\/blog\/#website\"},\"primaryImageOfPage\":{\"@id\":\"https:\/\/agenciainfra.com\/blog\/total-energies-quer-investir-em-hidreletricas-no-brasil-diz-executivo\/#primaryimage\"},\"image\":{\"@id\":\"https:\/\/agenciainfra.com\/blog\/total-energies-quer-investir-em-hidreletricas-no-brasil-diz-executivo\/#primaryimage\"},\"thumbnailUrl\":\"https:\/\/agenciainfra.com\/blog\/wp-content\/uploads\/2025\/10\/olivier-bahabanian-foto-linkedin.jpg\",\"datePublished\":\"2025-10-28T12:00:00+00:00\",\"dateModified\":\"2025-11-03T21:08:21+00:00\",\"breadcrumb\":{\"@id\":\"https:\/\/agenciainfra.com\/blog\/total-energies-quer-investir-em-hidreletricas-no-brasil-diz-executivo\/#breadcrumb\"},\"inLanguage\":\"pt-BR\",\"potentialAction\":[{\"@type\":\"ReadAction\",\"target\":[\"https:\/\/agenciainfra.com\/blog\/total-energies-quer-investir-em-hidreletricas-no-brasil-diz-executivo\/\"]}]},{\"@type\":\"ImageObject\",\"inLanguage\":\"pt-BR\",\"@id\":\"https:\/\/agenciainfra.com\/blog\/total-energies-quer-investir-em-hidreletricas-no-brasil-diz-executivo\/#primaryimage\",\"url\":\"https:\/\/agenciainfra.com\/blog\/wp-content\/uploads\/2025\/10\/olivier-bahabanian-foto-linkedin.jpg\",\"contentUrl\":\"https:\/\/agenciainfra.com\/blog\/wp-content\/uploads\/2025\/10\/olivier-bahabanian-foto-linkedin.jpg\",\"width\":1024,\"height\":576,\"caption\":\"Foto: LinkedIn\"},{\"@type\":\"BreadcrumbList\",\"@id\":\"https:\/\/agenciainfra.com\/blog\/total-energies-quer-investir-em-hidreletricas-no-brasil-diz-executivo\/#breadcrumb\",\"itemListElement\":[{\"@type\":\"ListItem\",\"position\":1,\"name\":\"In\u00edcio\",\"item\":\"https:\/\/agenciainfra.com\/blog\/\"},{\"@type\":\"ListItem\",\"position\":2,\"name\":\"TotalEnergies quer investir em hidrel\u00e9tricas no Brasil, diz executivo\"}]},{\"@type\":\"WebSite\",\"@id\":\"https:\/\/agenciainfra.com\/blog\/#website\",\"url\":\"https:\/\/agenciainfra.com\/blog\/\",\"name\":\"Ag\u00eancia iNFRA\",\"description\":\"Multiplataforma de informa\u00e7\u00e3o jornal\u00edstica refer\u00eancia na \u00e1rea de infraestrutura no Brasil!\",\"publisher\":{\"@id\":\"https:\/\/agenciainfra.com\/blog\/#organization\"},\"potentialAction\":[{\"@type\":\"SearchAction\",\"target\":{\"@type\":\"EntryPoint\",\"urlTemplate\":\"https:\/\/agenciainfra.com\/blog\/?s={search_term_string}\"},\"query-input\":{\"@type\":\"PropertyValueSpecification\",\"valueRequired\":true,\"valueName\":\"search_term_string\"}}],\"inLanguage\":\"pt-BR\"},{\"@type\":\"Organization\",\"@id\":\"https:\/\/agenciainfra.com\/blog\/#organization\",\"name\":\"Ag\u00eancia iNFRA\",\"url\":\"https:\/\/agenciainfra.com\/blog\/\",\"logo\":{\"@type\":\"ImageObject\",\"inLanguage\":\"pt-BR\",\"@id\":\"https:\/\/agenciainfra.com\/blog\/#\/schema\/logo\/image\/\",\"url\":\"https:\/\/agenciainfra.com\/blog\/wp-content\/uploads\/2023\/09\/iNFRA_5-e1761735885940.png\",\"contentUrl\":\"https:\/\/agenciainfra.com\/blog\/wp-content\/uploads\/2023\/09\/iNFRA_5-e1761735885940.png\",\"width\":1672,\"height\":454,\"caption\":\"Ag\u00eancia iNFRA\"},\"image\":{\"@id\":\"https:\/\/agenciainfra.com\/blog\/#\/schema\/logo\/image\/\"},\"sameAs\":[\"https:\/\/www.facebook.com\/ageninfra\",\"https:\/\/x.com\/agencia_infra\",\"https:\/\/www.linkedin.com\/company\/ag\u00eanciainfra\/\",\"https:\/\/www.instagram.com\/agenciainfra\/\"]},{\"@type\":\"Person\",\"@id\":\"https:\/\/agenciainfra.com\/blog\/#\/schema\/person\/34af08dff6adea4cb22b06612ba7acfa\",\"name\":\"Ag\u00eancia iNFRA\",\"image\":{\"@type\":\"ImageObject\",\"inLanguage\":\"pt-BR\",\"@id\":\"https:\/\/agenciainfra.com\/blog\/#\/schema\/person\/image\/\",\"url\":\"https:\/\/secure.gravatar.com\/avatar\/d189e01678f06d8eb84d4e01f08eb848b3fffe3f8443818d3c356c66892f5be8?s=96&d=mm&r=g\",\"contentUrl\":\"https:\/\/secure.gravatar.com\/avatar\/d189e01678f06d8eb84d4e01f08eb848b3fffe3f8443818d3c356c66892f5be8?s=96&d=mm&r=g\",\"caption\":\"Ag\u00eancia iNFRA\"},\"url\":\"https:\/\/agenciainfra.com\/blog\/author\/admin\/\"}]}<\/script>\n<!-- \/ Yoast SEO Premium plugin. -->","yoast_head_json":{"title":"TotalEnergies quer investir em hidrel\u00e9tricas no Brasil, diz executivo - Ag\u00eancia iNFRA","robots":{"index":"index","follow":"follow","max-snippet":"max-snippet:-1","max-image-preview":"max-image-preview:large","max-video-preview":"max-video-preview:-1"},"canonical":"https:\/\/agenciainfra.com\/blog\/total-energies-quer-investir-em-hidreletricas-no-brasil-diz-executivo\/","og_locale":"pt_BR","og_type":"article","og_title":"TotalEnergies quer investir em hidrel\u00e9tricas no Brasil, diz executivo","og_description":"Lais Carregosa, da Ag\u00eancia iNFRA A companhia francesa TotalEnergies, uma das maiores petroleiras do mundo, quer ampliar o seu portf\u00f3lio renov\u00e1vel no Brasil com investimentos em hidrel\u00e9tricas, afirmou o diretor-geral da empresa no pa\u00eds, Olivier Bahabanian. Segundo o executivo, o plano \u00e9 adquirir ativos maduros que j\u00e1 estejam em opera\u00e7\u00e3o comercial, seja em parceria com [&hellip;]","og_url":"https:\/\/agenciainfra.com\/blog\/total-energies-quer-investir-em-hidreletricas-no-brasil-diz-executivo\/","og_site_name":"Ag\u00eancia iNFRA","article_publisher":"https:\/\/www.facebook.com\/ageninfra","article_published_time":"2025-10-28T12:00:00+00:00","article_modified_time":"2025-11-03T21:08:21+00:00","og_image":[{"width":1024,"height":576,"url":"https:\/\/agenciainfra.com\/blog\/wp-content\/uploads\/2025\/10\/olivier-bahabanian-foto-linkedin.jpg","type":"image\/jpeg"}],"author":"Ag\u00eancia iNFRA","twitter_card":"summary_large_image","twitter_creator":"@agencia_infra","twitter_site":"@agencia_infra","twitter_misc":{"Escrito por":"Ag\u00eancia iNFRA","Est. tempo de leitura":"3 minutos"},"schema":{"@context":"https:\/\/schema.org","@graph":[{"@type":"Article","@id":"https:\/\/agenciainfra.com\/blog\/total-energies-quer-investir-em-hidreletricas-no-brasil-diz-executivo\/#article","isPartOf":{"@id":"https:\/\/agenciainfra.com\/blog\/total-energies-quer-investir-em-hidreletricas-no-brasil-diz-executivo\/"},"author":{"name":"Ag\u00eancia iNFRA","@id":"https:\/\/agenciainfra.com\/blog\/#\/schema\/person\/34af08dff6adea4cb22b06612ba7acfa"},"headline":"TotalEnergies quer investir em hidrel\u00e9tricas no Brasil, diz executivo","datePublished":"2025-10-28T12:00:00+00:00","dateModified":"2025-11-03T21:08:21+00:00","mainEntityOfPage":{"@id":"https:\/\/agenciainfra.com\/blog\/total-energies-quer-investir-em-hidreletricas-no-brasil-diz-executivo\/"},"wordCount":573,"publisher":{"@id":"https:\/\/agenciainfra.com\/blog\/#organization"},"image":{"@id":"https:\/\/agenciainfra.com\/blog\/total-energies-quer-investir-em-hidreletricas-no-brasil-diz-executivo\/#primaryimage"},"thumbnailUrl":"https:\/\/agenciainfra.com\/blog\/wp-content\/uploads\/2025\/10\/olivier-bahabanian-foto-linkedin.jpg","keywords":["Hidrel\u00e9tricas","Investimento","Lais Carregosa","petroleiras","total energies"],"articleSection":["Destaque lista","iNFRAEnergia"],"inLanguage":"pt-BR","copyrightYear":"2025","copyrightHolder":{"@id":"https:\/\/agenciainfra.com\/blog\/#organization"}},{"@type":"WebPage","@id":"https:\/\/agenciainfra.com\/blog\/total-energies-quer-investir-em-hidreletricas-no-brasil-diz-executivo\/","url":"https:\/\/agenciainfra.com\/blog\/total-energies-quer-investir-em-hidreletricas-no-brasil-diz-executivo\/","name":"TotalEnergies quer investir em hidrel\u00e9tricas no Brasil, diz executivo - Ag\u00eancia iNFRA","isPartOf":{"@id":"https:\/\/agenciainfra.com\/blog\/#website"},"primaryImageOfPage":{"@id":"https:\/\/agenciainfra.com\/blog\/total-energies-quer-investir-em-hidreletricas-no-brasil-diz-executivo\/#primaryimage"},"image":{"@id":"https:\/\/agenciainfra.com\/blog\/total-energies-quer-investir-em-hidreletricas-no-brasil-diz-executivo\/#primaryimage"},"thumbnailUrl":"https:\/\/agenciainfra.com\/blog\/wp-content\/uploads\/2025\/10\/olivier-bahabanian-foto-linkedin.jpg","datePublished":"2025-10-28T12:00:00+00:00","dateModified":"2025-11-03T21:08:21+00:00","breadcrumb":{"@id":"https:\/\/agenciainfra.com\/blog\/total-energies-quer-investir-em-hidreletricas-no-brasil-diz-executivo\/#breadcrumb"},"inLanguage":"pt-BR","potentialAction":[{"@type":"ReadAction","target":["https:\/\/agenciainfra.com\/blog\/total-energies-quer-investir-em-hidreletricas-no-brasil-diz-executivo\/"]}]},{"@type":"ImageObject","inLanguage":"pt-BR","@id":"https:\/\/agenciainfra.com\/blog\/total-energies-quer-investir-em-hidreletricas-no-brasil-diz-executivo\/#primaryimage","url":"https:\/\/agenciainfra.com\/blog\/wp-content\/uploads\/2025\/10\/olivier-bahabanian-foto-linkedin.jpg","contentUrl":"https:\/\/agenciainfra.com\/blog\/wp-content\/uploads\/2025\/10\/olivier-bahabanian-foto-linkedin.jpg","width":1024,"height":576,"caption":"Foto: LinkedIn"},{"@type":"BreadcrumbList","@id":"https:\/\/agenciainfra.com\/blog\/total-energies-quer-investir-em-hidreletricas-no-brasil-diz-executivo\/#breadcrumb","itemListElement":[{"@type":"ListItem","position":1,"name":"In\u00edcio","item":"https:\/\/agenciainfra.com\/blog\/"},{"@type":"ListItem","position":2,"name":"TotalEnergies quer investir em hidrel\u00e9tricas no Brasil, diz executivo"}]},{"@type":"WebSite","@id":"https:\/\/agenciainfra.com\/blog\/#website","url":"https:\/\/agenciainfra.com\/blog\/","name":"Ag\u00eancia iNFRA","description":"Multiplataforma de informa\u00e7\u00e3o jornal\u00edstica refer\u00eancia na \u00e1rea de infraestrutura no Brasil!","publisher":{"@id":"https:\/\/agenciainfra.com\/blog\/#organization"},"potentialAction":[{"@type":"SearchAction","target":{"@type":"EntryPoint","urlTemplate":"https:\/\/agenciainfra.com\/blog\/?s={search_term_string}"},"query-input":{"@type":"PropertyValueSpecification","valueRequired":true,"valueName":"search_term_string"}}],"inLanguage":"pt-BR"},{"@type":"Organization","@id":"https:\/\/agenciainfra.com\/blog\/#organization","name":"Ag\u00eancia iNFRA","url":"https:\/\/agenciainfra.com\/blog\/","logo":{"@type":"ImageObject","inLanguage":"pt-BR","@id":"https:\/\/agenciainfra.com\/blog\/#\/schema\/logo\/image\/","url":"https:\/\/agenciainfra.com\/blog\/wp-content\/uploads\/2023\/09\/iNFRA_5-e1761735885940.png","contentUrl":"https:\/\/agenciainfra.com\/blog\/wp-content\/uploads\/2023\/09\/iNFRA_5-e1761735885940.png","width":1672,"height":454,"caption":"Ag\u00eancia iNFRA"},"image":{"@id":"https:\/\/agenciainfra.com\/blog\/#\/schema\/logo\/image\/"},"sameAs":["https:\/\/www.facebook.com\/ageninfra","https:\/\/x.com\/agencia_infra","https:\/\/www.linkedin.com\/company\/ag\u00eanciainfra\/","https:\/\/www.instagram.com\/agenciainfra\/"]},{"@type":"Person","@id":"https:\/\/agenciainfra.com\/blog\/#\/schema\/person\/34af08dff6adea4cb22b06612ba7acfa","name":"Ag\u00eancia iNFRA","image":{"@type":"ImageObject","inLanguage":"pt-BR","@id":"https:\/\/agenciainfra.com\/blog\/#\/schema\/person\/image\/","url":"https:\/\/secure.gravatar.com\/avatar\/d189e01678f06d8eb84d4e01f08eb848b3fffe3f8443818d3c356c66892f5be8?s=96&d=mm&r=g","contentUrl":"https:\/\/secure.gravatar.com\/avatar\/d189e01678f06d8eb84d4e01f08eb848b3fffe3f8443818d3c356c66892f5be8?s=96&d=mm&r=g","caption":"Ag\u00eancia iNFRA"},"url":"https:\/\/agenciainfra.com\/blog\/author\/admin\/"}]}},"_links":{"self":[{"href":"https:\/\/agenciainfra.com\/blog\/wp-json\/wp\/v2\/posts\/30809","targetHints":{"allow":["GET"]}}],"collection":[{"href":"https:\/\/agenciainfra.com\/blog\/wp-json\/wp\/v2\/posts"}],"about":[{"href":"https:\/\/agenciainfra.com\/blog\/wp-json\/wp\/v2\/types\/post"}],"author":[{"embeddable":true,"href":"https:\/\/agenciainfra.com\/blog\/wp-json\/wp\/v2\/users\/1"}],"replies":[{"embeddable":true,"href":"https:\/\/agenciainfra.com\/blog\/wp-json\/wp\/v2\/comments?post=30809"}],"version-history":[{"count":5,"href":"https:\/\/agenciainfra.com\/blog\/wp-json\/wp\/v2\/posts\/30809\/revisions"}],"predecessor-version":[{"id":31417,"href":"https:\/\/agenciainfra.com\/blog\/wp-json\/wp\/v2\/posts\/30809\/revisions\/31417"}],"wp:featuredmedia":[{"embeddable":true,"href":"https:\/\/agenciainfra.com\/blog\/wp-json\/wp\/v2\/media\/30810"}],"wp:attachment":[{"href":"https:\/\/agenciainfra.com\/blog\/wp-json\/wp\/v2\/media?parent=30809"}],"wp:term":[{"taxonomy":"category","embeddable":true,"href":"https:\/\/agenciainfra.com\/blog\/wp-json\/wp\/v2\/categories?post=30809"},{"taxonomy":"post_tag","embeddable":true,"href":"https:\/\/agenciainfra.com\/blog\/wp-json\/wp\/v2\/tags?post=30809"}],"curies":[{"name":"wp","href":"https:\/\/api.w.org\/{rel}","templated":true}]}}