{"id":30833,"date":"2025-10-28T12:52:36","date_gmt":"2025-10-28T15:52:36","guid":{"rendered":"https:\/\/agenciainfra.com\/blog\/?p=30833"},"modified":"2025-10-28T19:52:44","modified_gmt":"2025-10-28T22:52:44","slug":"mp-1-304-parecer-deve-manter-termicas-e-alterar-pchs-para-reversiveis","status":"publish","type":"post","link":"https:\/\/agenciainfra.com\/blog\/mp-1-304-parecer-deve-manter-termicas-e-alterar-pchs-para-reversiveis\/","title":{"rendered":"MP 1.304: Parecer deve manter t\u00e9rmicas e alterar PCHs para revers\u00edveis"},"content":{"rendered":"\n<p class=\"has-text-align-right\"><strong>Marisa Wanzeller e Geraldo Campos Jr., da Ag\u00eancia iNFRA<\/strong><\/p>\n\n\n\n<p>O senador Eduardo Braga (MDB-AM) afirmou que deve manter no seu relat\u00f3rio da <a href=\"https:\/\/www.congressonacional.leg.br\/materias\/medidas-provisorias\/-\/mpv\/169547\">MP (Medida Provis\u00f3ria) 1.304<\/a> a previs\u00e3o de contrata\u00e7\u00e3o de t\u00e9rmicas da lei de privatiza\u00e7\u00e3o da Eletrobras (Lei 14.182\/2021). \u201cIsso tem que cumprir, porque o Congresso n\u00e3o teria aprovado a privatiza\u00e7\u00e3o sem&#8221;, disse. No entanto, o relator sinalizou que pode prever no texto maior flexibilidade para essas usinas para fazer frente ao \u201cdesbalanceamento do sistema\u201d, inclusive com possibilidade de armazenamento em baterias de parte da gera\u00e7\u00e3o inflex\u00edvel.<\/p>\n\n\n\n<p>\u201cSe eu vou botar energia entrante, que \u00e9 firme, eu tenho que aumentar a taxa de flexibilidade dessa energia. Eu posso dizer que a inflexibilidade das t\u00e9rmicas a g\u00e1s ser\u00e1 50% inflex\u00edvel, 50% flex\u00edvel, e mais 5% da inflexibilidade em armazenamento de bateria, o que faz aumentar a flexibilidade da t\u00e9rmica a g\u00e1s. [\u2026] Mas no carv\u00e3o teria que ser um n\u00edvel de inflexibilidade de 70% e 30% de flexibilidade, para n\u00e3o desempregar o minerador do carv\u00e3o, e colocando bateria tamb\u00e9m\u201d, afirmou a jornalistas nesta ter\u00e7a-feira (28).<\/p>\n\n\n\n<p>Ele ainda disse que a previs\u00e3o de contrata\u00e7\u00e3o de 4.900 MW (megawatts) de PCHs (Pequenas Centrais Hidrel\u00e9tricas) prevista na MP enviada pelo governo ser\u00e1 alterada para PCHs revers\u00edveis, \u201cpara que possa ter flexibilidade para poder entrar no hor\u00e1rio da rampa&#8221;.<\/p>\n\n\n\n<p><strong>Baterias<\/strong><br>Braga tamb\u00e9m afirmou que o texto deve prever a desonera\u00e7\u00e3o fiscal para baterias. Para isso, est\u00e1 solicitando \u00e0 Receita Federal informa\u00e7\u00f5es sobre qual seria a \u201cren\u00fancia fiscal&#8221;. \u201cEles n\u00e3o t\u00eam nem ideia, porque n\u00f3s n\u00e3o temos nada [de baterias no Brasil]&#8221;, disse.<\/p>\n","protected":false},"excerpt":{"rendered":"<p>Marisa Wanzeller e Geraldo Campos Jr., da Ag\u00eancia iNFRA O senador Eduardo Braga (MDB-AM) afirmou que deve manter no seu relat\u00f3rio da MP (Medida Provis\u00f3ria) 1.304 a previs\u00e3o de contrata\u00e7\u00e3o de t\u00e9rmicas da lei de privatiza\u00e7\u00e3o da Eletrobras (Lei 14.182\/2021). \u201cIsso tem que cumprir, porque o Congresso n\u00e3o teria aprovado a privatiza\u00e7\u00e3o sem&#8221;, disse. No [&hellip;]<\/p>\n","protected":false},"author":1,"featured_media":30834,"comment_status":"closed","ping_status":"closed","sticky":false,"template":"","format":"standard","meta":{"_monsterinsights_skip_tracking":false,"_monsterinsights_sitenote_active":false,"_monsterinsights_sitenote_note":"","_monsterinsights_sitenote_category":0,"footnotes":""},"categories":[7250,10],"tags":[5189,11799,1252,11594,16492,7366,14378,11421,16493,10710],"class_list":["post-30833","post","type-post","status-publish","format-standard","has-post-thumbnail","hentry","category-destaque-lista","category-infraenergia","tag-baterias","tag-contratacao-de-termicas","tag-eduardo-braga","tag-geraldo-campos-jr","tag-lei-de-privatizacao-da-eletrobras","tag-marisa-wanzeller","tag-mp-1-304","tag-pchs","tag-pchs-reversiveis","tag-reforma-do-setor-eletrico"],"yoast_head":"<!-- This site is optimized with the Yoast SEO Premium plugin v25.4 (Yoast SEO v26.0) - https:\/\/yoast.com\/wordpress\/plugins\/seo\/ -->\n<title>MP 1.304: Parecer deve manter t\u00e9rmicas e alterar PCHs para revers\u00edveis - Ag\u00eancia iNFRA<\/title>\n<meta name=\"robots\" content=\"index, follow, max-snippet:-1, max-image-preview:large, max-video-preview:-1\" \/>\n<link rel=\"canonical\" href=\"https:\/\/agenciainfra.com\/blog\/mp-1-304-parecer-deve-manter-termicas-e-alterar-pchs-para-reversiveis\/\" \/>\n<meta property=\"og:locale\" content=\"pt_BR\" \/>\n<meta property=\"og:type\" content=\"article\" \/>\n<meta property=\"og:title\" content=\"MP 1.304: Parecer deve manter t\u00e9rmicas e alterar PCHs para revers\u00edveis\" \/>\n<meta property=\"og:description\" content=\"Marisa Wanzeller e Geraldo Campos Jr., da Ag\u00eancia iNFRA O senador Eduardo Braga (MDB-AM) afirmou que deve manter no seu relat\u00f3rio da MP (Medida Provis\u00f3ria) 1.304 a previs\u00e3o de contrata\u00e7\u00e3o de t\u00e9rmicas da lei de privatiza\u00e7\u00e3o da Eletrobras (Lei 14.182\/2021). \u201cIsso tem que cumprir, porque o Congresso n\u00e3o teria aprovado a privatiza\u00e7\u00e3o sem&#8221;, disse. No [&hellip;]\" \/>\n<meta property=\"og:url\" content=\"https:\/\/agenciainfra.com\/blog\/mp-1-304-parecer-deve-manter-termicas-e-alterar-pchs-para-reversiveis\/\" \/>\n<meta property=\"og:site_name\" content=\"Ag\u00eancia iNFRA\" \/>\n<meta property=\"article:publisher\" content=\"https:\/\/www.facebook.com\/ageninfra\" \/>\n<meta property=\"article:published_time\" content=\"2025-10-28T15:52:36+00:00\" \/>\n<meta property=\"article:modified_time\" content=\"2025-10-28T22:52:44+00:00\" \/>\n<meta property=\"og:image\" content=\"https:\/\/agenciainfra.com\/blog\/wp-content\/uploads\/2025\/10\/eduardo-braga-e-fernando-coelho-filho-foto-jefferson-rudy-agencia-senado.jpg\" \/>\n\t<meta property=\"og:image:width\" content=\"1280\" \/>\n\t<meta property=\"og:image:height\" content=\"853\" \/>\n\t<meta property=\"og:image:type\" content=\"image\/jpeg\" \/>\n<meta name=\"author\" content=\"Ag\u00eancia iNFRA\" \/>\n<meta name=\"twitter:card\" content=\"summary_large_image\" \/>\n<meta name=\"twitter:creator\" content=\"@agencia_infra\" \/>\n<meta name=\"twitter:site\" content=\"@agencia_infra\" \/>\n<meta name=\"twitter:label1\" content=\"Escrito por\" \/>\n\t<meta name=\"twitter:data1\" content=\"Ag\u00eancia iNFRA\" \/>\n\t<meta name=\"twitter:label2\" content=\"Est. tempo de leitura\" \/>\n\t<meta name=\"twitter:data2\" content=\"1 minuto\" \/>\n<script type=\"application\/ld+json\" class=\"yoast-schema-graph\">{\"@context\":\"https:\/\/schema.org\",\"@graph\":[{\"@type\":\"Article\",\"@id\":\"https:\/\/agenciainfra.com\/blog\/mp-1-304-parecer-deve-manter-termicas-e-alterar-pchs-para-reversiveis\/#article\",\"isPartOf\":{\"@id\":\"https:\/\/agenciainfra.com\/blog\/mp-1-304-parecer-deve-manter-termicas-e-alterar-pchs-para-reversiveis\/\"},\"author\":{\"name\":\"Ag\u00eancia iNFRA\",\"@id\":\"https:\/\/agenciainfra.com\/blog\/#\/schema\/person\/34af08dff6adea4cb22b06612ba7acfa\"},\"headline\":\"MP 1.304: Parecer deve manter t\u00e9rmicas e alterar PCHs para revers\u00edveis\",\"datePublished\":\"2025-10-28T15:52:36+00:00\",\"dateModified\":\"2025-10-28T22:52:44+00:00\",\"mainEntityOfPage\":{\"@id\":\"https:\/\/agenciainfra.com\/blog\/mp-1-304-parecer-deve-manter-termicas-e-alterar-pchs-para-reversiveis\/\"},\"wordCount\":294,\"publisher\":{\"@id\":\"https:\/\/agenciainfra.com\/blog\/#organization\"},\"image\":{\"@id\":\"https:\/\/agenciainfra.com\/blog\/mp-1-304-parecer-deve-manter-termicas-e-alterar-pchs-para-reversiveis\/#primaryimage\"},\"thumbnailUrl\":\"https:\/\/agenciainfra.com\/blog\/wp-content\/uploads\/2025\/10\/eduardo-braga-e-fernando-coelho-filho-foto-jefferson-rudy-agencia-senado.jpg\",\"keywords\":[\"baterias\",\"contrata\u00e7\u00e3o de t\u00e9rmicas\",\"Eduardo Braga\",\"Geraldo Campos Jr.\",\"Lei de privatiza\u00e7\u00e3o da Eletrobras\",\"Marisa Wanzeller\",\"MP 1.304\",\"PCHs\",\"PCHs revers\u00edveis\",\"Reforma do Setor El\u00e9trico\"],\"articleSection\":[\"Destaque lista\",\"iNFRAEnergia\"],\"inLanguage\":\"pt-BR\",\"copyrightYear\":\"2025\",\"copyrightHolder\":{\"@id\":\"https:\/\/agenciainfra.com\/blog\/#organization\"}},{\"@type\":\"WebPage\",\"@id\":\"https:\/\/agenciainfra.com\/blog\/mp-1-304-parecer-deve-manter-termicas-e-alterar-pchs-para-reversiveis\/\",\"url\":\"https:\/\/agenciainfra.com\/blog\/mp-1-304-parecer-deve-manter-termicas-e-alterar-pchs-para-reversiveis\/\",\"name\":\"MP 1.304: Parecer deve manter t\u00e9rmicas e alterar PCHs para revers\u00edveis - Ag\u00eancia iNFRA\",\"isPartOf\":{\"@id\":\"https:\/\/agenciainfra.com\/blog\/#website\"},\"primaryImageOfPage\":{\"@id\":\"https:\/\/agenciainfra.com\/blog\/mp-1-304-parecer-deve-manter-termicas-e-alterar-pchs-para-reversiveis\/#primaryimage\"},\"image\":{\"@id\":\"https:\/\/agenciainfra.com\/blog\/mp-1-304-parecer-deve-manter-termicas-e-alterar-pchs-para-reversiveis\/#primaryimage\"},\"thumbnailUrl\":\"https:\/\/agenciainfra.com\/blog\/wp-content\/uploads\/2025\/10\/eduardo-braga-e-fernando-coelho-filho-foto-jefferson-rudy-agencia-senado.jpg\",\"datePublished\":\"2025-10-28T15:52:36+00:00\",\"dateModified\":\"2025-10-28T22:52:44+00:00\",\"breadcrumb\":{\"@id\":\"https:\/\/agenciainfra.com\/blog\/mp-1-304-parecer-deve-manter-termicas-e-alterar-pchs-para-reversiveis\/#breadcrumb\"},\"inLanguage\":\"pt-BR\",\"potentialAction\":[{\"@type\":\"ReadAction\",\"target\":[\"https:\/\/agenciainfra.com\/blog\/mp-1-304-parecer-deve-manter-termicas-e-alterar-pchs-para-reversiveis\/\"]}]},{\"@type\":\"ImageObject\",\"inLanguage\":\"pt-BR\",\"@id\":\"https:\/\/agenciainfra.com\/blog\/mp-1-304-parecer-deve-manter-termicas-e-alterar-pchs-para-reversiveis\/#primaryimage\",\"url\":\"https:\/\/agenciainfra.com\/blog\/wp-content\/uploads\/2025\/10\/eduardo-braga-e-fernando-coelho-filho-foto-jefferson-rudy-agencia-senado.jpg\",\"contentUrl\":\"https:\/\/agenciainfra.com\/blog\/wp-content\/uploads\/2025\/10\/eduardo-braga-e-fernando-coelho-filho-foto-jefferson-rudy-agencia-senado.jpg\",\"width\":1280,\"height\":853,\"caption\":\"Foto: Jefferson Rudy\/Ag\u00eancia Senado\"},{\"@type\":\"BreadcrumbList\",\"@id\":\"https:\/\/agenciainfra.com\/blog\/mp-1-304-parecer-deve-manter-termicas-e-alterar-pchs-para-reversiveis\/#breadcrumb\",\"itemListElement\":[{\"@type\":\"ListItem\",\"position\":1,\"name\":\"In\u00edcio\",\"item\":\"https:\/\/agenciainfra.com\/blog\/\"},{\"@type\":\"ListItem\",\"position\":2,\"name\":\"MP 1.304: Parecer deve manter t\u00e9rmicas e alterar PCHs para revers\u00edveis\"}]},{\"@type\":\"WebSite\",\"@id\":\"https:\/\/agenciainfra.com\/blog\/#website\",\"url\":\"https:\/\/agenciainfra.com\/blog\/\",\"name\":\"Ag\u00eancia iNFRA\",\"description\":\"Multiplataforma de informa\u00e7\u00e3o jornal\u00edstica refer\u00eancia na \u00e1rea de infraestrutura no Brasil!\",\"publisher\":{\"@id\":\"https:\/\/agenciainfra.com\/blog\/#organization\"},\"potentialAction\":[{\"@type\":\"SearchAction\",\"target\":{\"@type\":\"EntryPoint\",\"urlTemplate\":\"https:\/\/agenciainfra.com\/blog\/?s={search_term_string}\"},\"query-input\":{\"@type\":\"PropertyValueSpecification\",\"valueRequired\":true,\"valueName\":\"search_term_string\"}}],\"inLanguage\":\"pt-BR\"},{\"@type\":\"Organization\",\"@id\":\"https:\/\/agenciainfra.com\/blog\/#organization\",\"name\":\"Ag\u00eancia iNFRA\",\"url\":\"https:\/\/agenciainfra.com\/blog\/\",\"logo\":{\"@type\":\"ImageObject\",\"inLanguage\":\"pt-BR\",\"@id\":\"https:\/\/agenciainfra.com\/blog\/#\/schema\/logo\/image\/\",\"url\":\"https:\/\/agenciainfra.com\/blog\/wp-content\/uploads\/2023\/09\/iNFRA_5-e1761735885940.png\",\"contentUrl\":\"https:\/\/agenciainfra.com\/blog\/wp-content\/uploads\/2023\/09\/iNFRA_5-e1761735885940.png\",\"width\":1672,\"height\":454,\"caption\":\"Ag\u00eancia iNFRA\"},\"image\":{\"@id\":\"https:\/\/agenciainfra.com\/blog\/#\/schema\/logo\/image\/\"},\"sameAs\":[\"https:\/\/www.facebook.com\/ageninfra\",\"https:\/\/x.com\/agencia_infra\",\"https:\/\/www.linkedin.com\/company\/ag\u00eanciainfra\/\",\"https:\/\/www.instagram.com\/agenciainfra\/\"]},{\"@type\":\"Person\",\"@id\":\"https:\/\/agenciainfra.com\/blog\/#\/schema\/person\/34af08dff6adea4cb22b06612ba7acfa\",\"name\":\"Ag\u00eancia iNFRA\",\"image\":{\"@type\":\"ImageObject\",\"inLanguage\":\"pt-BR\",\"@id\":\"https:\/\/agenciainfra.com\/blog\/#\/schema\/person\/image\/\",\"url\":\"https:\/\/secure.gravatar.com\/avatar\/d189e01678f06d8eb84d4e01f08eb848b3fffe3f8443818d3c356c66892f5be8?s=96&d=mm&r=g\",\"contentUrl\":\"https:\/\/secure.gravatar.com\/avatar\/d189e01678f06d8eb84d4e01f08eb848b3fffe3f8443818d3c356c66892f5be8?s=96&d=mm&r=g\",\"caption\":\"Ag\u00eancia iNFRA\"},\"url\":\"https:\/\/agenciainfra.com\/blog\/author\/admin\/\"}]}<\/script>\n<!-- \/ Yoast SEO Premium plugin. -->","yoast_head_json":{"title":"MP 1.304: Parecer deve manter t\u00e9rmicas e alterar PCHs para revers\u00edveis - Ag\u00eancia iNFRA","robots":{"index":"index","follow":"follow","max-snippet":"max-snippet:-1","max-image-preview":"max-image-preview:large","max-video-preview":"max-video-preview:-1"},"canonical":"https:\/\/agenciainfra.com\/blog\/mp-1-304-parecer-deve-manter-termicas-e-alterar-pchs-para-reversiveis\/","og_locale":"pt_BR","og_type":"article","og_title":"MP 1.304: Parecer deve manter t\u00e9rmicas e alterar PCHs para revers\u00edveis","og_description":"Marisa Wanzeller e Geraldo Campos Jr., da Ag\u00eancia iNFRA O senador Eduardo Braga (MDB-AM) afirmou que deve manter no seu relat\u00f3rio da MP (Medida Provis\u00f3ria) 1.304 a previs\u00e3o de contrata\u00e7\u00e3o de t\u00e9rmicas da lei de privatiza\u00e7\u00e3o da Eletrobras (Lei 14.182\/2021). \u201cIsso tem que cumprir, porque o Congresso n\u00e3o teria aprovado a privatiza\u00e7\u00e3o sem&#8221;, disse. No [&hellip;]","og_url":"https:\/\/agenciainfra.com\/blog\/mp-1-304-parecer-deve-manter-termicas-e-alterar-pchs-para-reversiveis\/","og_site_name":"Ag\u00eancia iNFRA","article_publisher":"https:\/\/www.facebook.com\/ageninfra","article_published_time":"2025-10-28T15:52:36+00:00","article_modified_time":"2025-10-28T22:52:44+00:00","og_image":[{"width":1280,"height":853,"url":"https:\/\/agenciainfra.com\/blog\/wp-content\/uploads\/2025\/10\/eduardo-braga-e-fernando-coelho-filho-foto-jefferson-rudy-agencia-senado.jpg","type":"image\/jpeg"}],"author":"Ag\u00eancia iNFRA","twitter_card":"summary_large_image","twitter_creator":"@agencia_infra","twitter_site":"@agencia_infra","twitter_misc":{"Escrito por":"Ag\u00eancia iNFRA","Est. tempo de leitura":"1 minuto"},"schema":{"@context":"https:\/\/schema.org","@graph":[{"@type":"Article","@id":"https:\/\/agenciainfra.com\/blog\/mp-1-304-parecer-deve-manter-termicas-e-alterar-pchs-para-reversiveis\/#article","isPartOf":{"@id":"https:\/\/agenciainfra.com\/blog\/mp-1-304-parecer-deve-manter-termicas-e-alterar-pchs-para-reversiveis\/"},"author":{"name":"Ag\u00eancia iNFRA","@id":"https:\/\/agenciainfra.com\/blog\/#\/schema\/person\/34af08dff6adea4cb22b06612ba7acfa"},"headline":"MP 1.304: Parecer deve manter t\u00e9rmicas e alterar PCHs para revers\u00edveis","datePublished":"2025-10-28T15:52:36+00:00","dateModified":"2025-10-28T22:52:44+00:00","mainEntityOfPage":{"@id":"https:\/\/agenciainfra.com\/blog\/mp-1-304-parecer-deve-manter-termicas-e-alterar-pchs-para-reversiveis\/"},"wordCount":294,"publisher":{"@id":"https:\/\/agenciainfra.com\/blog\/#organization"},"image":{"@id":"https:\/\/agenciainfra.com\/blog\/mp-1-304-parecer-deve-manter-termicas-e-alterar-pchs-para-reversiveis\/#primaryimage"},"thumbnailUrl":"https:\/\/agenciainfra.com\/blog\/wp-content\/uploads\/2025\/10\/eduardo-braga-e-fernando-coelho-filho-foto-jefferson-rudy-agencia-senado.jpg","keywords":["baterias","contrata\u00e7\u00e3o de t\u00e9rmicas","Eduardo Braga","Geraldo Campos Jr.","Lei de privatiza\u00e7\u00e3o da Eletrobras","Marisa Wanzeller","MP 1.304","PCHs","PCHs revers\u00edveis","Reforma do Setor El\u00e9trico"],"articleSection":["Destaque lista","iNFRAEnergia"],"inLanguage":"pt-BR","copyrightYear":"2025","copyrightHolder":{"@id":"https:\/\/agenciainfra.com\/blog\/#organization"}},{"@type":"WebPage","@id":"https:\/\/agenciainfra.com\/blog\/mp-1-304-parecer-deve-manter-termicas-e-alterar-pchs-para-reversiveis\/","url":"https:\/\/agenciainfra.com\/blog\/mp-1-304-parecer-deve-manter-termicas-e-alterar-pchs-para-reversiveis\/","name":"MP 1.304: Parecer deve manter t\u00e9rmicas e alterar PCHs para revers\u00edveis - Ag\u00eancia iNFRA","isPartOf":{"@id":"https:\/\/agenciainfra.com\/blog\/#website"},"primaryImageOfPage":{"@id":"https:\/\/agenciainfra.com\/blog\/mp-1-304-parecer-deve-manter-termicas-e-alterar-pchs-para-reversiveis\/#primaryimage"},"image":{"@id":"https:\/\/agenciainfra.com\/blog\/mp-1-304-parecer-deve-manter-termicas-e-alterar-pchs-para-reversiveis\/#primaryimage"},"thumbnailUrl":"https:\/\/agenciainfra.com\/blog\/wp-content\/uploads\/2025\/10\/eduardo-braga-e-fernando-coelho-filho-foto-jefferson-rudy-agencia-senado.jpg","datePublished":"2025-10-28T15:52:36+00:00","dateModified":"2025-10-28T22:52:44+00:00","breadcrumb":{"@id":"https:\/\/agenciainfra.com\/blog\/mp-1-304-parecer-deve-manter-termicas-e-alterar-pchs-para-reversiveis\/#breadcrumb"},"inLanguage":"pt-BR","potentialAction":[{"@type":"ReadAction","target":["https:\/\/agenciainfra.com\/blog\/mp-1-304-parecer-deve-manter-termicas-e-alterar-pchs-para-reversiveis\/"]}]},{"@type":"ImageObject","inLanguage":"pt-BR","@id":"https:\/\/agenciainfra.com\/blog\/mp-1-304-parecer-deve-manter-termicas-e-alterar-pchs-para-reversiveis\/#primaryimage","url":"https:\/\/agenciainfra.com\/blog\/wp-content\/uploads\/2025\/10\/eduardo-braga-e-fernando-coelho-filho-foto-jefferson-rudy-agencia-senado.jpg","contentUrl":"https:\/\/agenciainfra.com\/blog\/wp-content\/uploads\/2025\/10\/eduardo-braga-e-fernando-coelho-filho-foto-jefferson-rudy-agencia-senado.jpg","width":1280,"height":853,"caption":"Foto: Jefferson Rudy\/Ag\u00eancia Senado"},{"@type":"BreadcrumbList","@id":"https:\/\/agenciainfra.com\/blog\/mp-1-304-parecer-deve-manter-termicas-e-alterar-pchs-para-reversiveis\/#breadcrumb","itemListElement":[{"@type":"ListItem","position":1,"name":"In\u00edcio","item":"https:\/\/agenciainfra.com\/blog\/"},{"@type":"ListItem","position":2,"name":"MP 1.304: Parecer deve manter t\u00e9rmicas e alterar PCHs para revers\u00edveis"}]},{"@type":"WebSite","@id":"https:\/\/agenciainfra.com\/blog\/#website","url":"https:\/\/agenciainfra.com\/blog\/","name":"Ag\u00eancia iNFRA","description":"Multiplataforma de informa\u00e7\u00e3o jornal\u00edstica refer\u00eancia na \u00e1rea de infraestrutura no Brasil!","publisher":{"@id":"https:\/\/agenciainfra.com\/blog\/#organization"},"potentialAction":[{"@type":"SearchAction","target":{"@type":"EntryPoint","urlTemplate":"https:\/\/agenciainfra.com\/blog\/?s={search_term_string}"},"query-input":{"@type":"PropertyValueSpecification","valueRequired":true,"valueName":"search_term_string"}}],"inLanguage":"pt-BR"},{"@type":"Organization","@id":"https:\/\/agenciainfra.com\/blog\/#organization","name":"Ag\u00eancia iNFRA","url":"https:\/\/agenciainfra.com\/blog\/","logo":{"@type":"ImageObject","inLanguage":"pt-BR","@id":"https:\/\/agenciainfra.com\/blog\/#\/schema\/logo\/image\/","url":"https:\/\/agenciainfra.com\/blog\/wp-content\/uploads\/2023\/09\/iNFRA_5-e1761735885940.png","contentUrl":"https:\/\/agenciainfra.com\/blog\/wp-content\/uploads\/2023\/09\/iNFRA_5-e1761735885940.png","width":1672,"height":454,"caption":"Ag\u00eancia iNFRA"},"image":{"@id":"https:\/\/agenciainfra.com\/blog\/#\/schema\/logo\/image\/"},"sameAs":["https:\/\/www.facebook.com\/ageninfra","https:\/\/x.com\/agencia_infra","https:\/\/www.linkedin.com\/company\/ag\u00eanciainfra\/","https:\/\/www.instagram.com\/agenciainfra\/"]},{"@type":"Person","@id":"https:\/\/agenciainfra.com\/blog\/#\/schema\/person\/34af08dff6adea4cb22b06612ba7acfa","name":"Ag\u00eancia iNFRA","image":{"@type":"ImageObject","inLanguage":"pt-BR","@id":"https:\/\/agenciainfra.com\/blog\/#\/schema\/person\/image\/","url":"https:\/\/secure.gravatar.com\/avatar\/d189e01678f06d8eb84d4e01f08eb848b3fffe3f8443818d3c356c66892f5be8?s=96&d=mm&r=g","contentUrl":"https:\/\/secure.gravatar.com\/avatar\/d189e01678f06d8eb84d4e01f08eb848b3fffe3f8443818d3c356c66892f5be8?s=96&d=mm&r=g","caption":"Ag\u00eancia iNFRA"},"url":"https:\/\/agenciainfra.com\/blog\/author\/admin\/"}]}},"_links":{"self":[{"href":"https:\/\/agenciainfra.com\/blog\/wp-json\/wp\/v2\/posts\/30833","targetHints":{"allow":["GET"]}}],"collection":[{"href":"https:\/\/agenciainfra.com\/blog\/wp-json\/wp\/v2\/posts"}],"about":[{"href":"https:\/\/agenciainfra.com\/blog\/wp-json\/wp\/v2\/types\/post"}],"author":[{"embeddable":true,"href":"https:\/\/agenciainfra.com\/blog\/wp-json\/wp\/v2\/users\/1"}],"replies":[{"embeddable":true,"href":"https:\/\/agenciainfra.com\/blog\/wp-json\/wp\/v2\/comments?post=30833"}],"version-history":[{"count":1,"href":"https:\/\/agenciainfra.com\/blog\/wp-json\/wp\/v2\/posts\/30833\/revisions"}],"predecessor-version":[{"id":30835,"href":"https:\/\/agenciainfra.com\/blog\/wp-json\/wp\/v2\/posts\/30833\/revisions\/30835"}],"wp:featuredmedia":[{"embeddable":true,"href":"https:\/\/agenciainfra.com\/blog\/wp-json\/wp\/v2\/media\/30834"}],"wp:attachment":[{"href":"https:\/\/agenciainfra.com\/blog\/wp-json\/wp\/v2\/media?parent=30833"}],"wp:term":[{"taxonomy":"category","embeddable":true,"href":"https:\/\/agenciainfra.com\/blog\/wp-json\/wp\/v2\/categories?post=30833"},{"taxonomy":"post_tag","embeddable":true,"href":"https:\/\/agenciainfra.com\/blog\/wp-json\/wp\/v2\/tags?post=30833"}],"curies":[{"name":"wp","href":"https:\/\/api.w.org\/{rel}","templated":true}]}}