{"id":30841,"date":"2025-10-28T13:28:15","date_gmt":"2025-10-28T16:28:15","guid":{"rendered":"https:\/\/agenciainfra.com\/blog\/?p=30841"},"modified":"2025-10-28T13:30:16","modified_gmt":"2025-10-28T16:30:16","slug":"marcio-rea-sera-vice-presidente-do-go15-em-2026-e-presidente-em-2027","status":"publish","type":"post","link":"https:\/\/agenciainfra.com\/blog\/marcio-rea-sera-vice-presidente-do-go15-em-2026-e-presidente-em-2027\/","title":{"rendered":"Marcio Rea ser\u00e1 vice-presidente do GO15 em 2026 e presidente em 2027"},"content":{"rendered":"\n<p class=\"has-text-align-right\"><strong>da Ag\u00eancia iNFRA<\/strong><\/p>\n\n\n\n<p>O diretor-geral do ONS (Operador Nacional do Sistema El\u00e9trico), Marcio Rea, foi eleito por unanimidade pelos membros do GO15 \u2013 grupo internacional que re\u00fane os principais operadores de sistemas el\u00e9tricos do mundo \u2013 para exercer o cargo de vice-presidente em 2026 e de presidente em 2027.<\/p>\n\n\n\n<p>Durante o mandato, Rea deve intensificar o interc\u00e2mbio de experi\u00eancias e o fortalecimento da coopera\u00e7\u00e3o entre os pa\u00edses membros, com foco em inova\u00e7\u00e3o, seguran\u00e7a energ\u00e9tica e sustentabilidade.<\/p>\n\n\n\n<p>Segundo o diretor-geral, a atua\u00e7\u00e3o conjunta \u00e9 essencial diante das transforma\u00e7\u00f5es em curso no setor. \u201cA transi\u00e7\u00e3o energ\u00e9tica, a descentraliza\u00e7\u00e3o da gera\u00e7\u00e3o, a digitaliza\u00e7\u00e3o e o avan\u00e7o de tecnologias como armazenamento e intelig\u00eancia artificial est\u00e3o redefinindo a forma como operamos nossos sistemas\u201d, destacou.<\/p>\n\n\n\n<p>Criado em 2004, o GO15 re\u00fane atualmente 16 operadores de sistemas el\u00e9tricos respons\u00e1veis por atender mais da metade da demanda mundial de eletricidade, promovendo a troca de conhecimento e o aprimoramento das pr\u00e1ticas de opera\u00e7\u00e3o no setor el\u00e9trico.<\/p>\n\n\n\n<p><\/p>\n","protected":false},"excerpt":{"rendered":"<p>da Ag\u00eancia iNFRA O diretor-geral do ONS (Operador Nacional do Sistema El\u00e9trico), Marcio Rea, foi eleito por unanimidade pelos membros do GO15 \u2013 grupo internacional que re\u00fane os principais operadores de sistemas el\u00e9tricos do mundo \u2013 para exercer o cargo de vice-presidente em 2026 e de presidente em 2027. Durante o mandato, Rea deve intensificar [&hellip;]<\/p>\n","protected":false},"author":1,"featured_media":23127,"comment_status":"closed","ping_status":"closed","sticky":false,"template":"","format":"standard","meta":{"_monsterinsights_skip_tracking":false,"_monsterinsights_sitenote_active":false,"_monsterinsights_sitenote_note":"","_monsterinsights_sitenote_category":0,"footnotes":""},"categories":[13576],"tags":[16499,11509,216,16500,3554,54,2006],"class_list":["post-30841","post","type-post","status-publish","format-standard","has-post-thumbnail","hentry","category-giro-infra","tag-go15","tag-marcio-rea-2","tag-ons","tag-presidencia-do-go15","tag-seguranca-energetica","tag-setor-eletrico","tag-transicao-energetica"],"yoast_head":"<!-- This site is optimized with the Yoast SEO Premium plugin v25.4 (Yoast SEO v26.0) - https:\/\/yoast.com\/wordpress\/plugins\/seo\/ -->\n<title>Marcio Rea ser\u00e1 vice-presidente do GO15 em 2026 e presidente em 2027 - Ag\u00eancia iNFRA<\/title>\n<meta name=\"robots\" content=\"index, follow, max-snippet:-1, max-image-preview:large, max-video-preview:-1\" \/>\n<link rel=\"canonical\" href=\"https:\/\/agenciainfra.com\/blog\/marcio-rea-sera-vice-presidente-do-go15-em-2026-e-presidente-em-2027\/\" \/>\n<meta property=\"og:locale\" content=\"pt_BR\" \/>\n<meta property=\"og:type\" content=\"article\" \/>\n<meta property=\"og:title\" content=\"Marcio Rea ser\u00e1 vice-presidente do GO15 em 2026 e presidente em 2027\" \/>\n<meta property=\"og:description\" content=\"da Ag\u00eancia iNFRA O diretor-geral do ONS (Operador Nacional do Sistema El\u00e9trico), Marcio Rea, foi eleito por unanimidade pelos membros do GO15 \u2013 grupo internacional que re\u00fane os principais operadores de sistemas el\u00e9tricos do mundo \u2013 para exercer o cargo de vice-presidente em 2026 e de presidente em 2027. Durante o mandato, Rea deve intensificar [&hellip;]\" \/>\n<meta property=\"og:url\" content=\"https:\/\/agenciainfra.com\/blog\/marcio-rea-sera-vice-presidente-do-go15-em-2026-e-presidente-em-2027\/\" \/>\n<meta property=\"og:site_name\" content=\"Ag\u00eancia iNFRA\" \/>\n<meta property=\"article:publisher\" content=\"https:\/\/www.facebook.com\/ageninfra\" \/>\n<meta property=\"article:published_time\" content=\"2025-10-28T16:28:15+00:00\" \/>\n<meta property=\"article:modified_time\" content=\"2025-10-28T16:30:16+00:00\" \/>\n<meta property=\"og:image\" content=\"https:\/\/agenciainfra.com\/blog\/wp-content\/uploads\/2025\/06\/marcio-rea-foto-ONS.png\" \/>\n\t<meta property=\"og:image:width\" content=\"1190\" \/>\n\t<meta property=\"og:image:height\" content=\"746\" \/>\n\t<meta property=\"og:image:type\" content=\"image\/png\" \/>\n<meta name=\"author\" content=\"Ag\u00eancia iNFRA\" \/>\n<meta name=\"twitter:card\" content=\"summary_large_image\" \/>\n<meta name=\"twitter:creator\" content=\"@agencia_infra\" \/>\n<meta name=\"twitter:site\" content=\"@agencia_infra\" \/>\n<meta name=\"twitter:label1\" content=\"Escrito por\" \/>\n\t<meta name=\"twitter:data1\" content=\"Ag\u00eancia iNFRA\" \/>\n\t<meta name=\"twitter:label2\" content=\"Est. tempo de leitura\" \/>\n\t<meta name=\"twitter:data2\" content=\"1 minuto\" \/>\n<script type=\"application\/ld+json\" class=\"yoast-schema-graph\">{\"@context\":\"https:\/\/schema.org\",\"@graph\":[{\"@type\":\"Article\",\"@id\":\"https:\/\/agenciainfra.com\/blog\/marcio-rea-sera-vice-presidente-do-go15-em-2026-e-presidente-em-2027\/#article\",\"isPartOf\":{\"@id\":\"https:\/\/agenciainfra.com\/blog\/marcio-rea-sera-vice-presidente-do-go15-em-2026-e-presidente-em-2027\/\"},\"author\":{\"name\":\"Ag\u00eancia iNFRA\",\"@id\":\"https:\/\/agenciainfra.com\/blog\/#\/schema\/person\/34af08dff6adea4cb22b06612ba7acfa\"},\"headline\":\"Marcio Rea ser\u00e1 vice-presidente do GO15 em 2026 e presidente em 2027\",\"datePublished\":\"2025-10-28T16:28:15+00:00\",\"dateModified\":\"2025-10-28T16:30:16+00:00\",\"mainEntityOfPage\":{\"@id\":\"https:\/\/agenciainfra.com\/blog\/marcio-rea-sera-vice-presidente-do-go15-em-2026-e-presidente-em-2027\/\"},\"wordCount\":187,\"publisher\":{\"@id\":\"https:\/\/agenciainfra.com\/blog\/#organization\"},\"image\":{\"@id\":\"https:\/\/agenciainfra.com\/blog\/marcio-rea-sera-vice-presidente-do-go15-em-2026-e-presidente-em-2027\/#primaryimage\"},\"thumbnailUrl\":\"https:\/\/agenciainfra.com\/blog\/wp-content\/uploads\/2025\/06\/marcio-rea-foto-ONS.png\",\"keywords\":[\"GO15\",\"marcio rea\",\"ONS\",\"presid\u00eancia do GO15\",\"seguran\u00e7a energ\u00e9tica\",\"Setor El\u00e9trico\",\"transi\u00e7\u00e3o energ\u00e9tica\"],\"articleSection\":[\"Giro iNFRA\"],\"inLanguage\":\"pt-BR\",\"copyrightYear\":\"2025\",\"copyrightHolder\":{\"@id\":\"https:\/\/agenciainfra.com\/blog\/#organization\"}},{\"@type\":\"WebPage\",\"@id\":\"https:\/\/agenciainfra.com\/blog\/marcio-rea-sera-vice-presidente-do-go15-em-2026-e-presidente-em-2027\/\",\"url\":\"https:\/\/agenciainfra.com\/blog\/marcio-rea-sera-vice-presidente-do-go15-em-2026-e-presidente-em-2027\/\",\"name\":\"Marcio Rea ser\u00e1 vice-presidente do GO15 em 2026 e presidente em 2027 - Ag\u00eancia iNFRA\",\"isPartOf\":{\"@id\":\"https:\/\/agenciainfra.com\/blog\/#website\"},\"primaryImageOfPage\":{\"@id\":\"https:\/\/agenciainfra.com\/blog\/marcio-rea-sera-vice-presidente-do-go15-em-2026-e-presidente-em-2027\/#primaryimage\"},\"image\":{\"@id\":\"https:\/\/agenciainfra.com\/blog\/marcio-rea-sera-vice-presidente-do-go15-em-2026-e-presidente-em-2027\/#primaryimage\"},\"thumbnailUrl\":\"https:\/\/agenciainfra.com\/blog\/wp-content\/uploads\/2025\/06\/marcio-rea-foto-ONS.png\",\"datePublished\":\"2025-10-28T16:28:15+00:00\",\"dateModified\":\"2025-10-28T16:30:16+00:00\",\"breadcrumb\":{\"@id\":\"https:\/\/agenciainfra.com\/blog\/marcio-rea-sera-vice-presidente-do-go15-em-2026-e-presidente-em-2027\/#breadcrumb\"},\"inLanguage\":\"pt-BR\",\"potentialAction\":[{\"@type\":\"ReadAction\",\"target\":[\"https:\/\/agenciainfra.com\/blog\/marcio-rea-sera-vice-presidente-do-go15-em-2026-e-presidente-em-2027\/\"]}]},{\"@type\":\"ImageObject\",\"inLanguage\":\"pt-BR\",\"@id\":\"https:\/\/agenciainfra.com\/blog\/marcio-rea-sera-vice-presidente-do-go15-em-2026-e-presidente-em-2027\/#primaryimage\",\"url\":\"https:\/\/agenciainfra.com\/blog\/wp-content\/uploads\/2025\/06\/marcio-rea-foto-ONS.png\",\"contentUrl\":\"https:\/\/agenciainfra.com\/blog\/wp-content\/uploads\/2025\/06\/marcio-rea-foto-ONS.png\",\"width\":1190,\"height\":746},{\"@type\":\"BreadcrumbList\",\"@id\":\"https:\/\/agenciainfra.com\/blog\/marcio-rea-sera-vice-presidente-do-go15-em-2026-e-presidente-em-2027\/#breadcrumb\",\"itemListElement\":[{\"@type\":\"ListItem\",\"position\":1,\"name\":\"In\u00edcio\",\"item\":\"https:\/\/agenciainfra.com\/blog\/\"},{\"@type\":\"ListItem\",\"position\":2,\"name\":\"Marcio Rea ser\u00e1 vice-presidente do GO15 em 2026 e presidente em 2027\"}]},{\"@type\":\"WebSite\",\"@id\":\"https:\/\/agenciainfra.com\/blog\/#website\",\"url\":\"https:\/\/agenciainfra.com\/blog\/\",\"name\":\"Ag\u00eancia iNFRA\",\"description\":\"Multiplataforma de informa\u00e7\u00e3o jornal\u00edstica refer\u00eancia na \u00e1rea de infraestrutura no Brasil!\",\"publisher\":{\"@id\":\"https:\/\/agenciainfra.com\/blog\/#organization\"},\"potentialAction\":[{\"@type\":\"SearchAction\",\"target\":{\"@type\":\"EntryPoint\",\"urlTemplate\":\"https:\/\/agenciainfra.com\/blog\/?s={search_term_string}\"},\"query-input\":{\"@type\":\"PropertyValueSpecification\",\"valueRequired\":true,\"valueName\":\"search_term_string\"}}],\"inLanguage\":\"pt-BR\"},{\"@type\":\"Organization\",\"@id\":\"https:\/\/agenciainfra.com\/blog\/#organization\",\"name\":\"Ag\u00eancia iNFRA\",\"url\":\"https:\/\/agenciainfra.com\/blog\/\",\"logo\":{\"@type\":\"ImageObject\",\"inLanguage\":\"pt-BR\",\"@id\":\"https:\/\/agenciainfra.com\/blog\/#\/schema\/logo\/image\/\",\"url\":\"https:\/\/agenciainfra.com\/blog\/wp-content\/uploads\/2023\/09\/iNFRA_5-e1761735885940.png\",\"contentUrl\":\"https:\/\/agenciainfra.com\/blog\/wp-content\/uploads\/2023\/09\/iNFRA_5-e1761735885940.png\",\"width\":1672,\"height\":454,\"caption\":\"Ag\u00eancia iNFRA\"},\"image\":{\"@id\":\"https:\/\/agenciainfra.com\/blog\/#\/schema\/logo\/image\/\"},\"sameAs\":[\"https:\/\/www.facebook.com\/ageninfra\",\"https:\/\/x.com\/agencia_infra\",\"https:\/\/www.linkedin.com\/company\/ag\u00eanciainfra\/\",\"https:\/\/www.instagram.com\/agenciainfra\/\"]},{\"@type\":\"Person\",\"@id\":\"https:\/\/agenciainfra.com\/blog\/#\/schema\/person\/34af08dff6adea4cb22b06612ba7acfa\",\"name\":\"Ag\u00eancia iNFRA\",\"image\":{\"@type\":\"ImageObject\",\"inLanguage\":\"pt-BR\",\"@id\":\"https:\/\/agenciainfra.com\/blog\/#\/schema\/person\/image\/\",\"url\":\"https:\/\/secure.gravatar.com\/avatar\/d189e01678f06d8eb84d4e01f08eb848b3fffe3f8443818d3c356c66892f5be8?s=96&d=mm&r=g\",\"contentUrl\":\"https:\/\/secure.gravatar.com\/avatar\/d189e01678f06d8eb84d4e01f08eb848b3fffe3f8443818d3c356c66892f5be8?s=96&d=mm&r=g\",\"caption\":\"Ag\u00eancia iNFRA\"},\"url\":\"https:\/\/agenciainfra.com\/blog\/author\/admin\/\"}]}<\/script>\n<!-- \/ Yoast SEO Premium plugin. -->","yoast_head_json":{"title":"Marcio Rea ser\u00e1 vice-presidente do GO15 em 2026 e presidente em 2027 - Ag\u00eancia iNFRA","robots":{"index":"index","follow":"follow","max-snippet":"max-snippet:-1","max-image-preview":"max-image-preview:large","max-video-preview":"max-video-preview:-1"},"canonical":"https:\/\/agenciainfra.com\/blog\/marcio-rea-sera-vice-presidente-do-go15-em-2026-e-presidente-em-2027\/","og_locale":"pt_BR","og_type":"article","og_title":"Marcio Rea ser\u00e1 vice-presidente do GO15 em 2026 e presidente em 2027","og_description":"da Ag\u00eancia iNFRA O diretor-geral do ONS (Operador Nacional do Sistema El\u00e9trico), Marcio Rea, foi eleito por unanimidade pelos membros do GO15 \u2013 grupo internacional que re\u00fane os principais operadores de sistemas el\u00e9tricos do mundo \u2013 para exercer o cargo de vice-presidente em 2026 e de presidente em 2027. Durante o mandato, Rea deve intensificar [&hellip;]","og_url":"https:\/\/agenciainfra.com\/blog\/marcio-rea-sera-vice-presidente-do-go15-em-2026-e-presidente-em-2027\/","og_site_name":"Ag\u00eancia iNFRA","article_publisher":"https:\/\/www.facebook.com\/ageninfra","article_published_time":"2025-10-28T16:28:15+00:00","article_modified_time":"2025-10-28T16:30:16+00:00","og_image":[{"width":1190,"height":746,"url":"https:\/\/agenciainfra.com\/blog\/wp-content\/uploads\/2025\/06\/marcio-rea-foto-ONS.png","type":"image\/png"}],"author":"Ag\u00eancia iNFRA","twitter_card":"summary_large_image","twitter_creator":"@agencia_infra","twitter_site":"@agencia_infra","twitter_misc":{"Escrito por":"Ag\u00eancia iNFRA","Est. tempo de leitura":"1 minuto"},"schema":{"@context":"https:\/\/schema.org","@graph":[{"@type":"Article","@id":"https:\/\/agenciainfra.com\/blog\/marcio-rea-sera-vice-presidente-do-go15-em-2026-e-presidente-em-2027\/#article","isPartOf":{"@id":"https:\/\/agenciainfra.com\/blog\/marcio-rea-sera-vice-presidente-do-go15-em-2026-e-presidente-em-2027\/"},"author":{"name":"Ag\u00eancia iNFRA","@id":"https:\/\/agenciainfra.com\/blog\/#\/schema\/person\/34af08dff6adea4cb22b06612ba7acfa"},"headline":"Marcio Rea ser\u00e1 vice-presidente do GO15 em 2026 e presidente em 2027","datePublished":"2025-10-28T16:28:15+00:00","dateModified":"2025-10-28T16:30:16+00:00","mainEntityOfPage":{"@id":"https:\/\/agenciainfra.com\/blog\/marcio-rea-sera-vice-presidente-do-go15-em-2026-e-presidente-em-2027\/"},"wordCount":187,"publisher":{"@id":"https:\/\/agenciainfra.com\/blog\/#organization"},"image":{"@id":"https:\/\/agenciainfra.com\/blog\/marcio-rea-sera-vice-presidente-do-go15-em-2026-e-presidente-em-2027\/#primaryimage"},"thumbnailUrl":"https:\/\/agenciainfra.com\/blog\/wp-content\/uploads\/2025\/06\/marcio-rea-foto-ONS.png","keywords":["GO15","marcio rea","ONS","presid\u00eancia do GO15","seguran\u00e7a energ\u00e9tica","Setor El\u00e9trico","transi\u00e7\u00e3o energ\u00e9tica"],"articleSection":["Giro iNFRA"],"inLanguage":"pt-BR","copyrightYear":"2025","copyrightHolder":{"@id":"https:\/\/agenciainfra.com\/blog\/#organization"}},{"@type":"WebPage","@id":"https:\/\/agenciainfra.com\/blog\/marcio-rea-sera-vice-presidente-do-go15-em-2026-e-presidente-em-2027\/","url":"https:\/\/agenciainfra.com\/blog\/marcio-rea-sera-vice-presidente-do-go15-em-2026-e-presidente-em-2027\/","name":"Marcio Rea ser\u00e1 vice-presidente do GO15 em 2026 e presidente em 2027 - Ag\u00eancia iNFRA","isPartOf":{"@id":"https:\/\/agenciainfra.com\/blog\/#website"},"primaryImageOfPage":{"@id":"https:\/\/agenciainfra.com\/blog\/marcio-rea-sera-vice-presidente-do-go15-em-2026-e-presidente-em-2027\/#primaryimage"},"image":{"@id":"https:\/\/agenciainfra.com\/blog\/marcio-rea-sera-vice-presidente-do-go15-em-2026-e-presidente-em-2027\/#primaryimage"},"thumbnailUrl":"https:\/\/agenciainfra.com\/blog\/wp-content\/uploads\/2025\/06\/marcio-rea-foto-ONS.png","datePublished":"2025-10-28T16:28:15+00:00","dateModified":"2025-10-28T16:30:16+00:00","breadcrumb":{"@id":"https:\/\/agenciainfra.com\/blog\/marcio-rea-sera-vice-presidente-do-go15-em-2026-e-presidente-em-2027\/#breadcrumb"},"inLanguage":"pt-BR","potentialAction":[{"@type":"ReadAction","target":["https:\/\/agenciainfra.com\/blog\/marcio-rea-sera-vice-presidente-do-go15-em-2026-e-presidente-em-2027\/"]}]},{"@type":"ImageObject","inLanguage":"pt-BR","@id":"https:\/\/agenciainfra.com\/blog\/marcio-rea-sera-vice-presidente-do-go15-em-2026-e-presidente-em-2027\/#primaryimage","url":"https:\/\/agenciainfra.com\/blog\/wp-content\/uploads\/2025\/06\/marcio-rea-foto-ONS.png","contentUrl":"https:\/\/agenciainfra.com\/blog\/wp-content\/uploads\/2025\/06\/marcio-rea-foto-ONS.png","width":1190,"height":746},{"@type":"BreadcrumbList","@id":"https:\/\/agenciainfra.com\/blog\/marcio-rea-sera-vice-presidente-do-go15-em-2026-e-presidente-em-2027\/#breadcrumb","itemListElement":[{"@type":"ListItem","position":1,"name":"In\u00edcio","item":"https:\/\/agenciainfra.com\/blog\/"},{"@type":"ListItem","position":2,"name":"Marcio Rea ser\u00e1 vice-presidente do GO15 em 2026 e presidente em 2027"}]},{"@type":"WebSite","@id":"https:\/\/agenciainfra.com\/blog\/#website","url":"https:\/\/agenciainfra.com\/blog\/","name":"Ag\u00eancia iNFRA","description":"Multiplataforma de informa\u00e7\u00e3o jornal\u00edstica refer\u00eancia na \u00e1rea de infraestrutura no Brasil!","publisher":{"@id":"https:\/\/agenciainfra.com\/blog\/#organization"},"potentialAction":[{"@type":"SearchAction","target":{"@type":"EntryPoint","urlTemplate":"https:\/\/agenciainfra.com\/blog\/?s={search_term_string}"},"query-input":{"@type":"PropertyValueSpecification","valueRequired":true,"valueName":"search_term_string"}}],"inLanguage":"pt-BR"},{"@type":"Organization","@id":"https:\/\/agenciainfra.com\/blog\/#organization","name":"Ag\u00eancia iNFRA","url":"https:\/\/agenciainfra.com\/blog\/","logo":{"@type":"ImageObject","inLanguage":"pt-BR","@id":"https:\/\/agenciainfra.com\/blog\/#\/schema\/logo\/image\/","url":"https:\/\/agenciainfra.com\/blog\/wp-content\/uploads\/2023\/09\/iNFRA_5-e1761735885940.png","contentUrl":"https:\/\/agenciainfra.com\/blog\/wp-content\/uploads\/2023\/09\/iNFRA_5-e1761735885940.png","width":1672,"height":454,"caption":"Ag\u00eancia iNFRA"},"image":{"@id":"https:\/\/agenciainfra.com\/blog\/#\/schema\/logo\/image\/"},"sameAs":["https:\/\/www.facebook.com\/ageninfra","https:\/\/x.com\/agencia_infra","https:\/\/www.linkedin.com\/company\/ag\u00eanciainfra\/","https:\/\/www.instagram.com\/agenciainfra\/"]},{"@type":"Person","@id":"https:\/\/agenciainfra.com\/blog\/#\/schema\/person\/34af08dff6adea4cb22b06612ba7acfa","name":"Ag\u00eancia iNFRA","image":{"@type":"ImageObject","inLanguage":"pt-BR","@id":"https:\/\/agenciainfra.com\/blog\/#\/schema\/person\/image\/","url":"https:\/\/secure.gravatar.com\/avatar\/d189e01678f06d8eb84d4e01f08eb848b3fffe3f8443818d3c356c66892f5be8?s=96&d=mm&r=g","contentUrl":"https:\/\/secure.gravatar.com\/avatar\/d189e01678f06d8eb84d4e01f08eb848b3fffe3f8443818d3c356c66892f5be8?s=96&d=mm&r=g","caption":"Ag\u00eancia iNFRA"},"url":"https:\/\/agenciainfra.com\/blog\/author\/admin\/"}]}},"_links":{"self":[{"href":"https:\/\/agenciainfra.com\/blog\/wp-json\/wp\/v2\/posts\/30841","targetHints":{"allow":["GET"]}}],"collection":[{"href":"https:\/\/agenciainfra.com\/blog\/wp-json\/wp\/v2\/posts"}],"about":[{"href":"https:\/\/agenciainfra.com\/blog\/wp-json\/wp\/v2\/types\/post"}],"author":[{"embeddable":true,"href":"https:\/\/agenciainfra.com\/blog\/wp-json\/wp\/v2\/users\/1"}],"replies":[{"embeddable":true,"href":"https:\/\/agenciainfra.com\/blog\/wp-json\/wp\/v2\/comments?post=30841"}],"version-history":[{"count":2,"href":"https:\/\/agenciainfra.com\/blog\/wp-json\/wp\/v2\/posts\/30841\/revisions"}],"predecessor-version":[{"id":30843,"href":"https:\/\/agenciainfra.com\/blog\/wp-json\/wp\/v2\/posts\/30841\/revisions\/30843"}],"wp:featuredmedia":[{"embeddable":true,"href":"https:\/\/agenciainfra.com\/blog\/wp-json\/wp\/v2\/media\/23127"}],"wp:attachment":[{"href":"https:\/\/agenciainfra.com\/blog\/wp-json\/wp\/v2\/media?parent=30841"}],"wp:term":[{"taxonomy":"category","embeddable":true,"href":"https:\/\/agenciainfra.com\/blog\/wp-json\/wp\/v2\/categories?post=30841"},{"taxonomy":"post_tag","embeddable":true,"href":"https:\/\/agenciainfra.com\/blog\/wp-json\/wp\/v2\/tags?post=30841"}],"curies":[{"name":"wp","href":"https:\/\/api.w.org\/{rel}","templated":true}]}}