{"id":30897,"date":"2025-10-28T19:49:01","date_gmt":"2025-10-28T22:49:01","guid":{"rendered":"https:\/\/agenciainfra.com\/blog\/?p=30897"},"modified":"2025-10-29T11:21:50","modified_gmt":"2025-10-29T14:21:50","slug":"amapa-garante-seguranca-politica-para-petroleo-diz-governador","status":"publish","type":"post","link":"https:\/\/agenciainfra.com\/blog\/amapa-garante-seguranca-politica-para-petroleo-diz-governador\/","title":{"rendered":"Amap\u00e1 garante &#8216;seguran\u00e7a pol\u00edtica&#8217; para petr\u00f3leo, diz governador"},"content":{"rendered":"\n<p class=\"has-text-align-right\"><strong>Gabriel Vasconcelos, da Ag\u00eancia iNFRA<\/strong><\/p>\n\n\n\n<p>O governador do Amap\u00e1, Cl\u00e9cio Lu\u00eds (Solidariedade), disse nesta ter\u00e7a-feira (28) que, mais do que seguran\u00e7a jur\u00eddica e ambiental, o estado garante &#8220;seguran\u00e7a pol\u00edtica&#8221; para a atividade de E&amp;P (explora\u00e7\u00e3o e produ\u00e7\u00e3o) de petr\u00f3leo e g\u00e1s na regi\u00e3o.<\/p>\n\n\n\n<p>&#8220;O Amap\u00e1 est\u00e1 aqui para, mais uma vez, declarar que a atividade de petr\u00f3leo \u00e9 muito bem vinda. Tem apoio pol\u00edtico, uma esp\u00e9cie de seguran\u00e7a pol\u00edtica. Eu estou aqui para dizer que o petr\u00f3leo \u00e9 importante para o Amap\u00e1, tanto do ponto de vista econ\u00f4mico, quanto da matriz energ\u00e9tica para o Brasil. A Petrobras tem todo o nosso apoio, e quem est\u00e1 falando isso \u00e9 o governador&#8221;, disse Cl\u00e9cio. Ele falou durante a OTC Brasil, maior evento do setor, que acontece esta semana no Rio de Janeiro.<\/p>\n\n\n\n<p>O governador lembrou que o Amap\u00e1 \u00e9 o estado mais preservado do pa\u00eds, com 97% da cobertura florestal preservada, al\u00e9m de ser o estado &#8220;mais protegido&#8221; da federa\u00e7\u00e3o, com 73,5% do nosso territ\u00f3rio protegido por algum estatuto legal.<\/p>\n\n\n\n<p>&#8220;N\u00e3o vamos abrir m\u00e3o de sermos preservados e protegidos, mas temos que colocar esses altos indicadores ambientais para puxar os indicadores sociais e econ\u00f4micos, que n\u00e3o s\u00e3o t\u00e3o bons&#8221;, continuou.<\/p>\n\n\n\n<p>Ele argumentou que as receitas do petr\u00f3leo podem financiar esse desenvolvimento, por meio da cria\u00e7\u00e3o de infraestrutura, al\u00e9m de garantir a continuidade da preserva\u00e7\u00e3o. Como exemplo dos esfor\u00e7os do governo para atrair as empresas do setor de \u00f3leo e g\u00e1s, Cl\u00e9cio citou a cria\u00e7\u00e3o do Repetro Amap\u00e1, regime tribut\u00e1rio que permite a acumulo de benef\u00edcios fiscais, incluindo o ICMS, ao setor.<\/p>\n\n\n\n<p>Por fim, o governador do Amap\u00e1 falou em &#8220;dogmas, fundamentalismo e desinforma\u00e7\u00e3o&#8221;, que atrapalham essa agenda de desenvolvimento ligado ao setor de \u00f3leo e g\u00e1s, em cr\u00edtica velada a ambientalistas e a ala do governo federal que se coloca contrariamente \u00e0 explora\u00e7\u00e3o da Margem Equatorial.<\/p>\n\n\n\n<p>&#8220;Temos uma chance que n\u00e3o podemos desperdi\u00e7ar, que \u00e9 transformar essa experi\u00eancia do Amap\u00e1 em um modelo para o mundo, capaz de combater a desinforma\u00e7\u00e3o t\u00e3o presente quando discutimos \u00f3leo e g\u00e1s no Brasil&#8221;, concluiu.<\/p>\n","protected":false},"excerpt":{"rendered":"<p>Gabriel Vasconcelos, da Ag\u00eancia iNFRA O governador do Amap\u00e1, Cl\u00e9cio Lu\u00eds (Solidariedade), disse nesta ter\u00e7a-feira (28) que, mais do que seguran\u00e7a jur\u00eddica e ambiental, o estado garante &#8220;seguran\u00e7a pol\u00edtica&#8221; para a atividade de E&amp;P (explora\u00e7\u00e3o e produ\u00e7\u00e3o) de petr\u00f3leo e g\u00e1s na regi\u00e3o. &#8220;O Amap\u00e1 est\u00e1 aqui para, mais uma vez, declarar que a atividade [&hellip;]<\/p>\n","protected":false},"author":1,"featured_media":30169,"comment_status":"closed","ping_status":"closed","sticky":false,"template":"","format":"standard","meta":{"_monsterinsights_skip_tracking":false,"_monsterinsights_sitenote_active":false,"_monsterinsights_sitenote_note":"","_monsterinsights_sitenote_category":0,"footnotes":""},"categories":[13271],"tags":[3003,8861,16299,13251,14154,16550],"class_list":["post-30897","post","type-post","status-publish","format-standard","has-post-thumbnail","hentry","category-oleo-gas","tag-amapa","tag-clecio-luis-2","tag-exploracao-de-petroleo-e-gas","tag-gabriel-vasconcelos","tag-producao-de-petroleo","tag-seguranca-politica"],"yoast_head":"<!-- This site is optimized with the Yoast SEO Premium plugin v25.4 (Yoast SEO v26.0) - https:\/\/yoast.com\/wordpress\/plugins\/seo\/ -->\n<title>Amap\u00e1 garante &#039;seguran\u00e7a pol\u00edtica&#039; para petr\u00f3leo, diz governador - Ag\u00eancia iNFRA<\/title>\n<meta name=\"robots\" content=\"index, follow, max-snippet:-1, max-image-preview:large, max-video-preview:-1\" \/>\n<link rel=\"canonical\" href=\"https:\/\/agenciainfra.com\/blog\/amapa-garante-seguranca-politica-para-petroleo-diz-governador\/\" \/>\n<meta property=\"og:locale\" content=\"pt_BR\" \/>\n<meta property=\"og:type\" content=\"article\" \/>\n<meta property=\"og:title\" content=\"Amap\u00e1 garante &#039;seguran\u00e7a pol\u00edtica&#039; para petr\u00f3leo, diz governador\" \/>\n<meta property=\"og:description\" content=\"Gabriel Vasconcelos, da Ag\u00eancia iNFRA O governador do Amap\u00e1, Cl\u00e9cio Lu\u00eds (Solidariedade), disse nesta ter\u00e7a-feira (28) que, mais do que seguran\u00e7a jur\u00eddica e ambiental, o estado garante &#8220;seguran\u00e7a pol\u00edtica&#8221; para a atividade de E&amp;P (explora\u00e7\u00e3o e produ\u00e7\u00e3o) de petr\u00f3leo e g\u00e1s na regi\u00e3o. &#8220;O Amap\u00e1 est\u00e1 aqui para, mais uma vez, declarar que a atividade [&hellip;]\" \/>\n<meta property=\"og:url\" content=\"https:\/\/agenciainfra.com\/blog\/amapa-garante-seguranca-politica-para-petroleo-diz-governador\/\" \/>\n<meta property=\"og:site_name\" content=\"Ag\u00eancia iNFRA\" \/>\n<meta property=\"article:publisher\" content=\"https:\/\/www.facebook.com\/ageninfra\" \/>\n<meta property=\"article:published_time\" content=\"2025-10-28T22:49:01+00:00\" \/>\n<meta property=\"article:modified_time\" content=\"2025-10-29T14:21:50+00:00\" \/>\n<meta property=\"og:image\" content=\"https:\/\/agenciainfra.com\/blog\/wp-content\/uploads\/2025\/10\/20250926145730-GF00016555-F00206207-scaled.jpg\" \/>\n\t<meta property=\"og:image:width\" content=\"2560\" \/>\n\t<meta property=\"og:image:height\" content=\"1711\" \/>\n\t<meta property=\"og:image:type\" content=\"image\/jpeg\" \/>\n<meta name=\"author\" content=\"Ag\u00eancia iNFRA\" \/>\n<meta name=\"twitter:card\" content=\"summary_large_image\" \/>\n<meta name=\"twitter:creator\" content=\"@agencia_infra\" \/>\n<meta name=\"twitter:site\" content=\"@agencia_infra\" \/>\n<meta name=\"twitter:label1\" content=\"Escrito por\" \/>\n\t<meta name=\"twitter:data1\" content=\"Ag\u00eancia iNFRA\" \/>\n\t<meta name=\"twitter:label2\" content=\"Est. tempo de leitura\" \/>\n\t<meta name=\"twitter:data2\" content=\"2 minutos\" \/>\n<script type=\"application\/ld+json\" class=\"yoast-schema-graph\">{\"@context\":\"https:\/\/schema.org\",\"@graph\":[{\"@type\":\"Article\",\"@id\":\"https:\/\/agenciainfra.com\/blog\/amapa-garante-seguranca-politica-para-petroleo-diz-governador\/#article\",\"isPartOf\":{\"@id\":\"https:\/\/agenciainfra.com\/blog\/amapa-garante-seguranca-politica-para-petroleo-diz-governador\/\"},\"author\":{\"name\":\"Ag\u00eancia iNFRA\",\"@id\":\"https:\/\/agenciainfra.com\/blog\/#\/schema\/person\/34af08dff6adea4cb22b06612ba7acfa\"},\"headline\":\"Amap\u00e1 garante &#8216;seguran\u00e7a pol\u00edtica&#8217; para petr\u00f3leo, diz governador\",\"datePublished\":\"2025-10-28T22:49:01+00:00\",\"dateModified\":\"2025-10-29T14:21:50+00:00\",\"mainEntityOfPage\":{\"@id\":\"https:\/\/agenciainfra.com\/blog\/amapa-garante-seguranca-politica-para-petroleo-diz-governador\/\"},\"wordCount\":395,\"publisher\":{\"@id\":\"https:\/\/agenciainfra.com\/blog\/#organization\"},\"image\":{\"@id\":\"https:\/\/agenciainfra.com\/blog\/amapa-garante-seguranca-politica-para-petroleo-diz-governador\/#primaryimage\"},\"thumbnailUrl\":\"https:\/\/agenciainfra.com\/blog\/wp-content\/uploads\/2025\/10\/20250926145730-GF00016555-F00206207-scaled.jpg\",\"keywords\":[\"Amap\u00e1\",\"Cl\u00e9cio Lu\u00eds\",\"explora\u00e7\u00e3o de petr\u00f3leo e g\u00e1s\",\"Gabriel Vasconcelos\",\"produ\u00e7\u00e3o de petr\u00f3leo\",\"seguran\u00e7a pol\u00edtica\"],\"articleSection\":[\"\u00d3leo &amp; G\u00e1s\"],\"inLanguage\":\"pt-BR\",\"copyrightYear\":\"2025\",\"copyrightHolder\":{\"@id\":\"https:\/\/agenciainfra.com\/blog\/#organization\"}},{\"@type\":\"WebPage\",\"@id\":\"https:\/\/agenciainfra.com\/blog\/amapa-garante-seguranca-politica-para-petroleo-diz-governador\/\",\"url\":\"https:\/\/agenciainfra.com\/blog\/amapa-garante-seguranca-politica-para-petroleo-diz-governador\/\",\"name\":\"Amap\u00e1 garante 'seguran\u00e7a pol\u00edtica' para petr\u00f3leo, diz governador - Ag\u00eancia iNFRA\",\"isPartOf\":{\"@id\":\"https:\/\/agenciainfra.com\/blog\/#website\"},\"primaryImageOfPage\":{\"@id\":\"https:\/\/agenciainfra.com\/blog\/amapa-garante-seguranca-politica-para-petroleo-diz-governador\/#primaryimage\"},\"image\":{\"@id\":\"https:\/\/agenciainfra.com\/blog\/amapa-garante-seguranca-politica-para-petroleo-diz-governador\/#primaryimage\"},\"thumbnailUrl\":\"https:\/\/agenciainfra.com\/blog\/wp-content\/uploads\/2025\/10\/20250926145730-GF00016555-F00206207-scaled.jpg\",\"datePublished\":\"2025-10-28T22:49:01+00:00\",\"dateModified\":\"2025-10-29T14:21:50+00:00\",\"breadcrumb\":{\"@id\":\"https:\/\/agenciainfra.com\/blog\/amapa-garante-seguranca-politica-para-petroleo-diz-governador\/#breadcrumb\"},\"inLanguage\":\"pt-BR\",\"potentialAction\":[{\"@type\":\"ReadAction\",\"target\":[\"https:\/\/agenciainfra.com\/blog\/amapa-garante-seguranca-politica-para-petroleo-diz-governador\/\"]}]},{\"@type\":\"ImageObject\",\"inLanguage\":\"pt-BR\",\"@id\":\"https:\/\/agenciainfra.com\/blog\/amapa-garante-seguranca-politica-para-petroleo-diz-governador\/#primaryimage\",\"url\":\"https:\/\/agenciainfra.com\/blog\/wp-content\/uploads\/2025\/10\/20250926145730-GF00016555-F00206207-scaled.jpg\",\"contentUrl\":\"https:\/\/agenciainfra.com\/blog\/wp-content\/uploads\/2025\/10\/20250926145730-GF00016555-F00206207-scaled.jpg\",\"width\":2560,\"height\":1711,\"caption\":\"Foto: Maksuel Martins\/GEA\"},{\"@type\":\"BreadcrumbList\",\"@id\":\"https:\/\/agenciainfra.com\/blog\/amapa-garante-seguranca-politica-para-petroleo-diz-governador\/#breadcrumb\",\"itemListElement\":[{\"@type\":\"ListItem\",\"position\":1,\"name\":\"In\u00edcio\",\"item\":\"https:\/\/agenciainfra.com\/blog\/\"},{\"@type\":\"ListItem\",\"position\":2,\"name\":\"Amap\u00e1 garante &#8216;seguran\u00e7a pol\u00edtica&#8217; para petr\u00f3leo, diz governador\"}]},{\"@type\":\"WebSite\",\"@id\":\"https:\/\/agenciainfra.com\/blog\/#website\",\"url\":\"https:\/\/agenciainfra.com\/blog\/\",\"name\":\"Ag\u00eancia iNFRA\",\"description\":\"Multiplataforma de informa\u00e7\u00e3o jornal\u00edstica refer\u00eancia na \u00e1rea de infraestrutura no Brasil!\",\"publisher\":{\"@id\":\"https:\/\/agenciainfra.com\/blog\/#organization\"},\"potentialAction\":[{\"@type\":\"SearchAction\",\"target\":{\"@type\":\"EntryPoint\",\"urlTemplate\":\"https:\/\/agenciainfra.com\/blog\/?s={search_term_string}\"},\"query-input\":{\"@type\":\"PropertyValueSpecification\",\"valueRequired\":true,\"valueName\":\"search_term_string\"}}],\"inLanguage\":\"pt-BR\"},{\"@type\":\"Organization\",\"@id\":\"https:\/\/agenciainfra.com\/blog\/#organization\",\"name\":\"Ag\u00eancia iNFRA\",\"url\":\"https:\/\/agenciainfra.com\/blog\/\",\"logo\":{\"@type\":\"ImageObject\",\"inLanguage\":\"pt-BR\",\"@id\":\"https:\/\/agenciainfra.com\/blog\/#\/schema\/logo\/image\/\",\"url\":\"https:\/\/agenciainfra.com\/blog\/wp-content\/uploads\/2023\/09\/iNFRA_5-e1761735885940.png\",\"contentUrl\":\"https:\/\/agenciainfra.com\/blog\/wp-content\/uploads\/2023\/09\/iNFRA_5-e1761735885940.png\",\"width\":1672,\"height\":454,\"caption\":\"Ag\u00eancia iNFRA\"},\"image\":{\"@id\":\"https:\/\/agenciainfra.com\/blog\/#\/schema\/logo\/image\/\"},\"sameAs\":[\"https:\/\/www.facebook.com\/ageninfra\",\"https:\/\/x.com\/agencia_infra\",\"https:\/\/www.linkedin.com\/company\/ag\u00eanciainfra\/\",\"https:\/\/www.instagram.com\/agenciainfra\/\"]},{\"@type\":\"Person\",\"@id\":\"https:\/\/agenciainfra.com\/blog\/#\/schema\/person\/34af08dff6adea4cb22b06612ba7acfa\",\"name\":\"Ag\u00eancia iNFRA\",\"image\":{\"@type\":\"ImageObject\",\"inLanguage\":\"pt-BR\",\"@id\":\"https:\/\/agenciainfra.com\/blog\/#\/schema\/person\/image\/\",\"url\":\"https:\/\/secure.gravatar.com\/avatar\/d189e01678f06d8eb84d4e01f08eb848b3fffe3f8443818d3c356c66892f5be8?s=96&d=mm&r=g\",\"contentUrl\":\"https:\/\/secure.gravatar.com\/avatar\/d189e01678f06d8eb84d4e01f08eb848b3fffe3f8443818d3c356c66892f5be8?s=96&d=mm&r=g\",\"caption\":\"Ag\u00eancia iNFRA\"},\"url\":\"https:\/\/agenciainfra.com\/blog\/author\/admin\/\"}]}<\/script>\n<!-- \/ Yoast SEO Premium plugin. -->","yoast_head_json":{"title":"Amap\u00e1 garante 'seguran\u00e7a pol\u00edtica' para petr\u00f3leo, diz governador - Ag\u00eancia iNFRA","robots":{"index":"index","follow":"follow","max-snippet":"max-snippet:-1","max-image-preview":"max-image-preview:large","max-video-preview":"max-video-preview:-1"},"canonical":"https:\/\/agenciainfra.com\/blog\/amapa-garante-seguranca-politica-para-petroleo-diz-governador\/","og_locale":"pt_BR","og_type":"article","og_title":"Amap\u00e1 garante 'seguran\u00e7a pol\u00edtica' para petr\u00f3leo, diz governador","og_description":"Gabriel Vasconcelos, da Ag\u00eancia iNFRA O governador do Amap\u00e1, Cl\u00e9cio Lu\u00eds (Solidariedade), disse nesta ter\u00e7a-feira (28) que, mais do que seguran\u00e7a jur\u00eddica e ambiental, o estado garante &#8220;seguran\u00e7a pol\u00edtica&#8221; para a atividade de E&amp;P (explora\u00e7\u00e3o e produ\u00e7\u00e3o) de petr\u00f3leo e g\u00e1s na regi\u00e3o. &#8220;O Amap\u00e1 est\u00e1 aqui para, mais uma vez, declarar que a atividade [&hellip;]","og_url":"https:\/\/agenciainfra.com\/blog\/amapa-garante-seguranca-politica-para-petroleo-diz-governador\/","og_site_name":"Ag\u00eancia iNFRA","article_publisher":"https:\/\/www.facebook.com\/ageninfra","article_published_time":"2025-10-28T22:49:01+00:00","article_modified_time":"2025-10-29T14:21:50+00:00","og_image":[{"width":2560,"height":1711,"url":"https:\/\/agenciainfra.com\/blog\/wp-content\/uploads\/2025\/10\/20250926145730-GF00016555-F00206207-scaled.jpg","type":"image\/jpeg"}],"author":"Ag\u00eancia iNFRA","twitter_card":"summary_large_image","twitter_creator":"@agencia_infra","twitter_site":"@agencia_infra","twitter_misc":{"Escrito por":"Ag\u00eancia iNFRA","Est. tempo de leitura":"2 minutos"},"schema":{"@context":"https:\/\/schema.org","@graph":[{"@type":"Article","@id":"https:\/\/agenciainfra.com\/blog\/amapa-garante-seguranca-politica-para-petroleo-diz-governador\/#article","isPartOf":{"@id":"https:\/\/agenciainfra.com\/blog\/amapa-garante-seguranca-politica-para-petroleo-diz-governador\/"},"author":{"name":"Ag\u00eancia iNFRA","@id":"https:\/\/agenciainfra.com\/blog\/#\/schema\/person\/34af08dff6adea4cb22b06612ba7acfa"},"headline":"Amap\u00e1 garante &#8216;seguran\u00e7a pol\u00edtica&#8217; para petr\u00f3leo, diz governador","datePublished":"2025-10-28T22:49:01+00:00","dateModified":"2025-10-29T14:21:50+00:00","mainEntityOfPage":{"@id":"https:\/\/agenciainfra.com\/blog\/amapa-garante-seguranca-politica-para-petroleo-diz-governador\/"},"wordCount":395,"publisher":{"@id":"https:\/\/agenciainfra.com\/blog\/#organization"},"image":{"@id":"https:\/\/agenciainfra.com\/blog\/amapa-garante-seguranca-politica-para-petroleo-diz-governador\/#primaryimage"},"thumbnailUrl":"https:\/\/agenciainfra.com\/blog\/wp-content\/uploads\/2025\/10\/20250926145730-GF00016555-F00206207-scaled.jpg","keywords":["Amap\u00e1","Cl\u00e9cio Lu\u00eds","explora\u00e7\u00e3o de petr\u00f3leo e g\u00e1s","Gabriel Vasconcelos","produ\u00e7\u00e3o de petr\u00f3leo","seguran\u00e7a pol\u00edtica"],"articleSection":["\u00d3leo &amp; G\u00e1s"],"inLanguage":"pt-BR","copyrightYear":"2025","copyrightHolder":{"@id":"https:\/\/agenciainfra.com\/blog\/#organization"}},{"@type":"WebPage","@id":"https:\/\/agenciainfra.com\/blog\/amapa-garante-seguranca-politica-para-petroleo-diz-governador\/","url":"https:\/\/agenciainfra.com\/blog\/amapa-garante-seguranca-politica-para-petroleo-diz-governador\/","name":"Amap\u00e1 garante 'seguran\u00e7a pol\u00edtica' para petr\u00f3leo, diz governador - Ag\u00eancia iNFRA","isPartOf":{"@id":"https:\/\/agenciainfra.com\/blog\/#website"},"primaryImageOfPage":{"@id":"https:\/\/agenciainfra.com\/blog\/amapa-garante-seguranca-politica-para-petroleo-diz-governador\/#primaryimage"},"image":{"@id":"https:\/\/agenciainfra.com\/blog\/amapa-garante-seguranca-politica-para-petroleo-diz-governador\/#primaryimage"},"thumbnailUrl":"https:\/\/agenciainfra.com\/blog\/wp-content\/uploads\/2025\/10\/20250926145730-GF00016555-F00206207-scaled.jpg","datePublished":"2025-10-28T22:49:01+00:00","dateModified":"2025-10-29T14:21:50+00:00","breadcrumb":{"@id":"https:\/\/agenciainfra.com\/blog\/amapa-garante-seguranca-politica-para-petroleo-diz-governador\/#breadcrumb"},"inLanguage":"pt-BR","potentialAction":[{"@type":"ReadAction","target":["https:\/\/agenciainfra.com\/blog\/amapa-garante-seguranca-politica-para-petroleo-diz-governador\/"]}]},{"@type":"ImageObject","inLanguage":"pt-BR","@id":"https:\/\/agenciainfra.com\/blog\/amapa-garante-seguranca-politica-para-petroleo-diz-governador\/#primaryimage","url":"https:\/\/agenciainfra.com\/blog\/wp-content\/uploads\/2025\/10\/20250926145730-GF00016555-F00206207-scaled.jpg","contentUrl":"https:\/\/agenciainfra.com\/blog\/wp-content\/uploads\/2025\/10\/20250926145730-GF00016555-F00206207-scaled.jpg","width":2560,"height":1711,"caption":"Foto: Maksuel Martins\/GEA"},{"@type":"BreadcrumbList","@id":"https:\/\/agenciainfra.com\/blog\/amapa-garante-seguranca-politica-para-petroleo-diz-governador\/#breadcrumb","itemListElement":[{"@type":"ListItem","position":1,"name":"In\u00edcio","item":"https:\/\/agenciainfra.com\/blog\/"},{"@type":"ListItem","position":2,"name":"Amap\u00e1 garante &#8216;seguran\u00e7a pol\u00edtica&#8217; para petr\u00f3leo, diz governador"}]},{"@type":"WebSite","@id":"https:\/\/agenciainfra.com\/blog\/#website","url":"https:\/\/agenciainfra.com\/blog\/","name":"Ag\u00eancia iNFRA","description":"Multiplataforma de informa\u00e7\u00e3o jornal\u00edstica refer\u00eancia na \u00e1rea de infraestrutura no Brasil!","publisher":{"@id":"https:\/\/agenciainfra.com\/blog\/#organization"},"potentialAction":[{"@type":"SearchAction","target":{"@type":"EntryPoint","urlTemplate":"https:\/\/agenciainfra.com\/blog\/?s={search_term_string}"},"query-input":{"@type":"PropertyValueSpecification","valueRequired":true,"valueName":"search_term_string"}}],"inLanguage":"pt-BR"},{"@type":"Organization","@id":"https:\/\/agenciainfra.com\/blog\/#organization","name":"Ag\u00eancia iNFRA","url":"https:\/\/agenciainfra.com\/blog\/","logo":{"@type":"ImageObject","inLanguage":"pt-BR","@id":"https:\/\/agenciainfra.com\/blog\/#\/schema\/logo\/image\/","url":"https:\/\/agenciainfra.com\/blog\/wp-content\/uploads\/2023\/09\/iNFRA_5-e1761735885940.png","contentUrl":"https:\/\/agenciainfra.com\/blog\/wp-content\/uploads\/2023\/09\/iNFRA_5-e1761735885940.png","width":1672,"height":454,"caption":"Ag\u00eancia iNFRA"},"image":{"@id":"https:\/\/agenciainfra.com\/blog\/#\/schema\/logo\/image\/"},"sameAs":["https:\/\/www.facebook.com\/ageninfra","https:\/\/x.com\/agencia_infra","https:\/\/www.linkedin.com\/company\/ag\u00eanciainfra\/","https:\/\/www.instagram.com\/agenciainfra\/"]},{"@type":"Person","@id":"https:\/\/agenciainfra.com\/blog\/#\/schema\/person\/34af08dff6adea4cb22b06612ba7acfa","name":"Ag\u00eancia iNFRA","image":{"@type":"ImageObject","inLanguage":"pt-BR","@id":"https:\/\/agenciainfra.com\/blog\/#\/schema\/person\/image\/","url":"https:\/\/secure.gravatar.com\/avatar\/d189e01678f06d8eb84d4e01f08eb848b3fffe3f8443818d3c356c66892f5be8?s=96&d=mm&r=g","contentUrl":"https:\/\/secure.gravatar.com\/avatar\/d189e01678f06d8eb84d4e01f08eb848b3fffe3f8443818d3c356c66892f5be8?s=96&d=mm&r=g","caption":"Ag\u00eancia iNFRA"},"url":"https:\/\/agenciainfra.com\/blog\/author\/admin\/"}]}},"_links":{"self":[{"href":"https:\/\/agenciainfra.com\/blog\/wp-json\/wp\/v2\/posts\/30897","targetHints":{"allow":["GET"]}}],"collection":[{"href":"https:\/\/agenciainfra.com\/blog\/wp-json\/wp\/v2\/posts"}],"about":[{"href":"https:\/\/agenciainfra.com\/blog\/wp-json\/wp\/v2\/types\/post"}],"author":[{"embeddable":true,"href":"https:\/\/agenciainfra.com\/blog\/wp-json\/wp\/v2\/users\/1"}],"replies":[{"embeddable":true,"href":"https:\/\/agenciainfra.com\/blog\/wp-json\/wp\/v2\/comments?post=30897"}],"version-history":[{"count":1,"href":"https:\/\/agenciainfra.com\/blog\/wp-json\/wp\/v2\/posts\/30897\/revisions"}],"predecessor-version":[{"id":30898,"href":"https:\/\/agenciainfra.com\/blog\/wp-json\/wp\/v2\/posts\/30897\/revisions\/30898"}],"wp:featuredmedia":[{"embeddable":true,"href":"https:\/\/agenciainfra.com\/blog\/wp-json\/wp\/v2\/media\/30169"}],"wp:attachment":[{"href":"https:\/\/agenciainfra.com\/blog\/wp-json\/wp\/v2\/media?parent=30897"}],"wp:term":[{"taxonomy":"category","embeddable":true,"href":"https:\/\/agenciainfra.com\/blog\/wp-json\/wp\/v2\/categories?post=30897"},{"taxonomy":"post_tag","embeddable":true,"href":"https:\/\/agenciainfra.com\/blog\/wp-json\/wp\/v2\/tags?post=30897"}],"curies":[{"name":"wp","href":"https:\/\/api.w.org\/{rel}","templated":true}]}}