{"id":3096,"date":"2019-04-17T04:00:18","date_gmt":"2019-04-17T07:00:18","guid":{"rendered":"http:\/\/www.agenciainfra.com\/blog\/?p=3096"},"modified":"2019-04-15T14:16:42","modified_gmt":"2019-04-15T17:16:42","slug":"terminais-portuarios-terao-que-informar-precos-praticados-para-a-antaq","status":"publish","type":"post","link":"https:\/\/agenciainfra.com\/blog\/terminais-portuarios-terao-que-informar-precos-praticados-para-a-antaq\/","title":{"rendered":"Terminais portu\u00e1rios ter\u00e3o que informar pre\u00e7os praticados para a ANTAQ"},"content":{"rendered":"<div>\n<h5 style=\"text-align: right;\"><strong>Dimmi Amora,\u00a0da Ag\u00eancia iNFRA<\/strong><\/h5>\n<p>A diretoria da ANTAQ (Ag\u00eancia Nacional de Transportes Aquavi\u00e1rios) aprovou, na \u00faltima quinta-feira (11) proposta que vai obrigar terminais portu\u00e1rios arrendat\u00e1rios, operadores portu\u00e1rios e autorizat\u00e1rios a prestar informa\u00e7\u00f5es de pre\u00e7os praticados em seus servi\u00e7os.<\/p>\n<p>Os dados dever\u00e3o ser enviados por meio eletr\u00f4nico, em sistema pr\u00f3prio desenvolvido pela ag\u00eancia, de acordo com o relator, diretor Francisval Mendes. Segundo ele, a medida \u00e9 para que a ag\u00eancia possa acompanhar os pre\u00e7os do setor, criando metodologia pr\u00f3pria para estudos da \u00e1rea.<\/p>\n<p>O monitoramento dos pre\u00e7os por parte das empresas portu\u00e1rias tem sido uma reivindica\u00e7\u00e3o de usu\u00e1rios, que reclamam que, sem os dados, a ANTAQ n\u00e3o teria como fazer an\u00e1lise adequada de abusos praticados pelas operadoras, que t\u00eam liberdade de pre\u00e7os em praticamente a totalidade dos contratos.<\/p>\n<p>Em outro processo, do diretor Adalberto Tokarski, a ag\u00eancia manteve entendimento sobre pagamentos de custas decorrentes da greve dos caminhoneiros, em consulta formulada por sindicato de empresas exportadoras de Santa Catarina.<\/p>\n<p>A ag\u00eancia entende que n\u00e3o tem que criar uma norma geral para isentar cobran\u00e7as por armazenagem no per\u00edodo da greve\u00a0e que as empresas e terminais portu\u00e1rios devem negociar entre si, s\u00f3 havendo atua\u00e7\u00e3o espec\u00edfica em caso de abuso comprovado.<\/p>\n<p>Resolu\u00e7\u00f5es de conflitos entre regulados pela ag\u00eancia foi tema de outro processo, relatado pelo diretor-geral, M\u00e1rio Povia, que decidiu n\u00e3o apresentar uma consulta p\u00fablica para a cria\u00e7\u00e3o de normas internas referentes a arbitragem no setor. Pela proposta, foram encaminhadas diretrizes de um grupo de trabalho para que sejam adaptados normativos da ag\u00eancia para esse tipo de pr\u00e1tica.<\/p>\n<p><strong>Simplifica\u00e7\u00e3o<\/strong><br \/>\nA ag\u00eancia aprovou ainda altera\u00e7\u00f5es nas resolu\u00e7\u00f5es 1.274\/2009, 1.558\/2009, 3.285\/2014 e 3.631\/2014 que tratam de documentos que devem ser apresentados para autoriza\u00e7\u00e3o de navega\u00e7\u00e3o interior. Na mudan\u00e7a, foram dispensadas as apresenta\u00e7\u00f5es de v\u00e1rios documentos e procedimentos, como certid\u00f5es, documentos autenticados entre outros.<\/p>\n<p>Outra norma de simplifica\u00e7\u00e3o que seria votada, a que cria a figura do Arrendamento Simplificado de \u00e1reas em portos p\u00fablicos, teve pedido de vista do diretor-geral, M\u00e1rio Povia. O diretor Tokarski pediu urg\u00eancia na aprova\u00e7\u00e3o desse processo para que seja poss\u00edvel fazer arrendamentos de pequenas \u00e1reas e armaz\u00e9ns hoje n\u00e3o utilizados e que acabam virando custos para as administra\u00e7\u00f5es portu\u00e1rias. Povia disse que vai tratar o assunto com urg\u00eancia.<\/p>\n<\/div>\n","protected":false},"excerpt":{"rendered":"<p>Dimmi Amora,\u00a0da Ag\u00eancia iNFRA A diretoria da ANTAQ (Ag\u00eancia Nacional de Transportes Aquavi\u00e1rios) aprovou, na \u00faltima quinta-feira (11) proposta que vai obrigar terminais portu\u00e1rios arrendat\u00e1rios, operadores portu\u00e1rios e autorizat\u00e1rios a prestar informa\u00e7\u00f5es de pre\u00e7os praticados em seus servi\u00e7os. Os dados dever\u00e3o ser enviados por meio eletr\u00f4nico, em sistema pr\u00f3prio desenvolvido pela ag\u00eancia, de acordo com [&hellip;]<\/p>\n","protected":false},"author":9,"featured_media":2801,"comment_status":"closed","ping_status":"open","sticky":false,"template":"","format":"standard","meta":{"_monsterinsights_skip_tracking":false,"_monsterinsights_sitenote_active":false,"_monsterinsights_sitenote_note":"","_monsterinsights_sitenote_category":0,"footnotes":""},"categories":[7],"tags":[926,86,925,408,623],"class_list":["post-3096","post","type-post","status-publish","format-standard","has-post-thumbnail","hentry","category-infratransporte","tag-adalberto-tokarski","tag-antaq","tag-francisval-mendes","tag-mario-povia","tag-terminais-portuarios"],"yoast_head":"<!-- This site is optimized with the Yoast SEO Premium plugin v25.4 (Yoast SEO v26.0) - https:\/\/yoast.com\/wordpress\/plugins\/seo\/ -->\n<title>Terminais portu\u00e1rios ter\u00e3o que informar pre\u00e7os praticados para a ANTAQ - Ag\u00eancia iNFRA<\/title>\n<meta name=\"robots\" content=\"index, follow, max-snippet:-1, max-image-preview:large, max-video-preview:-1\" \/>\n<link rel=\"canonical\" href=\"https:\/\/agenciainfra.com\/blog\/terminais-portuarios-terao-que-informar-precos-praticados-para-a-antaq\/\" \/>\n<meta property=\"og:locale\" content=\"pt_BR\" \/>\n<meta property=\"og:type\" content=\"article\" \/>\n<meta property=\"og:title\" content=\"Terminais portu\u00e1rios ter\u00e3o que informar pre\u00e7os praticados para a ANTAQ\" \/>\n<meta property=\"og:description\" content=\"Dimmi Amora,\u00a0da Ag\u00eancia iNFRA A diretoria da ANTAQ (Ag\u00eancia Nacional de Transportes Aquavi\u00e1rios) aprovou, na \u00faltima quinta-feira (11) proposta que vai obrigar terminais portu\u00e1rios arrendat\u00e1rios, operadores portu\u00e1rios e autorizat\u00e1rios a prestar informa\u00e7\u00f5es de pre\u00e7os praticados em seus servi\u00e7os. Os dados dever\u00e3o ser enviados por meio eletr\u00f4nico, em sistema pr\u00f3prio desenvolvido pela ag\u00eancia, de acordo com [&hellip;]\" \/>\n<meta property=\"og:url\" content=\"https:\/\/agenciainfra.com\/blog\/terminais-portuarios-terao-que-informar-precos-praticados-para-a-antaq\/\" \/>\n<meta property=\"og:site_name\" content=\"Ag\u00eancia iNFRA\" \/>\n<meta property=\"article:publisher\" content=\"https:\/\/www.facebook.com\/ageninfra\" \/>\n<meta property=\"article:published_time\" content=\"2019-04-17T07:00:18+00:00\" \/>\n<meta property=\"og:image\" content=\"https:\/\/agenciainfra.com\/blog\/wp-content\/uploads\/2019\/01\/porto-de-rio-grande-SUPRG.jpg\" \/>\n\t<meta property=\"og:image:width\" content=\"800\" \/>\n\t<meta property=\"og:image:height\" content=\"450\" \/>\n\t<meta property=\"og:image:type\" content=\"image\/jpeg\" \/>\n<meta name=\"author\" content=\"Rodrigo Zuquim\" \/>\n<meta name=\"twitter:card\" content=\"summary_large_image\" \/>\n<meta name=\"twitter:creator\" content=\"@agencia_infra\" \/>\n<meta name=\"twitter:site\" content=\"@agencia_infra\" \/>\n<meta name=\"twitter:label1\" content=\"Escrito por\" \/>\n\t<meta name=\"twitter:data1\" content=\"Rodrigo Zuquim\" \/>\n\t<meta name=\"twitter:label2\" content=\"Est. tempo de leitura\" \/>\n\t<meta name=\"twitter:data2\" content=\"2 minutos\" \/>\n<script type=\"application\/ld+json\" class=\"yoast-schema-graph\">{\"@context\":\"https:\/\/schema.org\",\"@graph\":[{\"@type\":\"Article\",\"@id\":\"https:\/\/agenciainfra.com\/blog\/terminais-portuarios-terao-que-informar-precos-praticados-para-a-antaq\/#article\",\"isPartOf\":{\"@id\":\"https:\/\/agenciainfra.com\/blog\/terminais-portuarios-terao-que-informar-precos-praticados-para-a-antaq\/\"},\"author\":{\"name\":\"Rodrigo Zuquim\",\"@id\":\"https:\/\/agenciainfra.com\/blog\/#\/schema\/person\/04dbb79bd6d8951f063da71f3e4c1eb1\"},\"headline\":\"Terminais portu\u00e1rios ter\u00e3o que informar pre\u00e7os praticados para a ANTAQ\",\"datePublished\":\"2019-04-17T07:00:18+00:00\",\"mainEntityOfPage\":{\"@id\":\"https:\/\/agenciainfra.com\/blog\/terminais-portuarios-terao-que-informar-precos-praticados-para-a-antaq\/\"},\"wordCount\":437,\"publisher\":{\"@id\":\"https:\/\/agenciainfra.com\/blog\/#organization\"},\"image\":{\"@id\":\"https:\/\/agenciainfra.com\/blog\/terminais-portuarios-terao-que-informar-precos-praticados-para-a-antaq\/#primaryimage\"},\"thumbnailUrl\":\"https:\/\/agenciainfra.com\/blog\/wp-content\/uploads\/2019\/01\/porto-de-rio-grande-SUPRG.jpg\",\"keywords\":[\"Adalberto Tokarski\",\"ANTAQ\",\"Francisval Mendes\",\"M\u00e1rio Povia\",\"terminais portu\u00e1rios\"],\"articleSection\":[\"iNFRATransporte\"],\"inLanguage\":\"pt-BR\",\"copyrightYear\":\"2019\",\"copyrightHolder\":{\"@id\":\"https:\/\/agenciainfra.com\/blog\/#organization\"}},{\"@type\":\"WebPage\",\"@id\":\"https:\/\/agenciainfra.com\/blog\/terminais-portuarios-terao-que-informar-precos-praticados-para-a-antaq\/\",\"url\":\"https:\/\/agenciainfra.com\/blog\/terminais-portuarios-terao-que-informar-precos-praticados-para-a-antaq\/\",\"name\":\"Terminais portu\u00e1rios ter\u00e3o que informar pre\u00e7os praticados para a ANTAQ - Ag\u00eancia iNFRA\",\"isPartOf\":{\"@id\":\"https:\/\/agenciainfra.com\/blog\/#website\"},\"primaryImageOfPage\":{\"@id\":\"https:\/\/agenciainfra.com\/blog\/terminais-portuarios-terao-que-informar-precos-praticados-para-a-antaq\/#primaryimage\"},\"image\":{\"@id\":\"https:\/\/agenciainfra.com\/blog\/terminais-portuarios-terao-que-informar-precos-praticados-para-a-antaq\/#primaryimage\"},\"thumbnailUrl\":\"https:\/\/agenciainfra.com\/blog\/wp-content\/uploads\/2019\/01\/porto-de-rio-grande-SUPRG.jpg\",\"datePublished\":\"2019-04-17T07:00:18+00:00\",\"breadcrumb\":{\"@id\":\"https:\/\/agenciainfra.com\/blog\/terminais-portuarios-terao-que-informar-precos-praticados-para-a-antaq\/#breadcrumb\"},\"inLanguage\":\"pt-BR\",\"potentialAction\":[{\"@type\":\"ReadAction\",\"target\":[\"https:\/\/agenciainfra.com\/blog\/terminais-portuarios-terao-que-informar-precos-praticados-para-a-antaq\/\"]}]},{\"@type\":\"ImageObject\",\"inLanguage\":\"pt-BR\",\"@id\":\"https:\/\/agenciainfra.com\/blog\/terminais-portuarios-terao-que-informar-precos-praticados-para-a-antaq\/#primaryimage\",\"url\":\"https:\/\/agenciainfra.com\/blog\/wp-content\/uploads\/2019\/01\/porto-de-rio-grande-SUPRG.jpg\",\"contentUrl\":\"https:\/\/agenciainfra.com\/blog\/wp-content\/uploads\/2019\/01\/porto-de-rio-grande-SUPRG.jpg\",\"width\":800,\"height\":450},{\"@type\":\"BreadcrumbList\",\"@id\":\"https:\/\/agenciainfra.com\/blog\/terminais-portuarios-terao-que-informar-precos-praticados-para-a-antaq\/#breadcrumb\",\"itemListElement\":[{\"@type\":\"ListItem\",\"position\":1,\"name\":\"In\u00edcio\",\"item\":\"https:\/\/agenciainfra.com\/blog\/\"},{\"@type\":\"ListItem\",\"position\":2,\"name\":\"Terminais portu\u00e1rios ter\u00e3o que informar pre\u00e7os praticados para a ANTAQ\"}]},{\"@type\":\"WebSite\",\"@id\":\"https:\/\/agenciainfra.com\/blog\/#website\",\"url\":\"https:\/\/agenciainfra.com\/blog\/\",\"name\":\"Ag\u00eancia iNFRA\",\"description\":\"Multiplataforma de informa\u00e7\u00e3o jornal\u00edstica refer\u00eancia na \u00e1rea de infraestrutura no Brasil!\",\"publisher\":{\"@id\":\"https:\/\/agenciainfra.com\/blog\/#organization\"},\"potentialAction\":[{\"@type\":\"SearchAction\",\"target\":{\"@type\":\"EntryPoint\",\"urlTemplate\":\"https:\/\/agenciainfra.com\/blog\/?s={search_term_string}\"},\"query-input\":{\"@type\":\"PropertyValueSpecification\",\"valueRequired\":true,\"valueName\":\"search_term_string\"}}],\"inLanguage\":\"pt-BR\"},{\"@type\":\"Organization\",\"@id\":\"https:\/\/agenciainfra.com\/blog\/#organization\",\"name\":\"Ag\u00eancia iNFRA\",\"url\":\"https:\/\/agenciainfra.com\/blog\/\",\"logo\":{\"@type\":\"ImageObject\",\"inLanguage\":\"pt-BR\",\"@id\":\"https:\/\/agenciainfra.com\/blog\/#\/schema\/logo\/image\/\",\"url\":\"https:\/\/agenciainfra.com\/blog\/wp-content\/uploads\/2023\/09\/iNFRA_5-e1761735885940.png\",\"contentUrl\":\"https:\/\/agenciainfra.com\/blog\/wp-content\/uploads\/2023\/09\/iNFRA_5-e1761735885940.png\",\"width\":1672,\"height\":454,\"caption\":\"Ag\u00eancia iNFRA\"},\"image\":{\"@id\":\"https:\/\/agenciainfra.com\/blog\/#\/schema\/logo\/image\/\"},\"sameAs\":[\"https:\/\/www.facebook.com\/ageninfra\",\"https:\/\/x.com\/agencia_infra\",\"https:\/\/www.linkedin.com\/company\/ag\u00eanciainfra\/\",\"https:\/\/www.instagram.com\/agenciainfra\/\"]},{\"@type\":\"Person\",\"@id\":\"https:\/\/agenciainfra.com\/blog\/#\/schema\/person\/04dbb79bd6d8951f063da71f3e4c1eb1\",\"name\":\"Rodrigo Zuquim\",\"image\":{\"@type\":\"ImageObject\",\"inLanguage\":\"pt-BR\",\"@id\":\"https:\/\/agenciainfra.com\/blog\/#\/schema\/person\/image\/\",\"url\":\"https:\/\/secure.gravatar.com\/avatar\/594abfe82761d620726242ff34ca472a705a4b97f16c790053a6b4c4035274d0?s=96&d=mm&r=g\",\"contentUrl\":\"https:\/\/secure.gravatar.com\/avatar\/594abfe82761d620726242ff34ca472a705a4b97f16c790053a6b4c4035274d0?s=96&d=mm&r=g\",\"caption\":\"Rodrigo Zuquim\"},\"url\":\"https:\/\/agenciainfra.com\/blog\/author\/rodrigo-zuquim\/\"}]}<\/script>\n<!-- \/ Yoast SEO Premium plugin. -->","yoast_head_json":{"title":"Terminais portu\u00e1rios ter\u00e3o que informar pre\u00e7os praticados para a ANTAQ - Ag\u00eancia iNFRA","robots":{"index":"index","follow":"follow","max-snippet":"max-snippet:-1","max-image-preview":"max-image-preview:large","max-video-preview":"max-video-preview:-1"},"canonical":"https:\/\/agenciainfra.com\/blog\/terminais-portuarios-terao-que-informar-precos-praticados-para-a-antaq\/","og_locale":"pt_BR","og_type":"article","og_title":"Terminais portu\u00e1rios ter\u00e3o que informar pre\u00e7os praticados para a ANTAQ","og_description":"Dimmi Amora,\u00a0da Ag\u00eancia iNFRA A diretoria da ANTAQ (Ag\u00eancia Nacional de Transportes Aquavi\u00e1rios) aprovou, na \u00faltima quinta-feira (11) proposta que vai obrigar terminais portu\u00e1rios arrendat\u00e1rios, operadores portu\u00e1rios e autorizat\u00e1rios a prestar informa\u00e7\u00f5es de pre\u00e7os praticados em seus servi\u00e7os. Os dados dever\u00e3o ser enviados por meio eletr\u00f4nico, em sistema pr\u00f3prio desenvolvido pela ag\u00eancia, de acordo com [&hellip;]","og_url":"https:\/\/agenciainfra.com\/blog\/terminais-portuarios-terao-que-informar-precos-praticados-para-a-antaq\/","og_site_name":"Ag\u00eancia iNFRA","article_publisher":"https:\/\/www.facebook.com\/ageninfra","article_published_time":"2019-04-17T07:00:18+00:00","og_image":[{"width":800,"height":450,"url":"https:\/\/agenciainfra.com\/blog\/wp-content\/uploads\/2019\/01\/porto-de-rio-grande-SUPRG.jpg","type":"image\/jpeg"}],"author":"Rodrigo Zuquim","twitter_card":"summary_large_image","twitter_creator":"@agencia_infra","twitter_site":"@agencia_infra","twitter_misc":{"Escrito por":"Rodrigo Zuquim","Est. tempo de leitura":"2 minutos"},"schema":{"@context":"https:\/\/schema.org","@graph":[{"@type":"Article","@id":"https:\/\/agenciainfra.com\/blog\/terminais-portuarios-terao-que-informar-precos-praticados-para-a-antaq\/#article","isPartOf":{"@id":"https:\/\/agenciainfra.com\/blog\/terminais-portuarios-terao-que-informar-precos-praticados-para-a-antaq\/"},"author":{"name":"Rodrigo Zuquim","@id":"https:\/\/agenciainfra.com\/blog\/#\/schema\/person\/04dbb79bd6d8951f063da71f3e4c1eb1"},"headline":"Terminais portu\u00e1rios ter\u00e3o que informar pre\u00e7os praticados para a ANTAQ","datePublished":"2019-04-17T07:00:18+00:00","mainEntityOfPage":{"@id":"https:\/\/agenciainfra.com\/blog\/terminais-portuarios-terao-que-informar-precos-praticados-para-a-antaq\/"},"wordCount":437,"publisher":{"@id":"https:\/\/agenciainfra.com\/blog\/#organization"},"image":{"@id":"https:\/\/agenciainfra.com\/blog\/terminais-portuarios-terao-que-informar-precos-praticados-para-a-antaq\/#primaryimage"},"thumbnailUrl":"https:\/\/agenciainfra.com\/blog\/wp-content\/uploads\/2019\/01\/porto-de-rio-grande-SUPRG.jpg","keywords":["Adalberto Tokarski","ANTAQ","Francisval Mendes","M\u00e1rio Povia","terminais portu\u00e1rios"],"articleSection":["iNFRATransporte"],"inLanguage":"pt-BR","copyrightYear":"2019","copyrightHolder":{"@id":"https:\/\/agenciainfra.com\/blog\/#organization"}},{"@type":"WebPage","@id":"https:\/\/agenciainfra.com\/blog\/terminais-portuarios-terao-que-informar-precos-praticados-para-a-antaq\/","url":"https:\/\/agenciainfra.com\/blog\/terminais-portuarios-terao-que-informar-precos-praticados-para-a-antaq\/","name":"Terminais portu\u00e1rios ter\u00e3o que informar pre\u00e7os praticados para a ANTAQ - Ag\u00eancia iNFRA","isPartOf":{"@id":"https:\/\/agenciainfra.com\/blog\/#website"},"primaryImageOfPage":{"@id":"https:\/\/agenciainfra.com\/blog\/terminais-portuarios-terao-que-informar-precos-praticados-para-a-antaq\/#primaryimage"},"image":{"@id":"https:\/\/agenciainfra.com\/blog\/terminais-portuarios-terao-que-informar-precos-praticados-para-a-antaq\/#primaryimage"},"thumbnailUrl":"https:\/\/agenciainfra.com\/blog\/wp-content\/uploads\/2019\/01\/porto-de-rio-grande-SUPRG.jpg","datePublished":"2019-04-17T07:00:18+00:00","breadcrumb":{"@id":"https:\/\/agenciainfra.com\/blog\/terminais-portuarios-terao-que-informar-precos-praticados-para-a-antaq\/#breadcrumb"},"inLanguage":"pt-BR","potentialAction":[{"@type":"ReadAction","target":["https:\/\/agenciainfra.com\/blog\/terminais-portuarios-terao-que-informar-precos-praticados-para-a-antaq\/"]}]},{"@type":"ImageObject","inLanguage":"pt-BR","@id":"https:\/\/agenciainfra.com\/blog\/terminais-portuarios-terao-que-informar-precos-praticados-para-a-antaq\/#primaryimage","url":"https:\/\/agenciainfra.com\/blog\/wp-content\/uploads\/2019\/01\/porto-de-rio-grande-SUPRG.jpg","contentUrl":"https:\/\/agenciainfra.com\/blog\/wp-content\/uploads\/2019\/01\/porto-de-rio-grande-SUPRG.jpg","width":800,"height":450},{"@type":"BreadcrumbList","@id":"https:\/\/agenciainfra.com\/blog\/terminais-portuarios-terao-que-informar-precos-praticados-para-a-antaq\/#breadcrumb","itemListElement":[{"@type":"ListItem","position":1,"name":"In\u00edcio","item":"https:\/\/agenciainfra.com\/blog\/"},{"@type":"ListItem","position":2,"name":"Terminais portu\u00e1rios ter\u00e3o que informar pre\u00e7os praticados para a ANTAQ"}]},{"@type":"WebSite","@id":"https:\/\/agenciainfra.com\/blog\/#website","url":"https:\/\/agenciainfra.com\/blog\/","name":"Ag\u00eancia iNFRA","description":"Multiplataforma de informa\u00e7\u00e3o jornal\u00edstica refer\u00eancia na \u00e1rea de infraestrutura no Brasil!","publisher":{"@id":"https:\/\/agenciainfra.com\/blog\/#organization"},"potentialAction":[{"@type":"SearchAction","target":{"@type":"EntryPoint","urlTemplate":"https:\/\/agenciainfra.com\/blog\/?s={search_term_string}"},"query-input":{"@type":"PropertyValueSpecification","valueRequired":true,"valueName":"search_term_string"}}],"inLanguage":"pt-BR"},{"@type":"Organization","@id":"https:\/\/agenciainfra.com\/blog\/#organization","name":"Ag\u00eancia iNFRA","url":"https:\/\/agenciainfra.com\/blog\/","logo":{"@type":"ImageObject","inLanguage":"pt-BR","@id":"https:\/\/agenciainfra.com\/blog\/#\/schema\/logo\/image\/","url":"https:\/\/agenciainfra.com\/blog\/wp-content\/uploads\/2023\/09\/iNFRA_5-e1761735885940.png","contentUrl":"https:\/\/agenciainfra.com\/blog\/wp-content\/uploads\/2023\/09\/iNFRA_5-e1761735885940.png","width":1672,"height":454,"caption":"Ag\u00eancia iNFRA"},"image":{"@id":"https:\/\/agenciainfra.com\/blog\/#\/schema\/logo\/image\/"},"sameAs":["https:\/\/www.facebook.com\/ageninfra","https:\/\/x.com\/agencia_infra","https:\/\/www.linkedin.com\/company\/ag\u00eanciainfra\/","https:\/\/www.instagram.com\/agenciainfra\/"]},{"@type":"Person","@id":"https:\/\/agenciainfra.com\/blog\/#\/schema\/person\/04dbb79bd6d8951f063da71f3e4c1eb1","name":"Rodrigo Zuquim","image":{"@type":"ImageObject","inLanguage":"pt-BR","@id":"https:\/\/agenciainfra.com\/blog\/#\/schema\/person\/image\/","url":"https:\/\/secure.gravatar.com\/avatar\/594abfe82761d620726242ff34ca472a705a4b97f16c790053a6b4c4035274d0?s=96&d=mm&r=g","contentUrl":"https:\/\/secure.gravatar.com\/avatar\/594abfe82761d620726242ff34ca472a705a4b97f16c790053a6b4c4035274d0?s=96&d=mm&r=g","caption":"Rodrigo Zuquim"},"url":"https:\/\/agenciainfra.com\/blog\/author\/rodrigo-zuquim\/"}]}},"_links":{"self":[{"href":"https:\/\/agenciainfra.com\/blog\/wp-json\/wp\/v2\/posts\/3096","targetHints":{"allow":["GET"]}}],"collection":[{"href":"https:\/\/agenciainfra.com\/blog\/wp-json\/wp\/v2\/posts"}],"about":[{"href":"https:\/\/agenciainfra.com\/blog\/wp-json\/wp\/v2\/types\/post"}],"author":[{"embeddable":true,"href":"https:\/\/agenciainfra.com\/blog\/wp-json\/wp\/v2\/users\/9"}],"replies":[{"embeddable":true,"href":"https:\/\/agenciainfra.com\/blog\/wp-json\/wp\/v2\/comments?post=3096"}],"version-history":[{"count":0,"href":"https:\/\/agenciainfra.com\/blog\/wp-json\/wp\/v2\/posts\/3096\/revisions"}],"wp:featuredmedia":[{"embeddable":true,"href":"https:\/\/agenciainfra.com\/blog\/wp-json\/wp\/v2\/media\/2801"}],"wp:attachment":[{"href":"https:\/\/agenciainfra.com\/blog\/wp-json\/wp\/v2\/media?parent=3096"}],"wp:term":[{"taxonomy":"category","embeddable":true,"href":"https:\/\/agenciainfra.com\/blog\/wp-json\/wp\/v2\/categories?post=3096"},{"taxonomy":"post_tag","embeddable":true,"href":"https:\/\/agenciainfra.com\/blog\/wp-json\/wp\/v2\/tags?post=3096"}],"curies":[{"name":"wp","href":"https:\/\/api.w.org\/{rel}","templated":true}]}}