{"id":30962,"date":"2025-10-29T12:34:06","date_gmt":"2025-10-29T15:34:06","guid":{"rendered":"https:\/\/agenciainfra.com\/blog\/?p=30962"},"modified":"2025-10-29T12:34:58","modified_gmt":"2025-10-29T15:34:58","slug":"apagao-em-14-de-outubro-afetou-11-da-demanda-de-energia-diz-ons","status":"publish","type":"post","link":"https:\/\/agenciainfra.com\/blog\/apagao-em-14-de-outubro-afetou-11-da-demanda-de-energia-diz-ons\/","title":{"rendered":"Apag\u00e3o em 14 de outubro afetou 11% da demanda de energia, diz ONS"},"content":{"rendered":"\n<p class=\"has-text-align-right\"><strong>da Ag\u00eancia Nacional<\/strong><\/p>\n\n\n\n<p>O apag\u00e3o de energia que impactou todas as regi\u00f5es do pa\u00eds em 14 de outubro atingiu 11% da demanda nacional \u00e0 0h31, hor\u00e1rio da ocorr\u00eancia, de acordo com an\u00e1lises apresentadas pelo ONS (Operador Nacional do Sistema El\u00e9trico), ap\u00f3s reuni\u00e3o com agentes do setor el\u00e9trico nesta ter\u00e7a-feira (28).<\/p>\n\n\n\n<p>As an\u00e1lises conclu\u00edram que houve uma interrup\u00e7\u00e3o de carga de 8.199 MW, o que equivale a 11% da demanda naquele minuto. Segundo o relat\u00f3rio, 99% da energia j\u00e1 havia sido recomposta \u00e0 1h43 em todos os quatro subsistemas.<\/p>\n\n\n\n<p>Esta foi a segunda reuni\u00e3o realizada pelo ONS para subsidiar a elabora\u00e7\u00e3o do RAP (Relat\u00f3rio de An\u00e1lise de Perturba\u00e7\u00e3o) sobre a ocorr\u00eancia. Participaram mais de 260 profissionais, entre agentes envolvidos na perturba\u00e7\u00e3o, e representantes do MME (Minist\u00e9rio de Minas e Energia) e da ANEEL (Ag\u00eancia Nacional de Energia El\u00e9trica).<\/p>\n\n\n\n<p>Em nota, o ONS descreve a perturba\u00e7\u00e3o, que &#8220;teve in\u00edcio na madrugada de 14 de outubro, com um inc\u00eandio no reator de linha da LT 525 kV Bateias \u2013\u00a0Ibi\u00fana circuito 2, na subesta\u00e7\u00e3o de Bateias, no Paran\u00e1&#8221;. &#8220;Em fun\u00e7\u00e3o do inc\u00eandio houve inicialmente um curto-circuito no reator que foi extinto por atua\u00e7\u00e3o de sua prote\u00e7\u00e3o. No entanto, a falha acabou se propagando para o barramento da subesta\u00e7\u00e3o de Bateias. N\u00e3o havendo atua\u00e7\u00e3o do sistema de prote\u00e7\u00e3o no instante inicial, ocorreram desligamentos m\u00faltiplos na instala\u00e7\u00e3o de 525 kV. Como consequ\u00eancia, houve a desconex\u00e3o do subsistema Sul com o restante do pa\u00eds&#8221;, recapitula o \u00f3rg\u00e3o.<\/p>\n\n\n\n<p>Os registros indicam que 1.371 munic\u00edpios foram afetados pela ocorr\u00eancia, incluindo 19 capitais. A regi\u00e3o Sudeste foi a mais afetada (4.132 MW), seguida por Nordeste (1.780 MW), Centro-Oeste (1.330 MW), Norte (673 MW) e Sul (283 MW). O restabelecimento das cargas foi iniciado dois minutos ap\u00f3s o in\u00edcio da perturba\u00e7\u00e3o. A regi\u00e3o Sul foi conectada ao restante do SIN (Sistema Interligado Nacional) \u00e0 1h28, o que possibilitou agilizar a recomposi\u00e7\u00e3o das demais cargas.<\/p>\n\n\n\n<p>Ap\u00f3s a conclus\u00e3o da elabora\u00e7\u00e3o da minuta do RAP, o ONS encaminhar\u00e1 o texto aos agentes envolvidos, \u00e0 ANEEL e ao MME, que poder\u00e3o enviar contribui\u00e7\u00f5es para a consolida\u00e7\u00e3o do relat\u00f3rio final.<\/p>\n","protected":false},"excerpt":{"rendered":"<p>da Ag\u00eancia Nacional O apag\u00e3o de energia que impactou todas as regi\u00f5es do pa\u00eds em 14 de outubro atingiu 11% da demanda nacional \u00e0 0h31, hor\u00e1rio da ocorr\u00eancia, de acordo com an\u00e1lises apresentadas pelo ONS (Operador Nacional do Sistema El\u00e9trico), ap\u00f3s reuni\u00e3o com agentes do setor el\u00e9trico nesta ter\u00e7a-feira (28). As an\u00e1lises conclu\u00edram que houve [&hellip;]<\/p>\n","protected":false},"author":1,"featured_media":30963,"comment_status":"closed","ping_status":"closed","sticky":false,"template":"","format":"standard","meta":{"_monsterinsights_skip_tracking":false,"_monsterinsights_sitenote_active":false,"_monsterinsights_sitenote_note":"","_monsterinsights_sitenote_category":0,"footnotes":""},"categories":[13576],"tags":[16266,53,3002,96,216,12943,16054],"class_list":["post-30962","post","type-post","status-publish","format-standard","has-post-thumbnail","hentry","category-giro-infra","tag-14-de-outubro","tag-aneel","tag-apagao","tag-ministerio-de-minas-e-energia","tag-ons","tag-relatorio-de-analise-de-perturbacao","tag-subestacao-de-bateias"],"yoast_head":"<!-- This site is optimized with the Yoast SEO Premium plugin v25.4 (Yoast SEO v26.0) - https:\/\/yoast.com\/wordpress\/plugins\/seo\/ -->\n<title>Apag\u00e3o em 14 de outubro afetou 11% da demanda de energia, diz ONS - Ag\u00eancia iNFRA<\/title>\n<meta name=\"robots\" content=\"index, follow, max-snippet:-1, max-image-preview:large, max-video-preview:-1\" \/>\n<link rel=\"canonical\" href=\"https:\/\/agenciainfra.com\/blog\/apagao-em-14-de-outubro-afetou-11-da-demanda-de-energia-diz-ons\/\" \/>\n<meta property=\"og:locale\" content=\"pt_BR\" \/>\n<meta property=\"og:type\" content=\"article\" \/>\n<meta property=\"og:title\" content=\"Apag\u00e3o em 14 de outubro afetou 11% da demanda de energia, diz ONS\" \/>\n<meta property=\"og:description\" content=\"da Ag\u00eancia Nacional O apag\u00e3o de energia que impactou todas as regi\u00f5es do pa\u00eds em 14 de outubro atingiu 11% da demanda nacional \u00e0 0h31, hor\u00e1rio da ocorr\u00eancia, de acordo com an\u00e1lises apresentadas pelo ONS (Operador Nacional do Sistema El\u00e9trico), ap\u00f3s reuni\u00e3o com agentes do setor el\u00e9trico nesta ter\u00e7a-feira (28). As an\u00e1lises conclu\u00edram que houve [&hellip;]\" \/>\n<meta property=\"og:url\" content=\"https:\/\/agenciainfra.com\/blog\/apagao-em-14-de-outubro-afetou-11-da-demanda-de-energia-diz-ons\/\" \/>\n<meta property=\"og:site_name\" content=\"Ag\u00eancia iNFRA\" \/>\n<meta property=\"article:publisher\" content=\"https:\/\/www.facebook.com\/ageninfra\" \/>\n<meta property=\"article:published_time\" content=\"2025-10-29T15:34:06+00:00\" \/>\n<meta property=\"article:modified_time\" content=\"2025-10-29T15:34:58+00:00\" \/>\n<meta property=\"og:image\" content=\"https:\/\/agenciainfra.com\/blog\/wp-content\/uploads\/2025\/10\/apagao-foto-paulo-pinto-agencia-brasil.jpeg\" \/>\n\t<meta property=\"og:image:width\" content=\"1170\" \/>\n\t<meta property=\"og:image:height\" content=\"700\" \/>\n\t<meta property=\"og:image:type\" content=\"image\/jpeg\" \/>\n<meta name=\"author\" content=\"Ag\u00eancia iNFRA\" \/>\n<meta name=\"twitter:card\" content=\"summary_large_image\" \/>\n<meta name=\"twitter:creator\" content=\"@agencia_infra\" \/>\n<meta name=\"twitter:site\" content=\"@agencia_infra\" \/>\n<meta name=\"twitter:label1\" content=\"Escrito por\" \/>\n\t<meta name=\"twitter:data1\" content=\"Ag\u00eancia iNFRA\" \/>\n\t<meta name=\"twitter:label2\" content=\"Est. tempo de leitura\" \/>\n\t<meta name=\"twitter:data2\" content=\"2 minutos\" \/>\n<script type=\"application\/ld+json\" class=\"yoast-schema-graph\">{\"@context\":\"https:\/\/schema.org\",\"@graph\":[{\"@type\":\"Article\",\"@id\":\"https:\/\/agenciainfra.com\/blog\/apagao-em-14-de-outubro-afetou-11-da-demanda-de-energia-diz-ons\/#article\",\"isPartOf\":{\"@id\":\"https:\/\/agenciainfra.com\/blog\/apagao-em-14-de-outubro-afetou-11-da-demanda-de-energia-diz-ons\/\"},\"author\":{\"name\":\"Ag\u00eancia iNFRA\",\"@id\":\"https:\/\/agenciainfra.com\/blog\/#\/schema\/person\/34af08dff6adea4cb22b06612ba7acfa\"},\"headline\":\"Apag\u00e3o em 14 de outubro afetou 11% da demanda de energia, diz ONS\",\"datePublished\":\"2025-10-29T15:34:06+00:00\",\"dateModified\":\"2025-10-29T15:34:58+00:00\",\"mainEntityOfPage\":{\"@id\":\"https:\/\/agenciainfra.com\/blog\/apagao-em-14-de-outubro-afetou-11-da-demanda-de-energia-diz-ons\/\"},\"wordCount\":395,\"publisher\":{\"@id\":\"https:\/\/agenciainfra.com\/blog\/#organization\"},\"image\":{\"@id\":\"https:\/\/agenciainfra.com\/blog\/apagao-em-14-de-outubro-afetou-11-da-demanda-de-energia-diz-ons\/#primaryimage\"},\"thumbnailUrl\":\"https:\/\/agenciainfra.com\/blog\/wp-content\/uploads\/2025\/10\/apagao-foto-paulo-pinto-agencia-brasil.jpeg\",\"keywords\":[\"14 de outubro\",\"ANEEL\",\"apag\u00e3o\",\"Minist\u00e9rio de Minas e Energia\",\"ONS\",\"relat\u00f3rio de an\u00e1lise de perturba\u00e7\u00e3o\",\"subesta\u00e7\u00e3o de bateias\"],\"articleSection\":[\"Giro iNFRA\"],\"inLanguage\":\"pt-BR\",\"copyrightYear\":\"2025\",\"copyrightHolder\":{\"@id\":\"https:\/\/agenciainfra.com\/blog\/#organization\"}},{\"@type\":\"WebPage\",\"@id\":\"https:\/\/agenciainfra.com\/blog\/apagao-em-14-de-outubro-afetou-11-da-demanda-de-energia-diz-ons\/\",\"url\":\"https:\/\/agenciainfra.com\/blog\/apagao-em-14-de-outubro-afetou-11-da-demanda-de-energia-diz-ons\/\",\"name\":\"Apag\u00e3o em 14 de outubro afetou 11% da demanda de energia, diz ONS - Ag\u00eancia iNFRA\",\"isPartOf\":{\"@id\":\"https:\/\/agenciainfra.com\/blog\/#website\"},\"primaryImageOfPage\":{\"@id\":\"https:\/\/agenciainfra.com\/blog\/apagao-em-14-de-outubro-afetou-11-da-demanda-de-energia-diz-ons\/#primaryimage\"},\"image\":{\"@id\":\"https:\/\/agenciainfra.com\/blog\/apagao-em-14-de-outubro-afetou-11-da-demanda-de-energia-diz-ons\/#primaryimage\"},\"thumbnailUrl\":\"https:\/\/agenciainfra.com\/blog\/wp-content\/uploads\/2025\/10\/apagao-foto-paulo-pinto-agencia-brasil.jpeg\",\"datePublished\":\"2025-10-29T15:34:06+00:00\",\"dateModified\":\"2025-10-29T15:34:58+00:00\",\"breadcrumb\":{\"@id\":\"https:\/\/agenciainfra.com\/blog\/apagao-em-14-de-outubro-afetou-11-da-demanda-de-energia-diz-ons\/#breadcrumb\"},\"inLanguage\":\"pt-BR\",\"potentialAction\":[{\"@type\":\"ReadAction\",\"target\":[\"https:\/\/agenciainfra.com\/blog\/apagao-em-14-de-outubro-afetou-11-da-demanda-de-energia-diz-ons\/\"]}]},{\"@type\":\"ImageObject\",\"inLanguage\":\"pt-BR\",\"@id\":\"https:\/\/agenciainfra.com\/blog\/apagao-em-14-de-outubro-afetou-11-da-demanda-de-energia-diz-ons\/#primaryimage\",\"url\":\"https:\/\/agenciainfra.com\/blog\/wp-content\/uploads\/2025\/10\/apagao-foto-paulo-pinto-agencia-brasil.jpeg\",\"contentUrl\":\"https:\/\/agenciainfra.com\/blog\/wp-content\/uploads\/2025\/10\/apagao-foto-paulo-pinto-agencia-brasil.jpeg\",\"width\":1170,\"height\":700,\"caption\":\"Foto: Paulo Pinto\/Ag\u00eancia Brasil\"},{\"@type\":\"BreadcrumbList\",\"@id\":\"https:\/\/agenciainfra.com\/blog\/apagao-em-14-de-outubro-afetou-11-da-demanda-de-energia-diz-ons\/#breadcrumb\",\"itemListElement\":[{\"@type\":\"ListItem\",\"position\":1,\"name\":\"In\u00edcio\",\"item\":\"https:\/\/agenciainfra.com\/blog\/\"},{\"@type\":\"ListItem\",\"position\":2,\"name\":\"Apag\u00e3o em 14 de outubro afetou 11% da demanda de energia, diz ONS\"}]},{\"@type\":\"WebSite\",\"@id\":\"https:\/\/agenciainfra.com\/blog\/#website\",\"url\":\"https:\/\/agenciainfra.com\/blog\/\",\"name\":\"Ag\u00eancia iNFRA\",\"description\":\"Multiplataforma de informa\u00e7\u00e3o jornal\u00edstica refer\u00eancia na \u00e1rea de infraestrutura no Brasil!\",\"publisher\":{\"@id\":\"https:\/\/agenciainfra.com\/blog\/#organization\"},\"potentialAction\":[{\"@type\":\"SearchAction\",\"target\":{\"@type\":\"EntryPoint\",\"urlTemplate\":\"https:\/\/agenciainfra.com\/blog\/?s={search_term_string}\"},\"query-input\":{\"@type\":\"PropertyValueSpecification\",\"valueRequired\":true,\"valueName\":\"search_term_string\"}}],\"inLanguage\":\"pt-BR\"},{\"@type\":\"Organization\",\"@id\":\"https:\/\/agenciainfra.com\/blog\/#organization\",\"name\":\"Ag\u00eancia iNFRA\",\"url\":\"https:\/\/agenciainfra.com\/blog\/\",\"logo\":{\"@type\":\"ImageObject\",\"inLanguage\":\"pt-BR\",\"@id\":\"https:\/\/agenciainfra.com\/blog\/#\/schema\/logo\/image\/\",\"url\":\"https:\/\/agenciainfra.com\/blog\/wp-content\/uploads\/2023\/09\/iNFRA_5-e1761735885940.png\",\"contentUrl\":\"https:\/\/agenciainfra.com\/blog\/wp-content\/uploads\/2023\/09\/iNFRA_5-e1761735885940.png\",\"width\":1672,\"height\":454,\"caption\":\"Ag\u00eancia iNFRA\"},\"image\":{\"@id\":\"https:\/\/agenciainfra.com\/blog\/#\/schema\/logo\/image\/\"},\"sameAs\":[\"https:\/\/www.facebook.com\/ageninfra\",\"https:\/\/x.com\/agencia_infra\",\"https:\/\/www.linkedin.com\/company\/ag\u00eanciainfra\/\",\"https:\/\/www.instagram.com\/agenciainfra\/\"]},{\"@type\":\"Person\",\"@id\":\"https:\/\/agenciainfra.com\/blog\/#\/schema\/person\/34af08dff6adea4cb22b06612ba7acfa\",\"name\":\"Ag\u00eancia iNFRA\",\"image\":{\"@type\":\"ImageObject\",\"inLanguage\":\"pt-BR\",\"@id\":\"https:\/\/agenciainfra.com\/blog\/#\/schema\/person\/image\/\",\"url\":\"https:\/\/secure.gravatar.com\/avatar\/d189e01678f06d8eb84d4e01f08eb848b3fffe3f8443818d3c356c66892f5be8?s=96&d=mm&r=g\",\"contentUrl\":\"https:\/\/secure.gravatar.com\/avatar\/d189e01678f06d8eb84d4e01f08eb848b3fffe3f8443818d3c356c66892f5be8?s=96&d=mm&r=g\",\"caption\":\"Ag\u00eancia iNFRA\"},\"url\":\"https:\/\/agenciainfra.com\/blog\/author\/admin\/\"}]}<\/script>\n<!-- \/ Yoast SEO Premium plugin. -->","yoast_head_json":{"title":"Apag\u00e3o em 14 de outubro afetou 11% da demanda de energia, diz ONS - Ag\u00eancia iNFRA","robots":{"index":"index","follow":"follow","max-snippet":"max-snippet:-1","max-image-preview":"max-image-preview:large","max-video-preview":"max-video-preview:-1"},"canonical":"https:\/\/agenciainfra.com\/blog\/apagao-em-14-de-outubro-afetou-11-da-demanda-de-energia-diz-ons\/","og_locale":"pt_BR","og_type":"article","og_title":"Apag\u00e3o em 14 de outubro afetou 11% da demanda de energia, diz ONS","og_description":"da Ag\u00eancia Nacional O apag\u00e3o de energia que impactou todas as regi\u00f5es do pa\u00eds em 14 de outubro atingiu 11% da demanda nacional \u00e0 0h31, hor\u00e1rio da ocorr\u00eancia, de acordo com an\u00e1lises apresentadas pelo ONS (Operador Nacional do Sistema El\u00e9trico), ap\u00f3s reuni\u00e3o com agentes do setor el\u00e9trico nesta ter\u00e7a-feira (28). As an\u00e1lises conclu\u00edram que houve [&hellip;]","og_url":"https:\/\/agenciainfra.com\/blog\/apagao-em-14-de-outubro-afetou-11-da-demanda-de-energia-diz-ons\/","og_site_name":"Ag\u00eancia iNFRA","article_publisher":"https:\/\/www.facebook.com\/ageninfra","article_published_time":"2025-10-29T15:34:06+00:00","article_modified_time":"2025-10-29T15:34:58+00:00","og_image":[{"width":1170,"height":700,"url":"https:\/\/agenciainfra.com\/blog\/wp-content\/uploads\/2025\/10\/apagao-foto-paulo-pinto-agencia-brasil.jpeg","type":"image\/jpeg"}],"author":"Ag\u00eancia iNFRA","twitter_card":"summary_large_image","twitter_creator":"@agencia_infra","twitter_site":"@agencia_infra","twitter_misc":{"Escrito por":"Ag\u00eancia iNFRA","Est. tempo de leitura":"2 minutos"},"schema":{"@context":"https:\/\/schema.org","@graph":[{"@type":"Article","@id":"https:\/\/agenciainfra.com\/blog\/apagao-em-14-de-outubro-afetou-11-da-demanda-de-energia-diz-ons\/#article","isPartOf":{"@id":"https:\/\/agenciainfra.com\/blog\/apagao-em-14-de-outubro-afetou-11-da-demanda-de-energia-diz-ons\/"},"author":{"name":"Ag\u00eancia iNFRA","@id":"https:\/\/agenciainfra.com\/blog\/#\/schema\/person\/34af08dff6adea4cb22b06612ba7acfa"},"headline":"Apag\u00e3o em 14 de outubro afetou 11% da demanda de energia, diz ONS","datePublished":"2025-10-29T15:34:06+00:00","dateModified":"2025-10-29T15:34:58+00:00","mainEntityOfPage":{"@id":"https:\/\/agenciainfra.com\/blog\/apagao-em-14-de-outubro-afetou-11-da-demanda-de-energia-diz-ons\/"},"wordCount":395,"publisher":{"@id":"https:\/\/agenciainfra.com\/blog\/#organization"},"image":{"@id":"https:\/\/agenciainfra.com\/blog\/apagao-em-14-de-outubro-afetou-11-da-demanda-de-energia-diz-ons\/#primaryimage"},"thumbnailUrl":"https:\/\/agenciainfra.com\/blog\/wp-content\/uploads\/2025\/10\/apagao-foto-paulo-pinto-agencia-brasil.jpeg","keywords":["14 de outubro","ANEEL","apag\u00e3o","Minist\u00e9rio de Minas e Energia","ONS","relat\u00f3rio de an\u00e1lise de perturba\u00e7\u00e3o","subesta\u00e7\u00e3o de bateias"],"articleSection":["Giro iNFRA"],"inLanguage":"pt-BR","copyrightYear":"2025","copyrightHolder":{"@id":"https:\/\/agenciainfra.com\/blog\/#organization"}},{"@type":"WebPage","@id":"https:\/\/agenciainfra.com\/blog\/apagao-em-14-de-outubro-afetou-11-da-demanda-de-energia-diz-ons\/","url":"https:\/\/agenciainfra.com\/blog\/apagao-em-14-de-outubro-afetou-11-da-demanda-de-energia-diz-ons\/","name":"Apag\u00e3o em 14 de outubro afetou 11% da demanda de energia, diz ONS - Ag\u00eancia iNFRA","isPartOf":{"@id":"https:\/\/agenciainfra.com\/blog\/#website"},"primaryImageOfPage":{"@id":"https:\/\/agenciainfra.com\/blog\/apagao-em-14-de-outubro-afetou-11-da-demanda-de-energia-diz-ons\/#primaryimage"},"image":{"@id":"https:\/\/agenciainfra.com\/blog\/apagao-em-14-de-outubro-afetou-11-da-demanda-de-energia-diz-ons\/#primaryimage"},"thumbnailUrl":"https:\/\/agenciainfra.com\/blog\/wp-content\/uploads\/2025\/10\/apagao-foto-paulo-pinto-agencia-brasil.jpeg","datePublished":"2025-10-29T15:34:06+00:00","dateModified":"2025-10-29T15:34:58+00:00","breadcrumb":{"@id":"https:\/\/agenciainfra.com\/blog\/apagao-em-14-de-outubro-afetou-11-da-demanda-de-energia-diz-ons\/#breadcrumb"},"inLanguage":"pt-BR","potentialAction":[{"@type":"ReadAction","target":["https:\/\/agenciainfra.com\/blog\/apagao-em-14-de-outubro-afetou-11-da-demanda-de-energia-diz-ons\/"]}]},{"@type":"ImageObject","inLanguage":"pt-BR","@id":"https:\/\/agenciainfra.com\/blog\/apagao-em-14-de-outubro-afetou-11-da-demanda-de-energia-diz-ons\/#primaryimage","url":"https:\/\/agenciainfra.com\/blog\/wp-content\/uploads\/2025\/10\/apagao-foto-paulo-pinto-agencia-brasil.jpeg","contentUrl":"https:\/\/agenciainfra.com\/blog\/wp-content\/uploads\/2025\/10\/apagao-foto-paulo-pinto-agencia-brasil.jpeg","width":1170,"height":700,"caption":"Foto: Paulo Pinto\/Ag\u00eancia Brasil"},{"@type":"BreadcrumbList","@id":"https:\/\/agenciainfra.com\/blog\/apagao-em-14-de-outubro-afetou-11-da-demanda-de-energia-diz-ons\/#breadcrumb","itemListElement":[{"@type":"ListItem","position":1,"name":"In\u00edcio","item":"https:\/\/agenciainfra.com\/blog\/"},{"@type":"ListItem","position":2,"name":"Apag\u00e3o em 14 de outubro afetou 11% da demanda de energia, diz ONS"}]},{"@type":"WebSite","@id":"https:\/\/agenciainfra.com\/blog\/#website","url":"https:\/\/agenciainfra.com\/blog\/","name":"Ag\u00eancia iNFRA","description":"Multiplataforma de informa\u00e7\u00e3o jornal\u00edstica refer\u00eancia na \u00e1rea de infraestrutura no Brasil!","publisher":{"@id":"https:\/\/agenciainfra.com\/blog\/#organization"},"potentialAction":[{"@type":"SearchAction","target":{"@type":"EntryPoint","urlTemplate":"https:\/\/agenciainfra.com\/blog\/?s={search_term_string}"},"query-input":{"@type":"PropertyValueSpecification","valueRequired":true,"valueName":"search_term_string"}}],"inLanguage":"pt-BR"},{"@type":"Organization","@id":"https:\/\/agenciainfra.com\/blog\/#organization","name":"Ag\u00eancia iNFRA","url":"https:\/\/agenciainfra.com\/blog\/","logo":{"@type":"ImageObject","inLanguage":"pt-BR","@id":"https:\/\/agenciainfra.com\/blog\/#\/schema\/logo\/image\/","url":"https:\/\/agenciainfra.com\/blog\/wp-content\/uploads\/2023\/09\/iNFRA_5-e1761735885940.png","contentUrl":"https:\/\/agenciainfra.com\/blog\/wp-content\/uploads\/2023\/09\/iNFRA_5-e1761735885940.png","width":1672,"height":454,"caption":"Ag\u00eancia iNFRA"},"image":{"@id":"https:\/\/agenciainfra.com\/blog\/#\/schema\/logo\/image\/"},"sameAs":["https:\/\/www.facebook.com\/ageninfra","https:\/\/x.com\/agencia_infra","https:\/\/www.linkedin.com\/company\/ag\u00eanciainfra\/","https:\/\/www.instagram.com\/agenciainfra\/"]},{"@type":"Person","@id":"https:\/\/agenciainfra.com\/blog\/#\/schema\/person\/34af08dff6adea4cb22b06612ba7acfa","name":"Ag\u00eancia iNFRA","image":{"@type":"ImageObject","inLanguage":"pt-BR","@id":"https:\/\/agenciainfra.com\/blog\/#\/schema\/person\/image\/","url":"https:\/\/secure.gravatar.com\/avatar\/d189e01678f06d8eb84d4e01f08eb848b3fffe3f8443818d3c356c66892f5be8?s=96&d=mm&r=g","contentUrl":"https:\/\/secure.gravatar.com\/avatar\/d189e01678f06d8eb84d4e01f08eb848b3fffe3f8443818d3c356c66892f5be8?s=96&d=mm&r=g","caption":"Ag\u00eancia iNFRA"},"url":"https:\/\/agenciainfra.com\/blog\/author\/admin\/"}]}},"_links":{"self":[{"href":"https:\/\/agenciainfra.com\/blog\/wp-json\/wp\/v2\/posts\/30962","targetHints":{"allow":["GET"]}}],"collection":[{"href":"https:\/\/agenciainfra.com\/blog\/wp-json\/wp\/v2\/posts"}],"about":[{"href":"https:\/\/agenciainfra.com\/blog\/wp-json\/wp\/v2\/types\/post"}],"author":[{"embeddable":true,"href":"https:\/\/agenciainfra.com\/blog\/wp-json\/wp\/v2\/users\/1"}],"replies":[{"embeddable":true,"href":"https:\/\/agenciainfra.com\/blog\/wp-json\/wp\/v2\/comments?post=30962"}],"version-history":[{"count":1,"href":"https:\/\/agenciainfra.com\/blog\/wp-json\/wp\/v2\/posts\/30962\/revisions"}],"predecessor-version":[{"id":30964,"href":"https:\/\/agenciainfra.com\/blog\/wp-json\/wp\/v2\/posts\/30962\/revisions\/30964"}],"wp:featuredmedia":[{"embeddable":true,"href":"https:\/\/agenciainfra.com\/blog\/wp-json\/wp\/v2\/media\/30963"}],"wp:attachment":[{"href":"https:\/\/agenciainfra.com\/blog\/wp-json\/wp\/v2\/media?parent=30962"}],"wp:term":[{"taxonomy":"category","embeddable":true,"href":"https:\/\/agenciainfra.com\/blog\/wp-json\/wp\/v2\/categories?post=30962"},{"taxonomy":"post_tag","embeddable":true,"href":"https:\/\/agenciainfra.com\/blog\/wp-json\/wp\/v2\/tags?post=30962"}],"curies":[{"name":"wp","href":"https:\/\/api.w.org\/{rel}","templated":true}]}}