{"id":30965,"date":"2025-10-29T13:00:03","date_gmt":"2025-10-29T16:00:03","guid":{"rendered":"https:\/\/agenciainfra.com\/blog\/?p=30965"},"modified":"2025-10-30T09:30:11","modified_gmt":"2025-10-30T12:30:11","slug":"ministerio-anuncia-estudo-de-arrendamento-definitivo-do-porto-de-itajai","status":"publish","type":"post","link":"https:\/\/agenciainfra.com\/blog\/ministerio-anuncia-estudo-de-arrendamento-definitivo-do-porto-de-itajai\/","title":{"rendered":"Minist\u00e9rio anuncia estudo de arrendamento definitivo do Porto de Itaja\u00ed"},"content":{"rendered":"\n<p class=\"has-text-align-right\"><strong>Mar\u00edlia Sena, da Ag\u00eancia iNFRA<\/strong><\/p>\n\n\n\n<p>O ministro de Portos e Aeroportos, Silvio Costa Filho, deve anunciar nesta quarta-feira (29) o lan\u00e7amento dos estudos para o arrendamento definitivo do Porto de Itaja\u00ed (SC). O contrato tempor\u00e1rio est\u00e1 em vigor h\u00e1 dois anos e j\u00e1 h\u00e1 cobran\u00e7a pelo encerramento desse compromisso transit\u00f3rio. O an\u00fancio est\u00e1 previsto para ser feito durante a cerim\u00f4nia de premia\u00e7\u00e3o da primeira edi\u00e7\u00e3o do Navegue + Brasil, em Bras\u00edlia.<\/p>\n\n\n\n<p>Em 2023, a ANTAQ&nbsp;(Ag\u00eancia Nacional de Transportes Aquavi\u00e1rios) licitou um modelo de arrendamento transit\u00f3rio com o objetivo de retomar as opera\u00e7\u00f5es at\u00e9 a realiza\u00e7\u00e3o da concess\u00e3o definitiva. O prazo para esse arrendamento era de dois anos, prorrog\u00e1vel por mais dois anos, em caso de necessidade. Passaram-se dois anos e, at\u00e9 o momento, n\u00e3o houve sequer a apresenta\u00e7\u00e3o da proposta final para esse arrendamento.&nbsp;<\/p>\n\n\n\n<p>O edital do arrendamento transit\u00f3rio de 2023 estipulou que o vencedor deve pagar um valor por TEU movimentado e por tonelada de carga geral, al\u00e9m de assumir volumes m\u00ednimos de movimenta\u00e7\u00e3o, como forma de garantir retorno operacional imediato. A&nbsp;JBS Terminais, que adquiriu a opera\u00e7\u00e3o ap\u00f3s a licita\u00e7\u00e3o, recuperou a movimenta\u00e7\u00e3o de cont\u00eaineres no porto, que ficou praticamente zerada a partir da sa\u00edda da operadora anterior em 2022.<\/p>\n\n\n\n<p>Mas a arrendat\u00e1ria provis\u00f3ria n\u00e3o vem cumprindo o volume m\u00ednimo previsto no contrato de movimenta\u00e7\u00e3o de cont\u00eaineres, de acordo com informa\u00e7\u00f5es de documentos da ag\u00eancia. O contrato prev\u00ea uma cl\u00e1usula de pagamento de multa em caso de descumprimento da movimenta\u00e7\u00e3o m\u00ednima, o que a empresa est\u00e1 pagando.<\/p>\n\n\n\n<p>O arrendamento definitivo dever\u00e1 vigorar por 35 anos e viabilizar investimentos da ordem de R$ 2,8 bilh\u00f5es, incluindo a dragagem do canal, a expans\u00e3o dos terminais e a moderniza\u00e7\u00e3o dos equipamentos. Na \u00faltima semana, o Minist\u00e9rio de Portos e Aeroportos iniciou tratativas com a Codeba (Companhia Docas da Bahia) sobre a possibilidade de o Porto de Itaja\u00ed ser administrado pela autoridade portu\u00e1ria baiana at\u00e9 a cria\u00e7\u00e3o da Companhia Docas de Santa Catarina.<\/p>\n\n\n\n<p>Atualmente, o Porto de Itaja\u00ed est\u00e1 sob a gest\u00e3o da APS (Autoridade Portu\u00e1ria de Santos). O terminal teve suas atividades paralisadas em 2022, e a administra\u00e7\u00e3o do complexo portu\u00e1rio foi retomada pelo governo federal j\u00e1 no fim de 2024.<\/p>\n","protected":false},"excerpt":{"rendered":"<p>Mar\u00edlia Sena, da Ag\u00eancia iNFRA O ministro de Portos e Aeroportos, Silvio Costa Filho, deve anunciar nesta quarta-feira (29) o lan\u00e7amento dos estudos para o arrendamento definitivo do Porto de Itaja\u00ed (SC). O contrato tempor\u00e1rio est\u00e1 em vigor h\u00e1 dois anos e j\u00e1 h\u00e1 cobran\u00e7a pelo encerramento desse compromisso transit\u00f3rio. O an\u00fancio est\u00e1 previsto para [&hellip;]<\/p>\n","protected":false},"author":1,"featured_media":30968,"comment_status":"closed","ping_status":"closed","sticky":false,"template":"","format":"standard","meta":{"_monsterinsights_skip_tracking":false,"_monsterinsights_sitenote_active":false,"_monsterinsights_sitenote_note":"","_monsterinsights_sitenote_category":0,"footnotes":""},"categories":[7],"tags":[86,6854,3031,16300,16580,11654,6257,16579,2056,7467],"class_list":["post-30965","post","type-post","status-publish","format-standard","has-post-thumbnail","hentry","category-infratransporte","tag-antaq","tag-aps","tag-codeba","tag-companhia-docas-de-santa-catarina","tag-jbs-terminais","tag-marilia-sena","tag-ministerio-de-portos-e-aeroportos","tag-navegue-brasil","tag-porto-de-itajai","tag-silvio-costa-filho"],"yoast_head":"<!-- This site is optimized with the Yoast SEO Premium plugin v25.4 (Yoast SEO v26.0) - https:\/\/yoast.com\/wordpress\/plugins\/seo\/ -->\n<title>Minist\u00e9rio anuncia estudo de arrendamento definitivo do Porto de Itaja\u00ed - Ag\u00eancia iNFRA<\/title>\n<meta name=\"robots\" content=\"index, follow, max-snippet:-1, max-image-preview:large, max-video-preview:-1\" \/>\n<link rel=\"canonical\" href=\"https:\/\/agenciainfra.com\/blog\/ministerio-anuncia-estudo-de-arrendamento-definitivo-do-porto-de-itajai\/\" \/>\n<meta property=\"og:locale\" content=\"pt_BR\" \/>\n<meta property=\"og:type\" content=\"article\" \/>\n<meta property=\"og:title\" content=\"Minist\u00e9rio anuncia estudo de arrendamento definitivo do Porto de Itaja\u00ed\" \/>\n<meta property=\"og:description\" content=\"Mar\u00edlia Sena, da Ag\u00eancia iNFRA O ministro de Portos e Aeroportos, Silvio Costa Filho, deve anunciar nesta quarta-feira (29) o lan\u00e7amento dos estudos para o arrendamento definitivo do Porto de Itaja\u00ed (SC). O contrato tempor\u00e1rio est\u00e1 em vigor h\u00e1 dois anos e j\u00e1 h\u00e1 cobran\u00e7a pelo encerramento desse compromisso transit\u00f3rio. O an\u00fancio est\u00e1 previsto para [&hellip;]\" \/>\n<meta property=\"og:url\" content=\"https:\/\/agenciainfra.com\/blog\/ministerio-anuncia-estudo-de-arrendamento-definitivo-do-porto-de-itajai\/\" \/>\n<meta property=\"og:site_name\" content=\"Ag\u00eancia iNFRA\" \/>\n<meta property=\"article:publisher\" content=\"https:\/\/www.facebook.com\/ageninfra\" \/>\n<meta property=\"article:published_time\" content=\"2025-10-29T16:00:03+00:00\" \/>\n<meta property=\"article:modified_time\" content=\"2025-10-30T12:30:11+00:00\" \/>\n<meta property=\"og:image\" content=\"https:\/\/agenciainfra.com\/blog\/wp-content\/uploads\/2025\/10\/porto-de-itajai-foto-ronaldo-silva-jr-porto-de-itajai.jpg\" \/>\n\t<meta property=\"og:image:width\" content=\"1024\" \/>\n\t<meta property=\"og:image:height\" content=\"687\" \/>\n\t<meta property=\"og:image:type\" content=\"image\/jpeg\" \/>\n<meta name=\"author\" content=\"Ag\u00eancia iNFRA\" \/>\n<meta name=\"twitter:card\" content=\"summary_large_image\" \/>\n<meta name=\"twitter:creator\" content=\"@agencia_infra\" \/>\n<meta name=\"twitter:site\" content=\"@agencia_infra\" \/>\n<meta name=\"twitter:label1\" content=\"Escrito por\" \/>\n\t<meta name=\"twitter:data1\" content=\"Ag\u00eancia iNFRA\" \/>\n\t<meta name=\"twitter:label2\" content=\"Est. tempo de leitura\" \/>\n\t<meta name=\"twitter:data2\" content=\"2 minutos\" \/>\n<script type=\"application\/ld+json\" class=\"yoast-schema-graph\">{\"@context\":\"https:\/\/schema.org\",\"@graph\":[{\"@type\":\"Article\",\"@id\":\"https:\/\/agenciainfra.com\/blog\/ministerio-anuncia-estudo-de-arrendamento-definitivo-do-porto-de-itajai\/#article\",\"isPartOf\":{\"@id\":\"https:\/\/agenciainfra.com\/blog\/ministerio-anuncia-estudo-de-arrendamento-definitivo-do-porto-de-itajai\/\"},\"author\":{\"name\":\"Ag\u00eancia iNFRA\",\"@id\":\"https:\/\/agenciainfra.com\/blog\/#\/schema\/person\/34af08dff6adea4cb22b06612ba7acfa\"},\"headline\":\"Minist\u00e9rio anuncia estudo de arrendamento definitivo do Porto de Itaja\u00ed\",\"datePublished\":\"2025-10-29T16:00:03+00:00\",\"dateModified\":\"2025-10-30T12:30:11+00:00\",\"mainEntityOfPage\":{\"@id\":\"https:\/\/agenciainfra.com\/blog\/ministerio-anuncia-estudo-de-arrendamento-definitivo-do-porto-de-itajai\/\"},\"wordCount\":417,\"publisher\":{\"@id\":\"https:\/\/agenciainfra.com\/blog\/#organization\"},\"image\":{\"@id\":\"https:\/\/agenciainfra.com\/blog\/ministerio-anuncia-estudo-de-arrendamento-definitivo-do-porto-de-itajai\/#primaryimage\"},\"thumbnailUrl\":\"https:\/\/agenciainfra.com\/blog\/wp-content\/uploads\/2025\/10\/porto-de-itajai-foto-ronaldo-silva-jr-porto-de-itajai.jpg\",\"keywords\":[\"ANTAQ\",\"APS\",\"Codeba\",\"Companhia Docas de Santa Catarina\",\"JBS Terminais\",\"Mar\u00edlia Sena\",\"Minist\u00e9rio de Portos e Aeroportos\",\"Navegue + Brasil\",\"Porto de Itaja\u00ed\",\"Silvio Costa Filho\"],\"articleSection\":[\"iNFRATransporte\"],\"inLanguage\":\"pt-BR\",\"copyrightYear\":\"2025\",\"copyrightHolder\":{\"@id\":\"https:\/\/agenciainfra.com\/blog\/#organization\"}},{\"@type\":\"WebPage\",\"@id\":\"https:\/\/agenciainfra.com\/blog\/ministerio-anuncia-estudo-de-arrendamento-definitivo-do-porto-de-itajai\/\",\"url\":\"https:\/\/agenciainfra.com\/blog\/ministerio-anuncia-estudo-de-arrendamento-definitivo-do-porto-de-itajai\/\",\"name\":\"Minist\u00e9rio anuncia estudo de arrendamento definitivo do Porto de Itaja\u00ed - Ag\u00eancia iNFRA\",\"isPartOf\":{\"@id\":\"https:\/\/agenciainfra.com\/blog\/#website\"},\"primaryImageOfPage\":{\"@id\":\"https:\/\/agenciainfra.com\/blog\/ministerio-anuncia-estudo-de-arrendamento-definitivo-do-porto-de-itajai\/#primaryimage\"},\"image\":{\"@id\":\"https:\/\/agenciainfra.com\/blog\/ministerio-anuncia-estudo-de-arrendamento-definitivo-do-porto-de-itajai\/#primaryimage\"},\"thumbnailUrl\":\"https:\/\/agenciainfra.com\/blog\/wp-content\/uploads\/2025\/10\/porto-de-itajai-foto-ronaldo-silva-jr-porto-de-itajai.jpg\",\"datePublished\":\"2025-10-29T16:00:03+00:00\",\"dateModified\":\"2025-10-30T12:30:11+00:00\",\"breadcrumb\":{\"@id\":\"https:\/\/agenciainfra.com\/blog\/ministerio-anuncia-estudo-de-arrendamento-definitivo-do-porto-de-itajai\/#breadcrumb\"},\"inLanguage\":\"pt-BR\",\"potentialAction\":[{\"@type\":\"ReadAction\",\"target\":[\"https:\/\/agenciainfra.com\/blog\/ministerio-anuncia-estudo-de-arrendamento-definitivo-do-porto-de-itajai\/\"]}]},{\"@type\":\"ImageObject\",\"inLanguage\":\"pt-BR\",\"@id\":\"https:\/\/agenciainfra.com\/blog\/ministerio-anuncia-estudo-de-arrendamento-definitivo-do-porto-de-itajai\/#primaryimage\",\"url\":\"https:\/\/agenciainfra.com\/blog\/wp-content\/uploads\/2025\/10\/porto-de-itajai-foto-ronaldo-silva-jr-porto-de-itajai.jpg\",\"contentUrl\":\"https:\/\/agenciainfra.com\/blog\/wp-content\/uploads\/2025\/10\/porto-de-itajai-foto-ronaldo-silva-jr-porto-de-itajai.jpg\",\"width\":1024,\"height\":687,\"caption\":\"Foto: Ronaldo Silva Jr.\/Porto de Itaja\u00ed\"},{\"@type\":\"BreadcrumbList\",\"@id\":\"https:\/\/agenciainfra.com\/blog\/ministerio-anuncia-estudo-de-arrendamento-definitivo-do-porto-de-itajai\/#breadcrumb\",\"itemListElement\":[{\"@type\":\"ListItem\",\"position\":1,\"name\":\"In\u00edcio\",\"item\":\"https:\/\/agenciainfra.com\/blog\/\"},{\"@type\":\"ListItem\",\"position\":2,\"name\":\"Minist\u00e9rio anuncia estudo de arrendamento definitivo do Porto de Itaja\u00ed\"}]},{\"@type\":\"WebSite\",\"@id\":\"https:\/\/agenciainfra.com\/blog\/#website\",\"url\":\"https:\/\/agenciainfra.com\/blog\/\",\"name\":\"Ag\u00eancia iNFRA\",\"description\":\"Multiplataforma de informa\u00e7\u00e3o jornal\u00edstica refer\u00eancia na \u00e1rea de infraestrutura no Brasil!\",\"publisher\":{\"@id\":\"https:\/\/agenciainfra.com\/blog\/#organization\"},\"potentialAction\":[{\"@type\":\"SearchAction\",\"target\":{\"@type\":\"EntryPoint\",\"urlTemplate\":\"https:\/\/agenciainfra.com\/blog\/?s={search_term_string}\"},\"query-input\":{\"@type\":\"PropertyValueSpecification\",\"valueRequired\":true,\"valueName\":\"search_term_string\"}}],\"inLanguage\":\"pt-BR\"},{\"@type\":\"Organization\",\"@id\":\"https:\/\/agenciainfra.com\/blog\/#organization\",\"name\":\"Ag\u00eancia iNFRA\",\"url\":\"https:\/\/agenciainfra.com\/blog\/\",\"logo\":{\"@type\":\"ImageObject\",\"inLanguage\":\"pt-BR\",\"@id\":\"https:\/\/agenciainfra.com\/blog\/#\/schema\/logo\/image\/\",\"url\":\"https:\/\/agenciainfra.com\/blog\/wp-content\/uploads\/2023\/09\/iNFRA_5-e1761735885940.png\",\"contentUrl\":\"https:\/\/agenciainfra.com\/blog\/wp-content\/uploads\/2023\/09\/iNFRA_5-e1761735885940.png\",\"width\":1672,\"height\":454,\"caption\":\"Ag\u00eancia iNFRA\"},\"image\":{\"@id\":\"https:\/\/agenciainfra.com\/blog\/#\/schema\/logo\/image\/\"},\"sameAs\":[\"https:\/\/www.facebook.com\/ageninfra\",\"https:\/\/x.com\/agencia_infra\",\"https:\/\/www.linkedin.com\/company\/ag\u00eanciainfra\/\",\"https:\/\/www.instagram.com\/agenciainfra\/\"]},{\"@type\":\"Person\",\"@id\":\"https:\/\/agenciainfra.com\/blog\/#\/schema\/person\/34af08dff6adea4cb22b06612ba7acfa\",\"name\":\"Ag\u00eancia iNFRA\",\"image\":{\"@type\":\"ImageObject\",\"inLanguage\":\"pt-BR\",\"@id\":\"https:\/\/agenciainfra.com\/blog\/#\/schema\/person\/image\/\",\"url\":\"https:\/\/secure.gravatar.com\/avatar\/d189e01678f06d8eb84d4e01f08eb848b3fffe3f8443818d3c356c66892f5be8?s=96&d=mm&r=g\",\"contentUrl\":\"https:\/\/secure.gravatar.com\/avatar\/d189e01678f06d8eb84d4e01f08eb848b3fffe3f8443818d3c356c66892f5be8?s=96&d=mm&r=g\",\"caption\":\"Ag\u00eancia iNFRA\"},\"url\":\"https:\/\/agenciainfra.com\/blog\/author\/admin\/\"}]}<\/script>\n<!-- \/ Yoast SEO Premium plugin. -->","yoast_head_json":{"title":"Minist\u00e9rio anuncia estudo de arrendamento definitivo do Porto de Itaja\u00ed - Ag\u00eancia iNFRA","robots":{"index":"index","follow":"follow","max-snippet":"max-snippet:-1","max-image-preview":"max-image-preview:large","max-video-preview":"max-video-preview:-1"},"canonical":"https:\/\/agenciainfra.com\/blog\/ministerio-anuncia-estudo-de-arrendamento-definitivo-do-porto-de-itajai\/","og_locale":"pt_BR","og_type":"article","og_title":"Minist\u00e9rio anuncia estudo de arrendamento definitivo do Porto de Itaja\u00ed","og_description":"Mar\u00edlia Sena, da Ag\u00eancia iNFRA O ministro de Portos e Aeroportos, Silvio Costa Filho, deve anunciar nesta quarta-feira (29) o lan\u00e7amento dos estudos para o arrendamento definitivo do Porto de Itaja\u00ed (SC). O contrato tempor\u00e1rio est\u00e1 em vigor h\u00e1 dois anos e j\u00e1 h\u00e1 cobran\u00e7a pelo encerramento desse compromisso transit\u00f3rio. O an\u00fancio est\u00e1 previsto para [&hellip;]","og_url":"https:\/\/agenciainfra.com\/blog\/ministerio-anuncia-estudo-de-arrendamento-definitivo-do-porto-de-itajai\/","og_site_name":"Ag\u00eancia iNFRA","article_publisher":"https:\/\/www.facebook.com\/ageninfra","article_published_time":"2025-10-29T16:00:03+00:00","article_modified_time":"2025-10-30T12:30:11+00:00","og_image":[{"width":1024,"height":687,"url":"https:\/\/agenciainfra.com\/blog\/wp-content\/uploads\/2025\/10\/porto-de-itajai-foto-ronaldo-silva-jr-porto-de-itajai.jpg","type":"image\/jpeg"}],"author":"Ag\u00eancia iNFRA","twitter_card":"summary_large_image","twitter_creator":"@agencia_infra","twitter_site":"@agencia_infra","twitter_misc":{"Escrito por":"Ag\u00eancia iNFRA","Est. tempo de leitura":"2 minutos"},"schema":{"@context":"https:\/\/schema.org","@graph":[{"@type":"Article","@id":"https:\/\/agenciainfra.com\/blog\/ministerio-anuncia-estudo-de-arrendamento-definitivo-do-porto-de-itajai\/#article","isPartOf":{"@id":"https:\/\/agenciainfra.com\/blog\/ministerio-anuncia-estudo-de-arrendamento-definitivo-do-porto-de-itajai\/"},"author":{"name":"Ag\u00eancia iNFRA","@id":"https:\/\/agenciainfra.com\/blog\/#\/schema\/person\/34af08dff6adea4cb22b06612ba7acfa"},"headline":"Minist\u00e9rio anuncia estudo de arrendamento definitivo do Porto de Itaja\u00ed","datePublished":"2025-10-29T16:00:03+00:00","dateModified":"2025-10-30T12:30:11+00:00","mainEntityOfPage":{"@id":"https:\/\/agenciainfra.com\/blog\/ministerio-anuncia-estudo-de-arrendamento-definitivo-do-porto-de-itajai\/"},"wordCount":417,"publisher":{"@id":"https:\/\/agenciainfra.com\/blog\/#organization"},"image":{"@id":"https:\/\/agenciainfra.com\/blog\/ministerio-anuncia-estudo-de-arrendamento-definitivo-do-porto-de-itajai\/#primaryimage"},"thumbnailUrl":"https:\/\/agenciainfra.com\/blog\/wp-content\/uploads\/2025\/10\/porto-de-itajai-foto-ronaldo-silva-jr-porto-de-itajai.jpg","keywords":["ANTAQ","APS","Codeba","Companhia Docas de Santa Catarina","JBS Terminais","Mar\u00edlia Sena","Minist\u00e9rio de Portos e Aeroportos","Navegue + Brasil","Porto de Itaja\u00ed","Silvio Costa Filho"],"articleSection":["iNFRATransporte"],"inLanguage":"pt-BR","copyrightYear":"2025","copyrightHolder":{"@id":"https:\/\/agenciainfra.com\/blog\/#organization"}},{"@type":"WebPage","@id":"https:\/\/agenciainfra.com\/blog\/ministerio-anuncia-estudo-de-arrendamento-definitivo-do-porto-de-itajai\/","url":"https:\/\/agenciainfra.com\/blog\/ministerio-anuncia-estudo-de-arrendamento-definitivo-do-porto-de-itajai\/","name":"Minist\u00e9rio anuncia estudo de arrendamento definitivo do Porto de Itaja\u00ed - Ag\u00eancia iNFRA","isPartOf":{"@id":"https:\/\/agenciainfra.com\/blog\/#website"},"primaryImageOfPage":{"@id":"https:\/\/agenciainfra.com\/blog\/ministerio-anuncia-estudo-de-arrendamento-definitivo-do-porto-de-itajai\/#primaryimage"},"image":{"@id":"https:\/\/agenciainfra.com\/blog\/ministerio-anuncia-estudo-de-arrendamento-definitivo-do-porto-de-itajai\/#primaryimage"},"thumbnailUrl":"https:\/\/agenciainfra.com\/blog\/wp-content\/uploads\/2025\/10\/porto-de-itajai-foto-ronaldo-silva-jr-porto-de-itajai.jpg","datePublished":"2025-10-29T16:00:03+00:00","dateModified":"2025-10-30T12:30:11+00:00","breadcrumb":{"@id":"https:\/\/agenciainfra.com\/blog\/ministerio-anuncia-estudo-de-arrendamento-definitivo-do-porto-de-itajai\/#breadcrumb"},"inLanguage":"pt-BR","potentialAction":[{"@type":"ReadAction","target":["https:\/\/agenciainfra.com\/blog\/ministerio-anuncia-estudo-de-arrendamento-definitivo-do-porto-de-itajai\/"]}]},{"@type":"ImageObject","inLanguage":"pt-BR","@id":"https:\/\/agenciainfra.com\/blog\/ministerio-anuncia-estudo-de-arrendamento-definitivo-do-porto-de-itajai\/#primaryimage","url":"https:\/\/agenciainfra.com\/blog\/wp-content\/uploads\/2025\/10\/porto-de-itajai-foto-ronaldo-silva-jr-porto-de-itajai.jpg","contentUrl":"https:\/\/agenciainfra.com\/blog\/wp-content\/uploads\/2025\/10\/porto-de-itajai-foto-ronaldo-silva-jr-porto-de-itajai.jpg","width":1024,"height":687,"caption":"Foto: Ronaldo Silva Jr.\/Porto de Itaja\u00ed"},{"@type":"BreadcrumbList","@id":"https:\/\/agenciainfra.com\/blog\/ministerio-anuncia-estudo-de-arrendamento-definitivo-do-porto-de-itajai\/#breadcrumb","itemListElement":[{"@type":"ListItem","position":1,"name":"In\u00edcio","item":"https:\/\/agenciainfra.com\/blog\/"},{"@type":"ListItem","position":2,"name":"Minist\u00e9rio anuncia estudo de arrendamento definitivo do Porto de Itaja\u00ed"}]},{"@type":"WebSite","@id":"https:\/\/agenciainfra.com\/blog\/#website","url":"https:\/\/agenciainfra.com\/blog\/","name":"Ag\u00eancia iNFRA","description":"Multiplataforma de informa\u00e7\u00e3o jornal\u00edstica refer\u00eancia na \u00e1rea de infraestrutura no Brasil!","publisher":{"@id":"https:\/\/agenciainfra.com\/blog\/#organization"},"potentialAction":[{"@type":"SearchAction","target":{"@type":"EntryPoint","urlTemplate":"https:\/\/agenciainfra.com\/blog\/?s={search_term_string}"},"query-input":{"@type":"PropertyValueSpecification","valueRequired":true,"valueName":"search_term_string"}}],"inLanguage":"pt-BR"},{"@type":"Organization","@id":"https:\/\/agenciainfra.com\/blog\/#organization","name":"Ag\u00eancia iNFRA","url":"https:\/\/agenciainfra.com\/blog\/","logo":{"@type":"ImageObject","inLanguage":"pt-BR","@id":"https:\/\/agenciainfra.com\/blog\/#\/schema\/logo\/image\/","url":"https:\/\/agenciainfra.com\/blog\/wp-content\/uploads\/2023\/09\/iNFRA_5-e1761735885940.png","contentUrl":"https:\/\/agenciainfra.com\/blog\/wp-content\/uploads\/2023\/09\/iNFRA_5-e1761735885940.png","width":1672,"height":454,"caption":"Ag\u00eancia iNFRA"},"image":{"@id":"https:\/\/agenciainfra.com\/blog\/#\/schema\/logo\/image\/"},"sameAs":["https:\/\/www.facebook.com\/ageninfra","https:\/\/x.com\/agencia_infra","https:\/\/www.linkedin.com\/company\/ag\u00eanciainfra\/","https:\/\/www.instagram.com\/agenciainfra\/"]},{"@type":"Person","@id":"https:\/\/agenciainfra.com\/blog\/#\/schema\/person\/34af08dff6adea4cb22b06612ba7acfa","name":"Ag\u00eancia iNFRA","image":{"@type":"ImageObject","inLanguage":"pt-BR","@id":"https:\/\/agenciainfra.com\/blog\/#\/schema\/person\/image\/","url":"https:\/\/secure.gravatar.com\/avatar\/d189e01678f06d8eb84d4e01f08eb848b3fffe3f8443818d3c356c66892f5be8?s=96&d=mm&r=g","contentUrl":"https:\/\/secure.gravatar.com\/avatar\/d189e01678f06d8eb84d4e01f08eb848b3fffe3f8443818d3c356c66892f5be8?s=96&d=mm&r=g","caption":"Ag\u00eancia iNFRA"},"url":"https:\/\/agenciainfra.com\/blog\/author\/admin\/"}]}},"_links":{"self":[{"href":"https:\/\/agenciainfra.com\/blog\/wp-json\/wp\/v2\/posts\/30965","targetHints":{"allow":["GET"]}}],"collection":[{"href":"https:\/\/agenciainfra.com\/blog\/wp-json\/wp\/v2\/posts"}],"about":[{"href":"https:\/\/agenciainfra.com\/blog\/wp-json\/wp\/v2\/types\/post"}],"author":[{"embeddable":true,"href":"https:\/\/agenciainfra.com\/blog\/wp-json\/wp\/v2\/users\/1"}],"replies":[{"embeddable":true,"href":"https:\/\/agenciainfra.com\/blog\/wp-json\/wp\/v2\/comments?post=30965"}],"version-history":[{"count":2,"href":"https:\/\/agenciainfra.com\/blog\/wp-json\/wp\/v2\/posts\/30965\/revisions"}],"predecessor-version":[{"id":31049,"href":"https:\/\/agenciainfra.com\/blog\/wp-json\/wp\/v2\/posts\/30965\/revisions\/31049"}],"wp:featuredmedia":[{"embeddable":true,"href":"https:\/\/agenciainfra.com\/blog\/wp-json\/wp\/v2\/media\/30968"}],"wp:attachment":[{"href":"https:\/\/agenciainfra.com\/blog\/wp-json\/wp\/v2\/media?parent=30965"}],"wp:term":[{"taxonomy":"category","embeddable":true,"href":"https:\/\/agenciainfra.com\/blog\/wp-json\/wp\/v2\/categories?post=30965"},{"taxonomy":"post_tag","embeddable":true,"href":"https:\/\/agenciainfra.com\/blog\/wp-json\/wp\/v2\/tags?post=30965"}],"curies":[{"name":"wp","href":"https:\/\/api.w.org\/{rel}","templated":true}]}}