{"id":30969,"date":"2025-10-29T13:20:10","date_gmt":"2025-10-29T16:20:10","guid":{"rendered":"https:\/\/agenciainfra.com\/blog\/?p=30969"},"modified":"2025-10-30T09:43:19","modified_gmt":"2025-10-30T12:43:19","slug":"relator-tira-trecho-sobre-sudam-e-sudene-mas-apresentara-pl-sobre-tema","status":"publish","type":"post","link":"https:\/\/agenciainfra.com\/blog\/relator-tira-trecho-sobre-sudam-e-sudene-mas-apresentara-pl-sobre-tema\/","title":{"rendered":"Relator tira trecho sobre Sudam e Sudene, mas apresentar\u00e1 PL ao tema"},"content":{"rendered":"\n<p class=\"has-text-align-right\"><strong>Marisa Wanzeller e Geraldo Campos Jr., da Ag\u00eancia iNFRA<\/strong><\/p>\n\n\n\n<p>O senador Eduardo Braga (MDB-AM) retirou do relat\u00f3rio da <a href=\"https:\/\/www.congressonacional.leg.br\/materias\/medidas-provisorias\/-\/mpv\/169547\">MP (Medida Provis\u00f3ria) 1.304<\/a>, da reforma do setor el\u00e9trico, trecho que tratava do <a href=\"https:\/\/agenciainfra.com\/blog\/repasse-de-beneficios-da-sudam-e-sudene-para-consumidores-divide-setor\/\">repasse de benef\u00edcios<\/a> das distribuidoras de energia das \u00e1reas da Sudam e da Sudene (regi\u00f5es Norte e Nordeste) ao consumidor. No entanto, disse que apresentar\u00e1 projeto de lei sobre o tema, a fim de debater o assunto no Congresso Nacional e \u201cretornar ao brasileiro o benef\u00edcio fiscal&#8221;.<\/p>\n\n\n\n<p>\u201cDo ponto de vista do consumidor, o correto seria fazer como proposto no relat\u00f3rio, e quem \u00e9 do setor el\u00e9trico sabe disso. Mas entendendo que n\u00e3o tivemos tempo de fazer um amplo debate para que essa mat\u00e9ria pudesse ficar esclarecida, n\u00e3o s\u00f3 para os parlamentares das regi\u00f5es, mas tamb\u00e9m para os agentes, n\u00f3s estamos apresentando um projeto aut\u00f4nomo para tratar do WACC [taxa de retorno de investimentos] das regi\u00f5es da Sudam e da Sudene, e retirando do texto da MP&#8221;, afirmou durante leitura do voto complementar apresentado nesta quarta-feira (29).<\/p>\n\n\n\n<p><strong>Outras modifica\u00e7\u00f5es<\/strong><br>O complemento de voto lido pelo relator tamb\u00e9m alterou a previs\u00e3o de cobran\u00e7a de R$ 20 para cada 100 kW a novos entrantes da GD (Gera\u00e7\u00e3o Distribu\u00edda) que pedirem acesso ao sistema de compensa\u00e7\u00e3o. O ajuste retira a cobran\u00e7a da taxa para a microgera\u00e7\u00e3o com autoconsumo local, que \u00e9 aquela com at\u00e9 75 kW consumidos localmente.<\/p>\n\n\n\n<p>Tamb\u00e9m foi ajustado o trecho sobre a renova\u00e7\u00e3o das concess\u00f5es de hidrel\u00e9tricas, inserindo a possibilidade de o governo, se preferir, relicitar os ativos. Quanto \u00e0s baterias, os sistemas foram inclu\u00eddos no Reidi (Regime Especial de Incentivos para o Desenvolvimento da Infraestrutura). J\u00e1 a multa administrativa da ANEEL (Ag\u00eancia Nacional de Energia El\u00e9trica) foi reduzida de 4% para 3% do faturamento.<\/p>\n\n\n\n<p>Em alguns trechos, Braga tamb\u00e9m trocou previs\u00f5es de regula\u00e7\u00e3o por \u201catos do poder concedente\u201d para \u201catos da ANEEL\u201d. Segundo ele, isso se deve a t\u00f3picos que tratam sobre tarifas, cuja compet\u00eancia para defini\u00e7\u00e3o \u00e9 da reguladora.<\/p>\n","protected":false},"excerpt":{"rendered":"<p>Marisa Wanzeller e Geraldo Campos Jr., da Ag\u00eancia iNFRA O senador Eduardo Braga (MDB-AM) retirou do relat\u00f3rio da MP (Medida Provis\u00f3ria) 1.304, da reforma do setor el\u00e9trico, trecho que tratava do repasse de benef\u00edcios das distribuidoras de energia das \u00e1reas da Sudam e da Sudene (regi\u00f5es Norte e Nordeste) ao consumidor. No entanto, disse que [&hellip;]<\/p>\n","protected":false},"author":1,"featured_media":30970,"comment_status":"closed","ping_status":"closed","sticky":false,"template":"","format":"standard","meta":{"_monsterinsights_skip_tracking":false,"_monsterinsights_sitenote_active":false,"_monsterinsights_sitenote_note":"","_monsterinsights_sitenote_category":0,"footnotes":""},"categories":[10],"tags":[53,5189,1252,850,11594,7366,14378,5038,6512],"class_list":["post-30969","post","type-post","status-publish","format-standard","has-post-thumbnail","hentry","category-infraenergia","tag-aneel","tag-baterias","tag-eduardo-braga","tag-geracao-distribuida","tag-geraldo-campos-jr","tag-marisa-wanzeller","tag-mp-1-304","tag-sudam","tag-sudene"],"yoast_head":"<!-- This site is optimized with the Yoast SEO Premium plugin v25.4 (Yoast SEO v26.0) - https:\/\/yoast.com\/wordpress\/plugins\/seo\/ -->\n<title>Relator tira trecho sobre Sudam e Sudene, mas apresentar\u00e1 PL ao tema - Ag\u00eancia iNFRA<\/title>\n<meta name=\"robots\" content=\"index, follow, max-snippet:-1, max-image-preview:large, max-video-preview:-1\" \/>\n<link rel=\"canonical\" href=\"https:\/\/agenciainfra.com\/blog\/relator-tira-trecho-sobre-sudam-e-sudene-mas-apresentara-pl-sobre-tema\/\" \/>\n<meta property=\"og:locale\" content=\"pt_BR\" \/>\n<meta property=\"og:type\" content=\"article\" \/>\n<meta property=\"og:title\" content=\"Relator tira trecho sobre Sudam e Sudene, mas apresentar\u00e1 PL ao tema\" \/>\n<meta property=\"og:description\" content=\"Marisa Wanzeller e Geraldo Campos Jr., da Ag\u00eancia iNFRA O senador Eduardo Braga (MDB-AM) retirou do relat\u00f3rio da MP (Medida Provis\u00f3ria) 1.304, da reforma do setor el\u00e9trico, trecho que tratava do repasse de benef\u00edcios das distribuidoras de energia das \u00e1reas da Sudam e da Sudene (regi\u00f5es Norte e Nordeste) ao consumidor. No entanto, disse que [&hellip;]\" \/>\n<meta property=\"og:url\" content=\"https:\/\/agenciainfra.com\/blog\/relator-tira-trecho-sobre-sudam-e-sudene-mas-apresentara-pl-sobre-tema\/\" \/>\n<meta property=\"og:site_name\" content=\"Ag\u00eancia iNFRA\" \/>\n<meta property=\"article:publisher\" content=\"https:\/\/www.facebook.com\/ageninfra\" \/>\n<meta property=\"article:published_time\" content=\"2025-10-29T16:20:10+00:00\" \/>\n<meta property=\"article:modified_time\" content=\"2025-10-30T12:43:19+00:00\" \/>\n<meta property=\"og:image\" content=\"https:\/\/agenciainfra.com\/blog\/wp-content\/uploads\/2025\/10\/fernando-coelho-filho-e-eduardo-braga-foto-jefferson-rudy-agencia-senado.jpg\" \/>\n\t<meta property=\"og:image:width\" content=\"1280\" \/>\n\t<meta property=\"og:image:height\" content=\"853\" \/>\n\t<meta property=\"og:image:type\" content=\"image\/jpeg\" \/>\n<meta name=\"author\" content=\"Ag\u00eancia iNFRA\" \/>\n<meta name=\"twitter:card\" content=\"summary_large_image\" \/>\n<meta name=\"twitter:creator\" content=\"@agencia_infra\" \/>\n<meta name=\"twitter:site\" content=\"@agencia_infra\" \/>\n<meta name=\"twitter:label1\" content=\"Escrito por\" \/>\n\t<meta name=\"twitter:data1\" content=\"Ag\u00eancia iNFRA\" \/>\n\t<meta name=\"twitter:label2\" content=\"Est. tempo de leitura\" \/>\n\t<meta name=\"twitter:data2\" content=\"2 minutos\" \/>\n<script type=\"application\/ld+json\" class=\"yoast-schema-graph\">{\"@context\":\"https:\/\/schema.org\",\"@graph\":[{\"@type\":\"Article\",\"@id\":\"https:\/\/agenciainfra.com\/blog\/relator-tira-trecho-sobre-sudam-e-sudene-mas-apresentara-pl-sobre-tema\/#article\",\"isPartOf\":{\"@id\":\"https:\/\/agenciainfra.com\/blog\/relator-tira-trecho-sobre-sudam-e-sudene-mas-apresentara-pl-sobre-tema\/\"},\"author\":{\"name\":\"Ag\u00eancia iNFRA\",\"@id\":\"https:\/\/agenciainfra.com\/blog\/#\/schema\/person\/34af08dff6adea4cb22b06612ba7acfa\"},\"headline\":\"Relator tira trecho sobre Sudam e Sudene, mas apresentar\u00e1 PL ao tema\",\"datePublished\":\"2025-10-29T16:20:10+00:00\",\"dateModified\":\"2025-10-30T12:43:19+00:00\",\"mainEntityOfPage\":{\"@id\":\"https:\/\/agenciainfra.com\/blog\/relator-tira-trecho-sobre-sudam-e-sudene-mas-apresentara-pl-sobre-tema\/\"},\"wordCount\":363,\"publisher\":{\"@id\":\"https:\/\/agenciainfra.com\/blog\/#organization\"},\"image\":{\"@id\":\"https:\/\/agenciainfra.com\/blog\/relator-tira-trecho-sobre-sudam-e-sudene-mas-apresentara-pl-sobre-tema\/#primaryimage\"},\"thumbnailUrl\":\"https:\/\/agenciainfra.com\/blog\/wp-content\/uploads\/2025\/10\/fernando-coelho-filho-e-eduardo-braga-foto-jefferson-rudy-agencia-senado.jpg\",\"keywords\":[\"ANEEL\",\"baterias\",\"Eduardo Braga\",\"gera\u00e7\u00e3o distribu\u00edda\",\"Geraldo Campos Jr.\",\"Marisa Wanzeller\",\"MP 1.304\",\"Sudam\",\"Sudene\"],\"articleSection\":[\"iNFRAEnergia\"],\"inLanguage\":\"pt-BR\",\"copyrightYear\":\"2025\",\"copyrightHolder\":{\"@id\":\"https:\/\/agenciainfra.com\/blog\/#organization\"}},{\"@type\":\"WebPage\",\"@id\":\"https:\/\/agenciainfra.com\/blog\/relator-tira-trecho-sobre-sudam-e-sudene-mas-apresentara-pl-sobre-tema\/\",\"url\":\"https:\/\/agenciainfra.com\/blog\/relator-tira-trecho-sobre-sudam-e-sudene-mas-apresentara-pl-sobre-tema\/\",\"name\":\"Relator tira trecho sobre Sudam e Sudene, mas apresentar\u00e1 PL ao tema - Ag\u00eancia iNFRA\",\"isPartOf\":{\"@id\":\"https:\/\/agenciainfra.com\/blog\/#website\"},\"primaryImageOfPage\":{\"@id\":\"https:\/\/agenciainfra.com\/blog\/relator-tira-trecho-sobre-sudam-e-sudene-mas-apresentara-pl-sobre-tema\/#primaryimage\"},\"image\":{\"@id\":\"https:\/\/agenciainfra.com\/blog\/relator-tira-trecho-sobre-sudam-e-sudene-mas-apresentara-pl-sobre-tema\/#primaryimage\"},\"thumbnailUrl\":\"https:\/\/agenciainfra.com\/blog\/wp-content\/uploads\/2025\/10\/fernando-coelho-filho-e-eduardo-braga-foto-jefferson-rudy-agencia-senado.jpg\",\"datePublished\":\"2025-10-29T16:20:10+00:00\",\"dateModified\":\"2025-10-30T12:43:19+00:00\",\"breadcrumb\":{\"@id\":\"https:\/\/agenciainfra.com\/blog\/relator-tira-trecho-sobre-sudam-e-sudene-mas-apresentara-pl-sobre-tema\/#breadcrumb\"},\"inLanguage\":\"pt-BR\",\"potentialAction\":[{\"@type\":\"ReadAction\",\"target\":[\"https:\/\/agenciainfra.com\/blog\/relator-tira-trecho-sobre-sudam-e-sudene-mas-apresentara-pl-sobre-tema\/\"]}]},{\"@type\":\"ImageObject\",\"inLanguage\":\"pt-BR\",\"@id\":\"https:\/\/agenciainfra.com\/blog\/relator-tira-trecho-sobre-sudam-e-sudene-mas-apresentara-pl-sobre-tema\/#primaryimage\",\"url\":\"https:\/\/agenciainfra.com\/blog\/wp-content\/uploads\/2025\/10\/fernando-coelho-filho-e-eduardo-braga-foto-jefferson-rudy-agencia-senado.jpg\",\"contentUrl\":\"https:\/\/agenciainfra.com\/blog\/wp-content\/uploads\/2025\/10\/fernando-coelho-filho-e-eduardo-braga-foto-jefferson-rudy-agencia-senado.jpg\",\"width\":1280,\"height\":853,\"caption\":\"Foto: Jefferson Rudy\/Ag\u00eancia Senado\"},{\"@type\":\"BreadcrumbList\",\"@id\":\"https:\/\/agenciainfra.com\/blog\/relator-tira-trecho-sobre-sudam-e-sudene-mas-apresentara-pl-sobre-tema\/#breadcrumb\",\"itemListElement\":[{\"@type\":\"ListItem\",\"position\":1,\"name\":\"In\u00edcio\",\"item\":\"https:\/\/agenciainfra.com\/blog\/\"},{\"@type\":\"ListItem\",\"position\":2,\"name\":\"Relator tira trecho sobre Sudam e Sudene, mas apresentar\u00e1 PL ao tema\"}]},{\"@type\":\"WebSite\",\"@id\":\"https:\/\/agenciainfra.com\/blog\/#website\",\"url\":\"https:\/\/agenciainfra.com\/blog\/\",\"name\":\"Ag\u00eancia iNFRA\",\"description\":\"Multiplataforma de informa\u00e7\u00e3o jornal\u00edstica refer\u00eancia na \u00e1rea de infraestrutura no Brasil!\",\"publisher\":{\"@id\":\"https:\/\/agenciainfra.com\/blog\/#organization\"},\"potentialAction\":[{\"@type\":\"SearchAction\",\"target\":{\"@type\":\"EntryPoint\",\"urlTemplate\":\"https:\/\/agenciainfra.com\/blog\/?s={search_term_string}\"},\"query-input\":{\"@type\":\"PropertyValueSpecification\",\"valueRequired\":true,\"valueName\":\"search_term_string\"}}],\"inLanguage\":\"pt-BR\"},{\"@type\":\"Organization\",\"@id\":\"https:\/\/agenciainfra.com\/blog\/#organization\",\"name\":\"Ag\u00eancia iNFRA\",\"url\":\"https:\/\/agenciainfra.com\/blog\/\",\"logo\":{\"@type\":\"ImageObject\",\"inLanguage\":\"pt-BR\",\"@id\":\"https:\/\/agenciainfra.com\/blog\/#\/schema\/logo\/image\/\",\"url\":\"https:\/\/agenciainfra.com\/blog\/wp-content\/uploads\/2023\/09\/iNFRA_5-e1761735885940.png\",\"contentUrl\":\"https:\/\/agenciainfra.com\/blog\/wp-content\/uploads\/2023\/09\/iNFRA_5-e1761735885940.png\",\"width\":1672,\"height\":454,\"caption\":\"Ag\u00eancia iNFRA\"},\"image\":{\"@id\":\"https:\/\/agenciainfra.com\/blog\/#\/schema\/logo\/image\/\"},\"sameAs\":[\"https:\/\/www.facebook.com\/ageninfra\",\"https:\/\/x.com\/agencia_infra\",\"https:\/\/www.linkedin.com\/company\/ag\u00eanciainfra\/\",\"https:\/\/www.instagram.com\/agenciainfra\/\"]},{\"@type\":\"Person\",\"@id\":\"https:\/\/agenciainfra.com\/blog\/#\/schema\/person\/34af08dff6adea4cb22b06612ba7acfa\",\"name\":\"Ag\u00eancia iNFRA\",\"image\":{\"@type\":\"ImageObject\",\"inLanguage\":\"pt-BR\",\"@id\":\"https:\/\/agenciainfra.com\/blog\/#\/schema\/person\/image\/\",\"url\":\"https:\/\/secure.gravatar.com\/avatar\/d189e01678f06d8eb84d4e01f08eb848b3fffe3f8443818d3c356c66892f5be8?s=96&d=mm&r=g\",\"contentUrl\":\"https:\/\/secure.gravatar.com\/avatar\/d189e01678f06d8eb84d4e01f08eb848b3fffe3f8443818d3c356c66892f5be8?s=96&d=mm&r=g\",\"caption\":\"Ag\u00eancia iNFRA\"},\"url\":\"https:\/\/agenciainfra.com\/blog\/author\/admin\/\"}]}<\/script>\n<!-- \/ Yoast SEO Premium plugin. -->","yoast_head_json":{"title":"Relator tira trecho sobre Sudam e Sudene, mas apresentar\u00e1 PL ao tema - Ag\u00eancia iNFRA","robots":{"index":"index","follow":"follow","max-snippet":"max-snippet:-1","max-image-preview":"max-image-preview:large","max-video-preview":"max-video-preview:-1"},"canonical":"https:\/\/agenciainfra.com\/blog\/relator-tira-trecho-sobre-sudam-e-sudene-mas-apresentara-pl-sobre-tema\/","og_locale":"pt_BR","og_type":"article","og_title":"Relator tira trecho sobre Sudam e Sudene, mas apresentar\u00e1 PL ao tema","og_description":"Marisa Wanzeller e Geraldo Campos Jr., da Ag\u00eancia iNFRA O senador Eduardo Braga (MDB-AM) retirou do relat\u00f3rio da MP (Medida Provis\u00f3ria) 1.304, da reforma do setor el\u00e9trico, trecho que tratava do repasse de benef\u00edcios das distribuidoras de energia das \u00e1reas da Sudam e da Sudene (regi\u00f5es Norte e Nordeste) ao consumidor. No entanto, disse que [&hellip;]","og_url":"https:\/\/agenciainfra.com\/blog\/relator-tira-trecho-sobre-sudam-e-sudene-mas-apresentara-pl-sobre-tema\/","og_site_name":"Ag\u00eancia iNFRA","article_publisher":"https:\/\/www.facebook.com\/ageninfra","article_published_time":"2025-10-29T16:20:10+00:00","article_modified_time":"2025-10-30T12:43:19+00:00","og_image":[{"width":1280,"height":853,"url":"https:\/\/agenciainfra.com\/blog\/wp-content\/uploads\/2025\/10\/fernando-coelho-filho-e-eduardo-braga-foto-jefferson-rudy-agencia-senado.jpg","type":"image\/jpeg"}],"author":"Ag\u00eancia iNFRA","twitter_card":"summary_large_image","twitter_creator":"@agencia_infra","twitter_site":"@agencia_infra","twitter_misc":{"Escrito por":"Ag\u00eancia iNFRA","Est. tempo de leitura":"2 minutos"},"schema":{"@context":"https:\/\/schema.org","@graph":[{"@type":"Article","@id":"https:\/\/agenciainfra.com\/blog\/relator-tira-trecho-sobre-sudam-e-sudene-mas-apresentara-pl-sobre-tema\/#article","isPartOf":{"@id":"https:\/\/agenciainfra.com\/blog\/relator-tira-trecho-sobre-sudam-e-sudene-mas-apresentara-pl-sobre-tema\/"},"author":{"name":"Ag\u00eancia iNFRA","@id":"https:\/\/agenciainfra.com\/blog\/#\/schema\/person\/34af08dff6adea4cb22b06612ba7acfa"},"headline":"Relator tira trecho sobre Sudam e Sudene, mas apresentar\u00e1 PL ao tema","datePublished":"2025-10-29T16:20:10+00:00","dateModified":"2025-10-30T12:43:19+00:00","mainEntityOfPage":{"@id":"https:\/\/agenciainfra.com\/blog\/relator-tira-trecho-sobre-sudam-e-sudene-mas-apresentara-pl-sobre-tema\/"},"wordCount":363,"publisher":{"@id":"https:\/\/agenciainfra.com\/blog\/#organization"},"image":{"@id":"https:\/\/agenciainfra.com\/blog\/relator-tira-trecho-sobre-sudam-e-sudene-mas-apresentara-pl-sobre-tema\/#primaryimage"},"thumbnailUrl":"https:\/\/agenciainfra.com\/blog\/wp-content\/uploads\/2025\/10\/fernando-coelho-filho-e-eduardo-braga-foto-jefferson-rudy-agencia-senado.jpg","keywords":["ANEEL","baterias","Eduardo Braga","gera\u00e7\u00e3o distribu\u00edda","Geraldo Campos Jr.","Marisa Wanzeller","MP 1.304","Sudam","Sudene"],"articleSection":["iNFRAEnergia"],"inLanguage":"pt-BR","copyrightYear":"2025","copyrightHolder":{"@id":"https:\/\/agenciainfra.com\/blog\/#organization"}},{"@type":"WebPage","@id":"https:\/\/agenciainfra.com\/blog\/relator-tira-trecho-sobre-sudam-e-sudene-mas-apresentara-pl-sobre-tema\/","url":"https:\/\/agenciainfra.com\/blog\/relator-tira-trecho-sobre-sudam-e-sudene-mas-apresentara-pl-sobre-tema\/","name":"Relator tira trecho sobre Sudam e Sudene, mas apresentar\u00e1 PL ao tema - Ag\u00eancia iNFRA","isPartOf":{"@id":"https:\/\/agenciainfra.com\/blog\/#website"},"primaryImageOfPage":{"@id":"https:\/\/agenciainfra.com\/blog\/relator-tira-trecho-sobre-sudam-e-sudene-mas-apresentara-pl-sobre-tema\/#primaryimage"},"image":{"@id":"https:\/\/agenciainfra.com\/blog\/relator-tira-trecho-sobre-sudam-e-sudene-mas-apresentara-pl-sobre-tema\/#primaryimage"},"thumbnailUrl":"https:\/\/agenciainfra.com\/blog\/wp-content\/uploads\/2025\/10\/fernando-coelho-filho-e-eduardo-braga-foto-jefferson-rudy-agencia-senado.jpg","datePublished":"2025-10-29T16:20:10+00:00","dateModified":"2025-10-30T12:43:19+00:00","breadcrumb":{"@id":"https:\/\/agenciainfra.com\/blog\/relator-tira-trecho-sobre-sudam-e-sudene-mas-apresentara-pl-sobre-tema\/#breadcrumb"},"inLanguage":"pt-BR","potentialAction":[{"@type":"ReadAction","target":["https:\/\/agenciainfra.com\/blog\/relator-tira-trecho-sobre-sudam-e-sudene-mas-apresentara-pl-sobre-tema\/"]}]},{"@type":"ImageObject","inLanguage":"pt-BR","@id":"https:\/\/agenciainfra.com\/blog\/relator-tira-trecho-sobre-sudam-e-sudene-mas-apresentara-pl-sobre-tema\/#primaryimage","url":"https:\/\/agenciainfra.com\/blog\/wp-content\/uploads\/2025\/10\/fernando-coelho-filho-e-eduardo-braga-foto-jefferson-rudy-agencia-senado.jpg","contentUrl":"https:\/\/agenciainfra.com\/blog\/wp-content\/uploads\/2025\/10\/fernando-coelho-filho-e-eduardo-braga-foto-jefferson-rudy-agencia-senado.jpg","width":1280,"height":853,"caption":"Foto: Jefferson Rudy\/Ag\u00eancia Senado"},{"@type":"BreadcrumbList","@id":"https:\/\/agenciainfra.com\/blog\/relator-tira-trecho-sobre-sudam-e-sudene-mas-apresentara-pl-sobre-tema\/#breadcrumb","itemListElement":[{"@type":"ListItem","position":1,"name":"In\u00edcio","item":"https:\/\/agenciainfra.com\/blog\/"},{"@type":"ListItem","position":2,"name":"Relator tira trecho sobre Sudam e Sudene, mas apresentar\u00e1 PL ao tema"}]},{"@type":"WebSite","@id":"https:\/\/agenciainfra.com\/blog\/#website","url":"https:\/\/agenciainfra.com\/blog\/","name":"Ag\u00eancia iNFRA","description":"Multiplataforma de informa\u00e7\u00e3o jornal\u00edstica refer\u00eancia na \u00e1rea de infraestrutura no Brasil!","publisher":{"@id":"https:\/\/agenciainfra.com\/blog\/#organization"},"potentialAction":[{"@type":"SearchAction","target":{"@type":"EntryPoint","urlTemplate":"https:\/\/agenciainfra.com\/blog\/?s={search_term_string}"},"query-input":{"@type":"PropertyValueSpecification","valueRequired":true,"valueName":"search_term_string"}}],"inLanguage":"pt-BR"},{"@type":"Organization","@id":"https:\/\/agenciainfra.com\/blog\/#organization","name":"Ag\u00eancia iNFRA","url":"https:\/\/agenciainfra.com\/blog\/","logo":{"@type":"ImageObject","inLanguage":"pt-BR","@id":"https:\/\/agenciainfra.com\/blog\/#\/schema\/logo\/image\/","url":"https:\/\/agenciainfra.com\/blog\/wp-content\/uploads\/2023\/09\/iNFRA_5-e1761735885940.png","contentUrl":"https:\/\/agenciainfra.com\/blog\/wp-content\/uploads\/2023\/09\/iNFRA_5-e1761735885940.png","width":1672,"height":454,"caption":"Ag\u00eancia iNFRA"},"image":{"@id":"https:\/\/agenciainfra.com\/blog\/#\/schema\/logo\/image\/"},"sameAs":["https:\/\/www.facebook.com\/ageninfra","https:\/\/x.com\/agencia_infra","https:\/\/www.linkedin.com\/company\/ag\u00eanciainfra\/","https:\/\/www.instagram.com\/agenciainfra\/"]},{"@type":"Person","@id":"https:\/\/agenciainfra.com\/blog\/#\/schema\/person\/34af08dff6adea4cb22b06612ba7acfa","name":"Ag\u00eancia iNFRA","image":{"@type":"ImageObject","inLanguage":"pt-BR","@id":"https:\/\/agenciainfra.com\/blog\/#\/schema\/person\/image\/","url":"https:\/\/secure.gravatar.com\/avatar\/d189e01678f06d8eb84d4e01f08eb848b3fffe3f8443818d3c356c66892f5be8?s=96&d=mm&r=g","contentUrl":"https:\/\/secure.gravatar.com\/avatar\/d189e01678f06d8eb84d4e01f08eb848b3fffe3f8443818d3c356c66892f5be8?s=96&d=mm&r=g","caption":"Ag\u00eancia iNFRA"},"url":"https:\/\/agenciainfra.com\/blog\/author\/admin\/"}]}},"_links":{"self":[{"href":"https:\/\/agenciainfra.com\/blog\/wp-json\/wp\/v2\/posts\/30969","targetHints":{"allow":["GET"]}}],"collection":[{"href":"https:\/\/agenciainfra.com\/blog\/wp-json\/wp\/v2\/posts"}],"about":[{"href":"https:\/\/agenciainfra.com\/blog\/wp-json\/wp\/v2\/types\/post"}],"author":[{"embeddable":true,"href":"https:\/\/agenciainfra.com\/blog\/wp-json\/wp\/v2\/users\/1"}],"replies":[{"embeddable":true,"href":"https:\/\/agenciainfra.com\/blog\/wp-json\/wp\/v2\/comments?post=30969"}],"version-history":[{"count":2,"href":"https:\/\/agenciainfra.com\/blog\/wp-json\/wp\/v2\/posts\/30969\/revisions"}],"predecessor-version":[{"id":30973,"href":"https:\/\/agenciainfra.com\/blog\/wp-json\/wp\/v2\/posts\/30969\/revisions\/30973"}],"wp:featuredmedia":[{"embeddable":true,"href":"https:\/\/agenciainfra.com\/blog\/wp-json\/wp\/v2\/media\/30970"}],"wp:attachment":[{"href":"https:\/\/agenciainfra.com\/blog\/wp-json\/wp\/v2\/media?parent=30969"}],"wp:term":[{"taxonomy":"category","embeddable":true,"href":"https:\/\/agenciainfra.com\/blog\/wp-json\/wp\/v2\/categories?post=30969"},{"taxonomy":"post_tag","embeddable":true,"href":"https:\/\/agenciainfra.com\/blog\/wp-json\/wp\/v2\/tags?post=30969"}],"curies":[{"name":"wp","href":"https:\/\/api.w.org\/{rel}","templated":true}]}}