{"id":30976,"date":"2025-10-29T14:43:46","date_gmt":"2025-10-29T17:43:46","guid":{"rendered":"https:\/\/agenciainfra.com\/blog\/?p=30976"},"modified":"2025-10-30T11:20:22","modified_gmt":"2025-10-30T14:20:22","slug":"braga-renovacao-de-hidreletricas-pode-atender-complexo-da-light-no-rj","status":"publish","type":"post","link":"https:\/\/agenciainfra.com\/blog\/braga-renovacao-de-hidreletricas-pode-atender-complexo-da-light-no-rj\/","title":{"rendered":"Braga: Renova\u00e7\u00e3o de hidrel\u00e9tricas pode atender complexo da Light no RJ"},"content":{"rendered":"\n<p class=\"has-text-align-right\"><strong>Geraldo Campos Jr., Lais Carregosa e Marisa Wanzeller, da Ag\u00eancia iNFRA<\/strong><\/p>\n\n\n\n<p>O senador Eduardo Braga (MDB-AM) disse durante discuss\u00e3o da MP (Medida Provis\u00f3ria) 1.304, da reforma do setor el\u00e9trico, nesta quarta-feira (29), que a autoriza\u00e7\u00e3o para que o poder concedente renove as concess\u00f5es de hidrel\u00e9tricas poder\u00e1 atender ao Complexo Hidrel\u00e9trico de Lajes (RJ), da Light.&nbsp;<\/p>\n\n\n\n<p>Segundo ele, sem uma previs\u00e3o, o estado poder\u00e1 sofrer com desabastecimento de \u00e1gua. \u201cN\u00e3o \u00e9 verdade que n\u00f3s estamos prorrogando as hidrel\u00e9tricas sem nenhuma trava. Vou dar um exemplo do estado do Rio de Janeiro, dois ter\u00e7os do abastecimento de \u00e1gua do Rio de Janeiro depende de um complexo de hidrel\u00e9tricas da Light. Este complexo tem 60 anos que foi constru\u00eddo. Sabe h\u00e1 quantos anos ele n\u00e3o sofre manuten\u00e7\u00e3o? H\u00e1 60 anos. Ele est\u00e1 \u00e0 beira do colapso, se n\u00e3o houver uma medida urgente n\u00f3s teremos desabastecimento de \u00e1gua no estado de vossa excel\u00eancia&#8221;, afirmou Braga ao deputado General Pazuello (PL-RJ).&nbsp;<\/p>\n\n\n\n<p>Ele ainda destacou que as prorroga\u00e7\u00f5es poder\u00e3o ser realizadas por meio de leil\u00e3o e, ainda, mediante pagamento de outorgas, que ser\u00e1 revertido para abatimento da CDE (Conta de Desenvolvimento Energ\u00e9tico).&nbsp;<\/p>\n\n\n\n<p><strong>Gera\u00e7\u00e3o Distribu\u00edda<\/strong><br>Parlamentares tamb\u00e9m apresentaram pedidos para mudan\u00e7as nas limita\u00e7\u00f5es impostas \u00e0 GD (gera\u00e7\u00e3o distribu\u00edda) solar. No entanto, Braga discordou e sinalizou que n\u00e3o acataria as mudan\u00e7as. \u201cSe eu acatar a sugest\u00e3o de vossa excel\u00eancia, \u00e9 melhor eu retirar o texto e deixar a microgera\u00e7\u00e3o distribu\u00edda arrombando o sistema, entrando e fracionando, acabando com o controle de curtailment e todo o esfor\u00e7o que fizemos. Ent\u00e3o, n\u00e3o tenho como acatar, se vossa excel\u00eancia n\u00e3o compreender, eu respeito, vossa excel\u00eancia pode destacar e se eu for voto vencido pela maioria\u201d, disse o relator, se referindo ao deputado Lafayette de Andrada (Republicanos-MG).\u00a0<\/p>\n\n\n\n<p>Por outro lado, o senador afirmou que aceitar\u00e1 emendas referentes \u00e0 exclus\u00e3o do subs\u00eddio da irriga\u00e7\u00e3o do teto da CDE e \u00e0 inclus\u00e3o das CGHs (Centrais Geradoras Hidrel\u00e9tricas) no regime de gera\u00e7\u00e3o distribu\u00edda.<\/p>\n","protected":false},"excerpt":{"rendered":"<p>Geraldo Campos Jr., Lais Carregosa e Marisa Wanzeller, da Ag\u00eancia iNFRA O senador Eduardo Braga (MDB-AM) disse durante discuss\u00e3o da MP (Medida Provis\u00f3ria) 1.304, da reforma do setor el\u00e9trico, nesta quarta-feira (29), que a autoriza\u00e7\u00e3o para que o poder concedente renove as concess\u00f5es de hidrel\u00e9tricas poder\u00e1 atender ao Complexo Hidrel\u00e9trico de Lajes (RJ), da Light.&nbsp; [&hellip;]<\/p>\n","protected":false},"author":1,"featured_media":30767,"comment_status":"closed","ping_status":"closed","sticky":false,"template":"","format":"standard","meta":{"_monsterinsights_skip_tracking":false,"_monsterinsights_sitenote_active":false,"_monsterinsights_sitenote_note":"","_monsterinsights_sitenote_category":0,"footnotes":""},"categories":[10],"tags":[16581,16582,13510,850,11594,637,13132,1867,7366,14378,10710],"class_list":["post-30976","post","type-post","status-publish","format-standard","has-post-thumbnail","hentry","category-infraenergia","tag-complexo-hidreletrico-de-lajes","tag-desabastecimento-de-agua","tag-eduardo-braga-mdb-am","tag-geracao-distribuida","tag-geraldo-campos-jr","tag-hidreletrica","tag-lais-carregosa","tag-light","tag-marisa-wanzeller","tag-mp-1-304","tag-reforma-do-setor-eletrico"],"yoast_head":"<!-- This site is optimized with the Yoast SEO Premium plugin v25.4 (Yoast SEO v26.0) - https:\/\/yoast.com\/wordpress\/plugins\/seo\/ -->\n<title>Braga: Renova\u00e7\u00e3o de hidrel\u00e9tricas pode atender complexo da Light no RJ - Ag\u00eancia iNFRA<\/title>\n<meta name=\"robots\" content=\"index, follow, max-snippet:-1, max-image-preview:large, max-video-preview:-1\" \/>\n<link rel=\"canonical\" href=\"https:\/\/agenciainfra.com\/blog\/braga-renovacao-de-hidreletricas-pode-atender-complexo-da-light-no-rj\/\" \/>\n<meta property=\"og:locale\" content=\"pt_BR\" \/>\n<meta property=\"og:type\" content=\"article\" \/>\n<meta property=\"og:title\" content=\"Braga: Renova\u00e7\u00e3o de hidrel\u00e9tricas pode atender complexo da Light no RJ\" \/>\n<meta property=\"og:description\" content=\"Geraldo Campos Jr., Lais Carregosa e Marisa Wanzeller, da Ag\u00eancia iNFRA O senador Eduardo Braga (MDB-AM) disse durante discuss\u00e3o da MP (Medida Provis\u00f3ria) 1.304, da reforma do setor el\u00e9trico, nesta quarta-feira (29), que a autoriza\u00e7\u00e3o para que o poder concedente renove as concess\u00f5es de hidrel\u00e9tricas poder\u00e1 atender ao Complexo Hidrel\u00e9trico de Lajes (RJ), da Light.&nbsp; [&hellip;]\" \/>\n<meta property=\"og:url\" content=\"https:\/\/agenciainfra.com\/blog\/braga-renovacao-de-hidreletricas-pode-atender-complexo-da-light-no-rj\/\" \/>\n<meta property=\"og:site_name\" content=\"Ag\u00eancia iNFRA\" \/>\n<meta property=\"article:publisher\" content=\"https:\/\/www.facebook.com\/ageninfra\" \/>\n<meta property=\"article:published_time\" content=\"2025-10-29T17:43:46+00:00\" \/>\n<meta property=\"article:modified_time\" content=\"2025-10-30T14:20:22+00:00\" \/>\n<meta property=\"og:image\" content=\"https:\/\/agenciainfra.com\/blog\/wp-content\/uploads\/2025\/10\/eduardo-braga-foto-saulo-cruz-agencia-senado.jpg\" \/>\n\t<meta property=\"og:image:width\" content=\"1280\" \/>\n\t<meta property=\"og:image:height\" content=\"853\" \/>\n\t<meta property=\"og:image:type\" content=\"image\/jpeg\" \/>\n<meta name=\"author\" content=\"Ag\u00eancia iNFRA\" \/>\n<meta name=\"twitter:card\" content=\"summary_large_image\" \/>\n<meta name=\"twitter:creator\" content=\"@agencia_infra\" \/>\n<meta name=\"twitter:site\" content=\"@agencia_infra\" \/>\n<meta name=\"twitter:label1\" content=\"Escrito por\" \/>\n\t<meta name=\"twitter:data1\" content=\"Ag\u00eancia iNFRA\" \/>\n\t<meta name=\"twitter:label2\" content=\"Est. tempo de leitura\" \/>\n\t<meta name=\"twitter:data2\" content=\"2 minutos\" \/>\n<script type=\"application\/ld+json\" class=\"yoast-schema-graph\">{\"@context\":\"https:\/\/schema.org\",\"@graph\":[{\"@type\":\"Article\",\"@id\":\"https:\/\/agenciainfra.com\/blog\/braga-renovacao-de-hidreletricas-pode-atender-complexo-da-light-no-rj\/#article\",\"isPartOf\":{\"@id\":\"https:\/\/agenciainfra.com\/blog\/braga-renovacao-de-hidreletricas-pode-atender-complexo-da-light-no-rj\/\"},\"author\":{\"name\":\"Ag\u00eancia iNFRA\",\"@id\":\"https:\/\/agenciainfra.com\/blog\/#\/schema\/person\/34af08dff6adea4cb22b06612ba7acfa\"},\"headline\":\"Braga: Renova\u00e7\u00e3o de hidrel\u00e9tricas pode atender complexo da Light no RJ\",\"datePublished\":\"2025-10-29T17:43:46+00:00\",\"dateModified\":\"2025-10-30T14:20:22+00:00\",\"mainEntityOfPage\":{\"@id\":\"https:\/\/agenciainfra.com\/blog\/braga-renovacao-de-hidreletricas-pode-atender-complexo-da-light-no-rj\/\"},\"wordCount\":374,\"publisher\":{\"@id\":\"https:\/\/agenciainfra.com\/blog\/#organization\"},\"image\":{\"@id\":\"https:\/\/agenciainfra.com\/blog\/braga-renovacao-de-hidreletricas-pode-atender-complexo-da-light-no-rj\/#primaryimage\"},\"thumbnailUrl\":\"https:\/\/agenciainfra.com\/blog\/wp-content\/uploads\/2025\/10\/eduardo-braga-foto-saulo-cruz-agencia-senado.jpg\",\"keywords\":[\"Complexo Hidrel\u00e9trico de Lajes\",\"desabastecimento de \u00e1gua\",\"Eduardo Braga (MDB-AM)\",\"gera\u00e7\u00e3o distribu\u00edda\",\"Geraldo Campos Jr.\",\"hidrel\u00e9trica\",\"Lais Carregosa\",\"Light\",\"Marisa Wanzeller\",\"MP 1.304\",\"Reforma do Setor El\u00e9trico\"],\"articleSection\":[\"iNFRAEnergia\"],\"inLanguage\":\"pt-BR\",\"copyrightYear\":\"2025\",\"copyrightHolder\":{\"@id\":\"https:\/\/agenciainfra.com\/blog\/#organization\"}},{\"@type\":\"WebPage\",\"@id\":\"https:\/\/agenciainfra.com\/blog\/braga-renovacao-de-hidreletricas-pode-atender-complexo-da-light-no-rj\/\",\"url\":\"https:\/\/agenciainfra.com\/blog\/braga-renovacao-de-hidreletricas-pode-atender-complexo-da-light-no-rj\/\",\"name\":\"Braga: Renova\u00e7\u00e3o de hidrel\u00e9tricas pode atender complexo da Light no RJ - Ag\u00eancia iNFRA\",\"isPartOf\":{\"@id\":\"https:\/\/agenciainfra.com\/blog\/#website\"},\"primaryImageOfPage\":{\"@id\":\"https:\/\/agenciainfra.com\/blog\/braga-renovacao-de-hidreletricas-pode-atender-complexo-da-light-no-rj\/#primaryimage\"},\"image\":{\"@id\":\"https:\/\/agenciainfra.com\/blog\/braga-renovacao-de-hidreletricas-pode-atender-complexo-da-light-no-rj\/#primaryimage\"},\"thumbnailUrl\":\"https:\/\/agenciainfra.com\/blog\/wp-content\/uploads\/2025\/10\/eduardo-braga-foto-saulo-cruz-agencia-senado.jpg\",\"datePublished\":\"2025-10-29T17:43:46+00:00\",\"dateModified\":\"2025-10-30T14:20:22+00:00\",\"breadcrumb\":{\"@id\":\"https:\/\/agenciainfra.com\/blog\/braga-renovacao-de-hidreletricas-pode-atender-complexo-da-light-no-rj\/#breadcrumb\"},\"inLanguage\":\"pt-BR\",\"potentialAction\":[{\"@type\":\"ReadAction\",\"target\":[\"https:\/\/agenciainfra.com\/blog\/braga-renovacao-de-hidreletricas-pode-atender-complexo-da-light-no-rj\/\"]}]},{\"@type\":\"ImageObject\",\"inLanguage\":\"pt-BR\",\"@id\":\"https:\/\/agenciainfra.com\/blog\/braga-renovacao-de-hidreletricas-pode-atender-complexo-da-light-no-rj\/#primaryimage\",\"url\":\"https:\/\/agenciainfra.com\/blog\/wp-content\/uploads\/2025\/10\/eduardo-braga-foto-saulo-cruz-agencia-senado.jpg\",\"contentUrl\":\"https:\/\/agenciainfra.com\/blog\/wp-content\/uploads\/2025\/10\/eduardo-braga-foto-saulo-cruz-agencia-senado.jpg\",\"width\":1280,\"height\":853,\"caption\":\"Foto: Saulo Cruz\/Ag\u00eancia Senado\"},{\"@type\":\"BreadcrumbList\",\"@id\":\"https:\/\/agenciainfra.com\/blog\/braga-renovacao-de-hidreletricas-pode-atender-complexo-da-light-no-rj\/#breadcrumb\",\"itemListElement\":[{\"@type\":\"ListItem\",\"position\":1,\"name\":\"In\u00edcio\",\"item\":\"https:\/\/agenciainfra.com\/blog\/\"},{\"@type\":\"ListItem\",\"position\":2,\"name\":\"Braga: Renova\u00e7\u00e3o de hidrel\u00e9tricas pode atender complexo da Light no RJ\"}]},{\"@type\":\"WebSite\",\"@id\":\"https:\/\/agenciainfra.com\/blog\/#website\",\"url\":\"https:\/\/agenciainfra.com\/blog\/\",\"name\":\"Ag\u00eancia iNFRA\",\"description\":\"Multiplataforma de informa\u00e7\u00e3o jornal\u00edstica refer\u00eancia na \u00e1rea de infraestrutura no Brasil!\",\"publisher\":{\"@id\":\"https:\/\/agenciainfra.com\/blog\/#organization\"},\"potentialAction\":[{\"@type\":\"SearchAction\",\"target\":{\"@type\":\"EntryPoint\",\"urlTemplate\":\"https:\/\/agenciainfra.com\/blog\/?s={search_term_string}\"},\"query-input\":{\"@type\":\"PropertyValueSpecification\",\"valueRequired\":true,\"valueName\":\"search_term_string\"}}],\"inLanguage\":\"pt-BR\"},{\"@type\":\"Organization\",\"@id\":\"https:\/\/agenciainfra.com\/blog\/#organization\",\"name\":\"Ag\u00eancia iNFRA\",\"url\":\"https:\/\/agenciainfra.com\/blog\/\",\"logo\":{\"@type\":\"ImageObject\",\"inLanguage\":\"pt-BR\",\"@id\":\"https:\/\/agenciainfra.com\/blog\/#\/schema\/logo\/image\/\",\"url\":\"https:\/\/agenciainfra.com\/blog\/wp-content\/uploads\/2023\/09\/iNFRA_5-e1761735885940.png\",\"contentUrl\":\"https:\/\/agenciainfra.com\/blog\/wp-content\/uploads\/2023\/09\/iNFRA_5-e1761735885940.png\",\"width\":1672,\"height\":454,\"caption\":\"Ag\u00eancia iNFRA\"},\"image\":{\"@id\":\"https:\/\/agenciainfra.com\/blog\/#\/schema\/logo\/image\/\"},\"sameAs\":[\"https:\/\/www.facebook.com\/ageninfra\",\"https:\/\/x.com\/agencia_infra\",\"https:\/\/www.linkedin.com\/company\/ag\u00eanciainfra\/\",\"https:\/\/www.instagram.com\/agenciainfra\/\"]},{\"@type\":\"Person\",\"@id\":\"https:\/\/agenciainfra.com\/blog\/#\/schema\/person\/34af08dff6adea4cb22b06612ba7acfa\",\"name\":\"Ag\u00eancia iNFRA\",\"image\":{\"@type\":\"ImageObject\",\"inLanguage\":\"pt-BR\",\"@id\":\"https:\/\/agenciainfra.com\/blog\/#\/schema\/person\/image\/\",\"url\":\"https:\/\/secure.gravatar.com\/avatar\/d189e01678f06d8eb84d4e01f08eb848b3fffe3f8443818d3c356c66892f5be8?s=96&d=mm&r=g\",\"contentUrl\":\"https:\/\/secure.gravatar.com\/avatar\/d189e01678f06d8eb84d4e01f08eb848b3fffe3f8443818d3c356c66892f5be8?s=96&d=mm&r=g\",\"caption\":\"Ag\u00eancia iNFRA\"},\"url\":\"https:\/\/agenciainfra.com\/blog\/author\/admin\/\"}]}<\/script>\n<!-- \/ Yoast SEO Premium plugin. -->","yoast_head_json":{"title":"Braga: Renova\u00e7\u00e3o de hidrel\u00e9tricas pode atender complexo da Light no RJ - Ag\u00eancia iNFRA","robots":{"index":"index","follow":"follow","max-snippet":"max-snippet:-1","max-image-preview":"max-image-preview:large","max-video-preview":"max-video-preview:-1"},"canonical":"https:\/\/agenciainfra.com\/blog\/braga-renovacao-de-hidreletricas-pode-atender-complexo-da-light-no-rj\/","og_locale":"pt_BR","og_type":"article","og_title":"Braga: Renova\u00e7\u00e3o de hidrel\u00e9tricas pode atender complexo da Light no RJ","og_description":"Geraldo Campos Jr., Lais Carregosa e Marisa Wanzeller, da Ag\u00eancia iNFRA O senador Eduardo Braga (MDB-AM) disse durante discuss\u00e3o da MP (Medida Provis\u00f3ria) 1.304, da reforma do setor el\u00e9trico, nesta quarta-feira (29), que a autoriza\u00e7\u00e3o para que o poder concedente renove as concess\u00f5es de hidrel\u00e9tricas poder\u00e1 atender ao Complexo Hidrel\u00e9trico de Lajes (RJ), da Light.&nbsp; [&hellip;]","og_url":"https:\/\/agenciainfra.com\/blog\/braga-renovacao-de-hidreletricas-pode-atender-complexo-da-light-no-rj\/","og_site_name":"Ag\u00eancia iNFRA","article_publisher":"https:\/\/www.facebook.com\/ageninfra","article_published_time":"2025-10-29T17:43:46+00:00","article_modified_time":"2025-10-30T14:20:22+00:00","og_image":[{"width":1280,"height":853,"url":"https:\/\/agenciainfra.com\/blog\/wp-content\/uploads\/2025\/10\/eduardo-braga-foto-saulo-cruz-agencia-senado.jpg","type":"image\/jpeg"}],"author":"Ag\u00eancia iNFRA","twitter_card":"summary_large_image","twitter_creator":"@agencia_infra","twitter_site":"@agencia_infra","twitter_misc":{"Escrito por":"Ag\u00eancia iNFRA","Est. tempo de leitura":"2 minutos"},"schema":{"@context":"https:\/\/schema.org","@graph":[{"@type":"Article","@id":"https:\/\/agenciainfra.com\/blog\/braga-renovacao-de-hidreletricas-pode-atender-complexo-da-light-no-rj\/#article","isPartOf":{"@id":"https:\/\/agenciainfra.com\/blog\/braga-renovacao-de-hidreletricas-pode-atender-complexo-da-light-no-rj\/"},"author":{"name":"Ag\u00eancia iNFRA","@id":"https:\/\/agenciainfra.com\/blog\/#\/schema\/person\/34af08dff6adea4cb22b06612ba7acfa"},"headline":"Braga: Renova\u00e7\u00e3o de hidrel\u00e9tricas pode atender complexo da Light no RJ","datePublished":"2025-10-29T17:43:46+00:00","dateModified":"2025-10-30T14:20:22+00:00","mainEntityOfPage":{"@id":"https:\/\/agenciainfra.com\/blog\/braga-renovacao-de-hidreletricas-pode-atender-complexo-da-light-no-rj\/"},"wordCount":374,"publisher":{"@id":"https:\/\/agenciainfra.com\/blog\/#organization"},"image":{"@id":"https:\/\/agenciainfra.com\/blog\/braga-renovacao-de-hidreletricas-pode-atender-complexo-da-light-no-rj\/#primaryimage"},"thumbnailUrl":"https:\/\/agenciainfra.com\/blog\/wp-content\/uploads\/2025\/10\/eduardo-braga-foto-saulo-cruz-agencia-senado.jpg","keywords":["Complexo Hidrel\u00e9trico de Lajes","desabastecimento de \u00e1gua","Eduardo Braga (MDB-AM)","gera\u00e7\u00e3o distribu\u00edda","Geraldo Campos Jr.","hidrel\u00e9trica","Lais Carregosa","Light","Marisa Wanzeller","MP 1.304","Reforma do Setor El\u00e9trico"],"articleSection":["iNFRAEnergia"],"inLanguage":"pt-BR","copyrightYear":"2025","copyrightHolder":{"@id":"https:\/\/agenciainfra.com\/blog\/#organization"}},{"@type":"WebPage","@id":"https:\/\/agenciainfra.com\/blog\/braga-renovacao-de-hidreletricas-pode-atender-complexo-da-light-no-rj\/","url":"https:\/\/agenciainfra.com\/blog\/braga-renovacao-de-hidreletricas-pode-atender-complexo-da-light-no-rj\/","name":"Braga: Renova\u00e7\u00e3o de hidrel\u00e9tricas pode atender complexo da Light no RJ - Ag\u00eancia iNFRA","isPartOf":{"@id":"https:\/\/agenciainfra.com\/blog\/#website"},"primaryImageOfPage":{"@id":"https:\/\/agenciainfra.com\/blog\/braga-renovacao-de-hidreletricas-pode-atender-complexo-da-light-no-rj\/#primaryimage"},"image":{"@id":"https:\/\/agenciainfra.com\/blog\/braga-renovacao-de-hidreletricas-pode-atender-complexo-da-light-no-rj\/#primaryimage"},"thumbnailUrl":"https:\/\/agenciainfra.com\/blog\/wp-content\/uploads\/2025\/10\/eduardo-braga-foto-saulo-cruz-agencia-senado.jpg","datePublished":"2025-10-29T17:43:46+00:00","dateModified":"2025-10-30T14:20:22+00:00","breadcrumb":{"@id":"https:\/\/agenciainfra.com\/blog\/braga-renovacao-de-hidreletricas-pode-atender-complexo-da-light-no-rj\/#breadcrumb"},"inLanguage":"pt-BR","potentialAction":[{"@type":"ReadAction","target":["https:\/\/agenciainfra.com\/blog\/braga-renovacao-de-hidreletricas-pode-atender-complexo-da-light-no-rj\/"]}]},{"@type":"ImageObject","inLanguage":"pt-BR","@id":"https:\/\/agenciainfra.com\/blog\/braga-renovacao-de-hidreletricas-pode-atender-complexo-da-light-no-rj\/#primaryimage","url":"https:\/\/agenciainfra.com\/blog\/wp-content\/uploads\/2025\/10\/eduardo-braga-foto-saulo-cruz-agencia-senado.jpg","contentUrl":"https:\/\/agenciainfra.com\/blog\/wp-content\/uploads\/2025\/10\/eduardo-braga-foto-saulo-cruz-agencia-senado.jpg","width":1280,"height":853,"caption":"Foto: Saulo Cruz\/Ag\u00eancia Senado"},{"@type":"BreadcrumbList","@id":"https:\/\/agenciainfra.com\/blog\/braga-renovacao-de-hidreletricas-pode-atender-complexo-da-light-no-rj\/#breadcrumb","itemListElement":[{"@type":"ListItem","position":1,"name":"In\u00edcio","item":"https:\/\/agenciainfra.com\/blog\/"},{"@type":"ListItem","position":2,"name":"Braga: Renova\u00e7\u00e3o de hidrel\u00e9tricas pode atender complexo da Light no RJ"}]},{"@type":"WebSite","@id":"https:\/\/agenciainfra.com\/blog\/#website","url":"https:\/\/agenciainfra.com\/blog\/","name":"Ag\u00eancia iNFRA","description":"Multiplataforma de informa\u00e7\u00e3o jornal\u00edstica refer\u00eancia na \u00e1rea de infraestrutura no Brasil!","publisher":{"@id":"https:\/\/agenciainfra.com\/blog\/#organization"},"potentialAction":[{"@type":"SearchAction","target":{"@type":"EntryPoint","urlTemplate":"https:\/\/agenciainfra.com\/blog\/?s={search_term_string}"},"query-input":{"@type":"PropertyValueSpecification","valueRequired":true,"valueName":"search_term_string"}}],"inLanguage":"pt-BR"},{"@type":"Organization","@id":"https:\/\/agenciainfra.com\/blog\/#organization","name":"Ag\u00eancia iNFRA","url":"https:\/\/agenciainfra.com\/blog\/","logo":{"@type":"ImageObject","inLanguage":"pt-BR","@id":"https:\/\/agenciainfra.com\/blog\/#\/schema\/logo\/image\/","url":"https:\/\/agenciainfra.com\/blog\/wp-content\/uploads\/2023\/09\/iNFRA_5-e1761735885940.png","contentUrl":"https:\/\/agenciainfra.com\/blog\/wp-content\/uploads\/2023\/09\/iNFRA_5-e1761735885940.png","width":1672,"height":454,"caption":"Ag\u00eancia iNFRA"},"image":{"@id":"https:\/\/agenciainfra.com\/blog\/#\/schema\/logo\/image\/"},"sameAs":["https:\/\/www.facebook.com\/ageninfra","https:\/\/x.com\/agencia_infra","https:\/\/www.linkedin.com\/company\/ag\u00eanciainfra\/","https:\/\/www.instagram.com\/agenciainfra\/"]},{"@type":"Person","@id":"https:\/\/agenciainfra.com\/blog\/#\/schema\/person\/34af08dff6adea4cb22b06612ba7acfa","name":"Ag\u00eancia iNFRA","image":{"@type":"ImageObject","inLanguage":"pt-BR","@id":"https:\/\/agenciainfra.com\/blog\/#\/schema\/person\/image\/","url":"https:\/\/secure.gravatar.com\/avatar\/d189e01678f06d8eb84d4e01f08eb848b3fffe3f8443818d3c356c66892f5be8?s=96&d=mm&r=g","contentUrl":"https:\/\/secure.gravatar.com\/avatar\/d189e01678f06d8eb84d4e01f08eb848b3fffe3f8443818d3c356c66892f5be8?s=96&d=mm&r=g","caption":"Ag\u00eancia iNFRA"},"url":"https:\/\/agenciainfra.com\/blog\/author\/admin\/"}]}},"_links":{"self":[{"href":"https:\/\/agenciainfra.com\/blog\/wp-json\/wp\/v2\/posts\/30976","targetHints":{"allow":["GET"]}}],"collection":[{"href":"https:\/\/agenciainfra.com\/blog\/wp-json\/wp\/v2\/posts"}],"about":[{"href":"https:\/\/agenciainfra.com\/blog\/wp-json\/wp\/v2\/types\/post"}],"author":[{"embeddable":true,"href":"https:\/\/agenciainfra.com\/blog\/wp-json\/wp\/v2\/users\/1"}],"replies":[{"embeddable":true,"href":"https:\/\/agenciainfra.com\/blog\/wp-json\/wp\/v2\/comments?post=30976"}],"version-history":[{"count":1,"href":"https:\/\/agenciainfra.com\/blog\/wp-json\/wp\/v2\/posts\/30976\/revisions"}],"predecessor-version":[{"id":30979,"href":"https:\/\/agenciainfra.com\/blog\/wp-json\/wp\/v2\/posts\/30976\/revisions\/30979"}],"wp:featuredmedia":[{"embeddable":true,"href":"https:\/\/agenciainfra.com\/blog\/wp-json\/wp\/v2\/media\/30767"}],"wp:attachment":[{"href":"https:\/\/agenciainfra.com\/blog\/wp-json\/wp\/v2\/media?parent=30976"}],"wp:term":[{"taxonomy":"category","embeddable":true,"href":"https:\/\/agenciainfra.com\/blog\/wp-json\/wp\/v2\/categories?post=30976"},{"taxonomy":"post_tag","embeddable":true,"href":"https:\/\/agenciainfra.com\/blog\/wp-json\/wp\/v2\/tags?post=30976"}],"curies":[{"name":"wp","href":"https:\/\/api.w.org\/{rel}","templated":true}]}}