{"id":30982,"date":"2025-10-29T15:50:12","date_gmt":"2025-10-29T18:50:12","guid":{"rendered":"https:\/\/agenciainfra.com\/blog\/?p=30982"},"modified":"2025-10-29T15:50:14","modified_gmt":"2025-10-29T18:50:14","slug":"o-legado-do-transporte-sustentavel","status":"publish","type":"post","link":"https:\/\/agenciainfra.com\/blog\/o-legado-do-transporte-sustentavel\/","title":{"rendered":"O legado do transporte sustent\u00e1vel"},"content":{"rendered":"\n<p class=\"has-text-align-right\"><strong>Cloves Eduardo Benevides*<\/strong><\/p>\n\n\n\n<p>A sustentabilidade transformou-se no eixo central da pol\u00edtica p\u00fablica de transportes no Brasil. Mais do que um princ\u00edpio, ela se consolidou como a pr\u00f3pria l\u00f3gica de gest\u00e3o do Minist\u00e9rio dos Transportes, articulando inova\u00e7\u00e3o, governan\u00e7a, inclus\u00e3o social e responsabilidade clim\u00e1tica como elementos estruturantes do desenvolvimento nacional.<\/p>\n\n\n\n<p>O pa\u00eds chega \u00e0 COP30, em Bel\u00e9m, com um legado concreto de avan\u00e7os institucionais. O Minist\u00e9rio dos Transportes lidera uma agenda que traduz a transi\u00e7\u00e3o de uma infraestrutura centrada na expans\u00e3o f\u00edsica para um modelo de investimento baseado em evid\u00eancias, efici\u00eancia e resili\u00eancia clim\u00e1tica. A sustentabilidade, antes vista como requisito adicional, tornou-se instrumento de decis\u00e3o e prioridade de investimento.<\/p>\n\n\n\n<p>Essa transforma\u00e7\u00e3o resulta de um processo cont\u00ednuo de planejamento e coopera\u00e7\u00e3o. Por meio das Diretrizes Interministeriais de Sustentabilidade, do PIT (Plano Integrado de Transportes) e do PNL 2050 (Plano Nacional de Log\u00edstica 2050), o minist\u00e9rio incorporou indicadores de risco clim\u00e1tico, efici\u00eancia energ\u00e9tica e impacto social \u00e0 governan\u00e7a dos investimentos p\u00fablicos. Esses instrumentos unem ci\u00eancia, dados e responsabilidade, garantindo que cada obra seja tamb\u00e9m uma resposta \u00e0s metas de mitiga\u00e7\u00e3o e adapta\u00e7\u00e3o \u00e0 mudan\u00e7a do clima.<\/p>\n\n\n\n<p>Na dimens\u00e3o ambiental, o Programa PRO-AdaptaVias marca um salto hist\u00f3rico. Lan\u00e7ado em 2025, o programa integra diagn\u00f3sticos t\u00e9cnicos de vulnerabilidade com solu\u00e7\u00f5es concretas de adapta\u00e7\u00e3o da infraestrutura rodovi\u00e1ria e ferrovi\u00e1ria aos eventos clim\u00e1ticos extremos. Paralelamente, a Taxonomia Sustent\u00e1vel Brasileira, coordenada pelo Minist\u00e9rio da Fazenda, consolida a base para direcionar investimentos verdes ao transporte resiliente e de baixo carbono.<\/p>\n\n\n\n<p>A dimens\u00e3o social tamb\u00e9m foi fortalecida. A cria\u00e7\u00e3o da Aspad (Assessoria de Participa\u00e7\u00e3o Social e Diversidade) institucionalizou o di\u00e1logo com comunidades impactadas e assegurou que a diversidade e os direitos humanos fossem tratados como parte da sustentabilidade. O sistema Midas (Monitoramento Integrado de Dados Socioambientais) tornou-se refer\u00eancia na gest\u00e3o de licenciamento ambiental, ampliando a transpar\u00eancia e o controle social sobre as obras p\u00fablicas.<\/p>\n\n\n\n<p>Na governan\u00e7a, o minist\u00e9rio estabeleceu um modelo robusto de gest\u00e3o estrat\u00e9gica. Medidas regulat\u00f3rias criaram mecanismos de integridade e crit\u00e9rios ESG em concess\u00f5es e licita\u00e7\u00f5es, estimulando investimentos sustent\u00e1veis nas rodovias federais. O resultado \u00e9 um setor p\u00fablico mais transparente, inovador e preparado para liderar o planejamento de longo prazo da infraestrutura nacional.<\/p>\n\n\n\n<p>A COP30, sediada na Amaz\u00f4nia, oferece ao Brasil a oportunidade de apresentar esse legado ao mundo. Em parceria com a CNT (Confedera\u00e7\u00e3o Nacional do Transporte), o minist\u00e9rio coordena a Esta\u00e7\u00e3o do Desenvolvimento \u2013 Transporte, Infraestrutura e Sustentabilidade, um espa\u00e7o de converg\u00eancia entre governo, setor produtivo e sociedade civil para debater solu\u00e7\u00f5es, firmar compromissos e fortalecer a transi\u00e7\u00e3o ecol\u00f3gica.<\/p>\n\n\n\n<p>A Esta\u00e7\u00e3o do Desenvolvimento refletir\u00e1 o novo papel do transporte: ser protagonista na descarboniza\u00e7\u00e3o da economia e no financiamento verde. Com pain\u00e9is t\u00e9cnicos, experi\u00eancias culturais e imers\u00f5es amaz\u00f4nicas, o espa\u00e7o vai conectar inova\u00e7\u00e3o tecnol\u00f3gica, diversidade cultural e responsabilidade socioambiental, consolidando um legado para al\u00e9m da COP30.<\/p>\n\n\n\n<p>O Acordo de Coopera\u00e7\u00e3o T\u00e9cnica MT\u2013CNT, que estrutura a parceria, tamb\u00e9m prev\u00ea o Invent\u00e1rio Nacional de Emiss\u00f5es de GEE do Transporte Rodovi\u00e1rio e Ferrovi\u00e1rio \u2013 ferramenta essencial para orientar pol\u00edticas p\u00fablicas e estrat\u00e9gias de descarboniza\u00e7\u00e3o baseadas em dados reais. Trata-se do primeiro invent\u00e1rio nacional que abranger\u00e1 integralmente os modos terrestres de transporte de carga e passageiros.<\/p>\n\n\n\n<p>Ao integrar pol\u00edticas clim\u00e1ticas, dados ambientais e inova\u00e7\u00e3o log\u00edstica, o Minist\u00e9rio dos Transportes reafirma sua contribui\u00e7\u00e3o direta \u00e0s metas brasileiras do Acordo de Paris e aos Objetivos de Desenvolvimento Sustent\u00e1vel da Agenda 2030. O setor passa a atuar com vis\u00e3o sist\u00eamica: reduzir emiss\u00f5es, proteger pessoas e garantir competitividade.<\/p>\n\n\n\n<p>Esse novo paradigma \u00e9 fruto de alian\u00e7as institucionais com o BID, GIZ, CDRI, ITF\/OCDE e SLOCAT, que apoiam o desenvolvimento de instrumentos t\u00e9cnicos e financeiros de infraestrutura sustent\u00e1vel. Essa rede de coopera\u00e7\u00e3o internacional consolida o Brasil como refer\u00eancia em planejamento log\u00edstico e governan\u00e7a clim\u00e1tica.<\/p>\n\n\n\n<p>Mais do que resultados, esse legado traduz um reposicionamento. O Minist\u00e9rio dos Transportes deixa de reagir \u00e0s demandas ambientais e passa a antecipar solu\u00e7\u00f5es, transformando sustentabilidade em estrat\u00e9gia de Estado. O futuro da infraestrutura de transportes brasileira \u00e9 um futuro de baixo carbono, inova\u00e7\u00e3o e justi\u00e7a social.<\/p>\n\n\n\n<p>Na COP30, esse compromisso ser\u00e1 vis\u00edvel e compartilhado. A infraestrutura de transportes n\u00e3o ser\u00e1 apenas palco de debates \u2013 ser\u00e1 vitrine de resultados e s\u00edmbolo da capacidade do Brasil de liderar com integridade, conhecimento e esperan\u00e7a.<\/p>\n\n\n\n<p><strong>*Cloves Eduardo Benevides<\/strong> \u00e9 subsecret\u00e1rio de Sustentabilidade do Minist\u00e9rio dos Transportes.<\/p>\n\n\n\n<p class=\"has-luminous-vivid-orange-color has-text-color has-link-color wp-elements-afaaa81626125a77b95b6a69457c218d\">As opini\u00f5es dos autores n\u00e3o refletem necessariamente o pensamento da<strong>&nbsp;Ag\u00eancia iNFRA<\/strong>, sendo de total responsabilidade do autor as informa\u00e7\u00f5es, ju\u00edzos de valor e conceitos descritos no texto.<\/p>\n","protected":false},"excerpt":{"rendered":"<p>Cloves Eduardo Benevides* A sustentabilidade transformou-se no eixo central da pol\u00edtica p\u00fablica de transportes no Brasil. Mais do que um princ\u00edpio, ela se consolidou como a pr\u00f3pria l\u00f3gica de gest\u00e3o do Minist\u00e9rio dos Transportes, articulando inova\u00e7\u00e3o, governan\u00e7a, inclus\u00e3o social e responsabilidade clim\u00e1tica como elementos estruturantes do desenvolvimento nacional. O pa\u00eds chega \u00e0 COP30, em Bel\u00e9m, [&hellip;]<\/p>\n","protected":false},"author":1,"featured_media":30984,"comment_status":"closed","ping_status":"closed","sticky":false,"template":"","format":"standard","meta":{"_monsterinsights_skip_tracking":false,"_monsterinsights_sitenote_active":false,"_monsterinsights_sitenote_note":"","_monsterinsights_sitenote_category":0,"footnotes":""},"categories":[7,10040],"tags":[11750,127,8068,16,9612,6090,16585,9162],"class_list":["post-30982","post","type-post","status-publish","format-standard","has-post-thumbnail","hentry","category-infratransporte","category-opiniao","tag-cloves-benevides","tag-cnt","tag-cop30","tag-ministerio-dos-transportes","tag-pit","tag-pnl-2050","tag-pro-adaptavias","tag-transporte-sustentavel"],"yoast_head":"<!-- This site is optimized with the Yoast SEO Premium plugin v25.4 (Yoast SEO v26.0) - https:\/\/yoast.com\/wordpress\/plugins\/seo\/ -->\n<title>O legado do transporte sustent\u00e1vel - Ag\u00eancia iNFRA<\/title>\n<meta name=\"robots\" content=\"index, follow, max-snippet:-1, max-image-preview:large, max-video-preview:-1\" \/>\n<link rel=\"canonical\" href=\"https:\/\/agenciainfra.com\/blog\/o-legado-do-transporte-sustentavel\/\" \/>\n<meta property=\"og:locale\" content=\"pt_BR\" \/>\n<meta property=\"og:type\" content=\"article\" \/>\n<meta property=\"og:title\" content=\"O legado do transporte sustent\u00e1vel\" \/>\n<meta property=\"og:description\" content=\"Cloves Eduardo Benevides* A sustentabilidade transformou-se no eixo central da pol\u00edtica p\u00fablica de transportes no Brasil. Mais do que um princ\u00edpio, ela se consolidou como a pr\u00f3pria l\u00f3gica de gest\u00e3o do Minist\u00e9rio dos Transportes, articulando inova\u00e7\u00e3o, governan\u00e7a, inclus\u00e3o social e responsabilidade clim\u00e1tica como elementos estruturantes do desenvolvimento nacional. O pa\u00eds chega \u00e0 COP30, em Bel\u00e9m, [&hellip;]\" \/>\n<meta property=\"og:url\" content=\"https:\/\/agenciainfra.com\/blog\/o-legado-do-transporte-sustentavel\/\" \/>\n<meta property=\"og:site_name\" content=\"Ag\u00eancia iNFRA\" \/>\n<meta property=\"article:publisher\" content=\"https:\/\/www.facebook.com\/ageninfra\" \/>\n<meta property=\"article:published_time\" content=\"2025-10-29T18:50:12+00:00\" \/>\n<meta property=\"article:modified_time\" content=\"2025-10-29T18:50:14+00:00\" \/>\n<meta property=\"og:image\" content=\"https:\/\/agenciainfra.com\/blog\/wp-content\/uploads\/2025\/10\/cloves-benevides-foto-divulgacao.jpg\" \/>\n\t<meta property=\"og:image:width\" content=\"1280\" \/>\n\t<meta property=\"og:image:height\" content=\"763\" \/>\n\t<meta property=\"og:image:type\" content=\"image\/jpeg\" \/>\n<meta name=\"author\" content=\"Ag\u00eancia iNFRA\" \/>\n<meta name=\"twitter:card\" content=\"summary_large_image\" \/>\n<meta name=\"twitter:creator\" content=\"@agencia_infra\" \/>\n<meta name=\"twitter:site\" content=\"@agencia_infra\" \/>\n<meta name=\"twitter:label1\" content=\"Escrito por\" \/>\n\t<meta name=\"twitter:data1\" content=\"Ag\u00eancia iNFRA\" \/>\n\t<meta name=\"twitter:label2\" content=\"Est. tempo de leitura\" \/>\n\t<meta name=\"twitter:data2\" content=\"4 minutos\" \/>\n<script type=\"application\/ld+json\" class=\"yoast-schema-graph\">{\"@context\":\"https:\/\/schema.org\",\"@graph\":[{\"@type\":\"Article\",\"@id\":\"https:\/\/agenciainfra.com\/blog\/o-legado-do-transporte-sustentavel\/#article\",\"isPartOf\":{\"@id\":\"https:\/\/agenciainfra.com\/blog\/o-legado-do-transporte-sustentavel\/\"},\"author\":{\"name\":\"Ag\u00eancia iNFRA\",\"@id\":\"https:\/\/agenciainfra.com\/blog\/#\/schema\/person\/34af08dff6adea4cb22b06612ba7acfa\"},\"headline\":\"O legado do transporte sustent\u00e1vel\",\"datePublished\":\"2025-10-29T18:50:12+00:00\",\"dateModified\":\"2025-10-29T18:50:14+00:00\",\"mainEntityOfPage\":{\"@id\":\"https:\/\/agenciainfra.com\/blog\/o-legado-do-transporte-sustentavel\/\"},\"wordCount\":858,\"publisher\":{\"@id\":\"https:\/\/agenciainfra.com\/blog\/#organization\"},\"image\":{\"@id\":\"https:\/\/agenciainfra.com\/blog\/o-legado-do-transporte-sustentavel\/#primaryimage\"},\"thumbnailUrl\":\"https:\/\/agenciainfra.com\/blog\/wp-content\/uploads\/2025\/10\/cloves-benevides-foto-divulgacao.jpg\",\"keywords\":[\"cloves benevides\",\"CNT\",\"COP30\",\"minist\u00e9rio dos transportes\",\"PIT\",\"PNL 2050\",\"PRO-AdaptaVias\",\"transporte sustent\u00e1vel\"],\"articleSection\":[\"iNFRATransporte\",\"Opini\u00e3o\"],\"inLanguage\":\"pt-BR\",\"copyrightYear\":\"2025\",\"copyrightHolder\":{\"@id\":\"https:\/\/agenciainfra.com\/blog\/#organization\"}},{\"@type\":\"WebPage\",\"@id\":\"https:\/\/agenciainfra.com\/blog\/o-legado-do-transporte-sustentavel\/\",\"url\":\"https:\/\/agenciainfra.com\/blog\/o-legado-do-transporte-sustentavel\/\",\"name\":\"O legado do transporte sustent\u00e1vel - Ag\u00eancia iNFRA\",\"isPartOf\":{\"@id\":\"https:\/\/agenciainfra.com\/blog\/#website\"},\"primaryImageOfPage\":{\"@id\":\"https:\/\/agenciainfra.com\/blog\/o-legado-do-transporte-sustentavel\/#primaryimage\"},\"image\":{\"@id\":\"https:\/\/agenciainfra.com\/blog\/o-legado-do-transporte-sustentavel\/#primaryimage\"},\"thumbnailUrl\":\"https:\/\/agenciainfra.com\/blog\/wp-content\/uploads\/2025\/10\/cloves-benevides-foto-divulgacao.jpg\",\"datePublished\":\"2025-10-29T18:50:12+00:00\",\"dateModified\":\"2025-10-29T18:50:14+00:00\",\"breadcrumb\":{\"@id\":\"https:\/\/agenciainfra.com\/blog\/o-legado-do-transporte-sustentavel\/#breadcrumb\"},\"inLanguage\":\"pt-BR\",\"potentialAction\":[{\"@type\":\"ReadAction\",\"target\":[\"https:\/\/agenciainfra.com\/blog\/o-legado-do-transporte-sustentavel\/\"]}]},{\"@type\":\"ImageObject\",\"inLanguage\":\"pt-BR\",\"@id\":\"https:\/\/agenciainfra.com\/blog\/o-legado-do-transporte-sustentavel\/#primaryimage\",\"url\":\"https:\/\/agenciainfra.com\/blog\/wp-content\/uploads\/2025\/10\/cloves-benevides-foto-divulgacao.jpg\",\"contentUrl\":\"https:\/\/agenciainfra.com\/blog\/wp-content\/uploads\/2025\/10\/cloves-benevides-foto-divulgacao.jpg\",\"width\":1280,\"height\":763,\"caption\":\"Foto: Divulga\u00e7\u00e3o\"},{\"@type\":\"BreadcrumbList\",\"@id\":\"https:\/\/agenciainfra.com\/blog\/o-legado-do-transporte-sustentavel\/#breadcrumb\",\"itemListElement\":[{\"@type\":\"ListItem\",\"position\":1,\"name\":\"In\u00edcio\",\"item\":\"https:\/\/agenciainfra.com\/blog\/\"},{\"@type\":\"ListItem\",\"position\":2,\"name\":\"O legado do transporte sustent\u00e1vel\"}]},{\"@type\":\"WebSite\",\"@id\":\"https:\/\/agenciainfra.com\/blog\/#website\",\"url\":\"https:\/\/agenciainfra.com\/blog\/\",\"name\":\"Ag\u00eancia iNFRA\",\"description\":\"Multiplataforma de informa\u00e7\u00e3o jornal\u00edstica refer\u00eancia na \u00e1rea de infraestrutura no Brasil!\",\"publisher\":{\"@id\":\"https:\/\/agenciainfra.com\/blog\/#organization\"},\"potentialAction\":[{\"@type\":\"SearchAction\",\"target\":{\"@type\":\"EntryPoint\",\"urlTemplate\":\"https:\/\/agenciainfra.com\/blog\/?s={search_term_string}\"},\"query-input\":{\"@type\":\"PropertyValueSpecification\",\"valueRequired\":true,\"valueName\":\"search_term_string\"}}],\"inLanguage\":\"pt-BR\"},{\"@type\":\"Organization\",\"@id\":\"https:\/\/agenciainfra.com\/blog\/#organization\",\"name\":\"Ag\u00eancia iNFRA\",\"url\":\"https:\/\/agenciainfra.com\/blog\/\",\"logo\":{\"@type\":\"ImageObject\",\"inLanguage\":\"pt-BR\",\"@id\":\"https:\/\/agenciainfra.com\/blog\/#\/schema\/logo\/image\/\",\"url\":\"https:\/\/agenciainfra.com\/blog\/wp-content\/uploads\/2023\/09\/iNFRA_5-e1761735885940.png\",\"contentUrl\":\"https:\/\/agenciainfra.com\/blog\/wp-content\/uploads\/2023\/09\/iNFRA_5-e1761735885940.png\",\"width\":1672,\"height\":454,\"caption\":\"Ag\u00eancia iNFRA\"},\"image\":{\"@id\":\"https:\/\/agenciainfra.com\/blog\/#\/schema\/logo\/image\/\"},\"sameAs\":[\"https:\/\/www.facebook.com\/ageninfra\",\"https:\/\/x.com\/agencia_infra\",\"https:\/\/www.linkedin.com\/company\/ag\u00eanciainfra\/\",\"https:\/\/www.instagram.com\/agenciainfra\/\"]},{\"@type\":\"Person\",\"@id\":\"https:\/\/agenciainfra.com\/blog\/#\/schema\/person\/34af08dff6adea4cb22b06612ba7acfa\",\"name\":\"Ag\u00eancia iNFRA\",\"image\":{\"@type\":\"ImageObject\",\"inLanguage\":\"pt-BR\",\"@id\":\"https:\/\/agenciainfra.com\/blog\/#\/schema\/person\/image\/\",\"url\":\"https:\/\/secure.gravatar.com\/avatar\/d189e01678f06d8eb84d4e01f08eb848b3fffe3f8443818d3c356c66892f5be8?s=96&d=mm&r=g\",\"contentUrl\":\"https:\/\/secure.gravatar.com\/avatar\/d189e01678f06d8eb84d4e01f08eb848b3fffe3f8443818d3c356c66892f5be8?s=96&d=mm&r=g\",\"caption\":\"Ag\u00eancia iNFRA\"},\"url\":\"https:\/\/agenciainfra.com\/blog\/author\/admin\/\"}]}<\/script>\n<!-- \/ Yoast SEO Premium plugin. -->","yoast_head_json":{"title":"O legado do transporte sustent\u00e1vel - Ag\u00eancia iNFRA","robots":{"index":"index","follow":"follow","max-snippet":"max-snippet:-1","max-image-preview":"max-image-preview:large","max-video-preview":"max-video-preview:-1"},"canonical":"https:\/\/agenciainfra.com\/blog\/o-legado-do-transporte-sustentavel\/","og_locale":"pt_BR","og_type":"article","og_title":"O legado do transporte sustent\u00e1vel","og_description":"Cloves Eduardo Benevides* A sustentabilidade transformou-se no eixo central da pol\u00edtica p\u00fablica de transportes no Brasil. Mais do que um princ\u00edpio, ela se consolidou como a pr\u00f3pria l\u00f3gica de gest\u00e3o do Minist\u00e9rio dos Transportes, articulando inova\u00e7\u00e3o, governan\u00e7a, inclus\u00e3o social e responsabilidade clim\u00e1tica como elementos estruturantes do desenvolvimento nacional. O pa\u00eds chega \u00e0 COP30, em Bel\u00e9m, [&hellip;]","og_url":"https:\/\/agenciainfra.com\/blog\/o-legado-do-transporte-sustentavel\/","og_site_name":"Ag\u00eancia iNFRA","article_publisher":"https:\/\/www.facebook.com\/ageninfra","article_published_time":"2025-10-29T18:50:12+00:00","article_modified_time":"2025-10-29T18:50:14+00:00","og_image":[{"width":1280,"height":763,"url":"https:\/\/agenciainfra.com\/blog\/wp-content\/uploads\/2025\/10\/cloves-benevides-foto-divulgacao.jpg","type":"image\/jpeg"}],"author":"Ag\u00eancia iNFRA","twitter_card":"summary_large_image","twitter_creator":"@agencia_infra","twitter_site":"@agencia_infra","twitter_misc":{"Escrito por":"Ag\u00eancia iNFRA","Est. tempo de leitura":"4 minutos"},"schema":{"@context":"https:\/\/schema.org","@graph":[{"@type":"Article","@id":"https:\/\/agenciainfra.com\/blog\/o-legado-do-transporte-sustentavel\/#article","isPartOf":{"@id":"https:\/\/agenciainfra.com\/blog\/o-legado-do-transporte-sustentavel\/"},"author":{"name":"Ag\u00eancia iNFRA","@id":"https:\/\/agenciainfra.com\/blog\/#\/schema\/person\/34af08dff6adea4cb22b06612ba7acfa"},"headline":"O legado do transporte sustent\u00e1vel","datePublished":"2025-10-29T18:50:12+00:00","dateModified":"2025-10-29T18:50:14+00:00","mainEntityOfPage":{"@id":"https:\/\/agenciainfra.com\/blog\/o-legado-do-transporte-sustentavel\/"},"wordCount":858,"publisher":{"@id":"https:\/\/agenciainfra.com\/blog\/#organization"},"image":{"@id":"https:\/\/agenciainfra.com\/blog\/o-legado-do-transporte-sustentavel\/#primaryimage"},"thumbnailUrl":"https:\/\/agenciainfra.com\/blog\/wp-content\/uploads\/2025\/10\/cloves-benevides-foto-divulgacao.jpg","keywords":["cloves benevides","CNT","COP30","minist\u00e9rio dos transportes","PIT","PNL 2050","PRO-AdaptaVias","transporte sustent\u00e1vel"],"articleSection":["iNFRATransporte","Opini\u00e3o"],"inLanguage":"pt-BR","copyrightYear":"2025","copyrightHolder":{"@id":"https:\/\/agenciainfra.com\/blog\/#organization"}},{"@type":"WebPage","@id":"https:\/\/agenciainfra.com\/blog\/o-legado-do-transporte-sustentavel\/","url":"https:\/\/agenciainfra.com\/blog\/o-legado-do-transporte-sustentavel\/","name":"O legado do transporte sustent\u00e1vel - Ag\u00eancia iNFRA","isPartOf":{"@id":"https:\/\/agenciainfra.com\/blog\/#website"},"primaryImageOfPage":{"@id":"https:\/\/agenciainfra.com\/blog\/o-legado-do-transporte-sustentavel\/#primaryimage"},"image":{"@id":"https:\/\/agenciainfra.com\/blog\/o-legado-do-transporte-sustentavel\/#primaryimage"},"thumbnailUrl":"https:\/\/agenciainfra.com\/blog\/wp-content\/uploads\/2025\/10\/cloves-benevides-foto-divulgacao.jpg","datePublished":"2025-10-29T18:50:12+00:00","dateModified":"2025-10-29T18:50:14+00:00","breadcrumb":{"@id":"https:\/\/agenciainfra.com\/blog\/o-legado-do-transporte-sustentavel\/#breadcrumb"},"inLanguage":"pt-BR","potentialAction":[{"@type":"ReadAction","target":["https:\/\/agenciainfra.com\/blog\/o-legado-do-transporte-sustentavel\/"]}]},{"@type":"ImageObject","inLanguage":"pt-BR","@id":"https:\/\/agenciainfra.com\/blog\/o-legado-do-transporte-sustentavel\/#primaryimage","url":"https:\/\/agenciainfra.com\/blog\/wp-content\/uploads\/2025\/10\/cloves-benevides-foto-divulgacao.jpg","contentUrl":"https:\/\/agenciainfra.com\/blog\/wp-content\/uploads\/2025\/10\/cloves-benevides-foto-divulgacao.jpg","width":1280,"height":763,"caption":"Foto: Divulga\u00e7\u00e3o"},{"@type":"BreadcrumbList","@id":"https:\/\/agenciainfra.com\/blog\/o-legado-do-transporte-sustentavel\/#breadcrumb","itemListElement":[{"@type":"ListItem","position":1,"name":"In\u00edcio","item":"https:\/\/agenciainfra.com\/blog\/"},{"@type":"ListItem","position":2,"name":"O legado do transporte sustent\u00e1vel"}]},{"@type":"WebSite","@id":"https:\/\/agenciainfra.com\/blog\/#website","url":"https:\/\/agenciainfra.com\/blog\/","name":"Ag\u00eancia iNFRA","description":"Multiplataforma de informa\u00e7\u00e3o jornal\u00edstica refer\u00eancia na \u00e1rea de infraestrutura no Brasil!","publisher":{"@id":"https:\/\/agenciainfra.com\/blog\/#organization"},"potentialAction":[{"@type":"SearchAction","target":{"@type":"EntryPoint","urlTemplate":"https:\/\/agenciainfra.com\/blog\/?s={search_term_string}"},"query-input":{"@type":"PropertyValueSpecification","valueRequired":true,"valueName":"search_term_string"}}],"inLanguage":"pt-BR"},{"@type":"Organization","@id":"https:\/\/agenciainfra.com\/blog\/#organization","name":"Ag\u00eancia iNFRA","url":"https:\/\/agenciainfra.com\/blog\/","logo":{"@type":"ImageObject","inLanguage":"pt-BR","@id":"https:\/\/agenciainfra.com\/blog\/#\/schema\/logo\/image\/","url":"https:\/\/agenciainfra.com\/blog\/wp-content\/uploads\/2023\/09\/iNFRA_5-e1761735885940.png","contentUrl":"https:\/\/agenciainfra.com\/blog\/wp-content\/uploads\/2023\/09\/iNFRA_5-e1761735885940.png","width":1672,"height":454,"caption":"Ag\u00eancia iNFRA"},"image":{"@id":"https:\/\/agenciainfra.com\/blog\/#\/schema\/logo\/image\/"},"sameAs":["https:\/\/www.facebook.com\/ageninfra","https:\/\/x.com\/agencia_infra","https:\/\/www.linkedin.com\/company\/ag\u00eanciainfra\/","https:\/\/www.instagram.com\/agenciainfra\/"]},{"@type":"Person","@id":"https:\/\/agenciainfra.com\/blog\/#\/schema\/person\/34af08dff6adea4cb22b06612ba7acfa","name":"Ag\u00eancia iNFRA","image":{"@type":"ImageObject","inLanguage":"pt-BR","@id":"https:\/\/agenciainfra.com\/blog\/#\/schema\/person\/image\/","url":"https:\/\/secure.gravatar.com\/avatar\/d189e01678f06d8eb84d4e01f08eb848b3fffe3f8443818d3c356c66892f5be8?s=96&d=mm&r=g","contentUrl":"https:\/\/secure.gravatar.com\/avatar\/d189e01678f06d8eb84d4e01f08eb848b3fffe3f8443818d3c356c66892f5be8?s=96&d=mm&r=g","caption":"Ag\u00eancia iNFRA"},"url":"https:\/\/agenciainfra.com\/blog\/author\/admin\/"}]}},"_links":{"self":[{"href":"https:\/\/agenciainfra.com\/blog\/wp-json\/wp\/v2\/posts\/30982","targetHints":{"allow":["GET"]}}],"collection":[{"href":"https:\/\/agenciainfra.com\/blog\/wp-json\/wp\/v2\/posts"}],"about":[{"href":"https:\/\/agenciainfra.com\/blog\/wp-json\/wp\/v2\/types\/post"}],"author":[{"embeddable":true,"href":"https:\/\/agenciainfra.com\/blog\/wp-json\/wp\/v2\/users\/1"}],"replies":[{"embeddable":true,"href":"https:\/\/agenciainfra.com\/blog\/wp-json\/wp\/v2\/comments?post=30982"}],"version-history":[{"count":1,"href":"https:\/\/agenciainfra.com\/blog\/wp-json\/wp\/v2\/posts\/30982\/revisions"}],"predecessor-version":[{"id":30995,"href":"https:\/\/agenciainfra.com\/blog\/wp-json\/wp\/v2\/posts\/30982\/revisions\/30995"}],"wp:featuredmedia":[{"embeddable":true,"href":"https:\/\/agenciainfra.com\/blog\/wp-json\/wp\/v2\/media\/30984"}],"wp:attachment":[{"href":"https:\/\/agenciainfra.com\/blog\/wp-json\/wp\/v2\/media?parent=30982"}],"wp:term":[{"taxonomy":"category","embeddable":true,"href":"https:\/\/agenciainfra.com\/blog\/wp-json\/wp\/v2\/categories?post=30982"},{"taxonomy":"post_tag","embeddable":true,"href":"https:\/\/agenciainfra.com\/blog\/wp-json\/wp\/v2\/tags?post=30982"}],"curies":[{"name":"wp","href":"https:\/\/api.w.org\/{rel}","templated":true}]}}