{"id":30994,"date":"2025-10-29T15:59:04","date_gmt":"2025-10-29T18:59:04","guid":{"rendered":"https:\/\/agenciainfra.com\/blog\/?p=30994"},"modified":"2025-10-30T14:19:31","modified_gmt":"2025-10-30T17:19:31","slug":"demora-em-licenciamento-pode-atrasar-desenvolvimento-de-pelotas","status":"publish","type":"post","link":"https:\/\/agenciainfra.com\/blog\/demora-em-licenciamento-pode-atrasar-desenvolvimento-de-pelotas\/","title":{"rendered":"Demora em licenciamento pode atrasar desenvolvimento de Pelotas"},"content":{"rendered":"\n<p class=\"has-text-align-right\"><strong>Gabriel Vasconcelos, da Ag\u00eancia iNFRA<\/strong><\/p>\n\n\n\n<p>Empresas de s\u00edsmicas t\u00eam enfrentado dificuldades com as licen\u00e7as ambientais do Ibama para atuar na Bacia de Pelotas, no sul do pa\u00eds, e isso pode atrasar o desenvolvimento da atividade de petr\u00f3leo nessa nova fronteira, disse nesta quarta-feira (29) a diretora de Explora\u00e7\u00e3o e Produ\u00e7\u00e3o da Petrobras, Sylvia Anjos. Somente uma pequena fra\u00e7\u00e3o da \u00e1rea total concedida \u00e0 estatal e suas s\u00f3cias em Pelotas teria sido mapeada at\u00e9 o momento, segundo a executiva. Ainda assim, a empresa j\u00e1 entrou com pedido de licenciamento para perfura\u00e7\u00e3o de dez blocos explorat\u00f3rios na regi\u00e3o, na tentativa de acelerar o processo.&nbsp;<\/p>\n\n\n\n<p>&#8220;Quem faz a s\u00edsmica s\u00e3o empresas como a TGS Viridien. Elas \u00e9 que pedem a licen\u00e7a, e isso leva um tempinho. Estavam tentando at\u00e9 uma licen\u00e7a conjunta. Na \u00e1rea toda que a gente tem, a gente s\u00f3 conseguiu licen\u00e7a para fazer [s\u00edsmica] mais ou menos em um sexto da \u00e1rea&#8221;, disse Sylvia. &#8220;O ideal \u00e9 que eu tivesse a s\u00edsmica toda e a\u00ed escolhesse os melhores pontos para perfurar, a n\u00e3o ser que nessas duas faixas [j\u00e1 mapeadas] j\u00e1 tenha uma coisa maravilhosa&#8221;, continuou. Ela falou a jornalistas durante a OTC Brasil, que acontece esta semana no Rio de Janeiro.<\/p>\n\n\n\n<p>A diretora da Petrobras explicou que uma das principais limita\u00e7\u00f5es para a atividade de s\u00edsmica \u00e9 a migra\u00e7\u00e3o anual da popula\u00e7\u00e3o de baleias jubarte, que v\u00e3o da Ant\u00e1rtica para Abrolhos, no litoral Nordeste, passando pela costa brasileira entre julho e novembro. Enquanto ocorre a migra\u00e7\u00e3o, a atividade fica suspensa. &#8220;Quando elas est\u00e3o l\u00e1 em Abrolhos, as empresas ficam livres para atuar&#8221;, resumiu.<\/p>\n\n\n\n<p>Segundo Sylvia, no ritmo atual, ainda haver\u00e1 entre um e dois anos de atividade s\u00edsmica para completar toda a \u00e1rea concedida \u00e0 Petrobras e suas s\u00f3cias (Shell e a chinesa CNOOC), que perfazem 32 blocos obtidos nos leil\u00f5es de \u00e1reas deste ano e de 2023.&nbsp;<\/p>\n\n\n\n<p>A dura\u00e7\u00e3o das s\u00edsmicas podem caminhar paralelamente \u00e0s perfura\u00e7\u00f5es, mas a demora na primeira etapa j\u00e1 liga um alerta sobre a demora no licenciamento, sobretudo ap\u00f3s a demora do processo relativo ao primeiro po\u00e7o no litoral do Amap\u00e1, na Margem Equatorial. Pelotas \u00e9 uma esp\u00e9cie de plano B da Petrobras, depois da Margem, para reposi\u00e7\u00e3o de reservas anos antes do in\u00edcio do decl\u00ednio do pr\u00e9-sal, previsto para o in\u00edcio da pr\u00f3xima d\u00e9cada.<\/p>\n\n\n\n<p>Em maio, o diretor de explora\u00e7\u00e3o e desenvolvimento da Shell, Lucio Prevatti, chegou a dizer publicamente que a companhia j\u00e1 analisava os perfis s\u00edsmicos e que a primeira perfura\u00e7\u00e3o do cons\u00f3rcio com a Petrobras poderia acontecer em 2028, com previs\u00e3o de primeiro \u00f3leo mais de dez anos depois.<\/p>\n","protected":false},"excerpt":{"rendered":"<p>Gabriel Vasconcelos, da Ag\u00eancia iNFRA Empresas de s\u00edsmicas t\u00eam enfrentado dificuldades com as licen\u00e7as ambientais do Ibama para atuar na Bacia de Pelotas, no sul do pa\u00eds, e isso pode atrasar o desenvolvimento da atividade de petr\u00f3leo nessa nova fronteira, disse nesta quarta-feira (29) a diretora de Explora\u00e7\u00e3o e Produ\u00e7\u00e3o da Petrobras, Sylvia Anjos. Somente [&hellip;]<\/p>\n","protected":false},"author":1,"featured_media":31000,"comment_status":"closed","ping_status":"closed","sticky":false,"template":"","format":"standard","meta":{"_monsterinsights_skip_tracking":false,"_monsterinsights_sitenote_active":false,"_monsterinsights_sitenote_note":"","_monsterinsights_sitenote_category":0,"footnotes":""},"categories":[7250,13271],"tags":[13561,13251,749,223,3191,14154,16586,16575],"class_list":["post-30994","post","type-post","status-publish","format-standard","has-post-thumbnail","hentry","category-destaque-lista","category-oleo-gas","tag-bacia-de-pelotas","tag-gabriel-vasconcelos","tag-ibama","tag-licenciamento-ambiental","tag-oleo-e-gas","tag-producao-de-petroleo","tag-sismica","tag-sylvia-anjos"],"yoast_head":"<!-- This site is optimized with the Yoast SEO Premium plugin v25.4 (Yoast SEO v26.0) - https:\/\/yoast.com\/wordpress\/plugins\/seo\/ -->\n<title>Demora em licenciamento pode atrasar desenvolvimento de Pelotas - Ag\u00eancia iNFRA<\/title>\n<meta name=\"robots\" content=\"index, follow, max-snippet:-1, max-image-preview:large, max-video-preview:-1\" \/>\n<link rel=\"canonical\" href=\"https:\/\/agenciainfra.com\/blog\/demora-em-licenciamento-pode-atrasar-desenvolvimento-de-pelotas\/\" \/>\n<meta property=\"og:locale\" content=\"pt_BR\" \/>\n<meta property=\"og:type\" content=\"article\" \/>\n<meta property=\"og:title\" content=\"Demora em licenciamento pode atrasar desenvolvimento de Pelotas\" \/>\n<meta property=\"og:description\" content=\"Gabriel Vasconcelos, da Ag\u00eancia iNFRA Empresas de s\u00edsmicas t\u00eam enfrentado dificuldades com as licen\u00e7as ambientais do Ibama para atuar na Bacia de Pelotas, no sul do pa\u00eds, e isso pode atrasar o desenvolvimento da atividade de petr\u00f3leo nessa nova fronteira, disse nesta quarta-feira (29) a diretora de Explora\u00e7\u00e3o e Produ\u00e7\u00e3o da Petrobras, Sylvia Anjos. Somente [&hellip;]\" \/>\n<meta property=\"og:url\" content=\"https:\/\/agenciainfra.com\/blog\/demora-em-licenciamento-pode-atrasar-desenvolvimento-de-pelotas\/\" \/>\n<meta property=\"og:site_name\" content=\"Ag\u00eancia iNFRA\" \/>\n<meta property=\"article:publisher\" content=\"https:\/\/www.facebook.com\/ageninfra\" \/>\n<meta property=\"article:published_time\" content=\"2025-10-29T18:59:04+00:00\" \/>\n<meta property=\"article:modified_time\" content=\"2025-10-30T17:19:31+00:00\" \/>\n<meta property=\"og:image\" content=\"https:\/\/agenciainfra.com\/blog\/wp-content\/uploads\/2025\/10\/Tomaz-Silva-Agencia-Brasil.jpg\" \/>\n\t<meta property=\"og:image:width\" content=\"1024\" \/>\n\t<meta property=\"og:image:height\" content=\"642\" \/>\n\t<meta property=\"og:image:type\" content=\"image\/jpeg\" \/>\n<meta name=\"author\" content=\"Ag\u00eancia iNFRA\" \/>\n<meta name=\"twitter:card\" content=\"summary_large_image\" \/>\n<meta name=\"twitter:creator\" content=\"@agencia_infra\" \/>\n<meta name=\"twitter:site\" content=\"@agencia_infra\" \/>\n<meta name=\"twitter:label1\" content=\"Escrito por\" \/>\n\t<meta name=\"twitter:data1\" content=\"Ag\u00eancia iNFRA\" \/>\n\t<meta name=\"twitter:label2\" content=\"Est. tempo de leitura\" \/>\n\t<meta name=\"twitter:data2\" content=\"2 minutos\" \/>\n<script type=\"application\/ld+json\" class=\"yoast-schema-graph\">{\"@context\":\"https:\/\/schema.org\",\"@graph\":[{\"@type\":\"Article\",\"@id\":\"https:\/\/agenciainfra.com\/blog\/demora-em-licenciamento-pode-atrasar-desenvolvimento-de-pelotas\/#article\",\"isPartOf\":{\"@id\":\"https:\/\/agenciainfra.com\/blog\/demora-em-licenciamento-pode-atrasar-desenvolvimento-de-pelotas\/\"},\"author\":{\"name\":\"Ag\u00eancia iNFRA\",\"@id\":\"https:\/\/agenciainfra.com\/blog\/#\/schema\/person\/34af08dff6adea4cb22b06612ba7acfa\"},\"headline\":\"Demora em licenciamento pode atrasar desenvolvimento de Pelotas\",\"datePublished\":\"2025-10-29T18:59:04+00:00\",\"dateModified\":\"2025-10-30T17:19:31+00:00\",\"mainEntityOfPage\":{\"@id\":\"https:\/\/agenciainfra.com\/blog\/demora-em-licenciamento-pode-atrasar-desenvolvimento-de-pelotas\/\"},\"wordCount\":479,\"publisher\":{\"@id\":\"https:\/\/agenciainfra.com\/blog\/#organization\"},\"image\":{\"@id\":\"https:\/\/agenciainfra.com\/blog\/demora-em-licenciamento-pode-atrasar-desenvolvimento-de-pelotas\/#primaryimage\"},\"thumbnailUrl\":\"https:\/\/agenciainfra.com\/blog\/wp-content\/uploads\/2025\/10\/Tomaz-Silva-Agencia-Brasil.jpg\",\"keywords\":[\"Bacia de Pelotas\",\"Gabriel Vasconcelos\",\"Ibama\",\"Licenciamento ambiental\",\"\u00f3leo e g\u00e1s\",\"produ\u00e7\u00e3o de petr\u00f3leo\",\"s\u00edsmica\",\"Sylvia Anjos\"],\"articleSection\":[\"Destaque lista\",\"\u00d3leo &amp; G\u00e1s\"],\"inLanguage\":\"pt-BR\",\"copyrightYear\":\"2025\",\"copyrightHolder\":{\"@id\":\"https:\/\/agenciainfra.com\/blog\/#organization\"}},{\"@type\":\"WebPage\",\"@id\":\"https:\/\/agenciainfra.com\/blog\/demora-em-licenciamento-pode-atrasar-desenvolvimento-de-pelotas\/\",\"url\":\"https:\/\/agenciainfra.com\/blog\/demora-em-licenciamento-pode-atrasar-desenvolvimento-de-pelotas\/\",\"name\":\"Demora em licenciamento pode atrasar desenvolvimento de Pelotas - Ag\u00eancia iNFRA\",\"isPartOf\":{\"@id\":\"https:\/\/agenciainfra.com\/blog\/#website\"},\"primaryImageOfPage\":{\"@id\":\"https:\/\/agenciainfra.com\/blog\/demora-em-licenciamento-pode-atrasar-desenvolvimento-de-pelotas\/#primaryimage\"},\"image\":{\"@id\":\"https:\/\/agenciainfra.com\/blog\/demora-em-licenciamento-pode-atrasar-desenvolvimento-de-pelotas\/#primaryimage\"},\"thumbnailUrl\":\"https:\/\/agenciainfra.com\/blog\/wp-content\/uploads\/2025\/10\/Tomaz-Silva-Agencia-Brasil.jpg\",\"datePublished\":\"2025-10-29T18:59:04+00:00\",\"dateModified\":\"2025-10-30T17:19:31+00:00\",\"breadcrumb\":{\"@id\":\"https:\/\/agenciainfra.com\/blog\/demora-em-licenciamento-pode-atrasar-desenvolvimento-de-pelotas\/#breadcrumb\"},\"inLanguage\":\"pt-BR\",\"potentialAction\":[{\"@type\":\"ReadAction\",\"target\":[\"https:\/\/agenciainfra.com\/blog\/demora-em-licenciamento-pode-atrasar-desenvolvimento-de-pelotas\/\"]}]},{\"@type\":\"ImageObject\",\"inLanguage\":\"pt-BR\",\"@id\":\"https:\/\/agenciainfra.com\/blog\/demora-em-licenciamento-pode-atrasar-desenvolvimento-de-pelotas\/#primaryimage\",\"url\":\"https:\/\/agenciainfra.com\/blog\/wp-content\/uploads\/2025\/10\/Tomaz-Silva-Agencia-Brasil.jpg\",\"contentUrl\":\"https:\/\/agenciainfra.com\/blog\/wp-content\/uploads\/2025\/10\/Tomaz-Silva-Agencia-Brasil.jpg\",\"width\":1024,\"height\":642,\"caption\":\"Foto: Tomaz Silva\/Ag\u00eancia Brasil\"},{\"@type\":\"BreadcrumbList\",\"@id\":\"https:\/\/agenciainfra.com\/blog\/demora-em-licenciamento-pode-atrasar-desenvolvimento-de-pelotas\/#breadcrumb\",\"itemListElement\":[{\"@type\":\"ListItem\",\"position\":1,\"name\":\"In\u00edcio\",\"item\":\"https:\/\/agenciainfra.com\/blog\/\"},{\"@type\":\"ListItem\",\"position\":2,\"name\":\"Demora em licenciamento pode atrasar desenvolvimento de Pelotas\"}]},{\"@type\":\"WebSite\",\"@id\":\"https:\/\/agenciainfra.com\/blog\/#website\",\"url\":\"https:\/\/agenciainfra.com\/blog\/\",\"name\":\"Ag\u00eancia iNFRA\",\"description\":\"Multiplataforma de informa\u00e7\u00e3o jornal\u00edstica refer\u00eancia na \u00e1rea de infraestrutura no Brasil!\",\"publisher\":{\"@id\":\"https:\/\/agenciainfra.com\/blog\/#organization\"},\"potentialAction\":[{\"@type\":\"SearchAction\",\"target\":{\"@type\":\"EntryPoint\",\"urlTemplate\":\"https:\/\/agenciainfra.com\/blog\/?s={search_term_string}\"},\"query-input\":{\"@type\":\"PropertyValueSpecification\",\"valueRequired\":true,\"valueName\":\"search_term_string\"}}],\"inLanguage\":\"pt-BR\"},{\"@type\":\"Organization\",\"@id\":\"https:\/\/agenciainfra.com\/blog\/#organization\",\"name\":\"Ag\u00eancia iNFRA\",\"url\":\"https:\/\/agenciainfra.com\/blog\/\",\"logo\":{\"@type\":\"ImageObject\",\"inLanguage\":\"pt-BR\",\"@id\":\"https:\/\/agenciainfra.com\/blog\/#\/schema\/logo\/image\/\",\"url\":\"https:\/\/agenciainfra.com\/blog\/wp-content\/uploads\/2023\/09\/iNFRA_5-e1761735885940.png\",\"contentUrl\":\"https:\/\/agenciainfra.com\/blog\/wp-content\/uploads\/2023\/09\/iNFRA_5-e1761735885940.png\",\"width\":1672,\"height\":454,\"caption\":\"Ag\u00eancia iNFRA\"},\"image\":{\"@id\":\"https:\/\/agenciainfra.com\/blog\/#\/schema\/logo\/image\/\"},\"sameAs\":[\"https:\/\/www.facebook.com\/ageninfra\",\"https:\/\/x.com\/agencia_infra\",\"https:\/\/www.linkedin.com\/company\/ag\u00eanciainfra\/\",\"https:\/\/www.instagram.com\/agenciainfra\/\"]},{\"@type\":\"Person\",\"@id\":\"https:\/\/agenciainfra.com\/blog\/#\/schema\/person\/34af08dff6adea4cb22b06612ba7acfa\",\"name\":\"Ag\u00eancia iNFRA\",\"image\":{\"@type\":\"ImageObject\",\"inLanguage\":\"pt-BR\",\"@id\":\"https:\/\/agenciainfra.com\/blog\/#\/schema\/person\/image\/\",\"url\":\"https:\/\/secure.gravatar.com\/avatar\/d189e01678f06d8eb84d4e01f08eb848b3fffe3f8443818d3c356c66892f5be8?s=96&d=mm&r=g\",\"contentUrl\":\"https:\/\/secure.gravatar.com\/avatar\/d189e01678f06d8eb84d4e01f08eb848b3fffe3f8443818d3c356c66892f5be8?s=96&d=mm&r=g\",\"caption\":\"Ag\u00eancia iNFRA\"},\"url\":\"https:\/\/agenciainfra.com\/blog\/author\/admin\/\"}]}<\/script>\n<!-- \/ Yoast SEO Premium plugin. -->","yoast_head_json":{"title":"Demora em licenciamento pode atrasar desenvolvimento de Pelotas - Ag\u00eancia iNFRA","robots":{"index":"index","follow":"follow","max-snippet":"max-snippet:-1","max-image-preview":"max-image-preview:large","max-video-preview":"max-video-preview:-1"},"canonical":"https:\/\/agenciainfra.com\/blog\/demora-em-licenciamento-pode-atrasar-desenvolvimento-de-pelotas\/","og_locale":"pt_BR","og_type":"article","og_title":"Demora em licenciamento pode atrasar desenvolvimento de Pelotas","og_description":"Gabriel Vasconcelos, da Ag\u00eancia iNFRA Empresas de s\u00edsmicas t\u00eam enfrentado dificuldades com as licen\u00e7as ambientais do Ibama para atuar na Bacia de Pelotas, no sul do pa\u00eds, e isso pode atrasar o desenvolvimento da atividade de petr\u00f3leo nessa nova fronteira, disse nesta quarta-feira (29) a diretora de Explora\u00e7\u00e3o e Produ\u00e7\u00e3o da Petrobras, Sylvia Anjos. Somente [&hellip;]","og_url":"https:\/\/agenciainfra.com\/blog\/demora-em-licenciamento-pode-atrasar-desenvolvimento-de-pelotas\/","og_site_name":"Ag\u00eancia iNFRA","article_publisher":"https:\/\/www.facebook.com\/ageninfra","article_published_time":"2025-10-29T18:59:04+00:00","article_modified_time":"2025-10-30T17:19:31+00:00","og_image":[{"width":1024,"height":642,"url":"https:\/\/agenciainfra.com\/blog\/wp-content\/uploads\/2025\/10\/Tomaz-Silva-Agencia-Brasil.jpg","type":"image\/jpeg"}],"author":"Ag\u00eancia iNFRA","twitter_card":"summary_large_image","twitter_creator":"@agencia_infra","twitter_site":"@agencia_infra","twitter_misc":{"Escrito por":"Ag\u00eancia iNFRA","Est. tempo de leitura":"2 minutos"},"schema":{"@context":"https:\/\/schema.org","@graph":[{"@type":"Article","@id":"https:\/\/agenciainfra.com\/blog\/demora-em-licenciamento-pode-atrasar-desenvolvimento-de-pelotas\/#article","isPartOf":{"@id":"https:\/\/agenciainfra.com\/blog\/demora-em-licenciamento-pode-atrasar-desenvolvimento-de-pelotas\/"},"author":{"name":"Ag\u00eancia iNFRA","@id":"https:\/\/agenciainfra.com\/blog\/#\/schema\/person\/34af08dff6adea4cb22b06612ba7acfa"},"headline":"Demora em licenciamento pode atrasar desenvolvimento de Pelotas","datePublished":"2025-10-29T18:59:04+00:00","dateModified":"2025-10-30T17:19:31+00:00","mainEntityOfPage":{"@id":"https:\/\/agenciainfra.com\/blog\/demora-em-licenciamento-pode-atrasar-desenvolvimento-de-pelotas\/"},"wordCount":479,"publisher":{"@id":"https:\/\/agenciainfra.com\/blog\/#organization"},"image":{"@id":"https:\/\/agenciainfra.com\/blog\/demora-em-licenciamento-pode-atrasar-desenvolvimento-de-pelotas\/#primaryimage"},"thumbnailUrl":"https:\/\/agenciainfra.com\/blog\/wp-content\/uploads\/2025\/10\/Tomaz-Silva-Agencia-Brasil.jpg","keywords":["Bacia de Pelotas","Gabriel Vasconcelos","Ibama","Licenciamento ambiental","\u00f3leo e g\u00e1s","produ\u00e7\u00e3o de petr\u00f3leo","s\u00edsmica","Sylvia Anjos"],"articleSection":["Destaque lista","\u00d3leo &amp; G\u00e1s"],"inLanguage":"pt-BR","copyrightYear":"2025","copyrightHolder":{"@id":"https:\/\/agenciainfra.com\/blog\/#organization"}},{"@type":"WebPage","@id":"https:\/\/agenciainfra.com\/blog\/demora-em-licenciamento-pode-atrasar-desenvolvimento-de-pelotas\/","url":"https:\/\/agenciainfra.com\/blog\/demora-em-licenciamento-pode-atrasar-desenvolvimento-de-pelotas\/","name":"Demora em licenciamento pode atrasar desenvolvimento de Pelotas - Ag\u00eancia iNFRA","isPartOf":{"@id":"https:\/\/agenciainfra.com\/blog\/#website"},"primaryImageOfPage":{"@id":"https:\/\/agenciainfra.com\/blog\/demora-em-licenciamento-pode-atrasar-desenvolvimento-de-pelotas\/#primaryimage"},"image":{"@id":"https:\/\/agenciainfra.com\/blog\/demora-em-licenciamento-pode-atrasar-desenvolvimento-de-pelotas\/#primaryimage"},"thumbnailUrl":"https:\/\/agenciainfra.com\/blog\/wp-content\/uploads\/2025\/10\/Tomaz-Silva-Agencia-Brasil.jpg","datePublished":"2025-10-29T18:59:04+00:00","dateModified":"2025-10-30T17:19:31+00:00","breadcrumb":{"@id":"https:\/\/agenciainfra.com\/blog\/demora-em-licenciamento-pode-atrasar-desenvolvimento-de-pelotas\/#breadcrumb"},"inLanguage":"pt-BR","potentialAction":[{"@type":"ReadAction","target":["https:\/\/agenciainfra.com\/blog\/demora-em-licenciamento-pode-atrasar-desenvolvimento-de-pelotas\/"]}]},{"@type":"ImageObject","inLanguage":"pt-BR","@id":"https:\/\/agenciainfra.com\/blog\/demora-em-licenciamento-pode-atrasar-desenvolvimento-de-pelotas\/#primaryimage","url":"https:\/\/agenciainfra.com\/blog\/wp-content\/uploads\/2025\/10\/Tomaz-Silva-Agencia-Brasil.jpg","contentUrl":"https:\/\/agenciainfra.com\/blog\/wp-content\/uploads\/2025\/10\/Tomaz-Silva-Agencia-Brasil.jpg","width":1024,"height":642,"caption":"Foto: Tomaz Silva\/Ag\u00eancia Brasil"},{"@type":"BreadcrumbList","@id":"https:\/\/agenciainfra.com\/blog\/demora-em-licenciamento-pode-atrasar-desenvolvimento-de-pelotas\/#breadcrumb","itemListElement":[{"@type":"ListItem","position":1,"name":"In\u00edcio","item":"https:\/\/agenciainfra.com\/blog\/"},{"@type":"ListItem","position":2,"name":"Demora em licenciamento pode atrasar desenvolvimento de Pelotas"}]},{"@type":"WebSite","@id":"https:\/\/agenciainfra.com\/blog\/#website","url":"https:\/\/agenciainfra.com\/blog\/","name":"Ag\u00eancia iNFRA","description":"Multiplataforma de informa\u00e7\u00e3o jornal\u00edstica refer\u00eancia na \u00e1rea de infraestrutura no Brasil!","publisher":{"@id":"https:\/\/agenciainfra.com\/blog\/#organization"},"potentialAction":[{"@type":"SearchAction","target":{"@type":"EntryPoint","urlTemplate":"https:\/\/agenciainfra.com\/blog\/?s={search_term_string}"},"query-input":{"@type":"PropertyValueSpecification","valueRequired":true,"valueName":"search_term_string"}}],"inLanguage":"pt-BR"},{"@type":"Organization","@id":"https:\/\/agenciainfra.com\/blog\/#organization","name":"Ag\u00eancia iNFRA","url":"https:\/\/agenciainfra.com\/blog\/","logo":{"@type":"ImageObject","inLanguage":"pt-BR","@id":"https:\/\/agenciainfra.com\/blog\/#\/schema\/logo\/image\/","url":"https:\/\/agenciainfra.com\/blog\/wp-content\/uploads\/2023\/09\/iNFRA_5-e1761735885940.png","contentUrl":"https:\/\/agenciainfra.com\/blog\/wp-content\/uploads\/2023\/09\/iNFRA_5-e1761735885940.png","width":1672,"height":454,"caption":"Ag\u00eancia iNFRA"},"image":{"@id":"https:\/\/agenciainfra.com\/blog\/#\/schema\/logo\/image\/"},"sameAs":["https:\/\/www.facebook.com\/ageninfra","https:\/\/x.com\/agencia_infra","https:\/\/www.linkedin.com\/company\/ag\u00eanciainfra\/","https:\/\/www.instagram.com\/agenciainfra\/"]},{"@type":"Person","@id":"https:\/\/agenciainfra.com\/blog\/#\/schema\/person\/34af08dff6adea4cb22b06612ba7acfa","name":"Ag\u00eancia iNFRA","image":{"@type":"ImageObject","inLanguage":"pt-BR","@id":"https:\/\/agenciainfra.com\/blog\/#\/schema\/person\/image\/","url":"https:\/\/secure.gravatar.com\/avatar\/d189e01678f06d8eb84d4e01f08eb848b3fffe3f8443818d3c356c66892f5be8?s=96&d=mm&r=g","contentUrl":"https:\/\/secure.gravatar.com\/avatar\/d189e01678f06d8eb84d4e01f08eb848b3fffe3f8443818d3c356c66892f5be8?s=96&d=mm&r=g","caption":"Ag\u00eancia iNFRA"},"url":"https:\/\/agenciainfra.com\/blog\/author\/admin\/"}]}},"_links":{"self":[{"href":"https:\/\/agenciainfra.com\/blog\/wp-json\/wp\/v2\/posts\/30994","targetHints":{"allow":["GET"]}}],"collection":[{"href":"https:\/\/agenciainfra.com\/blog\/wp-json\/wp\/v2\/posts"}],"about":[{"href":"https:\/\/agenciainfra.com\/blog\/wp-json\/wp\/v2\/types\/post"}],"author":[{"embeddable":true,"href":"https:\/\/agenciainfra.com\/blog\/wp-json\/wp\/v2\/users\/1"}],"replies":[{"embeddable":true,"href":"https:\/\/agenciainfra.com\/blog\/wp-json\/wp\/v2\/comments?post=30994"}],"version-history":[{"count":1,"href":"https:\/\/agenciainfra.com\/blog\/wp-json\/wp\/v2\/posts\/30994\/revisions"}],"predecessor-version":[{"id":30997,"href":"https:\/\/agenciainfra.com\/blog\/wp-json\/wp\/v2\/posts\/30994\/revisions\/30997"}],"wp:featuredmedia":[{"embeddable":true,"href":"https:\/\/agenciainfra.com\/blog\/wp-json\/wp\/v2\/media\/31000"}],"wp:attachment":[{"href":"https:\/\/agenciainfra.com\/blog\/wp-json\/wp\/v2\/media?parent=30994"}],"wp:term":[{"taxonomy":"category","embeddable":true,"href":"https:\/\/agenciainfra.com\/blog\/wp-json\/wp\/v2\/categories?post=30994"},{"taxonomy":"post_tag","embeddable":true,"href":"https:\/\/agenciainfra.com\/blog\/wp-json\/wp\/v2\/tags?post=30994"}],"curies":[{"name":"wp","href":"https:\/\/api.w.org\/{rel}","templated":true}]}}