{"id":31050,"date":"2025-10-30T09:41:29","date_gmt":"2025-10-30T12:41:29","guid":{"rendered":"https:\/\/agenciainfra.com\/blog\/?p=31050"},"modified":"2025-10-30T15:13:42","modified_gmt":"2025-10-30T18:13:42","slug":"trecho-sobre-oleo-e-gas-na-mp-1-304-e-visto-como-desastroso-pelo-setor","status":"publish","type":"post","link":"https:\/\/agenciainfra.com\/blog\/trecho-sobre-oleo-e-gas-na-mp-1-304-e-visto-como-desastroso-pelo-setor\/","title":{"rendered":"Trecho sobre \u00f3leo e g\u00e1s na MP 1.304 \u00e9 visto como &#8216;desastroso&#8217; pelo setor"},"content":{"rendered":"\n<p class=\"has-text-align-right\"><strong>Gabriel Vasconcelos, da Ag\u00eancia iNFRA<\/strong><\/p>\n\n\n\n<p>O trecho que incide sobre \u00f3leo e g\u00e1s no relat\u00f3rio da MP 1.304 foi mal recebido pelas grandes e m\u00e9dias petroleiras. O texto foi apresentado pelo senador Eduardo Braga (MDB-AM) \u00e0 Comiss\u00e3o Mista na ter\u00e7a-feira (28), quando come\u00e7ava, no Rio de Janeiro, a OTC Brasil, uma das maiores confer\u00eancias do setor. Ao ocupar uma pequena parte do documento voltado ao setor el\u00e9trico, entre as p\u00e1ginas 39 e 42, o trecho ganhou os corredores do evento em seu segundo dia, a quarta-feira (29), sendo definido por executivos como &#8216;desastroso&#8217; para o futuro da explora\u00e7\u00e3o e produ\u00e7\u00e3o de petr\u00f3leo no pa\u00eds.<br><br>Por meio de notas, entidades do setor, como o IBP (Instituto Brasileiro do Petr\u00f3leo, G\u00e1s Natural e Biocombust\u00edveis) e Abpip (Associa\u00e7\u00e3o Brasileira dos Produtores Independentes de Petr\u00f3leo), falaram em &#8220;preocupa\u00e7\u00e3o&#8221;. Nos bastidores, a palavra de ordem \u00e9 buscar reverter algumas medidas junto aos parlamentares, com destaque para a parte que altera o PRP (Pre\u00e7o de Refer\u00eancia do Petr\u00f3leo), base de c\u00e1lculo de royalties e participa\u00e7\u00f5es especiais. Isso aumentaria o valor nominal desses pagamentos, afetando de forma imediata a rentabilidade dos neg\u00f3cios em curso e futuros. O trecho j\u00e1 \u00e9 alvo de pedidos de destaque, para vota\u00e7\u00e3o em separado.\u00a0<br><br>Do lado das empresas, agrava o cen\u00e1rio o fato de as mudan\u00e7as propostas chegarem em momento de baixa da cota\u00e7\u00e3o internacional do petr\u00f3leo. O barril do tipo Brent viu o pre\u00e7o despencar 15% em um ano, para a casa dos US$ 64 atuais. Na pr\u00e1tica, as medidas constantes na MP 1.304 podem encurtar ainda mais as receitas e comprometer a atratividade do pa\u00eds para investimentos futuros, argumentam os agentes. \u00a0<br><br>Outro trecho considerado cr\u00edtico \u00e9 a nova atribui\u00e7\u00e3o do CNPE (Conselho Nacional de Pol\u00edtica Energ\u00e9tica) para limitar a reinje\u00e7\u00e3o de g\u00e1s natural nos po\u00e7os em produ\u00e7\u00e3o com o intuito de aumentar a oferta de mol\u00e9cula ao mercado. As petroleiras reinjetam g\u00e1s para aumentar a press\u00e3o no interior das estruturas geol\u00f3gicas, seja por necessidade t\u00e9cnica ou op\u00e7\u00e3o econ\u00f4mica. A estrat\u00e9gia \u00e9 criticada por membros do governo, que a consideram excessiva, desde o in\u00edcio do mandato, e esteve no centro dos atritos entre o ministro de Minas e Energia, Alexandre Silveira, e o ex-presidente da Petrobras, Jean Paul Prates, posteriormente dispensado do cargo.\u00a0<br><br>O vice-presidente de Rela\u00e7\u00f5es Corporativas da Shell Brasil, Fl\u00e1vio Rodrigues, comentou a quest\u00e3o em sua p\u00e1gina no Linkedin, onde defendeu &#8220;previsibilidade regulat\u00f3ria&#8221;. Ele disse que a mudan\u00e7a no c\u00e1lculo do pre\u00e7o de refer\u00eancia do petr\u00f3leo e a imposi\u00e7\u00e3o de limites \u00e0 reinje\u00e7\u00e3o de g\u00e1s podem desestimular novos aportes, especialmente em campos maduros e marginais. Em vez de aumentar a arrecada\u00e7\u00e3o, como dizem os apoiadores do texto, o executivo sugere que, no longo prazo, as medidas podem reduzi-la em fun\u00e7\u00e3o da poss\u00edvel queda na atratividade do pa\u00eds para novos projetos.\u00a0<br><br>&#8220;Atrelar o pre\u00e7o de refer\u00eancia a par\u00e2metros tribut\u00e1rios, bem como os valores de transfer\u00eancia, distorce a l\u00f3gica t\u00e9cnico-econ\u00f4mica da ind\u00fastria e gera inseguran\u00e7a&#8221;, disse Rodrigues, em cr\u00edtica ao argumento de que a mudan\u00e7a levaria a maior oferta de \u00f3leo bruto no mercado dom\u00e9stico em detrimento da exporta\u00e7\u00e3o. Em seguida, lembrou que a reinje\u00e7\u00e3o de g\u00e1s \u00e9 uma &#8220;decis\u00e3o t\u00e9cnica&#8221;, prevista em planos de desenvolvimento que foram aprovados pela ANP com base nas caracter\u00edsticas de cada reservat\u00f3rio.\u00a0<br>\u00a0<br>&#8220;O setor j\u00e1 enfrenta desafios relevantes, como a alta volatilidade dos pre\u00e7os e uma carga tribut\u00e1ria elevada. Hoje, dois em cada tr\u00eas barris produzidos s\u00e3o destinados ao pagamento de tributos. Diante desse cen\u00e1rio, \u00e9 fundamental preservar um ambiente regulat\u00f3rio que assegure a continuidade dos projetos e a sustentabilidade da cadeia produtiva&#8221;, continua Rodrigues.<br><br>Fontes de mercado e do governo ouvidas pela <strong>Ag\u00eancia iNFRA<\/strong> d\u00e3o conta que as duas medidas previstas em quest\u00e3o s\u00e3o especialmente prejudiciais \u00e0 Petrobras &#8211; grande reinjetora de g\u00e1s e dona das maiores participa\u00e7\u00f5es nos blocos de maior produ\u00e7\u00e3o no pa\u00eds, Tupi, Mero e B\u00fazios) &#8211; e suas s\u00f3cias, entre as quais a principal \u00e9 a Shell, mas tamb\u00e9m majors chinesas (CNOOC e CNPC), TotalEnergies e Galp.\u00a0<br><br>No tocante ao g\u00e1s natural, essas fontes citam preju\u00edzos a projetos com alto potencial de produ\u00e7\u00e3o de g\u00e1s com previs\u00e3o de reinje\u00e7\u00e3o, a exemplo de Gato do Mato (Shell, Ecopetrol e TotalEnergies) e Bacalhau (Equinor, ExxonMobil e Galp). Ainda assim, afirmam que este trecho da MP parece mais uma sinaliza\u00e7\u00e3o pol\u00edtica do que uma medida t\u00e9cnica efetiva, porque seria imposs\u00edvel estipular um teto de reinje\u00e7\u00e3o universal, visto que cada projeto tem um valor operacional de reinje\u00e7\u00e3o \u00f3timo que o torna vi\u00e1vel. Significa, portanto, que a medida seria de dif\u00edcil execu\u00e7\u00e3o pelo CNPE.<br><br>Executivos da Petrobras dizem que a companhia tem buscado se adiantar, com alternativas para aumentar a exporta\u00e7\u00e3o do g\u00e1s do pr\u00e9-sal e reduzir a reinje\u00e7\u00e3o. \u00c9 o caso do projeto do 12\u00b0 navio-plataforma do campo de B\u00fazios, na Bacia de Santos, pensado para receber e escoar o g\u00e1s de outros sistemas j\u00e1 instalados e que s\u00e3o incapazes de faz\u00ea-lo.\u00a0<br><br>Questionada se a limita\u00e7\u00e3o de reinje\u00e7\u00e3o traz preocupa\u00e7\u00e3o, a diretora de explora\u00e7\u00e3o e produ\u00e7\u00e3o da Petrobras, Sylvia Anjos, disse que n\u00e3o, mas lembrou que sistemas antigos, constru\u00eddos sem a previs\u00e3o de exporta\u00e7\u00e3o, n\u00e3o podem ser alterados. &#8220;N\u00e3o causa preocupa\u00e7\u00e3o n\u00e3o. Eu gosto muito de produzir g\u00e1s natural, na verdade. Adoro g\u00e1s&#8221;, disse Sylvia a jornalistas durante a OTC Brasil.\u00a0<br><br><strong>Outro lado do PRP<\/strong><br>Nesta quarta-feira (29), o relator Eduardo Braga (MDB-AM) defendeu as altera\u00e7\u00f5es na defini\u00e7\u00e3o do pre\u00e7o de refer\u00eancia do petr\u00f3leo previstas em seu relat\u00f3rio sob o argumento de que aumentariam a arrecada\u00e7\u00e3o do governo e a oferta de petr\u00f3leo bruto \u00e0s refinarias dom\u00e9sticas, sobretudo as privadas, que n\u00e3o operam verticalmente como a Petrobras.\u00a0<br><br>Braga disse que h\u00e1 empresas \u201cfazendo lobby contra a mudan\u00e7a porque, hoje, tudo o que produzem \u00e9 exportado\u201d. O senador admitiu que as altera\u00e7\u00f5es s\u00e3o fruto de um debate no Minist\u00e9rio da Fazenda e partem de estudos apresentados pela Refina Brasil, associa\u00e7\u00e3o que re\u00fane empresas respons\u00e1veis por 20% do refino nacional.<br><br>Recentemente, a ANP (Ag\u00eancia Nacional do Petr\u00f3leo, G\u00e1s Natural e Biocombust\u00edveis) incluiu novos crit\u00e9rios para o c\u00e1lculo do PRP, considerando cota\u00e7\u00f5es internacionais de produtos com diferentes teores de enxofre (quanto menor, maior o pre\u00e7o). A nova f\u00f3rmula, que passou a vigorar em setembro, aumentou o PRP, mas, segundo a Refina Brasil, n\u00e3o a ponto de equipar\u00e1-lo aos pre\u00e7os internacionais, como determina a lei do petr\u00f3leo. Essas cota\u00e7\u00f5es s\u00e3o apuradas por ag\u00eancias especializadas, como Argus e S&amp;P, e, segundo a MP 1.304,, passariam a ser usadas para o c\u00e1lculo do PRP.\u00a0<br><br>Segundo o estudo levado em conta para a reda\u00e7\u00e3o da MP, assinado pelo economista Manoel Pires, do FGV\/IBRE e ao qual a <strong>Ag\u00eancia iNFRA<\/strong> teve acesso, a metodologia revista pela ANP s\u00f3 reduziu em 25% a defasagem do PRP com rela\u00e7\u00e3o aos pre\u00e7os internacionais: a eleva\u00e7\u00e3o potencial do PRP, estimada no estudo em 4,77%, teria ficado em apenas 1,2%.\u00a0<br><br>Em nota, o IBP defendeu a nova f\u00f3rmula da ANP, por ter sido amplamente debatida com o setor e preservar a neutralidade fiscal. Segundo o instituto, o argumento de que a mudan\u00e7a aumentaria a oferta de carga bruta a refinarias privadas n\u00e3o se sustenta.<br><br>&#8220;O pre\u00e7o do petr\u00f3leo ofertado \u00e0s refinarias n\u00e3o ser\u00e1 alterado, j\u00e1 que o c\u00e1lculo do pre\u00e7o de petr\u00f3leo para fins de recolhimento das participa\u00e7\u00f5es governamentais n\u00e3o influencia a oferta da commodity no mercado interno. Vincular o c\u00e1lculo das participa\u00e7\u00f5es governamentais \u00e0s regras de pre\u00e7o de transfer\u00eancia, cuja finalidade \u00e9 a apura\u00e7\u00e3o do imposto de renda, apenas cria inseguran\u00e7a e desvirtua a l\u00f3gica t\u00e9cnico-econ\u00f4mica que sustenta a pol\u00edtica de participa\u00e7\u00f5es governamentais. Na realidade, \u00e9 a atual carga tribut\u00e1ria do ICMS incidente na opera\u00e7\u00e3o de compra e venda que impacta as condi\u00e7\u00f5es de oferta do petr\u00f3leo no mercado interno, fator alheio ao produtor e que cessar\u00e1 quando da implementa\u00e7\u00e3o definitiva da reforma tribut\u00e1ria&#8221;, escreveu o IBP.<\/p>\n\n\n\n<p><\/p>\n","protected":false},"excerpt":{"rendered":"<p>Gabriel Vasconcelos, da Ag\u00eancia iNFRA O trecho que incide sobre \u00f3leo e g\u00e1s no relat\u00f3rio da MP 1.304 foi mal recebido pelas grandes e m\u00e9dias petroleiras. O texto foi apresentado pelo senador Eduardo Braga (MDB-AM) \u00e0 Comiss\u00e3o Mista na ter\u00e7a-feira (28), quando come\u00e7ava, no Rio de Janeiro, a OTC Brasil, uma das maiores confer\u00eancias do [&hellip;]<\/p>\n","protected":false},"author":1,"featured_media":31052,"comment_status":"closed","ping_status":"closed","sticky":false,"template":"","format":"standard","meta":{"_monsterinsights_skip_tracking":false,"_monsterinsights_sitenote_active":false,"_monsterinsights_sitenote_note":"","_monsterinsights_sitenote_category":0,"footnotes":""},"categories":[13271],"tags":[13364,1101,3004,1252,16593,13251,1444,14378,3191,16523,14004,16575],"class_list":["post-31050","post","type-post","status-publish","format-standard","has-post-thumbnail","hentry","category-oleo-gas","tag-abpip","tag-anp","tag-cnpe","tag-eduardo-braga","tag-flavio-rodrigues","tag-gabriel-vasconcelos","tag-ibp","tag-mp-1-304","tag-oleo-e-gas","tag-otc-brasil","tag-shell-brasil","tag-sylvia-anjos"],"yoast_head":"<!-- This site is optimized with the Yoast SEO Premium plugin v25.4 (Yoast SEO v26.0) - https:\/\/yoast.com\/wordpress\/plugins\/seo\/ -->\n<title>Trecho sobre \u00f3leo e g\u00e1s na MP 1.304 \u00e9 visto como &#039;desastroso&#039; pelo setor - Ag\u00eancia iNFRA<\/title>\n<meta name=\"robots\" content=\"index, follow, max-snippet:-1, max-image-preview:large, max-video-preview:-1\" \/>\n<link rel=\"canonical\" href=\"https:\/\/agenciainfra.com\/blog\/trecho-sobre-oleo-e-gas-na-mp-1-304-e-visto-como-desastroso-pelo-setor\/\" \/>\n<meta property=\"og:locale\" content=\"pt_BR\" \/>\n<meta property=\"og:type\" content=\"article\" \/>\n<meta property=\"og:title\" content=\"Trecho sobre \u00f3leo e g\u00e1s na MP 1.304 \u00e9 visto como &#039;desastroso&#039; pelo setor\" \/>\n<meta property=\"og:description\" content=\"Gabriel Vasconcelos, da Ag\u00eancia iNFRA O trecho que incide sobre \u00f3leo e g\u00e1s no relat\u00f3rio da MP 1.304 foi mal recebido pelas grandes e m\u00e9dias petroleiras. O texto foi apresentado pelo senador Eduardo Braga (MDB-AM) \u00e0 Comiss\u00e3o Mista na ter\u00e7a-feira (28), quando come\u00e7ava, no Rio de Janeiro, a OTC Brasil, uma das maiores confer\u00eancias do [&hellip;]\" \/>\n<meta property=\"og:url\" content=\"https:\/\/agenciainfra.com\/blog\/trecho-sobre-oleo-e-gas-na-mp-1-304-e-visto-como-desastroso-pelo-setor\/\" \/>\n<meta property=\"og:site_name\" content=\"Ag\u00eancia iNFRA\" \/>\n<meta property=\"article:publisher\" content=\"https:\/\/www.facebook.com\/ageninfra\" \/>\n<meta property=\"article:published_time\" content=\"2025-10-30T12:41:29+00:00\" \/>\n<meta property=\"article:modified_time\" content=\"2025-10-30T18:13:42+00:00\" \/>\n<meta property=\"og:image\" content=\"https:\/\/agenciainfra.com\/blog\/wp-content\/uploads\/2025\/10\/flavio-ofugi-rodrigues-foto-cleia-viana-camara-dos-deputados.jpg\" \/>\n\t<meta property=\"og:image:width\" content=\"1280\" \/>\n\t<meta property=\"og:image:height\" content=\"854\" \/>\n\t<meta property=\"og:image:type\" content=\"image\/jpeg\" \/>\n<meta name=\"author\" content=\"Ag\u00eancia iNFRA\" \/>\n<meta name=\"twitter:card\" content=\"summary_large_image\" \/>\n<meta name=\"twitter:creator\" content=\"@agencia_infra\" \/>\n<meta name=\"twitter:site\" content=\"@agencia_infra\" \/>\n<meta name=\"twitter:label1\" content=\"Escrito por\" \/>\n\t<meta name=\"twitter:data1\" content=\"Ag\u00eancia iNFRA\" \/>\n\t<meta name=\"twitter:label2\" content=\"Est. tempo de leitura\" \/>\n\t<meta name=\"twitter:data2\" content=\"7 minutos\" \/>\n<script type=\"application\/ld+json\" class=\"yoast-schema-graph\">{\"@context\":\"https:\/\/schema.org\",\"@graph\":[{\"@type\":\"Article\",\"@id\":\"https:\/\/agenciainfra.com\/blog\/trecho-sobre-oleo-e-gas-na-mp-1-304-e-visto-como-desastroso-pelo-setor\/#article\",\"isPartOf\":{\"@id\":\"https:\/\/agenciainfra.com\/blog\/trecho-sobre-oleo-e-gas-na-mp-1-304-e-visto-como-desastroso-pelo-setor\/\"},\"author\":{\"name\":\"Ag\u00eancia iNFRA\",\"@id\":\"https:\/\/agenciainfra.com\/blog\/#\/schema\/person\/34af08dff6adea4cb22b06612ba7acfa\"},\"headline\":\"Trecho sobre \u00f3leo e g\u00e1s na MP 1.304 \u00e9 visto como &#8216;desastroso&#8217; pelo setor\",\"datePublished\":\"2025-10-30T12:41:29+00:00\",\"dateModified\":\"2025-10-30T18:13:42+00:00\",\"mainEntityOfPage\":{\"@id\":\"https:\/\/agenciainfra.com\/blog\/trecho-sobre-oleo-e-gas-na-mp-1-304-e-visto-como-desastroso-pelo-setor\/\"},\"wordCount\":1478,\"publisher\":{\"@id\":\"https:\/\/agenciainfra.com\/blog\/#organization\"},\"image\":{\"@id\":\"https:\/\/agenciainfra.com\/blog\/trecho-sobre-oleo-e-gas-na-mp-1-304-e-visto-como-desastroso-pelo-setor\/#primaryimage\"},\"thumbnailUrl\":\"https:\/\/agenciainfra.com\/blog\/wp-content\/uploads\/2025\/10\/flavio-ofugi-rodrigues-foto-cleia-viana-camara-dos-deputados.jpg\",\"keywords\":[\"abpip\",\"ANP\",\"CNPE\",\"Eduardo Braga\",\"Fl\u00e1vio Rodrigues\",\"Gabriel Vasconcelos\",\"IBP\",\"MP 1.304\",\"\u00f3leo e g\u00e1s\",\"OTC Brasil\",\"shell brasil\",\"Sylvia Anjos\"],\"articleSection\":[\"\u00d3leo &amp; G\u00e1s\"],\"inLanguage\":\"pt-BR\",\"copyrightYear\":\"2025\",\"copyrightHolder\":{\"@id\":\"https:\/\/agenciainfra.com\/blog\/#organization\"}},{\"@type\":\"WebPage\",\"@id\":\"https:\/\/agenciainfra.com\/blog\/trecho-sobre-oleo-e-gas-na-mp-1-304-e-visto-como-desastroso-pelo-setor\/\",\"url\":\"https:\/\/agenciainfra.com\/blog\/trecho-sobre-oleo-e-gas-na-mp-1-304-e-visto-como-desastroso-pelo-setor\/\",\"name\":\"Trecho sobre \u00f3leo e g\u00e1s na MP 1.304 \u00e9 visto como 'desastroso' pelo setor - Ag\u00eancia iNFRA\",\"isPartOf\":{\"@id\":\"https:\/\/agenciainfra.com\/blog\/#website\"},\"primaryImageOfPage\":{\"@id\":\"https:\/\/agenciainfra.com\/blog\/trecho-sobre-oleo-e-gas-na-mp-1-304-e-visto-como-desastroso-pelo-setor\/#primaryimage\"},\"image\":{\"@id\":\"https:\/\/agenciainfra.com\/blog\/trecho-sobre-oleo-e-gas-na-mp-1-304-e-visto-como-desastroso-pelo-setor\/#primaryimage\"},\"thumbnailUrl\":\"https:\/\/agenciainfra.com\/blog\/wp-content\/uploads\/2025\/10\/flavio-ofugi-rodrigues-foto-cleia-viana-camara-dos-deputados.jpg\",\"datePublished\":\"2025-10-30T12:41:29+00:00\",\"dateModified\":\"2025-10-30T18:13:42+00:00\",\"breadcrumb\":{\"@id\":\"https:\/\/agenciainfra.com\/blog\/trecho-sobre-oleo-e-gas-na-mp-1-304-e-visto-como-desastroso-pelo-setor\/#breadcrumb\"},\"inLanguage\":\"pt-BR\",\"potentialAction\":[{\"@type\":\"ReadAction\",\"target\":[\"https:\/\/agenciainfra.com\/blog\/trecho-sobre-oleo-e-gas-na-mp-1-304-e-visto-como-desastroso-pelo-setor\/\"]}]},{\"@type\":\"ImageObject\",\"inLanguage\":\"pt-BR\",\"@id\":\"https:\/\/agenciainfra.com\/blog\/trecho-sobre-oleo-e-gas-na-mp-1-304-e-visto-como-desastroso-pelo-setor\/#primaryimage\",\"url\":\"https:\/\/agenciainfra.com\/blog\/wp-content\/uploads\/2025\/10\/flavio-ofugi-rodrigues-foto-cleia-viana-camara-dos-deputados.jpg\",\"contentUrl\":\"https:\/\/agenciainfra.com\/blog\/wp-content\/uploads\/2025\/10\/flavio-ofugi-rodrigues-foto-cleia-viana-camara-dos-deputados.jpg\",\"width\":1280,\"height\":854,\"caption\":\"Foto: Cleia Viana\/C\u00e2mara dos Deputados\"},{\"@type\":\"BreadcrumbList\",\"@id\":\"https:\/\/agenciainfra.com\/blog\/trecho-sobre-oleo-e-gas-na-mp-1-304-e-visto-como-desastroso-pelo-setor\/#breadcrumb\",\"itemListElement\":[{\"@type\":\"ListItem\",\"position\":1,\"name\":\"In\u00edcio\",\"item\":\"https:\/\/agenciainfra.com\/blog\/\"},{\"@type\":\"ListItem\",\"position\":2,\"name\":\"Trecho sobre \u00f3leo e g\u00e1s na MP 1.304 \u00e9 visto como &#8216;desastroso&#8217; pelo setor\"}]},{\"@type\":\"WebSite\",\"@id\":\"https:\/\/agenciainfra.com\/blog\/#website\",\"url\":\"https:\/\/agenciainfra.com\/blog\/\",\"name\":\"Ag\u00eancia iNFRA\",\"description\":\"Multiplataforma de informa\u00e7\u00e3o jornal\u00edstica refer\u00eancia na \u00e1rea de infraestrutura no Brasil!\",\"publisher\":{\"@id\":\"https:\/\/agenciainfra.com\/blog\/#organization\"},\"potentialAction\":[{\"@type\":\"SearchAction\",\"target\":{\"@type\":\"EntryPoint\",\"urlTemplate\":\"https:\/\/agenciainfra.com\/blog\/?s={search_term_string}\"},\"query-input\":{\"@type\":\"PropertyValueSpecification\",\"valueRequired\":true,\"valueName\":\"search_term_string\"}}],\"inLanguage\":\"pt-BR\"},{\"@type\":\"Organization\",\"@id\":\"https:\/\/agenciainfra.com\/blog\/#organization\",\"name\":\"Ag\u00eancia iNFRA\",\"url\":\"https:\/\/agenciainfra.com\/blog\/\",\"logo\":{\"@type\":\"ImageObject\",\"inLanguage\":\"pt-BR\",\"@id\":\"https:\/\/agenciainfra.com\/blog\/#\/schema\/logo\/image\/\",\"url\":\"https:\/\/agenciainfra.com\/blog\/wp-content\/uploads\/2023\/09\/iNFRA_5-e1761735885940.png\",\"contentUrl\":\"https:\/\/agenciainfra.com\/blog\/wp-content\/uploads\/2023\/09\/iNFRA_5-e1761735885940.png\",\"width\":1672,\"height\":454,\"caption\":\"Ag\u00eancia iNFRA\"},\"image\":{\"@id\":\"https:\/\/agenciainfra.com\/blog\/#\/schema\/logo\/image\/\"},\"sameAs\":[\"https:\/\/www.facebook.com\/ageninfra\",\"https:\/\/x.com\/agencia_infra\",\"https:\/\/www.linkedin.com\/company\/ag\u00eanciainfra\/\",\"https:\/\/www.instagram.com\/agenciainfra\/\"]},{\"@type\":\"Person\",\"@id\":\"https:\/\/agenciainfra.com\/blog\/#\/schema\/person\/34af08dff6adea4cb22b06612ba7acfa\",\"name\":\"Ag\u00eancia iNFRA\",\"image\":{\"@type\":\"ImageObject\",\"inLanguage\":\"pt-BR\",\"@id\":\"https:\/\/agenciainfra.com\/blog\/#\/schema\/person\/image\/\",\"url\":\"https:\/\/secure.gravatar.com\/avatar\/d189e01678f06d8eb84d4e01f08eb848b3fffe3f8443818d3c356c66892f5be8?s=96&d=mm&r=g\",\"contentUrl\":\"https:\/\/secure.gravatar.com\/avatar\/d189e01678f06d8eb84d4e01f08eb848b3fffe3f8443818d3c356c66892f5be8?s=96&d=mm&r=g\",\"caption\":\"Ag\u00eancia iNFRA\"},\"url\":\"https:\/\/agenciainfra.com\/blog\/author\/admin\/\"}]}<\/script>\n<!-- \/ Yoast SEO Premium plugin. -->","yoast_head_json":{"title":"Trecho sobre \u00f3leo e g\u00e1s na MP 1.304 \u00e9 visto como 'desastroso' pelo setor - Ag\u00eancia iNFRA","robots":{"index":"index","follow":"follow","max-snippet":"max-snippet:-1","max-image-preview":"max-image-preview:large","max-video-preview":"max-video-preview:-1"},"canonical":"https:\/\/agenciainfra.com\/blog\/trecho-sobre-oleo-e-gas-na-mp-1-304-e-visto-como-desastroso-pelo-setor\/","og_locale":"pt_BR","og_type":"article","og_title":"Trecho sobre \u00f3leo e g\u00e1s na MP 1.304 \u00e9 visto como 'desastroso' pelo setor","og_description":"Gabriel Vasconcelos, da Ag\u00eancia iNFRA O trecho que incide sobre \u00f3leo e g\u00e1s no relat\u00f3rio da MP 1.304 foi mal recebido pelas grandes e m\u00e9dias petroleiras. O texto foi apresentado pelo senador Eduardo Braga (MDB-AM) \u00e0 Comiss\u00e3o Mista na ter\u00e7a-feira (28), quando come\u00e7ava, no Rio de Janeiro, a OTC Brasil, uma das maiores confer\u00eancias do [&hellip;]","og_url":"https:\/\/agenciainfra.com\/blog\/trecho-sobre-oleo-e-gas-na-mp-1-304-e-visto-como-desastroso-pelo-setor\/","og_site_name":"Ag\u00eancia iNFRA","article_publisher":"https:\/\/www.facebook.com\/ageninfra","article_published_time":"2025-10-30T12:41:29+00:00","article_modified_time":"2025-10-30T18:13:42+00:00","og_image":[{"width":1280,"height":854,"url":"https:\/\/agenciainfra.com\/blog\/wp-content\/uploads\/2025\/10\/flavio-ofugi-rodrigues-foto-cleia-viana-camara-dos-deputados.jpg","type":"image\/jpeg"}],"author":"Ag\u00eancia iNFRA","twitter_card":"summary_large_image","twitter_creator":"@agencia_infra","twitter_site":"@agencia_infra","twitter_misc":{"Escrito por":"Ag\u00eancia iNFRA","Est. tempo de leitura":"7 minutos"},"schema":{"@context":"https:\/\/schema.org","@graph":[{"@type":"Article","@id":"https:\/\/agenciainfra.com\/blog\/trecho-sobre-oleo-e-gas-na-mp-1-304-e-visto-como-desastroso-pelo-setor\/#article","isPartOf":{"@id":"https:\/\/agenciainfra.com\/blog\/trecho-sobre-oleo-e-gas-na-mp-1-304-e-visto-como-desastroso-pelo-setor\/"},"author":{"name":"Ag\u00eancia iNFRA","@id":"https:\/\/agenciainfra.com\/blog\/#\/schema\/person\/34af08dff6adea4cb22b06612ba7acfa"},"headline":"Trecho sobre \u00f3leo e g\u00e1s na MP 1.304 \u00e9 visto como &#8216;desastroso&#8217; pelo setor","datePublished":"2025-10-30T12:41:29+00:00","dateModified":"2025-10-30T18:13:42+00:00","mainEntityOfPage":{"@id":"https:\/\/agenciainfra.com\/blog\/trecho-sobre-oleo-e-gas-na-mp-1-304-e-visto-como-desastroso-pelo-setor\/"},"wordCount":1478,"publisher":{"@id":"https:\/\/agenciainfra.com\/blog\/#organization"},"image":{"@id":"https:\/\/agenciainfra.com\/blog\/trecho-sobre-oleo-e-gas-na-mp-1-304-e-visto-como-desastroso-pelo-setor\/#primaryimage"},"thumbnailUrl":"https:\/\/agenciainfra.com\/blog\/wp-content\/uploads\/2025\/10\/flavio-ofugi-rodrigues-foto-cleia-viana-camara-dos-deputados.jpg","keywords":["abpip","ANP","CNPE","Eduardo Braga","Fl\u00e1vio Rodrigues","Gabriel Vasconcelos","IBP","MP 1.304","\u00f3leo e g\u00e1s","OTC Brasil","shell brasil","Sylvia Anjos"],"articleSection":["\u00d3leo &amp; G\u00e1s"],"inLanguage":"pt-BR","copyrightYear":"2025","copyrightHolder":{"@id":"https:\/\/agenciainfra.com\/blog\/#organization"}},{"@type":"WebPage","@id":"https:\/\/agenciainfra.com\/blog\/trecho-sobre-oleo-e-gas-na-mp-1-304-e-visto-como-desastroso-pelo-setor\/","url":"https:\/\/agenciainfra.com\/blog\/trecho-sobre-oleo-e-gas-na-mp-1-304-e-visto-como-desastroso-pelo-setor\/","name":"Trecho sobre \u00f3leo e g\u00e1s na MP 1.304 \u00e9 visto como 'desastroso' pelo setor - Ag\u00eancia iNFRA","isPartOf":{"@id":"https:\/\/agenciainfra.com\/blog\/#website"},"primaryImageOfPage":{"@id":"https:\/\/agenciainfra.com\/blog\/trecho-sobre-oleo-e-gas-na-mp-1-304-e-visto-como-desastroso-pelo-setor\/#primaryimage"},"image":{"@id":"https:\/\/agenciainfra.com\/blog\/trecho-sobre-oleo-e-gas-na-mp-1-304-e-visto-como-desastroso-pelo-setor\/#primaryimage"},"thumbnailUrl":"https:\/\/agenciainfra.com\/blog\/wp-content\/uploads\/2025\/10\/flavio-ofugi-rodrigues-foto-cleia-viana-camara-dos-deputados.jpg","datePublished":"2025-10-30T12:41:29+00:00","dateModified":"2025-10-30T18:13:42+00:00","breadcrumb":{"@id":"https:\/\/agenciainfra.com\/blog\/trecho-sobre-oleo-e-gas-na-mp-1-304-e-visto-como-desastroso-pelo-setor\/#breadcrumb"},"inLanguage":"pt-BR","potentialAction":[{"@type":"ReadAction","target":["https:\/\/agenciainfra.com\/blog\/trecho-sobre-oleo-e-gas-na-mp-1-304-e-visto-como-desastroso-pelo-setor\/"]}]},{"@type":"ImageObject","inLanguage":"pt-BR","@id":"https:\/\/agenciainfra.com\/blog\/trecho-sobre-oleo-e-gas-na-mp-1-304-e-visto-como-desastroso-pelo-setor\/#primaryimage","url":"https:\/\/agenciainfra.com\/blog\/wp-content\/uploads\/2025\/10\/flavio-ofugi-rodrigues-foto-cleia-viana-camara-dos-deputados.jpg","contentUrl":"https:\/\/agenciainfra.com\/blog\/wp-content\/uploads\/2025\/10\/flavio-ofugi-rodrigues-foto-cleia-viana-camara-dos-deputados.jpg","width":1280,"height":854,"caption":"Foto: Cleia Viana\/C\u00e2mara dos Deputados"},{"@type":"BreadcrumbList","@id":"https:\/\/agenciainfra.com\/blog\/trecho-sobre-oleo-e-gas-na-mp-1-304-e-visto-como-desastroso-pelo-setor\/#breadcrumb","itemListElement":[{"@type":"ListItem","position":1,"name":"In\u00edcio","item":"https:\/\/agenciainfra.com\/blog\/"},{"@type":"ListItem","position":2,"name":"Trecho sobre \u00f3leo e g\u00e1s na MP 1.304 \u00e9 visto como &#8216;desastroso&#8217; pelo setor"}]},{"@type":"WebSite","@id":"https:\/\/agenciainfra.com\/blog\/#website","url":"https:\/\/agenciainfra.com\/blog\/","name":"Ag\u00eancia iNFRA","description":"Multiplataforma de informa\u00e7\u00e3o jornal\u00edstica refer\u00eancia na \u00e1rea de infraestrutura no Brasil!","publisher":{"@id":"https:\/\/agenciainfra.com\/blog\/#organization"},"potentialAction":[{"@type":"SearchAction","target":{"@type":"EntryPoint","urlTemplate":"https:\/\/agenciainfra.com\/blog\/?s={search_term_string}"},"query-input":{"@type":"PropertyValueSpecification","valueRequired":true,"valueName":"search_term_string"}}],"inLanguage":"pt-BR"},{"@type":"Organization","@id":"https:\/\/agenciainfra.com\/blog\/#organization","name":"Ag\u00eancia iNFRA","url":"https:\/\/agenciainfra.com\/blog\/","logo":{"@type":"ImageObject","inLanguage":"pt-BR","@id":"https:\/\/agenciainfra.com\/blog\/#\/schema\/logo\/image\/","url":"https:\/\/agenciainfra.com\/blog\/wp-content\/uploads\/2023\/09\/iNFRA_5-e1761735885940.png","contentUrl":"https:\/\/agenciainfra.com\/blog\/wp-content\/uploads\/2023\/09\/iNFRA_5-e1761735885940.png","width":1672,"height":454,"caption":"Ag\u00eancia iNFRA"},"image":{"@id":"https:\/\/agenciainfra.com\/blog\/#\/schema\/logo\/image\/"},"sameAs":["https:\/\/www.facebook.com\/ageninfra","https:\/\/x.com\/agencia_infra","https:\/\/www.linkedin.com\/company\/ag\u00eanciainfra\/","https:\/\/www.instagram.com\/agenciainfra\/"]},{"@type":"Person","@id":"https:\/\/agenciainfra.com\/blog\/#\/schema\/person\/34af08dff6adea4cb22b06612ba7acfa","name":"Ag\u00eancia iNFRA","image":{"@type":"ImageObject","inLanguage":"pt-BR","@id":"https:\/\/agenciainfra.com\/blog\/#\/schema\/person\/image\/","url":"https:\/\/secure.gravatar.com\/avatar\/d189e01678f06d8eb84d4e01f08eb848b3fffe3f8443818d3c356c66892f5be8?s=96&d=mm&r=g","contentUrl":"https:\/\/secure.gravatar.com\/avatar\/d189e01678f06d8eb84d4e01f08eb848b3fffe3f8443818d3c356c66892f5be8?s=96&d=mm&r=g","caption":"Ag\u00eancia iNFRA"},"url":"https:\/\/agenciainfra.com\/blog\/author\/admin\/"}]}},"_links":{"self":[{"href":"https:\/\/agenciainfra.com\/blog\/wp-json\/wp\/v2\/posts\/31050","targetHints":{"allow":["GET"]}}],"collection":[{"href":"https:\/\/agenciainfra.com\/blog\/wp-json\/wp\/v2\/posts"}],"about":[{"href":"https:\/\/agenciainfra.com\/blog\/wp-json\/wp\/v2\/types\/post"}],"author":[{"embeddable":true,"href":"https:\/\/agenciainfra.com\/blog\/wp-json\/wp\/v2\/users\/1"}],"replies":[{"embeddable":true,"href":"https:\/\/agenciainfra.com\/blog\/wp-json\/wp\/v2\/comments?post=31050"}],"version-history":[{"count":2,"href":"https:\/\/agenciainfra.com\/blog\/wp-json\/wp\/v2\/posts\/31050\/revisions"}],"predecessor-version":[{"id":31057,"href":"https:\/\/agenciainfra.com\/blog\/wp-json\/wp\/v2\/posts\/31050\/revisions\/31057"}],"wp:featuredmedia":[{"embeddable":true,"href":"https:\/\/agenciainfra.com\/blog\/wp-json\/wp\/v2\/media\/31052"}],"wp:attachment":[{"href":"https:\/\/agenciainfra.com\/blog\/wp-json\/wp\/v2\/media?parent=31050"}],"wp:term":[{"taxonomy":"category","embeddable":true,"href":"https:\/\/agenciainfra.com\/blog\/wp-json\/wp\/v2\/categories?post=31050"},{"taxonomy":"post_tag","embeddable":true,"href":"https:\/\/agenciainfra.com\/blog\/wp-json\/wp\/v2\/tags?post=31050"}],"curies":[{"name":"wp","href":"https:\/\/api.w.org\/{rel}","templated":true}]}}