{"id":31068,"date":"2025-10-30T11:48:22","date_gmt":"2025-10-30T14:48:22","guid":{"rendered":"https:\/\/agenciainfra.com\/blog\/?p=31068"},"modified":"2025-10-30T18:23:17","modified_gmt":"2025-10-30T21:23:17","slug":"ministro-adia-anuncio-sobre-porto-de-itajai-por-falha-de-comunicacao","status":"publish","type":"post","link":"https:\/\/agenciainfra.com\/blog\/ministro-adia-anuncio-sobre-porto-de-itajai-por-falha-de-comunicacao\/","title":{"rendered":"Ministro adia an\u00fancio sobre porto de Itaja\u00ed por &#8216;falha de comunica\u00e7\u00e3o&#8217;"},"content":{"rendered":"\n<p class=\"has-text-align-right\"><strong>da Ag\u00eancia iNFRA<\/strong><\/p>\n\n\n\n<p>O arrendamento definitivo do Porto de Itaja\u00ed (SC) n\u00e3o foi anunciado nesta quarta-feira (29), conforme <a href=\"https:\/\/agenciainfra.com\/blog\/ministerio-anuncia-estudo-de-arrendamento-definitivo-do-porto-de-itajai\/\">havia estimado<\/a> o ministro de Portos e Aeroportos, Silvio Costa Filho, na ter\u00e7a-feira (28), durante o f\u00f3rum Brasil Export, em Bras\u00edlia. De acordo com o ministro, houve uma \u201cfalha de comunica\u00e7\u00e3o\u201d no MPor (Minist\u00e9rio de Portos e Aeroportos) e o an\u00fancio ficou para esta quinta-feira (30).<br><br>A reportagem apurou que a pasta ainda n\u00e3o concluiu os estudos necess\u00e1rios para dar in\u00edcio ao processo para o arrendamento definitivo do porto. Eles est\u00e3o em elabora\u00e7\u00e3o na Secretaria Nacional de Portos. O arrendamento tempor\u00e1rio de Itaja\u00ed foi realizado h\u00e1 mais de dois anos.<br><br>A expectativa \u00e9 que, quando os estudos forem conclu\u00eddos, sejam encaminhados \u00e0 ANTAQ (Ag\u00eancia Nacional de Transportes Aquavi\u00e1rios) para avalia\u00e7\u00e3o da necessidade de consulta p\u00fablica. Caso contr\u00e1rio, os documentos seguir\u00e3o diretamente para o TCU (Tribunal de Contas da Uni\u00e3o). Atualmente, a JBS Terminais \u00e9 respons\u00e1vel pela gest\u00e3o provis\u00f3ria do Porto de Itaja\u00ed.<\/p>\n\n\n\n<p><strong>Hidrovia do Paraguai<br><\/strong>Costa Filho tamb\u00e9m informou que o\u00a0projeto de concess\u00e3o da hidrovia do rio Paraguai voltar\u00e1 ao TCU nesta quinta-feira (30). De acordo com o secret\u00e1rio nacional de Hidrovias, Dino Antunes, o projeto retornou para ajustes um dia ap\u00f3s ter sido encaminhado \u00e0 Corte. A pasta aproveitou o per\u00edodo de market sounding para reunir mais contribui\u00e7\u00f5es e, agora, reenviar\u00e1 o projeto ao TCU.<br><br>\u201cAproveitamos tamb\u00e9m para concluir os acordos com o Paraguai, e agora a tramita\u00e7\u00e3o do projeto de concess\u00e3o da hidrovia est\u00e1 pronta para ser encaminhada\u201d, afirmou Antunes, que est\u00e1 de sa\u00edda do MPor. O servidor Otto Bulier assumir\u00e1 a secretaria. Como\u00a0<a href=\"https:\/\/agenciainfra.us14.list-manage.com\/track\/click?u=d460dd1bcf9ba0ae040e1fc0f&amp;id=a975867ca0&amp;e=c099169394\" target=\"_blank\" rel=\"noreferrer noopener\">mostrou<\/a>\u00a0a\u00a0<strong>Ag\u00eancia iNFRA<\/strong>, o market sounding realizado em setembro recebeu oito empresas \u2013 entre brasileiras e estrangeiras. A previs\u00e3o \u00e9 de que o leil\u00e3o aconte\u00e7a nos primeiros meses de 2026.<\/p>\n","protected":false},"excerpt":{"rendered":"<p>da Ag\u00eancia iNFRA O arrendamento definitivo do Porto de Itaja\u00ed (SC) n\u00e3o foi anunciado nesta quarta-feira (29), conforme havia estimado o ministro de Portos e Aeroportos, Silvio Costa Filho, na ter\u00e7a-feira (28), durante o f\u00f3rum Brasil Export, em Bras\u00edlia. De acordo com o ministro, houve uma \u201cfalha de comunica\u00e7\u00e3o\u201d no MPor (Minist\u00e9rio de Portos e [&hellip;]<\/p>\n","protected":false},"author":1,"featured_media":31069,"comment_status":"closed","ping_status":"closed","sticky":false,"template":"","format":"standard","meta":{"_monsterinsights_skip_tracking":false,"_monsterinsights_sitenote_active":false,"_monsterinsights_sitenote_note":"","_monsterinsights_sitenote_category":0,"footnotes":""},"categories":[1],"tags":[1145,8957,16580,6257,2056,7467,18],"class_list":["post-31068","post","type-post","status-publish","format-standard","has-post-thumbnail","hentry","category-geral","tag-dino-antunes","tag-hidrovia-do-paraguai","tag-jbs-terminais","tag-ministerio-de-portos-e-aeroportos","tag-porto-de-itajai","tag-silvio-costa-filho","tag-tcu"],"yoast_head":"<!-- This site is optimized with the Yoast SEO Premium plugin v25.4 (Yoast SEO v26.0) - https:\/\/yoast.com\/wordpress\/plugins\/seo\/ -->\n<title>Ministro adia an\u00fancio sobre porto de Itaja\u00ed por &#039;falha de comunica\u00e7\u00e3o&#039; - Ag\u00eancia iNFRA<\/title>\n<meta name=\"robots\" content=\"index, follow, max-snippet:-1, max-image-preview:large, max-video-preview:-1\" \/>\n<link rel=\"canonical\" href=\"https:\/\/agenciainfra.com\/blog\/ministro-adia-anuncio-sobre-porto-de-itajai-por-falha-de-comunicacao\/\" \/>\n<meta property=\"og:locale\" content=\"pt_BR\" \/>\n<meta property=\"og:type\" content=\"article\" \/>\n<meta property=\"og:title\" content=\"Ministro adia an\u00fancio sobre porto de Itaja\u00ed por &#039;falha de comunica\u00e7\u00e3o&#039;\" \/>\n<meta property=\"og:description\" content=\"da Ag\u00eancia iNFRA O arrendamento definitivo do Porto de Itaja\u00ed (SC) n\u00e3o foi anunciado nesta quarta-feira (29), conforme havia estimado o ministro de Portos e Aeroportos, Silvio Costa Filho, na ter\u00e7a-feira (28), durante o f\u00f3rum Brasil Export, em Bras\u00edlia. De acordo com o ministro, houve uma \u201cfalha de comunica\u00e7\u00e3o\u201d no MPor (Minist\u00e9rio de Portos e [&hellip;]\" \/>\n<meta property=\"og:url\" content=\"https:\/\/agenciainfra.com\/blog\/ministro-adia-anuncio-sobre-porto-de-itajai-por-falha-de-comunicacao\/\" \/>\n<meta property=\"og:site_name\" content=\"Ag\u00eancia iNFRA\" \/>\n<meta property=\"article:publisher\" content=\"https:\/\/www.facebook.com\/ageninfra\" \/>\n<meta property=\"article:published_time\" content=\"2025-10-30T14:48:22+00:00\" \/>\n<meta property=\"article:modified_time\" content=\"2025-10-30T21:23:17+00:00\" \/>\n<meta property=\"og:image\" content=\"https:\/\/agenciainfra.com\/blog\/wp-content\/uploads\/2025\/10\/silvio-costa-filho-foto-jonilton-lima-mpor.jpg\" \/>\n\t<meta property=\"og:image:width\" content=\"1280\" \/>\n\t<meta property=\"og:image:height\" content=\"853\" \/>\n\t<meta property=\"og:image:type\" content=\"image\/jpeg\" \/>\n<meta name=\"author\" content=\"Ag\u00eancia iNFRA\" \/>\n<meta name=\"twitter:card\" content=\"summary_large_image\" \/>\n<meta name=\"twitter:creator\" content=\"@agencia_infra\" \/>\n<meta name=\"twitter:site\" content=\"@agencia_infra\" \/>\n<meta name=\"twitter:label1\" content=\"Escrito por\" \/>\n\t<meta name=\"twitter:data1\" content=\"Ag\u00eancia iNFRA\" \/>\n\t<meta name=\"twitter:label2\" content=\"Est. tempo de leitura\" \/>\n\t<meta name=\"twitter:data2\" content=\"2 minutos\" \/>\n<script type=\"application\/ld+json\" class=\"yoast-schema-graph\">{\"@context\":\"https:\/\/schema.org\",\"@graph\":[{\"@type\":\"Article\",\"@id\":\"https:\/\/agenciainfra.com\/blog\/ministro-adia-anuncio-sobre-porto-de-itajai-por-falha-de-comunicacao\/#article\",\"isPartOf\":{\"@id\":\"https:\/\/agenciainfra.com\/blog\/ministro-adia-anuncio-sobre-porto-de-itajai-por-falha-de-comunicacao\/\"},\"author\":{\"name\":\"Ag\u00eancia iNFRA\",\"@id\":\"https:\/\/agenciainfra.com\/blog\/#\/schema\/person\/34af08dff6adea4cb22b06612ba7acfa\"},\"headline\":\"Ministro adia an\u00fancio sobre porto de Itaja\u00ed por &#8216;falha de comunica\u00e7\u00e3o&#8217;\",\"datePublished\":\"2025-10-30T14:48:22+00:00\",\"dateModified\":\"2025-10-30T21:23:17+00:00\",\"mainEntityOfPage\":{\"@id\":\"https:\/\/agenciainfra.com\/blog\/ministro-adia-anuncio-sobre-porto-de-itajai-por-falha-de-comunicacao\/\"},\"wordCount\":337,\"publisher\":{\"@id\":\"https:\/\/agenciainfra.com\/blog\/#organization\"},\"image\":{\"@id\":\"https:\/\/agenciainfra.com\/blog\/ministro-adia-anuncio-sobre-porto-de-itajai-por-falha-de-comunicacao\/#primaryimage\"},\"thumbnailUrl\":\"https:\/\/agenciainfra.com\/blog\/wp-content\/uploads\/2025\/10\/silvio-costa-filho-foto-jonilton-lima-mpor.jpg\",\"keywords\":[\"Dino Antunes\",\"Hidrovia do Paraguai\",\"JBS Terminais\",\"Minist\u00e9rio de Portos e Aeroportos\",\"Porto de Itaja\u00ed\",\"Silvio Costa Filho\",\"TCU\"],\"articleSection\":[\"Geral\"],\"inLanguage\":\"pt-BR\",\"copyrightYear\":\"2025\",\"copyrightHolder\":{\"@id\":\"https:\/\/agenciainfra.com\/blog\/#organization\"}},{\"@type\":\"WebPage\",\"@id\":\"https:\/\/agenciainfra.com\/blog\/ministro-adia-anuncio-sobre-porto-de-itajai-por-falha-de-comunicacao\/\",\"url\":\"https:\/\/agenciainfra.com\/blog\/ministro-adia-anuncio-sobre-porto-de-itajai-por-falha-de-comunicacao\/\",\"name\":\"Ministro adia an\u00fancio sobre porto de Itaja\u00ed por 'falha de comunica\u00e7\u00e3o' - Ag\u00eancia iNFRA\",\"isPartOf\":{\"@id\":\"https:\/\/agenciainfra.com\/blog\/#website\"},\"primaryImageOfPage\":{\"@id\":\"https:\/\/agenciainfra.com\/blog\/ministro-adia-anuncio-sobre-porto-de-itajai-por-falha-de-comunicacao\/#primaryimage\"},\"image\":{\"@id\":\"https:\/\/agenciainfra.com\/blog\/ministro-adia-anuncio-sobre-porto-de-itajai-por-falha-de-comunicacao\/#primaryimage\"},\"thumbnailUrl\":\"https:\/\/agenciainfra.com\/blog\/wp-content\/uploads\/2025\/10\/silvio-costa-filho-foto-jonilton-lima-mpor.jpg\",\"datePublished\":\"2025-10-30T14:48:22+00:00\",\"dateModified\":\"2025-10-30T21:23:17+00:00\",\"breadcrumb\":{\"@id\":\"https:\/\/agenciainfra.com\/blog\/ministro-adia-anuncio-sobre-porto-de-itajai-por-falha-de-comunicacao\/#breadcrumb\"},\"inLanguage\":\"pt-BR\",\"potentialAction\":[{\"@type\":\"ReadAction\",\"target\":[\"https:\/\/agenciainfra.com\/blog\/ministro-adia-anuncio-sobre-porto-de-itajai-por-falha-de-comunicacao\/\"]}]},{\"@type\":\"ImageObject\",\"inLanguage\":\"pt-BR\",\"@id\":\"https:\/\/agenciainfra.com\/blog\/ministro-adia-anuncio-sobre-porto-de-itajai-por-falha-de-comunicacao\/#primaryimage\",\"url\":\"https:\/\/agenciainfra.com\/blog\/wp-content\/uploads\/2025\/10\/silvio-costa-filho-foto-jonilton-lima-mpor.jpg\",\"contentUrl\":\"https:\/\/agenciainfra.com\/blog\/wp-content\/uploads\/2025\/10\/silvio-costa-filho-foto-jonilton-lima-mpor.jpg\",\"width\":1280,\"height\":853,\"caption\":\"Foto: Jonilton Lima\/Mpor\"},{\"@type\":\"BreadcrumbList\",\"@id\":\"https:\/\/agenciainfra.com\/blog\/ministro-adia-anuncio-sobre-porto-de-itajai-por-falha-de-comunicacao\/#breadcrumb\",\"itemListElement\":[{\"@type\":\"ListItem\",\"position\":1,\"name\":\"In\u00edcio\",\"item\":\"https:\/\/agenciainfra.com\/blog\/\"},{\"@type\":\"ListItem\",\"position\":2,\"name\":\"Ministro adia an\u00fancio sobre porto de Itaja\u00ed por &#8216;falha de comunica\u00e7\u00e3o&#8217;\"}]},{\"@type\":\"WebSite\",\"@id\":\"https:\/\/agenciainfra.com\/blog\/#website\",\"url\":\"https:\/\/agenciainfra.com\/blog\/\",\"name\":\"Ag\u00eancia iNFRA\",\"description\":\"Multiplataforma de informa\u00e7\u00e3o jornal\u00edstica refer\u00eancia na \u00e1rea de infraestrutura no Brasil!\",\"publisher\":{\"@id\":\"https:\/\/agenciainfra.com\/blog\/#organization\"},\"potentialAction\":[{\"@type\":\"SearchAction\",\"target\":{\"@type\":\"EntryPoint\",\"urlTemplate\":\"https:\/\/agenciainfra.com\/blog\/?s={search_term_string}\"},\"query-input\":{\"@type\":\"PropertyValueSpecification\",\"valueRequired\":true,\"valueName\":\"search_term_string\"}}],\"inLanguage\":\"pt-BR\"},{\"@type\":\"Organization\",\"@id\":\"https:\/\/agenciainfra.com\/blog\/#organization\",\"name\":\"Ag\u00eancia iNFRA\",\"url\":\"https:\/\/agenciainfra.com\/blog\/\",\"logo\":{\"@type\":\"ImageObject\",\"inLanguage\":\"pt-BR\",\"@id\":\"https:\/\/agenciainfra.com\/blog\/#\/schema\/logo\/image\/\",\"url\":\"https:\/\/agenciainfra.com\/blog\/wp-content\/uploads\/2023\/09\/iNFRA_5-e1761735885940.png\",\"contentUrl\":\"https:\/\/agenciainfra.com\/blog\/wp-content\/uploads\/2023\/09\/iNFRA_5-e1761735885940.png\",\"width\":1672,\"height\":454,\"caption\":\"Ag\u00eancia iNFRA\"},\"image\":{\"@id\":\"https:\/\/agenciainfra.com\/blog\/#\/schema\/logo\/image\/\"},\"sameAs\":[\"https:\/\/www.facebook.com\/ageninfra\",\"https:\/\/x.com\/agencia_infra\",\"https:\/\/www.linkedin.com\/company\/ag\u00eanciainfra\/\",\"https:\/\/www.instagram.com\/agenciainfra\/\"]},{\"@type\":\"Person\",\"@id\":\"https:\/\/agenciainfra.com\/blog\/#\/schema\/person\/34af08dff6adea4cb22b06612ba7acfa\",\"name\":\"Ag\u00eancia iNFRA\",\"image\":{\"@type\":\"ImageObject\",\"inLanguage\":\"pt-BR\",\"@id\":\"https:\/\/agenciainfra.com\/blog\/#\/schema\/person\/image\/\",\"url\":\"https:\/\/secure.gravatar.com\/avatar\/d189e01678f06d8eb84d4e01f08eb848b3fffe3f8443818d3c356c66892f5be8?s=96&d=mm&r=g\",\"contentUrl\":\"https:\/\/secure.gravatar.com\/avatar\/d189e01678f06d8eb84d4e01f08eb848b3fffe3f8443818d3c356c66892f5be8?s=96&d=mm&r=g\",\"caption\":\"Ag\u00eancia iNFRA\"},\"url\":\"https:\/\/agenciainfra.com\/blog\/author\/admin\/\"}]}<\/script>\n<!-- \/ Yoast SEO Premium plugin. -->","yoast_head_json":{"title":"Ministro adia an\u00fancio sobre porto de Itaja\u00ed por 'falha de comunica\u00e7\u00e3o' - Ag\u00eancia iNFRA","robots":{"index":"index","follow":"follow","max-snippet":"max-snippet:-1","max-image-preview":"max-image-preview:large","max-video-preview":"max-video-preview:-1"},"canonical":"https:\/\/agenciainfra.com\/blog\/ministro-adia-anuncio-sobre-porto-de-itajai-por-falha-de-comunicacao\/","og_locale":"pt_BR","og_type":"article","og_title":"Ministro adia an\u00fancio sobre porto de Itaja\u00ed por 'falha de comunica\u00e7\u00e3o'","og_description":"da Ag\u00eancia iNFRA O arrendamento definitivo do Porto de Itaja\u00ed (SC) n\u00e3o foi anunciado nesta quarta-feira (29), conforme havia estimado o ministro de Portos e Aeroportos, Silvio Costa Filho, na ter\u00e7a-feira (28), durante o f\u00f3rum Brasil Export, em Bras\u00edlia. De acordo com o ministro, houve uma \u201cfalha de comunica\u00e7\u00e3o\u201d no MPor (Minist\u00e9rio de Portos e [&hellip;]","og_url":"https:\/\/agenciainfra.com\/blog\/ministro-adia-anuncio-sobre-porto-de-itajai-por-falha-de-comunicacao\/","og_site_name":"Ag\u00eancia iNFRA","article_publisher":"https:\/\/www.facebook.com\/ageninfra","article_published_time":"2025-10-30T14:48:22+00:00","article_modified_time":"2025-10-30T21:23:17+00:00","og_image":[{"width":1280,"height":853,"url":"https:\/\/agenciainfra.com\/blog\/wp-content\/uploads\/2025\/10\/silvio-costa-filho-foto-jonilton-lima-mpor.jpg","type":"image\/jpeg"}],"author":"Ag\u00eancia iNFRA","twitter_card":"summary_large_image","twitter_creator":"@agencia_infra","twitter_site":"@agencia_infra","twitter_misc":{"Escrito por":"Ag\u00eancia iNFRA","Est. tempo de leitura":"2 minutos"},"schema":{"@context":"https:\/\/schema.org","@graph":[{"@type":"Article","@id":"https:\/\/agenciainfra.com\/blog\/ministro-adia-anuncio-sobre-porto-de-itajai-por-falha-de-comunicacao\/#article","isPartOf":{"@id":"https:\/\/agenciainfra.com\/blog\/ministro-adia-anuncio-sobre-porto-de-itajai-por-falha-de-comunicacao\/"},"author":{"name":"Ag\u00eancia iNFRA","@id":"https:\/\/agenciainfra.com\/blog\/#\/schema\/person\/34af08dff6adea4cb22b06612ba7acfa"},"headline":"Ministro adia an\u00fancio sobre porto de Itaja\u00ed por &#8216;falha de comunica\u00e7\u00e3o&#8217;","datePublished":"2025-10-30T14:48:22+00:00","dateModified":"2025-10-30T21:23:17+00:00","mainEntityOfPage":{"@id":"https:\/\/agenciainfra.com\/blog\/ministro-adia-anuncio-sobre-porto-de-itajai-por-falha-de-comunicacao\/"},"wordCount":337,"publisher":{"@id":"https:\/\/agenciainfra.com\/blog\/#organization"},"image":{"@id":"https:\/\/agenciainfra.com\/blog\/ministro-adia-anuncio-sobre-porto-de-itajai-por-falha-de-comunicacao\/#primaryimage"},"thumbnailUrl":"https:\/\/agenciainfra.com\/blog\/wp-content\/uploads\/2025\/10\/silvio-costa-filho-foto-jonilton-lima-mpor.jpg","keywords":["Dino Antunes","Hidrovia do Paraguai","JBS Terminais","Minist\u00e9rio de Portos e Aeroportos","Porto de Itaja\u00ed","Silvio Costa Filho","TCU"],"articleSection":["Geral"],"inLanguage":"pt-BR","copyrightYear":"2025","copyrightHolder":{"@id":"https:\/\/agenciainfra.com\/blog\/#organization"}},{"@type":"WebPage","@id":"https:\/\/agenciainfra.com\/blog\/ministro-adia-anuncio-sobre-porto-de-itajai-por-falha-de-comunicacao\/","url":"https:\/\/agenciainfra.com\/blog\/ministro-adia-anuncio-sobre-porto-de-itajai-por-falha-de-comunicacao\/","name":"Ministro adia an\u00fancio sobre porto de Itaja\u00ed por 'falha de comunica\u00e7\u00e3o' - Ag\u00eancia iNFRA","isPartOf":{"@id":"https:\/\/agenciainfra.com\/blog\/#website"},"primaryImageOfPage":{"@id":"https:\/\/agenciainfra.com\/blog\/ministro-adia-anuncio-sobre-porto-de-itajai-por-falha-de-comunicacao\/#primaryimage"},"image":{"@id":"https:\/\/agenciainfra.com\/blog\/ministro-adia-anuncio-sobre-porto-de-itajai-por-falha-de-comunicacao\/#primaryimage"},"thumbnailUrl":"https:\/\/agenciainfra.com\/blog\/wp-content\/uploads\/2025\/10\/silvio-costa-filho-foto-jonilton-lima-mpor.jpg","datePublished":"2025-10-30T14:48:22+00:00","dateModified":"2025-10-30T21:23:17+00:00","breadcrumb":{"@id":"https:\/\/agenciainfra.com\/blog\/ministro-adia-anuncio-sobre-porto-de-itajai-por-falha-de-comunicacao\/#breadcrumb"},"inLanguage":"pt-BR","potentialAction":[{"@type":"ReadAction","target":["https:\/\/agenciainfra.com\/blog\/ministro-adia-anuncio-sobre-porto-de-itajai-por-falha-de-comunicacao\/"]}]},{"@type":"ImageObject","inLanguage":"pt-BR","@id":"https:\/\/agenciainfra.com\/blog\/ministro-adia-anuncio-sobre-porto-de-itajai-por-falha-de-comunicacao\/#primaryimage","url":"https:\/\/agenciainfra.com\/blog\/wp-content\/uploads\/2025\/10\/silvio-costa-filho-foto-jonilton-lima-mpor.jpg","contentUrl":"https:\/\/agenciainfra.com\/blog\/wp-content\/uploads\/2025\/10\/silvio-costa-filho-foto-jonilton-lima-mpor.jpg","width":1280,"height":853,"caption":"Foto: Jonilton Lima\/Mpor"},{"@type":"BreadcrumbList","@id":"https:\/\/agenciainfra.com\/blog\/ministro-adia-anuncio-sobre-porto-de-itajai-por-falha-de-comunicacao\/#breadcrumb","itemListElement":[{"@type":"ListItem","position":1,"name":"In\u00edcio","item":"https:\/\/agenciainfra.com\/blog\/"},{"@type":"ListItem","position":2,"name":"Ministro adia an\u00fancio sobre porto de Itaja\u00ed por &#8216;falha de comunica\u00e7\u00e3o&#8217;"}]},{"@type":"WebSite","@id":"https:\/\/agenciainfra.com\/blog\/#website","url":"https:\/\/agenciainfra.com\/blog\/","name":"Ag\u00eancia iNFRA","description":"Multiplataforma de informa\u00e7\u00e3o jornal\u00edstica refer\u00eancia na \u00e1rea de infraestrutura no Brasil!","publisher":{"@id":"https:\/\/agenciainfra.com\/blog\/#organization"},"potentialAction":[{"@type":"SearchAction","target":{"@type":"EntryPoint","urlTemplate":"https:\/\/agenciainfra.com\/blog\/?s={search_term_string}"},"query-input":{"@type":"PropertyValueSpecification","valueRequired":true,"valueName":"search_term_string"}}],"inLanguage":"pt-BR"},{"@type":"Organization","@id":"https:\/\/agenciainfra.com\/blog\/#organization","name":"Ag\u00eancia iNFRA","url":"https:\/\/agenciainfra.com\/blog\/","logo":{"@type":"ImageObject","inLanguage":"pt-BR","@id":"https:\/\/agenciainfra.com\/blog\/#\/schema\/logo\/image\/","url":"https:\/\/agenciainfra.com\/blog\/wp-content\/uploads\/2023\/09\/iNFRA_5-e1761735885940.png","contentUrl":"https:\/\/agenciainfra.com\/blog\/wp-content\/uploads\/2023\/09\/iNFRA_5-e1761735885940.png","width":1672,"height":454,"caption":"Ag\u00eancia iNFRA"},"image":{"@id":"https:\/\/agenciainfra.com\/blog\/#\/schema\/logo\/image\/"},"sameAs":["https:\/\/www.facebook.com\/ageninfra","https:\/\/x.com\/agencia_infra","https:\/\/www.linkedin.com\/company\/ag\u00eanciainfra\/","https:\/\/www.instagram.com\/agenciainfra\/"]},{"@type":"Person","@id":"https:\/\/agenciainfra.com\/blog\/#\/schema\/person\/34af08dff6adea4cb22b06612ba7acfa","name":"Ag\u00eancia iNFRA","image":{"@type":"ImageObject","inLanguage":"pt-BR","@id":"https:\/\/agenciainfra.com\/blog\/#\/schema\/person\/image\/","url":"https:\/\/secure.gravatar.com\/avatar\/d189e01678f06d8eb84d4e01f08eb848b3fffe3f8443818d3c356c66892f5be8?s=96&d=mm&r=g","contentUrl":"https:\/\/secure.gravatar.com\/avatar\/d189e01678f06d8eb84d4e01f08eb848b3fffe3f8443818d3c356c66892f5be8?s=96&d=mm&r=g","caption":"Ag\u00eancia iNFRA"},"url":"https:\/\/agenciainfra.com\/blog\/author\/admin\/"}]}},"_links":{"self":[{"href":"https:\/\/agenciainfra.com\/blog\/wp-json\/wp\/v2\/posts\/31068","targetHints":{"allow":["GET"]}}],"collection":[{"href":"https:\/\/agenciainfra.com\/blog\/wp-json\/wp\/v2\/posts"}],"about":[{"href":"https:\/\/agenciainfra.com\/blog\/wp-json\/wp\/v2\/types\/post"}],"author":[{"embeddable":true,"href":"https:\/\/agenciainfra.com\/blog\/wp-json\/wp\/v2\/users\/1"}],"replies":[{"embeddable":true,"href":"https:\/\/agenciainfra.com\/blog\/wp-json\/wp\/v2\/comments?post=31068"}],"version-history":[{"count":1,"href":"https:\/\/agenciainfra.com\/blog\/wp-json\/wp\/v2\/posts\/31068\/revisions"}],"predecessor-version":[{"id":31070,"href":"https:\/\/agenciainfra.com\/blog\/wp-json\/wp\/v2\/posts\/31068\/revisions\/31070"}],"wp:featuredmedia":[{"embeddable":true,"href":"https:\/\/agenciainfra.com\/blog\/wp-json\/wp\/v2\/media\/31069"}],"wp:attachment":[{"href":"https:\/\/agenciainfra.com\/blog\/wp-json\/wp\/v2\/media?parent=31068"}],"wp:term":[{"taxonomy":"category","embeddable":true,"href":"https:\/\/agenciainfra.com\/blog\/wp-json\/wp\/v2\/categories?post=31068"},{"taxonomy":"post_tag","embeddable":true,"href":"https:\/\/agenciainfra.com\/blog\/wp-json\/wp\/v2\/tags?post=31068"}],"curies":[{"name":"wp","href":"https:\/\/api.w.org\/{rel}","templated":true}]}}