{"id":31071,"date":"2025-10-30T12:29:07","date_gmt":"2025-10-30T15:29:07","guid":{"rendered":"https:\/\/agenciainfra.com\/blog\/?p=31071"},"modified":"2025-10-30T18:22:32","modified_gmt":"2025-10-30T21:22:32","slug":"mp-1-304-braga-aceita-suprimir-contratacao-obrigatoria-de-termicas-a-gas","status":"publish","type":"post","link":"https:\/\/agenciainfra.com\/blog\/mp-1-304-braga-aceita-suprimir-contratacao-obrigatoria-de-termicas-a-gas\/","title":{"rendered":"MP 1.304: Braga aceita acordo e relat\u00f3rio \u00e9 aprovado; saiba o que mudou"},"content":{"rendered":"\n<p class=\"has-text-align-right\"><strong>Marisa Wanzeller e Geraldo Campos Jr., da Ag\u00eancia iNFRA<\/strong><\/p>\n\n\n\n<p>A comiss\u00e3o mista da <a href=\"https:\/\/www.congressonacional.leg.br\/materias\/medidas-provisorias\/-\/mpv\/169547\">MP (Medida Provis\u00f3ria) 1.304<\/a>, de reforma do setor el\u00e9trico, aprovou, nesta quinta-feira (30), o relat\u00f3rio do senador Eduardo Braga (MDB-AM), por 22 votos favor\u00e1veis e dois contr\u00e1rios. Inicialmente, o presidente do colegiado, deputado Fernando Coelho Filho (Uni\u00e3o-PE), colocou o tema para vota\u00e7\u00e3o simb\u00f3lica, mas houve protestos e a vota\u00e7\u00e3o passou a ser nominal.<\/p>\n\n\n\n<p>\u201cEu prometi ao presidente Hugo que entregaria [a MP votada] at\u00e9 13h. Mas o cronograma agora n\u00e3o \u00e9 mais meu, \u00e9 dele [\u2026] Vou comunicar a ele agora que a gente votou, a secretaria vai fazer a consolida\u00e7\u00e3o do texto, com as mudan\u00e7as, e a gente vai fazer a assinatura digital encaminhando para a C\u00e2mara\u201d, disse Coelho a jornalistas ap\u00f3s a conclus\u00e3o da vota\u00e7\u00e3o na comiss\u00e3o.<\/p>\n\n\n\n<p>O presidente da Casa, deputado Hugo Motta (Republicanos-PB), afirmou que a mat\u00e9ria ser\u00e1 votada ainda nesta quinta-feira (30) nos plen\u00e1rios da C\u00e2mara dos Deputados e do Senado Federal. Motta disse que o presidente do Senado, Davi Alcolumbre (Uni\u00e3o-AP), convocar\u00e1 sess\u00e3o para as 16h para votar a mat\u00e9ria.<\/p>\n\n\n\n<p><strong>Acordo<br><\/strong>Braga aceitou acordo proposto por l\u00edderes partid\u00e1rios para retirar a contrata\u00e7\u00e3o de t\u00e9rmicas a g\u00e1s natural do texto, desde que o tema seja tratado na aprecia\u00e7\u00e3o do veto do governo para as t\u00e9rmicas a g\u00e1s na Lei das E\u00f3licas Offshore. Al\u00e9m disso, ser\u00e1 mantida a extens\u00e3o dos contratos de t\u00e9rmicas a carv\u00e3o no relat\u00f3rio, o que prejudicar\u00e1 o veto do governo sobre o tema.<\/p>\n\n\n\n<p>O relator tamb\u00e9m concordou em atender pleito das PCHs (Pequenas Centrais Hidrel\u00e9tricas) sobre \u00edndices de infla\u00e7\u00e3o dos contratos e da autoprodu\u00e7\u00e3o. Um requerimento para rejeitar todos os destaques em bloco foi aprovado e os parlamentares passaram \u00e0 vota\u00e7\u00e3o do texto final. Agora, a mat\u00e9ria ser\u00e1 encaminhada aos plen\u00e1rios da C\u00e2mara e, posteriormente, do Senado.<\/p>\n\n\n\n<p>A sugest\u00e3o de acordo foi apresentada pelo l\u00edder do MDB na C\u00e2mara, deputado Isnaldo Bulh\u00f5es (MDB-AL), e o l\u00edder do governo no Congresso Nacional, senador Randolfe Rodrigues (PT-AP), durante a reuni\u00e3o. A proposta de suprimir a contrata\u00e7\u00e3o obrigat\u00f3ria de t\u00e9rmicas da Lei da Eletrobras, ou retirar a obrigatoriedade, al\u00e9m de atender pleitos das PCHs (Pequenas Centrais Hidrel\u00e9tricas) e da autoprodu\u00e7\u00e3o de energia, segundo eles, viabilizaria a vota\u00e7\u00e3o dos destaques em bloco.<\/p>\n\n\n\n<p>O in\u00edcio da reuni\u00e3o, que estava marcada para as 10h, atrasou em fun\u00e7\u00e3o das negocia\u00e7\u00f5es. Um pouco antes de abrirem a reuni\u00e3o, Braga, Coelho Filho, Randolfe e Bulh\u00f5es reuniram-se na sala ao lado do plen\u00e1rio da comiss\u00e3o, no Senado Federal, para negociar pontos do relat\u00f3rio.<\/p>\n\n\n\n<p><em>*Este texto foi atualizado nesta quinta-feira (30), \u00e0s 12h48 e \u00e0s 13h58, com as informa\u00e7\u00f5es do resultado da vota\u00e7\u00e3o da MP na comiss\u00e3o e da vota\u00e7\u00e3o nos plen\u00e1rios da C\u00e2mara e Senado no mesmo dia.<\/em><\/p>\n","protected":false},"excerpt":{"rendered":"<p>Marisa Wanzeller e Geraldo Campos Jr., da Ag\u00eancia iNFRA A comiss\u00e3o mista da MP (Medida Provis\u00f3ria) 1.304, de reforma do setor el\u00e9trico, aprovou, nesta quinta-feira (30), o relat\u00f3rio do senador Eduardo Braga (MDB-AM), por 22 votos favor\u00e1veis e dois contr\u00e1rios. Inicialmente, o presidente do colegiado, deputado Fernando Coelho Filho (Uni\u00e3o-PE), colocou o tema para vota\u00e7\u00e3o [&hellip;]<\/p>\n","protected":false},"author":1,"featured_media":31072,"comment_status":"closed","ping_status":"closed","sticky":false,"template":"","format":"standard","meta":{"_monsterinsights_skip_tracking":false,"_monsterinsights_sitenote_active":false,"_monsterinsights_sitenote_note":"","_monsterinsights_sitenote_category":0,"footnotes":""},"categories":[10],"tags":[11799,1252,1254,11594,16592,5365,7366,14378,11421,3048],"class_list":["post-31071","post","type-post","status-publish","format-standard","has-post-thumbnail","hentry","category-infraenergia","tag-contratacao-de-termicas","tag-eduardo-braga","tag-fernando-coelho-filho","tag-geraldo-campos-jr","tag-isnaldo-bulhoes","tag-lei-da-eletrobras","tag-marisa-wanzeller","tag-mp-1-304","tag-pchs","tag-randolfe-rodrigues"],"yoast_head":"<!-- This site is optimized with the Yoast SEO Premium plugin v25.4 (Yoast SEO v26.0) - https:\/\/yoast.com\/wordpress\/plugins\/seo\/ -->\n<title>MP 1.304: Braga aceita acordo e relat\u00f3rio \u00e9 aprovado; saiba o que mudou - Ag\u00eancia iNFRA<\/title>\n<meta name=\"robots\" content=\"index, follow, max-snippet:-1, max-image-preview:large, max-video-preview:-1\" \/>\n<link rel=\"canonical\" href=\"https:\/\/agenciainfra.com\/blog\/mp-1-304-braga-aceita-suprimir-contratacao-obrigatoria-de-termicas-a-gas\/\" \/>\n<meta property=\"og:locale\" content=\"pt_BR\" \/>\n<meta property=\"og:type\" content=\"article\" \/>\n<meta property=\"og:title\" content=\"MP 1.304: Braga aceita acordo e relat\u00f3rio \u00e9 aprovado; saiba o que mudou\" \/>\n<meta property=\"og:description\" content=\"Marisa Wanzeller e Geraldo Campos Jr., da Ag\u00eancia iNFRA A comiss\u00e3o mista da MP (Medida Provis\u00f3ria) 1.304, de reforma do setor el\u00e9trico, aprovou, nesta quinta-feira (30), o relat\u00f3rio do senador Eduardo Braga (MDB-AM), por 22 votos favor\u00e1veis e dois contr\u00e1rios. Inicialmente, o presidente do colegiado, deputado Fernando Coelho Filho (Uni\u00e3o-PE), colocou o tema para vota\u00e7\u00e3o [&hellip;]\" \/>\n<meta property=\"og:url\" content=\"https:\/\/agenciainfra.com\/blog\/mp-1-304-braga-aceita-suprimir-contratacao-obrigatoria-de-termicas-a-gas\/\" \/>\n<meta property=\"og:site_name\" content=\"Ag\u00eancia iNFRA\" \/>\n<meta property=\"article:publisher\" content=\"https:\/\/www.facebook.com\/ageninfra\" \/>\n<meta property=\"article:published_time\" content=\"2025-10-30T15:29:07+00:00\" \/>\n<meta property=\"article:modified_time\" content=\"2025-10-30T21:22:32+00:00\" \/>\n<meta property=\"og:image\" content=\"https:\/\/agenciainfra.com\/blog\/wp-content\/uploads\/2025\/10\/eduardo-braga-foto-waldemir-barreto-agencia-senado.jpg\" \/>\n\t<meta property=\"og:image:width\" content=\"1280\" \/>\n\t<meta property=\"og:image:height\" content=\"853\" \/>\n\t<meta property=\"og:image:type\" content=\"image\/jpeg\" \/>\n<meta name=\"author\" content=\"Ag\u00eancia iNFRA\" \/>\n<meta name=\"twitter:card\" content=\"summary_large_image\" \/>\n<meta name=\"twitter:creator\" content=\"@agencia_infra\" \/>\n<meta name=\"twitter:site\" content=\"@agencia_infra\" \/>\n<meta name=\"twitter:label1\" content=\"Escrito por\" \/>\n\t<meta name=\"twitter:data1\" content=\"Ag\u00eancia iNFRA\" \/>\n\t<meta name=\"twitter:label2\" content=\"Est. tempo de leitura\" \/>\n\t<meta name=\"twitter:data2\" content=\"3 minutos\" \/>\n<script type=\"application\/ld+json\" class=\"yoast-schema-graph\">{\"@context\":\"https:\/\/schema.org\",\"@graph\":[{\"@type\":\"Article\",\"@id\":\"https:\/\/agenciainfra.com\/blog\/mp-1-304-braga-aceita-suprimir-contratacao-obrigatoria-de-termicas-a-gas\/#article\",\"isPartOf\":{\"@id\":\"https:\/\/agenciainfra.com\/blog\/mp-1-304-braga-aceita-suprimir-contratacao-obrigatoria-de-termicas-a-gas\/\"},\"author\":{\"name\":\"Ag\u00eancia iNFRA\",\"@id\":\"https:\/\/agenciainfra.com\/blog\/#\/schema\/person\/34af08dff6adea4cb22b06612ba7acfa\"},\"headline\":\"MP 1.304: Braga aceita acordo e relat\u00f3rio \u00e9 aprovado; saiba o que mudou\",\"datePublished\":\"2025-10-30T15:29:07+00:00\",\"dateModified\":\"2025-10-30T21:22:32+00:00\",\"mainEntityOfPage\":{\"@id\":\"https:\/\/agenciainfra.com\/blog\/mp-1-304-braga-aceita-suprimir-contratacao-obrigatoria-de-termicas-a-gas\/\"},\"wordCount\":527,\"publisher\":{\"@id\":\"https:\/\/agenciainfra.com\/blog\/#organization\"},\"image\":{\"@id\":\"https:\/\/agenciainfra.com\/blog\/mp-1-304-braga-aceita-suprimir-contratacao-obrigatoria-de-termicas-a-gas\/#primaryimage\"},\"thumbnailUrl\":\"https:\/\/agenciainfra.com\/blog\/wp-content\/uploads\/2025\/10\/eduardo-braga-foto-waldemir-barreto-agencia-senado.jpg\",\"keywords\":[\"contrata\u00e7\u00e3o de t\u00e9rmicas\",\"Eduardo Braga\",\"Fernando Coelho Filho\",\"Geraldo Campos Jr.\",\"Isnaldo Bulh\u00f5es\",\"Lei da Eletrobras\",\"Marisa Wanzeller\",\"MP 1.304\",\"PCHs\",\"Randolfe Rodrigues\"],\"articleSection\":[\"iNFRAEnergia\"],\"inLanguage\":\"pt-BR\",\"copyrightYear\":\"2025\",\"copyrightHolder\":{\"@id\":\"https:\/\/agenciainfra.com\/blog\/#organization\"}},{\"@type\":\"WebPage\",\"@id\":\"https:\/\/agenciainfra.com\/blog\/mp-1-304-braga-aceita-suprimir-contratacao-obrigatoria-de-termicas-a-gas\/\",\"url\":\"https:\/\/agenciainfra.com\/blog\/mp-1-304-braga-aceita-suprimir-contratacao-obrigatoria-de-termicas-a-gas\/\",\"name\":\"MP 1.304: Braga aceita acordo e relat\u00f3rio \u00e9 aprovado; saiba o que mudou - Ag\u00eancia iNFRA\",\"isPartOf\":{\"@id\":\"https:\/\/agenciainfra.com\/blog\/#website\"},\"primaryImageOfPage\":{\"@id\":\"https:\/\/agenciainfra.com\/blog\/mp-1-304-braga-aceita-suprimir-contratacao-obrigatoria-de-termicas-a-gas\/#primaryimage\"},\"image\":{\"@id\":\"https:\/\/agenciainfra.com\/blog\/mp-1-304-braga-aceita-suprimir-contratacao-obrigatoria-de-termicas-a-gas\/#primaryimage\"},\"thumbnailUrl\":\"https:\/\/agenciainfra.com\/blog\/wp-content\/uploads\/2025\/10\/eduardo-braga-foto-waldemir-barreto-agencia-senado.jpg\",\"datePublished\":\"2025-10-30T15:29:07+00:00\",\"dateModified\":\"2025-10-30T21:22:32+00:00\",\"breadcrumb\":{\"@id\":\"https:\/\/agenciainfra.com\/blog\/mp-1-304-braga-aceita-suprimir-contratacao-obrigatoria-de-termicas-a-gas\/#breadcrumb\"},\"inLanguage\":\"pt-BR\",\"potentialAction\":[{\"@type\":\"ReadAction\",\"target\":[\"https:\/\/agenciainfra.com\/blog\/mp-1-304-braga-aceita-suprimir-contratacao-obrigatoria-de-termicas-a-gas\/\"]}]},{\"@type\":\"ImageObject\",\"inLanguage\":\"pt-BR\",\"@id\":\"https:\/\/agenciainfra.com\/blog\/mp-1-304-braga-aceita-suprimir-contratacao-obrigatoria-de-termicas-a-gas\/#primaryimage\",\"url\":\"https:\/\/agenciainfra.com\/blog\/wp-content\/uploads\/2025\/10\/eduardo-braga-foto-waldemir-barreto-agencia-senado.jpg\",\"contentUrl\":\"https:\/\/agenciainfra.com\/blog\/wp-content\/uploads\/2025\/10\/eduardo-braga-foto-waldemir-barreto-agencia-senado.jpg\",\"width\":1280,\"height\":853,\"caption\":\"Foto: Waldemir Barreto\/Ag\u00eancia Senado\"},{\"@type\":\"BreadcrumbList\",\"@id\":\"https:\/\/agenciainfra.com\/blog\/mp-1-304-braga-aceita-suprimir-contratacao-obrigatoria-de-termicas-a-gas\/#breadcrumb\",\"itemListElement\":[{\"@type\":\"ListItem\",\"position\":1,\"name\":\"In\u00edcio\",\"item\":\"https:\/\/agenciainfra.com\/blog\/\"},{\"@type\":\"ListItem\",\"position\":2,\"name\":\"MP 1.304: Braga aceita acordo e relat\u00f3rio \u00e9 aprovado; saiba o que mudou\"}]},{\"@type\":\"WebSite\",\"@id\":\"https:\/\/agenciainfra.com\/blog\/#website\",\"url\":\"https:\/\/agenciainfra.com\/blog\/\",\"name\":\"Ag\u00eancia iNFRA\",\"description\":\"Multiplataforma de informa\u00e7\u00e3o jornal\u00edstica refer\u00eancia na \u00e1rea de infraestrutura no Brasil!\",\"publisher\":{\"@id\":\"https:\/\/agenciainfra.com\/blog\/#organization\"},\"potentialAction\":[{\"@type\":\"SearchAction\",\"target\":{\"@type\":\"EntryPoint\",\"urlTemplate\":\"https:\/\/agenciainfra.com\/blog\/?s={search_term_string}\"},\"query-input\":{\"@type\":\"PropertyValueSpecification\",\"valueRequired\":true,\"valueName\":\"search_term_string\"}}],\"inLanguage\":\"pt-BR\"},{\"@type\":\"Organization\",\"@id\":\"https:\/\/agenciainfra.com\/blog\/#organization\",\"name\":\"Ag\u00eancia iNFRA\",\"url\":\"https:\/\/agenciainfra.com\/blog\/\",\"logo\":{\"@type\":\"ImageObject\",\"inLanguage\":\"pt-BR\",\"@id\":\"https:\/\/agenciainfra.com\/blog\/#\/schema\/logo\/image\/\",\"url\":\"https:\/\/agenciainfra.com\/blog\/wp-content\/uploads\/2023\/09\/iNFRA_5-e1761735885940.png\",\"contentUrl\":\"https:\/\/agenciainfra.com\/blog\/wp-content\/uploads\/2023\/09\/iNFRA_5-e1761735885940.png\",\"width\":1672,\"height\":454,\"caption\":\"Ag\u00eancia iNFRA\"},\"image\":{\"@id\":\"https:\/\/agenciainfra.com\/blog\/#\/schema\/logo\/image\/\"},\"sameAs\":[\"https:\/\/www.facebook.com\/ageninfra\",\"https:\/\/x.com\/agencia_infra\",\"https:\/\/www.linkedin.com\/company\/ag\u00eanciainfra\/\",\"https:\/\/www.instagram.com\/agenciainfra\/\"]},{\"@type\":\"Person\",\"@id\":\"https:\/\/agenciainfra.com\/blog\/#\/schema\/person\/34af08dff6adea4cb22b06612ba7acfa\",\"name\":\"Ag\u00eancia iNFRA\",\"image\":{\"@type\":\"ImageObject\",\"inLanguage\":\"pt-BR\",\"@id\":\"https:\/\/agenciainfra.com\/blog\/#\/schema\/person\/image\/\",\"url\":\"https:\/\/secure.gravatar.com\/avatar\/d189e01678f06d8eb84d4e01f08eb848b3fffe3f8443818d3c356c66892f5be8?s=96&d=mm&r=g\",\"contentUrl\":\"https:\/\/secure.gravatar.com\/avatar\/d189e01678f06d8eb84d4e01f08eb848b3fffe3f8443818d3c356c66892f5be8?s=96&d=mm&r=g\",\"caption\":\"Ag\u00eancia iNFRA\"},\"url\":\"https:\/\/agenciainfra.com\/blog\/author\/admin\/\"}]}<\/script>\n<!-- \/ Yoast SEO Premium plugin. -->","yoast_head_json":{"title":"MP 1.304: Braga aceita acordo e relat\u00f3rio \u00e9 aprovado; saiba o que mudou - Ag\u00eancia iNFRA","robots":{"index":"index","follow":"follow","max-snippet":"max-snippet:-1","max-image-preview":"max-image-preview:large","max-video-preview":"max-video-preview:-1"},"canonical":"https:\/\/agenciainfra.com\/blog\/mp-1-304-braga-aceita-suprimir-contratacao-obrigatoria-de-termicas-a-gas\/","og_locale":"pt_BR","og_type":"article","og_title":"MP 1.304: Braga aceita acordo e relat\u00f3rio \u00e9 aprovado; saiba o que mudou","og_description":"Marisa Wanzeller e Geraldo Campos Jr., da Ag\u00eancia iNFRA A comiss\u00e3o mista da MP (Medida Provis\u00f3ria) 1.304, de reforma do setor el\u00e9trico, aprovou, nesta quinta-feira (30), o relat\u00f3rio do senador Eduardo Braga (MDB-AM), por 22 votos favor\u00e1veis e dois contr\u00e1rios. Inicialmente, o presidente do colegiado, deputado Fernando Coelho Filho (Uni\u00e3o-PE), colocou o tema para vota\u00e7\u00e3o [&hellip;]","og_url":"https:\/\/agenciainfra.com\/blog\/mp-1-304-braga-aceita-suprimir-contratacao-obrigatoria-de-termicas-a-gas\/","og_site_name":"Ag\u00eancia iNFRA","article_publisher":"https:\/\/www.facebook.com\/ageninfra","article_published_time":"2025-10-30T15:29:07+00:00","article_modified_time":"2025-10-30T21:22:32+00:00","og_image":[{"width":1280,"height":853,"url":"https:\/\/agenciainfra.com\/blog\/wp-content\/uploads\/2025\/10\/eduardo-braga-foto-waldemir-barreto-agencia-senado.jpg","type":"image\/jpeg"}],"author":"Ag\u00eancia iNFRA","twitter_card":"summary_large_image","twitter_creator":"@agencia_infra","twitter_site":"@agencia_infra","twitter_misc":{"Escrito por":"Ag\u00eancia iNFRA","Est. tempo de leitura":"3 minutos"},"schema":{"@context":"https:\/\/schema.org","@graph":[{"@type":"Article","@id":"https:\/\/agenciainfra.com\/blog\/mp-1-304-braga-aceita-suprimir-contratacao-obrigatoria-de-termicas-a-gas\/#article","isPartOf":{"@id":"https:\/\/agenciainfra.com\/blog\/mp-1-304-braga-aceita-suprimir-contratacao-obrigatoria-de-termicas-a-gas\/"},"author":{"name":"Ag\u00eancia iNFRA","@id":"https:\/\/agenciainfra.com\/blog\/#\/schema\/person\/34af08dff6adea4cb22b06612ba7acfa"},"headline":"MP 1.304: Braga aceita acordo e relat\u00f3rio \u00e9 aprovado; saiba o que mudou","datePublished":"2025-10-30T15:29:07+00:00","dateModified":"2025-10-30T21:22:32+00:00","mainEntityOfPage":{"@id":"https:\/\/agenciainfra.com\/blog\/mp-1-304-braga-aceita-suprimir-contratacao-obrigatoria-de-termicas-a-gas\/"},"wordCount":527,"publisher":{"@id":"https:\/\/agenciainfra.com\/blog\/#organization"},"image":{"@id":"https:\/\/agenciainfra.com\/blog\/mp-1-304-braga-aceita-suprimir-contratacao-obrigatoria-de-termicas-a-gas\/#primaryimage"},"thumbnailUrl":"https:\/\/agenciainfra.com\/blog\/wp-content\/uploads\/2025\/10\/eduardo-braga-foto-waldemir-barreto-agencia-senado.jpg","keywords":["contrata\u00e7\u00e3o de t\u00e9rmicas","Eduardo Braga","Fernando Coelho Filho","Geraldo Campos Jr.","Isnaldo Bulh\u00f5es","Lei da Eletrobras","Marisa Wanzeller","MP 1.304","PCHs","Randolfe Rodrigues"],"articleSection":["iNFRAEnergia"],"inLanguage":"pt-BR","copyrightYear":"2025","copyrightHolder":{"@id":"https:\/\/agenciainfra.com\/blog\/#organization"}},{"@type":"WebPage","@id":"https:\/\/agenciainfra.com\/blog\/mp-1-304-braga-aceita-suprimir-contratacao-obrigatoria-de-termicas-a-gas\/","url":"https:\/\/agenciainfra.com\/blog\/mp-1-304-braga-aceita-suprimir-contratacao-obrigatoria-de-termicas-a-gas\/","name":"MP 1.304: Braga aceita acordo e relat\u00f3rio \u00e9 aprovado; saiba o que mudou - Ag\u00eancia iNFRA","isPartOf":{"@id":"https:\/\/agenciainfra.com\/blog\/#website"},"primaryImageOfPage":{"@id":"https:\/\/agenciainfra.com\/blog\/mp-1-304-braga-aceita-suprimir-contratacao-obrigatoria-de-termicas-a-gas\/#primaryimage"},"image":{"@id":"https:\/\/agenciainfra.com\/blog\/mp-1-304-braga-aceita-suprimir-contratacao-obrigatoria-de-termicas-a-gas\/#primaryimage"},"thumbnailUrl":"https:\/\/agenciainfra.com\/blog\/wp-content\/uploads\/2025\/10\/eduardo-braga-foto-waldemir-barreto-agencia-senado.jpg","datePublished":"2025-10-30T15:29:07+00:00","dateModified":"2025-10-30T21:22:32+00:00","breadcrumb":{"@id":"https:\/\/agenciainfra.com\/blog\/mp-1-304-braga-aceita-suprimir-contratacao-obrigatoria-de-termicas-a-gas\/#breadcrumb"},"inLanguage":"pt-BR","potentialAction":[{"@type":"ReadAction","target":["https:\/\/agenciainfra.com\/blog\/mp-1-304-braga-aceita-suprimir-contratacao-obrigatoria-de-termicas-a-gas\/"]}]},{"@type":"ImageObject","inLanguage":"pt-BR","@id":"https:\/\/agenciainfra.com\/blog\/mp-1-304-braga-aceita-suprimir-contratacao-obrigatoria-de-termicas-a-gas\/#primaryimage","url":"https:\/\/agenciainfra.com\/blog\/wp-content\/uploads\/2025\/10\/eduardo-braga-foto-waldemir-barreto-agencia-senado.jpg","contentUrl":"https:\/\/agenciainfra.com\/blog\/wp-content\/uploads\/2025\/10\/eduardo-braga-foto-waldemir-barreto-agencia-senado.jpg","width":1280,"height":853,"caption":"Foto: Waldemir Barreto\/Ag\u00eancia Senado"},{"@type":"BreadcrumbList","@id":"https:\/\/agenciainfra.com\/blog\/mp-1-304-braga-aceita-suprimir-contratacao-obrigatoria-de-termicas-a-gas\/#breadcrumb","itemListElement":[{"@type":"ListItem","position":1,"name":"In\u00edcio","item":"https:\/\/agenciainfra.com\/blog\/"},{"@type":"ListItem","position":2,"name":"MP 1.304: Braga aceita acordo e relat\u00f3rio \u00e9 aprovado; saiba o que mudou"}]},{"@type":"WebSite","@id":"https:\/\/agenciainfra.com\/blog\/#website","url":"https:\/\/agenciainfra.com\/blog\/","name":"Ag\u00eancia iNFRA","description":"Multiplataforma de informa\u00e7\u00e3o jornal\u00edstica refer\u00eancia na \u00e1rea de infraestrutura no Brasil!","publisher":{"@id":"https:\/\/agenciainfra.com\/blog\/#organization"},"potentialAction":[{"@type":"SearchAction","target":{"@type":"EntryPoint","urlTemplate":"https:\/\/agenciainfra.com\/blog\/?s={search_term_string}"},"query-input":{"@type":"PropertyValueSpecification","valueRequired":true,"valueName":"search_term_string"}}],"inLanguage":"pt-BR"},{"@type":"Organization","@id":"https:\/\/agenciainfra.com\/blog\/#organization","name":"Ag\u00eancia iNFRA","url":"https:\/\/agenciainfra.com\/blog\/","logo":{"@type":"ImageObject","inLanguage":"pt-BR","@id":"https:\/\/agenciainfra.com\/blog\/#\/schema\/logo\/image\/","url":"https:\/\/agenciainfra.com\/blog\/wp-content\/uploads\/2023\/09\/iNFRA_5-e1761735885940.png","contentUrl":"https:\/\/agenciainfra.com\/blog\/wp-content\/uploads\/2023\/09\/iNFRA_5-e1761735885940.png","width":1672,"height":454,"caption":"Ag\u00eancia iNFRA"},"image":{"@id":"https:\/\/agenciainfra.com\/blog\/#\/schema\/logo\/image\/"},"sameAs":["https:\/\/www.facebook.com\/ageninfra","https:\/\/x.com\/agencia_infra","https:\/\/www.linkedin.com\/company\/ag\u00eanciainfra\/","https:\/\/www.instagram.com\/agenciainfra\/"]},{"@type":"Person","@id":"https:\/\/agenciainfra.com\/blog\/#\/schema\/person\/34af08dff6adea4cb22b06612ba7acfa","name":"Ag\u00eancia iNFRA","image":{"@type":"ImageObject","inLanguage":"pt-BR","@id":"https:\/\/agenciainfra.com\/blog\/#\/schema\/person\/image\/","url":"https:\/\/secure.gravatar.com\/avatar\/d189e01678f06d8eb84d4e01f08eb848b3fffe3f8443818d3c356c66892f5be8?s=96&d=mm&r=g","contentUrl":"https:\/\/secure.gravatar.com\/avatar\/d189e01678f06d8eb84d4e01f08eb848b3fffe3f8443818d3c356c66892f5be8?s=96&d=mm&r=g","caption":"Ag\u00eancia iNFRA"},"url":"https:\/\/agenciainfra.com\/blog\/author\/admin\/"}]}},"_links":{"self":[{"href":"https:\/\/agenciainfra.com\/blog\/wp-json\/wp\/v2\/posts\/31071","targetHints":{"allow":["GET"]}}],"collection":[{"href":"https:\/\/agenciainfra.com\/blog\/wp-json\/wp\/v2\/posts"}],"about":[{"href":"https:\/\/agenciainfra.com\/blog\/wp-json\/wp\/v2\/types\/post"}],"author":[{"embeddable":true,"href":"https:\/\/agenciainfra.com\/blog\/wp-json\/wp\/v2\/users\/1"}],"replies":[{"embeddable":true,"href":"https:\/\/agenciainfra.com\/blog\/wp-json\/wp\/v2\/comments?post=31071"}],"version-history":[{"count":9,"href":"https:\/\/agenciainfra.com\/blog\/wp-json\/wp\/v2\/posts\/31071\/revisions"}],"predecessor-version":[{"id":31097,"href":"https:\/\/agenciainfra.com\/blog\/wp-json\/wp\/v2\/posts\/31071\/revisions\/31097"}],"wp:featuredmedia":[{"embeddable":true,"href":"https:\/\/agenciainfra.com\/blog\/wp-json\/wp\/v2\/media\/31072"}],"wp:attachment":[{"href":"https:\/\/agenciainfra.com\/blog\/wp-json\/wp\/v2\/media?parent=31071"}],"wp:term":[{"taxonomy":"category","embeddable":true,"href":"https:\/\/agenciainfra.com\/blog\/wp-json\/wp\/v2\/categories?post=31071"},{"taxonomy":"post_tag","embeddable":true,"href":"https:\/\/agenciainfra.com\/blog\/wp-json\/wp\/v2\/tags?post=31071"}],"curies":[{"name":"wp","href":"https:\/\/api.w.org\/{rel}","templated":true}]}}