{"id":31083,"date":"2025-10-30T14:00:00","date_gmt":"2025-10-30T17:00:00","guid":{"rendered":"https:\/\/agenciainfra.com\/blog\/?p=31083"},"modified":"2025-10-30T19:02:51","modified_gmt":"2025-10-30T22:02:51","slug":"ministerio-admite-que-leilao-do-tecon-santos-10-fica-para-2026","status":"publish","type":"post","link":"https:\/\/agenciainfra.com\/blog\/ministerio-admite-que-leilao-do-tecon-santos-10-fica-para-2026\/","title":{"rendered":"Minist\u00e9rio admite que leil\u00e3o do Tecon Santos 10 fica para 2026"},"content":{"rendered":"\n<p class=\"has-text-align-right\"><strong>Mar\u00edlia Sena, da Ag\u00eancia iNFRA<\/strong><\/p>\n\n\n\n<p>O MPor (Minist\u00e9rio de Portos e Aeroportos) j\u00e1 reconhece que o leil\u00e3o do Tecon Santos 10 pode escorregar para janeiro e n\u00e3o ocorrer mais em dezembro deste ano, como os dirigentes da pasta vinham informando at\u00e9 dias atr\u00e1s. \u00c0\u00a0<strong>Ag\u00eancia iNFRA,<\/strong>\u00a0o secret\u00e1rio nacional de Portos, Alex \u00c1vila, disse que o minist\u00e9rio vai continuar trabalhando para realizar o certame em 2025, mas reconheceu a dificuldade, tendo em vista que o caso ainda n\u00e3o foi julgado pelo TCU (Tribunal de Contas da Uni\u00e3o).\u00a0<br><br>A realiza\u00e7\u00e3o do certame em dezembro j\u00e1 era considerada desafiadora por integrantes do setor, antes mesmo de o governo enviar o processo para avalia\u00e7\u00e3o da corte de contas. O projeto chegou ao tribunal no fim de maio, quando come\u00e7ou a ser analisado pela \u00e1rea t\u00e9cnica. A AudPortoFerrovia j\u00e1 concluiu seu parecer, contr\u00e1rio ao modelo proposto de leil\u00e3o faseado \u2013 que pro\u00edbe empresas que j\u00e1 est\u00e3o no porto de participarem da licita\u00e7\u00e3o numa primeira etapa.<br><br>Apesar de prometer fazer o leil\u00e3o ainda neste ano, o MPor tamb\u00e9m chegou a pedir e ganhar mais prazo para se manifestar em resposta aos questionamentos da AudPortoFerrovia em setembro, alongando mais o per\u00edodo de an\u00e1lise do Tecon Santos 10 na corte.\u00a0<br><br>\u201cA gente trabalha com a previs\u00e3o para at\u00e9 o dia 15 de novembro\u201d, afirmou \u00c1vila em refer\u00eancia \u00e0 expectativa, otimista, de vota\u00e7\u00e3o pelo plen\u00e1rio da corte. A data tamb\u00e9m foi estimada nesta ter\u00e7a-feira (28) pelo ministro Silvio Costa Filho.<br><br>No momento, o caso est\u00e1 no MPTCU (Minist\u00e9rio P\u00fablico de Contas da Uni\u00e3o), que tamb\u00e9m dar\u00e1 seu parecer antes do relator, ministro Antonio Anastasia. Portanto, o processo ainda nem chegou ao gabinete do relator, que, pelos prazos dos processos de an\u00e1lise de desestatiza\u00e7\u00e3o do \u00f3rg\u00e3o, tem at\u00e9 60 dias para levar o caso ao plen\u00e1rio a partir do momento em que o projeto chegar \u00e0 sua mesa.\u00a0<br><br>Quando o relator terminar sua an\u00e1lise, ele apresenta a proposta para avalia\u00e7\u00e3o do plen\u00e1rio, que est\u00e1 em suas \u00faltimas sess\u00f5es do ano. H\u00e1 apenas mais cinco sess\u00f5es at\u00e9 o fim do ano, al\u00e9m de uma extraordin\u00e1ria, que j\u00e1 foi convocada. Nesses processos de grande interesse, \u00e9 comum que ministros pe\u00e7am vista para ampliar a an\u00e1lise.\u00a0<br><br>O modelo de leil\u00e3o proposto pela ANTAQ (Ag\u00eancia Nacional de Transportes Aquavi\u00e1rios) foi discutido em Bras\u00edlia, na tarde desta quarta-feira (29), durante o f\u00f3rum Brasil Export. Na plateia estavam representantes das principais empresas interessadas em participar do certame. A expectativa era de que os painelistas \u2013 o secret\u00e1rio Alex \u00c1vila e o diretor Alber Vasconcelos, da ANTAQ \u2013 apresentassem alguma justificativa jur\u00eddica para a restri\u00e7\u00e3o do leil\u00e3o.<br><br>Os representantes do poder p\u00fablico defenderam as medidas j\u00e1 apresentadas pelos \u00f3rg\u00e3os. Alber Vasconcelos lembrou que, caso o modelo seja aprovado pelo TCU, este n\u00e3o ser\u00e1 o primeiro leil\u00e3o com restri\u00e7\u00f5es realizado pelo governo federal. J\u00e1 \u00c1vila reiterou que o MPor tem apoiado a ag\u00eancia em suas an\u00e1lises. \u201cO nosso objetivo \u00e9 realizar o leil\u00e3o. Analisamos todo o estudo da ANTAQ e entendemos que o que est\u00e1 l\u00e1 \u00e9 coerente\u201d, afirmou.<br><br>O Tecon Santos 10 ser\u00e1 o principal investimento do governo federal no setor portu\u00e1rio. O volume do investimento no megaterminal de cont\u00eaineres est\u00e1 estimado em aproximadamente R$ 6,45 bilh\u00f5es, a serem aplicados ao longo de 25 anos de concess\u00e3o, com possibilidade de prorroga\u00e7\u00e3o por at\u00e9 70 anos. O montante tem como objetivo ampliar a capacidade de movimenta\u00e7\u00e3o de cargas do porto.<br><br>O investimento \u00e9 considerado um dos projetos mais estrat\u00e9gicos para o aumento da movimenta\u00e7\u00e3o de cont\u00eaineres no pa\u00eds. Localizado na margem direita do Porto de Santos, o terminal deve aliviar o gargalo log\u00edstico na regi\u00e3o de Santos, que j\u00e1 opera pr\u00f3ximo do limite em algumas \u00e1reas.<br><br>No entanto, o projeto se arrasta h\u00e1 mais de uma d\u00e9cada devido a problemas concorrenciais. Operadores portu\u00e1rios que n\u00e3o est\u00e3o presentes no porto defendem que as empresas que j\u00e1 tenham opera\u00e7\u00f5es de cont\u00eainer no porto tenham restri\u00e7\u00f5es para entrar na disputa, para evitar concentra\u00e7\u00e3o de mercado. As operadoras que est\u00e3o no porto defendem que h\u00e1 outras medidas que evitariam a concentra\u00e7\u00e3o e querem participar da disputa desde o in\u00edcio.<\/p>\n","protected":false},"excerpt":{"rendered":"<p>Mar\u00edlia Sena, da Ag\u00eancia iNFRA O MPor (Minist\u00e9rio de Portos e Aeroportos) j\u00e1 reconhece que o leil\u00e3o do Tecon Santos 10 pode escorregar para janeiro e n\u00e3o ocorrer mais em dezembro deste ano, como os dirigentes da pasta vinham informando at\u00e9 dias atr\u00e1s. \u00c0\u00a0Ag\u00eancia iNFRA,\u00a0o secret\u00e1rio nacional de Portos, Alex \u00c1vila, disse que o minist\u00e9rio [&hellip;]<\/p>\n","protected":false},"author":1,"featured_media":12836,"comment_status":"closed","ping_status":"closed","sticky":false,"template":"","format":"standard","meta":{"_monsterinsights_skip_tracking":false,"_monsterinsights_sitenote_active":false,"_monsterinsights_sitenote_note":"","_monsterinsights_sitenote_category":0,"footnotes":""},"categories":[7250,7],"tags":[6094,8958,3252,11654,6257,260,18,12474,1634],"class_list":["post-31083","post","type-post","status-publish","format-standard","has-post-thumbnail","hentry","category-destaque-lista","category-infratransporte","tag-alber-vasconcelos","tag-alex-avila","tag-antonio-anastasia","tag-marilia-sena","tag-ministerio-de-portos-e-aeroportos","tag-porto-de-santos","tag-tcu","tag-tecon-santos-10","tag-terminal-de-conteineres"],"yoast_head":"<!-- This site is optimized with the Yoast SEO Premium plugin v25.4 (Yoast SEO v26.0) - https:\/\/yoast.com\/wordpress\/plugins\/seo\/ -->\n<title>Minist\u00e9rio admite que leil\u00e3o do Tecon Santos 10 fica para 2026 - Ag\u00eancia iNFRA<\/title>\n<meta name=\"robots\" content=\"index, follow, max-snippet:-1, max-image-preview:large, max-video-preview:-1\" \/>\n<link rel=\"canonical\" href=\"https:\/\/agenciainfra.com\/blog\/ministerio-admite-que-leilao-do-tecon-santos-10-fica-para-2026\/\" \/>\n<meta property=\"og:locale\" content=\"pt_BR\" \/>\n<meta property=\"og:type\" content=\"article\" \/>\n<meta property=\"og:title\" content=\"Minist\u00e9rio admite que leil\u00e3o do Tecon Santos 10 fica para 2026\" \/>\n<meta property=\"og:description\" content=\"Mar\u00edlia Sena, da Ag\u00eancia iNFRA O MPor (Minist\u00e9rio de Portos e Aeroportos) j\u00e1 reconhece que o leil\u00e3o do Tecon Santos 10 pode escorregar para janeiro e n\u00e3o ocorrer mais em dezembro deste ano, como os dirigentes da pasta vinham informando at\u00e9 dias atr\u00e1s. \u00c0\u00a0Ag\u00eancia iNFRA,\u00a0o secret\u00e1rio nacional de Portos, Alex \u00c1vila, disse que o minist\u00e9rio [&hellip;]\" \/>\n<meta property=\"og:url\" content=\"https:\/\/agenciainfra.com\/blog\/ministerio-admite-que-leilao-do-tecon-santos-10-fica-para-2026\/\" \/>\n<meta property=\"og:site_name\" content=\"Ag\u00eancia iNFRA\" \/>\n<meta property=\"article:publisher\" content=\"https:\/\/www.facebook.com\/ageninfra\" \/>\n<meta property=\"article:published_time\" content=\"2025-10-30T17:00:00+00:00\" \/>\n<meta property=\"article:modified_time\" content=\"2025-10-30T22:02:51+00:00\" \/>\n<meta property=\"og:image\" content=\"https:\/\/agenciainfra.com\/blog\/wp-content\/uploads\/2023\/06\/porto-de-santos-foto-antaq.jpg\" \/>\n\t<meta property=\"og:image:width\" content=\"1202\" \/>\n\t<meta property=\"og:image:height\" content=\"747\" \/>\n\t<meta property=\"og:image:type\" content=\"image\/jpeg\" \/>\n<meta name=\"author\" content=\"Ag\u00eancia iNFRA\" \/>\n<meta name=\"twitter:card\" content=\"summary_large_image\" \/>\n<meta name=\"twitter:creator\" content=\"@agencia_infra\" \/>\n<meta name=\"twitter:site\" content=\"@agencia_infra\" \/>\n<meta name=\"twitter:label1\" content=\"Escrito por\" \/>\n\t<meta name=\"twitter:data1\" content=\"Ag\u00eancia iNFRA\" \/>\n\t<meta name=\"twitter:label2\" content=\"Est. tempo de leitura\" \/>\n\t<meta name=\"twitter:data2\" content=\"4 minutos\" \/>\n<script type=\"application\/ld+json\" class=\"yoast-schema-graph\">{\"@context\":\"https:\/\/schema.org\",\"@graph\":[{\"@type\":\"Article\",\"@id\":\"https:\/\/agenciainfra.com\/blog\/ministerio-admite-que-leilao-do-tecon-santos-10-fica-para-2026\/#article\",\"isPartOf\":{\"@id\":\"https:\/\/agenciainfra.com\/blog\/ministerio-admite-que-leilao-do-tecon-santos-10-fica-para-2026\/\"},\"author\":{\"name\":\"Ag\u00eancia iNFRA\",\"@id\":\"https:\/\/agenciainfra.com\/blog\/#\/schema\/person\/34af08dff6adea4cb22b06612ba7acfa\"},\"headline\":\"Minist\u00e9rio admite que leil\u00e3o do Tecon Santos 10 fica para 2026\",\"datePublished\":\"2025-10-30T17:00:00+00:00\",\"dateModified\":\"2025-10-30T22:02:51+00:00\",\"mainEntityOfPage\":{\"@id\":\"https:\/\/agenciainfra.com\/blog\/ministerio-admite-que-leilao-do-tecon-santos-10-fica-para-2026\/\"},\"wordCount\":756,\"publisher\":{\"@id\":\"https:\/\/agenciainfra.com\/blog\/#organization\"},\"image\":{\"@id\":\"https:\/\/agenciainfra.com\/blog\/ministerio-admite-que-leilao-do-tecon-santos-10-fica-para-2026\/#primaryimage\"},\"thumbnailUrl\":\"https:\/\/agenciainfra.com\/blog\/wp-content\/uploads\/2023\/06\/porto-de-santos-foto-antaq.jpg\",\"keywords\":[\"Alber Vasconcelos\",\"Alex \u00c1vila\",\"Antonio Anastasia\",\"Mar\u00edlia Sena\",\"Minist\u00e9rio de Portos e Aeroportos\",\"Porto de Santos\",\"TCU\",\"Tecon Santos 10\",\"terminal de cont\u00eaineres\"],\"articleSection\":[\"Destaque lista\",\"iNFRATransporte\"],\"inLanguage\":\"pt-BR\",\"copyrightYear\":\"2025\",\"copyrightHolder\":{\"@id\":\"https:\/\/agenciainfra.com\/blog\/#organization\"}},{\"@type\":\"WebPage\",\"@id\":\"https:\/\/agenciainfra.com\/blog\/ministerio-admite-que-leilao-do-tecon-santos-10-fica-para-2026\/\",\"url\":\"https:\/\/agenciainfra.com\/blog\/ministerio-admite-que-leilao-do-tecon-santos-10-fica-para-2026\/\",\"name\":\"Minist\u00e9rio admite que leil\u00e3o do Tecon Santos 10 fica para 2026 - Ag\u00eancia iNFRA\",\"isPartOf\":{\"@id\":\"https:\/\/agenciainfra.com\/blog\/#website\"},\"primaryImageOfPage\":{\"@id\":\"https:\/\/agenciainfra.com\/blog\/ministerio-admite-que-leilao-do-tecon-santos-10-fica-para-2026\/#primaryimage\"},\"image\":{\"@id\":\"https:\/\/agenciainfra.com\/blog\/ministerio-admite-que-leilao-do-tecon-santos-10-fica-para-2026\/#primaryimage\"},\"thumbnailUrl\":\"https:\/\/agenciainfra.com\/blog\/wp-content\/uploads\/2023\/06\/porto-de-santos-foto-antaq.jpg\",\"datePublished\":\"2025-10-30T17:00:00+00:00\",\"dateModified\":\"2025-10-30T22:02:51+00:00\",\"breadcrumb\":{\"@id\":\"https:\/\/agenciainfra.com\/blog\/ministerio-admite-que-leilao-do-tecon-santos-10-fica-para-2026\/#breadcrumb\"},\"inLanguage\":\"pt-BR\",\"potentialAction\":[{\"@type\":\"ReadAction\",\"target\":[\"https:\/\/agenciainfra.com\/blog\/ministerio-admite-que-leilao-do-tecon-santos-10-fica-para-2026\/\"]}]},{\"@type\":\"ImageObject\",\"inLanguage\":\"pt-BR\",\"@id\":\"https:\/\/agenciainfra.com\/blog\/ministerio-admite-que-leilao-do-tecon-santos-10-fica-para-2026\/#primaryimage\",\"url\":\"https:\/\/agenciainfra.com\/blog\/wp-content\/uploads\/2023\/06\/porto-de-santos-foto-antaq.jpg\",\"contentUrl\":\"https:\/\/agenciainfra.com\/blog\/wp-content\/uploads\/2023\/06\/porto-de-santos-foto-antaq.jpg\",\"width\":1202,\"height\":747,\"caption\":\"Foto: ANTAQ\"},{\"@type\":\"BreadcrumbList\",\"@id\":\"https:\/\/agenciainfra.com\/blog\/ministerio-admite-que-leilao-do-tecon-santos-10-fica-para-2026\/#breadcrumb\",\"itemListElement\":[{\"@type\":\"ListItem\",\"position\":1,\"name\":\"In\u00edcio\",\"item\":\"https:\/\/agenciainfra.com\/blog\/\"},{\"@type\":\"ListItem\",\"position\":2,\"name\":\"Minist\u00e9rio admite que leil\u00e3o do Tecon Santos 10 fica para 2026\"}]},{\"@type\":\"WebSite\",\"@id\":\"https:\/\/agenciainfra.com\/blog\/#website\",\"url\":\"https:\/\/agenciainfra.com\/blog\/\",\"name\":\"Ag\u00eancia iNFRA\",\"description\":\"Multiplataforma de informa\u00e7\u00e3o jornal\u00edstica refer\u00eancia na \u00e1rea de infraestrutura no Brasil!\",\"publisher\":{\"@id\":\"https:\/\/agenciainfra.com\/blog\/#organization\"},\"potentialAction\":[{\"@type\":\"SearchAction\",\"target\":{\"@type\":\"EntryPoint\",\"urlTemplate\":\"https:\/\/agenciainfra.com\/blog\/?s={search_term_string}\"},\"query-input\":{\"@type\":\"PropertyValueSpecification\",\"valueRequired\":true,\"valueName\":\"search_term_string\"}}],\"inLanguage\":\"pt-BR\"},{\"@type\":\"Organization\",\"@id\":\"https:\/\/agenciainfra.com\/blog\/#organization\",\"name\":\"Ag\u00eancia iNFRA\",\"url\":\"https:\/\/agenciainfra.com\/blog\/\",\"logo\":{\"@type\":\"ImageObject\",\"inLanguage\":\"pt-BR\",\"@id\":\"https:\/\/agenciainfra.com\/blog\/#\/schema\/logo\/image\/\",\"url\":\"https:\/\/agenciainfra.com\/blog\/wp-content\/uploads\/2023\/09\/iNFRA_5-e1761735885940.png\",\"contentUrl\":\"https:\/\/agenciainfra.com\/blog\/wp-content\/uploads\/2023\/09\/iNFRA_5-e1761735885940.png\",\"width\":1672,\"height\":454,\"caption\":\"Ag\u00eancia iNFRA\"},\"image\":{\"@id\":\"https:\/\/agenciainfra.com\/blog\/#\/schema\/logo\/image\/\"},\"sameAs\":[\"https:\/\/www.facebook.com\/ageninfra\",\"https:\/\/x.com\/agencia_infra\",\"https:\/\/www.linkedin.com\/company\/ag\u00eanciainfra\/\",\"https:\/\/www.instagram.com\/agenciainfra\/\"]},{\"@type\":\"Person\",\"@id\":\"https:\/\/agenciainfra.com\/blog\/#\/schema\/person\/34af08dff6adea4cb22b06612ba7acfa\",\"name\":\"Ag\u00eancia iNFRA\",\"image\":{\"@type\":\"ImageObject\",\"inLanguage\":\"pt-BR\",\"@id\":\"https:\/\/agenciainfra.com\/blog\/#\/schema\/person\/image\/\",\"url\":\"https:\/\/secure.gravatar.com\/avatar\/d189e01678f06d8eb84d4e01f08eb848b3fffe3f8443818d3c356c66892f5be8?s=96&d=mm&r=g\",\"contentUrl\":\"https:\/\/secure.gravatar.com\/avatar\/d189e01678f06d8eb84d4e01f08eb848b3fffe3f8443818d3c356c66892f5be8?s=96&d=mm&r=g\",\"caption\":\"Ag\u00eancia iNFRA\"},\"url\":\"https:\/\/agenciainfra.com\/blog\/author\/admin\/\"}]}<\/script>\n<!-- \/ Yoast SEO Premium plugin. -->","yoast_head_json":{"title":"Minist\u00e9rio admite que leil\u00e3o do Tecon Santos 10 fica para 2026 - Ag\u00eancia iNFRA","robots":{"index":"index","follow":"follow","max-snippet":"max-snippet:-1","max-image-preview":"max-image-preview:large","max-video-preview":"max-video-preview:-1"},"canonical":"https:\/\/agenciainfra.com\/blog\/ministerio-admite-que-leilao-do-tecon-santos-10-fica-para-2026\/","og_locale":"pt_BR","og_type":"article","og_title":"Minist\u00e9rio admite que leil\u00e3o do Tecon Santos 10 fica para 2026","og_description":"Mar\u00edlia Sena, da Ag\u00eancia iNFRA O MPor (Minist\u00e9rio de Portos e Aeroportos) j\u00e1 reconhece que o leil\u00e3o do Tecon Santos 10 pode escorregar para janeiro e n\u00e3o ocorrer mais em dezembro deste ano, como os dirigentes da pasta vinham informando at\u00e9 dias atr\u00e1s. \u00c0\u00a0Ag\u00eancia iNFRA,\u00a0o secret\u00e1rio nacional de Portos, Alex \u00c1vila, disse que o minist\u00e9rio [&hellip;]","og_url":"https:\/\/agenciainfra.com\/blog\/ministerio-admite-que-leilao-do-tecon-santos-10-fica-para-2026\/","og_site_name":"Ag\u00eancia iNFRA","article_publisher":"https:\/\/www.facebook.com\/ageninfra","article_published_time":"2025-10-30T17:00:00+00:00","article_modified_time":"2025-10-30T22:02:51+00:00","og_image":[{"width":1202,"height":747,"url":"https:\/\/agenciainfra.com\/blog\/wp-content\/uploads\/2023\/06\/porto-de-santos-foto-antaq.jpg","type":"image\/jpeg"}],"author":"Ag\u00eancia iNFRA","twitter_card":"summary_large_image","twitter_creator":"@agencia_infra","twitter_site":"@agencia_infra","twitter_misc":{"Escrito por":"Ag\u00eancia iNFRA","Est. tempo de leitura":"4 minutos"},"schema":{"@context":"https:\/\/schema.org","@graph":[{"@type":"Article","@id":"https:\/\/agenciainfra.com\/blog\/ministerio-admite-que-leilao-do-tecon-santos-10-fica-para-2026\/#article","isPartOf":{"@id":"https:\/\/agenciainfra.com\/blog\/ministerio-admite-que-leilao-do-tecon-santos-10-fica-para-2026\/"},"author":{"name":"Ag\u00eancia iNFRA","@id":"https:\/\/agenciainfra.com\/blog\/#\/schema\/person\/34af08dff6adea4cb22b06612ba7acfa"},"headline":"Minist\u00e9rio admite que leil\u00e3o do Tecon Santos 10 fica para 2026","datePublished":"2025-10-30T17:00:00+00:00","dateModified":"2025-10-30T22:02:51+00:00","mainEntityOfPage":{"@id":"https:\/\/agenciainfra.com\/blog\/ministerio-admite-que-leilao-do-tecon-santos-10-fica-para-2026\/"},"wordCount":756,"publisher":{"@id":"https:\/\/agenciainfra.com\/blog\/#organization"},"image":{"@id":"https:\/\/agenciainfra.com\/blog\/ministerio-admite-que-leilao-do-tecon-santos-10-fica-para-2026\/#primaryimage"},"thumbnailUrl":"https:\/\/agenciainfra.com\/blog\/wp-content\/uploads\/2023\/06\/porto-de-santos-foto-antaq.jpg","keywords":["Alber Vasconcelos","Alex \u00c1vila","Antonio Anastasia","Mar\u00edlia Sena","Minist\u00e9rio de Portos e Aeroportos","Porto de Santos","TCU","Tecon Santos 10","terminal de cont\u00eaineres"],"articleSection":["Destaque lista","iNFRATransporte"],"inLanguage":"pt-BR","copyrightYear":"2025","copyrightHolder":{"@id":"https:\/\/agenciainfra.com\/blog\/#organization"}},{"@type":"WebPage","@id":"https:\/\/agenciainfra.com\/blog\/ministerio-admite-que-leilao-do-tecon-santos-10-fica-para-2026\/","url":"https:\/\/agenciainfra.com\/blog\/ministerio-admite-que-leilao-do-tecon-santos-10-fica-para-2026\/","name":"Minist\u00e9rio admite que leil\u00e3o do Tecon Santos 10 fica para 2026 - Ag\u00eancia iNFRA","isPartOf":{"@id":"https:\/\/agenciainfra.com\/blog\/#website"},"primaryImageOfPage":{"@id":"https:\/\/agenciainfra.com\/blog\/ministerio-admite-que-leilao-do-tecon-santos-10-fica-para-2026\/#primaryimage"},"image":{"@id":"https:\/\/agenciainfra.com\/blog\/ministerio-admite-que-leilao-do-tecon-santos-10-fica-para-2026\/#primaryimage"},"thumbnailUrl":"https:\/\/agenciainfra.com\/blog\/wp-content\/uploads\/2023\/06\/porto-de-santos-foto-antaq.jpg","datePublished":"2025-10-30T17:00:00+00:00","dateModified":"2025-10-30T22:02:51+00:00","breadcrumb":{"@id":"https:\/\/agenciainfra.com\/blog\/ministerio-admite-que-leilao-do-tecon-santos-10-fica-para-2026\/#breadcrumb"},"inLanguage":"pt-BR","potentialAction":[{"@type":"ReadAction","target":["https:\/\/agenciainfra.com\/blog\/ministerio-admite-que-leilao-do-tecon-santos-10-fica-para-2026\/"]}]},{"@type":"ImageObject","inLanguage":"pt-BR","@id":"https:\/\/agenciainfra.com\/blog\/ministerio-admite-que-leilao-do-tecon-santos-10-fica-para-2026\/#primaryimage","url":"https:\/\/agenciainfra.com\/blog\/wp-content\/uploads\/2023\/06\/porto-de-santos-foto-antaq.jpg","contentUrl":"https:\/\/agenciainfra.com\/blog\/wp-content\/uploads\/2023\/06\/porto-de-santos-foto-antaq.jpg","width":1202,"height":747,"caption":"Foto: ANTAQ"},{"@type":"BreadcrumbList","@id":"https:\/\/agenciainfra.com\/blog\/ministerio-admite-que-leilao-do-tecon-santos-10-fica-para-2026\/#breadcrumb","itemListElement":[{"@type":"ListItem","position":1,"name":"In\u00edcio","item":"https:\/\/agenciainfra.com\/blog\/"},{"@type":"ListItem","position":2,"name":"Minist\u00e9rio admite que leil\u00e3o do Tecon Santos 10 fica para 2026"}]},{"@type":"WebSite","@id":"https:\/\/agenciainfra.com\/blog\/#website","url":"https:\/\/agenciainfra.com\/blog\/","name":"Ag\u00eancia iNFRA","description":"Multiplataforma de informa\u00e7\u00e3o jornal\u00edstica refer\u00eancia na \u00e1rea de infraestrutura no Brasil!","publisher":{"@id":"https:\/\/agenciainfra.com\/blog\/#organization"},"potentialAction":[{"@type":"SearchAction","target":{"@type":"EntryPoint","urlTemplate":"https:\/\/agenciainfra.com\/blog\/?s={search_term_string}"},"query-input":{"@type":"PropertyValueSpecification","valueRequired":true,"valueName":"search_term_string"}}],"inLanguage":"pt-BR"},{"@type":"Organization","@id":"https:\/\/agenciainfra.com\/blog\/#organization","name":"Ag\u00eancia iNFRA","url":"https:\/\/agenciainfra.com\/blog\/","logo":{"@type":"ImageObject","inLanguage":"pt-BR","@id":"https:\/\/agenciainfra.com\/blog\/#\/schema\/logo\/image\/","url":"https:\/\/agenciainfra.com\/blog\/wp-content\/uploads\/2023\/09\/iNFRA_5-e1761735885940.png","contentUrl":"https:\/\/agenciainfra.com\/blog\/wp-content\/uploads\/2023\/09\/iNFRA_5-e1761735885940.png","width":1672,"height":454,"caption":"Ag\u00eancia iNFRA"},"image":{"@id":"https:\/\/agenciainfra.com\/blog\/#\/schema\/logo\/image\/"},"sameAs":["https:\/\/www.facebook.com\/ageninfra","https:\/\/x.com\/agencia_infra","https:\/\/www.linkedin.com\/company\/ag\u00eanciainfra\/","https:\/\/www.instagram.com\/agenciainfra\/"]},{"@type":"Person","@id":"https:\/\/agenciainfra.com\/blog\/#\/schema\/person\/34af08dff6adea4cb22b06612ba7acfa","name":"Ag\u00eancia iNFRA","image":{"@type":"ImageObject","inLanguage":"pt-BR","@id":"https:\/\/agenciainfra.com\/blog\/#\/schema\/person\/image\/","url":"https:\/\/secure.gravatar.com\/avatar\/d189e01678f06d8eb84d4e01f08eb848b3fffe3f8443818d3c356c66892f5be8?s=96&d=mm&r=g","contentUrl":"https:\/\/secure.gravatar.com\/avatar\/d189e01678f06d8eb84d4e01f08eb848b3fffe3f8443818d3c356c66892f5be8?s=96&d=mm&r=g","caption":"Ag\u00eancia iNFRA"},"url":"https:\/\/agenciainfra.com\/blog\/author\/admin\/"}]}},"_links":{"self":[{"href":"https:\/\/agenciainfra.com\/blog\/wp-json\/wp\/v2\/posts\/31083","targetHints":{"allow":["GET"]}}],"collection":[{"href":"https:\/\/agenciainfra.com\/blog\/wp-json\/wp\/v2\/posts"}],"about":[{"href":"https:\/\/agenciainfra.com\/blog\/wp-json\/wp\/v2\/types\/post"}],"author":[{"embeddable":true,"href":"https:\/\/agenciainfra.com\/blog\/wp-json\/wp\/v2\/users\/1"}],"replies":[{"embeddable":true,"href":"https:\/\/agenciainfra.com\/blog\/wp-json\/wp\/v2\/comments?post=31083"}],"version-history":[{"count":1,"href":"https:\/\/agenciainfra.com\/blog\/wp-json\/wp\/v2\/posts\/31083\/revisions"}],"predecessor-version":[{"id":31084,"href":"https:\/\/agenciainfra.com\/blog\/wp-json\/wp\/v2\/posts\/31083\/revisions\/31084"}],"wp:featuredmedia":[{"embeddable":true,"href":"https:\/\/agenciainfra.com\/blog\/wp-json\/wp\/v2\/media\/12836"}],"wp:attachment":[{"href":"https:\/\/agenciainfra.com\/blog\/wp-json\/wp\/v2\/media?parent=31083"}],"wp:term":[{"taxonomy":"category","embeddable":true,"href":"https:\/\/agenciainfra.com\/blog\/wp-json\/wp\/v2\/categories?post=31083"},{"taxonomy":"post_tag","embeddable":true,"href":"https:\/\/agenciainfra.com\/blog\/wp-json\/wp\/v2\/tags?post=31083"}],"curies":[{"name":"wp","href":"https:\/\/api.w.org\/{rel}","templated":true}]}}