{"id":31087,"date":"2025-10-30T14:13:46","date_gmt":"2025-10-30T17:13:46","guid":{"rendered":"https:\/\/agenciainfra.com\/blog\/?p=31087"},"modified":"2025-10-31T08:05:44","modified_gmt":"2025-10-31T11:05:44","slug":"braga-diz-que-seus-ofensores-foram-identificados-e-serao-processados","status":"publish","type":"post","link":"https:\/\/agenciainfra.com\/blog\/braga-diz-que-seus-ofensores-foram-identificados-e-serao-processados\/","title":{"rendered":"Braga diz que seus ofensores foram identificados e ser\u00e3o processados"},"content":{"rendered":"\n<p class=\"has-text-align-right\"><strong>Geraldo Campos Jr., da Ag\u00eancia iNFRA<\/strong><\/p>\n\n\n\n<p>O senador Eduardo Braga (MDB-AM), relator da <a href=\"https:\/\/www.congressonacional.leg.br\/materias\/medidas-provisorias\/-\/mpv\/169547\">MP (Medida Provis\u00f3ria) 1.304<\/a>, afirmou nesta quinta-feira (30) que as pessoas que participaram da confus\u00e3o nesta quarta-feira (29) foram identificadas pelo Senado Federal e ser\u00e3o processadas.<\/p>\n\n\n\n<p>\u201cOntem fui surpreendido de maneira covarde por dois cidad\u00e3os que j\u00e1 est\u00e3o identificados e ser\u00e3o processados. Temos o nome da associa\u00e7\u00e3o que est\u00e1 por tr\u00e1s disso, o nome da pessoa por tr\u00e1s. Essas pessoas agiram n\u00e3o por interesse p\u00fablico, e sim por interesses pecuni\u00e1rios, interesse financeiro pr\u00f3prio\u201d, disse Braga na abertura da reuni\u00e3o da comiss\u00e3o mista.<\/p>\n\n\n\n<p>Nesta quinta (29), um of\u00edcio de apoio ao trabalho do relator foi entregue \u00e0 comiss\u00e3o, assinado por dezenas de entidades do setor de energia, segundo o senador. Entre as associa\u00e7\u00f5es, est\u00e3o:<\/p>\n\n\n\n<ul class=\"wp-block-list\">\n<li>ABCE (Associa\u00e7\u00e3o Brasileira de Companhias de Energia El\u00e9trica); <\/li>\n\n\n\n<li>ABCS (Associa\u00e7\u00e3o Brasileira do Carbono Sustent\u00e1vel); <\/li>\n\n\n\n<li>Abdan (Associa\u00e7\u00e3o Brasileira para o Desenvolvimento das Atividades Nucleares); <\/li>\n\n\n\n<li>Abiape (Associa\u00e7\u00e3o Brasileira dos Investidores em Autoprodu\u00e7\u00e3o de Energia); <\/li>\n\n\n\n<li>ABHIV (Associa\u00e7\u00e3o Brasileira da Ind\u00fastria do Hidrog\u00eanio Verde); <\/li>\n\n\n\n<li>ABiog\u00e1s (Associa\u00e7\u00e3o Brasileira do Biog\u00e1s); <\/li>\n\n\n\n<li>Absae (Associa\u00e7\u00e3o Brasileira de Armazenamento de Energia); <\/li>\n\n\n\n<li>Abrace Energia;<\/li>\n\n\n\n<li>Abraceel (Associa\u00e7\u00e3o Brasileira dos Comercializadores de Energia); <\/li>\n\n\n\n<li>Abrage (Associa\u00e7\u00e3o Brasileira das Empresas Geradoras de Energia El\u00e9trica); <\/li>\n\n\n\n<li>Abradee (Associa\u00e7\u00e3o Brasileira de Distribuidores de Energia El\u00e9trica); <\/li>\n\n\n\n<li>Abreget (Associa\u00e7\u00e3o Brasileira de Geradoras Termel\u00e9tricas); <\/li>\n\n\n\n<li>ABRAPCH (Associa\u00e7\u00e3o Brasileira de Pequenas Centrais Hidrel\u00e9tricas e Centrais Geradoras Hidrel\u00e9tricas);<\/li>\n\n\n\n<li>Abrate (Associa\u00e7\u00e3o Brasileira das Empresas de Transmiss\u00e3o de Energia El\u00e9trica); <\/li>\n\n\n\n<li>Abren (Associa\u00e7\u00e3o Brasileira de Energia de Res\u00edduos); <\/li>\n\n\n\n<li>Anace Energia; e <\/li>\n\n\n\n<li>Cogen (Associa\u00e7\u00e3o da Ind\u00fastria de Cogera\u00e7\u00e3o de Energia). <\/li>\n<\/ul>\n\n\n\n<p><\/p>\n\n\n\n<p>A Abradee, que representa as distribuidoras, disse em <a href=\"https:\/\/agenciainfra.com\/blog\/wp-content\/uploads\/2025\/10\/Carta_Abradee__Senador_Eduardo_Braga_-_Medida_Provisoria_1304_-_B24.CT2025-0119.pdf\">carta<\/a> que lamenta as agress\u00f5es proferidas ao senador ap\u00f3s a leitura do relat\u00f3rio. &#8220;N\u00e3o podemos permitir que o di\u00e1logo seja substitu\u00eddo por ataques pessoais ou pela dissemina\u00e7\u00e3o de desinforma\u00e7\u00e3o. O setor el\u00e9trico \u00e9 complexo e exige serenidade, conhecimento t\u00e9cnico e compromisso com o interesse coletivo&#8221;, destacou.<\/p>\n\n\n\n<p><\/p>\n","protected":false},"excerpt":{"rendered":"<p>Geraldo Campos Jr., da Ag\u00eancia iNFRA O senador Eduardo Braga (MDB-AM), relator da MP (Medida Provis\u00f3ria) 1.304, afirmou nesta quinta-feira (30) que as pessoas que participaram da confus\u00e3o nesta quarta-feira (29) foram identificadas pelo Senado Federal e ser\u00e3o processadas. \u201cOntem fui surpreendido de maneira covarde por dois cidad\u00e3os que j\u00e1 est\u00e3o identificados e ser\u00e3o processados. [&hellip;]<\/p>\n","protected":false},"author":1,"featured_media":31088,"comment_status":"closed","ping_status":"closed","sticky":false,"template":"","format":"standard","meta":{"_monsterinsights_skip_tracking":false,"_monsterinsights_sitenote_active":false,"_monsterinsights_sitenote_note":"","_monsterinsights_sitenote_category":0,"footnotes":""},"categories":[10],"tags":[13510,11594,14378,10710,4354],"class_list":["post-31087","post","type-post","status-publish","format-standard","has-post-thumbnail","hentry","category-infraenergia","tag-eduardo-braga-mdb-am","tag-geraldo-campos-jr","tag-mp-1-304","tag-reforma-do-setor-eletrico","tag-senado-federal"],"yoast_head":"<!-- This site is optimized with the Yoast SEO Premium plugin v25.4 (Yoast SEO v26.0) - https:\/\/yoast.com\/wordpress\/plugins\/seo\/ -->\n<title>Braga diz que seus ofensores foram identificados e ser\u00e3o processados - Ag\u00eancia iNFRA<\/title>\n<meta name=\"robots\" content=\"index, follow, max-snippet:-1, max-image-preview:large, max-video-preview:-1\" \/>\n<link rel=\"canonical\" href=\"https:\/\/agenciainfra.com\/blog\/braga-diz-que-seus-ofensores-foram-identificados-e-serao-processados\/\" \/>\n<meta property=\"og:locale\" content=\"pt_BR\" \/>\n<meta property=\"og:type\" content=\"article\" \/>\n<meta property=\"og:title\" content=\"Braga diz que seus ofensores foram identificados e ser\u00e3o processados\" \/>\n<meta property=\"og:description\" content=\"Geraldo Campos Jr., da Ag\u00eancia iNFRA O senador Eduardo Braga (MDB-AM), relator da MP (Medida Provis\u00f3ria) 1.304, afirmou nesta quinta-feira (30) que as pessoas que participaram da confus\u00e3o nesta quarta-feira (29) foram identificadas pelo Senado Federal e ser\u00e3o processadas. \u201cOntem fui surpreendido de maneira covarde por dois cidad\u00e3os que j\u00e1 est\u00e3o identificados e ser\u00e3o processados. [&hellip;]\" \/>\n<meta property=\"og:url\" content=\"https:\/\/agenciainfra.com\/blog\/braga-diz-que-seus-ofensores-foram-identificados-e-serao-processados\/\" \/>\n<meta property=\"og:site_name\" content=\"Ag\u00eancia iNFRA\" \/>\n<meta property=\"article:publisher\" content=\"https:\/\/www.facebook.com\/ageninfra\" \/>\n<meta property=\"article:published_time\" content=\"2025-10-30T17:13:46+00:00\" \/>\n<meta property=\"article:modified_time\" content=\"2025-10-31T11:05:44+00:00\" \/>\n<meta property=\"og:image\" content=\"https:\/\/agenciainfra.com\/blog\/wp-content\/uploads\/2025\/10\/Andressa-AnholeteAgencia-Senado.jpg\" \/>\n\t<meta property=\"og:image:width\" content=\"799\" \/>\n\t<meta property=\"og:image:height\" content=\"533\" \/>\n\t<meta property=\"og:image:type\" content=\"image\/jpeg\" \/>\n<meta name=\"author\" content=\"Ag\u00eancia iNFRA\" \/>\n<meta name=\"twitter:card\" content=\"summary_large_image\" \/>\n<meta name=\"twitter:creator\" content=\"@agencia_infra\" \/>\n<meta name=\"twitter:site\" content=\"@agencia_infra\" \/>\n<meta name=\"twitter:label1\" content=\"Escrito por\" \/>\n\t<meta name=\"twitter:data1\" content=\"Ag\u00eancia iNFRA\" \/>\n\t<meta name=\"twitter:label2\" content=\"Est. tempo de leitura\" \/>\n\t<meta name=\"twitter:data2\" content=\"2 minutos\" \/>\n<script type=\"application\/ld+json\" class=\"yoast-schema-graph\">{\"@context\":\"https:\/\/schema.org\",\"@graph\":[{\"@type\":\"Article\",\"@id\":\"https:\/\/agenciainfra.com\/blog\/braga-diz-que-seus-ofensores-foram-identificados-e-serao-processados\/#article\",\"isPartOf\":{\"@id\":\"https:\/\/agenciainfra.com\/blog\/braga-diz-que-seus-ofensores-foram-identificados-e-serao-processados\/\"},\"author\":{\"name\":\"Ag\u00eancia iNFRA\",\"@id\":\"https:\/\/agenciainfra.com\/blog\/#\/schema\/person\/34af08dff6adea4cb22b06612ba7acfa\"},\"headline\":\"Braga diz que seus ofensores foram identificados e ser\u00e3o processados\",\"datePublished\":\"2025-10-30T17:13:46+00:00\",\"dateModified\":\"2025-10-31T11:05:44+00:00\",\"mainEntityOfPage\":{\"@id\":\"https:\/\/agenciainfra.com\/blog\/braga-diz-que-seus-ofensores-foram-identificados-e-serao-processados\/\"},\"wordCount\":370,\"publisher\":{\"@id\":\"https:\/\/agenciainfra.com\/blog\/#organization\"},\"image\":{\"@id\":\"https:\/\/agenciainfra.com\/blog\/braga-diz-que-seus-ofensores-foram-identificados-e-serao-processados\/#primaryimage\"},\"thumbnailUrl\":\"https:\/\/agenciainfra.com\/blog\/wp-content\/uploads\/2025\/10\/Andressa-AnholeteAgencia-Senado.jpg\",\"keywords\":[\"Eduardo Braga (MDB-AM)\",\"Geraldo Campos Jr.\",\"MP 1.304\",\"Reforma do Setor El\u00e9trico\",\"Senado Federal\"],\"articleSection\":[\"iNFRAEnergia\"],\"inLanguage\":\"pt-BR\",\"copyrightYear\":\"2025\",\"copyrightHolder\":{\"@id\":\"https:\/\/agenciainfra.com\/blog\/#organization\"}},{\"@type\":\"WebPage\",\"@id\":\"https:\/\/agenciainfra.com\/blog\/braga-diz-que-seus-ofensores-foram-identificados-e-serao-processados\/\",\"url\":\"https:\/\/agenciainfra.com\/blog\/braga-diz-que-seus-ofensores-foram-identificados-e-serao-processados\/\",\"name\":\"Braga diz que seus ofensores foram identificados e ser\u00e3o processados - Ag\u00eancia iNFRA\",\"isPartOf\":{\"@id\":\"https:\/\/agenciainfra.com\/blog\/#website\"},\"primaryImageOfPage\":{\"@id\":\"https:\/\/agenciainfra.com\/blog\/braga-diz-que-seus-ofensores-foram-identificados-e-serao-processados\/#primaryimage\"},\"image\":{\"@id\":\"https:\/\/agenciainfra.com\/blog\/braga-diz-que-seus-ofensores-foram-identificados-e-serao-processados\/#primaryimage\"},\"thumbnailUrl\":\"https:\/\/agenciainfra.com\/blog\/wp-content\/uploads\/2025\/10\/Andressa-AnholeteAgencia-Senado.jpg\",\"datePublished\":\"2025-10-30T17:13:46+00:00\",\"dateModified\":\"2025-10-31T11:05:44+00:00\",\"breadcrumb\":{\"@id\":\"https:\/\/agenciainfra.com\/blog\/braga-diz-que-seus-ofensores-foram-identificados-e-serao-processados\/#breadcrumb\"},\"inLanguage\":\"pt-BR\",\"potentialAction\":[{\"@type\":\"ReadAction\",\"target\":[\"https:\/\/agenciainfra.com\/blog\/braga-diz-que-seus-ofensores-foram-identificados-e-serao-processados\/\"]}]},{\"@type\":\"ImageObject\",\"inLanguage\":\"pt-BR\",\"@id\":\"https:\/\/agenciainfra.com\/blog\/braga-diz-que-seus-ofensores-foram-identificados-e-serao-processados\/#primaryimage\",\"url\":\"https:\/\/agenciainfra.com\/blog\/wp-content\/uploads\/2025\/10\/Andressa-AnholeteAgencia-Senado.jpg\",\"contentUrl\":\"https:\/\/agenciainfra.com\/blog\/wp-content\/uploads\/2025\/10\/Andressa-AnholeteAgencia-Senado.jpg\",\"width\":799,\"height\":533,\"caption\":\"Foto: Andressa Anholete\/Ag\u00eancia Senado\"},{\"@type\":\"BreadcrumbList\",\"@id\":\"https:\/\/agenciainfra.com\/blog\/braga-diz-que-seus-ofensores-foram-identificados-e-serao-processados\/#breadcrumb\",\"itemListElement\":[{\"@type\":\"ListItem\",\"position\":1,\"name\":\"In\u00edcio\",\"item\":\"https:\/\/agenciainfra.com\/blog\/\"},{\"@type\":\"ListItem\",\"position\":2,\"name\":\"Braga diz que seus ofensores foram identificados e ser\u00e3o processados\"}]},{\"@type\":\"WebSite\",\"@id\":\"https:\/\/agenciainfra.com\/blog\/#website\",\"url\":\"https:\/\/agenciainfra.com\/blog\/\",\"name\":\"Ag\u00eancia iNFRA\",\"description\":\"Multiplataforma de informa\u00e7\u00e3o jornal\u00edstica refer\u00eancia na \u00e1rea de infraestrutura no Brasil!\",\"publisher\":{\"@id\":\"https:\/\/agenciainfra.com\/blog\/#organization\"},\"potentialAction\":[{\"@type\":\"SearchAction\",\"target\":{\"@type\":\"EntryPoint\",\"urlTemplate\":\"https:\/\/agenciainfra.com\/blog\/?s={search_term_string}\"},\"query-input\":{\"@type\":\"PropertyValueSpecification\",\"valueRequired\":true,\"valueName\":\"search_term_string\"}}],\"inLanguage\":\"pt-BR\"},{\"@type\":\"Organization\",\"@id\":\"https:\/\/agenciainfra.com\/blog\/#organization\",\"name\":\"Ag\u00eancia iNFRA\",\"url\":\"https:\/\/agenciainfra.com\/blog\/\",\"logo\":{\"@type\":\"ImageObject\",\"inLanguage\":\"pt-BR\",\"@id\":\"https:\/\/agenciainfra.com\/blog\/#\/schema\/logo\/image\/\",\"url\":\"https:\/\/agenciainfra.com\/blog\/wp-content\/uploads\/2023\/09\/iNFRA_5-e1761735885940.png\",\"contentUrl\":\"https:\/\/agenciainfra.com\/blog\/wp-content\/uploads\/2023\/09\/iNFRA_5-e1761735885940.png\",\"width\":1672,\"height\":454,\"caption\":\"Ag\u00eancia iNFRA\"},\"image\":{\"@id\":\"https:\/\/agenciainfra.com\/blog\/#\/schema\/logo\/image\/\"},\"sameAs\":[\"https:\/\/www.facebook.com\/ageninfra\",\"https:\/\/x.com\/agencia_infra\",\"https:\/\/www.linkedin.com\/company\/ag\u00eanciainfra\/\",\"https:\/\/www.instagram.com\/agenciainfra\/\"]},{\"@type\":\"Person\",\"@id\":\"https:\/\/agenciainfra.com\/blog\/#\/schema\/person\/34af08dff6adea4cb22b06612ba7acfa\",\"name\":\"Ag\u00eancia iNFRA\",\"image\":{\"@type\":\"ImageObject\",\"inLanguage\":\"pt-BR\",\"@id\":\"https:\/\/agenciainfra.com\/blog\/#\/schema\/person\/image\/\",\"url\":\"https:\/\/secure.gravatar.com\/avatar\/d189e01678f06d8eb84d4e01f08eb848b3fffe3f8443818d3c356c66892f5be8?s=96&d=mm&r=g\",\"contentUrl\":\"https:\/\/secure.gravatar.com\/avatar\/d189e01678f06d8eb84d4e01f08eb848b3fffe3f8443818d3c356c66892f5be8?s=96&d=mm&r=g\",\"caption\":\"Ag\u00eancia iNFRA\"},\"url\":\"https:\/\/agenciainfra.com\/blog\/author\/admin\/\"}]}<\/script>\n<!-- \/ Yoast SEO Premium plugin. -->","yoast_head_json":{"title":"Braga diz que seus ofensores foram identificados e ser\u00e3o processados - Ag\u00eancia iNFRA","robots":{"index":"index","follow":"follow","max-snippet":"max-snippet:-1","max-image-preview":"max-image-preview:large","max-video-preview":"max-video-preview:-1"},"canonical":"https:\/\/agenciainfra.com\/blog\/braga-diz-que-seus-ofensores-foram-identificados-e-serao-processados\/","og_locale":"pt_BR","og_type":"article","og_title":"Braga diz que seus ofensores foram identificados e ser\u00e3o processados","og_description":"Geraldo Campos Jr., da Ag\u00eancia iNFRA O senador Eduardo Braga (MDB-AM), relator da MP (Medida Provis\u00f3ria) 1.304, afirmou nesta quinta-feira (30) que as pessoas que participaram da confus\u00e3o nesta quarta-feira (29) foram identificadas pelo Senado Federal e ser\u00e3o processadas. \u201cOntem fui surpreendido de maneira covarde por dois cidad\u00e3os que j\u00e1 est\u00e3o identificados e ser\u00e3o processados. [&hellip;]","og_url":"https:\/\/agenciainfra.com\/blog\/braga-diz-que-seus-ofensores-foram-identificados-e-serao-processados\/","og_site_name":"Ag\u00eancia iNFRA","article_publisher":"https:\/\/www.facebook.com\/ageninfra","article_published_time":"2025-10-30T17:13:46+00:00","article_modified_time":"2025-10-31T11:05:44+00:00","og_image":[{"width":799,"height":533,"url":"https:\/\/agenciainfra.com\/blog\/wp-content\/uploads\/2025\/10\/Andressa-AnholeteAgencia-Senado.jpg","type":"image\/jpeg"}],"author":"Ag\u00eancia iNFRA","twitter_card":"summary_large_image","twitter_creator":"@agencia_infra","twitter_site":"@agencia_infra","twitter_misc":{"Escrito por":"Ag\u00eancia iNFRA","Est. tempo de leitura":"2 minutos"},"schema":{"@context":"https:\/\/schema.org","@graph":[{"@type":"Article","@id":"https:\/\/agenciainfra.com\/blog\/braga-diz-que-seus-ofensores-foram-identificados-e-serao-processados\/#article","isPartOf":{"@id":"https:\/\/agenciainfra.com\/blog\/braga-diz-que-seus-ofensores-foram-identificados-e-serao-processados\/"},"author":{"name":"Ag\u00eancia iNFRA","@id":"https:\/\/agenciainfra.com\/blog\/#\/schema\/person\/34af08dff6adea4cb22b06612ba7acfa"},"headline":"Braga diz que seus ofensores foram identificados e ser\u00e3o processados","datePublished":"2025-10-30T17:13:46+00:00","dateModified":"2025-10-31T11:05:44+00:00","mainEntityOfPage":{"@id":"https:\/\/agenciainfra.com\/blog\/braga-diz-que-seus-ofensores-foram-identificados-e-serao-processados\/"},"wordCount":370,"publisher":{"@id":"https:\/\/agenciainfra.com\/blog\/#organization"},"image":{"@id":"https:\/\/agenciainfra.com\/blog\/braga-diz-que-seus-ofensores-foram-identificados-e-serao-processados\/#primaryimage"},"thumbnailUrl":"https:\/\/agenciainfra.com\/blog\/wp-content\/uploads\/2025\/10\/Andressa-AnholeteAgencia-Senado.jpg","keywords":["Eduardo Braga (MDB-AM)","Geraldo Campos Jr.","MP 1.304","Reforma do Setor El\u00e9trico","Senado Federal"],"articleSection":["iNFRAEnergia"],"inLanguage":"pt-BR","copyrightYear":"2025","copyrightHolder":{"@id":"https:\/\/agenciainfra.com\/blog\/#organization"}},{"@type":"WebPage","@id":"https:\/\/agenciainfra.com\/blog\/braga-diz-que-seus-ofensores-foram-identificados-e-serao-processados\/","url":"https:\/\/agenciainfra.com\/blog\/braga-diz-que-seus-ofensores-foram-identificados-e-serao-processados\/","name":"Braga diz que seus ofensores foram identificados e ser\u00e3o processados - Ag\u00eancia iNFRA","isPartOf":{"@id":"https:\/\/agenciainfra.com\/blog\/#website"},"primaryImageOfPage":{"@id":"https:\/\/agenciainfra.com\/blog\/braga-diz-que-seus-ofensores-foram-identificados-e-serao-processados\/#primaryimage"},"image":{"@id":"https:\/\/agenciainfra.com\/blog\/braga-diz-que-seus-ofensores-foram-identificados-e-serao-processados\/#primaryimage"},"thumbnailUrl":"https:\/\/agenciainfra.com\/blog\/wp-content\/uploads\/2025\/10\/Andressa-AnholeteAgencia-Senado.jpg","datePublished":"2025-10-30T17:13:46+00:00","dateModified":"2025-10-31T11:05:44+00:00","breadcrumb":{"@id":"https:\/\/agenciainfra.com\/blog\/braga-diz-que-seus-ofensores-foram-identificados-e-serao-processados\/#breadcrumb"},"inLanguage":"pt-BR","potentialAction":[{"@type":"ReadAction","target":["https:\/\/agenciainfra.com\/blog\/braga-diz-que-seus-ofensores-foram-identificados-e-serao-processados\/"]}]},{"@type":"ImageObject","inLanguage":"pt-BR","@id":"https:\/\/agenciainfra.com\/blog\/braga-diz-que-seus-ofensores-foram-identificados-e-serao-processados\/#primaryimage","url":"https:\/\/agenciainfra.com\/blog\/wp-content\/uploads\/2025\/10\/Andressa-AnholeteAgencia-Senado.jpg","contentUrl":"https:\/\/agenciainfra.com\/blog\/wp-content\/uploads\/2025\/10\/Andressa-AnholeteAgencia-Senado.jpg","width":799,"height":533,"caption":"Foto: Andressa Anholete\/Ag\u00eancia Senado"},{"@type":"BreadcrumbList","@id":"https:\/\/agenciainfra.com\/blog\/braga-diz-que-seus-ofensores-foram-identificados-e-serao-processados\/#breadcrumb","itemListElement":[{"@type":"ListItem","position":1,"name":"In\u00edcio","item":"https:\/\/agenciainfra.com\/blog\/"},{"@type":"ListItem","position":2,"name":"Braga diz que seus ofensores foram identificados e ser\u00e3o processados"}]},{"@type":"WebSite","@id":"https:\/\/agenciainfra.com\/blog\/#website","url":"https:\/\/agenciainfra.com\/blog\/","name":"Ag\u00eancia iNFRA","description":"Multiplataforma de informa\u00e7\u00e3o jornal\u00edstica refer\u00eancia na \u00e1rea de infraestrutura no Brasil!","publisher":{"@id":"https:\/\/agenciainfra.com\/blog\/#organization"},"potentialAction":[{"@type":"SearchAction","target":{"@type":"EntryPoint","urlTemplate":"https:\/\/agenciainfra.com\/blog\/?s={search_term_string}"},"query-input":{"@type":"PropertyValueSpecification","valueRequired":true,"valueName":"search_term_string"}}],"inLanguage":"pt-BR"},{"@type":"Organization","@id":"https:\/\/agenciainfra.com\/blog\/#organization","name":"Ag\u00eancia iNFRA","url":"https:\/\/agenciainfra.com\/blog\/","logo":{"@type":"ImageObject","inLanguage":"pt-BR","@id":"https:\/\/agenciainfra.com\/blog\/#\/schema\/logo\/image\/","url":"https:\/\/agenciainfra.com\/blog\/wp-content\/uploads\/2023\/09\/iNFRA_5-e1761735885940.png","contentUrl":"https:\/\/agenciainfra.com\/blog\/wp-content\/uploads\/2023\/09\/iNFRA_5-e1761735885940.png","width":1672,"height":454,"caption":"Ag\u00eancia iNFRA"},"image":{"@id":"https:\/\/agenciainfra.com\/blog\/#\/schema\/logo\/image\/"},"sameAs":["https:\/\/www.facebook.com\/ageninfra","https:\/\/x.com\/agencia_infra","https:\/\/www.linkedin.com\/company\/ag\u00eanciainfra\/","https:\/\/www.instagram.com\/agenciainfra\/"]},{"@type":"Person","@id":"https:\/\/agenciainfra.com\/blog\/#\/schema\/person\/34af08dff6adea4cb22b06612ba7acfa","name":"Ag\u00eancia iNFRA","image":{"@type":"ImageObject","inLanguage":"pt-BR","@id":"https:\/\/agenciainfra.com\/blog\/#\/schema\/person\/image\/","url":"https:\/\/secure.gravatar.com\/avatar\/d189e01678f06d8eb84d4e01f08eb848b3fffe3f8443818d3c356c66892f5be8?s=96&d=mm&r=g","contentUrl":"https:\/\/secure.gravatar.com\/avatar\/d189e01678f06d8eb84d4e01f08eb848b3fffe3f8443818d3c356c66892f5be8?s=96&d=mm&r=g","caption":"Ag\u00eancia iNFRA"},"url":"https:\/\/agenciainfra.com\/blog\/author\/admin\/"}]}},"_links":{"self":[{"href":"https:\/\/agenciainfra.com\/blog\/wp-json\/wp\/v2\/posts\/31087","targetHints":{"allow":["GET"]}}],"collection":[{"href":"https:\/\/agenciainfra.com\/blog\/wp-json\/wp\/v2\/posts"}],"about":[{"href":"https:\/\/agenciainfra.com\/blog\/wp-json\/wp\/v2\/types\/post"}],"author":[{"embeddable":true,"href":"https:\/\/agenciainfra.com\/blog\/wp-json\/wp\/v2\/users\/1"}],"replies":[{"embeddable":true,"href":"https:\/\/agenciainfra.com\/blog\/wp-json\/wp\/v2\/comments?post=31087"}],"version-history":[{"count":4,"href":"https:\/\/agenciainfra.com\/blog\/wp-json\/wp\/v2\/posts\/31087\/revisions"}],"predecessor-version":[{"id":31160,"href":"https:\/\/agenciainfra.com\/blog\/wp-json\/wp\/v2\/posts\/31087\/revisions\/31160"}],"wp:featuredmedia":[{"embeddable":true,"href":"https:\/\/agenciainfra.com\/blog\/wp-json\/wp\/v2\/media\/31088"}],"wp:attachment":[{"href":"https:\/\/agenciainfra.com\/blog\/wp-json\/wp\/v2\/media?parent=31087"}],"wp:term":[{"taxonomy":"category","embeddable":true,"href":"https:\/\/agenciainfra.com\/blog\/wp-json\/wp\/v2\/categories?post=31087"},{"taxonomy":"post_tag","embeddable":true,"href":"https:\/\/agenciainfra.com\/blog\/wp-json\/wp\/v2\/tags?post=31087"}],"curies":[{"name":"wp","href":"https:\/\/api.w.org\/{rel}","templated":true}]}}