{"id":31099,"date":"2025-10-30T15:10:27","date_gmt":"2025-10-30T18:10:27","guid":{"rendered":"https:\/\/agenciainfra.com\/blog\/?p=31099"},"modified":"2025-10-31T10:25:30","modified_gmt":"2025-10-31T13:25:30","slug":"senado-aprova-mp-1304-sem-alteracoes-texto-vai-a-sancao","status":"publish","type":"post","link":"https:\/\/agenciainfra.com\/blog\/senado-aprova-mp-1304-sem-alteracoes-texto-vai-a-sancao\/","title":{"rendered":"Senado aprova MP 1.304 sem altera\u00e7\u00f5es; texto vai \u00e0 san\u00e7\u00e3o"},"content":{"rendered":"\n<p class=\"has-text-align-right\"><strong>Geraldo Campos Jr. e Marisa Wanzeller, da Ag\u00eancia iNFRA<\/strong><\/p>\n\n\n\n<p>O plen\u00e1rio do Senado Federal aprovou, nesta quinta-feira (30), a <a href=\"https:\/\/www.congressonacional.leg.br\/materias\/medidas-provisorias\/-\/mpv\/169547\">MP (Medida Provis\u00f3ria) 1.304<\/a>, em uma vota\u00e7\u00e3o r\u00e1pida e simb\u00f3lica, sem altera\u00e7\u00f5es no texto aprovado na C\u00e2mara. A mat\u00e9ria vai \u00e0 san\u00e7\u00e3o.<\/p>\n\n\n\n<p>Na C\u00e2mara dos Deputados, a MP foi deliberada, na tarde desta quinta-feira, tamb\u00e9m em uma vota\u00e7\u00e3o simb\u00f3lica e acelerada. A mat\u00e9ria foi aprovada nos termos do <a href=\"https:\/\/legis.senado.leg.br\/sdleg-getter\/documento?dm=10091990&amp;ts=1761846871664&amp;rendition_principal=S&amp;disposition=inline\">relat\u00f3rio final<\/a> do senador Eduardo Braga (MDB-AM), mas com duas altera\u00e7\u00f5es: a exclus\u00e3o do trecho sobre GD (Gera\u00e7\u00e3o Distribu\u00edda) e a inclus\u00e3o de compensa\u00e7\u00e3o dos cortes de gera\u00e7\u00e3o, conhecidos como curtailment.<\/p>\n\n\n\n<p>Por 233 votos contra 148, o plen\u00e1rio aprovou um destaque de supress\u00e3o do trecho sobre a GD no texto final. Desta forma, ser\u00e1 retirado da MP o artigo que estabelecia a cobran\u00e7a de R$ 20 a cada 100 kWh injetados para novos entrantes. <\/p>\n\n\n\n<p>Foram rejeitados sete destaques, que pediam a retirada de trechos como o da metodologia de c\u00e1lculo do PRP (Pre\u00e7o de Refer\u00eancia do Petr\u00f3leo) e a inclus\u00e3o de artigos para proibir os cortes de gera\u00e7\u00e3o da GD e para garantir a contrata\u00e7\u00e3o de energia e\u00f3lica no Sul. Sobre o trecho referente ao c\u00e1lculo do PRP, o l\u00edder do PL no Senado, senador Izalci Lucas (PL-DF), disse, ap\u00f3s a conclus\u00e3o da vota\u00e7\u00e3o no Senado, que houve acordo para que seja vetado pelo presidente Lula.<\/p>\n\n\n\n<p><strong>Curtailment<\/strong><br>A maior mudan\u00e7a foi na vota\u00e7\u00e3o final. Foi aprovada pelo plen\u00e1rio, de forma simb\u00f3lica, uma <a href=\"https:\/\/www.camara.leg.br\/proposicoesWeb\/prop_mostrarintegra?codteor=3035669&amp;filename=EMA%201%20=%3E%20MPV%201304\/2025\">emenda aglutinativa<\/a> que garante o ressarcimento para todos os cortes de gera\u00e7\u00e3o aos geradores e\u00f3licos e solares, exceto os causados por sobreoferta de energia. <\/p>\n\n\n\n<p>A compensa\u00e7\u00e3o ser\u00e1 paga pelo ESS (Encargos de Servi\u00e7o do Sistema), uma despesa que \u00e9 cobrada de todos os consumidores na conta de luz.<\/p>\n\n\n\n<p>A emenda estabelece o ressarcimento a partir de 1\u00ba de setembro de 2023, sendo que os geradores dever\u00e3o desistir de a\u00e7\u00f5es judiciais sobre o tema. O texto estabelece ainda que caber\u00e1 ao MME (Minist\u00e9rio de Minas e Energia) definir os termos do ressarcimento em at\u00e9 30 dias da entrada em vigor deste dispositivo.<\/p>\n\n\n\n<p><em>*Este texto foi atualizado nesta quinta-feira (30), \u00e0s 16h50, com complementa\u00e7\u00e3o de informa\u00e7\u00f5es e a aprova\u00e7\u00e3o da mat\u00e9ria no Senado Federal.<\/em><\/p>\n","protected":false},"excerpt":{"rendered":"<p>Geraldo Campos Jr. e Marisa Wanzeller, da Ag\u00eancia iNFRA O plen\u00e1rio do Senado Federal aprovou, nesta quinta-feira (30), a MP (Medida Provis\u00f3ria) 1.304, em uma vota\u00e7\u00e3o r\u00e1pida e simb\u00f3lica, sem altera\u00e7\u00f5es no texto aprovado na C\u00e2mara. A mat\u00e9ria vai \u00e0 san\u00e7\u00e3o. Na C\u00e2mara dos Deputados, a MP foi deliberada, na tarde desta quinta-feira, tamb\u00e9m em [&hellip;]<\/p>\n","protected":false},"author":1,"featured_media":9452,"comment_status":"closed","ping_status":"closed","sticky":false,"template":"","format":"standard","meta":{"_monsterinsights_skip_tracking":false,"_monsterinsights_sitenote_active":false,"_monsterinsights_sitenote_note":"","_monsterinsights_sitenote_category":0,"footnotes":""},"categories":[7250,10],"tags":[11799,11474,1228,1252,882,850,11594,3272,7366,14378,16603,16605],"class_list":["post-31099","post","type-post","status-publish","format-standard","has-post-thumbnail","hentry","category-destaque-lista","category-infraenergia","tag-contratacao-de-termicas","tag-curtailment","tag-davi-alcolumbre","tag-eduardo-braga","tag-gas-natural","tag-geracao-distribuida","tag-geraldo-campos-jr","tag-izalci-lucas","tag-marisa-wanzeller","tag-mp-1-304","tag-preco-de-referencia-do-petroleo","tag-termicas-a-carvao"],"yoast_head":"<!-- This site is optimized with the Yoast SEO Premium plugin v25.4 (Yoast SEO v26.0) - https:\/\/yoast.com\/wordpress\/plugins\/seo\/ -->\n<title>Senado aprova MP 1.304 sem altera\u00e7\u00f5es; texto vai \u00e0 san\u00e7\u00e3o - Ag\u00eancia iNFRA<\/title>\n<meta name=\"robots\" content=\"index, follow, max-snippet:-1, max-image-preview:large, max-video-preview:-1\" \/>\n<link rel=\"canonical\" href=\"https:\/\/agenciainfra.com\/blog\/senado-aprova-mp-1304-sem-alteracoes-texto-vai-a-sancao\/\" \/>\n<meta property=\"og:locale\" content=\"pt_BR\" \/>\n<meta property=\"og:type\" content=\"article\" \/>\n<meta property=\"og:title\" content=\"Senado aprova MP 1.304 sem altera\u00e7\u00f5es; texto vai \u00e0 san\u00e7\u00e3o\" \/>\n<meta property=\"og:description\" content=\"Geraldo Campos Jr. e Marisa Wanzeller, da Ag\u00eancia iNFRA O plen\u00e1rio do Senado Federal aprovou, nesta quinta-feira (30), a MP (Medida Provis\u00f3ria) 1.304, em uma vota\u00e7\u00e3o r\u00e1pida e simb\u00f3lica, sem altera\u00e7\u00f5es no texto aprovado na C\u00e2mara. A mat\u00e9ria vai \u00e0 san\u00e7\u00e3o. Na C\u00e2mara dos Deputados, a MP foi deliberada, na tarde desta quinta-feira, tamb\u00e9m em [&hellip;]\" \/>\n<meta property=\"og:url\" content=\"https:\/\/agenciainfra.com\/blog\/senado-aprova-mp-1304-sem-alteracoes-texto-vai-a-sancao\/\" \/>\n<meta property=\"og:site_name\" content=\"Ag\u00eancia iNFRA\" \/>\n<meta property=\"article:publisher\" content=\"https:\/\/www.facebook.com\/ageninfra\" \/>\n<meta property=\"article:published_time\" content=\"2025-10-30T18:10:27+00:00\" \/>\n<meta property=\"article:modified_time\" content=\"2025-10-31T13:25:30+00:00\" \/>\n<meta property=\"og:image\" content=\"https:\/\/agenciainfra.com\/blog\/wp-content\/uploads\/2022\/02\/congresso-foto-marcos-oliveira-agencia-senado.jpeg\" \/>\n\t<meta property=\"og:image:width\" content=\"1280\" \/>\n\t<meta property=\"og:image:height\" content=\"854\" \/>\n\t<meta property=\"og:image:type\" content=\"image\/jpeg\" \/>\n<meta name=\"author\" content=\"Ag\u00eancia iNFRA\" \/>\n<meta name=\"twitter:card\" content=\"summary_large_image\" \/>\n<meta name=\"twitter:creator\" content=\"@agencia_infra\" \/>\n<meta name=\"twitter:site\" content=\"@agencia_infra\" \/>\n<meta name=\"twitter:label1\" content=\"Escrito por\" \/>\n\t<meta name=\"twitter:data1\" content=\"Ag\u00eancia iNFRA\" \/>\n\t<meta name=\"twitter:label2\" content=\"Est. tempo de leitura\" \/>\n\t<meta name=\"twitter:data2\" content=\"2 minutos\" \/>\n<script type=\"application\/ld+json\" class=\"yoast-schema-graph\">{\"@context\":\"https:\/\/schema.org\",\"@graph\":[{\"@type\":\"Article\",\"@id\":\"https:\/\/agenciainfra.com\/blog\/senado-aprova-mp-1304-sem-alteracoes-texto-vai-a-sancao\/#article\",\"isPartOf\":{\"@id\":\"https:\/\/agenciainfra.com\/blog\/senado-aprova-mp-1304-sem-alteracoes-texto-vai-a-sancao\/\"},\"author\":{\"name\":\"Ag\u00eancia iNFRA\",\"@id\":\"https:\/\/agenciainfra.com\/blog\/#\/schema\/person\/34af08dff6adea4cb22b06612ba7acfa\"},\"headline\":\"Senado aprova MP 1.304 sem altera\u00e7\u00f5es; texto vai \u00e0 san\u00e7\u00e3o\",\"datePublished\":\"2025-10-30T18:10:27+00:00\",\"dateModified\":\"2025-10-31T13:25:30+00:00\",\"mainEntityOfPage\":{\"@id\":\"https:\/\/agenciainfra.com\/blog\/senado-aprova-mp-1304-sem-alteracoes-texto-vai-a-sancao\/\"},\"wordCount\":413,\"publisher\":{\"@id\":\"https:\/\/agenciainfra.com\/blog\/#organization\"},\"image\":{\"@id\":\"https:\/\/agenciainfra.com\/blog\/senado-aprova-mp-1304-sem-alteracoes-texto-vai-a-sancao\/#primaryimage\"},\"thumbnailUrl\":\"https:\/\/agenciainfra.com\/blog\/wp-content\/uploads\/2022\/02\/congresso-foto-marcos-oliveira-agencia-senado.jpeg\",\"keywords\":[\"contrata\u00e7\u00e3o de t\u00e9rmicas\",\"curtailment\",\"Davi Alcolumbre\",\"Eduardo Braga\",\"g\u00e1s natural\",\"gera\u00e7\u00e3o distribu\u00edda\",\"Geraldo Campos Jr.\",\"Izalci Lucas\",\"Marisa Wanzeller\",\"MP 1.304\",\"pre\u00e7o de refer\u00eancia do petr\u00f3leo\",\"t\u00e9rmicas a carv\u00e3o\"],\"articleSection\":[\"Destaque lista\",\"iNFRAEnergia\"],\"inLanguage\":\"pt-BR\",\"copyrightYear\":\"2025\",\"copyrightHolder\":{\"@id\":\"https:\/\/agenciainfra.com\/blog\/#organization\"}},{\"@type\":\"WebPage\",\"@id\":\"https:\/\/agenciainfra.com\/blog\/senado-aprova-mp-1304-sem-alteracoes-texto-vai-a-sancao\/\",\"url\":\"https:\/\/agenciainfra.com\/blog\/senado-aprova-mp-1304-sem-alteracoes-texto-vai-a-sancao\/\",\"name\":\"Senado aprova MP 1.304 sem altera\u00e7\u00f5es; texto vai \u00e0 san\u00e7\u00e3o - Ag\u00eancia iNFRA\",\"isPartOf\":{\"@id\":\"https:\/\/agenciainfra.com\/blog\/#website\"},\"primaryImageOfPage\":{\"@id\":\"https:\/\/agenciainfra.com\/blog\/senado-aprova-mp-1304-sem-alteracoes-texto-vai-a-sancao\/#primaryimage\"},\"image\":{\"@id\":\"https:\/\/agenciainfra.com\/blog\/senado-aprova-mp-1304-sem-alteracoes-texto-vai-a-sancao\/#primaryimage\"},\"thumbnailUrl\":\"https:\/\/agenciainfra.com\/blog\/wp-content\/uploads\/2022\/02\/congresso-foto-marcos-oliveira-agencia-senado.jpeg\",\"datePublished\":\"2025-10-30T18:10:27+00:00\",\"dateModified\":\"2025-10-31T13:25:30+00:00\",\"breadcrumb\":{\"@id\":\"https:\/\/agenciainfra.com\/blog\/senado-aprova-mp-1304-sem-alteracoes-texto-vai-a-sancao\/#breadcrumb\"},\"inLanguage\":\"pt-BR\",\"potentialAction\":[{\"@type\":\"ReadAction\",\"target\":[\"https:\/\/agenciainfra.com\/blog\/senado-aprova-mp-1304-sem-alteracoes-texto-vai-a-sancao\/\"]}]},{\"@type\":\"ImageObject\",\"inLanguage\":\"pt-BR\",\"@id\":\"https:\/\/agenciainfra.com\/blog\/senado-aprova-mp-1304-sem-alteracoes-texto-vai-a-sancao\/#primaryimage\",\"url\":\"https:\/\/agenciainfra.com\/blog\/wp-content\/uploads\/2022\/02\/congresso-foto-marcos-oliveira-agencia-senado.jpeg\",\"contentUrl\":\"https:\/\/agenciainfra.com\/blog\/wp-content\/uploads\/2022\/02\/congresso-foto-marcos-oliveira-agencia-senado.jpeg\",\"width\":1280,\"height\":854,\"caption\":\"Foto: Marcos Oliveira\/Ag\u00eancia Senado\"},{\"@type\":\"BreadcrumbList\",\"@id\":\"https:\/\/agenciainfra.com\/blog\/senado-aprova-mp-1304-sem-alteracoes-texto-vai-a-sancao\/#breadcrumb\",\"itemListElement\":[{\"@type\":\"ListItem\",\"position\":1,\"name\":\"In\u00edcio\",\"item\":\"https:\/\/agenciainfra.com\/blog\/\"},{\"@type\":\"ListItem\",\"position\":2,\"name\":\"Senado aprova MP 1.304 sem altera\u00e7\u00f5es; texto vai \u00e0 san\u00e7\u00e3o\"}]},{\"@type\":\"WebSite\",\"@id\":\"https:\/\/agenciainfra.com\/blog\/#website\",\"url\":\"https:\/\/agenciainfra.com\/blog\/\",\"name\":\"Ag\u00eancia iNFRA\",\"description\":\"Multiplataforma de informa\u00e7\u00e3o jornal\u00edstica refer\u00eancia na \u00e1rea de infraestrutura no Brasil!\",\"publisher\":{\"@id\":\"https:\/\/agenciainfra.com\/blog\/#organization\"},\"potentialAction\":[{\"@type\":\"SearchAction\",\"target\":{\"@type\":\"EntryPoint\",\"urlTemplate\":\"https:\/\/agenciainfra.com\/blog\/?s={search_term_string}\"},\"query-input\":{\"@type\":\"PropertyValueSpecification\",\"valueRequired\":true,\"valueName\":\"search_term_string\"}}],\"inLanguage\":\"pt-BR\"},{\"@type\":\"Organization\",\"@id\":\"https:\/\/agenciainfra.com\/blog\/#organization\",\"name\":\"Ag\u00eancia iNFRA\",\"url\":\"https:\/\/agenciainfra.com\/blog\/\",\"logo\":{\"@type\":\"ImageObject\",\"inLanguage\":\"pt-BR\",\"@id\":\"https:\/\/agenciainfra.com\/blog\/#\/schema\/logo\/image\/\",\"url\":\"https:\/\/agenciainfra.com\/blog\/wp-content\/uploads\/2023\/09\/iNFRA_5-e1761735885940.png\",\"contentUrl\":\"https:\/\/agenciainfra.com\/blog\/wp-content\/uploads\/2023\/09\/iNFRA_5-e1761735885940.png\",\"width\":1672,\"height\":454,\"caption\":\"Ag\u00eancia iNFRA\"},\"image\":{\"@id\":\"https:\/\/agenciainfra.com\/blog\/#\/schema\/logo\/image\/\"},\"sameAs\":[\"https:\/\/www.facebook.com\/ageninfra\",\"https:\/\/x.com\/agencia_infra\",\"https:\/\/www.linkedin.com\/company\/ag\u00eanciainfra\/\",\"https:\/\/www.instagram.com\/agenciainfra\/\"]},{\"@type\":\"Person\",\"@id\":\"https:\/\/agenciainfra.com\/blog\/#\/schema\/person\/34af08dff6adea4cb22b06612ba7acfa\",\"name\":\"Ag\u00eancia iNFRA\",\"image\":{\"@type\":\"ImageObject\",\"inLanguage\":\"pt-BR\",\"@id\":\"https:\/\/agenciainfra.com\/blog\/#\/schema\/person\/image\/\",\"url\":\"https:\/\/secure.gravatar.com\/avatar\/d189e01678f06d8eb84d4e01f08eb848b3fffe3f8443818d3c356c66892f5be8?s=96&d=mm&r=g\",\"contentUrl\":\"https:\/\/secure.gravatar.com\/avatar\/d189e01678f06d8eb84d4e01f08eb848b3fffe3f8443818d3c356c66892f5be8?s=96&d=mm&r=g\",\"caption\":\"Ag\u00eancia iNFRA\"},\"url\":\"https:\/\/agenciainfra.com\/blog\/author\/admin\/\"}]}<\/script>\n<!-- \/ Yoast SEO Premium plugin. -->","yoast_head_json":{"title":"Senado aprova MP 1.304 sem altera\u00e7\u00f5es; texto vai \u00e0 san\u00e7\u00e3o - Ag\u00eancia iNFRA","robots":{"index":"index","follow":"follow","max-snippet":"max-snippet:-1","max-image-preview":"max-image-preview:large","max-video-preview":"max-video-preview:-1"},"canonical":"https:\/\/agenciainfra.com\/blog\/senado-aprova-mp-1304-sem-alteracoes-texto-vai-a-sancao\/","og_locale":"pt_BR","og_type":"article","og_title":"Senado aprova MP 1.304 sem altera\u00e7\u00f5es; texto vai \u00e0 san\u00e7\u00e3o","og_description":"Geraldo Campos Jr. e Marisa Wanzeller, da Ag\u00eancia iNFRA O plen\u00e1rio do Senado Federal aprovou, nesta quinta-feira (30), a MP (Medida Provis\u00f3ria) 1.304, em uma vota\u00e7\u00e3o r\u00e1pida e simb\u00f3lica, sem altera\u00e7\u00f5es no texto aprovado na C\u00e2mara. A mat\u00e9ria vai \u00e0 san\u00e7\u00e3o. Na C\u00e2mara dos Deputados, a MP foi deliberada, na tarde desta quinta-feira, tamb\u00e9m em [&hellip;]","og_url":"https:\/\/agenciainfra.com\/blog\/senado-aprova-mp-1304-sem-alteracoes-texto-vai-a-sancao\/","og_site_name":"Ag\u00eancia iNFRA","article_publisher":"https:\/\/www.facebook.com\/ageninfra","article_published_time":"2025-10-30T18:10:27+00:00","article_modified_time":"2025-10-31T13:25:30+00:00","og_image":[{"width":1280,"height":854,"url":"https:\/\/agenciainfra.com\/blog\/wp-content\/uploads\/2022\/02\/congresso-foto-marcos-oliveira-agencia-senado.jpeg","type":"image\/jpeg"}],"author":"Ag\u00eancia iNFRA","twitter_card":"summary_large_image","twitter_creator":"@agencia_infra","twitter_site":"@agencia_infra","twitter_misc":{"Escrito por":"Ag\u00eancia iNFRA","Est. tempo de leitura":"2 minutos"},"schema":{"@context":"https:\/\/schema.org","@graph":[{"@type":"Article","@id":"https:\/\/agenciainfra.com\/blog\/senado-aprova-mp-1304-sem-alteracoes-texto-vai-a-sancao\/#article","isPartOf":{"@id":"https:\/\/agenciainfra.com\/blog\/senado-aprova-mp-1304-sem-alteracoes-texto-vai-a-sancao\/"},"author":{"name":"Ag\u00eancia iNFRA","@id":"https:\/\/agenciainfra.com\/blog\/#\/schema\/person\/34af08dff6adea4cb22b06612ba7acfa"},"headline":"Senado aprova MP 1.304 sem altera\u00e7\u00f5es; texto vai \u00e0 san\u00e7\u00e3o","datePublished":"2025-10-30T18:10:27+00:00","dateModified":"2025-10-31T13:25:30+00:00","mainEntityOfPage":{"@id":"https:\/\/agenciainfra.com\/blog\/senado-aprova-mp-1304-sem-alteracoes-texto-vai-a-sancao\/"},"wordCount":413,"publisher":{"@id":"https:\/\/agenciainfra.com\/blog\/#organization"},"image":{"@id":"https:\/\/agenciainfra.com\/blog\/senado-aprova-mp-1304-sem-alteracoes-texto-vai-a-sancao\/#primaryimage"},"thumbnailUrl":"https:\/\/agenciainfra.com\/blog\/wp-content\/uploads\/2022\/02\/congresso-foto-marcos-oliveira-agencia-senado.jpeg","keywords":["contrata\u00e7\u00e3o de t\u00e9rmicas","curtailment","Davi Alcolumbre","Eduardo Braga","g\u00e1s natural","gera\u00e7\u00e3o distribu\u00edda","Geraldo Campos Jr.","Izalci Lucas","Marisa Wanzeller","MP 1.304","pre\u00e7o de refer\u00eancia do petr\u00f3leo","t\u00e9rmicas a carv\u00e3o"],"articleSection":["Destaque lista","iNFRAEnergia"],"inLanguage":"pt-BR","copyrightYear":"2025","copyrightHolder":{"@id":"https:\/\/agenciainfra.com\/blog\/#organization"}},{"@type":"WebPage","@id":"https:\/\/agenciainfra.com\/blog\/senado-aprova-mp-1304-sem-alteracoes-texto-vai-a-sancao\/","url":"https:\/\/agenciainfra.com\/blog\/senado-aprova-mp-1304-sem-alteracoes-texto-vai-a-sancao\/","name":"Senado aprova MP 1.304 sem altera\u00e7\u00f5es; texto vai \u00e0 san\u00e7\u00e3o - Ag\u00eancia iNFRA","isPartOf":{"@id":"https:\/\/agenciainfra.com\/blog\/#website"},"primaryImageOfPage":{"@id":"https:\/\/agenciainfra.com\/blog\/senado-aprova-mp-1304-sem-alteracoes-texto-vai-a-sancao\/#primaryimage"},"image":{"@id":"https:\/\/agenciainfra.com\/blog\/senado-aprova-mp-1304-sem-alteracoes-texto-vai-a-sancao\/#primaryimage"},"thumbnailUrl":"https:\/\/agenciainfra.com\/blog\/wp-content\/uploads\/2022\/02\/congresso-foto-marcos-oliveira-agencia-senado.jpeg","datePublished":"2025-10-30T18:10:27+00:00","dateModified":"2025-10-31T13:25:30+00:00","breadcrumb":{"@id":"https:\/\/agenciainfra.com\/blog\/senado-aprova-mp-1304-sem-alteracoes-texto-vai-a-sancao\/#breadcrumb"},"inLanguage":"pt-BR","potentialAction":[{"@type":"ReadAction","target":["https:\/\/agenciainfra.com\/blog\/senado-aprova-mp-1304-sem-alteracoes-texto-vai-a-sancao\/"]}]},{"@type":"ImageObject","inLanguage":"pt-BR","@id":"https:\/\/agenciainfra.com\/blog\/senado-aprova-mp-1304-sem-alteracoes-texto-vai-a-sancao\/#primaryimage","url":"https:\/\/agenciainfra.com\/blog\/wp-content\/uploads\/2022\/02\/congresso-foto-marcos-oliveira-agencia-senado.jpeg","contentUrl":"https:\/\/agenciainfra.com\/blog\/wp-content\/uploads\/2022\/02\/congresso-foto-marcos-oliveira-agencia-senado.jpeg","width":1280,"height":854,"caption":"Foto: Marcos Oliveira\/Ag\u00eancia Senado"},{"@type":"BreadcrumbList","@id":"https:\/\/agenciainfra.com\/blog\/senado-aprova-mp-1304-sem-alteracoes-texto-vai-a-sancao\/#breadcrumb","itemListElement":[{"@type":"ListItem","position":1,"name":"In\u00edcio","item":"https:\/\/agenciainfra.com\/blog\/"},{"@type":"ListItem","position":2,"name":"Senado aprova MP 1.304 sem altera\u00e7\u00f5es; texto vai \u00e0 san\u00e7\u00e3o"}]},{"@type":"WebSite","@id":"https:\/\/agenciainfra.com\/blog\/#website","url":"https:\/\/agenciainfra.com\/blog\/","name":"Ag\u00eancia iNFRA","description":"Multiplataforma de informa\u00e7\u00e3o jornal\u00edstica refer\u00eancia na \u00e1rea de infraestrutura no Brasil!","publisher":{"@id":"https:\/\/agenciainfra.com\/blog\/#organization"},"potentialAction":[{"@type":"SearchAction","target":{"@type":"EntryPoint","urlTemplate":"https:\/\/agenciainfra.com\/blog\/?s={search_term_string}"},"query-input":{"@type":"PropertyValueSpecification","valueRequired":true,"valueName":"search_term_string"}}],"inLanguage":"pt-BR"},{"@type":"Organization","@id":"https:\/\/agenciainfra.com\/blog\/#organization","name":"Ag\u00eancia iNFRA","url":"https:\/\/agenciainfra.com\/blog\/","logo":{"@type":"ImageObject","inLanguage":"pt-BR","@id":"https:\/\/agenciainfra.com\/blog\/#\/schema\/logo\/image\/","url":"https:\/\/agenciainfra.com\/blog\/wp-content\/uploads\/2023\/09\/iNFRA_5-e1761735885940.png","contentUrl":"https:\/\/agenciainfra.com\/blog\/wp-content\/uploads\/2023\/09\/iNFRA_5-e1761735885940.png","width":1672,"height":454,"caption":"Ag\u00eancia iNFRA"},"image":{"@id":"https:\/\/agenciainfra.com\/blog\/#\/schema\/logo\/image\/"},"sameAs":["https:\/\/www.facebook.com\/ageninfra","https:\/\/x.com\/agencia_infra","https:\/\/www.linkedin.com\/company\/ag\u00eanciainfra\/","https:\/\/www.instagram.com\/agenciainfra\/"]},{"@type":"Person","@id":"https:\/\/agenciainfra.com\/blog\/#\/schema\/person\/34af08dff6adea4cb22b06612ba7acfa","name":"Ag\u00eancia iNFRA","image":{"@type":"ImageObject","inLanguage":"pt-BR","@id":"https:\/\/agenciainfra.com\/blog\/#\/schema\/person\/image\/","url":"https:\/\/secure.gravatar.com\/avatar\/d189e01678f06d8eb84d4e01f08eb848b3fffe3f8443818d3c356c66892f5be8?s=96&d=mm&r=g","contentUrl":"https:\/\/secure.gravatar.com\/avatar\/d189e01678f06d8eb84d4e01f08eb848b3fffe3f8443818d3c356c66892f5be8?s=96&d=mm&r=g","caption":"Ag\u00eancia iNFRA"},"url":"https:\/\/agenciainfra.com\/blog\/author\/admin\/"}]}},"_links":{"self":[{"href":"https:\/\/agenciainfra.com\/blog\/wp-json\/wp\/v2\/posts\/31099","targetHints":{"allow":["GET"]}}],"collection":[{"href":"https:\/\/agenciainfra.com\/blog\/wp-json\/wp\/v2\/posts"}],"about":[{"href":"https:\/\/agenciainfra.com\/blog\/wp-json\/wp\/v2\/types\/post"}],"author":[{"embeddable":true,"href":"https:\/\/agenciainfra.com\/blog\/wp-json\/wp\/v2\/users\/1"}],"replies":[{"embeddable":true,"href":"https:\/\/agenciainfra.com\/blog\/wp-json\/wp\/v2\/comments?post=31099"}],"version-history":[{"count":16,"href":"https:\/\/agenciainfra.com\/blog\/wp-json\/wp\/v2\/posts\/31099\/revisions"}],"predecessor-version":[{"id":31133,"href":"https:\/\/agenciainfra.com\/blog\/wp-json\/wp\/v2\/posts\/31099\/revisions\/31133"}],"wp:featuredmedia":[{"embeddable":true,"href":"https:\/\/agenciainfra.com\/blog\/wp-json\/wp\/v2\/media\/9452"}],"wp:attachment":[{"href":"https:\/\/agenciainfra.com\/blog\/wp-json\/wp\/v2\/media?parent=31099"}],"wp:term":[{"taxonomy":"category","embeddable":true,"href":"https:\/\/agenciainfra.com\/blog\/wp-json\/wp\/v2\/categories?post=31099"},{"taxonomy":"post_tag","embeddable":true,"href":"https:\/\/agenciainfra.com\/blog\/wp-json\/wp\/v2\/tags?post=31099"}],"curies":[{"name":"wp","href":"https:\/\/api.w.org\/{rel}","templated":true}]}}